{"id":2094,"date":"2017-06-22T11:08:11","date_gmt":"2017-06-22T09:08:11","guid":{"rendered":"https:\/\/www.organisator.ch\/?p=2094"},"modified":"2017-06-22T11:08:11","modified_gmt":"2017-06-22T09:08:11","slug":"equinix-erweitert-zuercher-datacenter-zh5-ausbau-geht-weiter","status":"publish","type":"post","link":"https:\/\/www.organisator.ch\/de\/management\/it\/2017-06-22\/equinix-erweitert-zuercher-datacenter-zh5-ausbau-geht-weiter\/","title":{"rendered":"Equinix erweitert Z\u00fcrcher Datacenter ZH5 &#8211; Ausbau geht weiter"},"content":{"rendered":"<figure id=\"attachment_2095\" aria-describedby=\"caption-attachment-2095\" style=\"width: 620px\" class=\"wp-caption alignnone\"><img loading=\"lazy\" decoding=\"async\" class=\"size-full wp-image-2095\" src=\"https:\/\/www.organisator.ch\/wp-content\/uploads\/2017\/06\/Equinix-erweitert-Zuercher-Datacenter-ZH5-Ausbau-geht-weiter_Organisator.jpg\" alt=\"\" width=\"620\" height=\"480\" srcset=\"https:\/\/www.organisator.ch\/wp-content\/uploads\/2017\/06\/Equinix-erweitert-Zuercher-Datacenter-ZH5-Ausbau-geht-weiter_Organisator.jpg 620w, https:\/\/www.organisator.ch\/wp-content\/uploads\/2017\/06\/Equinix-erweitert-Zuercher-Datacenter-ZH5-Ausbau-geht-weiter_Organisator-16x12.jpg 16w, https:\/\/www.organisator.ch\/wp-content\/uploads\/2017\/06\/Equinix-erweitert-Zuercher-Datacenter-ZH5-Ausbau-geht-weiter_Organisator-226x175.jpg 226w, https:\/\/www.organisator.ch\/wp-content\/uploads\/2017\/06\/Equinix-erweitert-Zuercher-Datacenter-ZH5-Ausbau-geht-weiter_Organisator-452x350.jpg 452w, https:\/\/www.organisator.ch\/wp-content\/uploads\/2017\/06\/Equinix-erweitert-Zuercher-Datacenter-ZH5-Ausbau-geht-weiter_Organisator-300x232.jpg 300w\" sizes=\"auto, (max-width: 620px) 100vw, 620px\" \/><figcaption id=\"caption-attachment-2095\" class=\"wp-caption-text\">Blick in das erweiterte Datacenter ZH5. (Bild: Equinix)<\/figcaption><\/figure>\n<p>Grosser Tag am 21. Juni 2017 in Oberengstringen vor den Toren Z\u00fcrichs: Equinix gibt den Abschluss der zweiten Erweiterungsphase des International Business Exchange \u2122 (IBX) Datacenter ZH5 bekannt. Durch die Erweiterung entstanden zus\u00e4tzliche 900 Quadratmeter Rechenzentrumsfl\u00e4che und 280 Cabinets im ZH5, um der st\u00e4ndig wachsenden Nachfrage nach Konnektivit\u00e4t und Co-Location gerecht zu werden. Equinix investierte rund USD 18 Mio. und unterstreicht damit sowohl sein Wachstum in der Schweiz als auch die Bedeutung der Region Z\u00fcrich als Wirtschaftsstandort. Da die Digitalisierung zu einem strategischen Gesch\u00e4ftsprinzip geworden ist, bietet Equinix Unternehmen eine direkte Anbindung an Netzwerkdienstleister sowie an internationale Cloud Service Provider wie Amazon, Microsoft Azure, Google und Softlayer. Aber auch f\u00fcr &#8222;kleinere&#8220; Kunden bietet Equinix seine Datacenter-Dienstleistungen an, etwa f\u00fcr solche, die eine private Cloud betreiben und dabei auf die hohen Datensicherheits-Standards in der Schweiz setzen wollen. &#8222;Wir sind gewissermassen die Enabler der Digitalisierung&#8220;, sagte Roger Semprini, Gesch\u00e4ftsf\u00fchrer Equinix Schweiz, anl\u00e4sslich einer Medienorientierung.<\/p>\n<p><strong>Neunutzung der ehemaligen Blumenb\u00f6rse<\/strong><\/p>\n<p>Das Datacenter ZH5 wurde im Jahr 2013 in der ehemaligen Blumenb\u00f6rse in Oberengstringen er\u00f6ffnet. Der Standort ist mit insgesamt rund 6\u2018670 Quadratmetern das im Endausbau gr\u00f6sste Rechenzentrum von Equinix im Raum Z\u00fcrich und beherbergt einen der wichtigsten Internet-Knoten in der Schweiz. Die Erweiterungsarbeiten begannen im Oktober 2016. Ausschlaggebend f\u00fcr den Ausbau war die hohe Nachfrage nach Rechenzentrumsfl\u00e4che und Interconnection durch die Finanzwelt, Cloud-Anbieter und den Telekommunikationsmarkt in diesem wichtigen Wirtschaftsraum.<\/p>\n<p>ZH5 ist \u00fcber eine Glasfaser-Ringleitung mit den anderen Equinix IBX Rechenzentren in Z\u00fcrich verbunden, um damit einen leistungsstarken und auf Interconnection ausgelegten Campus f\u00fcr die Grossregion zu schaffen. Insgesamt beherbergt Equinix in ihren Datacenters\u00a0\u00fcber 90 Netzwerkanbieter, mehr als 60 Cloud Service Provider, rund 40 Finanzunternehmen und jeweils mehr als 20 Content-Anbieter und Enterprise-Kunden an seinen Standorten in Z\u00fcrich. Will heissen: Nur dank solchen Datacenters funktionieren etwa\u00a0Streaming-Dienste wie Netflix oder auch die verschiedenen Social Media-Plattformen.<\/p>\n<p><strong>Weiterer Ausbau geplant<\/strong><\/p>\n<p>Z\u00fcrich ist ein wichtiges Interconnection- und Finanzzentrum in der Schweiz und zentral in Europa gelegen ist Z\u00fcrich ein wichtiger Standort, von welchem aus man in maximal 30 Millisekunden alle europ\u00e4ischen Destinationen erreicht. Roger Semprini erkl\u00e4rt: \u201eDie Schweiz im Herzen Europas ist ein Schl\u00fcsselmarkt f\u00fcr Equinix mit einer stetig steigenden Nachfrage nach Rechenzentrumsfl\u00e4che. Deshalb investieren wir kontinuierlich in unsere Standorte, um die Bed\u00fcrfnisse unserer Kunden in Bezug auf hochsichere und leistungsstarke Rechenzentren zu erf\u00fcllen. Equinix spielt eine wichtige Rolle bei der Unterst\u00fctzung von Unternehmen, ihre IT-Operationen durch die Interkonnektion von Personen, Standorten, Clouds und Daten zukunftssicher zu gestalten. Heute k\u00f6nnen wir den Abschluss der zweiten Erweiterungsphase im ZH5 IBX Rechenzentrum bekanntgeben \u2013 die n\u00e4chste Phase ist bereits geplant.&#8220;<\/p>\n<p><em>Weitere Informationen: <\/em><a href=\"http:\/\/www.equinix.ch\"><em>www.equinix.ch<\/em><\/a><\/p>\n<p>&nbsp;<\/p>\n","protected":false},"excerpt":{"rendered":"<p>Grosser Tag am 21. Juni 2017 in Oberengstringen vor den Toren Z\u00fcrichs: Equinix gibt den Abschluss der zweiten Erweiterungsphase des International Business Exchange \u2122 (IBX) Datacenter ZH5 bekannt. Durch die Erweiterung entstanden zus\u00e4tzliche 900 Quadratmeter Rechenzentrumsfl\u00e4che und 280 Cabinets im ZH5, um der st\u00e4ndig wachsenden Nachfrage nach Konnektivit\u00e4t und Co-Location gerecht zu werden. Equinix investierte [&hellip;]<\/p>\n","protected":false},"author":4,"featured_media":2095,"comment_status":"open","ping_status":"open","sticky":false,"template":"","format":"standard","meta":{"_acf_changed":false,"_yoast_wpseo_focuskw":"Datacenter","_yoast_wpseo_metadesc":"Investition von 18 Mio. USD f\u00fcr weitere 900 Quadratmeter Datacenter-Fl\u00e4che und 280 Cabinets am Standort Oberengstringen, um steigende Nachfrage zu decken.","articlekey":"","footnotes":""},"categories":[27],"tags":[156,286,492,508],"class_list":["post-2094","post","type-post","status-publish","format-standard","has-post-thumbnail","hentry","category-it","tag-digitalisierung","tag-it","tag-unternehmen","tag-vermischtes"],"acf":[],"yoast_head":"<!-- This site is optimized with the Yoast SEO plugin v27.5 - https:\/\/yoast.com\/product\/yoast-seo-wordpress\/ -->\n<title>Equinix erweitert Z\u00fcrcher Datacenter ZH5 - Ausbau geht weiter - Organisator<\/title>\n<meta name=\"description\" content=\"Investition von 18 Mio. USD f\u00fcr weitere 900 Quadratmeter Datacenter-Fl\u00e4che und 280 Cabinets am Standort Oberengstringen, um steigende Nachfrage zu decken.\" \/>\n<meta name=\"robots\" content=\"index, follow, max-snippet:-1, max-image-preview:large, max-video-preview:-1\" \/>\n<link rel=\"canonical\" href=\"https:\/\/www.organisator.ch\/de\/management\/it\/2017-06-22\/equinix-erweitert-zuercher-datacenter-zh5-ausbau-geht-weiter\/\" \/>\n<meta property=\"og:locale\" content=\"de_DE\" \/>\n<meta property=\"og:type\" content=\"article\" \/>\n<meta property=\"og:title\" content=\"Equinix erweitert Z\u00fcrcher Datacenter ZH5 - Ausbau geht weiter\" \/>\n<meta property=\"og:description\" content=\"Der globale Anbieter von #Interconnection- und #Rechenzentrumsdienstleistungen investiert 18 Mio. USD f\u00fcr weitere 900 Quadratmeter Rechenzentrumsfl\u00e4che und 280 Cabinets am Standort #Oberengstringen.\" \/>\n<meta property=\"og:url\" content=\"https:\/\/www.organisator.ch\/de\/management\/it\/2017-06-22\/equinix-erweitert-zuercher-datacenter-zh5-ausbau-geht-weiter\/\" \/>\n<meta property=\"og:site_name\" content=\"Organisator\" \/>\n<meta property=\"article:publisher\" content=\"https:\/\/www.facebook.com\/OrganisatorFachmagazin\" \/>\n<meta property=\"article:published_time\" content=\"2017-06-22T09:08:11+00:00\" \/>\n<meta property=\"og:image\" content=\"https:\/\/www.organisator.ch\/wp-content\/uploads\/2017\/06\/Equinix-erweitert-Zuercher-Datacenter-ZH5-Ausbau-geht-weiter_Organisator.jpg\" \/>\n\t<meta property=\"og:image:width\" content=\"620\" \/>\n\t<meta property=\"og:image:height\" content=\"480\" \/>\n\t<meta property=\"og:image:type\" content=\"image\/jpeg\" \/>\n<meta name=\"author\" content=\"thomas.berner\" \/>\n<meta name=\"twitter:card\" content=\"summary_large_image\" \/>\n<meta name=\"twitter:title\" content=\"#Equinix erweitert Z\u00fcrcher #Datacenter ZH5 - Ausbau geht weiter\" \/>\n<meta name=\"twitter:description\" content=\"Der globale Anbieter von #Interconnection- und #Rechenzentrumsdienstleistungen investiert 18 Mio. USD f\u00fcr weitere 900 Quadratmeter Rechenzentrumsfl\u00e4che und 280 Cabinets am Standort #Oberengstringen.\" \/>\n<meta name=\"twitter:image\" content=\"https:\/\/www.organisator.ch\/wp-content\/uploads\/2017\/06\/Equinix-erweitert-Z\u00fcrcher-Datacenter-ZH5-Ausbau-geht-weiter_Organisator.jpg\" \/>\n<script type=\"application\/ld+json\" class=\"yoast-schema-graph\">{\"@context\":\"https:\\\/\\\/schema.org\",\"@graph\":[{\"@type\":\"Article\",\"@id\":\"https:\\\/\\\/www.organisator.ch\\\/management\\\/it\\\/2017-06-22\\\/equinix-erweitert-zuercher-datacenter-zh5-ausbau-geht-weiter\\\/#article\",\"isPartOf\":{\"@id\":\"https:\\\/\\\/www.organisator.ch\\\/management\\\/it\\\/2017-06-22\\\/equinix-erweitert-zuercher-datacenter-zh5-ausbau-geht-weiter\\\/\"},\"author\":{\"name\":\"thomas.berner\",\"@id\":\"https:\\\/\\\/www.organisator.ch\\\/#\\\/schema\\\/person\\\/6f650f90b2842cd4c0cc334b4e36f67e\"},\"headline\":\"Equinix erweitert Z\u00fcrcher Datacenter ZH5 &#8211; Ausbau geht weiter\",\"datePublished\":\"2017-06-22T09:08:11+00:00\",\"mainEntityOfPage\":{\"@id\":\"https:\\\/\\\/www.organisator.ch\\\/management\\\/it\\\/2017-06-22\\\/equinix-erweitert-zuercher-datacenter-zh5-ausbau-geht-weiter\\\/\"},\"wordCount\":472,\"commentCount\":0,\"publisher\":{\"@id\":\"https:\\\/\\\/www.organisator.ch\\\/#organization\"},\"image\":{\"@id\":\"https:\\\/\\\/www.organisator.ch\\\/management\\\/it\\\/2017-06-22\\\/equinix-erweitert-zuercher-datacenter-zh5-ausbau-geht-weiter\\\/#primaryimage\"},\"thumbnailUrl\":\"https:\\\/\\\/www.organisator.ch\\\/wp-content\\\/uploads\\\/2017\\\/06\\\/Equinix-erweitert-Zuercher-Datacenter-ZH5-Ausbau-geht-weiter_Organisator.jpg\",\"keywords\":[\"Digitalisierung\",\"IT\",\"Unternehmen\",\"Vermischtes\"],\"articleSection\":[\"IT\"],\"inLanguage\":\"de\"},{\"@type\":\"WebPage\",\"@id\":\"https:\\\/\\\/www.organisator.ch\\\/management\\\/it\\\/2017-06-22\\\/equinix-erweitert-zuercher-datacenter-zh5-ausbau-geht-weiter\\\/\",\"url\":\"https:\\\/\\\/www.organisator.ch\\\/management\\\/it\\\/2017-06-22\\\/equinix-erweitert-zuercher-datacenter-zh5-ausbau-geht-weiter\\\/\",\"name\":\"Equinix erweitert Z\u00fcrcher Datacenter ZH5 - Ausbau geht weiter - Organisator\",\"isPartOf\":{\"@id\":\"https:\\\/\\\/www.organisator.ch\\\/#website\"},\"primaryImageOfPage\":{\"@id\":\"https:\\\/\\\/www.organisator.ch\\\/management\\\/it\\\/2017-06-22\\\/equinix-erweitert-zuercher-datacenter-zh5-ausbau-geht-weiter\\\/#primaryimage\"},\"image\":{\"@id\":\"https:\\\/\\\/www.organisator.ch\\\/management\\\/it\\\/2017-06-22\\\/equinix-erweitert-zuercher-datacenter-zh5-ausbau-geht-weiter\\\/#primaryimage\"},\"thumbnailUrl\":\"https:\\\/\\\/www.organisator.ch\\\/wp-content\\\/uploads\\\/2017\\\/06\\\/Equinix-erweitert-Zuercher-Datacenter-ZH5-Ausbau-geht-weiter_Organisator.jpg\",\"datePublished\":\"2017-06-22T09:08:11+00:00\",\"description\":\"Investition von 18 Mio. USD f\u00fcr weitere 900 Quadratmeter Datacenter-Fl\u00e4che und 280 Cabinets am Standort Oberengstringen, um steigende Nachfrage zu decken.\",\"breadcrumb\":{\"@id\":\"https:\\\/\\\/www.organisator.ch\\\/management\\\/it\\\/2017-06-22\\\/equinix-erweitert-zuercher-datacenter-zh5-ausbau-geht-weiter\\\/#breadcrumb\"},\"inLanguage\":\"de\",\"potentialAction\":[{\"@type\":\"ReadAction\",\"target\":[\"https:\\\/\\\/www.organisator.ch\\\/management\\\/it\\\/2017-06-22\\\/equinix-erweitert-zuercher-datacenter-zh5-ausbau-geht-weiter\\\/\"]}]},{\"@type\":\"ImageObject\",\"inLanguage\":\"de\",\"@id\":\"https:\\\/\\\/www.organisator.ch\\\/management\\\/it\\\/2017-06-22\\\/equinix-erweitert-zuercher-datacenter-zh5-ausbau-geht-weiter\\\/#primaryimage\",\"url\":\"https:\\\/\\\/www.organisator.ch\\\/wp-content\\\/uploads\\\/2017\\\/06\\\/Equinix-erweitert-Zuercher-Datacenter-ZH5-Ausbau-geht-weiter_Organisator.jpg\",\"contentUrl\":\"https:\\\/\\\/www.organisator.ch\\\/wp-content\\\/uploads\\\/2017\\\/06\\\/Equinix-erweitert-Zuercher-Datacenter-ZH5-Ausbau-geht-weiter_Organisator.jpg\",\"width\":620,\"height\":480,\"caption\":\"Blick in das erweiterte Datacenter ZH5. (Bild: Equinix)\"},{\"@type\":\"BreadcrumbList\",\"@id\":\"https:\\\/\\\/www.organisator.ch\\\/management\\\/it\\\/2017-06-22\\\/equinix-erweitert-zuercher-datacenter-zh5-ausbau-geht-weiter\\\/#breadcrumb\",\"itemListElement\":[{\"@type\":\"ListItem\",\"position\":1,\"name\":\"Home\",\"item\":\"https:\\\/\\\/www.organisator.ch\\\/\"},{\"@type\":\"ListItem\",\"position\":2,\"name\":\"Equinix erweitert Z\u00fcrcher Datacenter ZH5 &#8211; Ausbau geht weiter\"}]},{\"@type\":\"WebSite\",\"@id\":\"https:\\\/\\\/www.organisator.ch\\\/#website\",\"url\":\"https:\\\/\\\/www.organisator.ch\\\/\",\"name\":\"Organisator\",\"description\":\"Kompetent. Praxisnah. Der ORGANISATOR bereitet in 10 Ausgaben pro Jahr die wesentlichen Themen f\u00fcr F\u00fchrungskr\u00e4fte von KMU auf.\",\"publisher\":{\"@id\":\"https:\\\/\\\/www.organisator.ch\\\/#organization\"},\"potentialAction\":[{\"@type\":\"SearchAction\",\"target\":{\"@type\":\"EntryPoint\",\"urlTemplate\":\"https:\\\/\\\/www.organisator.ch\\\/?s={search_term_string}\"},\"query-input\":{\"@type\":\"PropertyValueSpecification\",\"valueRequired\":true,\"valueName\":\"search_term_string\"}}],\"inLanguage\":\"de\"},{\"@type\":\"Organization\",\"@id\":\"https:\\\/\\\/www.organisator.ch\\\/#organization\",\"name\":\"Organisator\",\"url\":\"https:\\\/\\\/www.organisator.ch\\\/\",\"logo\":{\"@type\":\"ImageObject\",\"inLanguage\":\"de\",\"@id\":\"https:\\\/\\\/www.organisator.ch\\\/#\\\/schema\\\/logo\\\/image\\\/\",\"url\":\"https:\\\/\\\/www.organisator.ch\\\/wp-content\\\/uploads\\\/2022\\\/01\\\/Logo_Organisator_Website.png\",\"contentUrl\":\"https:\\\/\\\/www.organisator.ch\\\/wp-content\\\/uploads\\\/2022\\\/01\\\/Logo_Organisator_Website.png\",\"width\":800,\"height\":77,\"caption\":\"Organisator\"},\"image\":{\"@id\":\"https:\\\/\\\/www.organisator.ch\\\/#\\\/schema\\\/logo\\\/image\\\/\"},\"sameAs\":[\"https:\\\/\\\/www.facebook.com\\\/OrganisatorFachmagazin\",\"https:\\\/\\\/www.linkedin.com\\\/showcase\\\/organisator-das-magazin-fr-kmu\",\"https:\\\/\\\/www.xing.com\\\/news\\\/pages\\\/organisator-ch-695\",\"https:\\\/\\\/www.youtube.com\\\/channel\\\/UCGP2Sq0iWaZwT3BdIAQFYpw\"]},{\"@type\":\"Person\",\"@id\":\"https:\\\/\\\/www.organisator.ch\\\/#\\\/schema\\\/person\\\/6f650f90b2842cd4c0cc334b4e36f67e\",\"name\":\"thomas.berner\",\"image\":{\"@type\":\"ImageObject\",\"inLanguage\":\"de\",\"@id\":\"https:\\\/\\\/secure.gravatar.com\\\/avatar\\\/ac5001d2a36cb6c6cd3e50789007ffca834b477b74a2144564522e944eabff61?s=96&d=mm&r=g\",\"url\":\"https:\\\/\\\/secure.gravatar.com\\\/avatar\\\/ac5001d2a36cb6c6cd3e50789007ffca834b477b74a2144564522e944eabff61?s=96&d=mm&r=g\",\"contentUrl\":\"https:\\\/\\\/secure.gravatar.com\\\/avatar\\\/ac5001d2a36cb6c6cd3e50789007ffca834b477b74a2144564522e944eabff61?s=96&d=mm&r=g\",\"caption\":\"thomas.berner\"},\"url\":\"https:\\\/\\\/www.organisator.ch\\\/de\\\/author\\\/thomas-berner\\\/\"}]}<\/script>\n<!-- \/ Yoast SEO plugin. -->","yoast_head_json":{"title":"Equinix erweitert Z\u00fcrcher Datacenter ZH5 - Ausbau geht weiter - Organisator","description":"Investition von 18 Mio. USD f\u00fcr weitere 900 Quadratmeter Datacenter-Fl\u00e4che und 280 Cabinets am Standort Oberengstringen, um steigende Nachfrage zu decken.","robots":{"index":"index","follow":"follow","max-snippet":"max-snippet:-1","max-image-preview":"max-image-preview:large","max-video-preview":"max-video-preview:-1"},"canonical":"https:\/\/www.organisator.ch\/de\/management\/it\/2017-06-22\/equinix-erweitert-zuercher-datacenter-zh5-ausbau-geht-weiter\/","og_locale":"de_DE","og_type":"article","og_title":"Equinix erweitert Z\u00fcrcher Datacenter ZH5 - Ausbau geht weiter","og_description":"Der globale Anbieter von #Interconnection- und #Rechenzentrumsdienstleistungen investiert 18 Mio. USD f\u00fcr weitere 900 Quadratmeter Rechenzentrumsfl\u00e4che und 280 Cabinets am Standort #Oberengstringen.","og_url":"https:\/\/www.organisator.ch\/de\/management\/it\/2017-06-22\/equinix-erweitert-zuercher-datacenter-zh5-ausbau-geht-weiter\/","og_site_name":"Organisator","article_publisher":"https:\/\/www.facebook.com\/OrganisatorFachmagazin","article_published_time":"2017-06-22T09:08:11+00:00","og_image":[{"width":620,"height":480,"url":"https:\/\/www.organisator.ch\/wp-content\/uploads\/2017\/06\/Equinix-erweitert-Zuercher-Datacenter-ZH5-Ausbau-geht-weiter_Organisator.jpg","type":"image\/jpeg"}],"author":"thomas.berner","twitter_card":"summary_large_image","twitter_title":"#Equinix erweitert Z\u00fcrcher #Datacenter ZH5 - Ausbau geht weiter","twitter_description":"Der globale Anbieter von #Interconnection- und #Rechenzentrumsdienstleistungen investiert 18 Mio. USD f\u00fcr weitere 900 Quadratmeter Rechenzentrumsfl\u00e4che und 280 Cabinets am Standort #Oberengstringen.","twitter_image":"https:\/\/www.organisator.ch\/wp-content\/uploads\/2017\/06\/Equinix-erweitert-Z\u00fcrcher-Datacenter-ZH5-Ausbau-geht-weiter_Organisator.jpg","schema":{"@context":"https:\/\/schema.org","@graph":[{"@type":"Article","@id":"https:\/\/www.organisator.ch\/management\/it\/2017-06-22\/equinix-erweitert-zuercher-datacenter-zh5-ausbau-geht-weiter\/#article","isPartOf":{"@id":"https:\/\/www.organisator.ch\/management\/it\/2017-06-22\/equinix-erweitert-zuercher-datacenter-zh5-ausbau-geht-weiter\/"},"author":{"name":"thomas.berner","@id":"https:\/\/www.organisator.ch\/#\/schema\/person\/6f650f90b2842cd4c0cc334b4e36f67e"},"headline":"Equinix erweitert Z\u00fcrcher Datacenter ZH5 &#8211; Ausbau geht weiter","datePublished":"2017-06-22T09:08:11+00:00","mainEntityOfPage":{"@id":"https:\/\/www.organisator.ch\/management\/it\/2017-06-22\/equinix-erweitert-zuercher-datacenter-zh5-ausbau-geht-weiter\/"},"wordCount":472,"commentCount":0,"publisher":{"@id":"https:\/\/www.organisator.ch\/#organization"},"image":{"@id":"https:\/\/www.organisator.ch\/management\/it\/2017-06-22\/equinix-erweitert-zuercher-datacenter-zh5-ausbau-geht-weiter\/#primaryimage"},"thumbnailUrl":"https:\/\/www.organisator.ch\/wp-content\/uploads\/2017\/06\/Equinix-erweitert-Zuercher-Datacenter-ZH5-Ausbau-geht-weiter_Organisator.jpg","keywords":["Digitalisierung","IT","Unternehmen","Vermischtes"],"articleSection":["IT"],"inLanguage":"de"},{"@type":"WebPage","@id":"https:\/\/www.organisator.ch\/management\/it\/2017-06-22\/equinix-erweitert-zuercher-datacenter-zh5-ausbau-geht-weiter\/","url":"https:\/\/www.organisator.ch\/management\/it\/2017-06-22\/equinix-erweitert-zuercher-datacenter-zh5-ausbau-geht-weiter\/","name":"Equinix erweitert Z\u00fcrcher Datacenter ZH5 - Ausbau geht weiter - Organisator","isPartOf":{"@id":"https:\/\/www.organisator.ch\/#website"},"primaryImageOfPage":{"@id":"https:\/\/www.organisator.ch\/management\/it\/2017-06-22\/equinix-erweitert-zuercher-datacenter-zh5-ausbau-geht-weiter\/#primaryimage"},"image":{"@id":"https:\/\/www.organisator.ch\/management\/it\/2017-06-22\/equinix-erweitert-zuercher-datacenter-zh5-ausbau-geht-weiter\/#primaryimage"},"thumbnailUrl":"https:\/\/www.organisator.ch\/wp-content\/uploads\/2017\/06\/Equinix-erweitert-Zuercher-Datacenter-ZH5-Ausbau-geht-weiter_Organisator.jpg","datePublished":"2017-06-22T09:08:11+00:00","description":"Investition von 18 Mio. USD f\u00fcr weitere 900 Quadratmeter Datacenter-Fl\u00e4che und 280 Cabinets am Standort Oberengstringen, um steigende Nachfrage zu decken.","breadcrumb":{"@id":"https:\/\/www.organisator.ch\/management\/it\/2017-06-22\/equinix-erweitert-zuercher-datacenter-zh5-ausbau-geht-weiter\/#breadcrumb"},"inLanguage":"de","potentialAction":[{"@type":"ReadAction","target":["https:\/\/www.organisator.ch\/management\/it\/2017-06-22\/equinix-erweitert-zuercher-datacenter-zh5-ausbau-geht-weiter\/"]}]},{"@type":"ImageObject","inLanguage":"de","@id":"https:\/\/www.organisator.ch\/management\/it\/2017-06-22\/equinix-erweitert-zuercher-datacenter-zh5-ausbau-geht-weiter\/#primaryimage","url":"https:\/\/www.organisator.ch\/wp-content\/uploads\/2017\/06\/Equinix-erweitert-Zuercher-Datacenter-ZH5-Ausbau-geht-weiter_Organisator.jpg","contentUrl":"https:\/\/www.organisator.ch\/wp-content\/uploads\/2017\/06\/Equinix-erweitert-Zuercher-Datacenter-ZH5-Ausbau-geht-weiter_Organisator.jpg","width":620,"height":480,"caption":"Blick in das erweiterte Datacenter ZH5. (Bild: Equinix)"},{"@type":"BreadcrumbList","@id":"https:\/\/www.organisator.ch\/management\/it\/2017-06-22\/equinix-erweitert-zuercher-datacenter-zh5-ausbau-geht-weiter\/#breadcrumb","itemListElement":[{"@type":"ListItem","position":1,"name":"Home","item":"https:\/\/www.organisator.ch\/"},{"@type":"ListItem","position":2,"name":"Equinix erweitert Z\u00fcrcher Datacenter ZH5 &#8211; Ausbau geht weiter"}]},{"@type":"WebSite","@id":"https:\/\/www.organisator.ch\/#website","url":"https:\/\/www.organisator.ch\/","name":"Organisator","description":"Kompetent. Praxisnah. Der ORGANISATOR bereitet in 10 Ausgaben pro Jahr die wesentlichen Themen f\u00fcr F\u00fchrungskr\u00e4fte von KMU auf.","publisher":{"@id":"https:\/\/www.organisator.ch\/#organization"},"potentialAction":[{"@type":"SearchAction","target":{"@type":"EntryPoint","urlTemplate":"https:\/\/www.organisator.ch\/?s={search_term_string}"},"query-input":{"@type":"PropertyValueSpecification","valueRequired":true,"valueName":"search_term_string"}}],"inLanguage":"de"},{"@type":"Organization","@id":"https:\/\/www.organisator.ch\/#organization","name":"Organisator","url":"https:\/\/www.organisator.ch\/","logo":{"@type":"ImageObject","inLanguage":"de","@id":"https:\/\/www.organisator.ch\/#\/schema\/logo\/image\/","url":"https:\/\/www.organisator.ch\/wp-content\/uploads\/2022\/01\/Logo_Organisator_Website.png","contentUrl":"https:\/\/www.organisator.ch\/wp-content\/uploads\/2022\/01\/Logo_Organisator_Website.png","width":800,"height":77,"caption":"Organisator"},"image":{"@id":"https:\/\/www.organisator.ch\/#\/schema\/logo\/image\/"},"sameAs":["https:\/\/www.facebook.com\/OrganisatorFachmagazin","https:\/\/www.linkedin.com\/showcase\/organisator-das-magazin-fr-kmu","https:\/\/www.xing.com\/news\/pages\/organisator-ch-695","https:\/\/www.youtube.com\/channel\/UCGP2Sq0iWaZwT3BdIAQFYpw"]},{"@type":"Person","@id":"https:\/\/www.organisator.ch\/#\/schema\/person\/6f650f90b2842cd4c0cc334b4e36f67e","name":"thomas.berner","image":{"@type":"ImageObject","inLanguage":"de","@id":"https:\/\/secure.gravatar.com\/avatar\/ac5001d2a36cb6c6cd3e50789007ffca834b477b74a2144564522e944eabff61?s=96&d=mm&r=g","url":"https:\/\/secure.gravatar.com\/avatar\/ac5001d2a36cb6c6cd3e50789007ffca834b477b74a2144564522e944eabff61?s=96&d=mm&r=g","contentUrl":"https:\/\/secure.gravatar.com\/avatar\/ac5001d2a36cb6c6cd3e50789007ffca834b477b74a2144564522e944eabff61?s=96&d=mm&r=g","caption":"thomas.berner"},"url":"https:\/\/www.organisator.ch\/de\/author\/thomas-berner\/"}]}},"_links":{"self":[{"href":"https:\/\/www.organisator.ch\/de\/wp-json\/wp\/v2\/posts\/2094","targetHints":{"allow":["GET"]}}],"collection":[{"href":"https:\/\/www.organisator.ch\/de\/wp-json\/wp\/v2\/posts"}],"about":[{"href":"https:\/\/www.organisator.ch\/de\/wp-json\/wp\/v2\/types\/post"}],"author":[{"embeddable":true,"href":"https:\/\/www.organisator.ch\/de\/wp-json\/wp\/v2\/users\/4"}],"replies":[{"embeddable":true,"href":"https:\/\/www.organisator.ch\/de\/wp-json\/wp\/v2\/comments?post=2094"}],"version-history":[{"count":0,"href":"https:\/\/www.organisator.ch\/de\/wp-json\/wp\/v2\/posts\/2094\/revisions"}],"wp:featuredmedia":[{"embeddable":true,"href":"https:\/\/www.organisator.ch\/de\/wp-json\/wp\/v2\/media\/2095"}],"wp:attachment":[{"href":"https:\/\/www.organisator.ch\/de\/wp-json\/wp\/v2\/media?parent=2094"}],"wp:term":[{"taxonomy":"category","embeddable":true,"href":"https:\/\/www.organisator.ch\/de\/wp-json\/wp\/v2\/categories?post=2094"},{"taxonomy":"post_tag","embeddable":true,"href":"https:\/\/www.organisator.ch\/de\/wp-json\/wp\/v2\/tags?post=2094"}],"curies":[{"name":"wp","href":"https:\/\/api.w.org\/{rel}","templated":true}]}}