{"id":20941,"date":"2023-07-05T08:25:53","date_gmt":"2023-07-05T06:25:53","guid":{"rendered":"https:\/\/www.m-q.ch\/?p=18245"},"modified":"2024-11-15T06:25:58","modified_gmt":"2024-11-15T05:25:58","slug":"wie-it-teams-auch-waehrend-den-ferien-betrieb-und-sicherheit-gewaehrleisten","status":"publish","type":"post","link":"https:\/\/www.organisator.ch\/de\/operational-excellence\/2023-07-05\/wie-it-teams-auch-waehrend-den-ferien-betrieb-und-sicherheit-gewaehrleisten\/","title":{"rendered":"Wie IT-Teams auch w\u00e4hrend den Ferien Betrieb und Sicherheit gew\u00e4hrleisten"},"content":{"rendered":"<figure id=\"attachment_18246\" class=\"wp-caption alignnone\" style=\"width: 680px\" aria-describedby=\"caption-attachment-18246\"><img class=\"alignnone wp-image-18246 size-full\" src=\"https:\/\/www.m-q.ch\/wp-content\/uploads\/2023\/07\/Wie-IT-Teams-auch-waehrend-den-Ferien-Betrieb-und-Sicherheit-gewaehrleisten_MQ.jpg\" alt=\"IT-Sicherheit\" width=\"680\" height=\"484\" \/>\r\n<figcaption id=\"caption-attachment-18246\" class=\"wp-caption-text\">Auch Mitglieder von IT-Teams brauchen mal Urlaub. Trotzdem gilt es sicherzustellen, dass die System-Sicherheit auch w\u00e4hrend den Ferien gew\u00e4hrleistet bleibt. (Bild: Pixabay.com)<\/figcaption>\r\n<\/figure>\r\n<p>Ende Juni bzw. Anfang Juli haben in Teilen der Schweiz und auch in Deutschland die Schulferien begonnen, die bis weit in den August dauern. In dieser Phase gehen nat\u00fcrlich auch viele IT-Mitarbeiter in Urlaub, so dass die Teams kleiner werden. Weniger K\u00f6pfe m\u00fcssen die gleiche Menge an Arbeit bew\u00e4ltigen. Niemals im Jahr ist das Risiko gr\u00f6\u00dfer, wichtige Ereignisse zu \u00fcbersehen. Zumal sich das Datenmuster und Arbeitsweisen in den Firmen ver\u00e4ndert, weil Mitarbeiter von unterschiedlichen ungesicherten WLANs auf die Firmen-IT zugreifen. Schnell mal w\u00e4hrend den Ferien Emails zu checken, hat sich l\u00e4ngst eingeb\u00fcrgert.<\/p>\r\n<h3>Sechs Tipps, wie w\u00e4hrend den Ferien die IT-Sicherheit hoch gehalten werden kann<\/h3>\r\n<p>Hacker wissen, dass die Teams w\u00e4hrend den Ferien unterbesetzt sind, Experten f\u00fcr bestimmte Fachbereiche, Applikationen oder Abwehrsysteme auch Pause machen, und User manchmal \u00fcber unautorisierte, unsichere Ger\u00e4te auf Daten zugreifen. Statistiken f\u00fcr das Jahr 2022 zeigen, dass die Malware-Aktivit\u00e4t auch w\u00e4hrend der Sommermonate konstant hoch blieb.\u00a0 Mark Molyneux, EMEA CTO bei Cohesity, einem Dienstleister f\u00fcr Datensicherheit und -management, kennt diese Phase aus seiner Zeit auf Kundenseite und gibt sechs Ratschl\u00e4ge, wie Teams sich gut darauf vorbereiten und das Risiko f\u00fcr die IT senken k\u00f6nnen.<\/p>\r\n<ol>\r\n\t<li><strong>Volle Konzentration auf Betriebsmodus:<\/strong> IT-Team sollten festlegen, dass sie in der Sommerpause soweit es m\u00f6glich ist in einen operativen Modus wechseln mit dem Hauptziel, die IT in ihrem Istzustand am Laufen zu halten. Migrationen und Change-Prozesse oder intensive Rollouts sollten auf andere Zeitpunkte verschoben werden. Das heisst nicht, Change-Prozesse komplett auszusetzen. Sie sollten aber risikogewichtet und von der Gesch\u00e4ftskritikalit\u00e4t gesteuert sein.<\/li>\r\n\t<li><strong>Auf kritische Patches reagieren:<\/strong> Just Mitte Juni hat VMware einen <a href=\"https:\/\/u7061146.ct.sendgrid.net\/ls\/click?upn=4tNED-2FM8iDZJQyQ53jATUQlWfNEPpg1k3HogqQTt4-2Fwr2Bdvo1-2FVK4nuMU0o37quhMlgREUwAhjVsHr0pcU664wCeGJFGbyvVSD031ic0KwuGMc9kN6kMbQhb4LMJPPSQoyfgttbcIwmxQ87dJd0jg-3D-3DSEiJ_cGe9W5K-2FCqFb2N07halzpMHUUfPBCEQpnPtMccoXAU149YFoXzNQr1JSyM49unTn8hOx-2BosWN90RYph-2Bs6v4b5brUacgZfsx6-2Bf59dKDBXaTwWophYdKnKEbiWifAElcKbwCSisbG4aCOqzDMBp543NE3ntAc5-2BzlwJ0YK6GvrZPWpXvxQliYR0mRklu8LeokXMK6drj0W90yXT5x541EvLWbwPz7E2KP9L3x4VHxwXXnO97YJzbUOYukSuok9uxAPEoQgVtX9irjffR-2BjuLYOj4bW9Jjr8czAVNVbq7KgM-2FWIgu-2B5AeOddAGDibZ2Mamu7vykQEVzu5Aog6qw2VA-2BoA2lcrBbvEnLxXhErTyRU-3D\">Patch f\u00fcr eine kritische Schwachstelle<\/a> im vCenter Server ver\u00f6ffentlicht. Um solch ein Ereignis richtig einzustufen, sollten IT-Teams ihre Systeme und Applikationen in so genannte abgestufte Resiliency Kategorien unterteilen. So k\u00f6nnen sie ihre Patching-Strategie, die Wiederherstellbarkeit und Service-Levels wie DTO, RPO, RTO klar auf ihre Anwendungen und Workloads aufeinander abstimmen. Wenn die wichtigste Stufe betroffen ist, was bei einem Kernelement wie VMware wahrscheinlich der Fall ist, sollten die Teams diesen Patch priorisiert testen und ausrollen. Andere Vorf\u00e4lle der niedrigeren Kategorien dagegen k\u00f6nnen nach dem Triage-Prinzip bewertet und geparkt werden, bis die Teams vollst\u00e4ndig oder die jeweiligen Plattform-Experten aus dem Urlaub zur\u00fcck sind. Von dieser Kategorisierung werden die Teams \u00fcbrigens im ganzen Jahr profitieren, da sie Aufgaben nach Business-Priorit\u00e4t gewichten k\u00f6nnen.<\/li>\r\n\t<li><strong>Konsequenzen transparent machen:<\/strong> Diese Kategorisierung hilft ebenfalls, anfallende Alltagsaufgaben besser zu priorisieren. Sollten beispielsweise Backup-Jobs bei Systemen mit hoher Priorit\u00e4t fehlschlagen, sollten die Teams diese unbedingt neu anstossen, um ihre Service-Level f\u00fcr die Wiederherstellung einzuhalten und Datenverlusten vorzubeugen. Idealerweise \u00fcbernimmt dies bei modernen Datamanagement-Systemen ein KI-gesteuerter automatisierter Hintergrundprozess, der die IT-Teams komplett hiervon entlastet.<\/li>\r\n\t<li><strong>Wissensl\u00fccken transparent machen:<\/strong> Je gr\u00f6sser die IT-Teams sind, desto mehr Mitglieder sind auf gewisse Applikationsarchitekturen, Systeme oder Programmiersprachen spezialisiert. Die Teams sollten regelm\u00e4ssig ihre Kompetenzen bewerten und die Ergebnisse mindestens einmal j\u00e4hrlich in die Entwicklungspl\u00e4ne f\u00fcr das Personal einfliessen. Dieser Prozess ist der Schl\u00fcssel, um Kompetenzl\u00fccken zu verkleinern oder gar ganz zu schliessen. Die Teams sollten ihre Abwesenheit idealerweise so abstimmen, dass gen\u00fcgend Generalisten den laufenden Betrieb sicherstellen k\u00f6nnen. Es bleibt unvermeidbar, dass in der Urlaubszeit L\u00fccken im Wissen entstehen, weil der Python-Experte gerade mit seiner Familie am Strand liegt. Wenn dies aber im Team klar ist, lassen sich f\u00fcr diese Zeit Abhilfemassnahmen und die Verantwortung auf den Rest des Teams verteilen, um das Risiko f\u00fcr diesen Bereich zu reduzieren.<br \/>\r\nIn dieser Organisationsmatrix sollte auch erfasst sein, welche Sonderaufgaben die Teammitglieder im Alltag \u00fcbernehmen. So k\u00f6nnte es sein, dass ein IT-Experte den Cache eines kritischen Systems einmal in der Woche per Hand l\u00f6scht, damit die Platten nicht voll laufen. Ist dieser Kollege im Urlaub, k\u00f6nnte diese Aufgaben unter den Tisch fallen und das System in einen kritischen Zustand geraten. Dieses Wissen sollte zentral erfasst sein, um im Krisenfall gut vorbereitet zu sein. Solche Prozess-Altlasten sind in vielen Betrieben noch zu finden.<\/li>\r\n\t<li><strong>Kapazit\u00e4ten planen:<\/strong> Im Sommer ver\u00e4ndert sich das Datenmuster in den Firmen und je nach Branche das Nutzerverhalten dramatisch. In einer Bank sind im Sommer Kreditkartendienste gefragt, w\u00e4hrend Hypotheken kaum bearbeitet werden. Die Last und das Datenaufkommen werden sich ver\u00e4ndern. KI gest\u00fctzte Analysen helfen inzwischen, diese Trends vorherzusehen und gen\u00fcgend Ressourcen zu allokieren.<\/li>\r\n\t<li><strong>Unternehmensf\u00fchrung sollte krisenfest sein:<\/strong> Da die Teams unterbesetzt sind, ist das Risiko einer erfolgreichen Attacke h\u00f6her. Den Vorst\u00e4nden und Gesch\u00e4ftsf\u00fchrern sollte bewusst sein, dass sie im Ernstfall in ein Krisenmanagement eingebunden werden. Wo auch immer sie sich im Sommer befinden, es wird entscheidend sein, alle n\u00f6tigen Werkzeuge und Informationen zur Hand zu haben, um den Krisenstab zu formieren und den Prozess anzustossen. Sonst geht wertvolle Zeit verloren.<\/li>\r\n<\/ol>\r\n<p>\u201eKI kann die enorme Belastung der IT- und Sicherheitsteams w\u00e4hrend der Urlaubszeit drastisch reduzieren, indem sie ihnen viele der wichtigen, aber m\u00fchsamen Aufgaben abnimmt\u201c, so Mark Molyneux. \u201eDie Bereitstellung umfassender Berichte und klarer und pr\u00e4ziser n\u00e4chster Schritte verschafft operativen Gruppen, die f\u00fcr die anstehenden schwierigen Aufgaben im Sommer meistens unterbesetzt sind, eine \u00dcbersicht \u00fcber den Stand der Dinge. Bei komplexen oder wichtigen Aufgaben greift zus\u00e4tzlich der Mensch ein. Auf diese Weise kann KI einen massiven Beitrag zur Erh\u00f6hung der Cyber-Resilienz gegen Angriffe leisten, die ironischerweise zunehmend von KI ausgef\u00fchrt werden.\u201c<\/p>\r\n<p><em>Quelle: <a href=\"https:\/\/www.cohesity.com\/de\/\">Cohesity<\/a><\/em><\/p>\n<p class=\"syndicated-attribution\">Dieser Beitrag erschien urspr\u00fcnglich auf m-q.ch - <a href=\"https:\/\/www.m-q.ch\/de\/wie-it-teams-auch-waehrend-den-ferien-betrieb-und-sicherheit-gewaehrleisten\/\" target=\"_blank\">https:\/\/www.m-q.ch\/de\/wie-it-teams-auch-waehrend-den-ferien-betrieb-und-sicherheit-gewaehrleisten\/<\/a><\/p>","protected":false},"excerpt":{"rendered":"<p>W\u00e4hrend die meisten mit dem Sommer Urlaub verbinden, ist diese Zeit f\u00fcr IT-Teams anspruchsvoll und riskant. Die Teams sind unterbesetzt, der Betrieb muss aber st\u00f6rungsfrei weiterlaufen. Was k\u00f6nnen IT-Teams tun, um gut durch diese Zeit zu kommen?<\/p>\n","protected":false},"author":8,"featured_media":0,"comment_status":"closed","ping_status":"closed","sticky":false,"template":"","format":"standard","meta":{"_acf_changed":false,"_yoast_wpseo_focuskw":"IT-Sicherheit","_yoast_wpseo_metadesc":"Gew\u00e4hrleistung der IT-Sicherheit w\u00e4hrend der Ferien: Tipps und Strategien zur Risikominimierung.","articlekey":"","footnotes":""},"categories":[582],"tags":[],"class_list":["post-20941","post","type-post","status-publish","format-standard","hentry","category-operational-excellence"],"acf":[],"yoast_head":"<!-- This site is optimized with the Yoast SEO plugin v27.4 - https:\/\/yoast.com\/product\/yoast-seo-wordpress\/ -->\n<title>Wie IT-Teams auch w\u00e4hrend den Ferien Betrieb und Sicherheit gew\u00e4hrleisten - Organisator<\/title>\n<meta name=\"description\" content=\"Gew\u00e4hrleistung der IT-Sicherheit w\u00e4hrend der Ferien: Tipps und Strategien zur Risikominimierung.\" \/>\n<meta name=\"robots\" content=\"index, follow, max-snippet:-1, max-image-preview:large, max-video-preview:-1\" \/>\n<link rel=\"canonical\" href=\"https:\/\/www.organisator.ch\/de\/operational-excellence\/2023-07-05\/wie-it-teams-auch-waehrend-den-ferien-betrieb-und-sicherheit-gewaehrleisten\/\" \/>\n<meta property=\"og:locale\" content=\"de_DE\" \/>\n<meta property=\"og:type\" content=\"article\" \/>\n<meta property=\"og:title\" content=\"Wie IT-Teams auch w\u00e4hrend den Ferien Betrieb und Sicherheit gew\u00e4hrleisten - Organisator\" \/>\n<meta property=\"og:description\" content=\"Gew\u00e4hrleistung der IT-Sicherheit w\u00e4hrend der Ferien: Tipps und Strategien zur Risikominimierung.\" \/>\n<meta property=\"og:url\" content=\"https:\/\/www.organisator.ch\/de\/operational-excellence\/2023-07-05\/wie-it-teams-auch-waehrend-den-ferien-betrieb-und-sicherheit-gewaehrleisten\/\" \/>\n<meta property=\"og:site_name\" content=\"Organisator\" \/>\n<meta property=\"article:publisher\" content=\"https:\/\/www.facebook.com\/OrganisatorFachmagazin\" \/>\n<meta property=\"article:published_time\" content=\"2023-07-05T06:25:53+00:00\" \/>\n<meta property=\"article:modified_time\" content=\"2024-11-15T05:25:58+00:00\" \/>\n<meta name=\"author\" content=\"galledia\" \/>\n<meta name=\"twitter:card\" content=\"summary_large_image\" \/>\n<meta name=\"twitter:creator\" content=\"@admin\" \/>\n<script type=\"application\/ld+json\" class=\"yoast-schema-graph\">{\"@context\":\"https:\\\/\\\/schema.org\",\"@graph\":[{\"@type\":\"Article\",\"@id\":\"https:\\\/\\\/www.organisator.ch\\\/operational-excellence\\\/2023-07-05\\\/wie-it-teams-auch-waehrend-den-ferien-betrieb-und-sicherheit-gewaehrleisten\\\/#article\",\"isPartOf\":{\"@id\":\"https:\\\/\\\/www.organisator.ch\\\/operational-excellence\\\/2023-07-05\\\/wie-it-teams-auch-waehrend-den-ferien-betrieb-und-sicherheit-gewaehrleisten\\\/\"},\"author\":{\"name\":\"galledia\",\"@id\":\"https:\\\/\\\/www.organisator.ch\\\/#\\\/schema\\\/person\\\/4e51799071cd2dd1232ac003643ef5f0\"},\"headline\":\"Wie IT-Teams auch w\u00e4hrend den Ferien Betrieb und Sicherheit gew\u00e4hrleisten\",\"datePublished\":\"2023-07-05T06:25:53+00:00\",\"dateModified\":\"2024-11-15T05:25:58+00:00\",\"mainEntityOfPage\":{\"@id\":\"https:\\\/\\\/www.organisator.ch\\\/operational-excellence\\\/2023-07-05\\\/wie-it-teams-auch-waehrend-den-ferien-betrieb-und-sicherheit-gewaehrleisten\\\/\"},\"wordCount\":950,\"publisher\":{\"@id\":\"https:\\\/\\\/www.organisator.ch\\\/#organization\"},\"image\":{\"@id\":\"https:\\\/\\\/www.organisator.ch\\\/operational-excellence\\\/2023-07-05\\\/wie-it-teams-auch-waehrend-den-ferien-betrieb-und-sicherheit-gewaehrleisten\\\/#primaryimage\"},\"thumbnailUrl\":\"https:\\\/\\\/www.m-q.ch\\\/wp-content\\\/uploads\\\/2023\\\/07\\\/Wie-IT-Teams-auch-waehrend-den-Ferien-Betrieb-und-Sicherheit-gewaehrleisten_MQ.jpg\",\"articleSection\":[\"OPERATIONAL EXCELLENCE\"],\"inLanguage\":\"de\"},{\"@type\":\"WebPage\",\"@id\":\"https:\\\/\\\/www.organisator.ch\\\/operational-excellence\\\/2023-07-05\\\/wie-it-teams-auch-waehrend-den-ferien-betrieb-und-sicherheit-gewaehrleisten\\\/\",\"url\":\"https:\\\/\\\/www.organisator.ch\\\/operational-excellence\\\/2023-07-05\\\/wie-it-teams-auch-waehrend-den-ferien-betrieb-und-sicherheit-gewaehrleisten\\\/\",\"name\":\"Wie IT-Teams auch w\u00e4hrend den Ferien Betrieb und Sicherheit gew\u00e4hrleisten - Organisator\",\"isPartOf\":{\"@id\":\"https:\\\/\\\/www.organisator.ch\\\/#website\"},\"primaryImageOfPage\":{\"@id\":\"https:\\\/\\\/www.organisator.ch\\\/operational-excellence\\\/2023-07-05\\\/wie-it-teams-auch-waehrend-den-ferien-betrieb-und-sicherheit-gewaehrleisten\\\/#primaryimage\"},\"image\":{\"@id\":\"https:\\\/\\\/www.organisator.ch\\\/operational-excellence\\\/2023-07-05\\\/wie-it-teams-auch-waehrend-den-ferien-betrieb-und-sicherheit-gewaehrleisten\\\/#primaryimage\"},\"thumbnailUrl\":\"https:\\\/\\\/www.m-q.ch\\\/wp-content\\\/uploads\\\/2023\\\/07\\\/Wie-IT-Teams-auch-waehrend-den-Ferien-Betrieb-und-Sicherheit-gewaehrleisten_MQ.jpg\",\"datePublished\":\"2023-07-05T06:25:53+00:00\",\"dateModified\":\"2024-11-15T05:25:58+00:00\",\"description\":\"Gew\u00e4hrleistung der IT-Sicherheit w\u00e4hrend der Ferien: Tipps und Strategien zur Risikominimierung.\",\"breadcrumb\":{\"@id\":\"https:\\\/\\\/www.organisator.ch\\\/operational-excellence\\\/2023-07-05\\\/wie-it-teams-auch-waehrend-den-ferien-betrieb-und-sicherheit-gewaehrleisten\\\/#breadcrumb\"},\"inLanguage\":\"de\",\"potentialAction\":[{\"@type\":\"ReadAction\",\"target\":[\"https:\\\/\\\/www.organisator.ch\\\/operational-excellence\\\/2023-07-05\\\/wie-it-teams-auch-waehrend-den-ferien-betrieb-und-sicherheit-gewaehrleisten\\\/\"]}]},{\"@type\":\"ImageObject\",\"inLanguage\":\"de\",\"@id\":\"https:\\\/\\\/www.organisator.ch\\\/operational-excellence\\\/2023-07-05\\\/wie-it-teams-auch-waehrend-den-ferien-betrieb-und-sicherheit-gewaehrleisten\\\/#primaryimage\",\"url\":\"https:\\\/\\\/www.m-q.ch\\\/wp-content\\\/uploads\\\/2023\\\/07\\\/Wie-IT-Teams-auch-waehrend-den-Ferien-Betrieb-und-Sicherheit-gewaehrleisten_MQ.jpg\",\"contentUrl\":\"https:\\\/\\\/www.m-q.ch\\\/wp-content\\\/uploads\\\/2023\\\/07\\\/Wie-IT-Teams-auch-waehrend-den-Ferien-Betrieb-und-Sicherheit-gewaehrleisten_MQ.jpg\"},{\"@type\":\"BreadcrumbList\",\"@id\":\"https:\\\/\\\/www.organisator.ch\\\/operational-excellence\\\/2023-07-05\\\/wie-it-teams-auch-waehrend-den-ferien-betrieb-und-sicherheit-gewaehrleisten\\\/#breadcrumb\",\"itemListElement\":[{\"@type\":\"ListItem\",\"position\":1,\"name\":\"Home\",\"item\":\"https:\\\/\\\/www.organisator.ch\\\/\"},{\"@type\":\"ListItem\",\"position\":2,\"name\":\"Wie IT-Teams auch w\u00e4hrend den Ferien Betrieb und Sicherheit gew\u00e4hrleisten\"}]},{\"@type\":\"WebSite\",\"@id\":\"https:\\\/\\\/www.organisator.ch\\\/#website\",\"url\":\"https:\\\/\\\/www.organisator.ch\\\/\",\"name\":\"Organisator\",\"description\":\"Kompetent. Praxisnah. Der ORGANISATOR bereitet in 10 Ausgaben pro Jahr die wesentlichen Themen f\u00fcr F\u00fchrungskr\u00e4fte von KMU auf.\",\"publisher\":{\"@id\":\"https:\\\/\\\/www.organisator.ch\\\/#organization\"},\"potentialAction\":[{\"@type\":\"SearchAction\",\"target\":{\"@type\":\"EntryPoint\",\"urlTemplate\":\"https:\\\/\\\/www.organisator.ch\\\/?s={search_term_string}\"},\"query-input\":{\"@type\":\"PropertyValueSpecification\",\"valueRequired\":true,\"valueName\":\"search_term_string\"}}],\"inLanguage\":\"de\"},{\"@type\":\"Organization\",\"@id\":\"https:\\\/\\\/www.organisator.ch\\\/#organization\",\"name\":\"Organisator\",\"url\":\"https:\\\/\\\/www.organisator.ch\\\/\",\"logo\":{\"@type\":\"ImageObject\",\"inLanguage\":\"de\",\"@id\":\"https:\\\/\\\/www.organisator.ch\\\/#\\\/schema\\\/logo\\\/image\\\/\",\"url\":\"https:\\\/\\\/www.organisator.ch\\\/wp-content\\\/uploads\\\/2022\\\/01\\\/Logo_Organisator_Website.png\",\"contentUrl\":\"https:\\\/\\\/www.organisator.ch\\\/wp-content\\\/uploads\\\/2022\\\/01\\\/Logo_Organisator_Website.png\",\"width\":800,\"height\":77,\"caption\":\"Organisator\"},\"image\":{\"@id\":\"https:\\\/\\\/www.organisator.ch\\\/#\\\/schema\\\/logo\\\/image\\\/\"},\"sameAs\":[\"https:\\\/\\\/www.facebook.com\\\/OrganisatorFachmagazin\",\"https:\\\/\\\/www.linkedin.com\\\/showcase\\\/organisator-das-magazin-fr-kmu\",\"https:\\\/\\\/www.xing.com\\\/news\\\/pages\\\/organisator-ch-695\",\"https:\\\/\\\/www.youtube.com\\\/channel\\\/UCGP2Sq0iWaZwT3BdIAQFYpw\"]},{\"@type\":\"Person\",\"@id\":\"https:\\\/\\\/www.organisator.ch\\\/#\\\/schema\\\/person\\\/4e51799071cd2dd1232ac003643ef5f0\",\"name\":\"galledia\",\"image\":{\"@type\":\"ImageObject\",\"inLanguage\":\"de\",\"@id\":\"https:\\\/\\\/secure.gravatar.com\\\/avatar\\\/78a7f90c01fc2bfc875782a0d4922b37cde2cf184ce347b91316d23cd7f69a36?s=96&d=mm&r=g\",\"url\":\"https:\\\/\\\/secure.gravatar.com\\\/avatar\\\/78a7f90c01fc2bfc875782a0d4922b37cde2cf184ce347b91316d23cd7f69a36?s=96&d=mm&r=g\",\"contentUrl\":\"https:\\\/\\\/secure.gravatar.com\\\/avatar\\\/78a7f90c01fc2bfc875782a0d4922b37cde2cf184ce347b91316d23cd7f69a36?s=96&d=mm&r=g\",\"caption\":\"galledia\"},\"sameAs\":[\"https:\\\/\\\/x.com\\\/admin\"],\"url\":\"https:\\\/\\\/www.organisator.ch\\\/de\\\/author\\\/galledia\\\/\"}]}<\/script>\n<!-- \/ Yoast SEO plugin. -->","yoast_head_json":{"title":"Wie IT-Teams auch w\u00e4hrend den Ferien Betrieb und Sicherheit gew\u00e4hrleisten - Organisator","description":"Gew\u00e4hrleistung der IT-Sicherheit w\u00e4hrend der Ferien: Tipps und Strategien zur Risikominimierung.","robots":{"index":"index","follow":"follow","max-snippet":"max-snippet:-1","max-image-preview":"max-image-preview:large","max-video-preview":"max-video-preview:-1"},"canonical":"https:\/\/www.organisator.ch\/de\/operational-excellence\/2023-07-05\/wie-it-teams-auch-waehrend-den-ferien-betrieb-und-sicherheit-gewaehrleisten\/","og_locale":"de_DE","og_type":"article","og_title":"Wie IT-Teams auch w\u00e4hrend den Ferien Betrieb und Sicherheit gew\u00e4hrleisten - Organisator","og_description":"Gew\u00e4hrleistung der IT-Sicherheit w\u00e4hrend der Ferien: Tipps und Strategien zur Risikominimierung.","og_url":"https:\/\/www.organisator.ch\/de\/operational-excellence\/2023-07-05\/wie-it-teams-auch-waehrend-den-ferien-betrieb-und-sicherheit-gewaehrleisten\/","og_site_name":"Organisator","article_publisher":"https:\/\/www.facebook.com\/OrganisatorFachmagazin","article_published_time":"2023-07-05T06:25:53+00:00","article_modified_time":"2024-11-15T05:25:58+00:00","author":"galledia","twitter_card":"summary_large_image","twitter_creator":"@admin","schema":{"@context":"https:\/\/schema.org","@graph":[{"@type":"Article","@id":"https:\/\/www.organisator.ch\/operational-excellence\/2023-07-05\/wie-it-teams-auch-waehrend-den-ferien-betrieb-und-sicherheit-gewaehrleisten\/#article","isPartOf":{"@id":"https:\/\/www.organisator.ch\/operational-excellence\/2023-07-05\/wie-it-teams-auch-waehrend-den-ferien-betrieb-und-sicherheit-gewaehrleisten\/"},"author":{"name":"galledia","@id":"https:\/\/www.organisator.ch\/#\/schema\/person\/4e51799071cd2dd1232ac003643ef5f0"},"headline":"Wie IT-Teams auch w\u00e4hrend den Ferien Betrieb und Sicherheit gew\u00e4hrleisten","datePublished":"2023-07-05T06:25:53+00:00","dateModified":"2024-11-15T05:25:58+00:00","mainEntityOfPage":{"@id":"https:\/\/www.organisator.ch\/operational-excellence\/2023-07-05\/wie-it-teams-auch-waehrend-den-ferien-betrieb-und-sicherheit-gewaehrleisten\/"},"wordCount":950,"publisher":{"@id":"https:\/\/www.organisator.ch\/#organization"},"image":{"@id":"https:\/\/www.organisator.ch\/operational-excellence\/2023-07-05\/wie-it-teams-auch-waehrend-den-ferien-betrieb-und-sicherheit-gewaehrleisten\/#primaryimage"},"thumbnailUrl":"https:\/\/www.m-q.ch\/wp-content\/uploads\/2023\/07\/Wie-IT-Teams-auch-waehrend-den-Ferien-Betrieb-und-Sicherheit-gewaehrleisten_MQ.jpg","articleSection":["OPERATIONAL EXCELLENCE"],"inLanguage":"de"},{"@type":"WebPage","@id":"https:\/\/www.organisator.ch\/operational-excellence\/2023-07-05\/wie-it-teams-auch-waehrend-den-ferien-betrieb-und-sicherheit-gewaehrleisten\/","url":"https:\/\/www.organisator.ch\/operational-excellence\/2023-07-05\/wie-it-teams-auch-waehrend-den-ferien-betrieb-und-sicherheit-gewaehrleisten\/","name":"Wie IT-Teams auch w\u00e4hrend den Ferien Betrieb und Sicherheit gew\u00e4hrleisten - Organisator","isPartOf":{"@id":"https:\/\/www.organisator.ch\/#website"},"primaryImageOfPage":{"@id":"https:\/\/www.organisator.ch\/operational-excellence\/2023-07-05\/wie-it-teams-auch-waehrend-den-ferien-betrieb-und-sicherheit-gewaehrleisten\/#primaryimage"},"image":{"@id":"https:\/\/www.organisator.ch\/operational-excellence\/2023-07-05\/wie-it-teams-auch-waehrend-den-ferien-betrieb-und-sicherheit-gewaehrleisten\/#primaryimage"},"thumbnailUrl":"https:\/\/www.m-q.ch\/wp-content\/uploads\/2023\/07\/Wie-IT-Teams-auch-waehrend-den-Ferien-Betrieb-und-Sicherheit-gewaehrleisten_MQ.jpg","datePublished":"2023-07-05T06:25:53+00:00","dateModified":"2024-11-15T05:25:58+00:00","description":"Gew\u00e4hrleistung der IT-Sicherheit w\u00e4hrend der Ferien: Tipps und Strategien zur Risikominimierung.","breadcrumb":{"@id":"https:\/\/www.organisator.ch\/operational-excellence\/2023-07-05\/wie-it-teams-auch-waehrend-den-ferien-betrieb-und-sicherheit-gewaehrleisten\/#breadcrumb"},"inLanguage":"de","potentialAction":[{"@type":"ReadAction","target":["https:\/\/www.organisator.ch\/operational-excellence\/2023-07-05\/wie-it-teams-auch-waehrend-den-ferien-betrieb-und-sicherheit-gewaehrleisten\/"]}]},{"@type":"ImageObject","inLanguage":"de","@id":"https:\/\/www.organisator.ch\/operational-excellence\/2023-07-05\/wie-it-teams-auch-waehrend-den-ferien-betrieb-und-sicherheit-gewaehrleisten\/#primaryimage","url":"https:\/\/www.m-q.ch\/wp-content\/uploads\/2023\/07\/Wie-IT-Teams-auch-waehrend-den-Ferien-Betrieb-und-Sicherheit-gewaehrleisten_MQ.jpg","contentUrl":"https:\/\/www.m-q.ch\/wp-content\/uploads\/2023\/07\/Wie-IT-Teams-auch-waehrend-den-Ferien-Betrieb-und-Sicherheit-gewaehrleisten_MQ.jpg"},{"@type":"BreadcrumbList","@id":"https:\/\/www.organisator.ch\/operational-excellence\/2023-07-05\/wie-it-teams-auch-waehrend-den-ferien-betrieb-und-sicherheit-gewaehrleisten\/#breadcrumb","itemListElement":[{"@type":"ListItem","position":1,"name":"Home","item":"https:\/\/www.organisator.ch\/"},{"@type":"ListItem","position":2,"name":"Wie IT-Teams auch w\u00e4hrend den Ferien Betrieb und Sicherheit gew\u00e4hrleisten"}]},{"@type":"WebSite","@id":"https:\/\/www.organisator.ch\/#website","url":"https:\/\/www.organisator.ch\/","name":"Organisator","description":"Kompetent. Praxisnah. Der ORGANISATOR bereitet in 10 Ausgaben pro Jahr die wesentlichen Themen f\u00fcr F\u00fchrungskr\u00e4fte von KMU auf.","publisher":{"@id":"https:\/\/www.organisator.ch\/#organization"},"potentialAction":[{"@type":"SearchAction","target":{"@type":"EntryPoint","urlTemplate":"https:\/\/www.organisator.ch\/?s={search_term_string}"},"query-input":{"@type":"PropertyValueSpecification","valueRequired":true,"valueName":"search_term_string"}}],"inLanguage":"de"},{"@type":"Organization","@id":"https:\/\/www.organisator.ch\/#organization","name":"Organisator","url":"https:\/\/www.organisator.ch\/","logo":{"@type":"ImageObject","inLanguage":"de","@id":"https:\/\/www.organisator.ch\/#\/schema\/logo\/image\/","url":"https:\/\/www.organisator.ch\/wp-content\/uploads\/2022\/01\/Logo_Organisator_Website.png","contentUrl":"https:\/\/www.organisator.ch\/wp-content\/uploads\/2022\/01\/Logo_Organisator_Website.png","width":800,"height":77,"caption":"Organisator"},"image":{"@id":"https:\/\/www.organisator.ch\/#\/schema\/logo\/image\/"},"sameAs":["https:\/\/www.facebook.com\/OrganisatorFachmagazin","https:\/\/www.linkedin.com\/showcase\/organisator-das-magazin-fr-kmu","https:\/\/www.xing.com\/news\/pages\/organisator-ch-695","https:\/\/www.youtube.com\/channel\/UCGP2Sq0iWaZwT3BdIAQFYpw"]},{"@type":"Person","@id":"https:\/\/www.organisator.ch\/#\/schema\/person\/4e51799071cd2dd1232ac003643ef5f0","name":"galledia","image":{"@type":"ImageObject","inLanguage":"de","@id":"https:\/\/secure.gravatar.com\/avatar\/78a7f90c01fc2bfc875782a0d4922b37cde2cf184ce347b91316d23cd7f69a36?s=96&d=mm&r=g","url":"https:\/\/secure.gravatar.com\/avatar\/78a7f90c01fc2bfc875782a0d4922b37cde2cf184ce347b91316d23cd7f69a36?s=96&d=mm&r=g","contentUrl":"https:\/\/secure.gravatar.com\/avatar\/78a7f90c01fc2bfc875782a0d4922b37cde2cf184ce347b91316d23cd7f69a36?s=96&d=mm&r=g","caption":"galledia"},"sameAs":["https:\/\/x.com\/admin"],"url":"https:\/\/www.organisator.ch\/de\/author\/galledia\/"}]}},"_links":{"self":[{"href":"https:\/\/www.organisator.ch\/de\/wp-json\/wp\/v2\/posts\/20941","targetHints":{"allow":["GET"]}}],"collection":[{"href":"https:\/\/www.organisator.ch\/de\/wp-json\/wp\/v2\/posts"}],"about":[{"href":"https:\/\/www.organisator.ch\/de\/wp-json\/wp\/v2\/types\/post"}],"author":[{"embeddable":true,"href":"https:\/\/www.organisator.ch\/de\/wp-json\/wp\/v2\/users\/8"}],"replies":[{"embeddable":true,"href":"https:\/\/www.organisator.ch\/de\/wp-json\/wp\/v2\/comments?post=20941"}],"version-history":[{"count":4,"href":"https:\/\/www.organisator.ch\/de\/wp-json\/wp\/v2\/posts\/20941\/revisions"}],"predecessor-version":[{"id":33037,"href":"https:\/\/www.organisator.ch\/de\/wp-json\/wp\/v2\/posts\/20941\/revisions\/33037"}],"wp:attachment":[{"href":"https:\/\/www.organisator.ch\/de\/wp-json\/wp\/v2\/media?parent=20941"}],"wp:term":[{"taxonomy":"category","embeddable":true,"href":"https:\/\/www.organisator.ch\/de\/wp-json\/wp\/v2\/categories?post=20941"},{"taxonomy":"post_tag","embeddable":true,"href":"https:\/\/www.organisator.ch\/de\/wp-json\/wp\/v2\/tags?post=20941"}],"curies":[{"name":"wp","href":"https:\/\/api.w.org\/{rel}","templated":true}]}}