{"id":20954,"date":"2023-07-06T08:50:38","date_gmt":"2023-07-06T06:50:38","guid":{"rendered":"https:\/\/www.organisator.ch\/?p=20954"},"modified":"2023-07-06T08:50:38","modified_gmt":"2023-07-06T06:50:38","slug":"esg-bericht-von-lenovo-verdreifachte-erzeugung-von-solarenergie","status":"publish","type":"post","link":"https:\/\/www.organisator.ch\/de\/sustainability\/2023-07-06\/esg-bericht-von-lenovo-verdreifachte-erzeugung-von-solarenergie\/","title":{"rendered":"ESG-Bericht von Lenovo: Verdreifachte Erzeugung von Solarenergie"},"content":{"rendered":"<figure id=\"attachment_20955\" aria-describedby=\"caption-attachment-20955\" style=\"width: 680px\" class=\"wp-caption alignnone\"><img loading=\"lazy\" decoding=\"async\" class=\"size-full wp-image-20955\" src=\"https:\/\/www.organisator.ch\/wp-content\/uploads\/2023\/07\/ESG-Bericht-von-Lenovo-Verdreifachte-Erzeugung-von-Solarenergie_Organisator.png\" alt=\"\" width=\"680\" height=\"452\" srcset=\"https:\/\/www.organisator.ch\/wp-content\/uploads\/2023\/07\/ESG-Bericht-von-Lenovo-Verdreifachte-Erzeugung-von-Solarenergie_Organisator.png 680w, https:\/\/www.organisator.ch\/wp-content\/uploads\/2023\/07\/ESG-Bericht-von-Lenovo-Verdreifachte-Erzeugung-von-Solarenergie_Organisator-18x12.png 18w, https:\/\/www.organisator.ch\/wp-content\/uploads\/2023\/07\/ESG-Bericht-von-Lenovo-Verdreifachte-Erzeugung-von-Solarenergie_Organisator-375x249.png 375w, https:\/\/www.organisator.ch\/wp-content\/uploads\/2023\/07\/ESG-Bericht-von-Lenovo-Verdreifachte-Erzeugung-von-Solarenergie_Organisator-527x350.png 527w\" sizes=\"auto, (max-width: 680px) 100vw, 680px\" \/><figcaption id=\"caption-attachment-20955\" class=\"wp-caption-text\">Der Technologiekonzern Lenovo hat seinen 17. j\u00e4hrlichen Umwelt-, Sozial- und Governance-Bericht (ESG-Bericht) ver\u00f6ffentlicht. (Bild: Lenovo)<\/figcaption><\/figure>\n<p>Das Technologieunternehmen Lenovo will seine F\u00fchrungsrolle im Bereich Nachhaltigkeit weiter bekr\u00e4ftigen, wie seinem j\u00fcngsten ESG-Bericht zu entnehmen ist. So geh\u00f6re das Unternehmen zur ersten Gruppe von Unternehmen, deren Netto-Null-Ziele von der <a href=\"https:\/\/contcept.us19.list-manage.com\/track\/click?u=a98de70658bdff67e06457c10&amp;id=1fb5482207&amp;e=ad8718be2d\">Science Based Targets Initiative<\/a> validiert wurden. Das sei ein entscheidender Schritt auf dem Weg, die kurzfristigen Emissionsreduktionsziele f\u00fcr 2030 zu erreichen, wie es heisst. Konkret geht es dabei um die Reduzierung der Scope 1- und 2-Treibhausgasemissionen um 50 % und der Scope 3-Emissionsintensit\u00e4t um 66,5 % bei eingekauften Waren und Dienstleistungen, 35 % bei verkauften Produkten und 25 % bei vorgelagerten Transporten und Vertrieb. Lenovo arbeitet mit seinen Lieferanten zusammen, um seine Scope-3-Emissionen (Wertsch\u00f6pfungskette) zu reduzieren, die traditionell die gr\u00f6sste Emissionskategorie darstellen und in einer komplexen, globalen Lieferkette am schwierigsten zu verfolgen sind.<\/p>\n<h3>Im Lieferketten-Ranking verbessert<\/h3>\n<p>Im Gesch\u00e4ftsjahr 2022\/23 setzte Lenovo gem\u00e4ss dem Nachhaltigkeitsbericht seinen \u00dcbergang zu einer Kreislaufwirtschaft fort. So habe das Unternehmen die Anzahl der Produkte, die recycelte Inhalte aus ausgedienten IT- und Elektronikger\u00e4ten enthalten, kontinuierlich erh\u00f6ht. Lenovo meldete zudem fast 300 Produkte (298), die recycelte Kunststoffanteile aus ausgedienter IT und Elektronik enthalten. So enthalten beispielsweise die auf der CES 2023 vorgestellten ThinkPad X1-Notebooks bis zu 97 % PCC-Kunststoff (Post Consumer Content) im Akkugeh\u00e4use und bis zu 95 % PCC-Kunststoff in den Lautsprechergeh\u00e4usen und im Netzteil. Und nicht zuletzt hat Lenovo seine Investitionen in erneuerbare Energien erh\u00f6ht und seine Solarenergieerzeugung seit dem Gesch\u00e4ftsjahr 2018\/19 verdreifacht. Die globale Lieferkette von Lenovo konnte in diesem Jahr ihr Ranking verbessern und erreichte Platz 8 in Gartners Top 25 Global Supply Chains. Dar\u00fcber hinaus wurden die ESG-Programme von Lenovo von CDP (Carbon Disclosure Project), MSCI (Morgan Stanley Capital International) und dem Hong Kong Institute of Certified Public Accountants anerkannt.<\/p>\n<h3>Diversity-Initiativen ausgezeichnet<\/h3>\n<p>Auch in Sachen Diversity geht es vorw\u00e4rts: Mit einem Frauenanteil von 37 % in der Belegschaft und 28 % Frauen in technischen Positionen sieht sich Lenovo branchenweit f\u00fchrend bei der Integration von Frauen. Die Bem\u00fchungen um die F\u00f6rderung von Frauen wurden durch die Aufnahme in den Bloomberg Gender-Equality Index zum vierten Mal anerkannt, da Lenovo sein Ziel verfolgt, bis 2025 einen Frauenanteil in F\u00fchrungspositionen von 27 % zu erreichen (derzeit 21 %). Lenovos Werte der Vielfalt und Inklusion werden durch 17 von Mitarbeitern geleitete Ressourcengruppen in Niederlassungen und Regionen auf der ganzen Welt gelebt. Die Gruppen sind auf die individuellen Bed\u00fcrfnisse der einzelnen Diversity-Segmente eines Standorts zugeschnitten, mit speziellen Gruppen f\u00fcr die heutige Belegschaft, von Nachwuchstalenten (Rising Employees At Lenovo) bis hin zu Gruppen, die Eltern am Arbeitsplatz unterst\u00fctzen und die Karriereentwicklung von Menschen mit unterrepr\u00e4sentiertem Hintergrund f\u00f6rdern. Die Initiativen von Lenovo zur Integration der Belegschaft wurden von Forbes, dem Disability Inclusion Index und dem Corporate Equality Index der Human Rights Campaign ausgezeichnet.<\/p>\n<h3>Engagement in der Freiwilligenarbeit<\/h3>\n<p>Im Gesch\u00e4ftsjahr 2022\/23 wuchs auch das globale Philanthropie-Engagement von Lenovo. Das von der unternehmenseigenen Stiftung vorangetriebene Engagement f\u00fchrte zu einer gemeinn\u00fctzigen Wirkung von mehr als 30 Mio. US-Dollar f\u00fcr Gemeinden auf der ganzen Welt (Investitionen in Geldmittel, Produkte und gesch\u00e4tzte Freiwilligenarbeit). Die Stiftung konzentriert sich auf die F\u00f6rderung unterrepr\u00e4sentierter Bev\u00f6lkerungsgruppen, indem sie ihnen den Zugang zu Technologie und MINT-Bildung durch strategische Partnerschaften, Programme wie die TransforMe Skilling Grant Round und ehrenamtliches Engagement von Mitarbeitern wie den Love on Month of Service erleichtert.<\/p>\n<p><em>Quelle: <a href=\"http:\/\/www.lenovo.de\">Lenovo<\/a><\/em><\/p>\n","protected":false},"excerpt":{"rendered":"<p>Lenovo hat seinen 17. j\u00e4hrlichen Umwelt-, Sozial- und Governance-Bericht (ESG-Bericht) ver\u00f6ffentlicht. In dem neuen Bericht gibt das globale Technologieunternehmen Auskunft \u00fcber seine verst\u00e4rkten Investitionen in Solarenergie, die sich seit dem Gesch\u00e4ftsjahr 2018\/19 verdreifacht haben. Die philanthropischen Investitionen, die sich auf fast 30 Millionen US-Dollar belaufen, haben mehr als 16 Millionen Menschen durch globale Programme und Partnerschaften erreicht. <\/p>\n","protected":false},"author":4,"featured_media":20955,"comment_status":"closed","ping_status":"closed","sticky":false,"template":"","format":"standard","meta":{"_acf_changed":false,"_yoast_wpseo_focuskw":"ESG-Bericht","_yoast_wpseo_metadesc":"Das Technologieunternehmen Lenovo hat seinen 17. j\u00e4hrlichen Umwelt-, Sozial- und Governance-Bericht (ESG-Bericht) ver\u00f6ffentlicht.","articlekey":"","footnotes":""},"categories":[580],"tags":[3639,358,492],"class_list":["post-20954","post","type-post","status-publish","format-standard","has-post-thumbnail","hentry","category-sustainability","tag-esg-reporting","tag-nachhaltige-wirtschaft","tag-unternehmen"],"acf":[],"yoast_head":"<!-- This site is optimized with the Yoast SEO plugin v27.5 - https:\/\/yoast.com\/product\/yoast-seo-wordpress\/ -->\n<title>ESG-Bericht von Lenovo: Verdreifachte Erzeugung von Solarenergie - Organisator<\/title>\n<meta name=\"description\" content=\"Das Technologieunternehmen Lenovo hat seinen 17. j\u00e4hrlichen Umwelt-, Sozial- und Governance-Bericht (ESG-Bericht) ver\u00f6ffentlicht.\" \/>\n<meta name=\"robots\" content=\"index, follow, max-snippet:-1, max-image-preview:large, max-video-preview:-1\" \/>\n<link rel=\"canonical\" href=\"https:\/\/www.organisator.ch\/de\/sustainability\/2023-07-06\/esg-bericht-von-lenovo-verdreifachte-erzeugung-von-solarenergie\/\" \/>\n<meta property=\"og:locale\" content=\"de_DE\" \/>\n<meta property=\"og:type\" content=\"article\" \/>\n<meta property=\"og:title\" content=\"ESG-Bericht von Lenovo: Verdreifachte Erzeugung von Solarenergie\" \/>\n<meta property=\"og:description\" content=\"Das Technologieunternehmen Lenovo hat seinen 17. j\u00e4hrlichen Umwelt-, Sozial- und Governance-Bericht (ESG-Bericht) ver\u00f6ffentlicht.\" \/>\n<meta property=\"og:url\" content=\"https:\/\/www.organisator.ch\/de\/sustainability\/2023-07-06\/esg-bericht-von-lenovo-verdreifachte-erzeugung-von-solarenergie\/\" \/>\n<meta property=\"og:site_name\" content=\"Organisator\" \/>\n<meta property=\"article:publisher\" content=\"https:\/\/www.facebook.com\/OrganisatorFachmagazin\" \/>\n<meta property=\"article:published_time\" content=\"2023-07-06T06:50:38+00:00\" \/>\n<meta property=\"og:image\" content=\"https:\/\/www.organisator.ch\/wp-content\/uploads\/2023\/07\/ESG-Bericht-von-Lenovo-Verdreifachte-Erzeugung-von-Solarenergie_Organisator.png\" \/>\n\t<meta property=\"og:image:width\" content=\"680\" \/>\n\t<meta property=\"og:image:height\" content=\"452\" \/>\n\t<meta property=\"og:image:type\" content=\"image\/png\" \/>\n<meta name=\"author\" content=\"thomas.berner\" \/>\n<meta name=\"twitter:card\" content=\"summary_large_image\" \/>\n<meta name=\"twitter:title\" content=\"#ESG-Bericht von #Lenovo: Verdreifachte Erzeugung von #Solarenergie\" \/>\n<meta name=\"twitter:description\" content=\"Das #Technologieunternehmen Lenovo hat seinen 17. j\u00e4hrlichen Umwelt-, Sozial- und Governance-Bericht (#ESG-Bericht) ver\u00f6ffentlicht.\" \/>\n<meta name=\"twitter:image\" content=\"https:\/\/www.organisator.ch\/wp-content\/uploads\/2023\/07\/ESG-Bericht-von-Lenovo-Verdreifachte-Erzeugung-von-Solarenergie_Organisator.png\" \/>\n<script type=\"application\/ld+json\" class=\"yoast-schema-graph\">{\"@context\":\"https:\\\/\\\/schema.org\",\"@graph\":[{\"@type\":\"Article\",\"@id\":\"https:\\\/\\\/www.organisator.ch\\\/sustainability\\\/2023-07-06\\\/esg-bericht-von-lenovo-verdreifachte-erzeugung-von-solarenergie\\\/#article\",\"isPartOf\":{\"@id\":\"https:\\\/\\\/www.organisator.ch\\\/sustainability\\\/2023-07-06\\\/esg-bericht-von-lenovo-verdreifachte-erzeugung-von-solarenergie\\\/\"},\"author\":{\"name\":\"thomas.berner\",\"@id\":\"https:\\\/\\\/www.organisator.ch\\\/#\\\/schema\\\/person\\\/6f650f90b2842cd4c0cc334b4e36f67e\"},\"headline\":\"ESG-Bericht von Lenovo: Verdreifachte Erzeugung von Solarenergie\",\"datePublished\":\"2023-07-06T06:50:38+00:00\",\"mainEntityOfPage\":{\"@id\":\"https:\\\/\\\/www.organisator.ch\\\/sustainability\\\/2023-07-06\\\/esg-bericht-von-lenovo-verdreifachte-erzeugung-von-solarenergie\\\/\"},\"wordCount\":566,\"publisher\":{\"@id\":\"https:\\\/\\\/www.organisator.ch\\\/#organization\"},\"image\":{\"@id\":\"https:\\\/\\\/www.organisator.ch\\\/sustainability\\\/2023-07-06\\\/esg-bericht-von-lenovo-verdreifachte-erzeugung-von-solarenergie\\\/#primaryimage\"},\"thumbnailUrl\":\"https:\\\/\\\/www.organisator.ch\\\/wp-content\\\/uploads\\\/2023\\\/07\\\/ESG-Bericht-von-Lenovo-Verdreifachte-Erzeugung-von-Solarenergie_Organisator.png\",\"keywords\":[\"ESG-Reporting\",\"Nachhaltige Wirtschaft\",\"Unternehmen\"],\"articleSection\":[\"SUSTAINABILITY\"],\"inLanguage\":\"de\"},{\"@type\":\"WebPage\",\"@id\":\"https:\\\/\\\/www.organisator.ch\\\/sustainability\\\/2023-07-06\\\/esg-bericht-von-lenovo-verdreifachte-erzeugung-von-solarenergie\\\/\",\"url\":\"https:\\\/\\\/www.organisator.ch\\\/sustainability\\\/2023-07-06\\\/esg-bericht-von-lenovo-verdreifachte-erzeugung-von-solarenergie\\\/\",\"name\":\"ESG-Bericht von Lenovo: Verdreifachte Erzeugung von Solarenergie - Organisator\",\"isPartOf\":{\"@id\":\"https:\\\/\\\/www.organisator.ch\\\/#website\"},\"primaryImageOfPage\":{\"@id\":\"https:\\\/\\\/www.organisator.ch\\\/sustainability\\\/2023-07-06\\\/esg-bericht-von-lenovo-verdreifachte-erzeugung-von-solarenergie\\\/#primaryimage\"},\"image\":{\"@id\":\"https:\\\/\\\/www.organisator.ch\\\/sustainability\\\/2023-07-06\\\/esg-bericht-von-lenovo-verdreifachte-erzeugung-von-solarenergie\\\/#primaryimage\"},\"thumbnailUrl\":\"https:\\\/\\\/www.organisator.ch\\\/wp-content\\\/uploads\\\/2023\\\/07\\\/ESG-Bericht-von-Lenovo-Verdreifachte-Erzeugung-von-Solarenergie_Organisator.png\",\"datePublished\":\"2023-07-06T06:50:38+00:00\",\"description\":\"Das Technologieunternehmen Lenovo hat seinen 17. j\u00e4hrlichen Umwelt-, Sozial- und Governance-Bericht (ESG-Bericht) ver\u00f6ffentlicht.\",\"breadcrumb\":{\"@id\":\"https:\\\/\\\/www.organisator.ch\\\/sustainability\\\/2023-07-06\\\/esg-bericht-von-lenovo-verdreifachte-erzeugung-von-solarenergie\\\/#breadcrumb\"},\"inLanguage\":\"de\",\"potentialAction\":[{\"@type\":\"ReadAction\",\"target\":[\"https:\\\/\\\/www.organisator.ch\\\/sustainability\\\/2023-07-06\\\/esg-bericht-von-lenovo-verdreifachte-erzeugung-von-solarenergie\\\/\"]}]},{\"@type\":\"ImageObject\",\"inLanguage\":\"de\",\"@id\":\"https:\\\/\\\/www.organisator.ch\\\/sustainability\\\/2023-07-06\\\/esg-bericht-von-lenovo-verdreifachte-erzeugung-von-solarenergie\\\/#primaryimage\",\"url\":\"https:\\\/\\\/www.organisator.ch\\\/wp-content\\\/uploads\\\/2023\\\/07\\\/ESG-Bericht-von-Lenovo-Verdreifachte-Erzeugung-von-Solarenergie_Organisator.png\",\"contentUrl\":\"https:\\\/\\\/www.organisator.ch\\\/wp-content\\\/uploads\\\/2023\\\/07\\\/ESG-Bericht-von-Lenovo-Verdreifachte-Erzeugung-von-Solarenergie_Organisator.png\",\"width\":680,\"height\":452,\"caption\":\"Der Technologiekonzern Lenovo hat seinen 17. j\u00e4hrlichen Umwelt-, Sozial- und Governance-Bericht (ESG-Bericht) ver\u00f6ffentlicht. (Bild: Lenovo)\"},{\"@type\":\"BreadcrumbList\",\"@id\":\"https:\\\/\\\/www.organisator.ch\\\/sustainability\\\/2023-07-06\\\/esg-bericht-von-lenovo-verdreifachte-erzeugung-von-solarenergie\\\/#breadcrumb\",\"itemListElement\":[{\"@type\":\"ListItem\",\"position\":1,\"name\":\"Home\",\"item\":\"https:\\\/\\\/www.organisator.ch\\\/\"},{\"@type\":\"ListItem\",\"position\":2,\"name\":\"ESG-Bericht von Lenovo: Verdreifachte Erzeugung von Solarenergie\"}]},{\"@type\":\"WebSite\",\"@id\":\"https:\\\/\\\/www.organisator.ch\\\/#website\",\"url\":\"https:\\\/\\\/www.organisator.ch\\\/\",\"name\":\"Organisator\",\"description\":\"Kompetent. Praxisnah. Der ORGANISATOR bereitet in 10 Ausgaben pro Jahr die wesentlichen Themen f\u00fcr F\u00fchrungskr\u00e4fte von KMU auf.\",\"publisher\":{\"@id\":\"https:\\\/\\\/www.organisator.ch\\\/#organization\"},\"potentialAction\":[{\"@type\":\"SearchAction\",\"target\":{\"@type\":\"EntryPoint\",\"urlTemplate\":\"https:\\\/\\\/www.organisator.ch\\\/?s={search_term_string}\"},\"query-input\":{\"@type\":\"PropertyValueSpecification\",\"valueRequired\":true,\"valueName\":\"search_term_string\"}}],\"inLanguage\":\"de\"},{\"@type\":\"Organization\",\"@id\":\"https:\\\/\\\/www.organisator.ch\\\/#organization\",\"name\":\"Organisator\",\"url\":\"https:\\\/\\\/www.organisator.ch\\\/\",\"logo\":{\"@type\":\"ImageObject\",\"inLanguage\":\"de\",\"@id\":\"https:\\\/\\\/www.organisator.ch\\\/#\\\/schema\\\/logo\\\/image\\\/\",\"url\":\"https:\\\/\\\/www.organisator.ch\\\/wp-content\\\/uploads\\\/2022\\\/01\\\/Logo_Organisator_Website.png\",\"contentUrl\":\"https:\\\/\\\/www.organisator.ch\\\/wp-content\\\/uploads\\\/2022\\\/01\\\/Logo_Organisator_Website.png\",\"width\":800,\"height\":77,\"caption\":\"Organisator\"},\"image\":{\"@id\":\"https:\\\/\\\/www.organisator.ch\\\/#\\\/schema\\\/logo\\\/image\\\/\"},\"sameAs\":[\"https:\\\/\\\/www.facebook.com\\\/OrganisatorFachmagazin\",\"https:\\\/\\\/www.linkedin.com\\\/showcase\\\/organisator-das-magazin-fr-kmu\",\"https:\\\/\\\/www.xing.com\\\/news\\\/pages\\\/organisator-ch-695\",\"https:\\\/\\\/www.youtube.com\\\/channel\\\/UCGP2Sq0iWaZwT3BdIAQFYpw\"]},{\"@type\":\"Person\",\"@id\":\"https:\\\/\\\/www.organisator.ch\\\/#\\\/schema\\\/person\\\/6f650f90b2842cd4c0cc334b4e36f67e\",\"name\":\"thomas.berner\",\"image\":{\"@type\":\"ImageObject\",\"inLanguage\":\"de\",\"@id\":\"https:\\\/\\\/secure.gravatar.com\\\/avatar\\\/ac5001d2a36cb6c6cd3e50789007ffca834b477b74a2144564522e944eabff61?s=96&d=mm&r=g\",\"url\":\"https:\\\/\\\/secure.gravatar.com\\\/avatar\\\/ac5001d2a36cb6c6cd3e50789007ffca834b477b74a2144564522e944eabff61?s=96&d=mm&r=g\",\"contentUrl\":\"https:\\\/\\\/secure.gravatar.com\\\/avatar\\\/ac5001d2a36cb6c6cd3e50789007ffca834b477b74a2144564522e944eabff61?s=96&d=mm&r=g\",\"caption\":\"thomas.berner\"},\"url\":\"https:\\\/\\\/www.organisator.ch\\\/de\\\/author\\\/thomas-berner\\\/\"}]}<\/script>\n<!-- \/ Yoast SEO plugin. -->","yoast_head_json":{"title":"ESG-Bericht von Lenovo: Verdreifachte Erzeugung von Solarenergie - Organisator","description":"Das Technologieunternehmen Lenovo hat seinen 17. j\u00e4hrlichen Umwelt-, Sozial- und Governance-Bericht (ESG-Bericht) ver\u00f6ffentlicht.","robots":{"index":"index","follow":"follow","max-snippet":"max-snippet:-1","max-image-preview":"max-image-preview:large","max-video-preview":"max-video-preview:-1"},"canonical":"https:\/\/www.organisator.ch\/de\/sustainability\/2023-07-06\/esg-bericht-von-lenovo-verdreifachte-erzeugung-von-solarenergie\/","og_locale":"de_DE","og_type":"article","og_title":"ESG-Bericht von Lenovo: Verdreifachte Erzeugung von Solarenergie","og_description":"Das Technologieunternehmen Lenovo hat seinen 17. j\u00e4hrlichen Umwelt-, Sozial- und Governance-Bericht (ESG-Bericht) ver\u00f6ffentlicht.","og_url":"https:\/\/www.organisator.ch\/de\/sustainability\/2023-07-06\/esg-bericht-von-lenovo-verdreifachte-erzeugung-von-solarenergie\/","og_site_name":"Organisator","article_publisher":"https:\/\/www.facebook.com\/OrganisatorFachmagazin","article_published_time":"2023-07-06T06:50:38+00:00","og_image":[{"width":680,"height":452,"url":"https:\/\/www.organisator.ch\/wp-content\/uploads\/2023\/07\/ESG-Bericht-von-Lenovo-Verdreifachte-Erzeugung-von-Solarenergie_Organisator.png","type":"image\/png"}],"author":"thomas.berner","twitter_card":"summary_large_image","twitter_title":"#ESG-Bericht von #Lenovo: Verdreifachte Erzeugung von #Solarenergie","twitter_description":"Das #Technologieunternehmen Lenovo hat seinen 17. j\u00e4hrlichen Umwelt-, Sozial- und Governance-Bericht (#ESG-Bericht) ver\u00f6ffentlicht.","twitter_image":"https:\/\/www.organisator.ch\/wp-content\/uploads\/2023\/07\/ESG-Bericht-von-Lenovo-Verdreifachte-Erzeugung-von-Solarenergie_Organisator.png","schema":{"@context":"https:\/\/schema.org","@graph":[{"@type":"Article","@id":"https:\/\/www.organisator.ch\/sustainability\/2023-07-06\/esg-bericht-von-lenovo-verdreifachte-erzeugung-von-solarenergie\/#article","isPartOf":{"@id":"https:\/\/www.organisator.ch\/sustainability\/2023-07-06\/esg-bericht-von-lenovo-verdreifachte-erzeugung-von-solarenergie\/"},"author":{"name":"thomas.berner","@id":"https:\/\/www.organisator.ch\/#\/schema\/person\/6f650f90b2842cd4c0cc334b4e36f67e"},"headline":"ESG-Bericht von Lenovo: Verdreifachte Erzeugung von Solarenergie","datePublished":"2023-07-06T06:50:38+00:00","mainEntityOfPage":{"@id":"https:\/\/www.organisator.ch\/sustainability\/2023-07-06\/esg-bericht-von-lenovo-verdreifachte-erzeugung-von-solarenergie\/"},"wordCount":566,"publisher":{"@id":"https:\/\/www.organisator.ch\/#organization"},"image":{"@id":"https:\/\/www.organisator.ch\/sustainability\/2023-07-06\/esg-bericht-von-lenovo-verdreifachte-erzeugung-von-solarenergie\/#primaryimage"},"thumbnailUrl":"https:\/\/www.organisator.ch\/wp-content\/uploads\/2023\/07\/ESG-Bericht-von-Lenovo-Verdreifachte-Erzeugung-von-Solarenergie_Organisator.png","keywords":["ESG-Reporting","Nachhaltige Wirtschaft","Unternehmen"],"articleSection":["SUSTAINABILITY"],"inLanguage":"de"},{"@type":"WebPage","@id":"https:\/\/www.organisator.ch\/sustainability\/2023-07-06\/esg-bericht-von-lenovo-verdreifachte-erzeugung-von-solarenergie\/","url":"https:\/\/www.organisator.ch\/sustainability\/2023-07-06\/esg-bericht-von-lenovo-verdreifachte-erzeugung-von-solarenergie\/","name":"ESG-Bericht von Lenovo: Verdreifachte Erzeugung von Solarenergie - Organisator","isPartOf":{"@id":"https:\/\/www.organisator.ch\/#website"},"primaryImageOfPage":{"@id":"https:\/\/www.organisator.ch\/sustainability\/2023-07-06\/esg-bericht-von-lenovo-verdreifachte-erzeugung-von-solarenergie\/#primaryimage"},"image":{"@id":"https:\/\/www.organisator.ch\/sustainability\/2023-07-06\/esg-bericht-von-lenovo-verdreifachte-erzeugung-von-solarenergie\/#primaryimage"},"thumbnailUrl":"https:\/\/www.organisator.ch\/wp-content\/uploads\/2023\/07\/ESG-Bericht-von-Lenovo-Verdreifachte-Erzeugung-von-Solarenergie_Organisator.png","datePublished":"2023-07-06T06:50:38+00:00","description":"Das Technologieunternehmen Lenovo hat seinen 17. j\u00e4hrlichen Umwelt-, Sozial- und Governance-Bericht (ESG-Bericht) ver\u00f6ffentlicht.","breadcrumb":{"@id":"https:\/\/www.organisator.ch\/sustainability\/2023-07-06\/esg-bericht-von-lenovo-verdreifachte-erzeugung-von-solarenergie\/#breadcrumb"},"inLanguage":"de","potentialAction":[{"@type":"ReadAction","target":["https:\/\/www.organisator.ch\/sustainability\/2023-07-06\/esg-bericht-von-lenovo-verdreifachte-erzeugung-von-solarenergie\/"]}]},{"@type":"ImageObject","inLanguage":"de","@id":"https:\/\/www.organisator.ch\/sustainability\/2023-07-06\/esg-bericht-von-lenovo-verdreifachte-erzeugung-von-solarenergie\/#primaryimage","url":"https:\/\/www.organisator.ch\/wp-content\/uploads\/2023\/07\/ESG-Bericht-von-Lenovo-Verdreifachte-Erzeugung-von-Solarenergie_Organisator.png","contentUrl":"https:\/\/www.organisator.ch\/wp-content\/uploads\/2023\/07\/ESG-Bericht-von-Lenovo-Verdreifachte-Erzeugung-von-Solarenergie_Organisator.png","width":680,"height":452,"caption":"Der Technologiekonzern Lenovo hat seinen 17. j\u00e4hrlichen Umwelt-, Sozial- und Governance-Bericht (ESG-Bericht) ver\u00f6ffentlicht. (Bild: Lenovo)"},{"@type":"BreadcrumbList","@id":"https:\/\/www.organisator.ch\/sustainability\/2023-07-06\/esg-bericht-von-lenovo-verdreifachte-erzeugung-von-solarenergie\/#breadcrumb","itemListElement":[{"@type":"ListItem","position":1,"name":"Home","item":"https:\/\/www.organisator.ch\/"},{"@type":"ListItem","position":2,"name":"ESG-Bericht von Lenovo: Verdreifachte Erzeugung von Solarenergie"}]},{"@type":"WebSite","@id":"https:\/\/www.organisator.ch\/#website","url":"https:\/\/www.organisator.ch\/","name":"Organisator","description":"Kompetent. Praxisnah. Der ORGANISATOR bereitet in 10 Ausgaben pro Jahr die wesentlichen Themen f\u00fcr F\u00fchrungskr\u00e4fte von KMU auf.","publisher":{"@id":"https:\/\/www.organisator.ch\/#organization"},"potentialAction":[{"@type":"SearchAction","target":{"@type":"EntryPoint","urlTemplate":"https:\/\/www.organisator.ch\/?s={search_term_string}"},"query-input":{"@type":"PropertyValueSpecification","valueRequired":true,"valueName":"search_term_string"}}],"inLanguage":"de"},{"@type":"Organization","@id":"https:\/\/www.organisator.ch\/#organization","name":"Organisator","url":"https:\/\/www.organisator.ch\/","logo":{"@type":"ImageObject","inLanguage":"de","@id":"https:\/\/www.organisator.ch\/#\/schema\/logo\/image\/","url":"https:\/\/www.organisator.ch\/wp-content\/uploads\/2022\/01\/Logo_Organisator_Website.png","contentUrl":"https:\/\/www.organisator.ch\/wp-content\/uploads\/2022\/01\/Logo_Organisator_Website.png","width":800,"height":77,"caption":"Organisator"},"image":{"@id":"https:\/\/www.organisator.ch\/#\/schema\/logo\/image\/"},"sameAs":["https:\/\/www.facebook.com\/OrganisatorFachmagazin","https:\/\/www.linkedin.com\/showcase\/organisator-das-magazin-fr-kmu","https:\/\/www.xing.com\/news\/pages\/organisator-ch-695","https:\/\/www.youtube.com\/channel\/UCGP2Sq0iWaZwT3BdIAQFYpw"]},{"@type":"Person","@id":"https:\/\/www.organisator.ch\/#\/schema\/person\/6f650f90b2842cd4c0cc334b4e36f67e","name":"thomas.berner","image":{"@type":"ImageObject","inLanguage":"de","@id":"https:\/\/secure.gravatar.com\/avatar\/ac5001d2a36cb6c6cd3e50789007ffca834b477b74a2144564522e944eabff61?s=96&d=mm&r=g","url":"https:\/\/secure.gravatar.com\/avatar\/ac5001d2a36cb6c6cd3e50789007ffca834b477b74a2144564522e944eabff61?s=96&d=mm&r=g","contentUrl":"https:\/\/secure.gravatar.com\/avatar\/ac5001d2a36cb6c6cd3e50789007ffca834b477b74a2144564522e944eabff61?s=96&d=mm&r=g","caption":"thomas.berner"},"url":"https:\/\/www.organisator.ch\/de\/author\/thomas-berner\/"}]}},"_links":{"self":[{"href":"https:\/\/www.organisator.ch\/de\/wp-json\/wp\/v2\/posts\/20954","targetHints":{"allow":["GET"]}}],"collection":[{"href":"https:\/\/www.organisator.ch\/de\/wp-json\/wp\/v2\/posts"}],"about":[{"href":"https:\/\/www.organisator.ch\/de\/wp-json\/wp\/v2\/types\/post"}],"author":[{"embeddable":true,"href":"https:\/\/www.organisator.ch\/de\/wp-json\/wp\/v2\/users\/4"}],"replies":[{"embeddable":true,"href":"https:\/\/www.organisator.ch\/de\/wp-json\/wp\/v2\/comments?post=20954"}],"version-history":[{"count":3,"href":"https:\/\/www.organisator.ch\/de\/wp-json\/wp\/v2\/posts\/20954\/revisions"}],"predecessor-version":[{"id":21065,"href":"https:\/\/www.organisator.ch\/de\/wp-json\/wp\/v2\/posts\/20954\/revisions\/21065"}],"wp:featuredmedia":[{"embeddable":true,"href":"https:\/\/www.organisator.ch\/de\/wp-json\/wp\/v2\/media\/20955"}],"wp:attachment":[{"href":"https:\/\/www.organisator.ch\/de\/wp-json\/wp\/v2\/media?parent=20954"}],"wp:term":[{"taxonomy":"category","embeddable":true,"href":"https:\/\/www.organisator.ch\/de\/wp-json\/wp\/v2\/categories?post=20954"},{"taxonomy":"post_tag","embeddable":true,"href":"https:\/\/www.organisator.ch\/de\/wp-json\/wp\/v2\/tags?post=20954"}],"curies":[{"name":"wp","href":"https:\/\/api.w.org\/{rel}","templated":true}]}}