{"id":20988,"date":"2023-07-11T04:19:08","date_gmt":"2023-07-11T02:19:08","guid":{"rendered":"https:\/\/www.organisator.ch\/?p=20988"},"modified":"2023-07-07T11:27:14","modified_gmt":"2023-07-07T09:27:14","slug":"berner-fachhochschule-schafft-professur-fuer-digitalisierung-und-nachhaltigkeit","status":"publish","type":"post","link":"https:\/\/www.organisator.ch\/de\/weiterbildung\/2023-07-11\/berner-fachhochschule-schafft-professur-fuer-digitalisierung-und-nachhaltigkeit\/","title":{"rendered":"Berner Fachhochschule schafft Professur f\u00fcr Digitalisierung und Nachhaltigkeit"},"content":{"rendered":"<figure id=\"attachment_20989\" aria-describedby=\"caption-attachment-20989\" style=\"width: 680px\" class=\"wp-caption alignnone\"><img loading=\"lazy\" decoding=\"async\" class=\"size-full wp-image-20989\" src=\"https:\/\/www.organisator.ch\/wp-content\/uploads\/2023\/07\/Berner-Fachhochschule-schafft-Professur-fuer-Digitalisierung-und-Nachhaltigkeit_Organisator.jpg\" alt=\"\" width=\"680\" height=\"469\" srcset=\"https:\/\/www.organisator.ch\/wp-content\/uploads\/2023\/07\/Berner-Fachhochschule-schafft-Professur-fuer-Digitalisierung-und-Nachhaltigkeit_Organisator.jpg 680w, https:\/\/www.organisator.ch\/wp-content\/uploads\/2023\/07\/Berner-Fachhochschule-schafft-Professur-fuer-Digitalisierung-und-Nachhaltigkeit_Organisator-18x12.jpg 18w, https:\/\/www.organisator.ch\/wp-content\/uploads\/2023\/07\/Berner-Fachhochschule-schafft-Professur-fuer-Digitalisierung-und-Nachhaltigkeit_Organisator-375x259.jpg 375w, https:\/\/www.organisator.ch\/wp-content\/uploads\/2023\/07\/Berner-Fachhochschule-schafft-Professur-fuer-Digitalisierung-und-Nachhaltigkeit_Organisator-507x350.jpg 507w\" sizes=\"auto, (max-width: 680px) 100vw, 680px\" \/><figcaption id=\"caption-attachment-20989\" class=\"wp-caption-text\">Dr. Jan Bieser ist neuer Professor f\u00fcr Digitalisierung und Nachhaltigkeit an der Berner Fachhochschule. (Bild: BFH)<\/figcaption><\/figure>\n<p>Home-Office reduziert klimabelastendes Pendeln, Streaming-Plattformen ersetzen die Herstellung und den Transport physischer Medien und k\u00fcnstliche Intelligenz steigert die Energieeffizienz in der Industrie. Digitale Technologien bieten zahlreiche Chancen f\u00fcr eine nachhaltigere Gesellschaft. Die\u00a0<a href=\"https:\/\/gesi.org\/about\">Global e-Sustainability Initiative<\/a>\u00a0sch\u00e4tzte, dass digitale Technologien in 2030 bis zu 20% der weltweiten Treibhausgas-Emissionen vermeiden k\u00f6nnen. \u00abDoch diese Potenziale stellen sich nicht von selbst ein\u00bb, warnt Jan Bieser. \u00abTrotz der rasant fortschreitenden Digitalisierung, die durch die COVID-19-Pandemie weiter beschleunigt wurde, nehmen die globalen Treibhausgas-Emissionen weiter zu.\u00bb<\/p>\n<p>Grund daf\u00fcr sind zum Beispiel der grosse Hunger nach Daten und Rechenleistung, der durch den Durchbruch der k\u00fcnstlichen Intelligenz noch weiter steigen wird. Auch Videostreaming allein verursacht einer Sch\u00e4tzung zu Folge \u00fcber 300 Megatonnen CO2 pro Jahr, mehr als das Land Spanien. Dar\u00fcber hinaus k\u00f6nne die Digitalisierung auch zu einer Zunahme von klimasch\u00e4dlichem Konsum f\u00fchren, f\u00fchrt Bieser aus. \u00abDigitale Produkte und Services sind bequem und rund um die Uhr zug\u00e4nglich.\u00bb<\/p>\n<h3><strong>Digitalisierung und nachhaltige Entwicklung in Einklang bringen\u00a0<\/strong><\/h3>\n<p>Am Institut\u00a0<a href=\"https:\/\/www.bfh.ch\/de\/forschung\/forschungsbereiche\/public-sector-transformation\/\">Public Sector Transformation<\/a>\u00a0der BFH wird Prof. Dr. Jan Bieser der Frage nachgehen, wie Digitalisierung und Nachhaltige Entwicklung in Einklang gebracht werden. Dort verst\u00e4rkt er das\u00a0Digital Sustainability Lab\u00a0im Bereich Forschung und Dienstleistung und unterrichtet unter anderem im interdisziplin\u00e4ren BFH-Masterstudiengang\u00a0Circular Innovation and Sustainability.<\/p>\n<p>Seit mehr als neun Jahren ist Jan Bieser an der Schnittstelle zwischen Digitalisierung und Nachhaltigkeit in der Wissenschaft und Wirtschaft t\u00e4tig. Vor seinem Eintritt an die BFH forschte und lehrte er am\u00a0Gottlieb Duttweiler Institut, am\u00a0KTH Royal Institute of Technology\u00a0in Stockholm und am\u00a0Institut f\u00fcr Informatik\u00a0der Universit\u00e4t Z\u00fcrich, wo er auch promovierte.<\/p>\n<p>Jan Bieser ist Mitglied der\u00a0Digital Society Initiative\u00a0der Universit\u00e4t Z\u00fcrich und war Fellow des\u00a0Global Future Council on Cities of Tomorrow\u00a0des Weltwirtschaftsforums WEF. Von ihm sind zahlreiche Forschungsberichte erschienen, unter anderem in Zusammenarbeit mit dem Wirtschaftsverband Swico, mit Swisscom, Swisscleantech, dem WWF oder Bitkom. Er war auch Hauptautor des ersten Nachhaltigkeitsberichts der Universit\u00e4t Z\u00fcrich. Zuvor arbeitete Bieser im Bereich IT und Nachhaltigkeit bei Detecon Consulting und bei IBM. F\u00fcr ihn ist klar: \u00abDie Potenziale der Digitalisierung m\u00fcssen systematisch ausgesch\u00f6pft werden, wenn wir das Ziel einer nachhaltigen Entwicklung erreichen m\u00f6chten. Gemeinsam mit dem \u00f6ffentlichen Sektor und der Wirtschaft wollen wir deshalb herausfinden, wie das gelingen kann.\u00bb<\/p>\n<h3><strong>\u00abEin wichtiger, strategischer Schritt\u00bb<\/strong><\/h3>\n<p>F\u00fcr die BFH, die sich in ihrer\u00a0Strategie 2023-26\u00a0zur nachhaltigen Entwicklung und einer humanen digitalen Transformation bekannt hat, ist die neue Professur ein strategisch wichtiger Schritt, erkl\u00e4rt Prof. Dr. Matthias St\u00fcrmer, Leiter des Instituts Public Sector Transformation: \u00abIm Digital Sustainability Lab haben wir bereits eine hohe Expertise im Bereich der digitalen Nachhaltigkeit \u2013 also beim Zugang und der Nutzung von digitalem Wissen. Mit Jan Bieser k\u00f6nnen wir nun auch das Thema der nachhaltigen Digitalisierung abdecken und beispielsweise Forschungsfragen rund um k\u00fcnstliche Intelligenz und Nachhaltigkeit vertiefen.\u00bb<\/p>\n<p><em>Quelle: <a href=\"http:\/\/www.bfh.ch\">BFH<\/a><\/em><\/p>\n","protected":false},"excerpt":{"rendered":"<p>Das Departement Wirtschaft der Berner Fachhochschule (BFH) hat Dr. Jan Bieser per 1. Juli 2023 als Professor f\u00fcr Digitalisierung und Nachhaltigkeit berufen. Er baut diesen zukunftstr\u00e4chtigen Themenschwerpunkt am Institut Public Sector Transformation in der Forschung, Lehre und in der Beratung auf.<\/p>\n","protected":false},"author":4,"featured_media":20989,"comment_status":"closed","ping_status":"closed","sticky":false,"template":"","format":"standard","meta":{"_acf_changed":false,"_yoast_wpseo_focuskw":"Berner Fachhochschule","_yoast_wpseo_metadesc":"Die Berner Fachhochschule (BFH) hat Dr. Jan Bieser per 1. Juli 2023 als Professor f\u00fcr Digitalisierung und Nachhaltigkeit berufen.","articlekey":"","footnotes":""},"categories":[30],"tags":[62,156,192,1787,3843],"class_list":["post-20988","post","type-post","status-publish","format-standard","has-post-thumbnail","hentry","category-weiterbildung","tag-aus-weiterbildung","tag-digitalisierung","tag-fachhochschulen","tag-nachhaltigkeit","tag-professur"],"acf":[],"yoast_head":"<!-- This site is optimized with the Yoast SEO plugin v27.4 - https:\/\/yoast.com\/product\/yoast-seo-wordpress\/ -->\n<title>Berner Fachhochschule schafft Professur f\u00fcr Digitalisierung und Nachhaltigkeit - Organisator<\/title>\n<meta name=\"description\" content=\"Die Berner Fachhochschule (BFH) hat Dr. Jan Bieser per 1. Juli 2023 als Professor f\u00fcr Digitalisierung und Nachhaltigkeit berufen.\" \/>\n<meta name=\"robots\" content=\"index, follow, max-snippet:-1, max-image-preview:large, max-video-preview:-1\" \/>\n<link rel=\"canonical\" href=\"https:\/\/www.organisator.ch\/de\/weiterbildung\/2023-07-11\/berner-fachhochschule-schafft-professur-fuer-digitalisierung-und-nachhaltigkeit\/\" \/>\n<meta property=\"og:locale\" content=\"de_DE\" \/>\n<meta property=\"og:type\" content=\"article\" \/>\n<meta property=\"og:title\" content=\"Berner Fachhochschule schafft Professur f\u00fcr Digitalisierung und Nachhaltigkeit\" \/>\n<meta property=\"og:description\" content=\"Die Berner Fachhochschule (BFH) hat Dr. Jan Bieser per 1. Juli 2023 als Professor f\u00fcr Digitalisierung und Nachhaltigkeit berufen.\" \/>\n<meta property=\"og:url\" content=\"https:\/\/www.organisator.ch\/de\/weiterbildung\/2023-07-11\/berner-fachhochschule-schafft-professur-fuer-digitalisierung-und-nachhaltigkeit\/\" \/>\n<meta property=\"og:site_name\" content=\"Organisator\" \/>\n<meta property=\"article:publisher\" content=\"https:\/\/www.facebook.com\/OrganisatorFachmagazin\" \/>\n<meta property=\"article:published_time\" content=\"2023-07-11T02:19:08+00:00\" \/>\n<meta property=\"og:image\" content=\"https:\/\/www.organisator.ch\/wp-content\/uploads\/2023\/07\/Berner-Fachhochschule-schafft-Professur-fuer-Digitalisierung-und-Nachhaltigkeit_Organisator.jpg\" \/>\n\t<meta property=\"og:image:width\" content=\"680\" \/>\n\t<meta property=\"og:image:height\" content=\"469\" \/>\n\t<meta property=\"og:image:type\" content=\"image\/jpeg\" \/>\n<meta name=\"author\" content=\"thomas.berner\" \/>\n<meta name=\"twitter:card\" content=\"summary_large_image\" \/>\n<meta name=\"twitter:title\" content=\"Berner #Fachhochschule schafft Professur f\u00fcr #Digitalisierung und #Nachhaltigkeit\" \/>\n<meta name=\"twitter:description\" content=\"Die Berner #Fachhochschule (#BFH) hat Dr. Jan #Bieser per 1. Juli 2023 als Professor f\u00fcr #Digitalisierung und #Nachhaltigkeit berufen.\" \/>\n<meta name=\"twitter:image\" content=\"https:\/\/www.organisator.ch\/wp-content\/uploads\/2023\/07\/Berner-Fachhochschule-schafft-Professur-fuer-Digitalisierung-und-Nachhaltigkeit_Organisator.jpg\" \/>\n<script type=\"application\/ld+json\" class=\"yoast-schema-graph\">{\"@context\":\"https:\\\/\\\/schema.org\",\"@graph\":[{\"@type\":\"Article\",\"@id\":\"https:\\\/\\\/www.organisator.ch\\\/weiterbildung\\\/2023-07-11\\\/berner-fachhochschule-schafft-professur-fuer-digitalisierung-und-nachhaltigkeit\\\/#article\",\"isPartOf\":{\"@id\":\"https:\\\/\\\/www.organisator.ch\\\/weiterbildung\\\/2023-07-11\\\/berner-fachhochschule-schafft-professur-fuer-digitalisierung-und-nachhaltigkeit\\\/\"},\"author\":{\"name\":\"thomas.berner\",\"@id\":\"https:\\\/\\\/www.organisator.ch\\\/#\\\/schema\\\/person\\\/6f650f90b2842cd4c0cc334b4e36f67e\"},\"headline\":\"Berner Fachhochschule schafft Professur f\u00fcr Digitalisierung und Nachhaltigkeit\",\"datePublished\":\"2023-07-11T02:19:08+00:00\",\"mainEntityOfPage\":{\"@id\":\"https:\\\/\\\/www.organisator.ch\\\/weiterbildung\\\/2023-07-11\\\/berner-fachhochschule-schafft-professur-fuer-digitalisierung-und-nachhaltigkeit\\\/\"},\"wordCount\":519,\"publisher\":{\"@id\":\"https:\\\/\\\/www.organisator.ch\\\/#organization\"},\"image\":{\"@id\":\"https:\\\/\\\/www.organisator.ch\\\/weiterbildung\\\/2023-07-11\\\/berner-fachhochschule-schafft-professur-fuer-digitalisierung-und-nachhaltigkeit\\\/#primaryimage\"},\"thumbnailUrl\":\"https:\\\/\\\/www.organisator.ch\\\/wp-content\\\/uploads\\\/2023\\\/07\\\/Berner-Fachhochschule-schafft-Professur-fuer-Digitalisierung-und-Nachhaltigkeit_Organisator.jpg\",\"keywords\":[\"Aus-\\\/Weiterbildung\",\"Digitalisierung\",\"Fachhochschulen\",\"Nachhaltigkeit\",\"Professur\"],\"articleSection\":[\"WEITERBILDUNG\"],\"inLanguage\":\"de\"},{\"@type\":\"WebPage\",\"@id\":\"https:\\\/\\\/www.organisator.ch\\\/weiterbildung\\\/2023-07-11\\\/berner-fachhochschule-schafft-professur-fuer-digitalisierung-und-nachhaltigkeit\\\/\",\"url\":\"https:\\\/\\\/www.organisator.ch\\\/weiterbildung\\\/2023-07-11\\\/berner-fachhochschule-schafft-professur-fuer-digitalisierung-und-nachhaltigkeit\\\/\",\"name\":\"Berner Fachhochschule schafft Professur f\u00fcr Digitalisierung und Nachhaltigkeit - Organisator\",\"isPartOf\":{\"@id\":\"https:\\\/\\\/www.organisator.ch\\\/#website\"},\"primaryImageOfPage\":{\"@id\":\"https:\\\/\\\/www.organisator.ch\\\/weiterbildung\\\/2023-07-11\\\/berner-fachhochschule-schafft-professur-fuer-digitalisierung-und-nachhaltigkeit\\\/#primaryimage\"},\"image\":{\"@id\":\"https:\\\/\\\/www.organisator.ch\\\/weiterbildung\\\/2023-07-11\\\/berner-fachhochschule-schafft-professur-fuer-digitalisierung-und-nachhaltigkeit\\\/#primaryimage\"},\"thumbnailUrl\":\"https:\\\/\\\/www.organisator.ch\\\/wp-content\\\/uploads\\\/2023\\\/07\\\/Berner-Fachhochschule-schafft-Professur-fuer-Digitalisierung-und-Nachhaltigkeit_Organisator.jpg\",\"datePublished\":\"2023-07-11T02:19:08+00:00\",\"description\":\"Die Berner Fachhochschule (BFH) hat Dr. Jan Bieser per 1. Juli 2023 als Professor f\u00fcr Digitalisierung und Nachhaltigkeit berufen.\",\"breadcrumb\":{\"@id\":\"https:\\\/\\\/www.organisator.ch\\\/weiterbildung\\\/2023-07-11\\\/berner-fachhochschule-schafft-professur-fuer-digitalisierung-und-nachhaltigkeit\\\/#breadcrumb\"},\"inLanguage\":\"de\",\"potentialAction\":[{\"@type\":\"ReadAction\",\"target\":[\"https:\\\/\\\/www.organisator.ch\\\/weiterbildung\\\/2023-07-11\\\/berner-fachhochschule-schafft-professur-fuer-digitalisierung-und-nachhaltigkeit\\\/\"]}]},{\"@type\":\"ImageObject\",\"inLanguage\":\"de\",\"@id\":\"https:\\\/\\\/www.organisator.ch\\\/weiterbildung\\\/2023-07-11\\\/berner-fachhochschule-schafft-professur-fuer-digitalisierung-und-nachhaltigkeit\\\/#primaryimage\",\"url\":\"https:\\\/\\\/www.organisator.ch\\\/wp-content\\\/uploads\\\/2023\\\/07\\\/Berner-Fachhochschule-schafft-Professur-fuer-Digitalisierung-und-Nachhaltigkeit_Organisator.jpg\",\"contentUrl\":\"https:\\\/\\\/www.organisator.ch\\\/wp-content\\\/uploads\\\/2023\\\/07\\\/Berner-Fachhochschule-schafft-Professur-fuer-Digitalisierung-und-Nachhaltigkeit_Organisator.jpg\",\"width\":680,\"height\":469,\"caption\":\"Dr. Jan Bieser ist neuer Professor f\u00fcr Digitalisierung und Nachhaltigkeit an der Berner Fachhochschule. (Bild: BFH)\"},{\"@type\":\"BreadcrumbList\",\"@id\":\"https:\\\/\\\/www.organisator.ch\\\/weiterbildung\\\/2023-07-11\\\/berner-fachhochschule-schafft-professur-fuer-digitalisierung-und-nachhaltigkeit\\\/#breadcrumb\",\"itemListElement\":[{\"@type\":\"ListItem\",\"position\":1,\"name\":\"Home\",\"item\":\"https:\\\/\\\/www.organisator.ch\\\/\"},{\"@type\":\"ListItem\",\"position\":2,\"name\":\"Berner Fachhochschule schafft Professur f\u00fcr Digitalisierung und Nachhaltigkeit\"}]},{\"@type\":\"WebSite\",\"@id\":\"https:\\\/\\\/www.organisator.ch\\\/#website\",\"url\":\"https:\\\/\\\/www.organisator.ch\\\/\",\"name\":\"Organisator\",\"description\":\"Kompetent. Praxisnah. Der ORGANISATOR bereitet in 10 Ausgaben pro Jahr die wesentlichen Themen f\u00fcr F\u00fchrungskr\u00e4fte von KMU auf.\",\"publisher\":{\"@id\":\"https:\\\/\\\/www.organisator.ch\\\/#organization\"},\"potentialAction\":[{\"@type\":\"SearchAction\",\"target\":{\"@type\":\"EntryPoint\",\"urlTemplate\":\"https:\\\/\\\/www.organisator.ch\\\/?s={search_term_string}\"},\"query-input\":{\"@type\":\"PropertyValueSpecification\",\"valueRequired\":true,\"valueName\":\"search_term_string\"}}],\"inLanguage\":\"de\"},{\"@type\":\"Organization\",\"@id\":\"https:\\\/\\\/www.organisator.ch\\\/#organization\",\"name\":\"Organisator\",\"url\":\"https:\\\/\\\/www.organisator.ch\\\/\",\"logo\":{\"@type\":\"ImageObject\",\"inLanguage\":\"de\",\"@id\":\"https:\\\/\\\/www.organisator.ch\\\/#\\\/schema\\\/logo\\\/image\\\/\",\"url\":\"https:\\\/\\\/www.organisator.ch\\\/wp-content\\\/uploads\\\/2022\\\/01\\\/Logo_Organisator_Website.png\",\"contentUrl\":\"https:\\\/\\\/www.organisator.ch\\\/wp-content\\\/uploads\\\/2022\\\/01\\\/Logo_Organisator_Website.png\",\"width\":800,\"height\":77,\"caption\":\"Organisator\"},\"image\":{\"@id\":\"https:\\\/\\\/www.organisator.ch\\\/#\\\/schema\\\/logo\\\/image\\\/\"},\"sameAs\":[\"https:\\\/\\\/www.facebook.com\\\/OrganisatorFachmagazin\",\"https:\\\/\\\/www.linkedin.com\\\/showcase\\\/organisator-das-magazin-fr-kmu\",\"https:\\\/\\\/www.xing.com\\\/news\\\/pages\\\/organisator-ch-695\",\"https:\\\/\\\/www.youtube.com\\\/channel\\\/UCGP2Sq0iWaZwT3BdIAQFYpw\"]},{\"@type\":\"Person\",\"@id\":\"https:\\\/\\\/www.organisator.ch\\\/#\\\/schema\\\/person\\\/6f650f90b2842cd4c0cc334b4e36f67e\",\"name\":\"thomas.berner\",\"image\":{\"@type\":\"ImageObject\",\"inLanguage\":\"de\",\"@id\":\"https:\\\/\\\/secure.gravatar.com\\\/avatar\\\/ac5001d2a36cb6c6cd3e50789007ffca834b477b74a2144564522e944eabff61?s=96&d=mm&r=g\",\"url\":\"https:\\\/\\\/secure.gravatar.com\\\/avatar\\\/ac5001d2a36cb6c6cd3e50789007ffca834b477b74a2144564522e944eabff61?s=96&d=mm&r=g\",\"contentUrl\":\"https:\\\/\\\/secure.gravatar.com\\\/avatar\\\/ac5001d2a36cb6c6cd3e50789007ffca834b477b74a2144564522e944eabff61?s=96&d=mm&r=g\",\"caption\":\"thomas.berner\"},\"url\":\"https:\\\/\\\/www.organisator.ch\\\/de\\\/author\\\/thomas-berner\\\/\"}]}<\/script>\n<!-- \/ Yoast SEO plugin. -->","yoast_head_json":{"title":"Berner Fachhochschule schafft Professur f\u00fcr Digitalisierung und Nachhaltigkeit - Organisator","description":"Die Berner Fachhochschule (BFH) hat Dr. Jan Bieser per 1. Juli 2023 als Professor f\u00fcr Digitalisierung und Nachhaltigkeit berufen.","robots":{"index":"index","follow":"follow","max-snippet":"max-snippet:-1","max-image-preview":"max-image-preview:large","max-video-preview":"max-video-preview:-1"},"canonical":"https:\/\/www.organisator.ch\/de\/weiterbildung\/2023-07-11\/berner-fachhochschule-schafft-professur-fuer-digitalisierung-und-nachhaltigkeit\/","og_locale":"de_DE","og_type":"article","og_title":"Berner Fachhochschule schafft Professur f\u00fcr Digitalisierung und Nachhaltigkeit","og_description":"Die Berner Fachhochschule (BFH) hat Dr. Jan Bieser per 1. Juli 2023 als Professor f\u00fcr Digitalisierung und Nachhaltigkeit berufen.","og_url":"https:\/\/www.organisator.ch\/de\/weiterbildung\/2023-07-11\/berner-fachhochschule-schafft-professur-fuer-digitalisierung-und-nachhaltigkeit\/","og_site_name":"Organisator","article_publisher":"https:\/\/www.facebook.com\/OrganisatorFachmagazin","article_published_time":"2023-07-11T02:19:08+00:00","og_image":[{"width":680,"height":469,"url":"https:\/\/www.organisator.ch\/wp-content\/uploads\/2023\/07\/Berner-Fachhochschule-schafft-Professur-fuer-Digitalisierung-und-Nachhaltigkeit_Organisator.jpg","type":"image\/jpeg"}],"author":"thomas.berner","twitter_card":"summary_large_image","twitter_title":"Berner #Fachhochschule schafft Professur f\u00fcr #Digitalisierung und #Nachhaltigkeit","twitter_description":"Die Berner #Fachhochschule (#BFH) hat Dr. Jan #Bieser per 1. Juli 2023 als Professor f\u00fcr #Digitalisierung und #Nachhaltigkeit berufen.","twitter_image":"https:\/\/www.organisator.ch\/wp-content\/uploads\/2023\/07\/Berner-Fachhochschule-schafft-Professur-fuer-Digitalisierung-und-Nachhaltigkeit_Organisator.jpg","schema":{"@context":"https:\/\/schema.org","@graph":[{"@type":"Article","@id":"https:\/\/www.organisator.ch\/weiterbildung\/2023-07-11\/berner-fachhochschule-schafft-professur-fuer-digitalisierung-und-nachhaltigkeit\/#article","isPartOf":{"@id":"https:\/\/www.organisator.ch\/weiterbildung\/2023-07-11\/berner-fachhochschule-schafft-professur-fuer-digitalisierung-und-nachhaltigkeit\/"},"author":{"name":"thomas.berner","@id":"https:\/\/www.organisator.ch\/#\/schema\/person\/6f650f90b2842cd4c0cc334b4e36f67e"},"headline":"Berner Fachhochschule schafft Professur f\u00fcr Digitalisierung und Nachhaltigkeit","datePublished":"2023-07-11T02:19:08+00:00","mainEntityOfPage":{"@id":"https:\/\/www.organisator.ch\/weiterbildung\/2023-07-11\/berner-fachhochschule-schafft-professur-fuer-digitalisierung-und-nachhaltigkeit\/"},"wordCount":519,"publisher":{"@id":"https:\/\/www.organisator.ch\/#organization"},"image":{"@id":"https:\/\/www.organisator.ch\/weiterbildung\/2023-07-11\/berner-fachhochschule-schafft-professur-fuer-digitalisierung-und-nachhaltigkeit\/#primaryimage"},"thumbnailUrl":"https:\/\/www.organisator.ch\/wp-content\/uploads\/2023\/07\/Berner-Fachhochschule-schafft-Professur-fuer-Digitalisierung-und-Nachhaltigkeit_Organisator.jpg","keywords":["Aus-\/Weiterbildung","Digitalisierung","Fachhochschulen","Nachhaltigkeit","Professur"],"articleSection":["WEITERBILDUNG"],"inLanguage":"de"},{"@type":"WebPage","@id":"https:\/\/www.organisator.ch\/weiterbildung\/2023-07-11\/berner-fachhochschule-schafft-professur-fuer-digitalisierung-und-nachhaltigkeit\/","url":"https:\/\/www.organisator.ch\/weiterbildung\/2023-07-11\/berner-fachhochschule-schafft-professur-fuer-digitalisierung-und-nachhaltigkeit\/","name":"Berner Fachhochschule schafft Professur f\u00fcr Digitalisierung und Nachhaltigkeit - Organisator","isPartOf":{"@id":"https:\/\/www.organisator.ch\/#website"},"primaryImageOfPage":{"@id":"https:\/\/www.organisator.ch\/weiterbildung\/2023-07-11\/berner-fachhochschule-schafft-professur-fuer-digitalisierung-und-nachhaltigkeit\/#primaryimage"},"image":{"@id":"https:\/\/www.organisator.ch\/weiterbildung\/2023-07-11\/berner-fachhochschule-schafft-professur-fuer-digitalisierung-und-nachhaltigkeit\/#primaryimage"},"thumbnailUrl":"https:\/\/www.organisator.ch\/wp-content\/uploads\/2023\/07\/Berner-Fachhochschule-schafft-Professur-fuer-Digitalisierung-und-Nachhaltigkeit_Organisator.jpg","datePublished":"2023-07-11T02:19:08+00:00","description":"Die Berner Fachhochschule (BFH) hat Dr. Jan Bieser per 1. Juli 2023 als Professor f\u00fcr Digitalisierung und Nachhaltigkeit berufen.","breadcrumb":{"@id":"https:\/\/www.organisator.ch\/weiterbildung\/2023-07-11\/berner-fachhochschule-schafft-professur-fuer-digitalisierung-und-nachhaltigkeit\/#breadcrumb"},"inLanguage":"de","potentialAction":[{"@type":"ReadAction","target":["https:\/\/www.organisator.ch\/weiterbildung\/2023-07-11\/berner-fachhochschule-schafft-professur-fuer-digitalisierung-und-nachhaltigkeit\/"]}]},{"@type":"ImageObject","inLanguage":"de","@id":"https:\/\/www.organisator.ch\/weiterbildung\/2023-07-11\/berner-fachhochschule-schafft-professur-fuer-digitalisierung-und-nachhaltigkeit\/#primaryimage","url":"https:\/\/www.organisator.ch\/wp-content\/uploads\/2023\/07\/Berner-Fachhochschule-schafft-Professur-fuer-Digitalisierung-und-Nachhaltigkeit_Organisator.jpg","contentUrl":"https:\/\/www.organisator.ch\/wp-content\/uploads\/2023\/07\/Berner-Fachhochschule-schafft-Professur-fuer-Digitalisierung-und-Nachhaltigkeit_Organisator.jpg","width":680,"height":469,"caption":"Dr. Jan Bieser ist neuer Professor f\u00fcr Digitalisierung und Nachhaltigkeit an der Berner Fachhochschule. (Bild: BFH)"},{"@type":"BreadcrumbList","@id":"https:\/\/www.organisator.ch\/weiterbildung\/2023-07-11\/berner-fachhochschule-schafft-professur-fuer-digitalisierung-und-nachhaltigkeit\/#breadcrumb","itemListElement":[{"@type":"ListItem","position":1,"name":"Home","item":"https:\/\/www.organisator.ch\/"},{"@type":"ListItem","position":2,"name":"Berner Fachhochschule schafft Professur f\u00fcr Digitalisierung und Nachhaltigkeit"}]},{"@type":"WebSite","@id":"https:\/\/www.organisator.ch\/#website","url":"https:\/\/www.organisator.ch\/","name":"Organisator","description":"Kompetent. Praxisnah. Der ORGANISATOR bereitet in 10 Ausgaben pro Jahr die wesentlichen Themen f\u00fcr F\u00fchrungskr\u00e4fte von KMU auf.","publisher":{"@id":"https:\/\/www.organisator.ch\/#organization"},"potentialAction":[{"@type":"SearchAction","target":{"@type":"EntryPoint","urlTemplate":"https:\/\/www.organisator.ch\/?s={search_term_string}"},"query-input":{"@type":"PropertyValueSpecification","valueRequired":true,"valueName":"search_term_string"}}],"inLanguage":"de"},{"@type":"Organization","@id":"https:\/\/www.organisator.ch\/#organization","name":"Organisator","url":"https:\/\/www.organisator.ch\/","logo":{"@type":"ImageObject","inLanguage":"de","@id":"https:\/\/www.organisator.ch\/#\/schema\/logo\/image\/","url":"https:\/\/www.organisator.ch\/wp-content\/uploads\/2022\/01\/Logo_Organisator_Website.png","contentUrl":"https:\/\/www.organisator.ch\/wp-content\/uploads\/2022\/01\/Logo_Organisator_Website.png","width":800,"height":77,"caption":"Organisator"},"image":{"@id":"https:\/\/www.organisator.ch\/#\/schema\/logo\/image\/"},"sameAs":["https:\/\/www.facebook.com\/OrganisatorFachmagazin","https:\/\/www.linkedin.com\/showcase\/organisator-das-magazin-fr-kmu","https:\/\/www.xing.com\/news\/pages\/organisator-ch-695","https:\/\/www.youtube.com\/channel\/UCGP2Sq0iWaZwT3BdIAQFYpw"]},{"@type":"Person","@id":"https:\/\/www.organisator.ch\/#\/schema\/person\/6f650f90b2842cd4c0cc334b4e36f67e","name":"thomas.berner","image":{"@type":"ImageObject","inLanguage":"de","@id":"https:\/\/secure.gravatar.com\/avatar\/ac5001d2a36cb6c6cd3e50789007ffca834b477b74a2144564522e944eabff61?s=96&d=mm&r=g","url":"https:\/\/secure.gravatar.com\/avatar\/ac5001d2a36cb6c6cd3e50789007ffca834b477b74a2144564522e944eabff61?s=96&d=mm&r=g","contentUrl":"https:\/\/secure.gravatar.com\/avatar\/ac5001d2a36cb6c6cd3e50789007ffca834b477b74a2144564522e944eabff61?s=96&d=mm&r=g","caption":"thomas.berner"},"url":"https:\/\/www.organisator.ch\/de\/author\/thomas-berner\/"}]}},"_links":{"self":[{"href":"https:\/\/www.organisator.ch\/de\/wp-json\/wp\/v2\/posts\/20988","targetHints":{"allow":["GET"]}}],"collection":[{"href":"https:\/\/www.organisator.ch\/de\/wp-json\/wp\/v2\/posts"}],"about":[{"href":"https:\/\/www.organisator.ch\/de\/wp-json\/wp\/v2\/types\/post"}],"author":[{"embeddable":true,"href":"https:\/\/www.organisator.ch\/de\/wp-json\/wp\/v2\/users\/4"}],"replies":[{"embeddable":true,"href":"https:\/\/www.organisator.ch\/de\/wp-json\/wp\/v2\/comments?post=20988"}],"version-history":[{"count":1,"href":"https:\/\/www.organisator.ch\/de\/wp-json\/wp\/v2\/posts\/20988\/revisions"}],"predecessor-version":[{"id":20990,"href":"https:\/\/www.organisator.ch\/de\/wp-json\/wp\/v2\/posts\/20988\/revisions\/20990"}],"wp:featuredmedia":[{"embeddable":true,"href":"https:\/\/www.organisator.ch\/de\/wp-json\/wp\/v2\/media\/20989"}],"wp:attachment":[{"href":"https:\/\/www.organisator.ch\/de\/wp-json\/wp\/v2\/media?parent=20988"}],"wp:term":[{"taxonomy":"category","embeddable":true,"href":"https:\/\/www.organisator.ch\/de\/wp-json\/wp\/v2\/categories?post=20988"},{"taxonomy":"post_tag","embeddable":true,"href":"https:\/\/www.organisator.ch\/de\/wp-json\/wp\/v2\/tags?post=20988"}],"curies":[{"name":"wp","href":"https:\/\/api.w.org\/{rel}","templated":true}]}}