{"id":21011,"date":"2023-07-13T10:59:29","date_gmt":"2023-07-13T08:59:29","guid":{"rendered":"https:\/\/www.werbewoche.ch\/?p=200601"},"modified":"2024-11-15T05:27:45","modified_gmt":"2024-11-15T04:27:45","slug":"franck-chenet-wird-group-marketing-director-der-raja-gruppe","status":"publish","type":"post","link":"https:\/\/www.organisator.ch\/de\/marketing\/2023-07-13\/franck-chenet-wird-group-marketing-director-der-raja-gruppe\/","title":{"rendered":"Franck Chenet wird Group Marketing Director der Raja-Gruppe"},"content":{"rendered":"<figure id=\"attachment_200602\" class=\"wp-caption aligncenter\" style=\"width: 1200px\" aria-describedby=\"caption-attachment-200602\"><img class=\"aligncenter wp-image-200602 size-full\" src=\"https:\/\/www.werbewoche.ch\/wp-content\/uploads\/2023\/07\/Raja-Franck-Chenet-Marketing-Directorjpeg.jpg\" alt=\"Franck Chenet\" width=\"1200\" height=\"900\" \/>\r\n<figcaption id=\"caption-attachment-200602\" class=\"wp-caption-text\">(Bild: zVg.)<\/figcaption>\r\n<\/figure>\r\n<p>Die Raja-Gruppe hat den 52-j\u00e4hrigen Franck Chenet in die neu geschaffene Position des Group Marketing Director berufen. Zudem wurde er zum Mitglied des Managementkomitees der Gruppe ernannt. Er berichtet an Nathalie Chapusot, Mitglied des Executive Committee der Raja-Gruppe und Gesch\u00e4ftsf\u00fchrerin f\u00fcr Marketing und Technologie.<\/p>\r\n<p>Chenet ist ab sofort f\u00fcr die Entwicklung der Multichannel-Strategien der Gruppe und f\u00fcr die Optimierung des Kundenlerlebnisses verantwortlich. Unter ihm soll das Markenprofil der Gruppe gesch\u00e4rft als auch die Zusammenarbeit der funktions\u00fcbergreifenden Marketing-Teams auf internationaler Ebene intensiviert werden.<\/p>\r\n<p>Der geb\u00fcrtige Franzose begann seine berufliche Laufbahn in Kanada und den USA. Er arbeitete 13 Jahre lang bei Brodart. Zuletzt war er bei Brodart als Mitglied des Exekutivausschusses f\u00fcr die internationale Entwicklung zust\u00e4ndig.<\/p>\r\n<p>Im Jahr 2008 kehrte Franck Chenet nach Frankreich zur\u00fcck und \u00fcbernahm bei der Fiducial Group, einer Unternehmensgruppe f\u00fcr B2B-Serviceleistungen, verschiedene Positionen im Vertriebs- und Marketingmanagement. Im Jahr 2014 wurde er Gesch\u00e4ftsf\u00fchrer von Skinjay, einem Kosmetik-Start-up in Lyon, Frankreich. Von 2016 bis 2022 war Franck Chenet bei Antalis als Group Director f\u00fcr digitale Transformation, Service, Kommunikation und Corporate Social Responsibility zust\u00e4ndig.<\/p>\r\n<p>Franck Chenet studierte an der Ecole Nationale de Commerce de Paris in Frankreich und an der Penn State University in Pennsylvania, USA. Als Experte f\u00fcr digitale Transformation spricht Chenet zudem auf zahlreichen Konferenzen. Er ist Mitglied des Verwaltungsrats von Adetem, dem franz\u00f6sischen Berufsverband f\u00fcr Marketingfachleute.<\/p>","protected":false},"excerpt":{"rendered":"<p>Als Marketing Director der Raja-Gruppe wird Franck Chenet neue Multichannel-Strategien entwickeln und die Zusammenarbeit zwischen den funktions\u00fcbergreifenden Marketingteams in ganz Europa koordinieren.<\/p>\n","protected":false},"author":8,"featured_media":0,"comment_status":"closed","ping_status":"closed","sticky":false,"template":"","format":"standard","meta":{"_acf_changed":false,"_yoast_wpseo_focuskw":"Franck Chenet","_yoast_wpseo_metadesc":"Franck Chenet wird Group Marketing Director der Raja-Gruppe. Fokus auf Multichannel-Strategien und Kundenbindung.","articlekey":"","footnotes":""},"categories":[29],"tags":[3848],"class_list":["post-21011","post","type-post","status-publish","format-standard","hentry","category-marketing","tag-raja"],"acf":[],"yoast_head":"<!-- This site is optimized with the Yoast SEO plugin v27.5 - https:\/\/yoast.com\/product\/yoast-seo-wordpress\/ -->\n<title>Franck Chenet wird Group Marketing Director der Raja-Gruppe - Organisator<\/title>\n<meta name=\"description\" content=\"Franck Chenet wird Group Marketing Director der Raja-Gruppe. Fokus auf Multichannel-Strategien und Kundenbindung.\" \/>\n<meta name=\"robots\" content=\"index, follow, max-snippet:-1, max-image-preview:large, max-video-preview:-1\" \/>\n<link rel=\"canonical\" href=\"https:\/\/www.organisator.ch\/de\/marketing\/2023-07-13\/franck-chenet-wird-group-marketing-director-der-raja-gruppe\/\" \/>\n<meta property=\"og:locale\" content=\"de_DE\" \/>\n<meta property=\"og:type\" content=\"article\" \/>\n<meta property=\"og:title\" content=\"Franck Chenet wird Group Marketing Director der Raja-Gruppe - Organisator\" \/>\n<meta property=\"og:description\" content=\"Franck Chenet wird Group Marketing Director der Raja-Gruppe. Fokus auf Multichannel-Strategien und Kundenbindung.\" \/>\n<meta property=\"og:url\" content=\"https:\/\/www.organisator.ch\/de\/marketing\/2023-07-13\/franck-chenet-wird-group-marketing-director-der-raja-gruppe\/\" \/>\n<meta property=\"og:site_name\" content=\"Organisator\" \/>\n<meta property=\"article:publisher\" content=\"https:\/\/www.facebook.com\/OrganisatorFachmagazin\" \/>\n<meta property=\"article:published_time\" content=\"2023-07-13T08:59:29+00:00\" \/>\n<meta property=\"article:modified_time\" content=\"2024-11-15T04:27:45+00:00\" \/>\n<meta name=\"author\" content=\"galledia\" \/>\n<meta name=\"twitter:card\" content=\"summary_large_image\" \/>\n<meta name=\"twitter:creator\" content=\"@admin\" \/>\n<script type=\"application\/ld+json\" class=\"yoast-schema-graph\">{\"@context\":\"https:\\\/\\\/schema.org\",\"@graph\":[{\"@type\":\"Article\",\"@id\":\"https:\\\/\\\/www.organisator.ch\\\/marketing\\\/2023-07-13\\\/franck-chenet-wird-group-marketing-director-der-raja-gruppe\\\/#article\",\"isPartOf\":{\"@id\":\"https:\\\/\\\/www.organisator.ch\\\/marketing\\\/2023-07-13\\\/franck-chenet-wird-group-marketing-director-der-raja-gruppe\\\/\"},\"author\":{\"name\":\"galledia\",\"@id\":\"https:\\\/\\\/www.organisator.ch\\\/#\\\/schema\\\/person\\\/4e51799071cd2dd1232ac003643ef5f0\"},\"headline\":\"Franck Chenet wird Group Marketing Director der Raja-Gruppe\",\"datePublished\":\"2023-07-13T08:59:29+00:00\",\"dateModified\":\"2024-11-15T04:27:45+00:00\",\"mainEntityOfPage\":{\"@id\":\"https:\\\/\\\/www.organisator.ch\\\/marketing\\\/2023-07-13\\\/franck-chenet-wird-group-marketing-director-der-raja-gruppe\\\/\"},\"wordCount\":246,\"publisher\":{\"@id\":\"https:\\\/\\\/www.organisator.ch\\\/#organization\"},\"image\":{\"@id\":\"https:\\\/\\\/www.organisator.ch\\\/marketing\\\/2023-07-13\\\/franck-chenet-wird-group-marketing-director-der-raja-gruppe\\\/#primaryimage\"},\"thumbnailUrl\":\"https:\\\/\\\/www.werbewoche.ch\\\/wp-content\\\/uploads\\\/2023\\\/07\\\/Raja-Franck-Chenet-Marketing-Directorjpeg.jpg\",\"keywords\":[\"Raja\"],\"articleSection\":[\"MARKETING\"],\"inLanguage\":\"de\"},{\"@type\":\"WebPage\",\"@id\":\"https:\\\/\\\/www.organisator.ch\\\/marketing\\\/2023-07-13\\\/franck-chenet-wird-group-marketing-director-der-raja-gruppe\\\/\",\"url\":\"https:\\\/\\\/www.organisator.ch\\\/marketing\\\/2023-07-13\\\/franck-chenet-wird-group-marketing-director-der-raja-gruppe\\\/\",\"name\":\"Franck Chenet wird Group Marketing Director der Raja-Gruppe - Organisator\",\"isPartOf\":{\"@id\":\"https:\\\/\\\/www.organisator.ch\\\/#website\"},\"primaryImageOfPage\":{\"@id\":\"https:\\\/\\\/www.organisator.ch\\\/marketing\\\/2023-07-13\\\/franck-chenet-wird-group-marketing-director-der-raja-gruppe\\\/#primaryimage\"},\"image\":{\"@id\":\"https:\\\/\\\/www.organisator.ch\\\/marketing\\\/2023-07-13\\\/franck-chenet-wird-group-marketing-director-der-raja-gruppe\\\/#primaryimage\"},\"thumbnailUrl\":\"https:\\\/\\\/www.werbewoche.ch\\\/wp-content\\\/uploads\\\/2023\\\/07\\\/Raja-Franck-Chenet-Marketing-Directorjpeg.jpg\",\"datePublished\":\"2023-07-13T08:59:29+00:00\",\"dateModified\":\"2024-11-15T04:27:45+00:00\",\"description\":\"Franck Chenet wird Group Marketing Director der Raja-Gruppe. Fokus auf Multichannel-Strategien und Kundenbindung.\",\"breadcrumb\":{\"@id\":\"https:\\\/\\\/www.organisator.ch\\\/marketing\\\/2023-07-13\\\/franck-chenet-wird-group-marketing-director-der-raja-gruppe\\\/#breadcrumb\"},\"inLanguage\":\"de\",\"potentialAction\":[{\"@type\":\"ReadAction\",\"target\":[\"https:\\\/\\\/www.organisator.ch\\\/marketing\\\/2023-07-13\\\/franck-chenet-wird-group-marketing-director-der-raja-gruppe\\\/\"]}]},{\"@type\":\"ImageObject\",\"inLanguage\":\"de\",\"@id\":\"https:\\\/\\\/www.organisator.ch\\\/marketing\\\/2023-07-13\\\/franck-chenet-wird-group-marketing-director-der-raja-gruppe\\\/#primaryimage\",\"url\":\"https:\\\/\\\/www.werbewoche.ch\\\/wp-content\\\/uploads\\\/2023\\\/07\\\/Raja-Franck-Chenet-Marketing-Directorjpeg.jpg\",\"contentUrl\":\"https:\\\/\\\/www.werbewoche.ch\\\/wp-content\\\/uploads\\\/2023\\\/07\\\/Raja-Franck-Chenet-Marketing-Directorjpeg.jpg\"},{\"@type\":\"BreadcrumbList\",\"@id\":\"https:\\\/\\\/www.organisator.ch\\\/marketing\\\/2023-07-13\\\/franck-chenet-wird-group-marketing-director-der-raja-gruppe\\\/#breadcrumb\",\"itemListElement\":[{\"@type\":\"ListItem\",\"position\":1,\"name\":\"Home\",\"item\":\"https:\\\/\\\/www.organisator.ch\\\/\"},{\"@type\":\"ListItem\",\"position\":2,\"name\":\"Franck Chenet wird Group Marketing Director der Raja-Gruppe\"}]},{\"@type\":\"WebSite\",\"@id\":\"https:\\\/\\\/www.organisator.ch\\\/#website\",\"url\":\"https:\\\/\\\/www.organisator.ch\\\/\",\"name\":\"Organisator\",\"description\":\"Kompetent. Praxisnah. Der ORGANISATOR bereitet in 10 Ausgaben pro Jahr die wesentlichen Themen f\u00fcr F\u00fchrungskr\u00e4fte von KMU auf.\",\"publisher\":{\"@id\":\"https:\\\/\\\/www.organisator.ch\\\/#organization\"},\"potentialAction\":[{\"@type\":\"SearchAction\",\"target\":{\"@type\":\"EntryPoint\",\"urlTemplate\":\"https:\\\/\\\/www.organisator.ch\\\/?s={search_term_string}\"},\"query-input\":{\"@type\":\"PropertyValueSpecification\",\"valueRequired\":true,\"valueName\":\"search_term_string\"}}],\"inLanguage\":\"de\"},{\"@type\":\"Organization\",\"@id\":\"https:\\\/\\\/www.organisator.ch\\\/#organization\",\"name\":\"Organisator\",\"url\":\"https:\\\/\\\/www.organisator.ch\\\/\",\"logo\":{\"@type\":\"ImageObject\",\"inLanguage\":\"de\",\"@id\":\"https:\\\/\\\/www.organisator.ch\\\/#\\\/schema\\\/logo\\\/image\\\/\",\"url\":\"https:\\\/\\\/www.organisator.ch\\\/wp-content\\\/uploads\\\/2022\\\/01\\\/Logo_Organisator_Website.png\",\"contentUrl\":\"https:\\\/\\\/www.organisator.ch\\\/wp-content\\\/uploads\\\/2022\\\/01\\\/Logo_Organisator_Website.png\",\"width\":800,\"height\":77,\"caption\":\"Organisator\"},\"image\":{\"@id\":\"https:\\\/\\\/www.organisator.ch\\\/#\\\/schema\\\/logo\\\/image\\\/\"},\"sameAs\":[\"https:\\\/\\\/www.facebook.com\\\/OrganisatorFachmagazin\",\"https:\\\/\\\/www.linkedin.com\\\/showcase\\\/organisator-das-magazin-fr-kmu\",\"https:\\\/\\\/www.xing.com\\\/news\\\/pages\\\/organisator-ch-695\",\"https:\\\/\\\/www.youtube.com\\\/channel\\\/UCGP2Sq0iWaZwT3BdIAQFYpw\"]},{\"@type\":\"Person\",\"@id\":\"https:\\\/\\\/www.organisator.ch\\\/#\\\/schema\\\/person\\\/4e51799071cd2dd1232ac003643ef5f0\",\"name\":\"galledia\",\"image\":{\"@type\":\"ImageObject\",\"inLanguage\":\"de\",\"@id\":\"https:\\\/\\\/secure.gravatar.com\\\/avatar\\\/78a7f90c01fc2bfc875782a0d4922b37cde2cf184ce347b91316d23cd7f69a36?s=96&d=mm&r=g\",\"url\":\"https:\\\/\\\/secure.gravatar.com\\\/avatar\\\/78a7f90c01fc2bfc875782a0d4922b37cde2cf184ce347b91316d23cd7f69a36?s=96&d=mm&r=g\",\"contentUrl\":\"https:\\\/\\\/secure.gravatar.com\\\/avatar\\\/78a7f90c01fc2bfc875782a0d4922b37cde2cf184ce347b91316d23cd7f69a36?s=96&d=mm&r=g\",\"caption\":\"galledia\"},\"sameAs\":[\"https:\\\/\\\/x.com\\\/admin\"],\"url\":\"https:\\\/\\\/www.organisator.ch\\\/de\\\/author\\\/galledia\\\/\"}]}<\/script>\n<!-- \/ Yoast SEO plugin. -->","yoast_head_json":{"title":"Franck Chenet wird Group Marketing Director der Raja-Gruppe - Organisator","description":"Franck Chenet wird Group Marketing Director der Raja-Gruppe. Fokus auf Multichannel-Strategien und Kundenbindung.","robots":{"index":"index","follow":"follow","max-snippet":"max-snippet:-1","max-image-preview":"max-image-preview:large","max-video-preview":"max-video-preview:-1"},"canonical":"https:\/\/www.organisator.ch\/de\/marketing\/2023-07-13\/franck-chenet-wird-group-marketing-director-der-raja-gruppe\/","og_locale":"de_DE","og_type":"article","og_title":"Franck Chenet wird Group Marketing Director der Raja-Gruppe - Organisator","og_description":"Franck Chenet wird Group Marketing Director der Raja-Gruppe. Fokus auf Multichannel-Strategien und Kundenbindung.","og_url":"https:\/\/www.organisator.ch\/de\/marketing\/2023-07-13\/franck-chenet-wird-group-marketing-director-der-raja-gruppe\/","og_site_name":"Organisator","article_publisher":"https:\/\/www.facebook.com\/OrganisatorFachmagazin","article_published_time":"2023-07-13T08:59:29+00:00","article_modified_time":"2024-11-15T04:27:45+00:00","author":"galledia","twitter_card":"summary_large_image","twitter_creator":"@admin","schema":{"@context":"https:\/\/schema.org","@graph":[{"@type":"Article","@id":"https:\/\/www.organisator.ch\/marketing\/2023-07-13\/franck-chenet-wird-group-marketing-director-der-raja-gruppe\/#article","isPartOf":{"@id":"https:\/\/www.organisator.ch\/marketing\/2023-07-13\/franck-chenet-wird-group-marketing-director-der-raja-gruppe\/"},"author":{"name":"galledia","@id":"https:\/\/www.organisator.ch\/#\/schema\/person\/4e51799071cd2dd1232ac003643ef5f0"},"headline":"Franck Chenet wird Group Marketing Director der Raja-Gruppe","datePublished":"2023-07-13T08:59:29+00:00","dateModified":"2024-11-15T04:27:45+00:00","mainEntityOfPage":{"@id":"https:\/\/www.organisator.ch\/marketing\/2023-07-13\/franck-chenet-wird-group-marketing-director-der-raja-gruppe\/"},"wordCount":246,"publisher":{"@id":"https:\/\/www.organisator.ch\/#organization"},"image":{"@id":"https:\/\/www.organisator.ch\/marketing\/2023-07-13\/franck-chenet-wird-group-marketing-director-der-raja-gruppe\/#primaryimage"},"thumbnailUrl":"https:\/\/www.werbewoche.ch\/wp-content\/uploads\/2023\/07\/Raja-Franck-Chenet-Marketing-Directorjpeg.jpg","keywords":["Raja"],"articleSection":["MARKETING"],"inLanguage":"de"},{"@type":"WebPage","@id":"https:\/\/www.organisator.ch\/marketing\/2023-07-13\/franck-chenet-wird-group-marketing-director-der-raja-gruppe\/","url":"https:\/\/www.organisator.ch\/marketing\/2023-07-13\/franck-chenet-wird-group-marketing-director-der-raja-gruppe\/","name":"Franck Chenet wird Group Marketing Director der Raja-Gruppe - Organisator","isPartOf":{"@id":"https:\/\/www.organisator.ch\/#website"},"primaryImageOfPage":{"@id":"https:\/\/www.organisator.ch\/marketing\/2023-07-13\/franck-chenet-wird-group-marketing-director-der-raja-gruppe\/#primaryimage"},"image":{"@id":"https:\/\/www.organisator.ch\/marketing\/2023-07-13\/franck-chenet-wird-group-marketing-director-der-raja-gruppe\/#primaryimage"},"thumbnailUrl":"https:\/\/www.werbewoche.ch\/wp-content\/uploads\/2023\/07\/Raja-Franck-Chenet-Marketing-Directorjpeg.jpg","datePublished":"2023-07-13T08:59:29+00:00","dateModified":"2024-11-15T04:27:45+00:00","description":"Franck Chenet wird Group Marketing Director der Raja-Gruppe. Fokus auf Multichannel-Strategien und Kundenbindung.","breadcrumb":{"@id":"https:\/\/www.organisator.ch\/marketing\/2023-07-13\/franck-chenet-wird-group-marketing-director-der-raja-gruppe\/#breadcrumb"},"inLanguage":"de","potentialAction":[{"@type":"ReadAction","target":["https:\/\/www.organisator.ch\/marketing\/2023-07-13\/franck-chenet-wird-group-marketing-director-der-raja-gruppe\/"]}]},{"@type":"ImageObject","inLanguage":"de","@id":"https:\/\/www.organisator.ch\/marketing\/2023-07-13\/franck-chenet-wird-group-marketing-director-der-raja-gruppe\/#primaryimage","url":"https:\/\/www.werbewoche.ch\/wp-content\/uploads\/2023\/07\/Raja-Franck-Chenet-Marketing-Directorjpeg.jpg","contentUrl":"https:\/\/www.werbewoche.ch\/wp-content\/uploads\/2023\/07\/Raja-Franck-Chenet-Marketing-Directorjpeg.jpg"},{"@type":"BreadcrumbList","@id":"https:\/\/www.organisator.ch\/marketing\/2023-07-13\/franck-chenet-wird-group-marketing-director-der-raja-gruppe\/#breadcrumb","itemListElement":[{"@type":"ListItem","position":1,"name":"Home","item":"https:\/\/www.organisator.ch\/"},{"@type":"ListItem","position":2,"name":"Franck Chenet wird Group Marketing Director der Raja-Gruppe"}]},{"@type":"WebSite","@id":"https:\/\/www.organisator.ch\/#website","url":"https:\/\/www.organisator.ch\/","name":"Organisator","description":"Kompetent. Praxisnah. Der ORGANISATOR bereitet in 10 Ausgaben pro Jahr die wesentlichen Themen f\u00fcr F\u00fchrungskr\u00e4fte von KMU auf.","publisher":{"@id":"https:\/\/www.organisator.ch\/#organization"},"potentialAction":[{"@type":"SearchAction","target":{"@type":"EntryPoint","urlTemplate":"https:\/\/www.organisator.ch\/?s={search_term_string}"},"query-input":{"@type":"PropertyValueSpecification","valueRequired":true,"valueName":"search_term_string"}}],"inLanguage":"de"},{"@type":"Organization","@id":"https:\/\/www.organisator.ch\/#organization","name":"Organisator","url":"https:\/\/www.organisator.ch\/","logo":{"@type":"ImageObject","inLanguage":"de","@id":"https:\/\/www.organisator.ch\/#\/schema\/logo\/image\/","url":"https:\/\/www.organisator.ch\/wp-content\/uploads\/2022\/01\/Logo_Organisator_Website.png","contentUrl":"https:\/\/www.organisator.ch\/wp-content\/uploads\/2022\/01\/Logo_Organisator_Website.png","width":800,"height":77,"caption":"Organisator"},"image":{"@id":"https:\/\/www.organisator.ch\/#\/schema\/logo\/image\/"},"sameAs":["https:\/\/www.facebook.com\/OrganisatorFachmagazin","https:\/\/www.linkedin.com\/showcase\/organisator-das-magazin-fr-kmu","https:\/\/www.xing.com\/news\/pages\/organisator-ch-695","https:\/\/www.youtube.com\/channel\/UCGP2Sq0iWaZwT3BdIAQFYpw"]},{"@type":"Person","@id":"https:\/\/www.organisator.ch\/#\/schema\/person\/4e51799071cd2dd1232ac003643ef5f0","name":"galledia","image":{"@type":"ImageObject","inLanguage":"de","@id":"https:\/\/secure.gravatar.com\/avatar\/78a7f90c01fc2bfc875782a0d4922b37cde2cf184ce347b91316d23cd7f69a36?s=96&d=mm&r=g","url":"https:\/\/secure.gravatar.com\/avatar\/78a7f90c01fc2bfc875782a0d4922b37cde2cf184ce347b91316d23cd7f69a36?s=96&d=mm&r=g","contentUrl":"https:\/\/secure.gravatar.com\/avatar\/78a7f90c01fc2bfc875782a0d4922b37cde2cf184ce347b91316d23cd7f69a36?s=96&d=mm&r=g","caption":"galledia"},"sameAs":["https:\/\/x.com\/admin"],"url":"https:\/\/www.organisator.ch\/de\/author\/galledia\/"}]}},"_links":{"self":[{"href":"https:\/\/www.organisator.ch\/de\/wp-json\/wp\/v2\/posts\/21011","targetHints":{"allow":["GET"]}}],"collection":[{"href":"https:\/\/www.organisator.ch\/de\/wp-json\/wp\/v2\/posts"}],"about":[{"href":"https:\/\/www.organisator.ch\/de\/wp-json\/wp\/v2\/types\/post"}],"author":[{"embeddable":true,"href":"https:\/\/www.organisator.ch\/de\/wp-json\/wp\/v2\/users\/8"}],"replies":[{"embeddable":true,"href":"https:\/\/www.organisator.ch\/de\/wp-json\/wp\/v2\/comments?post=21011"}],"version-history":[{"count":2,"href":"https:\/\/www.organisator.ch\/de\/wp-json\/wp\/v2\/posts\/21011\/revisions"}],"predecessor-version":[{"id":33021,"href":"https:\/\/www.organisator.ch\/de\/wp-json\/wp\/v2\/posts\/21011\/revisions\/33021"}],"wp:attachment":[{"href":"https:\/\/www.organisator.ch\/de\/wp-json\/wp\/v2\/media?parent=21011"}],"wp:term":[{"taxonomy":"category","embeddable":true,"href":"https:\/\/www.organisator.ch\/de\/wp-json\/wp\/v2\/categories?post=21011"},{"taxonomy":"post_tag","embeddable":true,"href":"https:\/\/www.organisator.ch\/de\/wp-json\/wp\/v2\/tags?post=21011"}],"curies":[{"name":"wp","href":"https:\/\/api.w.org\/{rel}","templated":true}]}}