{"id":2102,"date":"2019-04-23T16:32:35","date_gmt":"2019-04-23T14:32:35","guid":{"rendered":"https:\/\/www.umweltperspektiven.ch\/?p=2102"},"modified":"2019-04-23T16:32:35","modified_gmt":"2019-04-23T14:32:35","slug":"universitaet-bern-wird-durchfuehrungsort-von-weltbank-programm","status":"publish","type":"post","link":"https:\/\/www.organisator.ch\/de\/allgemein\/2019-04-23\/universitaet-bern-wird-durchfuehrungsort-von-weltbank-programm\/","title":{"rendered":"Universit\u00e4t Bern wird Durchf\u00fchrungsort von Weltbank-Programm"},"content":{"rendered":"<div id=\"media_text\">\n<figure id=\"attachment_2105\" aria-describedby=\"caption-attachment-2105\" style=\"width: 680px\" class=\"wp-caption alignnone\"><img loading=\"lazy\" decoding=\"async\" class=\"size-medium wp-image-2105\" src=\"\/\/www.umweltperspektiven.ch\/wp-content\/uploads\/2019\/04\/Cyber-Risiken-Neue-Empfehlungen-des-Bundes-mq-management-u-qualitaet.jpg\" alt=\"\" width=\"680\" height=\"392\" srcset=\"https:\/\/www.organisator.ch\/wp-content\/uploads\/2019\/04\/Cyber-Risiken-Neue-Empfehlungen-des-Bundes-mq-management-u-qualitaet.jpg 1000w, https:\/\/www.organisator.ch\/wp-content\/uploads\/2019\/04\/Cyber-Risiken-Neue-Empfehlungen-des-Bundes-mq-management-u-qualitaet-680x392.jpg 680w, https:\/\/www.organisator.ch\/wp-content\/uploads\/2019\/04\/Cyber-Risiken-Neue-Empfehlungen-des-Bundes-mq-management-u-qualitaet-768x442.jpg 768w, https:\/\/www.organisator.ch\/wp-content\/uploads\/2019\/04\/Cyber-Risiken-Neue-Empfehlungen-des-Bundes-mq-management-u-qualitaet-18x10.jpg 18w, https:\/\/www.organisator.ch\/wp-content\/uploads\/2019\/04\/Cyber-Risiken-Neue-Empfehlungen-des-Bundes-mq-management-u-qualitaet-304x175.jpg 304w, https:\/\/www.organisator.ch\/wp-content\/uploads\/2019\/04\/Cyber-Risiken-Neue-Empfehlungen-des-Bundes-mq-management-u-qualitaet-608x350.jpg 608w, https:\/\/www.organisator.ch\/wp-content\/uploads\/2019\/04\/Cyber-Risiken-Neue-Empfehlungen-des-Bundes-mq-management-u-qualitaet-920x530.jpg 920w, https:\/\/www.organisator.ch\/wp-content\/uploads\/2019\/04\/Cyber-Risiken-Neue-Empfehlungen-des-Bundes-mq-management-u-qualitaet-300x173.jpg 300w\" sizes=\"auto, (max-width: 680px) 100vw, 680px\" \/><figcaption id=\"caption-attachment-2105\" class=\"wp-caption-text\">Zum ersten Mal \u00fcberhaupt findet diesen Sommer das weltweit f\u00fchrende Weiterbildungsprogramm f\u00fcr Evaluation in der Schweiz statt. (Symbolbild depositphotos)<\/figcaption><\/figure>\n<p>Als einzige Universit\u00e4t in der Schweiz bietet die Universit\u00e4t Bern seit 15 Jahren ein umfassendes Weiterbildungsangebot in Evaluation an. Und die Bestrebungen der Hauptstadtuni und ihrem Zentrum f\u00fcr universit\u00e4re Weiterbildung (ZUW) zahlen sich nun aus: Die Universit\u00e4t Bern wurde zusammen mit dem Centrum f\u00fcr Evaluation (CEval) in Saarbr\u00fccken als Tr\u00e4gerin der Neuauflage des Internationalen Programms f\u00fcr Entwicklungsevaluationstraining (IPDET) von der Unabh\u00e4ngigen Evaluationsgruppe (IEG) der Weltbank ausgew\u00e4hlt. Bei IPDET handelt es sich um das weltweit f\u00fchrende Weiterbildungsprogramm f\u00fcr die Evaluation in der Entwicklungszusammenarbeit. Ab Sommer 2018 werden international renommierte Expertinnen und Experten die Kurse des IPDET-Programms an der Universit\u00e4t Bern anbieten.<\/p>\n<h2>Professionelle Evaluationen werden immer wichtiger<\/h2>\n<p>Die Bedeutung des IPDET Programms nimmt laufend zu. Unter anderem, weil alle L\u00e4nder verpflichtet sind, ihren Beitrag zur Erreichung der in der UNO-Agenda f\u00fcr nachhaltige Entwicklung 2030 festgelegten Ziele zu bewerten. \u00abF\u00fcr die Universit\u00e4t Bern kann dieser Auftrag deshalb nicht hoch genug eingesch\u00e4tzt werden \u2013 neben internationaler Sichtbarkeit und Vernetzung wird die Universit\u00e4t aufgrund der Einzigartigkeit des Programms an Renommee und Anerkennung im Bereich der Evaluation gewinnen\u00bb, sagt Programmleiterin Stefanie Krapp.<\/p>\n<h2>Universit\u00e4t Bern gewinnt gegen mehr als 40 Mitbewerber<\/h2>\n<p>Die Universit\u00e4t Bern und CEval haben sich gegen mehr als 40 Mitbewerber in einem intensiven mehrstufigen Auswahlverfahren durchgesetzt. Insbesondere die Vision \u00fcberzeugte die IEG: Entsprechend der sich ver\u00e4ndernden Anspr\u00fcche im Bereich der Evaluation und Kontextbedingungen in L\u00e4ndern des globalen S\u00fcdens wird das Programm sukzessive weiterentwickelt und modernisiert. So sollen neue Themen in Evaluation, neue Lehr- und Lernmodalit\u00e4ten (v.a. Blended learning-Formate) und neue Formen der Einbindung von Akteuren im globalen S\u00fcden eingef\u00fchrt werden.<\/p>\n<h2>Informationen zum Ausbildungsprogramm<\/h2>\n<p>IPDET war von 1999 bis 2016 an der Carleton University in Ottawa, Canada, angesiedelt und hat sich in dieser Zeit mit insgesamt mehr als 3\u2019500 Teilnehmende aus 125 L\u00e4ndern als weltweit f\u00fchrendes Weiterbildungsprogramm f\u00fcr die Evaluation in der Entwicklungszusammenarbeit etabliert. IPDET stellt Managerinnen und Managern, Praktikerinnen und Praktikern die Werkzeuge zur Verf\u00fcgung, um Entwicklungsstrategien, -programme und -projekte auf lokaler, nationaler, regionaler und globaler Ebene zu bewerten. Das Weiterbildungsangebot richtet sich an Entwicklungsprofis, die Evaluationen durchf\u00fchren, verwalten oder nutzen. Die Teilnehmenden k\u00f6nnen aus Ministerien oder Beh\u00f6rden in Entwicklungsl\u00e4ndern, Entwicklungsbanken, dem Non-Profit- und Stiftungssektor, dem System der Vereinten Nationen sowie aus bilateralen Entwicklungsagenturen, Universit\u00e4ten, Think Tanks und auf Entwicklungsevaluierung spezialisierten Beratungsunternehmen des Privatsektors kommen.<\/p>\n<p><em>Die Anmeldung f\u00fcr das erste Kursprogramm vom 16. bis 27. Juli ist noch bis zum 31. Mai 2018 m\u00f6glich (weitere Informationen unter\u00a0<a href=\"\/\/www.ipdet.unibe.ch\">www.ipdet.unibe.ch<\/a>).<\/em><\/p>\n<\/div>\n","protected":false},"excerpt":{"rendered":"<p>Als einzige Universit\u00e4t in der Schweiz bietet die Universit\u00e4t Bern seit 15 Jahren ein umfassendes Weiterbildungsangebot in Evaluation an. Und die Bestrebungen der Hauptstadtuni und ihrem Zentrum f\u00fcr universit\u00e4re Weiterbildung (ZUW) zahlen sich nun aus: Die Universit\u00e4t Bern wurde zusammen mit dem Centrum f\u00fcr Evaluation (CEval) in Saarbr\u00fccken als Tr\u00e4gerin der Neuauflage des Internationalen Programms [&hellip;]<\/p>\n","protected":false},"author":5,"featured_media":2105,"comment_status":"open","ping_status":"open","sticky":false,"template":"","format":"standard","meta":{"_acf_changed":false,"_yoast_wpseo_focuskw":"Universit\u00e4t Bern","_yoast_wpseo_metadesc":"Die Weltbank hat die Universit\u00e4t Bern als Tr\u00e4gerin des internationalen Programms f\u00fcr Entwicklungsevaluationstraining (IPDET) ausgew\u00e4hlt.","articlekey":"","footnotes":""},"categories":[1],"tags":[2406,518,2542],"class_list":["post-2102","post","type-post","status-publish","format-standard","has-post-thumbnail","hentry","category-allgemein","tag-universitaet-bern","tag-weiterbildung","tag-weltbank"],"acf":[],"yoast_head":"<!-- This site is optimized with the Yoast SEO plugin v27.5 - https:\/\/yoast.com\/product\/yoast-seo-wordpress\/ -->\n<title>Universit\u00e4t Bern wird Durchf\u00fchrungsort von Weltbank-Programm - Organisator<\/title>\n<meta name=\"description\" content=\"Die Weltbank hat die Universit\u00e4t Bern als Tr\u00e4gerin des internationalen Programms f\u00fcr Entwicklungsevaluationstraining (IPDET) ausgew\u00e4hlt.\" \/>\n<meta name=\"robots\" content=\"index, follow, max-snippet:-1, max-image-preview:large, max-video-preview:-1\" \/>\n<link rel=\"canonical\" href=\"https:\/\/www.organisator.ch\/de\/allgemein\/2019-04-23\/universitaet-bern-wird-durchfuehrungsort-von-weltbank-programm\/\" \/>\n<meta property=\"og:locale\" content=\"de_DE\" \/>\n<meta property=\"og:type\" content=\"article\" \/>\n<meta property=\"og:title\" content=\"Universit\u00e4t Bern wird Durchf\u00fchrungsort von Weltbank-Programm - Organisator\" \/>\n<meta property=\"og:description\" content=\"Die Weltbank hat die Universit\u00e4t Bern als Tr\u00e4gerin des internationalen Programms f\u00fcr Entwicklungsevaluationstraining (IPDET) ausgew\u00e4hlt.\" \/>\n<meta property=\"og:url\" content=\"https:\/\/www.organisator.ch\/de\/allgemein\/2019-04-23\/universitaet-bern-wird-durchfuehrungsort-von-weltbank-programm\/\" \/>\n<meta property=\"og:site_name\" content=\"Organisator\" \/>\n<meta property=\"article:publisher\" content=\"https:\/\/www.facebook.com\/OrganisatorFachmagazin\" \/>\n<meta property=\"article:published_time\" content=\"2019-04-23T14:32:35+00:00\" \/>\n<meta property=\"og:image\" content=\"https:\/\/www.organisator.ch\/wp-content\/uploads\/2019\/04\/Cyber-Risiken-Neue-Empfehlungen-des-Bundes-mq-management-u-qualitaet.jpg\" \/>\n\t<meta property=\"og:image:width\" content=\"1000\" \/>\n\t<meta property=\"og:image:height\" content=\"576\" \/>\n\t<meta property=\"og:image:type\" content=\"image\/jpeg\" \/>\n<meta name=\"author\" content=\"michael.merz\" \/>\n<meta name=\"twitter:card\" content=\"summary_large_image\" \/>\n<script type=\"application\/ld+json\" class=\"yoast-schema-graph\">{\"@context\":\"https:\\\/\\\/schema.org\",\"@graph\":[{\"@type\":\"Article\",\"@id\":\"https:\\\/\\\/www.organisator.ch\\\/it\\\/generale\\\/2019-04-23\\\/universitaet-bern-wird-durchfuehrungsort-von-weltbank-programm\\\/#article\",\"isPartOf\":{\"@id\":\"https:\\\/\\\/www.organisator.ch\\\/it\\\/generale\\\/2019-04-23\\\/universitaet-bern-wird-durchfuehrungsort-von-weltbank-programm\\\/\"},\"author\":{\"name\":\"michael.merz\",\"@id\":\"https:\\\/\\\/www.organisator.ch\\\/#\\\/schema\\\/person\\\/134708ca9321c57b0362cceb7948ffbd\"},\"headline\":\"Universit\u00e4t Bern wird Durchf\u00fchrungsort von Weltbank-Programm\",\"datePublished\":\"2019-04-23T14:32:35+00:00\",\"mainEntityOfPage\":{\"@id\":\"https:\\\/\\\/www.organisator.ch\\\/it\\\/generale\\\/2019-04-23\\\/universitaet-bern-wird-durchfuehrungsort-von-weltbank-programm\\\/\"},\"wordCount\":460,\"commentCount\":0,\"publisher\":{\"@id\":\"https:\\\/\\\/www.organisator.ch\\\/#organization\"},\"image\":{\"@id\":\"https:\\\/\\\/www.organisator.ch\\\/it\\\/generale\\\/2019-04-23\\\/universitaet-bern-wird-durchfuehrungsort-von-weltbank-programm\\\/#primaryimage\"},\"thumbnailUrl\":\"https:\\\/\\\/www.organisator.ch\\\/wp-content\\\/uploads\\\/2019\\\/04\\\/Cyber-Risiken-Neue-Empfehlungen-des-Bundes-mq-management-u-qualitaet.jpg\",\"keywords\":[\"Universit\u00e4t Bern\",\"Weiterbildung\",\"Weltbank\"],\"inLanguage\":\"de\"},{\"@type\":\"WebPage\",\"@id\":\"https:\\\/\\\/www.organisator.ch\\\/it\\\/generale\\\/2019-04-23\\\/universitaet-bern-wird-durchfuehrungsort-von-weltbank-programm\\\/\",\"url\":\"https:\\\/\\\/www.organisator.ch\\\/it\\\/generale\\\/2019-04-23\\\/universitaet-bern-wird-durchfuehrungsort-von-weltbank-programm\\\/\",\"name\":\"Universit\u00e4t Bern wird Durchf\u00fchrungsort von Weltbank-Programm - Organisator\",\"isPartOf\":{\"@id\":\"https:\\\/\\\/www.organisator.ch\\\/#website\"},\"primaryImageOfPage\":{\"@id\":\"https:\\\/\\\/www.organisator.ch\\\/it\\\/generale\\\/2019-04-23\\\/universitaet-bern-wird-durchfuehrungsort-von-weltbank-programm\\\/#primaryimage\"},\"image\":{\"@id\":\"https:\\\/\\\/www.organisator.ch\\\/it\\\/generale\\\/2019-04-23\\\/universitaet-bern-wird-durchfuehrungsort-von-weltbank-programm\\\/#primaryimage\"},\"thumbnailUrl\":\"https:\\\/\\\/www.organisator.ch\\\/wp-content\\\/uploads\\\/2019\\\/04\\\/Cyber-Risiken-Neue-Empfehlungen-des-Bundes-mq-management-u-qualitaet.jpg\",\"datePublished\":\"2019-04-23T14:32:35+00:00\",\"description\":\"Die Weltbank hat die Universit\u00e4t Bern als Tr\u00e4gerin des internationalen Programms f\u00fcr Entwicklungsevaluationstraining (IPDET) ausgew\u00e4hlt.\",\"breadcrumb\":{\"@id\":\"https:\\\/\\\/www.organisator.ch\\\/it\\\/generale\\\/2019-04-23\\\/universitaet-bern-wird-durchfuehrungsort-von-weltbank-programm\\\/#breadcrumb\"},\"inLanguage\":\"de\",\"potentialAction\":[{\"@type\":\"ReadAction\",\"target\":[\"https:\\\/\\\/www.organisator.ch\\\/it\\\/generale\\\/2019-04-23\\\/universitaet-bern-wird-durchfuehrungsort-von-weltbank-programm\\\/\"]}]},{\"@type\":\"ImageObject\",\"inLanguage\":\"de\",\"@id\":\"https:\\\/\\\/www.organisator.ch\\\/it\\\/generale\\\/2019-04-23\\\/universitaet-bern-wird-durchfuehrungsort-von-weltbank-programm\\\/#primaryimage\",\"url\":\"https:\\\/\\\/www.organisator.ch\\\/wp-content\\\/uploads\\\/2019\\\/04\\\/Cyber-Risiken-Neue-Empfehlungen-des-Bundes-mq-management-u-qualitaet.jpg\",\"contentUrl\":\"https:\\\/\\\/www.organisator.ch\\\/wp-content\\\/uploads\\\/2019\\\/04\\\/Cyber-Risiken-Neue-Empfehlungen-des-Bundes-mq-management-u-qualitaet.jpg\",\"width\":1000,\"height\":576,\"caption\":\"Zum ersten Mal \u00fcberhaupt findet diesen Sommer das weltweit f\u00fchrende Weiterbildungsprogramm f\u00fcr Evaluation in der Schweiz statt. (Symbolbild depositphotos)\"},{\"@type\":\"BreadcrumbList\",\"@id\":\"https:\\\/\\\/www.organisator.ch\\\/it\\\/generale\\\/2019-04-23\\\/universitaet-bern-wird-durchfuehrungsort-von-weltbank-programm\\\/#breadcrumb\",\"itemListElement\":[{\"@type\":\"ListItem\",\"position\":1,\"name\":\"Home\",\"item\":\"https:\\\/\\\/www.organisator.ch\\\/\"},{\"@type\":\"ListItem\",\"position\":2,\"name\":\"Universit\u00e4t Bern wird Durchf\u00fchrungsort von Weltbank-Programm\"}]},{\"@type\":\"WebSite\",\"@id\":\"https:\\\/\\\/www.organisator.ch\\\/#website\",\"url\":\"https:\\\/\\\/www.organisator.ch\\\/\",\"name\":\"Organisator\",\"description\":\"Kompetent. Praxisnah. Der ORGANISATOR bereitet in 10 Ausgaben pro Jahr die wesentlichen Themen f\u00fcr F\u00fchrungskr\u00e4fte von KMU auf.\",\"publisher\":{\"@id\":\"https:\\\/\\\/www.organisator.ch\\\/#organization\"},\"potentialAction\":[{\"@type\":\"SearchAction\",\"target\":{\"@type\":\"EntryPoint\",\"urlTemplate\":\"https:\\\/\\\/www.organisator.ch\\\/?s={search_term_string}\"},\"query-input\":{\"@type\":\"PropertyValueSpecification\",\"valueRequired\":true,\"valueName\":\"search_term_string\"}}],\"inLanguage\":\"de\"},{\"@type\":\"Organization\",\"@id\":\"https:\\\/\\\/www.organisator.ch\\\/#organization\",\"name\":\"Organisator\",\"url\":\"https:\\\/\\\/www.organisator.ch\\\/\",\"logo\":{\"@type\":\"ImageObject\",\"inLanguage\":\"de\",\"@id\":\"https:\\\/\\\/www.organisator.ch\\\/#\\\/schema\\\/logo\\\/image\\\/\",\"url\":\"https:\\\/\\\/www.organisator.ch\\\/wp-content\\\/uploads\\\/2022\\\/01\\\/Logo_Organisator_Website.png\",\"contentUrl\":\"https:\\\/\\\/www.organisator.ch\\\/wp-content\\\/uploads\\\/2022\\\/01\\\/Logo_Organisator_Website.png\",\"width\":800,\"height\":77,\"caption\":\"Organisator\"},\"image\":{\"@id\":\"https:\\\/\\\/www.organisator.ch\\\/#\\\/schema\\\/logo\\\/image\\\/\"},\"sameAs\":[\"https:\\\/\\\/www.facebook.com\\\/OrganisatorFachmagazin\",\"https:\\\/\\\/www.linkedin.com\\\/showcase\\\/organisator-das-magazin-fr-kmu\",\"https:\\\/\\\/www.xing.com\\\/news\\\/pages\\\/organisator-ch-695\",\"https:\\\/\\\/www.youtube.com\\\/channel\\\/UCGP2Sq0iWaZwT3BdIAQFYpw\"]},{\"@type\":\"Person\",\"@id\":\"https:\\\/\\\/www.organisator.ch\\\/#\\\/schema\\\/person\\\/134708ca9321c57b0362cceb7948ffbd\",\"name\":\"michael.merz\",\"image\":{\"@type\":\"ImageObject\",\"inLanguage\":\"de\",\"@id\":\"https:\\\/\\\/secure.gravatar.com\\\/avatar\\\/?s=96&d=mm&r=g\",\"url\":\"https:\\\/\\\/secure.gravatar.com\\\/avatar\\\/?s=96&d=mm&r=g\",\"contentUrl\":\"https:\\\/\\\/secure.gravatar.com\\\/avatar\\\/?s=96&d=mm&r=g\",\"caption\":\"michael.merz\"},\"url\":\"https:\\\/\\\/www.organisator.ch\\\/de\\\/author\\\/michael-merz\\\/\"}]}<\/script>\n<!-- \/ Yoast SEO plugin. -->","yoast_head_json":{"title":"Universit\u00e4t Bern wird Durchf\u00fchrungsort von Weltbank-Programm - Organisator","description":"Die Weltbank hat die Universit\u00e4t Bern als Tr\u00e4gerin des internationalen Programms f\u00fcr Entwicklungsevaluationstraining (IPDET) ausgew\u00e4hlt.","robots":{"index":"index","follow":"follow","max-snippet":"max-snippet:-1","max-image-preview":"max-image-preview:large","max-video-preview":"max-video-preview:-1"},"canonical":"https:\/\/www.organisator.ch\/de\/allgemein\/2019-04-23\/universitaet-bern-wird-durchfuehrungsort-von-weltbank-programm\/","og_locale":"de_DE","og_type":"article","og_title":"Universit\u00e4t Bern wird Durchf\u00fchrungsort von Weltbank-Programm - Organisator","og_description":"Die Weltbank hat die Universit\u00e4t Bern als Tr\u00e4gerin des internationalen Programms f\u00fcr Entwicklungsevaluationstraining (IPDET) ausgew\u00e4hlt.","og_url":"https:\/\/www.organisator.ch\/de\/allgemein\/2019-04-23\/universitaet-bern-wird-durchfuehrungsort-von-weltbank-programm\/","og_site_name":"Organisator","article_publisher":"https:\/\/www.facebook.com\/OrganisatorFachmagazin","article_published_time":"2019-04-23T14:32:35+00:00","og_image":[{"width":1000,"height":576,"url":"https:\/\/www.organisator.ch\/wp-content\/uploads\/2019\/04\/Cyber-Risiken-Neue-Empfehlungen-des-Bundes-mq-management-u-qualitaet.jpg","type":"image\/jpeg"}],"author":"michael.merz","twitter_card":"summary_large_image","schema":{"@context":"https:\/\/schema.org","@graph":[{"@type":"Article","@id":"https:\/\/www.organisator.ch\/it\/generale\/2019-04-23\/universitaet-bern-wird-durchfuehrungsort-von-weltbank-programm\/#article","isPartOf":{"@id":"https:\/\/www.organisator.ch\/it\/generale\/2019-04-23\/universitaet-bern-wird-durchfuehrungsort-von-weltbank-programm\/"},"author":{"name":"michael.merz","@id":"https:\/\/www.organisator.ch\/#\/schema\/person\/134708ca9321c57b0362cceb7948ffbd"},"headline":"Universit\u00e4t Bern wird Durchf\u00fchrungsort von Weltbank-Programm","datePublished":"2019-04-23T14:32:35+00:00","mainEntityOfPage":{"@id":"https:\/\/www.organisator.ch\/it\/generale\/2019-04-23\/universitaet-bern-wird-durchfuehrungsort-von-weltbank-programm\/"},"wordCount":460,"commentCount":0,"publisher":{"@id":"https:\/\/www.organisator.ch\/#organization"},"image":{"@id":"https:\/\/www.organisator.ch\/it\/generale\/2019-04-23\/universitaet-bern-wird-durchfuehrungsort-von-weltbank-programm\/#primaryimage"},"thumbnailUrl":"https:\/\/www.organisator.ch\/wp-content\/uploads\/2019\/04\/Cyber-Risiken-Neue-Empfehlungen-des-Bundes-mq-management-u-qualitaet.jpg","keywords":["Universit\u00e4t Bern","Weiterbildung","Weltbank"],"inLanguage":"de"},{"@type":"WebPage","@id":"https:\/\/www.organisator.ch\/it\/generale\/2019-04-23\/universitaet-bern-wird-durchfuehrungsort-von-weltbank-programm\/","url":"https:\/\/www.organisator.ch\/it\/generale\/2019-04-23\/universitaet-bern-wird-durchfuehrungsort-von-weltbank-programm\/","name":"Universit\u00e4t Bern wird Durchf\u00fchrungsort von Weltbank-Programm - Organisator","isPartOf":{"@id":"https:\/\/www.organisator.ch\/#website"},"primaryImageOfPage":{"@id":"https:\/\/www.organisator.ch\/it\/generale\/2019-04-23\/universitaet-bern-wird-durchfuehrungsort-von-weltbank-programm\/#primaryimage"},"image":{"@id":"https:\/\/www.organisator.ch\/it\/generale\/2019-04-23\/universitaet-bern-wird-durchfuehrungsort-von-weltbank-programm\/#primaryimage"},"thumbnailUrl":"https:\/\/www.organisator.ch\/wp-content\/uploads\/2019\/04\/Cyber-Risiken-Neue-Empfehlungen-des-Bundes-mq-management-u-qualitaet.jpg","datePublished":"2019-04-23T14:32:35+00:00","description":"Die Weltbank hat die Universit\u00e4t Bern als Tr\u00e4gerin des internationalen Programms f\u00fcr Entwicklungsevaluationstraining (IPDET) ausgew\u00e4hlt.","breadcrumb":{"@id":"https:\/\/www.organisator.ch\/it\/generale\/2019-04-23\/universitaet-bern-wird-durchfuehrungsort-von-weltbank-programm\/#breadcrumb"},"inLanguage":"de","potentialAction":[{"@type":"ReadAction","target":["https:\/\/www.organisator.ch\/it\/generale\/2019-04-23\/universitaet-bern-wird-durchfuehrungsort-von-weltbank-programm\/"]}]},{"@type":"ImageObject","inLanguage":"de","@id":"https:\/\/www.organisator.ch\/it\/generale\/2019-04-23\/universitaet-bern-wird-durchfuehrungsort-von-weltbank-programm\/#primaryimage","url":"https:\/\/www.organisator.ch\/wp-content\/uploads\/2019\/04\/Cyber-Risiken-Neue-Empfehlungen-des-Bundes-mq-management-u-qualitaet.jpg","contentUrl":"https:\/\/www.organisator.ch\/wp-content\/uploads\/2019\/04\/Cyber-Risiken-Neue-Empfehlungen-des-Bundes-mq-management-u-qualitaet.jpg","width":1000,"height":576,"caption":"Zum ersten Mal \u00fcberhaupt findet diesen Sommer das weltweit f\u00fchrende Weiterbildungsprogramm f\u00fcr Evaluation in der Schweiz statt. (Symbolbild depositphotos)"},{"@type":"BreadcrumbList","@id":"https:\/\/www.organisator.ch\/it\/generale\/2019-04-23\/universitaet-bern-wird-durchfuehrungsort-von-weltbank-programm\/#breadcrumb","itemListElement":[{"@type":"ListItem","position":1,"name":"Home","item":"https:\/\/www.organisator.ch\/"},{"@type":"ListItem","position":2,"name":"Universit\u00e4t Bern wird Durchf\u00fchrungsort von Weltbank-Programm"}]},{"@type":"WebSite","@id":"https:\/\/www.organisator.ch\/#website","url":"https:\/\/www.organisator.ch\/","name":"Organisator","description":"Kompetent. Praxisnah. Der ORGANISATOR bereitet in 10 Ausgaben pro Jahr die wesentlichen Themen f\u00fcr F\u00fchrungskr\u00e4fte von KMU auf.","publisher":{"@id":"https:\/\/www.organisator.ch\/#organization"},"potentialAction":[{"@type":"SearchAction","target":{"@type":"EntryPoint","urlTemplate":"https:\/\/www.organisator.ch\/?s={search_term_string}"},"query-input":{"@type":"PropertyValueSpecification","valueRequired":true,"valueName":"search_term_string"}}],"inLanguage":"de"},{"@type":"Organization","@id":"https:\/\/www.organisator.ch\/#organization","name":"Organisator","url":"https:\/\/www.organisator.ch\/","logo":{"@type":"ImageObject","inLanguage":"de","@id":"https:\/\/www.organisator.ch\/#\/schema\/logo\/image\/","url":"https:\/\/www.organisator.ch\/wp-content\/uploads\/2022\/01\/Logo_Organisator_Website.png","contentUrl":"https:\/\/www.organisator.ch\/wp-content\/uploads\/2022\/01\/Logo_Organisator_Website.png","width":800,"height":77,"caption":"Organisator"},"image":{"@id":"https:\/\/www.organisator.ch\/#\/schema\/logo\/image\/"},"sameAs":["https:\/\/www.facebook.com\/OrganisatorFachmagazin","https:\/\/www.linkedin.com\/showcase\/organisator-das-magazin-fr-kmu","https:\/\/www.xing.com\/news\/pages\/organisator-ch-695","https:\/\/www.youtube.com\/channel\/UCGP2Sq0iWaZwT3BdIAQFYpw"]},{"@type":"Person","@id":"https:\/\/www.organisator.ch\/#\/schema\/person\/134708ca9321c57b0362cceb7948ffbd","name":"michael.merz","image":{"@type":"ImageObject","inLanguage":"de","@id":"https:\/\/secure.gravatar.com\/avatar\/?s=96&d=mm&r=g","url":"https:\/\/secure.gravatar.com\/avatar\/?s=96&d=mm&r=g","contentUrl":"https:\/\/secure.gravatar.com\/avatar\/?s=96&d=mm&r=g","caption":"michael.merz"},"url":"https:\/\/www.organisator.ch\/de\/author\/michael-merz\/"}]}},"_links":{"self":[{"href":"https:\/\/www.organisator.ch\/de\/wp-json\/wp\/v2\/posts\/2102","targetHints":{"allow":["GET"]}}],"collection":[{"href":"https:\/\/www.organisator.ch\/de\/wp-json\/wp\/v2\/posts"}],"about":[{"href":"https:\/\/www.organisator.ch\/de\/wp-json\/wp\/v2\/types\/post"}],"author":[{"embeddable":true,"href":"https:\/\/www.organisator.ch\/de\/wp-json\/wp\/v2\/users\/5"}],"replies":[{"embeddable":true,"href":"https:\/\/www.organisator.ch\/de\/wp-json\/wp\/v2\/comments?post=2102"}],"version-history":[{"count":0,"href":"https:\/\/www.organisator.ch\/de\/wp-json\/wp\/v2\/posts\/2102\/revisions"}],"wp:featuredmedia":[{"embeddable":true,"href":"https:\/\/www.organisator.ch\/de\/wp-json\/wp\/v2\/media\/2105"}],"wp:attachment":[{"href":"https:\/\/www.organisator.ch\/de\/wp-json\/wp\/v2\/media?parent=2102"}],"wp:term":[{"taxonomy":"category","embeddable":true,"href":"https:\/\/www.organisator.ch\/de\/wp-json\/wp\/v2\/categories?post=2102"},{"taxonomy":"post_tag","embeddable":true,"href":"https:\/\/www.organisator.ch\/de\/wp-json\/wp\/v2\/tags?post=2102"}],"curies":[{"name":"wp","href":"https:\/\/api.w.org\/{rel}","templated":true}]}}