{"id":21025,"date":"2023-07-24T12:33:01","date_gmt":"2023-07-24T10:33:01","guid":{"rendered":"https:\/\/www.organisator.ch\/?p=21025"},"modified":"2023-07-24T12:33:01","modified_gmt":"2023-07-24T10:33:01","slug":"lohngleichheit-es-ist-eben-doch-nicht-alles-in-ordnung","status":"publish","type":"post","link":"https:\/\/www.organisator.ch\/de\/human-resources\/2023-07-24\/lohngleichheit-es-ist-eben-doch-nicht-alles-in-ordnung\/","title":{"rendered":"Lohngleichheit: Es ist eben doch nicht &#8222;alles in Ordnung&#8220;"},"content":{"rendered":"<figure id=\"attachment_20686\" aria-describedby=\"caption-attachment-20686\" style=\"width: 680px\" class=\"wp-caption alignnone\"><img loading=\"lazy\" decoding=\"async\" class=\"size-full wp-image-20686\" src=\"https:\/\/www.organisator.ch\/wp-content\/uploads\/2023\/06\/Erhebung-zeigt-Lohngleichheit-ist-vielerorts-Realitaet_Organisator.jpg\" alt=\"\" width=\"680\" height=\"460\" srcset=\"https:\/\/www.organisator.ch\/wp-content\/uploads\/2023\/06\/Erhebung-zeigt-Lohngleichheit-ist-vielerorts-Realitaet_Organisator.jpg 680w, https:\/\/www.organisator.ch\/wp-content\/uploads\/2023\/06\/Erhebung-zeigt-Lohngleichheit-ist-vielerorts-Realitaet_Organisator-18x12.jpg 18w, https:\/\/www.organisator.ch\/wp-content\/uploads\/2023\/06\/Erhebung-zeigt-Lohngleichheit-ist-vielerorts-Realitaet_Organisator-375x254.jpg 375w, https:\/\/www.organisator.ch\/wp-content\/uploads\/2023\/06\/Erhebung-zeigt-Lohngleichheit-ist-vielerorts-Realitaet_Organisator-517x350.jpg 517w\" sizes=\"auto, (max-width: 680px) 100vw, 680px\" \/><figcaption id=\"caption-attachment-20686\" class=\"wp-caption-text\">Die Lohngleichheit sei in vielen Unternehmen gew\u00e4hrleistet, aber l\u00e4ngst nicht in allen&#8230; (Bild: Pixabay.com)<\/figcaption><\/figure>\n<p>Im Vorfeld des diesj\u00e4hrigen Frauenstreiktags vom 14. Juni 2023 hatte der Schweizerische Arbeitgeberverband eine Studie ver\u00f6ffentlicht, die aufzeigen sollte, dass die Lohngleichheit zwischen den Geschlechtern inzwischen sozusagen &#8222;Normalfall&#8220; ist. Auch <a href=\"https:\/\/www.organisator.ch\/de\/human-resources\/2023-06-13\/erhebung-zeigt-lohngleichheit-ist-vielerorts-realitaet\/\">wir berichteten an dieser Stelle dar\u00fcber<\/a>. Bei n\u00e4herem Hinsehen zeigt sich allerdings, dass die Studie nur einen Ausschnitt der Realit\u00e4t zeigt und nicht als Nachweis dienen kann, dass in Sachen Lohngleichheit &#8222;alles in Ordnung&#8220; sei. In diese Richtung geht auch die Stellungnahme von Lisa Rubli, CEO der Stiftung <a href=\"https:\/\/www.equalsalary.org\/\">Equal Salary<\/a>. Diese Organisation zertifiziert Unternehmen, die nachweislich Frauen und M\u00e4nner gerecht bezahlen.<\/p>\n<p>Lisa Rubli kritisiert sowohl Zeitpunkt der Ver\u00f6ffentlichung der Studie wie auch deren Aussagekraft: &#8222;Ja, 99,3% der untersuchten Unternehmen halten das Gleichstellungsgesetz ein. So weit, so gut. Aber genau hier muss man etwas genauer hinschauen. Ein &#8218;kleines&#8216; Detail f\u00e4llt schnell auf: Die Stichprobe ist verzerrt! Erstens: Es haben nur 615 der 2144 angeschriebenen Unternehmen auf diese freiwillige Umfrage geantwortet, 461 davon wurden f\u00fcr die Studie ausgew\u00e4hlt. Es stellt sich unweigerlich die Frage, wer die Unternehmen sind, die ihre Ergebnisse auf freiwilliger Basis melden. Zweitens: Nur Unternehmen mit mehr als 100 Mitarbeitende in der Schweiz sind dem Gesetz unterworfen. Sie machen gerade 1% der Schweizer Unternehmen aus. Die 461 untersuchten Unternehmen machen 0,08% aus. Ist diese Stichprobe wirklich repr\u00e4sentativ? Ein letzter Punkt: Die Datenerhebung beruht auf Selbstdeklaration und wird nicht \u00fcberpr\u00fcft. Laut der<br \/>\nUniversit\u00e4t St. Gallen kann daher nicht ausgeschlossen werden, dass die Berechnungsmethode nicht korrekt angewendet wurde oder dass die \u00fcbermittelten Informationen (absichtlich oder unabsichtlich) falsch oder l\u00fcckenhaft waren. Sind die Ergebnisse zuverl\u00e4ssig?&#8220; \u00dcber diese Fragen gelte es kritisch nachzudenken. Und weiter: &#8222;Letztendlich ist die von der SAV in Auftrag gegebene Studie nicht nur voreingenommen, sondern sie wurde vor allem instrumentalisiert. Die zahlreichen Ausz\u00fcge wie &#8218;In \u00fcberw\u00e4ltigender Mehrheit haben die grossen Schweizer Unternehmen ein faires Lohnsystem&#8216; und die am Vorabend des 14. Juni von den Kritiker\/-innen der Gleichstellung lautstark vorgebrachten Resultate, zielen darauf ab, die Lohnungleichheit zu leugnen und die feministischen K\u00e4mpfe herabzusetzen. Laut dem BFS, welches auch Unternehmen mit weniger als 100 Mitarbeitende ber\u00fccksichtigt, liegt der Lohnunterschied im Jahr 2020 immer noch bei 18%. Von diesen 18% sind 47,8% geschlechtsspezifisch. In der Schweiz verdient eine Frau bei gleicher Arbeit, gleichem Arbeitspensum, gleicher Ausbildung, gleichem Pflichtenheft und gleicher Leistung 717 Franken weniger pro Monat als ein Mann. Dies aus dem einfachen Grund, dass sie eine Frau ist.&#8220;<\/p>\n<p>Es ist also l\u00e4ngst nicht alles in Ordnung, und kritisches Hinschauen auch durch die Presse ist angebracht&#8230;<\/p>\n","protected":false},"excerpt":{"rendered":"<p>Eine im Auftrag des Schweizerischen Arbeitgeberverbandes durchgef\u00fchrte Studie liess durchblicken, dass ein Grossteil der Schweizer Unternehmen die Lohngleichheit zwischen den Geschlechtern einhalten w\u00fcrden. Allerdings vermittelte diese Studie ein verzerrtes Bild. Denn in der Realit\u00e4t sieht es noch ganz anders aus, wie eine Stellungnahme von Lisa Rubli, CEO der Organisation Equal Salary, zeigt.<\/p>\n","protected":false},"author":4,"featured_media":20686,"comment_status":"closed","ping_status":"closed","sticky":false,"template":"","format":"standard","meta":{"_acf_changed":false,"_yoast_wpseo_focuskw":"in Ordnung","_yoast_wpseo_metadesc":"Eine am 13. Juni 2023 ver\u00f6ffentlichte Studie suggeriert, dass in Sachen Lohngleichheit alles in Ordnung sei. Dem ist aber nicht so.","articlekey":"","footnotes":""},"categories":[579],"tags":[330,3849,459],"class_list":["post-21025","post","type-post","status-publish","format-standard","has-post-thumbnail","hentry","category-human-resources","tag-lohngleichheit","tag-stellungnahme","tag-studie"],"acf":[],"yoast_head":"<!-- This site is optimized with the Yoast SEO plugin v27.5 - https:\/\/yoast.com\/product\/yoast-seo-wordpress\/ -->\n<title>Lohngleichheit: Es ist eben doch nicht &quot;alles in Ordnung&quot; - Organisator<\/title>\n<meta name=\"description\" content=\"Eine am 13. Juni 2023 ver\u00f6ffentlichte Studie suggeriert, dass in Sachen Lohngleichheit alles in Ordnung sei. Dem ist aber nicht so.\" \/>\n<meta name=\"robots\" content=\"index, follow, max-snippet:-1, max-image-preview:large, max-video-preview:-1\" \/>\n<link rel=\"canonical\" href=\"https:\/\/www.organisator.ch\/de\/human-resources\/2023-07-24\/lohngleichheit-es-ist-eben-doch-nicht-alles-in-ordnung\/\" \/>\n<meta property=\"og:locale\" content=\"de_DE\" \/>\n<meta property=\"og:type\" content=\"article\" \/>\n<meta property=\"og:title\" content=\"Lohngleichheit: Es ist eben doch nicht &quot;alles in Ordnung&quot;\" \/>\n<meta property=\"og:description\" content=\"Eine am 13. Juni 2023 ver\u00f6ffentlichte Studie suggeriert, dass in Sachen Lohngleichheit alles in Ordnung sei. Dem ist aber nicht so.\" \/>\n<meta property=\"og:url\" content=\"https:\/\/www.organisator.ch\/de\/human-resources\/2023-07-24\/lohngleichheit-es-ist-eben-doch-nicht-alles-in-ordnung\/\" \/>\n<meta property=\"og:site_name\" content=\"Organisator\" \/>\n<meta property=\"article:publisher\" content=\"https:\/\/www.facebook.com\/OrganisatorFachmagazin\" \/>\n<meta property=\"article:published_time\" content=\"2023-07-24T10:33:01+00:00\" \/>\n<meta property=\"og:image\" content=\"https:\/\/www.organisator.ch\/wp-content\/uploads\/2023\/06\/Erhebung-zeigt-Lohngleichheit-ist-vielerorts-Realitaet_Organisator.jpg\" \/>\n\t<meta property=\"og:image:width\" content=\"680\" \/>\n\t<meta property=\"og:image:height\" content=\"460\" \/>\n\t<meta property=\"og:image:type\" content=\"image\/jpeg\" \/>\n<meta name=\"author\" content=\"thomas.berner\" \/>\n<meta name=\"twitter:card\" content=\"summary_large_image\" \/>\n<meta name=\"twitter:title\" content=\"#Lohngleichheit: Es ist eben doch nicht &quot;alles in Ordnung&quot;\" \/>\n<meta name=\"twitter:description\" content=\"Eine am 13. Juni 2023 ver\u00f6ffentlichte Studie suggeriert, dass in Sachen #Lohngleichheit alles in #Ordnung sei. Dem ist aber nicht so.\" \/>\n<meta name=\"twitter:image\" content=\"https:\/\/www.organisator.ch\/wp-content\/uploads\/2023\/06\/Erhebung-zeigt-Lohngleichheit-ist-vielerorts-Realitaet_Organisator.jpg\" \/>\n<script type=\"application\/ld+json\" class=\"yoast-schema-graph\">{\"@context\":\"https:\\\/\\\/schema.org\",\"@graph\":[{\"@type\":\"Article\",\"@id\":\"https:\\\/\\\/www.organisator.ch\\\/human-resources\\\/2023-07-24\\\/lohngleichheit-es-ist-eben-doch-nicht-alles-in-ordnung\\\/#article\",\"isPartOf\":{\"@id\":\"https:\\\/\\\/www.organisator.ch\\\/human-resources\\\/2023-07-24\\\/lohngleichheit-es-ist-eben-doch-nicht-alles-in-ordnung\\\/\"},\"author\":{\"name\":\"thomas.berner\",\"@id\":\"https:\\\/\\\/www.organisator.ch\\\/#\\\/schema\\\/person\\\/6f650f90b2842cd4c0cc334b4e36f67e\"},\"headline\":\"Lohngleichheit: Es ist eben doch nicht &#8222;alles in Ordnung&#8220;\",\"datePublished\":\"2023-07-24T10:33:01+00:00\",\"mainEntityOfPage\":{\"@id\":\"https:\\\/\\\/www.organisator.ch\\\/human-resources\\\/2023-07-24\\\/lohngleichheit-es-ist-eben-doch-nicht-alles-in-ordnung\\\/\"},\"wordCount\":441,\"publisher\":{\"@id\":\"https:\\\/\\\/www.organisator.ch\\\/#organization\"},\"image\":{\"@id\":\"https:\\\/\\\/www.organisator.ch\\\/human-resources\\\/2023-07-24\\\/lohngleichheit-es-ist-eben-doch-nicht-alles-in-ordnung\\\/#primaryimage\"},\"thumbnailUrl\":\"https:\\\/\\\/www.organisator.ch\\\/wp-content\\\/uploads\\\/2023\\\/06\\\/Erhebung-zeigt-Lohngleichheit-ist-vielerorts-Realitaet_Organisator.jpg\",\"keywords\":[\"Lohngleichheit\",\"Stellungnahme\",\"Studie\"],\"articleSection\":[\"HUMAN RESOURCES\"],\"inLanguage\":\"de\"},{\"@type\":\"WebPage\",\"@id\":\"https:\\\/\\\/www.organisator.ch\\\/human-resources\\\/2023-07-24\\\/lohngleichheit-es-ist-eben-doch-nicht-alles-in-ordnung\\\/\",\"url\":\"https:\\\/\\\/www.organisator.ch\\\/human-resources\\\/2023-07-24\\\/lohngleichheit-es-ist-eben-doch-nicht-alles-in-ordnung\\\/\",\"name\":\"Lohngleichheit: Es ist eben doch nicht \\\"alles in Ordnung\\\" - Organisator\",\"isPartOf\":{\"@id\":\"https:\\\/\\\/www.organisator.ch\\\/#website\"},\"primaryImageOfPage\":{\"@id\":\"https:\\\/\\\/www.organisator.ch\\\/human-resources\\\/2023-07-24\\\/lohngleichheit-es-ist-eben-doch-nicht-alles-in-ordnung\\\/#primaryimage\"},\"image\":{\"@id\":\"https:\\\/\\\/www.organisator.ch\\\/human-resources\\\/2023-07-24\\\/lohngleichheit-es-ist-eben-doch-nicht-alles-in-ordnung\\\/#primaryimage\"},\"thumbnailUrl\":\"https:\\\/\\\/www.organisator.ch\\\/wp-content\\\/uploads\\\/2023\\\/06\\\/Erhebung-zeigt-Lohngleichheit-ist-vielerorts-Realitaet_Organisator.jpg\",\"datePublished\":\"2023-07-24T10:33:01+00:00\",\"description\":\"Eine am 13. Juni 2023 ver\u00f6ffentlichte Studie suggeriert, dass in Sachen Lohngleichheit alles in Ordnung sei. Dem ist aber nicht so.\",\"breadcrumb\":{\"@id\":\"https:\\\/\\\/www.organisator.ch\\\/human-resources\\\/2023-07-24\\\/lohngleichheit-es-ist-eben-doch-nicht-alles-in-ordnung\\\/#breadcrumb\"},\"inLanguage\":\"de\",\"potentialAction\":[{\"@type\":\"ReadAction\",\"target\":[\"https:\\\/\\\/www.organisator.ch\\\/human-resources\\\/2023-07-24\\\/lohngleichheit-es-ist-eben-doch-nicht-alles-in-ordnung\\\/\"]}]},{\"@type\":\"ImageObject\",\"inLanguage\":\"de\",\"@id\":\"https:\\\/\\\/www.organisator.ch\\\/human-resources\\\/2023-07-24\\\/lohngleichheit-es-ist-eben-doch-nicht-alles-in-ordnung\\\/#primaryimage\",\"url\":\"https:\\\/\\\/www.organisator.ch\\\/wp-content\\\/uploads\\\/2023\\\/06\\\/Erhebung-zeigt-Lohngleichheit-ist-vielerorts-Realitaet_Organisator.jpg\",\"contentUrl\":\"https:\\\/\\\/www.organisator.ch\\\/wp-content\\\/uploads\\\/2023\\\/06\\\/Erhebung-zeigt-Lohngleichheit-ist-vielerorts-Realitaet_Organisator.jpg\",\"width\":680,\"height\":460,\"caption\":\"Die Lohngleichheit ist in vielen Unternehmen gew\u00e4hrleistet, wie eine neue Erhebung zeigt. (Bild: Pixabay.com)\"},{\"@type\":\"BreadcrumbList\",\"@id\":\"https:\\\/\\\/www.organisator.ch\\\/human-resources\\\/2023-07-24\\\/lohngleichheit-es-ist-eben-doch-nicht-alles-in-ordnung\\\/#breadcrumb\",\"itemListElement\":[{\"@type\":\"ListItem\",\"position\":1,\"name\":\"Home\",\"item\":\"https:\\\/\\\/www.organisator.ch\\\/\"},{\"@type\":\"ListItem\",\"position\":2,\"name\":\"Lohngleichheit: Es ist eben doch nicht &#8222;alles in Ordnung&#8220;\"}]},{\"@type\":\"WebSite\",\"@id\":\"https:\\\/\\\/www.organisator.ch\\\/#website\",\"url\":\"https:\\\/\\\/www.organisator.ch\\\/\",\"name\":\"Organisator\",\"description\":\"Kompetent. Praxisnah. Der ORGANISATOR bereitet in 10 Ausgaben pro Jahr die wesentlichen Themen f\u00fcr F\u00fchrungskr\u00e4fte von KMU auf.\",\"publisher\":{\"@id\":\"https:\\\/\\\/www.organisator.ch\\\/#organization\"},\"potentialAction\":[{\"@type\":\"SearchAction\",\"target\":{\"@type\":\"EntryPoint\",\"urlTemplate\":\"https:\\\/\\\/www.organisator.ch\\\/?s={search_term_string}\"},\"query-input\":{\"@type\":\"PropertyValueSpecification\",\"valueRequired\":true,\"valueName\":\"search_term_string\"}}],\"inLanguage\":\"de\"},{\"@type\":\"Organization\",\"@id\":\"https:\\\/\\\/www.organisator.ch\\\/#organization\",\"name\":\"Organisator\",\"url\":\"https:\\\/\\\/www.organisator.ch\\\/\",\"logo\":{\"@type\":\"ImageObject\",\"inLanguage\":\"de\",\"@id\":\"https:\\\/\\\/www.organisator.ch\\\/#\\\/schema\\\/logo\\\/image\\\/\",\"url\":\"https:\\\/\\\/www.organisator.ch\\\/wp-content\\\/uploads\\\/2022\\\/01\\\/Logo_Organisator_Website.png\",\"contentUrl\":\"https:\\\/\\\/www.organisator.ch\\\/wp-content\\\/uploads\\\/2022\\\/01\\\/Logo_Organisator_Website.png\",\"width\":800,\"height\":77,\"caption\":\"Organisator\"},\"image\":{\"@id\":\"https:\\\/\\\/www.organisator.ch\\\/#\\\/schema\\\/logo\\\/image\\\/\"},\"sameAs\":[\"https:\\\/\\\/www.facebook.com\\\/OrganisatorFachmagazin\",\"https:\\\/\\\/www.linkedin.com\\\/showcase\\\/organisator-das-magazin-fr-kmu\",\"https:\\\/\\\/www.xing.com\\\/news\\\/pages\\\/organisator-ch-695\",\"https:\\\/\\\/www.youtube.com\\\/channel\\\/UCGP2Sq0iWaZwT3BdIAQFYpw\"]},{\"@type\":\"Person\",\"@id\":\"https:\\\/\\\/www.organisator.ch\\\/#\\\/schema\\\/person\\\/6f650f90b2842cd4c0cc334b4e36f67e\",\"name\":\"thomas.berner\",\"image\":{\"@type\":\"ImageObject\",\"inLanguage\":\"de\",\"@id\":\"https:\\\/\\\/secure.gravatar.com\\\/avatar\\\/ac5001d2a36cb6c6cd3e50789007ffca834b477b74a2144564522e944eabff61?s=96&d=mm&r=g\",\"url\":\"https:\\\/\\\/secure.gravatar.com\\\/avatar\\\/ac5001d2a36cb6c6cd3e50789007ffca834b477b74a2144564522e944eabff61?s=96&d=mm&r=g\",\"contentUrl\":\"https:\\\/\\\/secure.gravatar.com\\\/avatar\\\/ac5001d2a36cb6c6cd3e50789007ffca834b477b74a2144564522e944eabff61?s=96&d=mm&r=g\",\"caption\":\"thomas.berner\"},\"url\":\"https:\\\/\\\/www.organisator.ch\\\/de\\\/author\\\/thomas-berner\\\/\"}]}<\/script>\n<!-- \/ Yoast SEO plugin. -->","yoast_head_json":{"title":"Lohngleichheit: Es ist eben doch nicht \"alles in Ordnung\" - Organisator","description":"Eine am 13. Juni 2023 ver\u00f6ffentlichte Studie suggeriert, dass in Sachen Lohngleichheit alles in Ordnung sei. Dem ist aber nicht so.","robots":{"index":"index","follow":"follow","max-snippet":"max-snippet:-1","max-image-preview":"max-image-preview:large","max-video-preview":"max-video-preview:-1"},"canonical":"https:\/\/www.organisator.ch\/de\/human-resources\/2023-07-24\/lohngleichheit-es-ist-eben-doch-nicht-alles-in-ordnung\/","og_locale":"de_DE","og_type":"article","og_title":"Lohngleichheit: Es ist eben doch nicht \"alles in Ordnung\"","og_description":"Eine am 13. Juni 2023 ver\u00f6ffentlichte Studie suggeriert, dass in Sachen Lohngleichheit alles in Ordnung sei. Dem ist aber nicht so.","og_url":"https:\/\/www.organisator.ch\/de\/human-resources\/2023-07-24\/lohngleichheit-es-ist-eben-doch-nicht-alles-in-ordnung\/","og_site_name":"Organisator","article_publisher":"https:\/\/www.facebook.com\/OrganisatorFachmagazin","article_published_time":"2023-07-24T10:33:01+00:00","og_image":[{"width":680,"height":460,"url":"https:\/\/www.organisator.ch\/wp-content\/uploads\/2023\/06\/Erhebung-zeigt-Lohngleichheit-ist-vielerorts-Realitaet_Organisator.jpg","type":"image\/jpeg"}],"author":"thomas.berner","twitter_card":"summary_large_image","twitter_title":"#Lohngleichheit: Es ist eben doch nicht \"alles in Ordnung\"","twitter_description":"Eine am 13. Juni 2023 ver\u00f6ffentlichte Studie suggeriert, dass in Sachen #Lohngleichheit alles in #Ordnung sei. Dem ist aber nicht so.","twitter_image":"https:\/\/www.organisator.ch\/wp-content\/uploads\/2023\/06\/Erhebung-zeigt-Lohngleichheit-ist-vielerorts-Realitaet_Organisator.jpg","schema":{"@context":"https:\/\/schema.org","@graph":[{"@type":"Article","@id":"https:\/\/www.organisator.ch\/human-resources\/2023-07-24\/lohngleichheit-es-ist-eben-doch-nicht-alles-in-ordnung\/#article","isPartOf":{"@id":"https:\/\/www.organisator.ch\/human-resources\/2023-07-24\/lohngleichheit-es-ist-eben-doch-nicht-alles-in-ordnung\/"},"author":{"name":"thomas.berner","@id":"https:\/\/www.organisator.ch\/#\/schema\/person\/6f650f90b2842cd4c0cc334b4e36f67e"},"headline":"Lohngleichheit: Es ist eben doch nicht &#8222;alles in Ordnung&#8220;","datePublished":"2023-07-24T10:33:01+00:00","mainEntityOfPage":{"@id":"https:\/\/www.organisator.ch\/human-resources\/2023-07-24\/lohngleichheit-es-ist-eben-doch-nicht-alles-in-ordnung\/"},"wordCount":441,"publisher":{"@id":"https:\/\/www.organisator.ch\/#organization"},"image":{"@id":"https:\/\/www.organisator.ch\/human-resources\/2023-07-24\/lohngleichheit-es-ist-eben-doch-nicht-alles-in-ordnung\/#primaryimage"},"thumbnailUrl":"https:\/\/www.organisator.ch\/wp-content\/uploads\/2023\/06\/Erhebung-zeigt-Lohngleichheit-ist-vielerorts-Realitaet_Organisator.jpg","keywords":["Lohngleichheit","Stellungnahme","Studie"],"articleSection":["HUMAN RESOURCES"],"inLanguage":"de"},{"@type":"WebPage","@id":"https:\/\/www.organisator.ch\/human-resources\/2023-07-24\/lohngleichheit-es-ist-eben-doch-nicht-alles-in-ordnung\/","url":"https:\/\/www.organisator.ch\/human-resources\/2023-07-24\/lohngleichheit-es-ist-eben-doch-nicht-alles-in-ordnung\/","name":"Lohngleichheit: Es ist eben doch nicht \"alles in Ordnung\" - Organisator","isPartOf":{"@id":"https:\/\/www.organisator.ch\/#website"},"primaryImageOfPage":{"@id":"https:\/\/www.organisator.ch\/human-resources\/2023-07-24\/lohngleichheit-es-ist-eben-doch-nicht-alles-in-ordnung\/#primaryimage"},"image":{"@id":"https:\/\/www.organisator.ch\/human-resources\/2023-07-24\/lohngleichheit-es-ist-eben-doch-nicht-alles-in-ordnung\/#primaryimage"},"thumbnailUrl":"https:\/\/www.organisator.ch\/wp-content\/uploads\/2023\/06\/Erhebung-zeigt-Lohngleichheit-ist-vielerorts-Realitaet_Organisator.jpg","datePublished":"2023-07-24T10:33:01+00:00","description":"Eine am 13. Juni 2023 ver\u00f6ffentlichte Studie suggeriert, dass in Sachen Lohngleichheit alles in Ordnung sei. Dem ist aber nicht so.","breadcrumb":{"@id":"https:\/\/www.organisator.ch\/human-resources\/2023-07-24\/lohngleichheit-es-ist-eben-doch-nicht-alles-in-ordnung\/#breadcrumb"},"inLanguage":"de","potentialAction":[{"@type":"ReadAction","target":["https:\/\/www.organisator.ch\/human-resources\/2023-07-24\/lohngleichheit-es-ist-eben-doch-nicht-alles-in-ordnung\/"]}]},{"@type":"ImageObject","inLanguage":"de","@id":"https:\/\/www.organisator.ch\/human-resources\/2023-07-24\/lohngleichheit-es-ist-eben-doch-nicht-alles-in-ordnung\/#primaryimage","url":"https:\/\/www.organisator.ch\/wp-content\/uploads\/2023\/06\/Erhebung-zeigt-Lohngleichheit-ist-vielerorts-Realitaet_Organisator.jpg","contentUrl":"https:\/\/www.organisator.ch\/wp-content\/uploads\/2023\/06\/Erhebung-zeigt-Lohngleichheit-ist-vielerorts-Realitaet_Organisator.jpg","width":680,"height":460,"caption":"Die Lohngleichheit ist in vielen Unternehmen gew\u00e4hrleistet, wie eine neue Erhebung zeigt. (Bild: Pixabay.com)"},{"@type":"BreadcrumbList","@id":"https:\/\/www.organisator.ch\/human-resources\/2023-07-24\/lohngleichheit-es-ist-eben-doch-nicht-alles-in-ordnung\/#breadcrumb","itemListElement":[{"@type":"ListItem","position":1,"name":"Home","item":"https:\/\/www.organisator.ch\/"},{"@type":"ListItem","position":2,"name":"Lohngleichheit: Es ist eben doch nicht &#8222;alles in Ordnung&#8220;"}]},{"@type":"WebSite","@id":"https:\/\/www.organisator.ch\/#website","url":"https:\/\/www.organisator.ch\/","name":"Organisator","description":"Kompetent. Praxisnah. Der ORGANISATOR bereitet in 10 Ausgaben pro Jahr die wesentlichen Themen f\u00fcr F\u00fchrungskr\u00e4fte von KMU auf.","publisher":{"@id":"https:\/\/www.organisator.ch\/#organization"},"potentialAction":[{"@type":"SearchAction","target":{"@type":"EntryPoint","urlTemplate":"https:\/\/www.organisator.ch\/?s={search_term_string}"},"query-input":{"@type":"PropertyValueSpecification","valueRequired":true,"valueName":"search_term_string"}}],"inLanguage":"de"},{"@type":"Organization","@id":"https:\/\/www.organisator.ch\/#organization","name":"Organisator","url":"https:\/\/www.organisator.ch\/","logo":{"@type":"ImageObject","inLanguage":"de","@id":"https:\/\/www.organisator.ch\/#\/schema\/logo\/image\/","url":"https:\/\/www.organisator.ch\/wp-content\/uploads\/2022\/01\/Logo_Organisator_Website.png","contentUrl":"https:\/\/www.organisator.ch\/wp-content\/uploads\/2022\/01\/Logo_Organisator_Website.png","width":800,"height":77,"caption":"Organisator"},"image":{"@id":"https:\/\/www.organisator.ch\/#\/schema\/logo\/image\/"},"sameAs":["https:\/\/www.facebook.com\/OrganisatorFachmagazin","https:\/\/www.linkedin.com\/showcase\/organisator-das-magazin-fr-kmu","https:\/\/www.xing.com\/news\/pages\/organisator-ch-695","https:\/\/www.youtube.com\/channel\/UCGP2Sq0iWaZwT3BdIAQFYpw"]},{"@type":"Person","@id":"https:\/\/www.organisator.ch\/#\/schema\/person\/6f650f90b2842cd4c0cc334b4e36f67e","name":"thomas.berner","image":{"@type":"ImageObject","inLanguage":"de","@id":"https:\/\/secure.gravatar.com\/avatar\/ac5001d2a36cb6c6cd3e50789007ffca834b477b74a2144564522e944eabff61?s=96&d=mm&r=g","url":"https:\/\/secure.gravatar.com\/avatar\/ac5001d2a36cb6c6cd3e50789007ffca834b477b74a2144564522e944eabff61?s=96&d=mm&r=g","contentUrl":"https:\/\/secure.gravatar.com\/avatar\/ac5001d2a36cb6c6cd3e50789007ffca834b477b74a2144564522e944eabff61?s=96&d=mm&r=g","caption":"thomas.berner"},"url":"https:\/\/www.organisator.ch\/de\/author\/thomas-berner\/"}]}},"_links":{"self":[{"href":"https:\/\/www.organisator.ch\/de\/wp-json\/wp\/v2\/posts\/21025","targetHints":{"allow":["GET"]}}],"collection":[{"href":"https:\/\/www.organisator.ch\/de\/wp-json\/wp\/v2\/posts"}],"about":[{"href":"https:\/\/www.organisator.ch\/de\/wp-json\/wp\/v2\/types\/post"}],"author":[{"embeddable":true,"href":"https:\/\/www.organisator.ch\/de\/wp-json\/wp\/v2\/users\/4"}],"replies":[{"embeddable":true,"href":"https:\/\/www.organisator.ch\/de\/wp-json\/wp\/v2\/comments?post=21025"}],"version-history":[{"count":1,"href":"https:\/\/www.organisator.ch\/de\/wp-json\/wp\/v2\/posts\/21025\/revisions"}],"predecessor-version":[{"id":21026,"href":"https:\/\/www.organisator.ch\/de\/wp-json\/wp\/v2\/posts\/21025\/revisions\/21026"}],"wp:featuredmedia":[{"embeddable":true,"href":"https:\/\/www.organisator.ch\/de\/wp-json\/wp\/v2\/media\/20686"}],"wp:attachment":[{"href":"https:\/\/www.organisator.ch\/de\/wp-json\/wp\/v2\/media?parent=21025"}],"wp:term":[{"taxonomy":"category","embeddable":true,"href":"https:\/\/www.organisator.ch\/de\/wp-json\/wp\/v2\/categories?post=21025"},{"taxonomy":"post_tag","embeddable":true,"href":"https:\/\/www.organisator.ch\/de\/wp-json\/wp\/v2\/tags?post=21025"}],"curies":[{"name":"wp","href":"https:\/\/api.w.org\/{rel}","templated":true}]}}