{"id":21033,"date":"2023-07-25T05:50:17","date_gmt":"2023-07-25T03:50:17","guid":{"rendered":"https:\/\/www.organisator.ch\/?p=21033"},"modified":"2023-07-24T16:07:29","modified_gmt":"2023-07-24T14:07:29","slug":"weiterbildung-in-angehoerigenbegleitung-erste-abschluesse","status":"publish","type":"post","link":"https:\/\/www.organisator.ch\/de\/weiterbildung\/2023-07-25\/weiterbildung-in-angehoerigenbegleitung-erste-abschluesse\/","title":{"rendered":"Weiterbildung in Angeh\u00f6rigenbegleitung: Erste Abschl\u00fcsse"},"content":{"rendered":"<figure id=\"attachment_21034\" aria-describedby=\"caption-attachment-21034\" style=\"width: 680px\" class=\"wp-caption alignnone\"><img loading=\"lazy\" decoding=\"async\" class=\"size-full wp-image-21034\" src=\"https:\/\/www.organisator.ch\/wp-content\/uploads\/2023\/07\/Weiterbildung-in-Angehoerigenbegleitung-Erste-Abschluesse_Organisator.jpg\" alt=\"\" width=\"680\" height=\"426\" srcset=\"https:\/\/www.organisator.ch\/wp-content\/uploads\/2023\/07\/Weiterbildung-in-Angehoerigenbegleitung-Erste-Abschluesse_Organisator.jpg 680w, https:\/\/www.organisator.ch\/wp-content\/uploads\/2023\/07\/Weiterbildung-in-Angehoerigenbegleitung-Erste-Abschluesse_Organisator-18x12.jpg 18w, https:\/\/www.organisator.ch\/wp-content\/uploads\/2023\/07\/Weiterbildung-in-Angehoerigenbegleitung-Erste-Abschluesse_Organisator-375x235.jpg 375w, https:\/\/www.organisator.ch\/wp-content\/uploads\/2023\/07\/Weiterbildung-in-Angehoerigenbegleitung-Erste-Abschluesse_Organisator-559x350.jpg 559w\" sizes=\"auto, (max-width: 680px) 100vw, 680px\" \/><figcaption id=\"caption-attachment-21034\" class=\"wp-caption-text\">Neue Weiterbildung in der Schweiz: die ersten Angeh\u00f6rigenbegleiter und -begleiterinnen wurden zertifiziert. (Symbolbild; Unsplash.com)<\/figcaption><\/figure>\n<p>Der Start am 20. Mai 2022 war ein Wagnis, denn es brauchte Pioniergeist f\u00fcr die angehenden Angeh\u00f6rigenbegleiter\/-innen, sich auf einen intensiven Jahreskurs einzulassen, der mit viel Aufwand und wenig Garantien auf eine Anstellung verbunden war. 13 Angeh\u00f6rige von Familienmitgliedern mit einer meist schweren psychischen Erkrankung haben am so genannten \u201eEX-IN\u201c-Lehrgang f\u00fcr Angeh\u00f6rige teilgenommen. EX-IN steht f\u00fcr \u201eExperienced Involvement\u201c, also Einbezug durch Erfahrungswissen. Eine entsprechende Weiterbildung f\u00fcr psychiatrieerfahrene Betroffene von einer psychischen Krankheit existiert schon. Erfahrene, die in der Psychiatrie arbeiten, werden auch \u201ePeers\u201c genannt.<\/p>\n<h3>Psychische Erkrankungen: Das versteckte Leiden<\/h3>\n<p>Wenn in der Schweiz bei rund 15\u201334% der Bev\u00f6lkerung psychische Erkrankungen vorkommen, so kann davon ausgegangen werden, dass sehr viele Angeh\u00f6rige im Verborgenen grosse Leistungen erbringen, teilweise ohne sich dessen bewusst zu sein. Die Weiterbildung macht diesen enormen Beitrag sichtbar und erm\u00f6glicht es, auf bezahlter Basis andere Angeh\u00f6rige in schweren Krisen zu begleiten und ihnen zur Seite zu stehen. Selbsthilfegruppen f\u00fcr Angeh\u00f6rige wie die VASK (Vereinigung Angeh\u00f6riger psychisch Kranker) leisten viel, doch das allein reicht nicht aus. Zudem vergehen oft Jahre des Leidens, bis Angeh\u00f6rige von einer Selbsthilfegruppe wie der VASK erfahren. Es braucht deshalb mehr Unterst\u00fctzung auf professioneller Basis in den Institutionen, wo Menschen mit einer psychischen Krankheit behandelt werden. Das neue Berufsfeld der Angeh\u00f6rigenbegleitung schliesst diese L\u00fccke.<\/p>\n<h3>Angeh\u00f6rigenbegleitung als wichtiges Puzzle-Teil f\u00fcr eine moderne Psychiatrie<\/h3>\n<p>Alle 13 Absolvierende haben enorm viel geleistet in 240 Pr\u00e4senzstunden im Kurs, 65 Stunden Praktikazeit in psychiatrischen Settings, mit dem Erstellen eines Portfolios, Pr\u00e4sentationen und den Abschlussarbeiten. Erfreulicherweise konnte f\u00fcr alle Teilnehmenden eine Praktikastelle gefunden werden, und alle Teilnehmenden haben die Weiterbildung erfolgreich abgeschlossen oder stehen kurz davor. \u00abWir Angeh\u00f6rigen tragen einen wesentlichen Anteil am Genesungsprozess unserer Lieben. Unsere Belastung ist immens. Dass auch wir endlich Unterst\u00fctzung erfahren, ist \u00fcberf\u00e4llig\u00bb, so eine Stimme aus dem Kurs.<\/p>\n<p>Einzelne Absolvierende fanden schon eine Stelle, weitere sind in Verhandlung. Dank der \u00d6ffnung einiger Psychiatrien f\u00fcr Recovery-Prozesse sind die Grundsteine f\u00fcr eine neue Entwicklung gelegt, in der alle Beteiligten aufeinander h\u00f6ren und gemeinsam alles unterst\u00fctzen, was Genesungsprozesse f\u00f6rdert und das Umfeld gesund erh\u00e4lt.<\/p>\n<p>Der n\u00e4chste Kurs ist f\u00fcr 2024 ausgeschrieben. Das Projekt wird durchgef\u00fchrt in Zusammenarbeit mit der Projektf\u00f6rderung Pr\u00e4vention der der Gesundheitsversorgung von <a href=\"https:\/\/gesundheitsfoerderung.ch\/\">Gesundheitsf\u00f6rderung Schweiz<\/a>.<\/p>\n<p><a href=\"https:\/\/angehoerigen-begleitung.ch\"><em>Quelle und weitere Informationen<\/em><\/a><\/p>\n","protected":false},"excerpt":{"rendered":"<p>Ende Juni 2023 haben in Bern 13 Angeh\u00f6rige die schweizweit erste Weiterbildung als Angeh\u00f6rigenbegleiter oder -begleiterin abgeschlossen. Dabei werden Angeh\u00f6rige von Menschen mit einer psychischen Erkrankung darauf vorbereitet, andere Angeh\u00f6rige professionell zu unterst\u00fctzen. Damit wird eine L\u00fccke in der Gesundheitsversorgung geschlossen.<\/p>\n","protected":false},"author":4,"featured_media":21034,"comment_status":"closed","ping_status":"closed","sticky":false,"template":"","format":"standard","meta":{"_acf_changed":false,"_yoast_wpseo_focuskw":"Angeh\u00f6rigenbegleitung","_yoast_wpseo_metadesc":"Ende Juni 2023 haben in Bern 13 Angeh\u00f6rige die schweizweit erste Weiterbildung in Angeh\u00f6rigenbegleitung abgeschlossen.","articlekey":"","footnotes":""},"categories":[30],"tags":[62,400],"class_list":["post-21033","post","type-post","status-publish","format-standard","has-post-thumbnail","hentry","category-weiterbildung","tag-aus-weiterbildung","tag-psychische-gesundheit"],"acf":[],"yoast_head":"<!-- This site is optimized with the Yoast SEO plugin v27.5 - https:\/\/yoast.com\/product\/yoast-seo-wordpress\/ -->\n<title>Weiterbildung in Angeh\u00f6rigenbegleitung: Erste Abschl\u00fcsse - Organisator<\/title>\n<meta name=\"description\" content=\"Ende Juni 2023 haben in Bern 13 Angeh\u00f6rige die schweizweit erste Weiterbildung in Angeh\u00f6rigenbegleitung abgeschlossen.\" \/>\n<meta name=\"robots\" content=\"index, follow, max-snippet:-1, max-image-preview:large, max-video-preview:-1\" \/>\n<link rel=\"canonical\" href=\"https:\/\/www.organisator.ch\/de\/weiterbildung\/2023-07-25\/weiterbildung-in-angehoerigenbegleitung-erste-abschluesse\/\" \/>\n<meta property=\"og:locale\" content=\"de_DE\" \/>\n<meta property=\"og:type\" content=\"article\" \/>\n<meta property=\"og:title\" content=\"Weiterbildung in Angeh\u00f6rigenbegleitung: Erste Abschl\u00fcsse\" \/>\n<meta property=\"og:description\" content=\"Ende Juni 2023 haben in Bern 13 Angeh\u00f6rige die schweizweit erste Weiterbildung in Angeh\u00f6rigenbegleitung abgeschlossen.\" \/>\n<meta property=\"og:url\" content=\"https:\/\/www.organisator.ch\/de\/weiterbildung\/2023-07-25\/weiterbildung-in-angehoerigenbegleitung-erste-abschluesse\/\" \/>\n<meta property=\"og:site_name\" content=\"Organisator\" \/>\n<meta property=\"article:publisher\" content=\"https:\/\/www.facebook.com\/OrganisatorFachmagazin\" \/>\n<meta property=\"article:published_time\" content=\"2023-07-25T03:50:17+00:00\" \/>\n<meta property=\"og:image\" content=\"https:\/\/www.organisator.ch\/wp-content\/uploads\/2023\/07\/Weiterbildung-in-Angehoerigenbegleitung-Erste-Abschluesse_Organisator.jpg\" \/>\n\t<meta property=\"og:image:width\" content=\"680\" \/>\n\t<meta property=\"og:image:height\" content=\"426\" \/>\n\t<meta property=\"og:image:type\" content=\"image\/jpeg\" \/>\n<meta name=\"author\" content=\"thomas.berner\" \/>\n<meta name=\"twitter:card\" content=\"summary_large_image\" \/>\n<meta name=\"twitter:title\" content=\"#Weiterbildung in #Angeh\u00f6rigenbegleitung: Erste Abschl\u00fcsse\" \/>\n<meta name=\"twitter:description\" content=\"Ende Juni 2023 haben in Bern 13 #Angeh\u00f6rige die schweizweit erste Weiterbildung in #Angeh\u00f6rigenbegleitung abgeschlossen.\" \/>\n<meta name=\"twitter:image\" content=\"https:\/\/www.organisator.ch\/wp-content\/uploads\/2023\/07\/Weiterbildung-in-Angehoerigenbegleitung-Erste-Abschluesse_Organisator.jpg\" \/>\n<script type=\"application\/ld+json\" class=\"yoast-schema-graph\">{\"@context\":\"https:\\\/\\\/schema.org\",\"@graph\":[{\"@type\":\"Article\",\"@id\":\"https:\\\/\\\/www.organisator.ch\\\/weiterbildung\\\/2023-07-25\\\/weiterbildung-in-angehoerigenbegleitung-erste-abschluesse\\\/#article\",\"isPartOf\":{\"@id\":\"https:\\\/\\\/www.organisator.ch\\\/weiterbildung\\\/2023-07-25\\\/weiterbildung-in-angehoerigenbegleitung-erste-abschluesse\\\/\"},\"author\":{\"name\":\"thomas.berner\",\"@id\":\"https:\\\/\\\/www.organisator.ch\\\/#\\\/schema\\\/person\\\/6f650f90b2842cd4c0cc334b4e36f67e\"},\"headline\":\"Weiterbildung in Angeh\u00f6rigenbegleitung: Erste Abschl\u00fcsse\",\"datePublished\":\"2023-07-25T03:50:17+00:00\",\"mainEntityOfPage\":{\"@id\":\"https:\\\/\\\/www.organisator.ch\\\/weiterbildung\\\/2023-07-25\\\/weiterbildung-in-angehoerigenbegleitung-erste-abschluesse\\\/\"},\"wordCount\":424,\"publisher\":{\"@id\":\"https:\\\/\\\/www.organisator.ch\\\/#organization\"},\"image\":{\"@id\":\"https:\\\/\\\/www.organisator.ch\\\/weiterbildung\\\/2023-07-25\\\/weiterbildung-in-angehoerigenbegleitung-erste-abschluesse\\\/#primaryimage\"},\"thumbnailUrl\":\"https:\\\/\\\/www.organisator.ch\\\/wp-content\\\/uploads\\\/2023\\\/07\\\/Weiterbildung-in-Angehoerigenbegleitung-Erste-Abschluesse_Organisator.jpg\",\"keywords\":[\"Aus-\\\/Weiterbildung\",\"Psychische Gesundheit\"],\"articleSection\":[\"WEITERBILDUNG\"],\"inLanguage\":\"de\"},{\"@type\":\"WebPage\",\"@id\":\"https:\\\/\\\/www.organisator.ch\\\/weiterbildung\\\/2023-07-25\\\/weiterbildung-in-angehoerigenbegleitung-erste-abschluesse\\\/\",\"url\":\"https:\\\/\\\/www.organisator.ch\\\/weiterbildung\\\/2023-07-25\\\/weiterbildung-in-angehoerigenbegleitung-erste-abschluesse\\\/\",\"name\":\"Weiterbildung in Angeh\u00f6rigenbegleitung: Erste Abschl\u00fcsse - Organisator\",\"isPartOf\":{\"@id\":\"https:\\\/\\\/www.organisator.ch\\\/#website\"},\"primaryImageOfPage\":{\"@id\":\"https:\\\/\\\/www.organisator.ch\\\/weiterbildung\\\/2023-07-25\\\/weiterbildung-in-angehoerigenbegleitung-erste-abschluesse\\\/#primaryimage\"},\"image\":{\"@id\":\"https:\\\/\\\/www.organisator.ch\\\/weiterbildung\\\/2023-07-25\\\/weiterbildung-in-angehoerigenbegleitung-erste-abschluesse\\\/#primaryimage\"},\"thumbnailUrl\":\"https:\\\/\\\/www.organisator.ch\\\/wp-content\\\/uploads\\\/2023\\\/07\\\/Weiterbildung-in-Angehoerigenbegleitung-Erste-Abschluesse_Organisator.jpg\",\"datePublished\":\"2023-07-25T03:50:17+00:00\",\"description\":\"Ende Juni 2023 haben in Bern 13 Angeh\u00f6rige die schweizweit erste Weiterbildung in Angeh\u00f6rigenbegleitung abgeschlossen.\",\"breadcrumb\":{\"@id\":\"https:\\\/\\\/www.organisator.ch\\\/weiterbildung\\\/2023-07-25\\\/weiterbildung-in-angehoerigenbegleitung-erste-abschluesse\\\/#breadcrumb\"},\"inLanguage\":\"de\",\"potentialAction\":[{\"@type\":\"ReadAction\",\"target\":[\"https:\\\/\\\/www.organisator.ch\\\/weiterbildung\\\/2023-07-25\\\/weiterbildung-in-angehoerigenbegleitung-erste-abschluesse\\\/\"]}]},{\"@type\":\"ImageObject\",\"inLanguage\":\"de\",\"@id\":\"https:\\\/\\\/www.organisator.ch\\\/weiterbildung\\\/2023-07-25\\\/weiterbildung-in-angehoerigenbegleitung-erste-abschluesse\\\/#primaryimage\",\"url\":\"https:\\\/\\\/www.organisator.ch\\\/wp-content\\\/uploads\\\/2023\\\/07\\\/Weiterbildung-in-Angehoerigenbegleitung-Erste-Abschluesse_Organisator.jpg\",\"contentUrl\":\"https:\\\/\\\/www.organisator.ch\\\/wp-content\\\/uploads\\\/2023\\\/07\\\/Weiterbildung-in-Angehoerigenbegleitung-Erste-Abschluesse_Organisator.jpg\",\"width\":680,\"height\":426,\"caption\":\"Neue Weiterbildung in der Schweiz: die ersten Angeh\u00f6rigenbegleiter und -begleiterinnen wurden zertifiziert. (Symbolbild; Unsplash.com)\"},{\"@type\":\"BreadcrumbList\",\"@id\":\"https:\\\/\\\/www.organisator.ch\\\/weiterbildung\\\/2023-07-25\\\/weiterbildung-in-angehoerigenbegleitung-erste-abschluesse\\\/#breadcrumb\",\"itemListElement\":[{\"@type\":\"ListItem\",\"position\":1,\"name\":\"Home\",\"item\":\"https:\\\/\\\/www.organisator.ch\\\/\"},{\"@type\":\"ListItem\",\"position\":2,\"name\":\"Weiterbildung in Angeh\u00f6rigenbegleitung: Erste Abschl\u00fcsse\"}]},{\"@type\":\"WebSite\",\"@id\":\"https:\\\/\\\/www.organisator.ch\\\/#website\",\"url\":\"https:\\\/\\\/www.organisator.ch\\\/\",\"name\":\"Organisator\",\"description\":\"Kompetent. Praxisnah. Der ORGANISATOR bereitet in 10 Ausgaben pro Jahr die wesentlichen Themen f\u00fcr F\u00fchrungskr\u00e4fte von KMU auf.\",\"publisher\":{\"@id\":\"https:\\\/\\\/www.organisator.ch\\\/#organization\"},\"potentialAction\":[{\"@type\":\"SearchAction\",\"target\":{\"@type\":\"EntryPoint\",\"urlTemplate\":\"https:\\\/\\\/www.organisator.ch\\\/?s={search_term_string}\"},\"query-input\":{\"@type\":\"PropertyValueSpecification\",\"valueRequired\":true,\"valueName\":\"search_term_string\"}}],\"inLanguage\":\"de\"},{\"@type\":\"Organization\",\"@id\":\"https:\\\/\\\/www.organisator.ch\\\/#organization\",\"name\":\"Organisator\",\"url\":\"https:\\\/\\\/www.organisator.ch\\\/\",\"logo\":{\"@type\":\"ImageObject\",\"inLanguage\":\"de\",\"@id\":\"https:\\\/\\\/www.organisator.ch\\\/#\\\/schema\\\/logo\\\/image\\\/\",\"url\":\"https:\\\/\\\/www.organisator.ch\\\/wp-content\\\/uploads\\\/2022\\\/01\\\/Logo_Organisator_Website.png\",\"contentUrl\":\"https:\\\/\\\/www.organisator.ch\\\/wp-content\\\/uploads\\\/2022\\\/01\\\/Logo_Organisator_Website.png\",\"width\":800,\"height\":77,\"caption\":\"Organisator\"},\"image\":{\"@id\":\"https:\\\/\\\/www.organisator.ch\\\/#\\\/schema\\\/logo\\\/image\\\/\"},\"sameAs\":[\"https:\\\/\\\/www.facebook.com\\\/OrganisatorFachmagazin\",\"https:\\\/\\\/www.linkedin.com\\\/showcase\\\/organisator-das-magazin-fr-kmu\",\"https:\\\/\\\/www.xing.com\\\/news\\\/pages\\\/organisator-ch-695\",\"https:\\\/\\\/www.youtube.com\\\/channel\\\/UCGP2Sq0iWaZwT3BdIAQFYpw\"]},{\"@type\":\"Person\",\"@id\":\"https:\\\/\\\/www.organisator.ch\\\/#\\\/schema\\\/person\\\/6f650f90b2842cd4c0cc334b4e36f67e\",\"name\":\"thomas.berner\",\"image\":{\"@type\":\"ImageObject\",\"inLanguage\":\"de\",\"@id\":\"https:\\\/\\\/secure.gravatar.com\\\/avatar\\\/ac5001d2a36cb6c6cd3e50789007ffca834b477b74a2144564522e944eabff61?s=96&d=mm&r=g\",\"url\":\"https:\\\/\\\/secure.gravatar.com\\\/avatar\\\/ac5001d2a36cb6c6cd3e50789007ffca834b477b74a2144564522e944eabff61?s=96&d=mm&r=g\",\"contentUrl\":\"https:\\\/\\\/secure.gravatar.com\\\/avatar\\\/ac5001d2a36cb6c6cd3e50789007ffca834b477b74a2144564522e944eabff61?s=96&d=mm&r=g\",\"caption\":\"thomas.berner\"},\"url\":\"https:\\\/\\\/www.organisator.ch\\\/de\\\/author\\\/thomas-berner\\\/\"}]}<\/script>\n<!-- \/ Yoast SEO plugin. -->","yoast_head_json":{"title":"Weiterbildung in Angeh\u00f6rigenbegleitung: Erste Abschl\u00fcsse - Organisator","description":"Ende Juni 2023 haben in Bern 13 Angeh\u00f6rige die schweizweit erste Weiterbildung in Angeh\u00f6rigenbegleitung abgeschlossen.","robots":{"index":"index","follow":"follow","max-snippet":"max-snippet:-1","max-image-preview":"max-image-preview:large","max-video-preview":"max-video-preview:-1"},"canonical":"https:\/\/www.organisator.ch\/de\/weiterbildung\/2023-07-25\/weiterbildung-in-angehoerigenbegleitung-erste-abschluesse\/","og_locale":"de_DE","og_type":"article","og_title":"Weiterbildung in Angeh\u00f6rigenbegleitung: Erste Abschl\u00fcsse","og_description":"Ende Juni 2023 haben in Bern 13 Angeh\u00f6rige die schweizweit erste Weiterbildung in Angeh\u00f6rigenbegleitung abgeschlossen.","og_url":"https:\/\/www.organisator.ch\/de\/weiterbildung\/2023-07-25\/weiterbildung-in-angehoerigenbegleitung-erste-abschluesse\/","og_site_name":"Organisator","article_publisher":"https:\/\/www.facebook.com\/OrganisatorFachmagazin","article_published_time":"2023-07-25T03:50:17+00:00","og_image":[{"width":680,"height":426,"url":"https:\/\/www.organisator.ch\/wp-content\/uploads\/2023\/07\/Weiterbildung-in-Angehoerigenbegleitung-Erste-Abschluesse_Organisator.jpg","type":"image\/jpeg"}],"author":"thomas.berner","twitter_card":"summary_large_image","twitter_title":"#Weiterbildung in #Angeh\u00f6rigenbegleitung: Erste Abschl\u00fcsse","twitter_description":"Ende Juni 2023 haben in Bern 13 #Angeh\u00f6rige die schweizweit erste Weiterbildung in #Angeh\u00f6rigenbegleitung abgeschlossen.","twitter_image":"https:\/\/www.organisator.ch\/wp-content\/uploads\/2023\/07\/Weiterbildung-in-Angehoerigenbegleitung-Erste-Abschluesse_Organisator.jpg","schema":{"@context":"https:\/\/schema.org","@graph":[{"@type":"Article","@id":"https:\/\/www.organisator.ch\/weiterbildung\/2023-07-25\/weiterbildung-in-angehoerigenbegleitung-erste-abschluesse\/#article","isPartOf":{"@id":"https:\/\/www.organisator.ch\/weiterbildung\/2023-07-25\/weiterbildung-in-angehoerigenbegleitung-erste-abschluesse\/"},"author":{"name":"thomas.berner","@id":"https:\/\/www.organisator.ch\/#\/schema\/person\/6f650f90b2842cd4c0cc334b4e36f67e"},"headline":"Weiterbildung in Angeh\u00f6rigenbegleitung: Erste Abschl\u00fcsse","datePublished":"2023-07-25T03:50:17+00:00","mainEntityOfPage":{"@id":"https:\/\/www.organisator.ch\/weiterbildung\/2023-07-25\/weiterbildung-in-angehoerigenbegleitung-erste-abschluesse\/"},"wordCount":424,"publisher":{"@id":"https:\/\/www.organisator.ch\/#organization"},"image":{"@id":"https:\/\/www.organisator.ch\/weiterbildung\/2023-07-25\/weiterbildung-in-angehoerigenbegleitung-erste-abschluesse\/#primaryimage"},"thumbnailUrl":"https:\/\/www.organisator.ch\/wp-content\/uploads\/2023\/07\/Weiterbildung-in-Angehoerigenbegleitung-Erste-Abschluesse_Organisator.jpg","keywords":["Aus-\/Weiterbildung","Psychische Gesundheit"],"articleSection":["WEITERBILDUNG"],"inLanguage":"de"},{"@type":"WebPage","@id":"https:\/\/www.organisator.ch\/weiterbildung\/2023-07-25\/weiterbildung-in-angehoerigenbegleitung-erste-abschluesse\/","url":"https:\/\/www.organisator.ch\/weiterbildung\/2023-07-25\/weiterbildung-in-angehoerigenbegleitung-erste-abschluesse\/","name":"Weiterbildung in Angeh\u00f6rigenbegleitung: Erste Abschl\u00fcsse - Organisator","isPartOf":{"@id":"https:\/\/www.organisator.ch\/#website"},"primaryImageOfPage":{"@id":"https:\/\/www.organisator.ch\/weiterbildung\/2023-07-25\/weiterbildung-in-angehoerigenbegleitung-erste-abschluesse\/#primaryimage"},"image":{"@id":"https:\/\/www.organisator.ch\/weiterbildung\/2023-07-25\/weiterbildung-in-angehoerigenbegleitung-erste-abschluesse\/#primaryimage"},"thumbnailUrl":"https:\/\/www.organisator.ch\/wp-content\/uploads\/2023\/07\/Weiterbildung-in-Angehoerigenbegleitung-Erste-Abschluesse_Organisator.jpg","datePublished":"2023-07-25T03:50:17+00:00","description":"Ende Juni 2023 haben in Bern 13 Angeh\u00f6rige die schweizweit erste Weiterbildung in Angeh\u00f6rigenbegleitung abgeschlossen.","breadcrumb":{"@id":"https:\/\/www.organisator.ch\/weiterbildung\/2023-07-25\/weiterbildung-in-angehoerigenbegleitung-erste-abschluesse\/#breadcrumb"},"inLanguage":"de","potentialAction":[{"@type":"ReadAction","target":["https:\/\/www.organisator.ch\/weiterbildung\/2023-07-25\/weiterbildung-in-angehoerigenbegleitung-erste-abschluesse\/"]}]},{"@type":"ImageObject","inLanguage":"de","@id":"https:\/\/www.organisator.ch\/weiterbildung\/2023-07-25\/weiterbildung-in-angehoerigenbegleitung-erste-abschluesse\/#primaryimage","url":"https:\/\/www.organisator.ch\/wp-content\/uploads\/2023\/07\/Weiterbildung-in-Angehoerigenbegleitung-Erste-Abschluesse_Organisator.jpg","contentUrl":"https:\/\/www.organisator.ch\/wp-content\/uploads\/2023\/07\/Weiterbildung-in-Angehoerigenbegleitung-Erste-Abschluesse_Organisator.jpg","width":680,"height":426,"caption":"Neue Weiterbildung in der Schweiz: die ersten Angeh\u00f6rigenbegleiter und -begleiterinnen wurden zertifiziert. (Symbolbild; Unsplash.com)"},{"@type":"BreadcrumbList","@id":"https:\/\/www.organisator.ch\/weiterbildung\/2023-07-25\/weiterbildung-in-angehoerigenbegleitung-erste-abschluesse\/#breadcrumb","itemListElement":[{"@type":"ListItem","position":1,"name":"Home","item":"https:\/\/www.organisator.ch\/"},{"@type":"ListItem","position":2,"name":"Weiterbildung in Angeh\u00f6rigenbegleitung: Erste Abschl\u00fcsse"}]},{"@type":"WebSite","@id":"https:\/\/www.organisator.ch\/#website","url":"https:\/\/www.organisator.ch\/","name":"Organisator","description":"Kompetent. Praxisnah. Der ORGANISATOR bereitet in 10 Ausgaben pro Jahr die wesentlichen Themen f\u00fcr F\u00fchrungskr\u00e4fte von KMU auf.","publisher":{"@id":"https:\/\/www.organisator.ch\/#organization"},"potentialAction":[{"@type":"SearchAction","target":{"@type":"EntryPoint","urlTemplate":"https:\/\/www.organisator.ch\/?s={search_term_string}"},"query-input":{"@type":"PropertyValueSpecification","valueRequired":true,"valueName":"search_term_string"}}],"inLanguage":"de"},{"@type":"Organization","@id":"https:\/\/www.organisator.ch\/#organization","name":"Organisator","url":"https:\/\/www.organisator.ch\/","logo":{"@type":"ImageObject","inLanguage":"de","@id":"https:\/\/www.organisator.ch\/#\/schema\/logo\/image\/","url":"https:\/\/www.organisator.ch\/wp-content\/uploads\/2022\/01\/Logo_Organisator_Website.png","contentUrl":"https:\/\/www.organisator.ch\/wp-content\/uploads\/2022\/01\/Logo_Organisator_Website.png","width":800,"height":77,"caption":"Organisator"},"image":{"@id":"https:\/\/www.organisator.ch\/#\/schema\/logo\/image\/"},"sameAs":["https:\/\/www.facebook.com\/OrganisatorFachmagazin","https:\/\/www.linkedin.com\/showcase\/organisator-das-magazin-fr-kmu","https:\/\/www.xing.com\/news\/pages\/organisator-ch-695","https:\/\/www.youtube.com\/channel\/UCGP2Sq0iWaZwT3BdIAQFYpw"]},{"@type":"Person","@id":"https:\/\/www.organisator.ch\/#\/schema\/person\/6f650f90b2842cd4c0cc334b4e36f67e","name":"thomas.berner","image":{"@type":"ImageObject","inLanguage":"de","@id":"https:\/\/secure.gravatar.com\/avatar\/ac5001d2a36cb6c6cd3e50789007ffca834b477b74a2144564522e944eabff61?s=96&d=mm&r=g","url":"https:\/\/secure.gravatar.com\/avatar\/ac5001d2a36cb6c6cd3e50789007ffca834b477b74a2144564522e944eabff61?s=96&d=mm&r=g","contentUrl":"https:\/\/secure.gravatar.com\/avatar\/ac5001d2a36cb6c6cd3e50789007ffca834b477b74a2144564522e944eabff61?s=96&d=mm&r=g","caption":"thomas.berner"},"url":"https:\/\/www.organisator.ch\/de\/author\/thomas-berner\/"}]}},"_links":{"self":[{"href":"https:\/\/www.organisator.ch\/de\/wp-json\/wp\/v2\/posts\/21033","targetHints":{"allow":["GET"]}}],"collection":[{"href":"https:\/\/www.organisator.ch\/de\/wp-json\/wp\/v2\/posts"}],"about":[{"href":"https:\/\/www.organisator.ch\/de\/wp-json\/wp\/v2\/types\/post"}],"author":[{"embeddable":true,"href":"https:\/\/www.organisator.ch\/de\/wp-json\/wp\/v2\/users\/4"}],"replies":[{"embeddable":true,"href":"https:\/\/www.organisator.ch\/de\/wp-json\/wp\/v2\/comments?post=21033"}],"version-history":[{"count":1,"href":"https:\/\/www.organisator.ch\/de\/wp-json\/wp\/v2\/posts\/21033\/revisions"}],"predecessor-version":[{"id":21035,"href":"https:\/\/www.organisator.ch\/de\/wp-json\/wp\/v2\/posts\/21033\/revisions\/21035"}],"wp:featuredmedia":[{"embeddable":true,"href":"https:\/\/www.organisator.ch\/de\/wp-json\/wp\/v2\/media\/21034"}],"wp:attachment":[{"href":"https:\/\/www.organisator.ch\/de\/wp-json\/wp\/v2\/media?parent=21033"}],"wp:term":[{"taxonomy":"category","embeddable":true,"href":"https:\/\/www.organisator.ch\/de\/wp-json\/wp\/v2\/categories?post=21033"},{"taxonomy":"post_tag","embeddable":true,"href":"https:\/\/www.organisator.ch\/de\/wp-json\/wp\/v2\/tags?post=21033"}],"curies":[{"name":"wp","href":"https:\/\/api.w.org\/{rel}","templated":true}]}}