{"id":21045,"date":"2023-07-25T14:04:32","date_gmt":"2023-07-25T12:04:32","guid":{"rendered":"https:\/\/www.organisator.ch\/?p=21045"},"modified":"2023-07-25T14:04:32","modified_gmt":"2023-07-25T12:04:32","slug":"consult-pepper-mit-neuer-inhaberschaft-und-fuehrung","status":"publish","type":"post","link":"https:\/\/www.organisator.ch\/de\/human-resources\/2023-07-25\/consult-pepper-mit-neuer-inhaberschaft-und-fuehrung\/","title":{"rendered":"Consult &#038; Pepper mit neuer Inhaberschaft und F\u00fchrung"},"content":{"rendered":"<figure id=\"attachment_21046\" aria-describedby=\"caption-attachment-21046\" style=\"width: 680px\" class=\"wp-caption alignnone\"><img loading=\"lazy\" decoding=\"async\" class=\"size-full wp-image-21046\" src=\"https:\/\/www.organisator.ch\/wp-content\/uploads\/2023\/07\/Consult-Pepper-mit-neuer-Inhaberschaft-und-Fuehrung_Organisator.jpg\" alt=\"\" width=\"680\" height=\"453\" srcset=\"https:\/\/www.organisator.ch\/wp-content\/uploads\/2023\/07\/Consult-Pepper-mit-neuer-Inhaberschaft-und-Fuehrung_Organisator.jpg 680w, https:\/\/www.organisator.ch\/wp-content\/uploads\/2023\/07\/Consult-Pepper-mit-neuer-Inhaberschaft-und-Fuehrung_Organisator-18x12.jpg 18w, https:\/\/www.organisator.ch\/wp-content\/uploads\/2023\/07\/Consult-Pepper-mit-neuer-Inhaberschaft-und-Fuehrung_Organisator-375x250.jpg 375w, https:\/\/www.organisator.ch\/wp-content\/uploads\/2023\/07\/Consult-Pepper-mit-neuer-Inhaberschaft-und-Fuehrung_Organisator-525x350.jpg 525w\" sizes=\"auto, (max-width: 680px) 100vw, 680px\" \/><figcaption id=\"caption-attachment-21046\" class=\"wp-caption-text\">Werner Raschle (ganz links) \u00fcbergibt Consult &amp; Pepper an die neuen Inhaber (von links nach rechts) Dario Saia (Co-CEO), Marco Tunesi und Dominik Huber (Co-CEO). (Bild: zVg)<\/figcaption><\/figure>\n<p>Mit Dario Saia und Dominik Huber werden per sofort zwei erfahrene F\u00fchrungspers\u00f6nlichkeiten neue Co-CEOs und Mitinhaber von Consult &amp; Pepper. Consult &amp; Pepper ist ein f\u00fchrendes, schweizweit t\u00e4tiges Personalberatungs- &amp; Executive Search- Unternehmen mit Niederlassungen in Bern, Luzern, St. Gallen, Winterthur und Z\u00fcrich. Die Firma ber\u00e4t und unterst\u00fctzt nationale Unternehmen und internationale Konzerne mit Sitz in der Schweiz in der Suche, Selektion und Gewinnung von hoch qualifizierten Fachspezialisten und F\u00fchrungskr\u00e4ften in den Bereichen Technology &amp; Leadership.<\/p>\n<h3>Zwei langj\u00e4hrige Mitarbeiter<\/h3>\n<p>Dario Saia arbeitet seit 2010 bei Consult &amp; Pepper, Dominik Huber seit 2014. Dario Saia ist f\u00fcr den Aufbau und die F\u00fchrung des Executive Search-Bereichs des Unternehmens zust\u00e4ndig. Dominik Huber verantwortet als Niederlassungsleiter die Regionen Z\u00fcrich und Bern. Beide verf\u00fcgen \u00fcber langj\u00e4hrige Erfahrungen und eine ausgewiesene Expertise im Rekrutieren von Fach- und F\u00fchrungspersonal. Sie folgen auf den bisherigen CEO und Besitzer Werner Raschle. Marco Tunesi, Mitgr\u00fcnder von Consult &amp; Pepper, wird Mitinhaber und nimmt Einsitz im Verwaltungsrat. \u201eWir freuen uns sehr auf die neue Aufgabe und die Zusammenarbeit mit unseren Mitarbeiter:innen\u201c, sagen Dario Saia und Dominik Huber. \u201eConsult &amp; Pepper geh\u00f6rt heute zu den f\u00fchrenden Personalberatungs- und Executive Search-Unternehmen in der Schweiz und ist bestens f\u00fcr die zuk\u00fcnftige Dynamik auf dem Markt ger\u00fcstet. Wir wollen auf dieser starken Grundlage aufbauen und mit unseren Mitarbeiter\/-innen diese Erfolgsgeschichte weiterf\u00fchren.\u201c<\/p>\n<h3>Kontinuit\u00e4t und Qualit\u00e4tsstandards in allen Leistungen<\/h3>\n<p>\u201eMit Dario Saia und Dominik Huber konnte ich nach einem sorgf\u00e4ltig geplanten, intensiven Evaluationsprozess meine Wunschkandidaten f\u00fcr die zuk\u00fcnftige Gesamtf\u00fchrung von Consult &amp; Pepper<br \/>\ngewinnen\u201c, sagt Werner Raschle, der sich aus der operativen T\u00e4tigkeit zur\u00fcckzieht und das Unternehmen weitergibt. Werner Raschle \u00fcbernahm Consult &amp; Pepper 2013. \u201eAls langj\u00e4hrige<br \/>\nMitarbeiter und unternehmerisch denkende Gesch\u00e4ftsleitungsmitglieder haben Dario Saia und Dominik Huber einen grossen Anteil an der \u00e4usserst positiven Entwicklung unseres Unternehmens. Dass sie nun die Gesamtverantwortung \u00fcbernehmen und die Firma weiterhin inhabergef\u00fchrt wird, ist nur konsequent. Dario Saia und Dominik Huber garantieren den Mitarbeiter\/-innen und den Kund\/-innen Kontinuit\u00e4t und die Weiterf\u00fchrung der bisherigen Qualit\u00e4tsstandards in allen Leistungen. Die \u00dcbergabe des Unternehmens an Mitarbeitende war f\u00fcr mich immer ein expliziter Wunsch. Ich w\u00fcnsche Dario Saia und Dominik Huber in ihrer neuen Rolle viel Erfolg.\u201c<\/p>\n<p><a href=\"https:\/\/consultandpepper.com\/\"><em>Quelle und weitere Informationen<\/em><\/a><\/p>\n","protected":false},"excerpt":{"rendered":"<p>Dario Saia (37) und Dominik Huber (35) \u00fcbernehmen zusammen mit Marco Tunesi (50) das Schweizer Personalberatungs- und Executive Search-Unternehmen Consult &#038; Pepper. Der bisherige Inhaber Werner Raschle (59) verbleibt im Verwaltungsrat.<\/p>\n","protected":false},"author":4,"featured_media":21046,"comment_status":"closed","ping_status":"closed","sticky":false,"template":"","format":"standard","meta":{"_acf_changed":false,"_yoast_wpseo_focuskw":"Consult & Pepper","_yoast_wpseo_metadesc":"Dario Saia und Dominik Huber \u00fcbernehmen mit Marco Tunesi das Personalberatungs- und Executive Search-Unternehmen Consult & Pepper.","articlekey":"","footnotes":""},"categories":[579],"tags":[335,381,407,492],"class_list":["post-21045","post","type-post","status-publish","format-standard","has-post-thumbnail","hentry","category-human-resources","tag-management-und-unternehmensfuehrung","tag-personalia","tag-recruiting","tag-unternehmen"],"acf":[],"yoast_head":"<!-- This site is optimized with the Yoast SEO plugin v27.5 - https:\/\/yoast.com\/product\/yoast-seo-wordpress\/ -->\n<title>Consult &amp; Pepper mit neuer Inhaberschaft und F\u00fchrung - Organisator<\/title>\n<meta name=\"description\" content=\"Dario Saia und Dominik Huber \u00fcbernehmen mit Marco Tunesi das Personalberatungs- und Executive Search-Unternehmen Consult &amp; Pepper.\" \/>\n<meta name=\"robots\" content=\"index, follow, max-snippet:-1, max-image-preview:large, max-video-preview:-1\" \/>\n<link rel=\"canonical\" href=\"https:\/\/www.organisator.ch\/de\/human-resources\/2023-07-25\/consult-pepper-mit-neuer-inhaberschaft-und-fuehrung\/\" \/>\n<meta property=\"og:locale\" content=\"de_DE\" \/>\n<meta property=\"og:type\" content=\"article\" \/>\n<meta property=\"og:title\" content=\"Consult &amp; Pepper mit neuer Inhaberschaft und F\u00fchrung\" \/>\n<meta property=\"og:description\" content=\"Dario Saia und Dominik Huber \u00fcbernehmen mit Marco Tunesi das Personalberatungs- und Executive Search-Unternehmen Consult &amp; Pepper.\" \/>\n<meta property=\"og:url\" content=\"https:\/\/www.organisator.ch\/de\/human-resources\/2023-07-25\/consult-pepper-mit-neuer-inhaberschaft-und-fuehrung\/\" \/>\n<meta property=\"og:site_name\" content=\"Organisator\" \/>\n<meta property=\"article:publisher\" content=\"https:\/\/www.facebook.com\/OrganisatorFachmagazin\" \/>\n<meta property=\"article:published_time\" content=\"2023-07-25T12:04:32+00:00\" \/>\n<meta property=\"og:image\" content=\"https:\/\/www.organisator.ch\/wp-content\/uploads\/2023\/07\/Consult-Pepper-mit-neuer-Inhaberschaft-und-Fuehrung_Organisator.jpg\" \/>\n\t<meta property=\"og:image:width\" content=\"680\" \/>\n\t<meta property=\"og:image:height\" content=\"453\" \/>\n\t<meta property=\"og:image:type\" content=\"image\/jpeg\" \/>\n<meta name=\"author\" content=\"thomas.berner\" \/>\n<meta name=\"twitter:card\" content=\"summary_large_image\" \/>\n<meta name=\"twitter:title\" content=\"#Consult &amp; Pepper mit neuer #Inhaberschaft und F\u00fchrung\" \/>\n<meta name=\"twitter:description\" content=\"Dario Saia und Dominik Huber \u00fcbernehmen mit Marco Tunesi das #Personalberatungs- und Executive Search-Unternehmen #Consult&amp;Pepper.\" \/>\n<meta name=\"twitter:image\" content=\"https:\/\/www.organisator.ch\/wp-content\/uploads\/2023\/07\/Consult-Pepper-mit-neuer-Inhaberschaft-und-Fuehrung_Organisator.jpg\" \/>\n<script type=\"application\/ld+json\" class=\"yoast-schema-graph\">{\"@context\":\"https:\\\/\\\/schema.org\",\"@graph\":[{\"@type\":\"Article\",\"@id\":\"https:\\\/\\\/www.organisator.ch\\\/human-resources\\\/2023-07-25\\\/consult-pepper-mit-neuer-inhaberschaft-und-fuehrung\\\/#article\",\"isPartOf\":{\"@id\":\"https:\\\/\\\/www.organisator.ch\\\/human-resources\\\/2023-07-25\\\/consult-pepper-mit-neuer-inhaberschaft-und-fuehrung\\\/\"},\"author\":{\"name\":\"thomas.berner\",\"@id\":\"https:\\\/\\\/www.organisator.ch\\\/#\\\/schema\\\/person\\\/6f650f90b2842cd4c0cc334b4e36f67e\"},\"headline\":\"Consult &#038; Pepper mit neuer Inhaberschaft und F\u00fchrung\",\"datePublished\":\"2023-07-25T12:04:32+00:00\",\"mainEntityOfPage\":{\"@id\":\"https:\\\/\\\/www.organisator.ch\\\/human-resources\\\/2023-07-25\\\/consult-pepper-mit-neuer-inhaberschaft-und-fuehrung\\\/\"},\"wordCount\":440,\"publisher\":{\"@id\":\"https:\\\/\\\/www.organisator.ch\\\/#organization\"},\"image\":{\"@id\":\"https:\\\/\\\/www.organisator.ch\\\/human-resources\\\/2023-07-25\\\/consult-pepper-mit-neuer-inhaberschaft-und-fuehrung\\\/#primaryimage\"},\"thumbnailUrl\":\"https:\\\/\\\/www.organisator.ch\\\/wp-content\\\/uploads\\\/2023\\\/07\\\/Consult-Pepper-mit-neuer-Inhaberschaft-und-Fuehrung_Organisator.jpg\",\"keywords\":[\"Management und Unternehmensf\u00fchrung\",\"Personalia\",\"Recruiting\",\"Unternehmen\"],\"articleSection\":[\"HUMAN RESOURCES\"],\"inLanguage\":\"de\"},{\"@type\":\"WebPage\",\"@id\":\"https:\\\/\\\/www.organisator.ch\\\/human-resources\\\/2023-07-25\\\/consult-pepper-mit-neuer-inhaberschaft-und-fuehrung\\\/\",\"url\":\"https:\\\/\\\/www.organisator.ch\\\/human-resources\\\/2023-07-25\\\/consult-pepper-mit-neuer-inhaberschaft-und-fuehrung\\\/\",\"name\":\"Consult & Pepper mit neuer Inhaberschaft und F\u00fchrung - Organisator\",\"isPartOf\":{\"@id\":\"https:\\\/\\\/www.organisator.ch\\\/#website\"},\"primaryImageOfPage\":{\"@id\":\"https:\\\/\\\/www.organisator.ch\\\/human-resources\\\/2023-07-25\\\/consult-pepper-mit-neuer-inhaberschaft-und-fuehrung\\\/#primaryimage\"},\"image\":{\"@id\":\"https:\\\/\\\/www.organisator.ch\\\/human-resources\\\/2023-07-25\\\/consult-pepper-mit-neuer-inhaberschaft-und-fuehrung\\\/#primaryimage\"},\"thumbnailUrl\":\"https:\\\/\\\/www.organisator.ch\\\/wp-content\\\/uploads\\\/2023\\\/07\\\/Consult-Pepper-mit-neuer-Inhaberschaft-und-Fuehrung_Organisator.jpg\",\"datePublished\":\"2023-07-25T12:04:32+00:00\",\"description\":\"Dario Saia und Dominik Huber \u00fcbernehmen mit Marco Tunesi das Personalberatungs- und Executive Search-Unternehmen Consult & Pepper.\",\"breadcrumb\":{\"@id\":\"https:\\\/\\\/www.organisator.ch\\\/human-resources\\\/2023-07-25\\\/consult-pepper-mit-neuer-inhaberschaft-und-fuehrung\\\/#breadcrumb\"},\"inLanguage\":\"de\",\"potentialAction\":[{\"@type\":\"ReadAction\",\"target\":[\"https:\\\/\\\/www.organisator.ch\\\/human-resources\\\/2023-07-25\\\/consult-pepper-mit-neuer-inhaberschaft-und-fuehrung\\\/\"]}]},{\"@type\":\"ImageObject\",\"inLanguage\":\"de\",\"@id\":\"https:\\\/\\\/www.organisator.ch\\\/human-resources\\\/2023-07-25\\\/consult-pepper-mit-neuer-inhaberschaft-und-fuehrung\\\/#primaryimage\",\"url\":\"https:\\\/\\\/www.organisator.ch\\\/wp-content\\\/uploads\\\/2023\\\/07\\\/Consult-Pepper-mit-neuer-Inhaberschaft-und-Fuehrung_Organisator.jpg\",\"contentUrl\":\"https:\\\/\\\/www.organisator.ch\\\/wp-content\\\/uploads\\\/2023\\\/07\\\/Consult-Pepper-mit-neuer-Inhaberschaft-und-Fuehrung_Organisator.jpg\",\"width\":680,\"height\":453,\"caption\":\"Werner Raschle (ganz links) \u00fcbergibt Consult & Pepper an die neuen Inhaber (von links nach rechts) Dario Saia (Co-CEO), Marco Tunesi und Dominik Huber (Co-CEO). (Bild: zVg)\"},{\"@type\":\"BreadcrumbList\",\"@id\":\"https:\\\/\\\/www.organisator.ch\\\/human-resources\\\/2023-07-25\\\/consult-pepper-mit-neuer-inhaberschaft-und-fuehrung\\\/#breadcrumb\",\"itemListElement\":[{\"@type\":\"ListItem\",\"position\":1,\"name\":\"Home\",\"item\":\"https:\\\/\\\/www.organisator.ch\\\/\"},{\"@type\":\"ListItem\",\"position\":2,\"name\":\"Consult &#038; Pepper mit neuer Inhaberschaft und F\u00fchrung\"}]},{\"@type\":\"WebSite\",\"@id\":\"https:\\\/\\\/www.organisator.ch\\\/#website\",\"url\":\"https:\\\/\\\/www.organisator.ch\\\/\",\"name\":\"Organisator\",\"description\":\"Kompetent. Praxisnah. Der ORGANISATOR bereitet in 10 Ausgaben pro Jahr die wesentlichen Themen f\u00fcr F\u00fchrungskr\u00e4fte von KMU auf.\",\"publisher\":{\"@id\":\"https:\\\/\\\/www.organisator.ch\\\/#organization\"},\"potentialAction\":[{\"@type\":\"SearchAction\",\"target\":{\"@type\":\"EntryPoint\",\"urlTemplate\":\"https:\\\/\\\/www.organisator.ch\\\/?s={search_term_string}\"},\"query-input\":{\"@type\":\"PropertyValueSpecification\",\"valueRequired\":true,\"valueName\":\"search_term_string\"}}],\"inLanguage\":\"de\"},{\"@type\":\"Organization\",\"@id\":\"https:\\\/\\\/www.organisator.ch\\\/#organization\",\"name\":\"Organisator\",\"url\":\"https:\\\/\\\/www.organisator.ch\\\/\",\"logo\":{\"@type\":\"ImageObject\",\"inLanguage\":\"de\",\"@id\":\"https:\\\/\\\/www.organisator.ch\\\/#\\\/schema\\\/logo\\\/image\\\/\",\"url\":\"https:\\\/\\\/www.organisator.ch\\\/wp-content\\\/uploads\\\/2022\\\/01\\\/Logo_Organisator_Website.png\",\"contentUrl\":\"https:\\\/\\\/www.organisator.ch\\\/wp-content\\\/uploads\\\/2022\\\/01\\\/Logo_Organisator_Website.png\",\"width\":800,\"height\":77,\"caption\":\"Organisator\"},\"image\":{\"@id\":\"https:\\\/\\\/www.organisator.ch\\\/#\\\/schema\\\/logo\\\/image\\\/\"},\"sameAs\":[\"https:\\\/\\\/www.facebook.com\\\/OrganisatorFachmagazin\",\"https:\\\/\\\/www.linkedin.com\\\/showcase\\\/organisator-das-magazin-fr-kmu\",\"https:\\\/\\\/www.xing.com\\\/news\\\/pages\\\/organisator-ch-695\",\"https:\\\/\\\/www.youtube.com\\\/channel\\\/UCGP2Sq0iWaZwT3BdIAQFYpw\"]},{\"@type\":\"Person\",\"@id\":\"https:\\\/\\\/www.organisator.ch\\\/#\\\/schema\\\/person\\\/6f650f90b2842cd4c0cc334b4e36f67e\",\"name\":\"thomas.berner\",\"image\":{\"@type\":\"ImageObject\",\"inLanguage\":\"de\",\"@id\":\"https:\\\/\\\/secure.gravatar.com\\\/avatar\\\/ac5001d2a36cb6c6cd3e50789007ffca834b477b74a2144564522e944eabff61?s=96&d=mm&r=g\",\"url\":\"https:\\\/\\\/secure.gravatar.com\\\/avatar\\\/ac5001d2a36cb6c6cd3e50789007ffca834b477b74a2144564522e944eabff61?s=96&d=mm&r=g\",\"contentUrl\":\"https:\\\/\\\/secure.gravatar.com\\\/avatar\\\/ac5001d2a36cb6c6cd3e50789007ffca834b477b74a2144564522e944eabff61?s=96&d=mm&r=g\",\"caption\":\"thomas.berner\"},\"url\":\"https:\\\/\\\/www.organisator.ch\\\/de\\\/author\\\/thomas-berner\\\/\"}]}<\/script>\n<!-- \/ Yoast SEO plugin. -->","yoast_head_json":{"title":"Consult & Pepper mit neuer Inhaberschaft und F\u00fchrung - Organisator","description":"Dario Saia und Dominik Huber \u00fcbernehmen mit Marco Tunesi das Personalberatungs- und Executive Search-Unternehmen Consult & Pepper.","robots":{"index":"index","follow":"follow","max-snippet":"max-snippet:-1","max-image-preview":"max-image-preview:large","max-video-preview":"max-video-preview:-1"},"canonical":"https:\/\/www.organisator.ch\/de\/human-resources\/2023-07-25\/consult-pepper-mit-neuer-inhaberschaft-und-fuehrung\/","og_locale":"de_DE","og_type":"article","og_title":"Consult & Pepper mit neuer Inhaberschaft und F\u00fchrung","og_description":"Dario Saia und Dominik Huber \u00fcbernehmen mit Marco Tunesi das Personalberatungs- und Executive Search-Unternehmen Consult & Pepper.","og_url":"https:\/\/www.organisator.ch\/de\/human-resources\/2023-07-25\/consult-pepper-mit-neuer-inhaberschaft-und-fuehrung\/","og_site_name":"Organisator","article_publisher":"https:\/\/www.facebook.com\/OrganisatorFachmagazin","article_published_time":"2023-07-25T12:04:32+00:00","og_image":[{"width":680,"height":453,"url":"https:\/\/www.organisator.ch\/wp-content\/uploads\/2023\/07\/Consult-Pepper-mit-neuer-Inhaberschaft-und-Fuehrung_Organisator.jpg","type":"image\/jpeg"}],"author":"thomas.berner","twitter_card":"summary_large_image","twitter_title":"#Consult & Pepper mit neuer #Inhaberschaft und F\u00fchrung","twitter_description":"Dario Saia und Dominik Huber \u00fcbernehmen mit Marco Tunesi das #Personalberatungs- und Executive Search-Unternehmen #Consult&Pepper.","twitter_image":"https:\/\/www.organisator.ch\/wp-content\/uploads\/2023\/07\/Consult-Pepper-mit-neuer-Inhaberschaft-und-Fuehrung_Organisator.jpg","schema":{"@context":"https:\/\/schema.org","@graph":[{"@type":"Article","@id":"https:\/\/www.organisator.ch\/human-resources\/2023-07-25\/consult-pepper-mit-neuer-inhaberschaft-und-fuehrung\/#article","isPartOf":{"@id":"https:\/\/www.organisator.ch\/human-resources\/2023-07-25\/consult-pepper-mit-neuer-inhaberschaft-und-fuehrung\/"},"author":{"name":"thomas.berner","@id":"https:\/\/www.organisator.ch\/#\/schema\/person\/6f650f90b2842cd4c0cc334b4e36f67e"},"headline":"Consult &#038; Pepper mit neuer Inhaberschaft und F\u00fchrung","datePublished":"2023-07-25T12:04:32+00:00","mainEntityOfPage":{"@id":"https:\/\/www.organisator.ch\/human-resources\/2023-07-25\/consult-pepper-mit-neuer-inhaberschaft-und-fuehrung\/"},"wordCount":440,"publisher":{"@id":"https:\/\/www.organisator.ch\/#organization"},"image":{"@id":"https:\/\/www.organisator.ch\/human-resources\/2023-07-25\/consult-pepper-mit-neuer-inhaberschaft-und-fuehrung\/#primaryimage"},"thumbnailUrl":"https:\/\/www.organisator.ch\/wp-content\/uploads\/2023\/07\/Consult-Pepper-mit-neuer-Inhaberschaft-und-Fuehrung_Organisator.jpg","keywords":["Management und Unternehmensf\u00fchrung","Personalia","Recruiting","Unternehmen"],"articleSection":["HUMAN RESOURCES"],"inLanguage":"de"},{"@type":"WebPage","@id":"https:\/\/www.organisator.ch\/human-resources\/2023-07-25\/consult-pepper-mit-neuer-inhaberschaft-und-fuehrung\/","url":"https:\/\/www.organisator.ch\/human-resources\/2023-07-25\/consult-pepper-mit-neuer-inhaberschaft-und-fuehrung\/","name":"Consult & Pepper mit neuer Inhaberschaft und F\u00fchrung - Organisator","isPartOf":{"@id":"https:\/\/www.organisator.ch\/#website"},"primaryImageOfPage":{"@id":"https:\/\/www.organisator.ch\/human-resources\/2023-07-25\/consult-pepper-mit-neuer-inhaberschaft-und-fuehrung\/#primaryimage"},"image":{"@id":"https:\/\/www.organisator.ch\/human-resources\/2023-07-25\/consult-pepper-mit-neuer-inhaberschaft-und-fuehrung\/#primaryimage"},"thumbnailUrl":"https:\/\/www.organisator.ch\/wp-content\/uploads\/2023\/07\/Consult-Pepper-mit-neuer-Inhaberschaft-und-Fuehrung_Organisator.jpg","datePublished":"2023-07-25T12:04:32+00:00","description":"Dario Saia und Dominik Huber \u00fcbernehmen mit Marco Tunesi das Personalberatungs- und Executive Search-Unternehmen Consult & Pepper.","breadcrumb":{"@id":"https:\/\/www.organisator.ch\/human-resources\/2023-07-25\/consult-pepper-mit-neuer-inhaberschaft-und-fuehrung\/#breadcrumb"},"inLanguage":"de","potentialAction":[{"@type":"ReadAction","target":["https:\/\/www.organisator.ch\/human-resources\/2023-07-25\/consult-pepper-mit-neuer-inhaberschaft-und-fuehrung\/"]}]},{"@type":"ImageObject","inLanguage":"de","@id":"https:\/\/www.organisator.ch\/human-resources\/2023-07-25\/consult-pepper-mit-neuer-inhaberschaft-und-fuehrung\/#primaryimage","url":"https:\/\/www.organisator.ch\/wp-content\/uploads\/2023\/07\/Consult-Pepper-mit-neuer-Inhaberschaft-und-Fuehrung_Organisator.jpg","contentUrl":"https:\/\/www.organisator.ch\/wp-content\/uploads\/2023\/07\/Consult-Pepper-mit-neuer-Inhaberschaft-und-Fuehrung_Organisator.jpg","width":680,"height":453,"caption":"Werner Raschle (ganz links) \u00fcbergibt Consult & Pepper an die neuen Inhaber (von links nach rechts) Dario Saia (Co-CEO), Marco Tunesi und Dominik Huber (Co-CEO). (Bild: zVg)"},{"@type":"BreadcrumbList","@id":"https:\/\/www.organisator.ch\/human-resources\/2023-07-25\/consult-pepper-mit-neuer-inhaberschaft-und-fuehrung\/#breadcrumb","itemListElement":[{"@type":"ListItem","position":1,"name":"Home","item":"https:\/\/www.organisator.ch\/"},{"@type":"ListItem","position":2,"name":"Consult &#038; Pepper mit neuer Inhaberschaft und F\u00fchrung"}]},{"@type":"WebSite","@id":"https:\/\/www.organisator.ch\/#website","url":"https:\/\/www.organisator.ch\/","name":"Organisator","description":"Kompetent. Praxisnah. Der ORGANISATOR bereitet in 10 Ausgaben pro Jahr die wesentlichen Themen f\u00fcr F\u00fchrungskr\u00e4fte von KMU auf.","publisher":{"@id":"https:\/\/www.organisator.ch\/#organization"},"potentialAction":[{"@type":"SearchAction","target":{"@type":"EntryPoint","urlTemplate":"https:\/\/www.organisator.ch\/?s={search_term_string}"},"query-input":{"@type":"PropertyValueSpecification","valueRequired":true,"valueName":"search_term_string"}}],"inLanguage":"de"},{"@type":"Organization","@id":"https:\/\/www.organisator.ch\/#organization","name":"Organisator","url":"https:\/\/www.organisator.ch\/","logo":{"@type":"ImageObject","inLanguage":"de","@id":"https:\/\/www.organisator.ch\/#\/schema\/logo\/image\/","url":"https:\/\/www.organisator.ch\/wp-content\/uploads\/2022\/01\/Logo_Organisator_Website.png","contentUrl":"https:\/\/www.organisator.ch\/wp-content\/uploads\/2022\/01\/Logo_Organisator_Website.png","width":800,"height":77,"caption":"Organisator"},"image":{"@id":"https:\/\/www.organisator.ch\/#\/schema\/logo\/image\/"},"sameAs":["https:\/\/www.facebook.com\/OrganisatorFachmagazin","https:\/\/www.linkedin.com\/showcase\/organisator-das-magazin-fr-kmu","https:\/\/www.xing.com\/news\/pages\/organisator-ch-695","https:\/\/www.youtube.com\/channel\/UCGP2Sq0iWaZwT3BdIAQFYpw"]},{"@type":"Person","@id":"https:\/\/www.organisator.ch\/#\/schema\/person\/6f650f90b2842cd4c0cc334b4e36f67e","name":"thomas.berner","image":{"@type":"ImageObject","inLanguage":"de","@id":"https:\/\/secure.gravatar.com\/avatar\/ac5001d2a36cb6c6cd3e50789007ffca834b477b74a2144564522e944eabff61?s=96&d=mm&r=g","url":"https:\/\/secure.gravatar.com\/avatar\/ac5001d2a36cb6c6cd3e50789007ffca834b477b74a2144564522e944eabff61?s=96&d=mm&r=g","contentUrl":"https:\/\/secure.gravatar.com\/avatar\/ac5001d2a36cb6c6cd3e50789007ffca834b477b74a2144564522e944eabff61?s=96&d=mm&r=g","caption":"thomas.berner"},"url":"https:\/\/www.organisator.ch\/de\/author\/thomas-berner\/"}]}},"_links":{"self":[{"href":"https:\/\/www.organisator.ch\/de\/wp-json\/wp\/v2\/posts\/21045","targetHints":{"allow":["GET"]}}],"collection":[{"href":"https:\/\/www.organisator.ch\/de\/wp-json\/wp\/v2\/posts"}],"about":[{"href":"https:\/\/www.organisator.ch\/de\/wp-json\/wp\/v2\/types\/post"}],"author":[{"embeddable":true,"href":"https:\/\/www.organisator.ch\/de\/wp-json\/wp\/v2\/users\/4"}],"replies":[{"embeddable":true,"href":"https:\/\/www.organisator.ch\/de\/wp-json\/wp\/v2\/comments?post=21045"}],"version-history":[{"count":1,"href":"https:\/\/www.organisator.ch\/de\/wp-json\/wp\/v2\/posts\/21045\/revisions"}],"predecessor-version":[{"id":21047,"href":"https:\/\/www.organisator.ch\/de\/wp-json\/wp\/v2\/posts\/21045\/revisions\/21047"}],"wp:featuredmedia":[{"embeddable":true,"href":"https:\/\/www.organisator.ch\/de\/wp-json\/wp\/v2\/media\/21046"}],"wp:attachment":[{"href":"https:\/\/www.organisator.ch\/de\/wp-json\/wp\/v2\/media?parent=21045"}],"wp:term":[{"taxonomy":"category","embeddable":true,"href":"https:\/\/www.organisator.ch\/de\/wp-json\/wp\/v2\/categories?post=21045"},{"taxonomy":"post_tag","embeddable":true,"href":"https:\/\/www.organisator.ch\/de\/wp-json\/wp\/v2\/tags?post=21045"}],"curies":[{"name":"wp","href":"https:\/\/api.w.org\/{rel}","templated":true}]}}