{"id":21102,"date":"2023-08-03T08:00:52","date_gmt":"2023-08-03T06:00:52","guid":{"rendered":"https:\/\/www.organisator.ch\/?p=21102"},"modified":"2023-08-03T08:00:52","modified_gmt":"2023-08-03T06:00:52","slug":"gebrueder-weiss-liefert-auf-kroatischen-inseln-mit-elektro-dreiraedern","status":"publish","type":"post","link":"https:\/\/www.organisator.ch\/de\/sustainability\/2023-08-03\/gebrueder-weiss-liefert-auf-kroatischen-inseln-mit-elektro-dreiraedern\/","title":{"rendered":"Gebr\u00fcder Weiss liefert auf kroatischen Inseln mit Elektro-Dreir\u00e4dern"},"content":{"rendered":"<figure id=\"attachment_21103\" aria-describedby=\"caption-attachment-21103\" style=\"width: 680px\" class=\"wp-caption alignnone\"><img loading=\"lazy\" decoding=\"async\" class=\"size-full wp-image-21103\" src=\"https:\/\/www.organisator.ch\/wp-content\/uploads\/2023\/08\/Gebrueder-Weiss-liefert-auf-kroatischen-Inseln-mit-Elektro-Dreiraedern_Organisator.jpg\" alt=\"\" width=\"680\" height=\"453\" srcset=\"https:\/\/www.organisator.ch\/wp-content\/uploads\/2023\/08\/Gebrueder-Weiss-liefert-auf-kroatischen-Inseln-mit-Elektro-Dreiraedern_Organisator.jpg 680w, https:\/\/www.organisator.ch\/wp-content\/uploads\/2023\/08\/Gebrueder-Weiss-liefert-auf-kroatischen-Inseln-mit-Elektro-Dreiraedern_Organisator-18x12.jpg 18w, https:\/\/www.organisator.ch\/wp-content\/uploads\/2023\/08\/Gebrueder-Weiss-liefert-auf-kroatischen-Inseln-mit-Elektro-Dreiraedern_Organisator-375x250.jpg 375w, https:\/\/www.organisator.ch\/wp-content\/uploads\/2023\/08\/Gebrueder-Weiss-liefert-auf-kroatischen-Inseln-mit-Elektro-Dreiraedern_Organisator-525x350.jpg 525w\" sizes=\"auto, (max-width: 680px) 100vw, 680px\" \/><figcaption id=\"caption-attachment-21103\" class=\"wp-caption-text\">Auf den kroatischen Inseln Rab und Lo\u0161inj stehen f\u00fcr die letzte Meile Elektro-Dreir\u00e4der im Einsatz. (Bild: Gebr\u00fcder Weiss)<\/figcaption><\/figure>\n<p>Mit seinen kleinen Ortschaften und engen Gassen ist die Warenzustellung auf den kroatischen Inseln kein leichtes Unterfangen. Deshalb bietet Gebr\u00fcder Weiss seinen Kunden ab sofort eine besonders umweltfreundliche Transportl\u00f6sung: Seit diesem Sommer beliefert der Logistiker Privathaushalte und Firmen auf den Inseln Rab und Lo\u0161inj mit Elektro-Dreir\u00e4dern. Die wendigen Fahrzeuge sind mit einem leisen, leistungsstarken Elektromotor ausgestattet und eignen sich ideal f\u00fcr die Zustellung in kleinen Ortschaften, Ferien- und Nationalparks \u2013 vor allem auch in der Urlaubssaison. \u201eEs ist wichtig, die Authentizit\u00e4t und Einzigartigkeit der Inseln zu bewahren. Mit der Zustellung durch unsere E-Dreir\u00e4der tragen wir dazu bei, dass die Inseloasen ihren urspr\u00fcnglichen Charme beibehalten. Und unsere Kunden erhalten ihre online bestellten Waren auf umweltfreundlichem Wege&#8220;, so Barbara Buja\u010di\u0107, Landesleiterin Kroatien bei Gebr\u00fcder Weiss. Das Gef\u00e4hrt kann Sendungen mit einem Gesamtgewicht von bis zu 500 Kilogramm transportieren und mit einer Batterieladung 50 Kilometer pro Tag zur\u00fccklegen.<\/p>\n<h3><strong>Elektrotransporter im urbanen Raum<\/strong><\/h3>\n<p>Neben E-Dreir\u00e4dern setzt Gebr\u00fcder Weiss in Kroatien seit kurzem auch Elektro-Transporter f\u00fcr die Belieferung von Endkunden in Zagreb ein. Ob M\u00f6bel, Waschmaschinen oder K\u00fchl- und Fitnessger\u00e4te \u2013 das Logistik-Unternehmen liefert die Waren dorthin, wo die Kunden sie brauchen. Die Reichweite des Fahrzeugs betr\u00e4gt mit einer Batterieladung 170 Kilometer, was bis zu 35 umweltfreundliche Lieferungen pro Tag erm\u00f6glicht. Die E-Vans eignen sich optimal f\u00fcr den Transport im Stadtverkehr und reduzieren dank ihres leisen Elektromotors den Verkehrsl\u00e4rm. Geladen werden die Batterien der Fahrzeuge \u00fcber eine eigene Photovoltaikanlage, die das Unternehmen k\u00fcrzlich an seinem Hauptstandort nahe Zagreb in Betrieb genommen hat. Die auf dem Dach der Logistikanlage installierte Anlage hat eine Gesamtspitzenleistung von 500 Kilowatt pro Jahr und spart j\u00e4hrlich etwa 107 Tonnen CO<sub>2 <\/sub>ein.<\/p>\n<h3>Auf dem Weg zur Klimaneutralit\u00e4t<\/h3>\n<p>Mit diesen erw\u00e4hnten Massnahmen in Kroatien unternimmt Gebr\u00fcder Weiss einen weiteren Schritt auf dem Weg zur angestrebten Klimaneutralit\u00e4t bis 2030. Seit mehreren Jahren investiert das Unternehmen in alternative Antriebe im Schwerlastverkehr und entwickelt schadstoffarme L\u00f6sungen f\u00fcr die letzte Meile. So werden beispielsweise im Grossraum Wien ein Elektro-Lkw f\u00fcr den Nahverkehr eingesetzt und Endkunden in \u00d6sterreich und Ungarn mit Elektrofahrzeugen beliefert. Zudem ist seit 2021 einer der weltweit ersten Wasserstoff-Lkw in der Schweiz regelm\u00e4ssig im Einsatz. Die Anschaffung weiterer Wasserstoff- und Elektro-Lkw ist 2024 in Deutschland geplant.<\/p>\n<p><em><a href=\"http:\/\/www.gw-world.com\">Quelle und weitere Informationen<\/a><\/em><\/p>\n","protected":false},"excerpt":{"rendered":"<p>Das internationale Logistik-Unternehmen Gebr\u00fcder Weiss setzt auf nachhaltigen Transport auf den kroatischen Inseln Rab und Lo\u0161inj. Endkunden in der Stadt werden neun mit dreir\u00e4drigen Elektro-Vans beliefert.<\/p>\n","protected":false},"author":4,"featured_media":21103,"comment_status":"closed","ping_status":"closed","sticky":false,"template":"","format":"standard","meta":{"_acf_changed":false,"_yoast_wpseo_focuskw":"Gebr\u00fcder Weiss","_yoast_wpseo_metadesc":"Das internationale Logistik-Unternehmen Gebr\u00fcder Weiss setzt auf nachhaltigen Transport auf den kroatischen Inseln Rab und Lo\u0161inj.","articlekey":"","footnotes":""},"categories":[580],"tags":[1006,3604,328,358],"class_list":["post-21102","post","type-post","status-publish","format-standard","has-post-thumbnail","hentry","category-sustainability","tag-e-mobilitaet","tag-klimaneutral","tag-logistik","tag-nachhaltige-wirtschaft"],"acf":[],"yoast_head":"<!-- This site is optimized with the Yoast SEO plugin v27.5 - https:\/\/yoast.com\/product\/yoast-seo-wordpress\/ -->\n<title>Gebr\u00fcder Weiss liefert auf kroatischen Inseln mit Elektro-Dreir\u00e4dern - Organisator<\/title>\n<meta name=\"description\" content=\"Das internationale Logistik-Unternehmen Gebr\u00fcder Weiss setzt auf nachhaltigen Transport auf den kroatischen Inseln Rab und Lo\u0161inj.\" \/>\n<meta name=\"robots\" content=\"index, follow, max-snippet:-1, max-image-preview:large, max-video-preview:-1\" \/>\n<link rel=\"canonical\" href=\"https:\/\/www.organisator.ch\/de\/sustainability\/2023-08-03\/gebrueder-weiss-liefert-auf-kroatischen-inseln-mit-elektro-dreiraedern\/\" \/>\n<meta property=\"og:locale\" content=\"de_DE\" \/>\n<meta property=\"og:type\" content=\"article\" \/>\n<meta property=\"og:title\" content=\"Gebr\u00fcder Weiss liefert auf kroatischen Inseln mit Elektro-Dreir\u00e4dern\" \/>\n<meta property=\"og:description\" content=\"Das internationale Logistik-Unternehmen Gebr\u00fcder Weiss setzt auf nachhaltigen Transport auf den kroatischen Inseln Rab und Lo\u0161inj.\" \/>\n<meta property=\"og:url\" content=\"https:\/\/www.organisator.ch\/de\/sustainability\/2023-08-03\/gebrueder-weiss-liefert-auf-kroatischen-inseln-mit-elektro-dreiraedern\/\" \/>\n<meta property=\"og:site_name\" content=\"Organisator\" \/>\n<meta property=\"article:publisher\" content=\"https:\/\/www.facebook.com\/OrganisatorFachmagazin\" \/>\n<meta property=\"article:published_time\" content=\"2023-08-03T06:00:52+00:00\" \/>\n<meta property=\"og:image\" content=\"https:\/\/www.organisator.ch\/wp-content\/uploads\/2023\/08\/Gebrueder-Weiss-liefert-auf-kroatischen-Inseln-mit-Elektro-Dreiraedern_Organisator.jpg\" \/>\n\t<meta property=\"og:image:width\" content=\"680\" \/>\n\t<meta property=\"og:image:height\" content=\"453\" \/>\n\t<meta property=\"og:image:type\" content=\"image\/jpeg\" \/>\n<meta name=\"author\" content=\"thomas.berner\" \/>\n<meta name=\"twitter:card\" content=\"summary_large_image\" \/>\n<meta name=\"twitter:title\" content=\"Gebr\u00fcder Weiss liefert auf kroatischen Inseln mit #Elektro-Dreir\u00e4dern\" \/>\n<meta name=\"twitter:description\" content=\"Das internationale #Logistik-Unternehmen Gebr\u00fcder Weiss setzt auf nachhaltigen Transport auf den kroatischen Inseln #Rab und #Lo\u0161inj.\" \/>\n<meta name=\"twitter:image\" content=\"https:\/\/www.organisator.ch\/wp-content\/uploads\/2023\/08\/Gebrueder-Weiss-liefert-auf-kroatischen-Inseln-mit-Elektro-Dreiraedern_Organisator.jpg\" \/>\n<script type=\"application\/ld+json\" class=\"yoast-schema-graph\">{\"@context\":\"https:\\\/\\\/schema.org\",\"@graph\":[{\"@type\":\"Article\",\"@id\":\"https:\\\/\\\/www.organisator.ch\\\/sustainability\\\/2023-08-03\\\/gebrueder-weiss-liefert-auf-kroatischen-inseln-mit-elektro-dreiraedern\\\/#article\",\"isPartOf\":{\"@id\":\"https:\\\/\\\/www.organisator.ch\\\/sustainability\\\/2023-08-03\\\/gebrueder-weiss-liefert-auf-kroatischen-inseln-mit-elektro-dreiraedern\\\/\"},\"author\":{\"name\":\"thomas.berner\",\"@id\":\"https:\\\/\\\/www.organisator.ch\\\/#\\\/schema\\\/person\\\/6f650f90b2842cd4c0cc334b4e36f67e\"},\"headline\":\"Gebr\u00fcder Weiss liefert auf kroatischen Inseln mit Elektro-Dreir\u00e4dern\",\"datePublished\":\"2023-08-03T06:00:52+00:00\",\"mainEntityOfPage\":{\"@id\":\"https:\\\/\\\/www.organisator.ch\\\/sustainability\\\/2023-08-03\\\/gebrueder-weiss-liefert-auf-kroatischen-inseln-mit-elektro-dreiraedern\\\/\"},\"wordCount\":426,\"publisher\":{\"@id\":\"https:\\\/\\\/www.organisator.ch\\\/#organization\"},\"image\":{\"@id\":\"https:\\\/\\\/www.organisator.ch\\\/sustainability\\\/2023-08-03\\\/gebrueder-weiss-liefert-auf-kroatischen-inseln-mit-elektro-dreiraedern\\\/#primaryimage\"},\"thumbnailUrl\":\"https:\\\/\\\/www.organisator.ch\\\/wp-content\\\/uploads\\\/2023\\\/08\\\/Gebrueder-Weiss-liefert-auf-kroatischen-Inseln-mit-Elektro-Dreiraedern_Organisator.jpg\",\"keywords\":[\"E-Mobilit\u00e4t\",\"Klimaneutral\",\"Logistik\",\"Nachhaltige Wirtschaft\"],\"articleSection\":[\"SUSTAINABILITY\"],\"inLanguage\":\"de\"},{\"@type\":\"WebPage\",\"@id\":\"https:\\\/\\\/www.organisator.ch\\\/sustainability\\\/2023-08-03\\\/gebrueder-weiss-liefert-auf-kroatischen-inseln-mit-elektro-dreiraedern\\\/\",\"url\":\"https:\\\/\\\/www.organisator.ch\\\/sustainability\\\/2023-08-03\\\/gebrueder-weiss-liefert-auf-kroatischen-inseln-mit-elektro-dreiraedern\\\/\",\"name\":\"Gebr\u00fcder Weiss liefert auf kroatischen Inseln mit Elektro-Dreir\u00e4dern - Organisator\",\"isPartOf\":{\"@id\":\"https:\\\/\\\/www.organisator.ch\\\/#website\"},\"primaryImageOfPage\":{\"@id\":\"https:\\\/\\\/www.organisator.ch\\\/sustainability\\\/2023-08-03\\\/gebrueder-weiss-liefert-auf-kroatischen-inseln-mit-elektro-dreiraedern\\\/#primaryimage\"},\"image\":{\"@id\":\"https:\\\/\\\/www.organisator.ch\\\/sustainability\\\/2023-08-03\\\/gebrueder-weiss-liefert-auf-kroatischen-inseln-mit-elektro-dreiraedern\\\/#primaryimage\"},\"thumbnailUrl\":\"https:\\\/\\\/www.organisator.ch\\\/wp-content\\\/uploads\\\/2023\\\/08\\\/Gebrueder-Weiss-liefert-auf-kroatischen-Inseln-mit-Elektro-Dreiraedern_Organisator.jpg\",\"datePublished\":\"2023-08-03T06:00:52+00:00\",\"description\":\"Das internationale Logistik-Unternehmen Gebr\u00fcder Weiss setzt auf nachhaltigen Transport auf den kroatischen Inseln Rab und Lo\u0161inj.\",\"breadcrumb\":{\"@id\":\"https:\\\/\\\/www.organisator.ch\\\/sustainability\\\/2023-08-03\\\/gebrueder-weiss-liefert-auf-kroatischen-inseln-mit-elektro-dreiraedern\\\/#breadcrumb\"},\"inLanguage\":\"de\",\"potentialAction\":[{\"@type\":\"ReadAction\",\"target\":[\"https:\\\/\\\/www.organisator.ch\\\/sustainability\\\/2023-08-03\\\/gebrueder-weiss-liefert-auf-kroatischen-inseln-mit-elektro-dreiraedern\\\/\"]}]},{\"@type\":\"ImageObject\",\"inLanguage\":\"de\",\"@id\":\"https:\\\/\\\/www.organisator.ch\\\/sustainability\\\/2023-08-03\\\/gebrueder-weiss-liefert-auf-kroatischen-inseln-mit-elektro-dreiraedern\\\/#primaryimage\",\"url\":\"https:\\\/\\\/www.organisator.ch\\\/wp-content\\\/uploads\\\/2023\\\/08\\\/Gebrueder-Weiss-liefert-auf-kroatischen-Inseln-mit-Elektro-Dreiraedern_Organisator.jpg\",\"contentUrl\":\"https:\\\/\\\/www.organisator.ch\\\/wp-content\\\/uploads\\\/2023\\\/08\\\/Gebrueder-Weiss-liefert-auf-kroatischen-Inseln-mit-Elektro-Dreiraedern_Organisator.jpg\",\"width\":680,\"height\":453,\"caption\":\"Auf den kroatischen Inseln Rab und Lo\u0161inj stehen f\u00fcr die letzte Meile Elektro-Dreir\u00e4der im Einsatz. (Bild: Gebr\u00fcder Weiss)\"},{\"@type\":\"BreadcrumbList\",\"@id\":\"https:\\\/\\\/www.organisator.ch\\\/sustainability\\\/2023-08-03\\\/gebrueder-weiss-liefert-auf-kroatischen-inseln-mit-elektro-dreiraedern\\\/#breadcrumb\",\"itemListElement\":[{\"@type\":\"ListItem\",\"position\":1,\"name\":\"Home\",\"item\":\"https:\\\/\\\/www.organisator.ch\\\/\"},{\"@type\":\"ListItem\",\"position\":2,\"name\":\"Gebr\u00fcder Weiss liefert auf kroatischen Inseln mit Elektro-Dreir\u00e4dern\"}]},{\"@type\":\"WebSite\",\"@id\":\"https:\\\/\\\/www.organisator.ch\\\/#website\",\"url\":\"https:\\\/\\\/www.organisator.ch\\\/\",\"name\":\"Organisator\",\"description\":\"Kompetent. Praxisnah. Der ORGANISATOR bereitet in 10 Ausgaben pro Jahr die wesentlichen Themen f\u00fcr F\u00fchrungskr\u00e4fte von KMU auf.\",\"publisher\":{\"@id\":\"https:\\\/\\\/www.organisator.ch\\\/#organization\"},\"potentialAction\":[{\"@type\":\"SearchAction\",\"target\":{\"@type\":\"EntryPoint\",\"urlTemplate\":\"https:\\\/\\\/www.organisator.ch\\\/?s={search_term_string}\"},\"query-input\":{\"@type\":\"PropertyValueSpecification\",\"valueRequired\":true,\"valueName\":\"search_term_string\"}}],\"inLanguage\":\"de\"},{\"@type\":\"Organization\",\"@id\":\"https:\\\/\\\/www.organisator.ch\\\/#organization\",\"name\":\"Organisator\",\"url\":\"https:\\\/\\\/www.organisator.ch\\\/\",\"logo\":{\"@type\":\"ImageObject\",\"inLanguage\":\"de\",\"@id\":\"https:\\\/\\\/www.organisator.ch\\\/#\\\/schema\\\/logo\\\/image\\\/\",\"url\":\"https:\\\/\\\/www.organisator.ch\\\/wp-content\\\/uploads\\\/2022\\\/01\\\/Logo_Organisator_Website.png\",\"contentUrl\":\"https:\\\/\\\/www.organisator.ch\\\/wp-content\\\/uploads\\\/2022\\\/01\\\/Logo_Organisator_Website.png\",\"width\":800,\"height\":77,\"caption\":\"Organisator\"},\"image\":{\"@id\":\"https:\\\/\\\/www.organisator.ch\\\/#\\\/schema\\\/logo\\\/image\\\/\"},\"sameAs\":[\"https:\\\/\\\/www.facebook.com\\\/OrganisatorFachmagazin\",\"https:\\\/\\\/www.linkedin.com\\\/showcase\\\/organisator-das-magazin-fr-kmu\",\"https:\\\/\\\/www.xing.com\\\/news\\\/pages\\\/organisator-ch-695\",\"https:\\\/\\\/www.youtube.com\\\/channel\\\/UCGP2Sq0iWaZwT3BdIAQFYpw\"]},{\"@type\":\"Person\",\"@id\":\"https:\\\/\\\/www.organisator.ch\\\/#\\\/schema\\\/person\\\/6f650f90b2842cd4c0cc334b4e36f67e\",\"name\":\"thomas.berner\",\"image\":{\"@type\":\"ImageObject\",\"inLanguage\":\"de\",\"@id\":\"https:\\\/\\\/secure.gravatar.com\\\/avatar\\\/ac5001d2a36cb6c6cd3e50789007ffca834b477b74a2144564522e944eabff61?s=96&d=mm&r=g\",\"url\":\"https:\\\/\\\/secure.gravatar.com\\\/avatar\\\/ac5001d2a36cb6c6cd3e50789007ffca834b477b74a2144564522e944eabff61?s=96&d=mm&r=g\",\"contentUrl\":\"https:\\\/\\\/secure.gravatar.com\\\/avatar\\\/ac5001d2a36cb6c6cd3e50789007ffca834b477b74a2144564522e944eabff61?s=96&d=mm&r=g\",\"caption\":\"thomas.berner\"},\"url\":\"https:\\\/\\\/www.organisator.ch\\\/de\\\/author\\\/thomas-berner\\\/\"}]}<\/script>\n<!-- \/ Yoast SEO plugin. -->","yoast_head_json":{"title":"Gebr\u00fcder Weiss liefert auf kroatischen Inseln mit Elektro-Dreir\u00e4dern - Organisator","description":"Das internationale Logistik-Unternehmen Gebr\u00fcder Weiss setzt auf nachhaltigen Transport auf den kroatischen Inseln Rab und Lo\u0161inj.","robots":{"index":"index","follow":"follow","max-snippet":"max-snippet:-1","max-image-preview":"max-image-preview:large","max-video-preview":"max-video-preview:-1"},"canonical":"https:\/\/www.organisator.ch\/de\/sustainability\/2023-08-03\/gebrueder-weiss-liefert-auf-kroatischen-inseln-mit-elektro-dreiraedern\/","og_locale":"de_DE","og_type":"article","og_title":"Gebr\u00fcder Weiss liefert auf kroatischen Inseln mit Elektro-Dreir\u00e4dern","og_description":"Das internationale Logistik-Unternehmen Gebr\u00fcder Weiss setzt auf nachhaltigen Transport auf den kroatischen Inseln Rab und Lo\u0161inj.","og_url":"https:\/\/www.organisator.ch\/de\/sustainability\/2023-08-03\/gebrueder-weiss-liefert-auf-kroatischen-inseln-mit-elektro-dreiraedern\/","og_site_name":"Organisator","article_publisher":"https:\/\/www.facebook.com\/OrganisatorFachmagazin","article_published_time":"2023-08-03T06:00:52+00:00","og_image":[{"width":680,"height":453,"url":"https:\/\/www.organisator.ch\/wp-content\/uploads\/2023\/08\/Gebrueder-Weiss-liefert-auf-kroatischen-Inseln-mit-Elektro-Dreiraedern_Organisator.jpg","type":"image\/jpeg"}],"author":"thomas.berner","twitter_card":"summary_large_image","twitter_title":"Gebr\u00fcder Weiss liefert auf kroatischen Inseln mit #Elektro-Dreir\u00e4dern","twitter_description":"Das internationale #Logistik-Unternehmen Gebr\u00fcder Weiss setzt auf nachhaltigen Transport auf den kroatischen Inseln #Rab und #Lo\u0161inj.","twitter_image":"https:\/\/www.organisator.ch\/wp-content\/uploads\/2023\/08\/Gebrueder-Weiss-liefert-auf-kroatischen-Inseln-mit-Elektro-Dreiraedern_Organisator.jpg","schema":{"@context":"https:\/\/schema.org","@graph":[{"@type":"Article","@id":"https:\/\/www.organisator.ch\/sustainability\/2023-08-03\/gebrueder-weiss-liefert-auf-kroatischen-inseln-mit-elektro-dreiraedern\/#article","isPartOf":{"@id":"https:\/\/www.organisator.ch\/sustainability\/2023-08-03\/gebrueder-weiss-liefert-auf-kroatischen-inseln-mit-elektro-dreiraedern\/"},"author":{"name":"thomas.berner","@id":"https:\/\/www.organisator.ch\/#\/schema\/person\/6f650f90b2842cd4c0cc334b4e36f67e"},"headline":"Gebr\u00fcder Weiss liefert auf kroatischen Inseln mit Elektro-Dreir\u00e4dern","datePublished":"2023-08-03T06:00:52+00:00","mainEntityOfPage":{"@id":"https:\/\/www.organisator.ch\/sustainability\/2023-08-03\/gebrueder-weiss-liefert-auf-kroatischen-inseln-mit-elektro-dreiraedern\/"},"wordCount":426,"publisher":{"@id":"https:\/\/www.organisator.ch\/#organization"},"image":{"@id":"https:\/\/www.organisator.ch\/sustainability\/2023-08-03\/gebrueder-weiss-liefert-auf-kroatischen-inseln-mit-elektro-dreiraedern\/#primaryimage"},"thumbnailUrl":"https:\/\/www.organisator.ch\/wp-content\/uploads\/2023\/08\/Gebrueder-Weiss-liefert-auf-kroatischen-Inseln-mit-Elektro-Dreiraedern_Organisator.jpg","keywords":["E-Mobilit\u00e4t","Klimaneutral","Logistik","Nachhaltige Wirtschaft"],"articleSection":["SUSTAINABILITY"],"inLanguage":"de"},{"@type":"WebPage","@id":"https:\/\/www.organisator.ch\/sustainability\/2023-08-03\/gebrueder-weiss-liefert-auf-kroatischen-inseln-mit-elektro-dreiraedern\/","url":"https:\/\/www.organisator.ch\/sustainability\/2023-08-03\/gebrueder-weiss-liefert-auf-kroatischen-inseln-mit-elektro-dreiraedern\/","name":"Gebr\u00fcder Weiss liefert auf kroatischen Inseln mit Elektro-Dreir\u00e4dern - Organisator","isPartOf":{"@id":"https:\/\/www.organisator.ch\/#website"},"primaryImageOfPage":{"@id":"https:\/\/www.organisator.ch\/sustainability\/2023-08-03\/gebrueder-weiss-liefert-auf-kroatischen-inseln-mit-elektro-dreiraedern\/#primaryimage"},"image":{"@id":"https:\/\/www.organisator.ch\/sustainability\/2023-08-03\/gebrueder-weiss-liefert-auf-kroatischen-inseln-mit-elektro-dreiraedern\/#primaryimage"},"thumbnailUrl":"https:\/\/www.organisator.ch\/wp-content\/uploads\/2023\/08\/Gebrueder-Weiss-liefert-auf-kroatischen-Inseln-mit-Elektro-Dreiraedern_Organisator.jpg","datePublished":"2023-08-03T06:00:52+00:00","description":"Das internationale Logistik-Unternehmen Gebr\u00fcder Weiss setzt auf nachhaltigen Transport auf den kroatischen Inseln Rab und Lo\u0161inj.","breadcrumb":{"@id":"https:\/\/www.organisator.ch\/sustainability\/2023-08-03\/gebrueder-weiss-liefert-auf-kroatischen-inseln-mit-elektro-dreiraedern\/#breadcrumb"},"inLanguage":"de","potentialAction":[{"@type":"ReadAction","target":["https:\/\/www.organisator.ch\/sustainability\/2023-08-03\/gebrueder-weiss-liefert-auf-kroatischen-inseln-mit-elektro-dreiraedern\/"]}]},{"@type":"ImageObject","inLanguage":"de","@id":"https:\/\/www.organisator.ch\/sustainability\/2023-08-03\/gebrueder-weiss-liefert-auf-kroatischen-inseln-mit-elektro-dreiraedern\/#primaryimage","url":"https:\/\/www.organisator.ch\/wp-content\/uploads\/2023\/08\/Gebrueder-Weiss-liefert-auf-kroatischen-Inseln-mit-Elektro-Dreiraedern_Organisator.jpg","contentUrl":"https:\/\/www.organisator.ch\/wp-content\/uploads\/2023\/08\/Gebrueder-Weiss-liefert-auf-kroatischen-Inseln-mit-Elektro-Dreiraedern_Organisator.jpg","width":680,"height":453,"caption":"Auf den kroatischen Inseln Rab und Lo\u0161inj stehen f\u00fcr die letzte Meile Elektro-Dreir\u00e4der im Einsatz. (Bild: Gebr\u00fcder Weiss)"},{"@type":"BreadcrumbList","@id":"https:\/\/www.organisator.ch\/sustainability\/2023-08-03\/gebrueder-weiss-liefert-auf-kroatischen-inseln-mit-elektro-dreiraedern\/#breadcrumb","itemListElement":[{"@type":"ListItem","position":1,"name":"Home","item":"https:\/\/www.organisator.ch\/"},{"@type":"ListItem","position":2,"name":"Gebr\u00fcder Weiss liefert auf kroatischen Inseln mit Elektro-Dreir\u00e4dern"}]},{"@type":"WebSite","@id":"https:\/\/www.organisator.ch\/#website","url":"https:\/\/www.organisator.ch\/","name":"Organisator","description":"Kompetent. Praxisnah. Der ORGANISATOR bereitet in 10 Ausgaben pro Jahr die wesentlichen Themen f\u00fcr F\u00fchrungskr\u00e4fte von KMU auf.","publisher":{"@id":"https:\/\/www.organisator.ch\/#organization"},"potentialAction":[{"@type":"SearchAction","target":{"@type":"EntryPoint","urlTemplate":"https:\/\/www.organisator.ch\/?s={search_term_string}"},"query-input":{"@type":"PropertyValueSpecification","valueRequired":true,"valueName":"search_term_string"}}],"inLanguage":"de"},{"@type":"Organization","@id":"https:\/\/www.organisator.ch\/#organization","name":"Organisator","url":"https:\/\/www.organisator.ch\/","logo":{"@type":"ImageObject","inLanguage":"de","@id":"https:\/\/www.organisator.ch\/#\/schema\/logo\/image\/","url":"https:\/\/www.organisator.ch\/wp-content\/uploads\/2022\/01\/Logo_Organisator_Website.png","contentUrl":"https:\/\/www.organisator.ch\/wp-content\/uploads\/2022\/01\/Logo_Organisator_Website.png","width":800,"height":77,"caption":"Organisator"},"image":{"@id":"https:\/\/www.organisator.ch\/#\/schema\/logo\/image\/"},"sameAs":["https:\/\/www.facebook.com\/OrganisatorFachmagazin","https:\/\/www.linkedin.com\/showcase\/organisator-das-magazin-fr-kmu","https:\/\/www.xing.com\/news\/pages\/organisator-ch-695","https:\/\/www.youtube.com\/channel\/UCGP2Sq0iWaZwT3BdIAQFYpw"]},{"@type":"Person","@id":"https:\/\/www.organisator.ch\/#\/schema\/person\/6f650f90b2842cd4c0cc334b4e36f67e","name":"thomas.berner","image":{"@type":"ImageObject","inLanguage":"de","@id":"https:\/\/secure.gravatar.com\/avatar\/ac5001d2a36cb6c6cd3e50789007ffca834b477b74a2144564522e944eabff61?s=96&d=mm&r=g","url":"https:\/\/secure.gravatar.com\/avatar\/ac5001d2a36cb6c6cd3e50789007ffca834b477b74a2144564522e944eabff61?s=96&d=mm&r=g","contentUrl":"https:\/\/secure.gravatar.com\/avatar\/ac5001d2a36cb6c6cd3e50789007ffca834b477b74a2144564522e944eabff61?s=96&d=mm&r=g","caption":"thomas.berner"},"url":"https:\/\/www.organisator.ch\/de\/author\/thomas-berner\/"}]}},"_links":{"self":[{"href":"https:\/\/www.organisator.ch\/de\/wp-json\/wp\/v2\/posts\/21102","targetHints":{"allow":["GET"]}}],"collection":[{"href":"https:\/\/www.organisator.ch\/de\/wp-json\/wp\/v2\/posts"}],"about":[{"href":"https:\/\/www.organisator.ch\/de\/wp-json\/wp\/v2\/types\/post"}],"author":[{"embeddable":true,"href":"https:\/\/www.organisator.ch\/de\/wp-json\/wp\/v2\/users\/4"}],"replies":[{"embeddable":true,"href":"https:\/\/www.organisator.ch\/de\/wp-json\/wp\/v2\/comments?post=21102"}],"version-history":[{"count":3,"href":"https:\/\/www.organisator.ch\/de\/wp-json\/wp\/v2\/posts\/21102\/revisions"}],"predecessor-version":[{"id":21173,"href":"https:\/\/www.organisator.ch\/de\/wp-json\/wp\/v2\/posts\/21102\/revisions\/21173"}],"wp:featuredmedia":[{"embeddable":true,"href":"https:\/\/www.organisator.ch\/de\/wp-json\/wp\/v2\/media\/21103"}],"wp:attachment":[{"href":"https:\/\/www.organisator.ch\/de\/wp-json\/wp\/v2\/media?parent=21102"}],"wp:term":[{"taxonomy":"category","embeddable":true,"href":"https:\/\/www.organisator.ch\/de\/wp-json\/wp\/v2\/categories?post=21102"},{"taxonomy":"post_tag","embeddable":true,"href":"https:\/\/www.organisator.ch\/de\/wp-json\/wp\/v2\/tags?post=21102"}],"curies":[{"name":"wp","href":"https:\/\/api.w.org\/{rel}","templated":true}]}}