{"id":2116,"date":"2017-06-29T08:15:31","date_gmt":"2017-06-29T06:15:31","guid":{"rendered":"https:\/\/www.organisator.ch\/?p=2116"},"modified":"2017-06-29T08:15:31","modified_gmt":"2017-06-29T06:15:31","slug":"digital-summit-fuer-kmu-geht-nun-an-den-start","status":"publish","type":"post","link":"https:\/\/www.organisator.ch\/de\/management\/it\/2017-06-29\/digital-summit-fuer-kmu-geht-nun-an-den-start\/","title":{"rendered":"Digital Summit f\u00fcr KMU geht nun an den Start"},"content":{"rendered":"<figure id=\"attachment_2117\" aria-describedby=\"caption-attachment-2117\" style=\"width: 640px\" class=\"wp-caption alignnone\"><img loading=\"lazy\" decoding=\"async\" class=\"size-full wp-image-2117\" src=\"https:\/\/www.organisator.ch\/wp-content\/uploads\/2017\/06\/Digital-Summit-fuer-KMU-geht-nun-an-den-Start_Organisator.jpg\" alt=\"\" width=\"640\" height=\"427\" srcset=\"https:\/\/www.organisator.ch\/wp-content\/uploads\/2017\/06\/Digital-Summit-fuer-KMU-geht-nun-an-den-Start_Organisator.jpg 640w, https:\/\/www.organisator.ch\/wp-content\/uploads\/2017\/06\/Digital-Summit-fuer-KMU-geht-nun-an-den-Start_Organisator-16x12.jpg 16w, https:\/\/www.organisator.ch\/wp-content\/uploads\/2017\/06\/Digital-Summit-fuer-KMU-geht-nun-an-den-Start_Organisator-262x175.jpg 262w, https:\/\/www.organisator.ch\/wp-content\/uploads\/2017\/06\/Digital-Summit-fuer-KMU-geht-nun-an-den-Start_Organisator-525x350.jpg 525w, https:\/\/www.organisator.ch\/wp-content\/uploads\/2017\/06\/Digital-Summit-fuer-KMU-geht-nun-an-den-Start_Organisator-300x200.jpg 300w\" sizes=\"auto, (max-width: 640px) 100vw, 640px\" \/><figcaption id=\"caption-attachment-2117\" class=\"wp-caption-text\">Der Digital Summit f\u00fcr KMU feiert mit namhaften Partnern am 29.\/30. August Premiere. (Bild: PD \/ Digital Summit KMU)<\/figcaption><\/figure>\n<p>Namhafte Schweizer Unternehmen wie Google, SAP, Postfinance, IAB Switzerland oder KMU Swiss, \u00fcber 40 Top-Experten, inspirierende Keynotes und praxis-relevante Lernwerkst\u00e4tte werden gem\u00e4ss den Angaben der Veranstalter den Anlass gestalten. &#8222;Der Digital Summit f\u00fcr KMU ist ein wichtiger Meilenstein auf dem Weg zur digitalen Transformation. Deshalb engagieren wir uns aktiv als Partner f\u00fcr diesen Kongress mit Lernwerkst\u00e4tten!&#8220;, so Nicolas B\u00fcrer von der Tr\u00e4gerorganisation des Events, digitalswitzerland. In \u00fcber 30 Lernwerkst\u00e4tten, erfahren Gesch\u00e4ftsf\u00fchrer und Entscheider von KMU, wie sie die M\u00f6glichkeiten der Digitalisierung erfolgreich nutzen.\u00a0Weitere Highlights\u00a0sollen zwei Special Events f\u00fcr KMU aus Bergregionen sowie Start-ups und Unternehmensgr\u00fcnder bieten.<\/p>\n<p><strong>Antworten auf die Frage: Digitalisierung starten \u2013 <\/strong><strong>ja, aber wie?<\/strong><\/p>\n<p>Heute muss man kaum mehr erkl\u00e4ren, was Digitalisierung bedeutet. Beinahe jeder nutzt Online-Shops, Social Media, Google Ads oder schlicht das Smartphone. Vielmehr ist die entscheidende Frage, wie macht man es richtig? Wie baut man erfolgreiche Web-Shops und setzt Social Media f\u00fcr das Unternehmen gewinnbringend ein? Womit startet man \u00fcberhaupt? \u201eUnser Ziel ist es, die Unternehmer dort abzuholen, wo sie stehen und die Frage nach dem &#8222;Wie&#8220; mit konkreten L\u00f6sungen und praktischen Werkzeugen zu beantworten&#8220;, so Thomas Bergmann, Digital Head &amp; Projektleiter Digital Summit f\u00fcr KMU<\/p>\n<p><strong>Was erwartet die Teilnehmer?<\/strong><\/p>\n<p>Die Teilnehmenden d\u00fcrfen konkrete Antworten und L\u00f6sungen, Werkzeuge und Checklisten zum Mitnehmen erwarten. Diese werden\u00a0praxisnah pr\u00e4sentiert und aufbereitet von Top-Experten des Digital Business wie Prof. Martina Dalla Vecchia und Dr. Marc Peter, FHNW, Roger Baur, IAB Switzerland, Rolf Schumann, SAP, J\u00f6rg Eugster, Netbusiness, Benedikt Bitzi, Google oder Beat B\u00fchlmann, Evernote und vielen mehr. Die begleitende KMU Digital EXPO erm\u00f6glicht den direkten pers\u00f6nlichen Austausch mit den Experten. Der Digital Summit f\u00fcr KMU bietet demnach\u00a0in nur zwei Tagen die notwendige Orientierung, Hilfestellung und Know-how, in einer Form, wie es in der Schweiz bislang nicht m\u00f6glich war, sind die Veranstalter \u00fcberzeugt.<\/p>\n<p><strong>Was sind die Themen?<\/strong><\/p>\n<p>Es werden alle relevanten Aspekte f\u00fcr eine erfolgreiche Digitalisierung thematisiert. Die Schwerpunkte liegen auf:<\/p>\n<ul>\n<li>Digitale Transformation: Es gilt neue Strategien, Prozesse und Gesch\u00e4ftsfelder zu definieren. Die Digitalisierung ist einer der Schl\u00fcsselfaktoren f\u00fcr den Erhalt der Wettbewerbsf\u00e4higkeit.<\/li>\n<li>Digital Leadership: Die Arbeitswelt von morgen braucht neue F\u00fchrungsstrukturen! Mitarbeiter und die Kommunikation ver\u00e4ndern sich grundlegend. Starke Hierarchien und starre F\u00fchrungsstile gelten als veraltet.<\/li>\n<li>Digital Marketing: Wie findet man seine Kunden in Zukunft? Wie ver\u00e4ndert sich der Markt? Der digitale Wandel wirkt sich auf das Informationsverhalten und die Kaufentscheidungsprozesse der Kunden aus!<\/li>\n<\/ul>\n<p>Zielgruppe sind prim\u00e4r Unternehmer von mittelst\u00e4ndischen Firmen, innovative Gesch\u00e4ftsf\u00fchrer und Kadermitarbeiter (C-Level), Kleinunternehmer, Start-ups, Solopreneurs, Firmengr\u00fcnder und KMU aus Bergregionen.<\/p>\n<p><strong>\u201eDigital Summit on Tour<\/strong><strong>&#8222;<\/strong><\/p>\n<p>Auch nach der Kongresspremiere Ende August werden die Teilnehmer auf ihrem Weg weiter mit Informationen und Werkzeugen unterst\u00fctzt. Ewa Ming geht mit ihren Ideen sogar noch einen Schritt weiter: \u201eErstmalig wird ein Wissenskongress auf Reisen gehen. Mit dem \u201eDigital Summit on Tour&#8220; werden wir in vielen Schweizer St\u00e4dten vor Ort und damit nah beim Kunden sein. So leisten wir einen anhaltenden Wissenstransfer bei der Digitalisierung von Unternehmen in der Schweiz. Zus\u00e4tzlich sollen in der MfO Mehrwertfabrik Oerlikon thematische Workshops und inspirierende Denkwerkst\u00e4tten organisiert werden. Referenten, Partner, Teilnehmer und Sponsoren werden 365 Tage eingebunden und vernetzen sich&#8220;.<\/p>\n<p><em>Weitere Informationen und Anmeldung: Ab sofort sind Early-Bird Tickets\u00a0erh\u00e4ltlich unter: <a href=\"http:\/\/www.digital-summit-kmu.ch\/tickets\/\">http:\/\/www.digital-summit-kmu.ch\/tickets\/<\/a>. Wichtig: Alle registriertenTeilnehmer erhalten automatisch Verg\u00fcnstigungen f\u00fcr die anschliessenden Veranstaltungen des <\/em><em>\u201eDigital Summit on Tour&#8220;.<\/em><\/p>\n","protected":false},"excerpt":{"rendered":"<p>Namhafte Schweizer Unternehmen wie Google, SAP, Postfinance, IAB Switzerland oder KMU Swiss, \u00fcber 40 Top-Experten, inspirierende Keynotes und praxis-relevante Lernwerkst\u00e4tte werden gem\u00e4ss den Angaben der Veranstalter den Anlass gestalten. &#8222;Der Digital Summit f\u00fcr KMU ist ein wichtiger Meilenstein auf dem Weg zur digitalen Transformation. Deshalb engagieren wir uns aktiv als Partner f\u00fcr diesen Kongress mit [&hellip;]<\/p>\n","protected":false},"author":4,"featured_media":2117,"comment_status":"open","ping_status":"open","sticky":false,"template":"","format":"standard","meta":{"_acf_changed":false,"_yoast_wpseo_focuskw":"Digital Summit f\u00fcr KMU","_yoast_wpseo_metadesc":"Der erste Digital Summit f\u00fcr KMU am 29. und 30. August in der Messe Z\u00fcrich will den KMU helfen, die Herausforderungen der Digitalisierung zu meistern.","articlekey":"","footnotes":""},"categories":[27],"tags":[193,286,339,496],"class_list":["post-2116","post","type-post","status-publish","format-standard","has-post-thumbnail","hentry","category-it","tag-fachkongressfachmesse","tag-it","tag-marketing","tag-unternehmensfuehrung"],"acf":[],"yoast_head":"<!-- This site is optimized with the Yoast SEO plugin v27.5 - https:\/\/yoast.com\/product\/yoast-seo-wordpress\/ -->\n<title>Digital Summit f\u00fcr KMU geht nun an den Start - Organisator<\/title>\n<meta name=\"description\" content=\"Der erste Digital Summit f\u00fcr KMU am 29. und 30. August in der Messe Z\u00fcrich will den KMU helfen, die Herausforderungen der Digitalisierung zu meistern.\" \/>\n<meta name=\"robots\" content=\"index, follow, max-snippet:-1, max-image-preview:large, max-video-preview:-1\" \/>\n<link rel=\"canonical\" href=\"https:\/\/www.organisator.ch\/de\/management\/it\/2017-06-29\/digital-summit-fuer-kmu-geht-nun-an-den-start\/\" \/>\n<meta property=\"og:locale\" content=\"de_DE\" \/>\n<meta property=\"og:type\" content=\"article\" \/>\n<meta property=\"og:title\" content=\"Digital Summit f\u00fcr KMU geht nun an den Start\" \/>\n<meta property=\"og:description\" content=\"Der erste Digital Summit f\u00fcr #KMU am 29. und 30. August in der Messe Z\u00fcrich will den KMU helfen, die Herausforderungen der #Digitalisierung zu meistern. #DigitalSummit\" \/>\n<meta property=\"og:url\" content=\"https:\/\/www.organisator.ch\/de\/management\/it\/2017-06-29\/digital-summit-fuer-kmu-geht-nun-an-den-start\/\" \/>\n<meta property=\"og:site_name\" content=\"Organisator\" \/>\n<meta property=\"article:publisher\" content=\"https:\/\/www.facebook.com\/OrganisatorFachmagazin\" \/>\n<meta property=\"article:published_time\" content=\"2017-06-29T06:15:31+00:00\" \/>\n<meta property=\"og:image\" content=\"https:\/\/www.organisator.ch\/wp-content\/uploads\/2017\/06\/Digital-Summit-fuer-KMU-geht-nun-an-den-Start_Organisator.jpg\" \/>\n\t<meta property=\"og:image:width\" content=\"640\" \/>\n\t<meta property=\"og:image:height\" content=\"427\" \/>\n\t<meta property=\"og:image:type\" content=\"image\/jpeg\" \/>\n<meta name=\"author\" content=\"thomas.berner\" \/>\n<meta name=\"twitter:card\" content=\"summary_large_image\" \/>\n<meta name=\"twitter:title\" content=\"Digital Summit f\u00fcr #KMU geht nun an den Start #DigitalSummit\" \/>\n<meta name=\"twitter:description\" content=\"Der erste Digital Summit f\u00fcr KMU am 29. und 30. August in der Messe Z\u00fcrich will den KMU helfen, die Herausforderungen der #Digitalisierung zu meistern.\" \/>\n<meta name=\"twitter:image\" content=\"https:\/\/www.organisator.ch\/wp-content\/uploads\/2017\/06\/Digital-Summit-f\u00fcr-KMU-geht-nun-an-den-Start_Organisator.jpg\" \/>\n<script type=\"application\/ld+json\" class=\"yoast-schema-graph\">{\"@context\":\"https:\\\/\\\/schema.org\",\"@graph\":[{\"@type\":\"Article\",\"@id\":\"https:\\\/\\\/www.organisator.ch\\\/management\\\/it\\\/2017-06-29\\\/digital-summit-fuer-kmu-geht-nun-an-den-start\\\/#article\",\"isPartOf\":{\"@id\":\"https:\\\/\\\/www.organisator.ch\\\/management\\\/it\\\/2017-06-29\\\/digital-summit-fuer-kmu-geht-nun-an-den-start\\\/\"},\"author\":{\"name\":\"thomas.berner\",\"@id\":\"https:\\\/\\\/www.organisator.ch\\\/#\\\/schema\\\/person\\\/6f650f90b2842cd4c0cc334b4e36f67e\"},\"headline\":\"Digital Summit f\u00fcr KMU geht nun an den Start\",\"datePublished\":\"2017-06-29T06:15:31+00:00\",\"mainEntityOfPage\":{\"@id\":\"https:\\\/\\\/www.organisator.ch\\\/management\\\/it\\\/2017-06-29\\\/digital-summit-fuer-kmu-geht-nun-an-den-start\\\/\"},\"wordCount\":618,\"commentCount\":0,\"publisher\":{\"@id\":\"https:\\\/\\\/www.organisator.ch\\\/#organization\"},\"image\":{\"@id\":\"https:\\\/\\\/www.organisator.ch\\\/management\\\/it\\\/2017-06-29\\\/digital-summit-fuer-kmu-geht-nun-an-den-start\\\/#primaryimage\"},\"thumbnailUrl\":\"https:\\\/\\\/www.organisator.ch\\\/wp-content\\\/uploads\\\/2017\\\/06\\\/Digital-Summit-fuer-KMU-geht-nun-an-den-Start_Organisator.jpg\",\"keywords\":[\"Fachkongress\\\/Fachmesse\",\"IT\",\"Marketing\",\"Unternehmensf\u00fchrung\"],\"articleSection\":[\"IT\"],\"inLanguage\":\"de\"},{\"@type\":\"WebPage\",\"@id\":\"https:\\\/\\\/www.organisator.ch\\\/management\\\/it\\\/2017-06-29\\\/digital-summit-fuer-kmu-geht-nun-an-den-start\\\/\",\"url\":\"https:\\\/\\\/www.organisator.ch\\\/management\\\/it\\\/2017-06-29\\\/digital-summit-fuer-kmu-geht-nun-an-den-start\\\/\",\"name\":\"Digital Summit f\u00fcr KMU geht nun an den Start - Organisator\",\"isPartOf\":{\"@id\":\"https:\\\/\\\/www.organisator.ch\\\/#website\"},\"primaryImageOfPage\":{\"@id\":\"https:\\\/\\\/www.organisator.ch\\\/management\\\/it\\\/2017-06-29\\\/digital-summit-fuer-kmu-geht-nun-an-den-start\\\/#primaryimage\"},\"image\":{\"@id\":\"https:\\\/\\\/www.organisator.ch\\\/management\\\/it\\\/2017-06-29\\\/digital-summit-fuer-kmu-geht-nun-an-den-start\\\/#primaryimage\"},\"thumbnailUrl\":\"https:\\\/\\\/www.organisator.ch\\\/wp-content\\\/uploads\\\/2017\\\/06\\\/Digital-Summit-fuer-KMU-geht-nun-an-den-Start_Organisator.jpg\",\"datePublished\":\"2017-06-29T06:15:31+00:00\",\"description\":\"Der erste Digital Summit f\u00fcr KMU am 29. und 30. August in der Messe Z\u00fcrich will den KMU helfen, die Herausforderungen der Digitalisierung zu meistern.\",\"breadcrumb\":{\"@id\":\"https:\\\/\\\/www.organisator.ch\\\/management\\\/it\\\/2017-06-29\\\/digital-summit-fuer-kmu-geht-nun-an-den-start\\\/#breadcrumb\"},\"inLanguage\":\"de\",\"potentialAction\":[{\"@type\":\"ReadAction\",\"target\":[\"https:\\\/\\\/www.organisator.ch\\\/management\\\/it\\\/2017-06-29\\\/digital-summit-fuer-kmu-geht-nun-an-den-start\\\/\"]}]},{\"@type\":\"ImageObject\",\"inLanguage\":\"de\",\"@id\":\"https:\\\/\\\/www.organisator.ch\\\/management\\\/it\\\/2017-06-29\\\/digital-summit-fuer-kmu-geht-nun-an-den-start\\\/#primaryimage\",\"url\":\"https:\\\/\\\/www.organisator.ch\\\/wp-content\\\/uploads\\\/2017\\\/06\\\/Digital-Summit-fuer-KMU-geht-nun-an-den-Start_Organisator.jpg\",\"contentUrl\":\"https:\\\/\\\/www.organisator.ch\\\/wp-content\\\/uploads\\\/2017\\\/06\\\/Digital-Summit-fuer-KMU-geht-nun-an-den-Start_Organisator.jpg\",\"width\":640,\"height\":427,\"caption\":\"Der Digital Summit f\u00fcr KMU feiert mit namhaften Partnern am 29.\\\/30. August Premiere. (Bild: PD \\\/ Digital Summit)\"},{\"@type\":\"BreadcrumbList\",\"@id\":\"https:\\\/\\\/www.organisator.ch\\\/management\\\/it\\\/2017-06-29\\\/digital-summit-fuer-kmu-geht-nun-an-den-start\\\/#breadcrumb\",\"itemListElement\":[{\"@type\":\"ListItem\",\"position\":1,\"name\":\"Home\",\"item\":\"https:\\\/\\\/www.organisator.ch\\\/\"},{\"@type\":\"ListItem\",\"position\":2,\"name\":\"Digital Summit f\u00fcr KMU geht nun an den Start\"}]},{\"@type\":\"WebSite\",\"@id\":\"https:\\\/\\\/www.organisator.ch\\\/#website\",\"url\":\"https:\\\/\\\/www.organisator.ch\\\/\",\"name\":\"Organisator\",\"description\":\"Kompetent. Praxisnah. Der ORGANISATOR bereitet in 10 Ausgaben pro Jahr die wesentlichen Themen f\u00fcr F\u00fchrungskr\u00e4fte von KMU auf.\",\"publisher\":{\"@id\":\"https:\\\/\\\/www.organisator.ch\\\/#organization\"},\"potentialAction\":[{\"@type\":\"SearchAction\",\"target\":{\"@type\":\"EntryPoint\",\"urlTemplate\":\"https:\\\/\\\/www.organisator.ch\\\/?s={search_term_string}\"},\"query-input\":{\"@type\":\"PropertyValueSpecification\",\"valueRequired\":true,\"valueName\":\"search_term_string\"}}],\"inLanguage\":\"de\"},{\"@type\":\"Organization\",\"@id\":\"https:\\\/\\\/www.organisator.ch\\\/#organization\",\"name\":\"Organisator\",\"url\":\"https:\\\/\\\/www.organisator.ch\\\/\",\"logo\":{\"@type\":\"ImageObject\",\"inLanguage\":\"de\",\"@id\":\"https:\\\/\\\/www.organisator.ch\\\/#\\\/schema\\\/logo\\\/image\\\/\",\"url\":\"https:\\\/\\\/www.organisator.ch\\\/wp-content\\\/uploads\\\/2022\\\/01\\\/Logo_Organisator_Website.png\",\"contentUrl\":\"https:\\\/\\\/www.organisator.ch\\\/wp-content\\\/uploads\\\/2022\\\/01\\\/Logo_Organisator_Website.png\",\"width\":800,\"height\":77,\"caption\":\"Organisator\"},\"image\":{\"@id\":\"https:\\\/\\\/www.organisator.ch\\\/#\\\/schema\\\/logo\\\/image\\\/\"},\"sameAs\":[\"https:\\\/\\\/www.facebook.com\\\/OrganisatorFachmagazin\",\"https:\\\/\\\/www.linkedin.com\\\/showcase\\\/organisator-das-magazin-fr-kmu\",\"https:\\\/\\\/www.xing.com\\\/news\\\/pages\\\/organisator-ch-695\",\"https:\\\/\\\/www.youtube.com\\\/channel\\\/UCGP2Sq0iWaZwT3BdIAQFYpw\"]},{\"@type\":\"Person\",\"@id\":\"https:\\\/\\\/www.organisator.ch\\\/#\\\/schema\\\/person\\\/6f650f90b2842cd4c0cc334b4e36f67e\",\"name\":\"thomas.berner\",\"image\":{\"@type\":\"ImageObject\",\"inLanguage\":\"de\",\"@id\":\"https:\\\/\\\/secure.gravatar.com\\\/avatar\\\/ac5001d2a36cb6c6cd3e50789007ffca834b477b74a2144564522e944eabff61?s=96&d=mm&r=g\",\"url\":\"https:\\\/\\\/secure.gravatar.com\\\/avatar\\\/ac5001d2a36cb6c6cd3e50789007ffca834b477b74a2144564522e944eabff61?s=96&d=mm&r=g\",\"contentUrl\":\"https:\\\/\\\/secure.gravatar.com\\\/avatar\\\/ac5001d2a36cb6c6cd3e50789007ffca834b477b74a2144564522e944eabff61?s=96&d=mm&r=g\",\"caption\":\"thomas.berner\"},\"url\":\"https:\\\/\\\/www.organisator.ch\\\/de\\\/author\\\/thomas-berner\\\/\"}]}<\/script>\n<!-- \/ Yoast SEO plugin. -->","yoast_head_json":{"title":"Digital Summit f\u00fcr KMU geht nun an den Start - Organisator","description":"Der erste Digital Summit f\u00fcr KMU am 29. und 30. August in der Messe Z\u00fcrich will den KMU helfen, die Herausforderungen der Digitalisierung zu meistern.","robots":{"index":"index","follow":"follow","max-snippet":"max-snippet:-1","max-image-preview":"max-image-preview:large","max-video-preview":"max-video-preview:-1"},"canonical":"https:\/\/www.organisator.ch\/de\/management\/it\/2017-06-29\/digital-summit-fuer-kmu-geht-nun-an-den-start\/","og_locale":"de_DE","og_type":"article","og_title":"Digital Summit f\u00fcr KMU geht nun an den Start","og_description":"Der erste Digital Summit f\u00fcr #KMU am 29. und 30. August in der Messe Z\u00fcrich will den KMU helfen, die Herausforderungen der #Digitalisierung zu meistern. #DigitalSummit","og_url":"https:\/\/www.organisator.ch\/de\/management\/it\/2017-06-29\/digital-summit-fuer-kmu-geht-nun-an-den-start\/","og_site_name":"Organisator","article_publisher":"https:\/\/www.facebook.com\/OrganisatorFachmagazin","article_published_time":"2017-06-29T06:15:31+00:00","og_image":[{"width":640,"height":427,"url":"https:\/\/www.organisator.ch\/wp-content\/uploads\/2017\/06\/Digital-Summit-fuer-KMU-geht-nun-an-den-Start_Organisator.jpg","type":"image\/jpeg"}],"author":"thomas.berner","twitter_card":"summary_large_image","twitter_title":"Digital Summit f\u00fcr #KMU geht nun an den Start #DigitalSummit","twitter_description":"Der erste Digital Summit f\u00fcr KMU am 29. und 30. August in der Messe Z\u00fcrich will den KMU helfen, die Herausforderungen der #Digitalisierung zu meistern.","twitter_image":"https:\/\/www.organisator.ch\/wp-content\/uploads\/2017\/06\/Digital-Summit-f\u00fcr-KMU-geht-nun-an-den-Start_Organisator.jpg","schema":{"@context":"https:\/\/schema.org","@graph":[{"@type":"Article","@id":"https:\/\/www.organisator.ch\/management\/it\/2017-06-29\/digital-summit-fuer-kmu-geht-nun-an-den-start\/#article","isPartOf":{"@id":"https:\/\/www.organisator.ch\/management\/it\/2017-06-29\/digital-summit-fuer-kmu-geht-nun-an-den-start\/"},"author":{"name":"thomas.berner","@id":"https:\/\/www.organisator.ch\/#\/schema\/person\/6f650f90b2842cd4c0cc334b4e36f67e"},"headline":"Digital Summit f\u00fcr KMU geht nun an den Start","datePublished":"2017-06-29T06:15:31+00:00","mainEntityOfPage":{"@id":"https:\/\/www.organisator.ch\/management\/it\/2017-06-29\/digital-summit-fuer-kmu-geht-nun-an-den-start\/"},"wordCount":618,"commentCount":0,"publisher":{"@id":"https:\/\/www.organisator.ch\/#organization"},"image":{"@id":"https:\/\/www.organisator.ch\/management\/it\/2017-06-29\/digital-summit-fuer-kmu-geht-nun-an-den-start\/#primaryimage"},"thumbnailUrl":"https:\/\/www.organisator.ch\/wp-content\/uploads\/2017\/06\/Digital-Summit-fuer-KMU-geht-nun-an-den-Start_Organisator.jpg","keywords":["Fachkongress\/Fachmesse","IT","Marketing","Unternehmensf\u00fchrung"],"articleSection":["IT"],"inLanguage":"de"},{"@type":"WebPage","@id":"https:\/\/www.organisator.ch\/management\/it\/2017-06-29\/digital-summit-fuer-kmu-geht-nun-an-den-start\/","url":"https:\/\/www.organisator.ch\/management\/it\/2017-06-29\/digital-summit-fuer-kmu-geht-nun-an-den-start\/","name":"Digital Summit f\u00fcr KMU geht nun an den Start - Organisator","isPartOf":{"@id":"https:\/\/www.organisator.ch\/#website"},"primaryImageOfPage":{"@id":"https:\/\/www.organisator.ch\/management\/it\/2017-06-29\/digital-summit-fuer-kmu-geht-nun-an-den-start\/#primaryimage"},"image":{"@id":"https:\/\/www.organisator.ch\/management\/it\/2017-06-29\/digital-summit-fuer-kmu-geht-nun-an-den-start\/#primaryimage"},"thumbnailUrl":"https:\/\/www.organisator.ch\/wp-content\/uploads\/2017\/06\/Digital-Summit-fuer-KMU-geht-nun-an-den-Start_Organisator.jpg","datePublished":"2017-06-29T06:15:31+00:00","description":"Der erste Digital Summit f\u00fcr KMU am 29. und 30. August in der Messe Z\u00fcrich will den KMU helfen, die Herausforderungen der Digitalisierung zu meistern.","breadcrumb":{"@id":"https:\/\/www.organisator.ch\/management\/it\/2017-06-29\/digital-summit-fuer-kmu-geht-nun-an-den-start\/#breadcrumb"},"inLanguage":"de","potentialAction":[{"@type":"ReadAction","target":["https:\/\/www.organisator.ch\/management\/it\/2017-06-29\/digital-summit-fuer-kmu-geht-nun-an-den-start\/"]}]},{"@type":"ImageObject","inLanguage":"de","@id":"https:\/\/www.organisator.ch\/management\/it\/2017-06-29\/digital-summit-fuer-kmu-geht-nun-an-den-start\/#primaryimage","url":"https:\/\/www.organisator.ch\/wp-content\/uploads\/2017\/06\/Digital-Summit-fuer-KMU-geht-nun-an-den-Start_Organisator.jpg","contentUrl":"https:\/\/www.organisator.ch\/wp-content\/uploads\/2017\/06\/Digital-Summit-fuer-KMU-geht-nun-an-den-Start_Organisator.jpg","width":640,"height":427,"caption":"Der Digital Summit f\u00fcr KMU feiert mit namhaften Partnern am 29.\/30. August Premiere. (Bild: PD \/ Digital Summit)"},{"@type":"BreadcrumbList","@id":"https:\/\/www.organisator.ch\/management\/it\/2017-06-29\/digital-summit-fuer-kmu-geht-nun-an-den-start\/#breadcrumb","itemListElement":[{"@type":"ListItem","position":1,"name":"Home","item":"https:\/\/www.organisator.ch\/"},{"@type":"ListItem","position":2,"name":"Digital Summit f\u00fcr KMU geht nun an den Start"}]},{"@type":"WebSite","@id":"https:\/\/www.organisator.ch\/#website","url":"https:\/\/www.organisator.ch\/","name":"Organisator","description":"Kompetent. Praxisnah. Der ORGANISATOR bereitet in 10 Ausgaben pro Jahr die wesentlichen Themen f\u00fcr F\u00fchrungskr\u00e4fte von KMU auf.","publisher":{"@id":"https:\/\/www.organisator.ch\/#organization"},"potentialAction":[{"@type":"SearchAction","target":{"@type":"EntryPoint","urlTemplate":"https:\/\/www.organisator.ch\/?s={search_term_string}"},"query-input":{"@type":"PropertyValueSpecification","valueRequired":true,"valueName":"search_term_string"}}],"inLanguage":"de"},{"@type":"Organization","@id":"https:\/\/www.organisator.ch\/#organization","name":"Organisator","url":"https:\/\/www.organisator.ch\/","logo":{"@type":"ImageObject","inLanguage":"de","@id":"https:\/\/www.organisator.ch\/#\/schema\/logo\/image\/","url":"https:\/\/www.organisator.ch\/wp-content\/uploads\/2022\/01\/Logo_Organisator_Website.png","contentUrl":"https:\/\/www.organisator.ch\/wp-content\/uploads\/2022\/01\/Logo_Organisator_Website.png","width":800,"height":77,"caption":"Organisator"},"image":{"@id":"https:\/\/www.organisator.ch\/#\/schema\/logo\/image\/"},"sameAs":["https:\/\/www.facebook.com\/OrganisatorFachmagazin","https:\/\/www.linkedin.com\/showcase\/organisator-das-magazin-fr-kmu","https:\/\/www.xing.com\/news\/pages\/organisator-ch-695","https:\/\/www.youtube.com\/channel\/UCGP2Sq0iWaZwT3BdIAQFYpw"]},{"@type":"Person","@id":"https:\/\/www.organisator.ch\/#\/schema\/person\/6f650f90b2842cd4c0cc334b4e36f67e","name":"thomas.berner","image":{"@type":"ImageObject","inLanguage":"de","@id":"https:\/\/secure.gravatar.com\/avatar\/ac5001d2a36cb6c6cd3e50789007ffca834b477b74a2144564522e944eabff61?s=96&d=mm&r=g","url":"https:\/\/secure.gravatar.com\/avatar\/ac5001d2a36cb6c6cd3e50789007ffca834b477b74a2144564522e944eabff61?s=96&d=mm&r=g","contentUrl":"https:\/\/secure.gravatar.com\/avatar\/ac5001d2a36cb6c6cd3e50789007ffca834b477b74a2144564522e944eabff61?s=96&d=mm&r=g","caption":"thomas.berner"},"url":"https:\/\/www.organisator.ch\/de\/author\/thomas-berner\/"}]}},"_links":{"self":[{"href":"https:\/\/www.organisator.ch\/de\/wp-json\/wp\/v2\/posts\/2116","targetHints":{"allow":["GET"]}}],"collection":[{"href":"https:\/\/www.organisator.ch\/de\/wp-json\/wp\/v2\/posts"}],"about":[{"href":"https:\/\/www.organisator.ch\/de\/wp-json\/wp\/v2\/types\/post"}],"author":[{"embeddable":true,"href":"https:\/\/www.organisator.ch\/de\/wp-json\/wp\/v2\/users\/4"}],"replies":[{"embeddable":true,"href":"https:\/\/www.organisator.ch\/de\/wp-json\/wp\/v2\/comments?post=2116"}],"version-history":[{"count":0,"href":"https:\/\/www.organisator.ch\/de\/wp-json\/wp\/v2\/posts\/2116\/revisions"}],"wp:featuredmedia":[{"embeddable":true,"href":"https:\/\/www.organisator.ch\/de\/wp-json\/wp\/v2\/media\/2117"}],"wp:attachment":[{"href":"https:\/\/www.organisator.ch\/de\/wp-json\/wp\/v2\/media?parent=2116"}],"wp:term":[{"taxonomy":"category","embeddable":true,"href":"https:\/\/www.organisator.ch\/de\/wp-json\/wp\/v2\/categories?post=2116"},{"taxonomy":"post_tag","embeddable":true,"href":"https:\/\/www.organisator.ch\/de\/wp-json\/wp\/v2\/tags?post=2116"}],"curies":[{"name":"wp","href":"https:\/\/api.w.org\/{rel}","templated":true}]}}