{"id":2119,"date":"2017-06-29T08:41:05","date_gmt":"2017-06-29T06:41:05","guid":{"rendered":"https:\/\/www.organisator.ch\/?p=2119"},"modified":"2017-06-29T08:41:05","modified_gmt":"2017-06-29T06:41:05","slug":"schweizer-erp-und-crm-spezialisten-gruenden-joint-venture","status":"publish","type":"post","link":"https:\/\/www.organisator.ch\/de\/management\/it\/2017-06-29\/schweizer-erp-und-crm-spezialisten-gruenden-joint-venture\/","title":{"rendered":"Schweizer ERP und CRM Spezialisten gr\u00fcnden Joint Venture"},"content":{"rendered":"<figure id=\"attachment_2120\" aria-describedby=\"caption-attachment-2120\" style=\"width: 307px\" class=\"wp-caption alignnone\"><img loading=\"lazy\" decoding=\"async\" class=\"size-full wp-image-2120\" src=\"https:\/\/www.organisator.ch\/wp-content\/uploads\/2017\/06\/Schweizer-ERP-und-CRM-Spezialisten-gruenden-Joint-Venture_Organisator.jpg\" alt=\"\" width=\"307\" height=\"221\" srcset=\"https:\/\/www.organisator.ch\/wp-content\/uploads\/2017\/06\/Schweizer-ERP-und-CRM-Spezialisten-gruenden-Joint-Venture_Organisator.jpg 307w, https:\/\/www.organisator.ch\/wp-content\/uploads\/2017\/06\/Schweizer-ERP-und-CRM-Spezialisten-gruenden-Joint-Venture_Organisator-16x12.jpg 16w, https:\/\/www.organisator.ch\/wp-content\/uploads\/2017\/06\/Schweizer-ERP-und-CRM-Spezialisten-gruenden-Joint-Venture_Organisator-243x175.jpg 243w, https:\/\/www.organisator.ch\/wp-content\/uploads\/2017\/06\/Schweizer-ERP-und-CRM-Spezialisten-gruenden-Joint-Venture_Organisator-300x216.jpg 300w\" sizes=\"auto, (max-width: 307px) 100vw, 307px\" \/><figcaption id=\"caption-attachment-2120\" class=\"wp-caption-text\">Gehen mit der Ambit Group an den Start: Von links nach rechts: Thierry Walt (CEO Ambit AG), Mujinga Kambundji, Beat Sengstag (CEO WIKA Systems). (Foto: PD)<\/figcaption><\/figure>\n<p>Unter dem Motto \u00abGemeinsam am Start\u00bb l\u00e4uten die beiden Gesch\u00e4ftsf\u00fchrer Beat Sengstag, WIKA System AG und Thierry Walt, Ambit AG mit ihren F\u00fchrungsteams eine neue \u00c4ra ein und werden zum \u201aDigital Business Enabler\u2018 f\u00fcr den innovativen Mittelstand, der die Digitalisierung im Unternehmen vorantreiben will. Inspirieren lassen sich die beiden Unternehmer\u00a0durch die schnellste Schweizerin Mujinga Kambundji.<\/p>\n<p>Ziel der Ambit Group ist es, mit dem neuen Gemeinschaftsunternehmen eine f\u00fchrende Stellung im Microsoft Dynamics 365 Markt einzunehmen. Mit dem Zusammenschluss sieht sich\u00a0die Ambit Group in der Lage, Kunden in den Bereichen CRM und ERP die optimale L\u00f6sung zu bieten. \u00abDank unserer Expertise und unseren Spezialisten k\u00f6nnen wir ganzheitliche end-to-end Prozessl\u00f6sungen aus einer Hand anbieten\u00bb, so Beat Sengstag und Thierry Walt, \u00abdie Ambit Group agiert als Enabler f\u00fcr digitale Business Transformationen und hat sich zum Ziel gesetzt, ihren Kunden Wettbewerbsvorteile und langfristigen Erfolg zu sichern.\u00bb<\/p>\n<p><strong>Alleinstellungsmerkmal dank Expertise <\/strong><\/p>\n<p>Die Ambit Group besch\u00e4ftigt an 7 Standorten in der Schweiz, in Deutschland, \u00d6sterreich und Singapur 75 Mitarbeiter.\u00a0Diese sind nach Angaben\u00a0des Unternehmens\u00a0leidenschaftliche Microsoft Dynamics 365 (Dynamics AX und Microsoft CRM) Expertinnen und Experten und haben das Vertrauen nationaler und internationaler Unternehmen aus den verschie\u00addensten Industrien wie Handel, Maschinen-, Prozess-, Finanz-, Bau-, und Dienstleistungsindustrie gewonnen. Lokal zu agieren und international zu\u00a0implementieren bezeichnet die Ambit Group als ihr Alleinstellungsmerkmal, das\u00a0ihre Teams\u00a0sich\u00a0dank vieler interna\u00adtionaler Projekte \u00fcber Jahrzehnte hinweg erarbeiten konnten. Zudem unterst\u00fctzten die Mitarbeitenden bereits zahlreiche multinationale Firmengruppen in ihrer ganzheitlichen globalen Ausrichtung.<\/p>\n<p>Die Ambit Group stehe f\u00fcr ein Unternehmen, das ihren Kunden die optimale und passende L\u00f6sung zur Abbildung der Gesch\u00e4ftspro\u00adzesse implementiere, um ihnen einen Vorsprung gegen\u00fcber dem Wett\u00adbewerb zu erm\u00f6glichen, heisst es in der Mitteilung des Unternehmens. Zusammengef\u00fchrt setzten die Unternehmen \u00fcber 300 Projekte erfolgreich um. Diesen Erfolg wolle die Ambit Group mit Fokus auf eine ganzheitliche Unternehmensbetrach\u00adtung, deren Beratungsansatz vermehrt auf strategischer Ebene beginnt und die digitale Transformation in das operative Gesch\u00e4ft unterst\u00fctzt, weiterf\u00fchren und im Rahmen einer abgestimmten Supportstruktur die Basis f\u00fcr eine nachhaltige und strategische Gesch\u00e4ftsbeziehung schaffen, heisst es weiter.<\/p>\n<p><em>Weitere Informationen: <a href=\"http:\/\/www.wika-systems.ch\">WIKA Systems<\/a>, <a href=\"http:\/\/www.ambit.ch\">Ambit<\/a><\/em><\/p>\n","protected":false},"excerpt":{"rendered":"<p>Unter dem Motto \u00abGemeinsam am Start\u00bb l\u00e4uten die beiden Gesch\u00e4ftsf\u00fchrer Beat Sengstag, WIKA System AG und Thierry Walt, Ambit AG mit ihren F\u00fchrungsteams eine neue \u00c4ra ein und werden zum \u201aDigital Business Enabler\u2018 f\u00fcr den innovativen Mittelstand, der die Digitalisierung im Unternehmen vorantreiben will. Inspirieren lassen sich die beiden Unternehmer\u00a0durch die schnellste Schweizerin Mujinga Kambundji. [&hellip;]<\/p>\n","protected":false},"author":4,"featured_media":2120,"comment_status":"open","ping_status":"open","sticky":false,"template":"","format":"standard","meta":{"_acf_changed":false,"_yoast_wpseo_focuskw":"Ambit Group","_yoast_wpseo_metadesc":"Die in Wetzikon ans\u00e4ssige WIKA Systems AG und die Winterthurer Ambit AG schliessen sich zusammen und gr\u00fcnden die Ambit Group AG.","articlekey":"","footnotes":""},"categories":[27],"tags":[288,492,508],"class_list":["post-2119","post","type-post","status-publish","format-standard","has-post-thumbnail","hentry","category-it","tag-it-business-software","tag-unternehmen","tag-vermischtes"],"acf":[],"yoast_head":"<!-- This site is optimized with the Yoast SEO plugin v27.4 - https:\/\/yoast.com\/product\/yoast-seo-wordpress\/ -->\n<title>Schweizer ERP und CRM Spezialisten gr\u00fcnden Joint Venture - Organisator<\/title>\n<meta name=\"description\" content=\"Die in Wetzikon ans\u00e4ssige WIKA Systems AG und die Winterthurer Ambit AG schliessen sich zusammen und gr\u00fcnden die Ambit Group AG.\" \/>\n<meta name=\"robots\" content=\"index, follow, max-snippet:-1, max-image-preview:large, max-video-preview:-1\" \/>\n<link rel=\"canonical\" href=\"https:\/\/www.organisator.ch\/de\/management\/it\/2017-06-29\/schweizer-erp-und-crm-spezialisten-gruenden-joint-venture\/\" \/>\n<meta property=\"og:locale\" content=\"de_DE\" \/>\n<meta property=\"og:type\" content=\"article\" \/>\n<meta property=\"og:title\" content=\"Schweizer ERP und CRM Spezialisten gr\u00fcnden Joint Venture\" \/>\n<meta property=\"og:description\" content=\"Die in Wetzikon ans\u00e4ssige #WIKA Systems AG und die Winterthurer #Ambit AG schliessen sich zusammen und gr\u00fcnden die Ambit Group AG.\" \/>\n<meta property=\"og:url\" content=\"https:\/\/www.organisator.ch\/de\/management\/it\/2017-06-29\/schweizer-erp-und-crm-spezialisten-gruenden-joint-venture\/\" \/>\n<meta property=\"og:site_name\" content=\"Organisator\" \/>\n<meta property=\"article:publisher\" content=\"https:\/\/www.facebook.com\/OrganisatorFachmagazin\" \/>\n<meta property=\"article:published_time\" content=\"2017-06-29T06:41:05+00:00\" \/>\n<meta property=\"og:image\" content=\"https:\/\/www.organisator.ch\/wp-content\/uploads\/2017\/06\/Schweizer-ERP-und-CRM-Spezialisten-gruenden-Joint-Venture_Organisator.jpg\" \/>\n\t<meta property=\"og:image:width\" content=\"307\" \/>\n\t<meta property=\"og:image:height\" content=\"221\" \/>\n\t<meta property=\"og:image:type\" content=\"image\/jpeg\" \/>\n<meta name=\"author\" content=\"thomas.berner\" \/>\n<meta name=\"twitter:card\" content=\"summary_large_image\" \/>\n<meta name=\"twitter:title\" content=\"Schweizer #ERP und #CRM Spezialisten gr\u00fcnden Joint Venture\" \/>\n<meta name=\"twitter:description\" content=\"Die in Wetzikon ans\u00e4ssige #WIKA Systems AG und die Winterthurer #Ambit AG schliessen sich zusammen und gr\u00fcnden die Ambit Group AG.\" \/>\n<meta name=\"twitter:image\" content=\"https:\/\/www.organisator.ch\/wp-content\/uploads\/2017\/06\/Schweizer-ERP-und-CRM-Spezialisten-gruenden-Joint-Venture_Organisator.jpg\" \/>\n<script type=\"application\/ld+json\" class=\"yoast-schema-graph\">{\"@context\":\"https:\\\/\\\/schema.org\",\"@graph\":[{\"@type\":\"Article\",\"@id\":\"https:\\\/\\\/www.organisator.ch\\\/management\\\/it\\\/2017-06-29\\\/schweizer-erp-und-crm-spezialisten-gruenden-joint-venture\\\/#article\",\"isPartOf\":{\"@id\":\"https:\\\/\\\/www.organisator.ch\\\/management\\\/it\\\/2017-06-29\\\/schweizer-erp-und-crm-spezialisten-gruenden-joint-venture\\\/\"},\"author\":{\"name\":\"thomas.berner\",\"@id\":\"https:\\\/\\\/www.organisator.ch\\\/#\\\/schema\\\/person\\\/6f650f90b2842cd4c0cc334b4e36f67e\"},\"headline\":\"Schweizer ERP und CRM Spezialisten gr\u00fcnden Joint Venture\",\"datePublished\":\"2017-06-29T06:41:05+00:00\",\"mainEntityOfPage\":{\"@id\":\"https:\\\/\\\/www.organisator.ch\\\/management\\\/it\\\/2017-06-29\\\/schweizer-erp-und-crm-spezialisten-gruenden-joint-venture\\\/\"},\"wordCount\":404,\"commentCount\":1,\"publisher\":{\"@id\":\"https:\\\/\\\/www.organisator.ch\\\/#organization\"},\"image\":{\"@id\":\"https:\\\/\\\/www.organisator.ch\\\/management\\\/it\\\/2017-06-29\\\/schweizer-erp-und-crm-spezialisten-gruenden-joint-venture\\\/#primaryimage\"},\"thumbnailUrl\":\"https:\\\/\\\/www.organisator.ch\\\/wp-content\\\/uploads\\\/2017\\\/06\\\/Schweizer-ERP-und-CRM-Spezialisten-gruenden-Joint-Venture_Organisator.jpg\",\"keywords\":[\"IT &amp; Business Software\",\"Unternehmen\",\"Vermischtes\"],\"articleSection\":[\"IT\"],\"inLanguage\":\"de\"},{\"@type\":\"WebPage\",\"@id\":\"https:\\\/\\\/www.organisator.ch\\\/management\\\/it\\\/2017-06-29\\\/schweizer-erp-und-crm-spezialisten-gruenden-joint-venture\\\/\",\"url\":\"https:\\\/\\\/www.organisator.ch\\\/management\\\/it\\\/2017-06-29\\\/schweizer-erp-und-crm-spezialisten-gruenden-joint-venture\\\/\",\"name\":\"Schweizer ERP und CRM Spezialisten gr\u00fcnden Joint Venture - Organisator\",\"isPartOf\":{\"@id\":\"https:\\\/\\\/www.organisator.ch\\\/#website\"},\"primaryImageOfPage\":{\"@id\":\"https:\\\/\\\/www.organisator.ch\\\/management\\\/it\\\/2017-06-29\\\/schweizer-erp-und-crm-spezialisten-gruenden-joint-venture\\\/#primaryimage\"},\"image\":{\"@id\":\"https:\\\/\\\/www.organisator.ch\\\/management\\\/it\\\/2017-06-29\\\/schweizer-erp-und-crm-spezialisten-gruenden-joint-venture\\\/#primaryimage\"},\"thumbnailUrl\":\"https:\\\/\\\/www.organisator.ch\\\/wp-content\\\/uploads\\\/2017\\\/06\\\/Schweizer-ERP-und-CRM-Spezialisten-gruenden-Joint-Venture_Organisator.jpg\",\"datePublished\":\"2017-06-29T06:41:05+00:00\",\"description\":\"Die in Wetzikon ans\u00e4ssige WIKA Systems AG und die Winterthurer Ambit AG schliessen sich zusammen und gr\u00fcnden die Ambit Group AG.\",\"breadcrumb\":{\"@id\":\"https:\\\/\\\/www.organisator.ch\\\/management\\\/it\\\/2017-06-29\\\/schweizer-erp-und-crm-spezialisten-gruenden-joint-venture\\\/#breadcrumb\"},\"inLanguage\":\"de\",\"potentialAction\":[{\"@type\":\"ReadAction\",\"target\":[\"https:\\\/\\\/www.organisator.ch\\\/management\\\/it\\\/2017-06-29\\\/schweizer-erp-und-crm-spezialisten-gruenden-joint-venture\\\/\"]}]},{\"@type\":\"ImageObject\",\"inLanguage\":\"de\",\"@id\":\"https:\\\/\\\/www.organisator.ch\\\/management\\\/it\\\/2017-06-29\\\/schweizer-erp-und-crm-spezialisten-gruenden-joint-venture\\\/#primaryimage\",\"url\":\"https:\\\/\\\/www.organisator.ch\\\/wp-content\\\/uploads\\\/2017\\\/06\\\/Schweizer-ERP-und-CRM-Spezialisten-gruenden-Joint-Venture_Organisator.jpg\",\"contentUrl\":\"https:\\\/\\\/www.organisator.ch\\\/wp-content\\\/uploads\\\/2017\\\/06\\\/Schweizer-ERP-und-CRM-Spezialisten-gruenden-Joint-Venture_Organisator.jpg\",\"width\":307,\"height\":221,\"caption\":\"Von links nach rechts: Thierry Walt (CEO Ambit AG), Mujinga Kambundji, Beat Sengstag (CEO WIKA Systems). (Foto: PD)\"},{\"@type\":\"BreadcrumbList\",\"@id\":\"https:\\\/\\\/www.organisator.ch\\\/management\\\/it\\\/2017-06-29\\\/schweizer-erp-und-crm-spezialisten-gruenden-joint-venture\\\/#breadcrumb\",\"itemListElement\":[{\"@type\":\"ListItem\",\"position\":1,\"name\":\"Home\",\"item\":\"https:\\\/\\\/www.organisator.ch\\\/\"},{\"@type\":\"ListItem\",\"position\":2,\"name\":\"Schweizer ERP und CRM Spezialisten gr\u00fcnden Joint Venture\"}]},{\"@type\":\"WebSite\",\"@id\":\"https:\\\/\\\/www.organisator.ch\\\/#website\",\"url\":\"https:\\\/\\\/www.organisator.ch\\\/\",\"name\":\"Organisator\",\"description\":\"Kompetent. Praxisnah. Der ORGANISATOR bereitet in 10 Ausgaben pro Jahr die wesentlichen Themen f\u00fcr F\u00fchrungskr\u00e4fte von KMU auf.\",\"publisher\":{\"@id\":\"https:\\\/\\\/www.organisator.ch\\\/#organization\"},\"potentialAction\":[{\"@type\":\"SearchAction\",\"target\":{\"@type\":\"EntryPoint\",\"urlTemplate\":\"https:\\\/\\\/www.organisator.ch\\\/?s={search_term_string}\"},\"query-input\":{\"@type\":\"PropertyValueSpecification\",\"valueRequired\":true,\"valueName\":\"search_term_string\"}}],\"inLanguage\":\"de\"},{\"@type\":\"Organization\",\"@id\":\"https:\\\/\\\/www.organisator.ch\\\/#organization\",\"name\":\"Organisator\",\"url\":\"https:\\\/\\\/www.organisator.ch\\\/\",\"logo\":{\"@type\":\"ImageObject\",\"inLanguage\":\"de\",\"@id\":\"https:\\\/\\\/www.organisator.ch\\\/#\\\/schema\\\/logo\\\/image\\\/\",\"url\":\"https:\\\/\\\/www.organisator.ch\\\/wp-content\\\/uploads\\\/2022\\\/01\\\/Logo_Organisator_Website.png\",\"contentUrl\":\"https:\\\/\\\/www.organisator.ch\\\/wp-content\\\/uploads\\\/2022\\\/01\\\/Logo_Organisator_Website.png\",\"width\":800,\"height\":77,\"caption\":\"Organisator\"},\"image\":{\"@id\":\"https:\\\/\\\/www.organisator.ch\\\/#\\\/schema\\\/logo\\\/image\\\/\"},\"sameAs\":[\"https:\\\/\\\/www.facebook.com\\\/OrganisatorFachmagazin\",\"https:\\\/\\\/www.linkedin.com\\\/showcase\\\/organisator-das-magazin-fr-kmu\",\"https:\\\/\\\/www.xing.com\\\/news\\\/pages\\\/organisator-ch-695\",\"https:\\\/\\\/www.youtube.com\\\/channel\\\/UCGP2Sq0iWaZwT3BdIAQFYpw\"]},{\"@type\":\"Person\",\"@id\":\"https:\\\/\\\/www.organisator.ch\\\/#\\\/schema\\\/person\\\/6f650f90b2842cd4c0cc334b4e36f67e\",\"name\":\"thomas.berner\",\"image\":{\"@type\":\"ImageObject\",\"inLanguage\":\"de\",\"@id\":\"https:\\\/\\\/secure.gravatar.com\\\/avatar\\\/ac5001d2a36cb6c6cd3e50789007ffca834b477b74a2144564522e944eabff61?s=96&d=mm&r=g\",\"url\":\"https:\\\/\\\/secure.gravatar.com\\\/avatar\\\/ac5001d2a36cb6c6cd3e50789007ffca834b477b74a2144564522e944eabff61?s=96&d=mm&r=g\",\"contentUrl\":\"https:\\\/\\\/secure.gravatar.com\\\/avatar\\\/ac5001d2a36cb6c6cd3e50789007ffca834b477b74a2144564522e944eabff61?s=96&d=mm&r=g\",\"caption\":\"thomas.berner\"},\"url\":\"https:\\\/\\\/www.organisator.ch\\\/de\\\/author\\\/thomas-berner\\\/\"}]}<\/script>\n<!-- \/ Yoast SEO plugin. -->","yoast_head_json":{"title":"Schweizer ERP und CRM Spezialisten gr\u00fcnden Joint Venture - Organisator","description":"Die in Wetzikon ans\u00e4ssige WIKA Systems AG und die Winterthurer Ambit AG schliessen sich zusammen und gr\u00fcnden die Ambit Group AG.","robots":{"index":"index","follow":"follow","max-snippet":"max-snippet:-1","max-image-preview":"max-image-preview:large","max-video-preview":"max-video-preview:-1"},"canonical":"https:\/\/www.organisator.ch\/de\/management\/it\/2017-06-29\/schweizer-erp-und-crm-spezialisten-gruenden-joint-venture\/","og_locale":"de_DE","og_type":"article","og_title":"Schweizer ERP und CRM Spezialisten gr\u00fcnden Joint Venture","og_description":"Die in Wetzikon ans\u00e4ssige #WIKA Systems AG und die Winterthurer #Ambit AG schliessen sich zusammen und gr\u00fcnden die Ambit Group AG.","og_url":"https:\/\/www.organisator.ch\/de\/management\/it\/2017-06-29\/schweizer-erp-und-crm-spezialisten-gruenden-joint-venture\/","og_site_name":"Organisator","article_publisher":"https:\/\/www.facebook.com\/OrganisatorFachmagazin","article_published_time":"2017-06-29T06:41:05+00:00","og_image":[{"width":307,"height":221,"url":"https:\/\/www.organisator.ch\/wp-content\/uploads\/2017\/06\/Schweizer-ERP-und-CRM-Spezialisten-gruenden-Joint-Venture_Organisator.jpg","type":"image\/jpeg"}],"author":"thomas.berner","twitter_card":"summary_large_image","twitter_title":"Schweizer #ERP und #CRM Spezialisten gr\u00fcnden Joint Venture","twitter_description":"Die in Wetzikon ans\u00e4ssige #WIKA Systems AG und die Winterthurer #Ambit AG schliessen sich zusammen und gr\u00fcnden die Ambit Group AG.","twitter_image":"https:\/\/www.organisator.ch\/wp-content\/uploads\/2017\/06\/Schweizer-ERP-und-CRM-Spezialisten-gruenden-Joint-Venture_Organisator.jpg","schema":{"@context":"https:\/\/schema.org","@graph":[{"@type":"Article","@id":"https:\/\/www.organisator.ch\/management\/it\/2017-06-29\/schweizer-erp-und-crm-spezialisten-gruenden-joint-venture\/#article","isPartOf":{"@id":"https:\/\/www.organisator.ch\/management\/it\/2017-06-29\/schweizer-erp-und-crm-spezialisten-gruenden-joint-venture\/"},"author":{"name":"thomas.berner","@id":"https:\/\/www.organisator.ch\/#\/schema\/person\/6f650f90b2842cd4c0cc334b4e36f67e"},"headline":"Schweizer ERP und CRM Spezialisten gr\u00fcnden Joint Venture","datePublished":"2017-06-29T06:41:05+00:00","mainEntityOfPage":{"@id":"https:\/\/www.organisator.ch\/management\/it\/2017-06-29\/schweizer-erp-und-crm-spezialisten-gruenden-joint-venture\/"},"wordCount":404,"commentCount":1,"publisher":{"@id":"https:\/\/www.organisator.ch\/#organization"},"image":{"@id":"https:\/\/www.organisator.ch\/management\/it\/2017-06-29\/schweizer-erp-und-crm-spezialisten-gruenden-joint-venture\/#primaryimage"},"thumbnailUrl":"https:\/\/www.organisator.ch\/wp-content\/uploads\/2017\/06\/Schweizer-ERP-und-CRM-Spezialisten-gruenden-Joint-Venture_Organisator.jpg","keywords":["IT &amp; Business Software","Unternehmen","Vermischtes"],"articleSection":["IT"],"inLanguage":"de"},{"@type":"WebPage","@id":"https:\/\/www.organisator.ch\/management\/it\/2017-06-29\/schweizer-erp-und-crm-spezialisten-gruenden-joint-venture\/","url":"https:\/\/www.organisator.ch\/management\/it\/2017-06-29\/schweizer-erp-und-crm-spezialisten-gruenden-joint-venture\/","name":"Schweizer ERP und CRM Spezialisten gr\u00fcnden Joint Venture - Organisator","isPartOf":{"@id":"https:\/\/www.organisator.ch\/#website"},"primaryImageOfPage":{"@id":"https:\/\/www.organisator.ch\/management\/it\/2017-06-29\/schweizer-erp-und-crm-spezialisten-gruenden-joint-venture\/#primaryimage"},"image":{"@id":"https:\/\/www.organisator.ch\/management\/it\/2017-06-29\/schweizer-erp-und-crm-spezialisten-gruenden-joint-venture\/#primaryimage"},"thumbnailUrl":"https:\/\/www.organisator.ch\/wp-content\/uploads\/2017\/06\/Schweizer-ERP-und-CRM-Spezialisten-gruenden-Joint-Venture_Organisator.jpg","datePublished":"2017-06-29T06:41:05+00:00","description":"Die in Wetzikon ans\u00e4ssige WIKA Systems AG und die Winterthurer Ambit AG schliessen sich zusammen und gr\u00fcnden die Ambit Group AG.","breadcrumb":{"@id":"https:\/\/www.organisator.ch\/management\/it\/2017-06-29\/schweizer-erp-und-crm-spezialisten-gruenden-joint-venture\/#breadcrumb"},"inLanguage":"de","potentialAction":[{"@type":"ReadAction","target":["https:\/\/www.organisator.ch\/management\/it\/2017-06-29\/schweizer-erp-und-crm-spezialisten-gruenden-joint-venture\/"]}]},{"@type":"ImageObject","inLanguage":"de","@id":"https:\/\/www.organisator.ch\/management\/it\/2017-06-29\/schweizer-erp-und-crm-spezialisten-gruenden-joint-venture\/#primaryimage","url":"https:\/\/www.organisator.ch\/wp-content\/uploads\/2017\/06\/Schweizer-ERP-und-CRM-Spezialisten-gruenden-Joint-Venture_Organisator.jpg","contentUrl":"https:\/\/www.organisator.ch\/wp-content\/uploads\/2017\/06\/Schweizer-ERP-und-CRM-Spezialisten-gruenden-Joint-Venture_Organisator.jpg","width":307,"height":221,"caption":"Von links nach rechts: Thierry Walt (CEO Ambit AG), Mujinga Kambundji, Beat Sengstag (CEO WIKA Systems). (Foto: PD)"},{"@type":"BreadcrumbList","@id":"https:\/\/www.organisator.ch\/management\/it\/2017-06-29\/schweizer-erp-und-crm-spezialisten-gruenden-joint-venture\/#breadcrumb","itemListElement":[{"@type":"ListItem","position":1,"name":"Home","item":"https:\/\/www.organisator.ch\/"},{"@type":"ListItem","position":2,"name":"Schweizer ERP und CRM Spezialisten gr\u00fcnden Joint Venture"}]},{"@type":"WebSite","@id":"https:\/\/www.organisator.ch\/#website","url":"https:\/\/www.organisator.ch\/","name":"Organisator","description":"Kompetent. Praxisnah. Der ORGANISATOR bereitet in 10 Ausgaben pro Jahr die wesentlichen Themen f\u00fcr F\u00fchrungskr\u00e4fte von KMU auf.","publisher":{"@id":"https:\/\/www.organisator.ch\/#organization"},"potentialAction":[{"@type":"SearchAction","target":{"@type":"EntryPoint","urlTemplate":"https:\/\/www.organisator.ch\/?s={search_term_string}"},"query-input":{"@type":"PropertyValueSpecification","valueRequired":true,"valueName":"search_term_string"}}],"inLanguage":"de"},{"@type":"Organization","@id":"https:\/\/www.organisator.ch\/#organization","name":"Organisator","url":"https:\/\/www.organisator.ch\/","logo":{"@type":"ImageObject","inLanguage":"de","@id":"https:\/\/www.organisator.ch\/#\/schema\/logo\/image\/","url":"https:\/\/www.organisator.ch\/wp-content\/uploads\/2022\/01\/Logo_Organisator_Website.png","contentUrl":"https:\/\/www.organisator.ch\/wp-content\/uploads\/2022\/01\/Logo_Organisator_Website.png","width":800,"height":77,"caption":"Organisator"},"image":{"@id":"https:\/\/www.organisator.ch\/#\/schema\/logo\/image\/"},"sameAs":["https:\/\/www.facebook.com\/OrganisatorFachmagazin","https:\/\/www.linkedin.com\/showcase\/organisator-das-magazin-fr-kmu","https:\/\/www.xing.com\/news\/pages\/organisator-ch-695","https:\/\/www.youtube.com\/channel\/UCGP2Sq0iWaZwT3BdIAQFYpw"]},{"@type":"Person","@id":"https:\/\/www.organisator.ch\/#\/schema\/person\/6f650f90b2842cd4c0cc334b4e36f67e","name":"thomas.berner","image":{"@type":"ImageObject","inLanguage":"de","@id":"https:\/\/secure.gravatar.com\/avatar\/ac5001d2a36cb6c6cd3e50789007ffca834b477b74a2144564522e944eabff61?s=96&d=mm&r=g","url":"https:\/\/secure.gravatar.com\/avatar\/ac5001d2a36cb6c6cd3e50789007ffca834b477b74a2144564522e944eabff61?s=96&d=mm&r=g","contentUrl":"https:\/\/secure.gravatar.com\/avatar\/ac5001d2a36cb6c6cd3e50789007ffca834b477b74a2144564522e944eabff61?s=96&d=mm&r=g","caption":"thomas.berner"},"url":"https:\/\/www.organisator.ch\/de\/author\/thomas-berner\/"}]}},"_links":{"self":[{"href":"https:\/\/www.organisator.ch\/de\/wp-json\/wp\/v2\/posts\/2119","targetHints":{"allow":["GET"]}}],"collection":[{"href":"https:\/\/www.organisator.ch\/de\/wp-json\/wp\/v2\/posts"}],"about":[{"href":"https:\/\/www.organisator.ch\/de\/wp-json\/wp\/v2\/types\/post"}],"author":[{"embeddable":true,"href":"https:\/\/www.organisator.ch\/de\/wp-json\/wp\/v2\/users\/4"}],"replies":[{"embeddable":true,"href":"https:\/\/www.organisator.ch\/de\/wp-json\/wp\/v2\/comments?post=2119"}],"version-history":[{"count":0,"href":"https:\/\/www.organisator.ch\/de\/wp-json\/wp\/v2\/posts\/2119\/revisions"}],"wp:featuredmedia":[{"embeddable":true,"href":"https:\/\/www.organisator.ch\/de\/wp-json\/wp\/v2\/media\/2120"}],"wp:attachment":[{"href":"https:\/\/www.organisator.ch\/de\/wp-json\/wp\/v2\/media?parent=2119"}],"wp:term":[{"taxonomy":"category","embeddable":true,"href":"https:\/\/www.organisator.ch\/de\/wp-json\/wp\/v2\/categories?post=2119"},{"taxonomy":"post_tag","embeddable":true,"href":"https:\/\/www.organisator.ch\/de\/wp-json\/wp\/v2\/tags?post=2119"}],"curies":[{"name":"wp","href":"https:\/\/api.w.org\/{rel}","templated":true}]}}