{"id":21206,"date":"2023-08-21T20:28:46","date_gmt":"2023-08-21T18:28:46","guid":{"rendered":"https:\/\/www.organisator.ch\/de\/?p=21206"},"modified":"2023-08-10T16:35:24","modified_gmt":"2023-08-10T14:35:24","slug":"co-leadership-in-der-praxis-canon-macht-es-vor","status":"publish","type":"post","link":"https:\/\/www.organisator.ch\/de\/management\/2023-08-21\/co-leadership-in-der-praxis-canon-macht-es-vor\/","title":{"rendered":"Co-Leadership in der Praxis: Canon macht es vor"},"content":{"rendered":"<div class=\"swpm-post-not-logged-in-msg\">You need to be logged in to view this content. Bitte <a class=\"swpm-login-link\" href=\"https:\/\/www.organisator.ch\/login\/\">Log In<\/a>. Kein Mitglied? <a href=\"https:\/\/www.organisator.ch\/shop\/\">Werden Sie Mitglied bei uns<\/a><\/div>","protected":false},"excerpt":{"rendered":"<p>Nadja Mauchle und Ralph Schmid leben bei Canon Schweiz das Modell des Co-Leaderships. Im Gespr&#xE4;ch erl&#xE4;utern sie die Erfolgsrezepte hinter diesem Modell und streichen dessen Vorz&#xFC;ge hervor. Ein Beispiel, das mit der passenden Unternehmenskultur auch woanders Schule machen k&#xF6;nnte.<\/p>\n","protected":false},"author":1,"featured_media":21205,"comment_status":"closed","ping_status":"closed","sticky":false,"template":"","format":"standard","meta":{"_acf_changed":false,"_yoast_wpseo_focuskw":"Co-Leadership","_yoast_wpseo_metadesc":"Nadja Mauchle und Ralph Schmid leben bei Canon Schweiz das Modell des Co-Leaderships. Im Gespr\u00e4ch erl\u00e4utern sie die Erfolgsrezepte dahinter.","articlekey":"54005","footnotes":""},"categories":[578,28],"tags":[320,335,492],"class_list":["post-21206","post","type-post","status-publish","format-standard","has-post-thumbnail","hentry","category-abo","category-management","tag-leadership","tag-management-und-unternehmensfuehrung","tag-unternehmen"],"acf":[],"yoast_head":"<!-- This site is optimized with the Yoast SEO plugin v27.5 - https:\/\/yoast.com\/product\/yoast-seo-wordpress\/ -->\n<title>Co-Leadership in der Praxis: Canon macht es vor - Organisator<\/title>\n<meta name=\"description\" content=\"Nadja Mauchle und Ralph Schmid leben bei Canon Schweiz das Modell des Co-Leaderships. Im Gespr\u00e4ch erl\u00e4utern sie die Erfolgsrezepte dahinter.\" \/>\n<meta name=\"robots\" content=\"index, follow, max-snippet:-1, max-image-preview:large, max-video-preview:-1\" \/>\n<link rel=\"canonical\" href=\"https:\/\/www.organisator.ch\/de\/management\/2023-08-21\/co-leadership-in-der-praxis-canon-macht-es-vor\/\" \/>\n<meta property=\"og:locale\" content=\"de_DE\" \/>\n<meta property=\"og:type\" content=\"article\" \/>\n<meta property=\"og:title\" content=\"Co-Leadership in der Praxis: Canon macht es vor - Organisator\" \/>\n<meta property=\"og:description\" content=\"Nadja Mauchle und Ralph Schmid leben bei Canon Schweiz das Modell des Co-Leaderships. Im Gespr\u00e4ch erl\u00e4utern sie die Erfolgsrezepte dahinter.\" \/>\n<meta property=\"og:url\" content=\"https:\/\/www.organisator.ch\/de\/management\/2023-08-21\/co-leadership-in-der-praxis-canon-macht-es-vor\/\" \/>\n<meta property=\"og:site_name\" content=\"Organisator\" \/>\n<meta property=\"article:publisher\" content=\"https:\/\/www.facebook.com\/OrganisatorFachmagazin\" \/>\n<meta property=\"article:published_time\" content=\"2023-08-21T18:28:46+00:00\" \/>\n<meta property=\"og:image\" content=\"https:\/\/www.organisator.ch\/wp-content\/uploads\/2023\/08\/Management_Co-Leadership_Bild_NEU_organisator_57658-scaled.jpg\" \/>\n\t<meta property=\"og:image:width\" content=\"1400\" \/>\n\t<meta property=\"og:image:height\" content=\"1341\" \/>\n\t<meta property=\"og:image:type\" content=\"image\/jpeg\" \/>\n<meta name=\"author\" content=\"admin\" \/>\n<meta name=\"twitter:card\" content=\"summary_large_image\" \/>\n<script type=\"application\/ld+json\" class=\"yoast-schema-graph\">{\"@context\":\"https:\\\/\\\/schema.org\",\"@graph\":[{\"@type\":\"Article\",\"@id\":\"https:\\\/\\\/www.organisator.ch\\\/management\\\/2023-08-21\\\/co-leadership-in-der-praxis-canon-macht-es-vor\\\/#article\",\"isPartOf\":{\"@id\":\"https:\\\/\\\/www.organisator.ch\\\/management\\\/2023-08-21\\\/co-leadership-in-der-praxis-canon-macht-es-vor\\\/\"},\"author\":{\"name\":\"admin\",\"@id\":\"https:\\\/\\\/www.organisator.ch\\\/#\\\/schema\\\/person\\\/aa2bace6c5c5aad60102004a50c4eb1c\"},\"headline\":\"Co-Leadership in der Praxis: Canon macht es vor\",\"datePublished\":\"2023-08-21T18:28:46+00:00\",\"mainEntityOfPage\":{\"@id\":\"https:\\\/\\\/www.organisator.ch\\\/management\\\/2023-08-21\\\/co-leadership-in-der-praxis-canon-macht-es-vor\\\/\"},\"wordCount\":1236,\"publisher\":{\"@id\":\"https:\\\/\\\/www.organisator.ch\\\/#organization\"},\"image\":{\"@id\":\"https:\\\/\\\/www.organisator.ch\\\/management\\\/2023-08-21\\\/co-leadership-in-der-praxis-canon-macht-es-vor\\\/#primaryimage\"},\"thumbnailUrl\":\"https:\\\/\\\/www.organisator.ch\\\/wp-content\\\/uploads\\\/2023\\\/08\\\/Management_Co-Leadership_Bild_NEU_organisator_57658-scaled.jpg\",\"keywords\":[\"Leadership\",\"Management und Unternehmensf\u00fchrung\",\"Unternehmen\"],\"articleSection\":[\"ABO+\",\"MANAGEMENT\"],\"inLanguage\":\"de\"},{\"@type\":\"WebPage\",\"@id\":\"https:\\\/\\\/www.organisator.ch\\\/management\\\/2023-08-21\\\/co-leadership-in-der-praxis-canon-macht-es-vor\\\/\",\"url\":\"https:\\\/\\\/www.organisator.ch\\\/management\\\/2023-08-21\\\/co-leadership-in-der-praxis-canon-macht-es-vor\\\/\",\"name\":\"Co-Leadership in der Praxis: Canon macht es vor - Organisator\",\"isPartOf\":{\"@id\":\"https:\\\/\\\/www.organisator.ch\\\/#website\"},\"primaryImageOfPage\":{\"@id\":\"https:\\\/\\\/www.organisator.ch\\\/management\\\/2023-08-21\\\/co-leadership-in-der-praxis-canon-macht-es-vor\\\/#primaryimage\"},\"image\":{\"@id\":\"https:\\\/\\\/www.organisator.ch\\\/management\\\/2023-08-21\\\/co-leadership-in-der-praxis-canon-macht-es-vor\\\/#primaryimage\"},\"thumbnailUrl\":\"https:\\\/\\\/www.organisator.ch\\\/wp-content\\\/uploads\\\/2023\\\/08\\\/Management_Co-Leadership_Bild_NEU_organisator_57658-scaled.jpg\",\"datePublished\":\"2023-08-21T18:28:46+00:00\",\"description\":\"Nadja Mauchle und Ralph Schmid leben bei Canon Schweiz das Modell des Co-Leaderships. Im Gespr\u00e4ch erl\u00e4utern sie die Erfolgsrezepte dahinter.\",\"breadcrumb\":{\"@id\":\"https:\\\/\\\/www.organisator.ch\\\/management\\\/2023-08-21\\\/co-leadership-in-der-praxis-canon-macht-es-vor\\\/#breadcrumb\"},\"inLanguage\":\"de\",\"potentialAction\":[{\"@type\":\"ReadAction\",\"target\":[\"https:\\\/\\\/www.organisator.ch\\\/management\\\/2023-08-21\\\/co-leadership-in-der-praxis-canon-macht-es-vor\\\/\"]}]},{\"@type\":\"ImageObject\",\"inLanguage\":\"de\",\"@id\":\"https:\\\/\\\/www.organisator.ch\\\/management\\\/2023-08-21\\\/co-leadership-in-der-praxis-canon-macht-es-vor\\\/#primaryimage\",\"url\":\"https:\\\/\\\/www.organisator.ch\\\/wp-content\\\/uploads\\\/2023\\\/08\\\/Management_Co-Leadership_Bild_NEU_organisator_57658-scaled.jpg\",\"contentUrl\":\"https:\\\/\\\/www.organisator.ch\\\/wp-content\\\/uploads\\\/2023\\\/08\\\/Management_Co-Leadership_Bild_NEU_organisator_57658-scaled.jpg\",\"width\":1400,\"height\":1341,\"caption\":\"Nadja Mauchle ist mit einer kurzen Unterbrechung seit zehn Jahren f\u00fcr Canon Schweiz t\u00e4tig und hatte in dieser Zeit verschiedene Funktionen im Sales und Marketing inne. Ralph Schmid bringt sein Know-how seit 2016 im Bereich der Unternehmenskommunikation sowie im Produkt-, Content- und Videomarketing ein. Seit zweieinhalb Jahren f\u00fchren sie gemeinsam die Abteilung Marketing und Corporate Communications. \u00a9 Canon \\\/ Wasinger Media\"},{\"@type\":\"BreadcrumbList\",\"@id\":\"https:\\\/\\\/www.organisator.ch\\\/management\\\/2023-08-21\\\/co-leadership-in-der-praxis-canon-macht-es-vor\\\/#breadcrumb\",\"itemListElement\":[{\"@type\":\"ListItem\",\"position\":1,\"name\":\"Home\",\"item\":\"https:\\\/\\\/www.organisator.ch\\\/\"},{\"@type\":\"ListItem\",\"position\":2,\"name\":\"Co-Leadership in der Praxis: Canon macht es vor\"}]},{\"@type\":\"WebSite\",\"@id\":\"https:\\\/\\\/www.organisator.ch\\\/#website\",\"url\":\"https:\\\/\\\/www.organisator.ch\\\/\",\"name\":\"Organisator\",\"description\":\"Kompetent. Praxisnah. Der ORGANISATOR bereitet in 10 Ausgaben pro Jahr die wesentlichen Themen f\u00fcr F\u00fchrungskr\u00e4fte von KMU auf.\",\"publisher\":{\"@id\":\"https:\\\/\\\/www.organisator.ch\\\/#organization\"},\"potentialAction\":[{\"@type\":\"SearchAction\",\"target\":{\"@type\":\"EntryPoint\",\"urlTemplate\":\"https:\\\/\\\/www.organisator.ch\\\/?s={search_term_string}\"},\"query-input\":{\"@type\":\"PropertyValueSpecification\",\"valueRequired\":true,\"valueName\":\"search_term_string\"}}],\"inLanguage\":\"de\"},{\"@type\":\"Organization\",\"@id\":\"https:\\\/\\\/www.organisator.ch\\\/#organization\",\"name\":\"Organisator\",\"url\":\"https:\\\/\\\/www.organisator.ch\\\/\",\"logo\":{\"@type\":\"ImageObject\",\"inLanguage\":\"de\",\"@id\":\"https:\\\/\\\/www.organisator.ch\\\/#\\\/schema\\\/logo\\\/image\\\/\",\"url\":\"https:\\\/\\\/www.organisator.ch\\\/wp-content\\\/uploads\\\/2022\\\/01\\\/Logo_Organisator_Website.png\",\"contentUrl\":\"https:\\\/\\\/www.organisator.ch\\\/wp-content\\\/uploads\\\/2022\\\/01\\\/Logo_Organisator_Website.png\",\"width\":800,\"height\":77,\"caption\":\"Organisator\"},\"image\":{\"@id\":\"https:\\\/\\\/www.organisator.ch\\\/#\\\/schema\\\/logo\\\/image\\\/\"},\"sameAs\":[\"https:\\\/\\\/www.facebook.com\\\/OrganisatorFachmagazin\",\"https:\\\/\\\/www.linkedin.com\\\/showcase\\\/organisator-das-magazin-fr-kmu\",\"https:\\\/\\\/www.xing.com\\\/news\\\/pages\\\/organisator-ch-695\",\"https:\\\/\\\/www.youtube.com\\\/channel\\\/UCGP2Sq0iWaZwT3BdIAQFYpw\"]},{\"@type\":\"Person\",\"@id\":\"https:\\\/\\\/www.organisator.ch\\\/#\\\/schema\\\/person\\\/aa2bace6c5c5aad60102004a50c4eb1c\",\"name\":\"admin\",\"image\":{\"@type\":\"ImageObject\",\"inLanguage\":\"de\",\"@id\":\"https:\\\/\\\/secure.gravatar.com\\\/avatar\\\/ae2f4d718e6c49043e314ce431e7e645d646302a24a5ef5a8bc8e3f5a032e319?s=96&d=mm&r=g\",\"url\":\"https:\\\/\\\/secure.gravatar.com\\\/avatar\\\/ae2f4d718e6c49043e314ce431e7e645d646302a24a5ef5a8bc8e3f5a032e319?s=96&d=mm&r=g\",\"contentUrl\":\"https:\\\/\\\/secure.gravatar.com\\\/avatar\\\/ae2f4d718e6c49043e314ce431e7e645d646302a24a5ef5a8bc8e3f5a032e319?s=96&d=mm&r=g\",\"caption\":\"admin\"},\"sameAs\":[\"https:\\\/\\\/www.organisator.ch\"],\"url\":\"https:\\\/\\\/www.organisator.ch\\\/de\\\/author\\\/admin\\\/\"}]}<\/script>\n<!-- \/ Yoast SEO plugin. -->","yoast_head_json":{"title":"Co-Leadership in der Praxis: Canon macht es vor - Organisator","description":"Nadja Mauchle und Ralph Schmid leben bei Canon Schweiz das Modell des Co-Leaderships. Im Gespr\u00e4ch erl\u00e4utern sie die Erfolgsrezepte dahinter.","robots":{"index":"index","follow":"follow","max-snippet":"max-snippet:-1","max-image-preview":"max-image-preview:large","max-video-preview":"max-video-preview:-1"},"canonical":"https:\/\/www.organisator.ch\/de\/management\/2023-08-21\/co-leadership-in-der-praxis-canon-macht-es-vor\/","og_locale":"de_DE","og_type":"article","og_title":"Co-Leadership in der Praxis: Canon macht es vor - Organisator","og_description":"Nadja Mauchle und Ralph Schmid leben bei Canon Schweiz das Modell des Co-Leaderships. Im Gespr\u00e4ch erl\u00e4utern sie die Erfolgsrezepte dahinter.","og_url":"https:\/\/www.organisator.ch\/de\/management\/2023-08-21\/co-leadership-in-der-praxis-canon-macht-es-vor\/","og_site_name":"Organisator","article_publisher":"https:\/\/www.facebook.com\/OrganisatorFachmagazin","article_published_time":"2023-08-21T18:28:46+00:00","og_image":[{"width":1400,"height":1341,"url":"https:\/\/www.organisator.ch\/wp-content\/uploads\/2023\/08\/Management_Co-Leadership_Bild_NEU_organisator_57658-scaled.jpg","type":"image\/jpeg"}],"author":"admin","twitter_card":"summary_large_image","schema":{"@context":"https:\/\/schema.org","@graph":[{"@type":"Article","@id":"https:\/\/www.organisator.ch\/management\/2023-08-21\/co-leadership-in-der-praxis-canon-macht-es-vor\/#article","isPartOf":{"@id":"https:\/\/www.organisator.ch\/management\/2023-08-21\/co-leadership-in-der-praxis-canon-macht-es-vor\/"},"author":{"name":"admin","@id":"https:\/\/www.organisator.ch\/#\/schema\/person\/aa2bace6c5c5aad60102004a50c4eb1c"},"headline":"Co-Leadership in der Praxis: Canon macht es vor","datePublished":"2023-08-21T18:28:46+00:00","mainEntityOfPage":{"@id":"https:\/\/www.organisator.ch\/management\/2023-08-21\/co-leadership-in-der-praxis-canon-macht-es-vor\/"},"wordCount":1236,"publisher":{"@id":"https:\/\/www.organisator.ch\/#organization"},"image":{"@id":"https:\/\/www.organisator.ch\/management\/2023-08-21\/co-leadership-in-der-praxis-canon-macht-es-vor\/#primaryimage"},"thumbnailUrl":"https:\/\/www.organisator.ch\/wp-content\/uploads\/2023\/08\/Management_Co-Leadership_Bild_NEU_organisator_57658-scaled.jpg","keywords":["Leadership","Management und Unternehmensf\u00fchrung","Unternehmen"],"articleSection":["ABO+","MANAGEMENT"],"inLanguage":"de"},{"@type":"WebPage","@id":"https:\/\/www.organisator.ch\/management\/2023-08-21\/co-leadership-in-der-praxis-canon-macht-es-vor\/","url":"https:\/\/www.organisator.ch\/management\/2023-08-21\/co-leadership-in-der-praxis-canon-macht-es-vor\/","name":"Co-Leadership in der Praxis: Canon macht es vor - Organisator","isPartOf":{"@id":"https:\/\/www.organisator.ch\/#website"},"primaryImageOfPage":{"@id":"https:\/\/www.organisator.ch\/management\/2023-08-21\/co-leadership-in-der-praxis-canon-macht-es-vor\/#primaryimage"},"image":{"@id":"https:\/\/www.organisator.ch\/management\/2023-08-21\/co-leadership-in-der-praxis-canon-macht-es-vor\/#primaryimage"},"thumbnailUrl":"https:\/\/www.organisator.ch\/wp-content\/uploads\/2023\/08\/Management_Co-Leadership_Bild_NEU_organisator_57658-scaled.jpg","datePublished":"2023-08-21T18:28:46+00:00","description":"Nadja Mauchle und Ralph Schmid leben bei Canon Schweiz das Modell des Co-Leaderships. Im Gespr\u00e4ch erl\u00e4utern sie die Erfolgsrezepte dahinter.","breadcrumb":{"@id":"https:\/\/www.organisator.ch\/management\/2023-08-21\/co-leadership-in-der-praxis-canon-macht-es-vor\/#breadcrumb"},"inLanguage":"de","potentialAction":[{"@type":"ReadAction","target":["https:\/\/www.organisator.ch\/management\/2023-08-21\/co-leadership-in-der-praxis-canon-macht-es-vor\/"]}]},{"@type":"ImageObject","inLanguage":"de","@id":"https:\/\/www.organisator.ch\/management\/2023-08-21\/co-leadership-in-der-praxis-canon-macht-es-vor\/#primaryimage","url":"https:\/\/www.organisator.ch\/wp-content\/uploads\/2023\/08\/Management_Co-Leadership_Bild_NEU_organisator_57658-scaled.jpg","contentUrl":"https:\/\/www.organisator.ch\/wp-content\/uploads\/2023\/08\/Management_Co-Leadership_Bild_NEU_organisator_57658-scaled.jpg","width":1400,"height":1341,"caption":"Nadja Mauchle ist mit einer kurzen Unterbrechung seit zehn Jahren f\u00fcr Canon Schweiz t\u00e4tig und hatte in dieser Zeit verschiedene Funktionen im Sales und Marketing inne. Ralph Schmid bringt sein Know-how seit 2016 im Bereich der Unternehmenskommunikation sowie im Produkt-, Content- und Videomarketing ein. Seit zweieinhalb Jahren f\u00fchren sie gemeinsam die Abteilung Marketing und Corporate Communications. \u00a9 Canon \/ Wasinger Media"},{"@type":"BreadcrumbList","@id":"https:\/\/www.organisator.ch\/management\/2023-08-21\/co-leadership-in-der-praxis-canon-macht-es-vor\/#breadcrumb","itemListElement":[{"@type":"ListItem","position":1,"name":"Home","item":"https:\/\/www.organisator.ch\/"},{"@type":"ListItem","position":2,"name":"Co-Leadership in der Praxis: Canon macht es vor"}]},{"@type":"WebSite","@id":"https:\/\/www.organisator.ch\/#website","url":"https:\/\/www.organisator.ch\/","name":"Organisator","description":"Kompetent. Praxisnah. Der ORGANISATOR bereitet in 10 Ausgaben pro Jahr die wesentlichen Themen f\u00fcr F\u00fchrungskr\u00e4fte von KMU auf.","publisher":{"@id":"https:\/\/www.organisator.ch\/#organization"},"potentialAction":[{"@type":"SearchAction","target":{"@type":"EntryPoint","urlTemplate":"https:\/\/www.organisator.ch\/?s={search_term_string}"},"query-input":{"@type":"PropertyValueSpecification","valueRequired":true,"valueName":"search_term_string"}}],"inLanguage":"de"},{"@type":"Organization","@id":"https:\/\/www.organisator.ch\/#organization","name":"Organisator","url":"https:\/\/www.organisator.ch\/","logo":{"@type":"ImageObject","inLanguage":"de","@id":"https:\/\/www.organisator.ch\/#\/schema\/logo\/image\/","url":"https:\/\/www.organisator.ch\/wp-content\/uploads\/2022\/01\/Logo_Organisator_Website.png","contentUrl":"https:\/\/www.organisator.ch\/wp-content\/uploads\/2022\/01\/Logo_Organisator_Website.png","width":800,"height":77,"caption":"Organisator"},"image":{"@id":"https:\/\/www.organisator.ch\/#\/schema\/logo\/image\/"},"sameAs":["https:\/\/www.facebook.com\/OrganisatorFachmagazin","https:\/\/www.linkedin.com\/showcase\/organisator-das-magazin-fr-kmu","https:\/\/www.xing.com\/news\/pages\/organisator-ch-695","https:\/\/www.youtube.com\/channel\/UCGP2Sq0iWaZwT3BdIAQFYpw"]},{"@type":"Person","@id":"https:\/\/www.organisator.ch\/#\/schema\/person\/aa2bace6c5c5aad60102004a50c4eb1c","name":"admin","image":{"@type":"ImageObject","inLanguage":"de","@id":"https:\/\/secure.gravatar.com\/avatar\/ae2f4d718e6c49043e314ce431e7e645d646302a24a5ef5a8bc8e3f5a032e319?s=96&d=mm&r=g","url":"https:\/\/secure.gravatar.com\/avatar\/ae2f4d718e6c49043e314ce431e7e645d646302a24a5ef5a8bc8e3f5a032e319?s=96&d=mm&r=g","contentUrl":"https:\/\/secure.gravatar.com\/avatar\/ae2f4d718e6c49043e314ce431e7e645d646302a24a5ef5a8bc8e3f5a032e319?s=96&d=mm&r=g","caption":"admin"},"sameAs":["https:\/\/www.organisator.ch"],"url":"https:\/\/www.organisator.ch\/de\/author\/admin\/"}]}},"_links":{"self":[{"href":"https:\/\/www.organisator.ch\/de\/wp-json\/wp\/v2\/posts\/21206","targetHints":{"allow":["GET"]}}],"collection":[{"href":"https:\/\/www.organisator.ch\/de\/wp-json\/wp\/v2\/posts"}],"about":[{"href":"https:\/\/www.organisator.ch\/de\/wp-json\/wp\/v2\/types\/post"}],"author":[{"embeddable":true,"href":"https:\/\/www.organisator.ch\/de\/wp-json\/wp\/v2\/users\/1"}],"replies":[{"embeddable":true,"href":"https:\/\/www.organisator.ch\/de\/wp-json\/wp\/v2\/comments?post=21206"}],"version-history":[{"count":2,"href":"https:\/\/www.organisator.ch\/de\/wp-json\/wp\/v2\/posts\/21206\/revisions"}],"predecessor-version":[{"id":21308,"href":"https:\/\/www.organisator.ch\/de\/wp-json\/wp\/v2\/posts\/21206\/revisions\/21308"}],"wp:featuredmedia":[{"embeddable":true,"href":"https:\/\/www.organisator.ch\/de\/wp-json\/wp\/v2\/media\/21205"}],"wp:attachment":[{"href":"https:\/\/www.organisator.ch\/de\/wp-json\/wp\/v2\/media?parent=21206"}],"wp:term":[{"taxonomy":"category","embeddable":true,"href":"https:\/\/www.organisator.ch\/de\/wp-json\/wp\/v2\/categories?post=21206"},{"taxonomy":"post_tag","embeddable":true,"href":"https:\/\/www.organisator.ch\/de\/wp-json\/wp\/v2\/tags?post=21206"}],"curies":[{"name":"wp","href":"https:\/\/api.w.org\/{rel}","templated":true}]}}