{"id":21315,"date":"2023-08-10T16:09:40","date_gmt":"2023-08-10T14:09:40","guid":{"rendered":"https:\/\/www.werbewoche.ch\/?p=201111"},"modified":"2024-11-14T13:54:25","modified_gmt":"2024-11-14T12:54:25","slug":"dei-so-schneidet-die-schweizer-branche-im-internationalen-vergleich-ab","status":"publish","type":"post","link":"https:\/\/www.organisator.ch\/de\/marketing\/2023-08-10\/dei-so-schneidet-die-schweizer-branche-im-internationalen-vergleich-ab\/","title":{"rendered":"DEI: So schneidet die Schweizer Branche im internationalen Vergleich ab"},"content":{"rendered":"<p><img class=\"aligncenter wp-image-201117 size-full\" src=\"https:\/\/www.werbewoche.ch\/wp-content\/uploads\/2023\/08\/global-dei-census-2023-switzerland-1.jpg\" alt=\"DEI-Studie\" width=\"1200\" height=\"900\" \/><\/p>\r\n<p>Die Studie wurde in diesem Fr\u00fchjahr in 91 L\u00e4ndern mit rund 13\u2019000 Personen durchgef\u00fchrt \u2013 davon 224 aus der Schweiz. Insgesamt haben mehr Frauen (63% weltweit, 57% in der Schweiz) als M\u00e4nner (37% weltweit, 43% in der Schweiz) teilgenommen. Dies deutet darauf hin, dass das Thema DEI \u2013 kurz f\u00fcr Diversity, Equality and Inclusion \u2013 f\u00fcr Frauen eine h\u00f6here Relevanz haben k\u00f6nnte.<\/p>\r\n<h3><strong>DEI ist f\u00fcr fast jede siebte Person ein Grund zum Ausstieg<\/strong><\/h3>\r\n<p>Die Ergebnisse der Studie zeigen, dass weltweit rund 14 Prozent der befragten Marketingfachpersonen die Branche wegen mangelnder Vielfalt, Gleichberechtigung und Inklusion verlassen m\u00f6chten. In der Schweiz sind es rund 8 Prozent der Befragten, welche der Branche den R\u00fccken kehren m\u00f6chten. Dieser Anteil erh\u00f6ht sich bei Personen mit Behinderungen auf 11 Prozent \u2013 bei LGBQ+-Personen sind es sogar 17 Prozent.<\/p>\r\n<figure id=\"attachment_201115\" class=\"wp-caption aligncenter\" style=\"width: 1200px\" aria-describedby=\"caption-attachment-201115\"><img class=\"wp-image-201115 size-full\" src=\"https:\/\/www.werbewoche.ch\/wp-content\/uploads\/2023\/08\/global-dei-census-2023-switzerland-14.jpg\" alt=\"\" width=\"1200\" height=\"584\" \/>\r\n<figcaption id=\"caption-attachment-201115\" class=\"wp-caption-text\">(Grafiken: Global DEI Census Switzerland Market Report)<\/figcaption>\r\n<\/figure>\r\n<h3><strong>Schweizer Unternehmen machen punkto DEI Fortschritte<\/strong><\/h3>\r\n<p>Aufgrund der Antworten auf die Fragen in Bezug auf Wohlbefinden, positiver Verhaltensweisen und dem Fehlen von Diskriminierung liegt der globale DEI-Inklusionsindex weltweit bei 63 Prozent. Die Schweiz schliesst \u00fcberdurchschnittlich gut ab und liegt mit einem Index von 70 Prozent \u00fcber dem globalen Schnitt. Der Inklusionsindex setzt sich aus den drei Sub-Indizes \u00abZugeh\u00f6rigkeitsgef\u00fchl\u00bb, \u00abNichtvorhandensein von Diskriminierung\u00bb und \u00abVorhandensein von erniedrigendem Verhalten\u00bb zusammen, die aufgrund der Wahrnehmung der Mitarbeitenden in Bezug auf ihr Arbeitsumfeld und das Unternehmen basieren.<\/p>\r\n<p>Dabei stimmen 57 Prozent der befragten Schweizer Marketers mit der Aussage \u00fcberein, dass ihr Unternehmen aktive Schritte zu mehr Diversit\u00e4t und Gleichstellung unternimmt. 49 Prozent sind der Meinung, dass sich die Situation im Vergleich zu den letzten zwei Jahren in Bezug auf DEI verbessert hat.<\/p>\r\n<p><img class=\"aligncenter size-full wp-image-201114\" src=\"https:\/\/www.werbewoche.ch\/wp-content\/uploads\/2023\/08\/global-dei-census-2023-switzerland-13.jpg\" alt=\"\" width=\"1200\" height=\"320\" \/><\/p>\r\n<p>Gem\u00e4ss Studie sind in der Schweizer Werbebranche \u2013 im Vergleich zu den globalen Daten \u2013 alle Minderheitsgruppen relativ gut vertreten. Einzig die Personen mit Behinderung sind mit 6 Prozent, im Vergleich zu 22 Prozent im internationalen Durchschnitt, untervertreten.<\/p>\r\n<h3><strong>Die h\u00e4ufigsten Diskriminierungsgr\u00fcnde: Alter, Geschlecht und Familienstand<\/strong><\/h3>\r\n<p>In der Studie werden global Alter, Geschlecht und Familienstand als h\u00e4ufigste Formen der Diskriminierung genannt. 41 Prozent der Frauen, 42 Prozent der Eltern und 39 Prozent der unterhaltspflichtigen Personen sind der Ansicht, dass famili\u00e4re Verpflichtungen die Karriere behindern.<\/p>\r\n<p>Dabei ist besonders interessant zu erw\u00e4hnen, dass sowohl 12 Prozent der 18- bis 24-J\u00e4hrigen als auch 15 Prozent der 55- 64-J\u00e4hrigen angeben, Diskriminierungen aufgrund ihres Alters erfahren zu haben. Die einen, weil sie zu unerfahren sind, die anderen, weil sie zu alt sind.<\/p>\r\n<p>Ganz \u00e4hnlich verh\u00e4lt es sich in der Schweiz: 22 Prozent der Befragten finden, dass das Alter ein Hindernis ist. Diese Zahl steigt auf 28 Prozent bei den 44- bis 54-j\u00e4hrigen Befragten. Weiter glauben 44 Prozent derjenigen, die unterhaltsberechtigte Kinder haben, dass der Familienstand die Karriere in ihrem Unternehmen behindert.<\/p>\r\n<h3><strong>Signifikante Lohnunterscheide in der Schweiz<\/strong><\/h3>\r\n<p>Die Studie zeigt in der Schweiz ein betr\u00e4chtliches Lohngef\u00e4lle f\u00fcr Frauen auf allen Positionen auf: -22% auf Executive-Management-Stufe, -9% auf Senior-Stufe, betr\u00e4chtliche -32% auf der Stufe Fachpersonen und -2% auf Junior-Stufe.<\/p>\r\n<p><img class=\"aligncenter size-full wp-image-201116\" src=\"https:\/\/www.werbewoche.ch\/wp-content\/uploads\/2023\/08\/global-dei-census-2023-switzerland-19.jpg\" alt=\"\" width=\"1200\" height=\"582\" \/><\/p>\r\n<p>F\u00fcr ethnische Minderheiten besteht dieses Lohngef\u00e4lle nur auf den unteren Ebenen mit -25% auf Junior-Stufe. Eine m\u00f6gliche Begr\u00fcndung daf\u00fcr k\u00f6nnte sein, dass den zugezogenen Mitarbeitenden die Lohnstruktur nicht gen\u00fcgend bekannt ist. Auf den weiteren Funktionsstufen konnten keine entsprechende Unterschiede mehr ausgemacht werden.<\/p>\r\n<p><img class=\"aligncenter size-full wp-image-201112\" src=\"https:\/\/www.werbewoche.ch\/wp-content\/uploads\/2023\/08\/global-dei-census-2023-switzerland-21.jpg\" alt=\"\" width=\"1200\" height=\"637\" \/><\/p>\r\n<hr \/>\r\n<p><em>Interessierte k\u00f6nnen sich die gesamte Studie auf der SWA-Website herunterladen. Die internationalen Ergebnisse zu <strong>\u00abThe Global DEI Census 2023\u00bb<\/strong><\/em> <em>gibt es <a href=\"https:\/\/swa-asa.ch\/wAssets\/docs\/wissen\/de\/studien-reports\/wfa-the-global-dei-census-2023-main-findings.pdf\">hier<\/a>. Den \u00abDeep Dive\u00bb Schweiz gibt es <a href=\"https:\/\/swa-asa.ch\/wAssets\/docs\/wissen\/de\/studien-reports\/global-dei-census-2023-switzerland.pdf\">hier<\/a>.<\/em><\/p>","protected":false},"excerpt":{"rendered":"<p>Der \u00abGlobal DEI Census\u00bb der World Federation of Advertising WFA untersucht alle zwei Jahre, wo die internationale Werbebranche in Sachen Vielfalt, Gleichberechtigung und Inklusion steht. Der Schweizer Werbe-Auftraggeberverband SWA pr\u00e4sentiert die globalen und Schweizer Ergebnisse im Detail.<\/p>\n","protected":false},"author":8,"featured_media":0,"comment_status":"closed","ping_status":"closed","sticky":false,"template":"","format":"standard","meta":{"_acf_changed":false,"_yoast_wpseo_focuskw":"DEI-Studie","_yoast_wpseo_metadesc":"DEI-Studie 2023: Fortschritte in Schweizer Unternehmen und Herausforderungen f\u00fcr Diversity und Inklusion.","articlekey":"","footnotes":""},"categories":[29],"tags":[3872],"class_list":["post-21315","post","type-post","status-publish","format-standard","hentry","category-marketing","tag-schweizer-werbe-auftraggeberverband-swa"],"acf":[],"yoast_head":"<!-- This site is optimized with the Yoast SEO plugin v27.5 - https:\/\/yoast.com\/product\/yoast-seo-wordpress\/ -->\n<title>DEI: So schneidet die Schweizer Branche im internationalen Vergleich ab - Organisator<\/title>\n<meta name=\"description\" content=\"DEI-Studie 2023: Fortschritte in Schweizer Unternehmen und Herausforderungen f\u00fcr Diversity und Inklusion.\" \/>\n<meta name=\"robots\" content=\"index, follow, max-snippet:-1, max-image-preview:large, max-video-preview:-1\" \/>\n<link rel=\"canonical\" href=\"https:\/\/www.organisator.ch\/de\/marketing\/2023-08-10\/dei-so-schneidet-die-schweizer-branche-im-internationalen-vergleich-ab\/\" \/>\n<meta property=\"og:locale\" content=\"de_DE\" \/>\n<meta property=\"og:type\" content=\"article\" \/>\n<meta property=\"og:title\" content=\"DEI: So schneidet die Schweizer Branche im internationalen Vergleich ab - Organisator\" \/>\n<meta property=\"og:description\" content=\"DEI-Studie 2023: Fortschritte in Schweizer Unternehmen und Herausforderungen f\u00fcr Diversity und Inklusion.\" \/>\n<meta property=\"og:url\" content=\"https:\/\/www.organisator.ch\/de\/marketing\/2023-08-10\/dei-so-schneidet-die-schweizer-branche-im-internationalen-vergleich-ab\/\" \/>\n<meta property=\"og:site_name\" content=\"Organisator\" \/>\n<meta property=\"article:publisher\" content=\"https:\/\/www.facebook.com\/OrganisatorFachmagazin\" \/>\n<meta property=\"article:published_time\" content=\"2023-08-10T14:09:40+00:00\" \/>\n<meta property=\"article:modified_time\" content=\"2024-11-14T12:54:25+00:00\" \/>\n<meta name=\"author\" content=\"galledia\" \/>\n<meta name=\"twitter:card\" content=\"summary_large_image\" \/>\n<meta name=\"twitter:creator\" content=\"@admin\" \/>\n<script type=\"application\/ld+json\" class=\"yoast-schema-graph\">{\"@context\":\"https:\\\/\\\/schema.org\",\"@graph\":[{\"@type\":\"Article\",\"@id\":\"https:\\\/\\\/www.organisator.ch\\\/marketing\\\/2023-08-10\\\/dei-so-schneidet-die-schweizer-branche-im-internationalen-vergleich-ab\\\/#article\",\"isPartOf\":{\"@id\":\"https:\\\/\\\/www.organisator.ch\\\/marketing\\\/2023-08-10\\\/dei-so-schneidet-die-schweizer-branche-im-internationalen-vergleich-ab\\\/\"},\"author\":{\"name\":\"galledia\",\"@id\":\"https:\\\/\\\/www.organisator.ch\\\/#\\\/schema\\\/person\\\/4e51799071cd2dd1232ac003643ef5f0\"},\"headline\":\"DEI: So schneidet die Schweizer Branche im internationalen Vergleich ab\",\"datePublished\":\"2023-08-10T14:09:40+00:00\",\"dateModified\":\"2024-11-14T12:54:25+00:00\",\"mainEntityOfPage\":{\"@id\":\"https:\\\/\\\/www.organisator.ch\\\/marketing\\\/2023-08-10\\\/dei-so-schneidet-die-schweizer-branche-im-internationalen-vergleich-ab\\\/\"},\"wordCount\":565,\"publisher\":{\"@id\":\"https:\\\/\\\/www.organisator.ch\\\/#organization\"},\"image\":{\"@id\":\"https:\\\/\\\/www.organisator.ch\\\/marketing\\\/2023-08-10\\\/dei-so-schneidet-die-schweizer-branche-im-internationalen-vergleich-ab\\\/#primaryimage\"},\"thumbnailUrl\":\"https:\\\/\\\/www.werbewoche.ch\\\/wp-content\\\/uploads\\\/2023\\\/08\\\/global-dei-census-2023-switzerland-1.jpg\",\"keywords\":[\"Schweizer Werbe-Auftraggeberverband SWA\"],\"articleSection\":[\"MARKETING\"],\"inLanguage\":\"de\"},{\"@type\":\"WebPage\",\"@id\":\"https:\\\/\\\/www.organisator.ch\\\/marketing\\\/2023-08-10\\\/dei-so-schneidet-die-schweizer-branche-im-internationalen-vergleich-ab\\\/\",\"url\":\"https:\\\/\\\/www.organisator.ch\\\/marketing\\\/2023-08-10\\\/dei-so-schneidet-die-schweizer-branche-im-internationalen-vergleich-ab\\\/\",\"name\":\"DEI: So schneidet die Schweizer Branche im internationalen Vergleich ab - Organisator\",\"isPartOf\":{\"@id\":\"https:\\\/\\\/www.organisator.ch\\\/#website\"},\"primaryImageOfPage\":{\"@id\":\"https:\\\/\\\/www.organisator.ch\\\/marketing\\\/2023-08-10\\\/dei-so-schneidet-die-schweizer-branche-im-internationalen-vergleich-ab\\\/#primaryimage\"},\"image\":{\"@id\":\"https:\\\/\\\/www.organisator.ch\\\/marketing\\\/2023-08-10\\\/dei-so-schneidet-die-schweizer-branche-im-internationalen-vergleich-ab\\\/#primaryimage\"},\"thumbnailUrl\":\"https:\\\/\\\/www.werbewoche.ch\\\/wp-content\\\/uploads\\\/2023\\\/08\\\/global-dei-census-2023-switzerland-1.jpg\",\"datePublished\":\"2023-08-10T14:09:40+00:00\",\"dateModified\":\"2024-11-14T12:54:25+00:00\",\"description\":\"DEI-Studie 2023: Fortschritte in Schweizer Unternehmen und Herausforderungen f\u00fcr Diversity und Inklusion.\",\"breadcrumb\":{\"@id\":\"https:\\\/\\\/www.organisator.ch\\\/marketing\\\/2023-08-10\\\/dei-so-schneidet-die-schweizer-branche-im-internationalen-vergleich-ab\\\/#breadcrumb\"},\"inLanguage\":\"de\",\"potentialAction\":[{\"@type\":\"ReadAction\",\"target\":[\"https:\\\/\\\/www.organisator.ch\\\/marketing\\\/2023-08-10\\\/dei-so-schneidet-die-schweizer-branche-im-internationalen-vergleich-ab\\\/\"]}]},{\"@type\":\"ImageObject\",\"inLanguage\":\"de\",\"@id\":\"https:\\\/\\\/www.organisator.ch\\\/marketing\\\/2023-08-10\\\/dei-so-schneidet-die-schweizer-branche-im-internationalen-vergleich-ab\\\/#primaryimage\",\"url\":\"https:\\\/\\\/www.werbewoche.ch\\\/wp-content\\\/uploads\\\/2023\\\/08\\\/global-dei-census-2023-switzerland-1.jpg\",\"contentUrl\":\"https:\\\/\\\/www.werbewoche.ch\\\/wp-content\\\/uploads\\\/2023\\\/08\\\/global-dei-census-2023-switzerland-1.jpg\"},{\"@type\":\"BreadcrumbList\",\"@id\":\"https:\\\/\\\/www.organisator.ch\\\/marketing\\\/2023-08-10\\\/dei-so-schneidet-die-schweizer-branche-im-internationalen-vergleich-ab\\\/#breadcrumb\",\"itemListElement\":[{\"@type\":\"ListItem\",\"position\":1,\"name\":\"Home\",\"item\":\"https:\\\/\\\/www.organisator.ch\\\/\"},{\"@type\":\"ListItem\",\"position\":2,\"name\":\"DEI: So schneidet die Schweizer Branche im internationalen Vergleich ab\"}]},{\"@type\":\"WebSite\",\"@id\":\"https:\\\/\\\/www.organisator.ch\\\/#website\",\"url\":\"https:\\\/\\\/www.organisator.ch\\\/\",\"name\":\"Organisator\",\"description\":\"Kompetent. Praxisnah. Der ORGANISATOR bereitet in 10 Ausgaben pro Jahr die wesentlichen Themen f\u00fcr F\u00fchrungskr\u00e4fte von KMU auf.\",\"publisher\":{\"@id\":\"https:\\\/\\\/www.organisator.ch\\\/#organization\"},\"potentialAction\":[{\"@type\":\"SearchAction\",\"target\":{\"@type\":\"EntryPoint\",\"urlTemplate\":\"https:\\\/\\\/www.organisator.ch\\\/?s={search_term_string}\"},\"query-input\":{\"@type\":\"PropertyValueSpecification\",\"valueRequired\":true,\"valueName\":\"search_term_string\"}}],\"inLanguage\":\"de\"},{\"@type\":\"Organization\",\"@id\":\"https:\\\/\\\/www.organisator.ch\\\/#organization\",\"name\":\"Organisator\",\"url\":\"https:\\\/\\\/www.organisator.ch\\\/\",\"logo\":{\"@type\":\"ImageObject\",\"inLanguage\":\"de\",\"@id\":\"https:\\\/\\\/www.organisator.ch\\\/#\\\/schema\\\/logo\\\/image\\\/\",\"url\":\"https:\\\/\\\/www.organisator.ch\\\/wp-content\\\/uploads\\\/2022\\\/01\\\/Logo_Organisator_Website.png\",\"contentUrl\":\"https:\\\/\\\/www.organisator.ch\\\/wp-content\\\/uploads\\\/2022\\\/01\\\/Logo_Organisator_Website.png\",\"width\":800,\"height\":77,\"caption\":\"Organisator\"},\"image\":{\"@id\":\"https:\\\/\\\/www.organisator.ch\\\/#\\\/schema\\\/logo\\\/image\\\/\"},\"sameAs\":[\"https:\\\/\\\/www.facebook.com\\\/OrganisatorFachmagazin\",\"https:\\\/\\\/www.linkedin.com\\\/showcase\\\/organisator-das-magazin-fr-kmu\",\"https:\\\/\\\/www.xing.com\\\/news\\\/pages\\\/organisator-ch-695\",\"https:\\\/\\\/www.youtube.com\\\/channel\\\/UCGP2Sq0iWaZwT3BdIAQFYpw\"]},{\"@type\":\"Person\",\"@id\":\"https:\\\/\\\/www.organisator.ch\\\/#\\\/schema\\\/person\\\/4e51799071cd2dd1232ac003643ef5f0\",\"name\":\"galledia\",\"image\":{\"@type\":\"ImageObject\",\"inLanguage\":\"de\",\"@id\":\"https:\\\/\\\/secure.gravatar.com\\\/avatar\\\/78a7f90c01fc2bfc875782a0d4922b37cde2cf184ce347b91316d23cd7f69a36?s=96&d=mm&r=g\",\"url\":\"https:\\\/\\\/secure.gravatar.com\\\/avatar\\\/78a7f90c01fc2bfc875782a0d4922b37cde2cf184ce347b91316d23cd7f69a36?s=96&d=mm&r=g\",\"contentUrl\":\"https:\\\/\\\/secure.gravatar.com\\\/avatar\\\/78a7f90c01fc2bfc875782a0d4922b37cde2cf184ce347b91316d23cd7f69a36?s=96&d=mm&r=g\",\"caption\":\"galledia\"},\"sameAs\":[\"https:\\\/\\\/x.com\\\/admin\"],\"url\":\"https:\\\/\\\/www.organisator.ch\\\/de\\\/author\\\/galledia\\\/\"}]}<\/script>\n<!-- \/ Yoast SEO plugin. -->","yoast_head_json":{"title":"DEI: So schneidet die Schweizer Branche im internationalen Vergleich ab - Organisator","description":"DEI-Studie 2023: Fortschritte in Schweizer Unternehmen und Herausforderungen f\u00fcr Diversity und Inklusion.","robots":{"index":"index","follow":"follow","max-snippet":"max-snippet:-1","max-image-preview":"max-image-preview:large","max-video-preview":"max-video-preview:-1"},"canonical":"https:\/\/www.organisator.ch\/de\/marketing\/2023-08-10\/dei-so-schneidet-die-schweizer-branche-im-internationalen-vergleich-ab\/","og_locale":"de_DE","og_type":"article","og_title":"DEI: So schneidet die Schweizer Branche im internationalen Vergleich ab - Organisator","og_description":"DEI-Studie 2023: Fortschritte in Schweizer Unternehmen und Herausforderungen f\u00fcr Diversity und Inklusion.","og_url":"https:\/\/www.organisator.ch\/de\/marketing\/2023-08-10\/dei-so-schneidet-die-schweizer-branche-im-internationalen-vergleich-ab\/","og_site_name":"Organisator","article_publisher":"https:\/\/www.facebook.com\/OrganisatorFachmagazin","article_published_time":"2023-08-10T14:09:40+00:00","article_modified_time":"2024-11-14T12:54:25+00:00","author":"galledia","twitter_card":"summary_large_image","twitter_creator":"@admin","schema":{"@context":"https:\/\/schema.org","@graph":[{"@type":"Article","@id":"https:\/\/www.organisator.ch\/marketing\/2023-08-10\/dei-so-schneidet-die-schweizer-branche-im-internationalen-vergleich-ab\/#article","isPartOf":{"@id":"https:\/\/www.organisator.ch\/marketing\/2023-08-10\/dei-so-schneidet-die-schweizer-branche-im-internationalen-vergleich-ab\/"},"author":{"name":"galledia","@id":"https:\/\/www.organisator.ch\/#\/schema\/person\/4e51799071cd2dd1232ac003643ef5f0"},"headline":"DEI: So schneidet die Schweizer Branche im internationalen Vergleich ab","datePublished":"2023-08-10T14:09:40+00:00","dateModified":"2024-11-14T12:54:25+00:00","mainEntityOfPage":{"@id":"https:\/\/www.organisator.ch\/marketing\/2023-08-10\/dei-so-schneidet-die-schweizer-branche-im-internationalen-vergleich-ab\/"},"wordCount":565,"publisher":{"@id":"https:\/\/www.organisator.ch\/#organization"},"image":{"@id":"https:\/\/www.organisator.ch\/marketing\/2023-08-10\/dei-so-schneidet-die-schweizer-branche-im-internationalen-vergleich-ab\/#primaryimage"},"thumbnailUrl":"https:\/\/www.werbewoche.ch\/wp-content\/uploads\/2023\/08\/global-dei-census-2023-switzerland-1.jpg","keywords":["Schweizer Werbe-Auftraggeberverband SWA"],"articleSection":["MARKETING"],"inLanguage":"de"},{"@type":"WebPage","@id":"https:\/\/www.organisator.ch\/marketing\/2023-08-10\/dei-so-schneidet-die-schweizer-branche-im-internationalen-vergleich-ab\/","url":"https:\/\/www.organisator.ch\/marketing\/2023-08-10\/dei-so-schneidet-die-schweizer-branche-im-internationalen-vergleich-ab\/","name":"DEI: So schneidet die Schweizer Branche im internationalen Vergleich ab - Organisator","isPartOf":{"@id":"https:\/\/www.organisator.ch\/#website"},"primaryImageOfPage":{"@id":"https:\/\/www.organisator.ch\/marketing\/2023-08-10\/dei-so-schneidet-die-schweizer-branche-im-internationalen-vergleich-ab\/#primaryimage"},"image":{"@id":"https:\/\/www.organisator.ch\/marketing\/2023-08-10\/dei-so-schneidet-die-schweizer-branche-im-internationalen-vergleich-ab\/#primaryimage"},"thumbnailUrl":"https:\/\/www.werbewoche.ch\/wp-content\/uploads\/2023\/08\/global-dei-census-2023-switzerland-1.jpg","datePublished":"2023-08-10T14:09:40+00:00","dateModified":"2024-11-14T12:54:25+00:00","description":"DEI-Studie 2023: Fortschritte in Schweizer Unternehmen und Herausforderungen f\u00fcr Diversity und Inklusion.","breadcrumb":{"@id":"https:\/\/www.organisator.ch\/marketing\/2023-08-10\/dei-so-schneidet-die-schweizer-branche-im-internationalen-vergleich-ab\/#breadcrumb"},"inLanguage":"de","potentialAction":[{"@type":"ReadAction","target":["https:\/\/www.organisator.ch\/marketing\/2023-08-10\/dei-so-schneidet-die-schweizer-branche-im-internationalen-vergleich-ab\/"]}]},{"@type":"ImageObject","inLanguage":"de","@id":"https:\/\/www.organisator.ch\/marketing\/2023-08-10\/dei-so-schneidet-die-schweizer-branche-im-internationalen-vergleich-ab\/#primaryimage","url":"https:\/\/www.werbewoche.ch\/wp-content\/uploads\/2023\/08\/global-dei-census-2023-switzerland-1.jpg","contentUrl":"https:\/\/www.werbewoche.ch\/wp-content\/uploads\/2023\/08\/global-dei-census-2023-switzerland-1.jpg"},{"@type":"BreadcrumbList","@id":"https:\/\/www.organisator.ch\/marketing\/2023-08-10\/dei-so-schneidet-die-schweizer-branche-im-internationalen-vergleich-ab\/#breadcrumb","itemListElement":[{"@type":"ListItem","position":1,"name":"Home","item":"https:\/\/www.organisator.ch\/"},{"@type":"ListItem","position":2,"name":"DEI: So schneidet die Schweizer Branche im internationalen Vergleich ab"}]},{"@type":"WebSite","@id":"https:\/\/www.organisator.ch\/#website","url":"https:\/\/www.organisator.ch\/","name":"Organisator","description":"Kompetent. Praxisnah. Der ORGANISATOR bereitet in 10 Ausgaben pro Jahr die wesentlichen Themen f\u00fcr F\u00fchrungskr\u00e4fte von KMU auf.","publisher":{"@id":"https:\/\/www.organisator.ch\/#organization"},"potentialAction":[{"@type":"SearchAction","target":{"@type":"EntryPoint","urlTemplate":"https:\/\/www.organisator.ch\/?s={search_term_string}"},"query-input":{"@type":"PropertyValueSpecification","valueRequired":true,"valueName":"search_term_string"}}],"inLanguage":"de"},{"@type":"Organization","@id":"https:\/\/www.organisator.ch\/#organization","name":"Organisator","url":"https:\/\/www.organisator.ch\/","logo":{"@type":"ImageObject","inLanguage":"de","@id":"https:\/\/www.organisator.ch\/#\/schema\/logo\/image\/","url":"https:\/\/www.organisator.ch\/wp-content\/uploads\/2022\/01\/Logo_Organisator_Website.png","contentUrl":"https:\/\/www.organisator.ch\/wp-content\/uploads\/2022\/01\/Logo_Organisator_Website.png","width":800,"height":77,"caption":"Organisator"},"image":{"@id":"https:\/\/www.organisator.ch\/#\/schema\/logo\/image\/"},"sameAs":["https:\/\/www.facebook.com\/OrganisatorFachmagazin","https:\/\/www.linkedin.com\/showcase\/organisator-das-magazin-fr-kmu","https:\/\/www.xing.com\/news\/pages\/organisator-ch-695","https:\/\/www.youtube.com\/channel\/UCGP2Sq0iWaZwT3BdIAQFYpw"]},{"@type":"Person","@id":"https:\/\/www.organisator.ch\/#\/schema\/person\/4e51799071cd2dd1232ac003643ef5f0","name":"galledia","image":{"@type":"ImageObject","inLanguage":"de","@id":"https:\/\/secure.gravatar.com\/avatar\/78a7f90c01fc2bfc875782a0d4922b37cde2cf184ce347b91316d23cd7f69a36?s=96&d=mm&r=g","url":"https:\/\/secure.gravatar.com\/avatar\/78a7f90c01fc2bfc875782a0d4922b37cde2cf184ce347b91316d23cd7f69a36?s=96&d=mm&r=g","contentUrl":"https:\/\/secure.gravatar.com\/avatar\/78a7f90c01fc2bfc875782a0d4922b37cde2cf184ce347b91316d23cd7f69a36?s=96&d=mm&r=g","caption":"galledia"},"sameAs":["https:\/\/x.com\/admin"],"url":"https:\/\/www.organisator.ch\/de\/author\/galledia\/"}]}},"_links":{"self":[{"href":"https:\/\/www.organisator.ch\/de\/wp-json\/wp\/v2\/posts\/21315","targetHints":{"allow":["GET"]}}],"collection":[{"href":"https:\/\/www.organisator.ch\/de\/wp-json\/wp\/v2\/posts"}],"about":[{"href":"https:\/\/www.organisator.ch\/de\/wp-json\/wp\/v2\/types\/post"}],"author":[{"embeddable":true,"href":"https:\/\/www.organisator.ch\/de\/wp-json\/wp\/v2\/users\/8"}],"replies":[{"embeddable":true,"href":"https:\/\/www.organisator.ch\/de\/wp-json\/wp\/v2\/comments?post=21315"}],"version-history":[{"count":3,"href":"https:\/\/www.organisator.ch\/de\/wp-json\/wp\/v2\/posts\/21315\/revisions"}],"predecessor-version":[{"id":32977,"href":"https:\/\/www.organisator.ch\/de\/wp-json\/wp\/v2\/posts\/21315\/revisions\/32977"}],"wp:attachment":[{"href":"https:\/\/www.organisator.ch\/de\/wp-json\/wp\/v2\/media?parent=21315"}],"wp:term":[{"taxonomy":"category","embeddable":true,"href":"https:\/\/www.organisator.ch\/de\/wp-json\/wp\/v2\/categories?post=21315"},{"taxonomy":"post_tag","embeddable":true,"href":"https:\/\/www.organisator.ch\/de\/wp-json\/wp\/v2\/tags?post=21315"}],"curies":[{"name":"wp","href":"https:\/\/api.w.org\/{rel}","templated":true}]}}