{"id":21343,"date":"2023-08-16T10:37:50","date_gmt":"2023-08-16T08:37:50","guid":{"rendered":"https:\/\/www.organisator.ch\/?p=21343"},"modified":"2023-08-16T10:37:50","modified_gmt":"2023-08-16T08:37:50","slug":"proffix-schliesst-sich-forterro-an","status":"publish","type":"post","link":"https:\/\/www.organisator.ch\/de\/management\/2023-08-16\/proffix-schliesst-sich-forterro-an\/","title":{"rendered":"Proffix schliesst sich Forterro an"},"content":{"rendered":"<figure id=\"attachment_21344\" aria-describedby=\"caption-attachment-21344\" style=\"width: 680px\" class=\"wp-caption alignnone\"><img loading=\"lazy\" decoding=\"async\" class=\"size-full wp-image-21344\" src=\"https:\/\/www.organisator.ch\/wp-content\/uploads\/2023\/08\/Proffix-schliesst-sich-Forterro-an_Organisator.jpg\" alt=\"\" width=\"680\" height=\"485\" srcset=\"https:\/\/www.organisator.ch\/wp-content\/uploads\/2023\/08\/Proffix-schliesst-sich-Forterro-an_Organisator.jpg 680w, https:\/\/www.organisator.ch\/wp-content\/uploads\/2023\/08\/Proffix-schliesst-sich-Forterro-an_Organisator-18x12.jpg 18w, https:\/\/www.organisator.ch\/wp-content\/uploads\/2023\/08\/Proffix-schliesst-sich-Forterro-an_Organisator-375x267.jpg 375w, https:\/\/www.organisator.ch\/wp-content\/uploads\/2023\/08\/Proffix-schliesst-sich-Forterro-an_Organisator-491x350.jpg 491w\" sizes=\"auto, (max-width: 680px) 100vw, 680px\" \/><figcaption id=\"caption-attachment-21344\" class=\"wp-caption-text\">Oben v.l.n.r.: Bruce Trewhella, SVP, Mergers &amp; Acquisitions Forterro, Peter Herger, Chief Executive Officer Proffix, Marcus Pannier, President Forterro Central Europe; Unten v.l.n.r.: Emmanuel Moritz, Vice President M&amp;A Forterro, Baldassare Nastasi, VR, Gr\u00fcnder Proffix, Robert Caduff, VR, Gr\u00fcnder Proffix, Guy Thouin, VR-Pr\u00e4sident Proffix. (Bild: zVg)<\/figcaption><\/figure>\n<p>Das Unternehmen Forterro mit Hauptsitz in London investiert strategisch in industrielle mittelst\u00e4ndische Software-Unternehmen, welche angesichts der Digitalen Transformation und der heutigen Herausforderungen wie Fachkr\u00e4ftemangel einen Partner brauchen, um sich weiterzuentwickeln und wachsen zu k\u00f6nnen. Die Akquisition von Proffix ist deshalb als weiterer Schritt in der Expansion von Forterro in der Region Zentraleuropa zu verstehen. Er unterstreiche das Engagement auf dem Schweizer Markt, wo das Unternehmen durch die letztj\u00e4hrige Investition in den mittelst\u00e4ndischen ERP-Anbieter myfactory bereits pr\u00e4sent ist, wie es dazu heisst. \u00a0\u00abWir heissen Proffix, ihre Mitarbeiter, Partner und Kunden herzlich willkommen\u00bb, sagt Dean Forbes, CEO von Forterro. \u00abProffix und ihre Produkte f\u00fcgen sich nahtlos in die Vision von Forterro ein und festigen unsere Position als f\u00fchrender Anbieter von Softwarel\u00f6sungen f\u00fcr kleine und mittlere Unternehmen in Europa.\u00bb Marcus Pannier, Pr\u00e4sident von Forterro Central Europe, erg\u00e4nzt: \u00abProffix zeichnet sich insbesondere durch die Bedienung der deutschsprachigen Schweiz aus und erg\u00e4nzt damit unsere Akquisition im vergangenen Jahr von myfactory auf dem DACH-Markt.\u00bb<\/p>\n<h3><strong>Nachhaltiges Wachstum sicherstellen<\/strong><\/h3>\n<p>Peter Herger, CEO und Mitgr\u00fcnder von Proffix, meint zum Entscheid: \u00abIch war immer mit ganzem Herzen Unternehmer und bin sehr stolz darauf, wie wir unser Unternehmen als unabh\u00e4ngiges KMU bis heute weiterentwickelt haben. Mit der zunehmenden Komplexit\u00e4t und dem Tempo in der technologischen Entwicklung sind wir jedoch zusehends an unsere Grenzen gestossen und haben deshalb beschlossen, einen starken strategischen Partner an Bord zu holen. Mit Forterro haben wir diesen Partner gefunden. W\u00e4hrend des \u00dcbernahmeprozesses hat sich gezeigt, dass bei Forterro die Mitarbeitenden und pers\u00f6nlichen Beziehungen im Mittelpunkt stehen, was sich mit unserer tief verankerten Kultur deckt und uns die Entscheidung letztlich erleichtert hat.\u00bb<\/p>\n<h3>Wichtige F\u00fchrungspersonen bleiben im Unternehmen<\/h3>\n<p>Peter Herger wird die \u00dcbergangsperiode begleiten und sich danach aus dem Unternehmen zur\u00fcckziehen. Er wird ein gut etabliertes F\u00fchrungsteam \u00fcbergeben, um mit Forterro an der n\u00e4chsten Wachstumsphase von Proffix zu arbeiten. Mitgr\u00fcnder Baldassare Nastasi und Robert Caduff bleiben Teil des neuen Forterro-Teams und J\u00fcrg Danuser, CTO von Proffix, wird weiterhin den Bereich der ERP-Softwareentwicklung leiten. \u00a0Zur \u00dcbernahme meint er: \u00abIch freue mich sehr auf die Zusammenarbeit mit dem Forterro-Team. Wir brauchen einen starken Partner an unserer Seite, um unser Wachstum und die Cloud-Transformation unseres Produktes zu beschleunigen. Forterro bringt genau diese St\u00e4rke, Expertise und Erfahrung mit. Ich bin gespannt auf unsere gemeinsame Reise.\u00bb<\/p>\n<p><em>Quelle und weitere Informationen: <a href=\"http:\/\/www.proffix.ch\">Proffix<\/a> \/ <a href=\"https:\/\/www.forterro.com\/en\">Forterro<\/a><\/em><\/p>\n","protected":false},"excerpt":{"rendered":"<p>Der europ\u00e4ische Anbieter von Softwarel\u00f6sungen Forterro hat die \u00dcbernahme der Proffix Software AG (Proffix) bekannt gegeben. Mit der branchenunabh\u00e4ngigen modular aufgebauten ERP-Software erg\u00e4nzt Forterro sein Portfolio im starken Schweizer KMU-Segment kleinerer und mittlerer Handels-, Dienstleistungs- und Fertigungsunternehmen und erh\u00e4lt Zugang zu einem etablierten Partnernetzwerk und zu mehr als 2500 aktiven Kunden im deutschsprachigen Raum. <\/p>\n","protected":false},"author":4,"featured_media":21344,"comment_status":"closed","ping_status":"closed","sticky":false,"template":"","format":"standard","meta":{"_acf_changed":false,"_yoast_wpseo_focuskw":"Proffix","_yoast_wpseo_metadesc":"Der europ\u00e4ische Anbieter von Softwarel\u00f6sungen Forterro hat die \u00dcbernahme der Proffix Software AG (Proffix) bekannt gegeben.","articlekey":"","footnotes":""},"categories":[28],"tags":[3853,287,492],"class_list":["post-21343","post","type-post","status-publish","format-standard","has-post-thumbnail","hentry","category-management","tag-akquisitionen","tag-itbusiness-software","tag-unternehmen"],"acf":[],"yoast_head":"<!-- This site is optimized with the Yoast SEO plugin v27.4 - https:\/\/yoast.com\/product\/yoast-seo-wordpress\/ -->\n<title>Proffix schliesst sich Forterro an - Organisator<\/title>\n<meta name=\"description\" content=\"Der europ\u00e4ische Anbieter von Softwarel\u00f6sungen Forterro hat die \u00dcbernahme der Proffix Software AG (Proffix) bekannt gegeben.\" \/>\n<meta name=\"robots\" content=\"index, follow, max-snippet:-1, max-image-preview:large, max-video-preview:-1\" \/>\n<link rel=\"canonical\" href=\"https:\/\/www.organisator.ch\/de\/management\/2023-08-16\/proffix-schliesst-sich-forterro-an\/\" \/>\n<meta property=\"og:locale\" content=\"de_DE\" \/>\n<meta property=\"og:type\" content=\"article\" \/>\n<meta property=\"og:title\" content=\"Proffix schliesst sich Forterro an\" \/>\n<meta property=\"og:description\" content=\"Der europ\u00e4ische Anbieter von Softwarel\u00f6sungen Forterro hat die \u00dcbernahme der Proffix Software AG (Proffix) bekannt gegeben.\" \/>\n<meta property=\"og:url\" content=\"https:\/\/www.organisator.ch\/de\/management\/2023-08-16\/proffix-schliesst-sich-forterro-an\/\" \/>\n<meta property=\"og:site_name\" content=\"Organisator\" \/>\n<meta property=\"article:publisher\" content=\"https:\/\/www.facebook.com\/OrganisatorFachmagazin\" \/>\n<meta property=\"article:published_time\" content=\"2023-08-16T08:37:50+00:00\" \/>\n<meta property=\"og:image\" content=\"https:\/\/www.organisator.ch\/wp-content\/uploads\/2023\/08\/Proffix-schliesst-sich-Forterro-an_Organisator.jpg\" \/>\n\t<meta property=\"og:image:width\" content=\"680\" \/>\n\t<meta property=\"og:image:height\" content=\"485\" \/>\n\t<meta property=\"og:image:type\" content=\"image\/jpeg\" \/>\n<meta name=\"author\" content=\"thomas.berner\" \/>\n<meta name=\"twitter:card\" content=\"summary_large_image\" \/>\n<meta name=\"twitter:title\" content=\"#Proffix schliesst sich #Forterro an\" \/>\n<meta name=\"twitter:description\" content=\"Der europ\u00e4ische Anbieter von Softwarel\u00f6sungen #Forterro hat die \u00dcbernahme der #Proffix Software AG (Proffix) bekannt gegeben.\" \/>\n<meta name=\"twitter:image\" content=\"https:\/\/www.organisator.ch\/wp-content\/uploads\/2023\/08\/Proffix-schliesst-sich-Forterro-an_Organisator.jpg\" \/>\n<script type=\"application\/ld+json\" class=\"yoast-schema-graph\">{\"@context\":\"https:\\\/\\\/schema.org\",\"@graph\":[{\"@type\":\"Article\",\"@id\":\"https:\\\/\\\/www.organisator.ch\\\/management\\\/2023-08-16\\\/proffix-schliesst-sich-forterro-an\\\/#article\",\"isPartOf\":{\"@id\":\"https:\\\/\\\/www.organisator.ch\\\/management\\\/2023-08-16\\\/proffix-schliesst-sich-forterro-an\\\/\"},\"author\":{\"name\":\"thomas.berner\",\"@id\":\"https:\\\/\\\/www.organisator.ch\\\/#\\\/schema\\\/person\\\/6f650f90b2842cd4c0cc334b4e36f67e\"},\"headline\":\"Proffix schliesst sich Forterro an\",\"datePublished\":\"2023-08-16T08:37:50+00:00\",\"mainEntityOfPage\":{\"@id\":\"https:\\\/\\\/www.organisator.ch\\\/management\\\/2023-08-16\\\/proffix-schliesst-sich-forterro-an\\\/\"},\"wordCount\":471,\"publisher\":{\"@id\":\"https:\\\/\\\/www.organisator.ch\\\/#organization\"},\"image\":{\"@id\":\"https:\\\/\\\/www.organisator.ch\\\/management\\\/2023-08-16\\\/proffix-schliesst-sich-forterro-an\\\/#primaryimage\"},\"thumbnailUrl\":\"https:\\\/\\\/www.organisator.ch\\\/wp-content\\\/uploads\\\/2023\\\/08\\\/Proffix-schliesst-sich-Forterro-an_Organisator.jpg\",\"keywords\":[\"Akquisitionen\",\"IT\u2009&amp;\u2009Business Software\",\"Unternehmen\"],\"articleSection\":[\"MANAGEMENT\"],\"inLanguage\":\"de\"},{\"@type\":\"WebPage\",\"@id\":\"https:\\\/\\\/www.organisator.ch\\\/management\\\/2023-08-16\\\/proffix-schliesst-sich-forterro-an\\\/\",\"url\":\"https:\\\/\\\/www.organisator.ch\\\/management\\\/2023-08-16\\\/proffix-schliesst-sich-forterro-an\\\/\",\"name\":\"Proffix schliesst sich Forterro an - Organisator\",\"isPartOf\":{\"@id\":\"https:\\\/\\\/www.organisator.ch\\\/#website\"},\"primaryImageOfPage\":{\"@id\":\"https:\\\/\\\/www.organisator.ch\\\/management\\\/2023-08-16\\\/proffix-schliesst-sich-forterro-an\\\/#primaryimage\"},\"image\":{\"@id\":\"https:\\\/\\\/www.organisator.ch\\\/management\\\/2023-08-16\\\/proffix-schliesst-sich-forterro-an\\\/#primaryimage\"},\"thumbnailUrl\":\"https:\\\/\\\/www.organisator.ch\\\/wp-content\\\/uploads\\\/2023\\\/08\\\/Proffix-schliesst-sich-Forterro-an_Organisator.jpg\",\"datePublished\":\"2023-08-16T08:37:50+00:00\",\"description\":\"Der europ\u00e4ische Anbieter von Softwarel\u00f6sungen Forterro hat die \u00dcbernahme der Proffix Software AG (Proffix) bekannt gegeben.\",\"breadcrumb\":{\"@id\":\"https:\\\/\\\/www.organisator.ch\\\/management\\\/2023-08-16\\\/proffix-schliesst-sich-forterro-an\\\/#breadcrumb\"},\"inLanguage\":\"de\",\"potentialAction\":[{\"@type\":\"ReadAction\",\"target\":[\"https:\\\/\\\/www.organisator.ch\\\/management\\\/2023-08-16\\\/proffix-schliesst-sich-forterro-an\\\/\"]}]},{\"@type\":\"ImageObject\",\"inLanguage\":\"de\",\"@id\":\"https:\\\/\\\/www.organisator.ch\\\/management\\\/2023-08-16\\\/proffix-schliesst-sich-forterro-an\\\/#primaryimage\",\"url\":\"https:\\\/\\\/www.organisator.ch\\\/wp-content\\\/uploads\\\/2023\\\/08\\\/Proffix-schliesst-sich-Forterro-an_Organisator.jpg\",\"contentUrl\":\"https:\\\/\\\/www.organisator.ch\\\/wp-content\\\/uploads\\\/2023\\\/08\\\/Proffix-schliesst-sich-Forterro-an_Organisator.jpg\",\"width\":680,\"height\":485,\"caption\":\"Oben v.l.n.r.: Bruce Trewhella, SVP, Mergers & Acquisitions Forterro, Peter Herger, Chief Executive Officer Proffix, Marcus Pannier, President Forterro Central Europe; Unten v.l.n.r.: Emmanuel Moritz, Vice President M&A Forterro, Baldassare Nastasi, VR, Gr\u00fcnder Proffix, Robert Caduff, VR, Gr\u00fcnder Proffix, Guy Thouin, VR-Pr\u00e4sident Proffix. (Bild: zVg)\"},{\"@type\":\"BreadcrumbList\",\"@id\":\"https:\\\/\\\/www.organisator.ch\\\/management\\\/2023-08-16\\\/proffix-schliesst-sich-forterro-an\\\/#breadcrumb\",\"itemListElement\":[{\"@type\":\"ListItem\",\"position\":1,\"name\":\"Home\",\"item\":\"https:\\\/\\\/www.organisator.ch\\\/\"},{\"@type\":\"ListItem\",\"position\":2,\"name\":\"Proffix schliesst sich Forterro an\"}]},{\"@type\":\"WebSite\",\"@id\":\"https:\\\/\\\/www.organisator.ch\\\/#website\",\"url\":\"https:\\\/\\\/www.organisator.ch\\\/\",\"name\":\"Organisator\",\"description\":\"Kompetent. Praxisnah. Der ORGANISATOR bereitet in 10 Ausgaben pro Jahr die wesentlichen Themen f\u00fcr F\u00fchrungskr\u00e4fte von KMU auf.\",\"publisher\":{\"@id\":\"https:\\\/\\\/www.organisator.ch\\\/#organization\"},\"potentialAction\":[{\"@type\":\"SearchAction\",\"target\":{\"@type\":\"EntryPoint\",\"urlTemplate\":\"https:\\\/\\\/www.organisator.ch\\\/?s={search_term_string}\"},\"query-input\":{\"@type\":\"PropertyValueSpecification\",\"valueRequired\":true,\"valueName\":\"search_term_string\"}}],\"inLanguage\":\"de\"},{\"@type\":\"Organization\",\"@id\":\"https:\\\/\\\/www.organisator.ch\\\/#organization\",\"name\":\"Organisator\",\"url\":\"https:\\\/\\\/www.organisator.ch\\\/\",\"logo\":{\"@type\":\"ImageObject\",\"inLanguage\":\"de\",\"@id\":\"https:\\\/\\\/www.organisator.ch\\\/#\\\/schema\\\/logo\\\/image\\\/\",\"url\":\"https:\\\/\\\/www.organisator.ch\\\/wp-content\\\/uploads\\\/2022\\\/01\\\/Logo_Organisator_Website.png\",\"contentUrl\":\"https:\\\/\\\/www.organisator.ch\\\/wp-content\\\/uploads\\\/2022\\\/01\\\/Logo_Organisator_Website.png\",\"width\":800,\"height\":77,\"caption\":\"Organisator\"},\"image\":{\"@id\":\"https:\\\/\\\/www.organisator.ch\\\/#\\\/schema\\\/logo\\\/image\\\/\"},\"sameAs\":[\"https:\\\/\\\/www.facebook.com\\\/OrganisatorFachmagazin\",\"https:\\\/\\\/www.linkedin.com\\\/showcase\\\/organisator-das-magazin-fr-kmu\",\"https:\\\/\\\/www.xing.com\\\/news\\\/pages\\\/organisator-ch-695\",\"https:\\\/\\\/www.youtube.com\\\/channel\\\/UCGP2Sq0iWaZwT3BdIAQFYpw\"]},{\"@type\":\"Person\",\"@id\":\"https:\\\/\\\/www.organisator.ch\\\/#\\\/schema\\\/person\\\/6f650f90b2842cd4c0cc334b4e36f67e\",\"name\":\"thomas.berner\",\"image\":{\"@type\":\"ImageObject\",\"inLanguage\":\"de\",\"@id\":\"https:\\\/\\\/secure.gravatar.com\\\/avatar\\\/ac5001d2a36cb6c6cd3e50789007ffca834b477b74a2144564522e944eabff61?s=96&d=mm&r=g\",\"url\":\"https:\\\/\\\/secure.gravatar.com\\\/avatar\\\/ac5001d2a36cb6c6cd3e50789007ffca834b477b74a2144564522e944eabff61?s=96&d=mm&r=g\",\"contentUrl\":\"https:\\\/\\\/secure.gravatar.com\\\/avatar\\\/ac5001d2a36cb6c6cd3e50789007ffca834b477b74a2144564522e944eabff61?s=96&d=mm&r=g\",\"caption\":\"thomas.berner\"},\"url\":\"https:\\\/\\\/www.organisator.ch\\\/de\\\/author\\\/thomas-berner\\\/\"}]}<\/script>\n<!-- \/ Yoast SEO plugin. -->","yoast_head_json":{"title":"Proffix schliesst sich Forterro an - Organisator","description":"Der europ\u00e4ische Anbieter von Softwarel\u00f6sungen Forterro hat die \u00dcbernahme der Proffix Software AG (Proffix) bekannt gegeben.","robots":{"index":"index","follow":"follow","max-snippet":"max-snippet:-1","max-image-preview":"max-image-preview:large","max-video-preview":"max-video-preview:-1"},"canonical":"https:\/\/www.organisator.ch\/de\/management\/2023-08-16\/proffix-schliesst-sich-forterro-an\/","og_locale":"de_DE","og_type":"article","og_title":"Proffix schliesst sich Forterro an","og_description":"Der europ\u00e4ische Anbieter von Softwarel\u00f6sungen Forterro hat die \u00dcbernahme der Proffix Software AG (Proffix) bekannt gegeben.","og_url":"https:\/\/www.organisator.ch\/de\/management\/2023-08-16\/proffix-schliesst-sich-forterro-an\/","og_site_name":"Organisator","article_publisher":"https:\/\/www.facebook.com\/OrganisatorFachmagazin","article_published_time":"2023-08-16T08:37:50+00:00","og_image":[{"width":680,"height":485,"url":"https:\/\/www.organisator.ch\/wp-content\/uploads\/2023\/08\/Proffix-schliesst-sich-Forterro-an_Organisator.jpg","type":"image\/jpeg"}],"author":"thomas.berner","twitter_card":"summary_large_image","twitter_title":"#Proffix schliesst sich #Forterro an","twitter_description":"Der europ\u00e4ische Anbieter von Softwarel\u00f6sungen #Forterro hat die \u00dcbernahme der #Proffix Software AG (Proffix) bekannt gegeben.","twitter_image":"https:\/\/www.organisator.ch\/wp-content\/uploads\/2023\/08\/Proffix-schliesst-sich-Forterro-an_Organisator.jpg","schema":{"@context":"https:\/\/schema.org","@graph":[{"@type":"Article","@id":"https:\/\/www.organisator.ch\/management\/2023-08-16\/proffix-schliesst-sich-forterro-an\/#article","isPartOf":{"@id":"https:\/\/www.organisator.ch\/management\/2023-08-16\/proffix-schliesst-sich-forterro-an\/"},"author":{"name":"thomas.berner","@id":"https:\/\/www.organisator.ch\/#\/schema\/person\/6f650f90b2842cd4c0cc334b4e36f67e"},"headline":"Proffix schliesst sich Forterro an","datePublished":"2023-08-16T08:37:50+00:00","mainEntityOfPage":{"@id":"https:\/\/www.organisator.ch\/management\/2023-08-16\/proffix-schliesst-sich-forterro-an\/"},"wordCount":471,"publisher":{"@id":"https:\/\/www.organisator.ch\/#organization"},"image":{"@id":"https:\/\/www.organisator.ch\/management\/2023-08-16\/proffix-schliesst-sich-forterro-an\/#primaryimage"},"thumbnailUrl":"https:\/\/www.organisator.ch\/wp-content\/uploads\/2023\/08\/Proffix-schliesst-sich-Forterro-an_Organisator.jpg","keywords":["Akquisitionen","IT\u2009&amp;\u2009Business Software","Unternehmen"],"articleSection":["MANAGEMENT"],"inLanguage":"de"},{"@type":"WebPage","@id":"https:\/\/www.organisator.ch\/management\/2023-08-16\/proffix-schliesst-sich-forterro-an\/","url":"https:\/\/www.organisator.ch\/management\/2023-08-16\/proffix-schliesst-sich-forterro-an\/","name":"Proffix schliesst sich Forterro an - Organisator","isPartOf":{"@id":"https:\/\/www.organisator.ch\/#website"},"primaryImageOfPage":{"@id":"https:\/\/www.organisator.ch\/management\/2023-08-16\/proffix-schliesst-sich-forterro-an\/#primaryimage"},"image":{"@id":"https:\/\/www.organisator.ch\/management\/2023-08-16\/proffix-schliesst-sich-forterro-an\/#primaryimage"},"thumbnailUrl":"https:\/\/www.organisator.ch\/wp-content\/uploads\/2023\/08\/Proffix-schliesst-sich-Forterro-an_Organisator.jpg","datePublished":"2023-08-16T08:37:50+00:00","description":"Der europ\u00e4ische Anbieter von Softwarel\u00f6sungen Forterro hat die \u00dcbernahme der Proffix Software AG (Proffix) bekannt gegeben.","breadcrumb":{"@id":"https:\/\/www.organisator.ch\/management\/2023-08-16\/proffix-schliesst-sich-forterro-an\/#breadcrumb"},"inLanguage":"de","potentialAction":[{"@type":"ReadAction","target":["https:\/\/www.organisator.ch\/management\/2023-08-16\/proffix-schliesst-sich-forterro-an\/"]}]},{"@type":"ImageObject","inLanguage":"de","@id":"https:\/\/www.organisator.ch\/management\/2023-08-16\/proffix-schliesst-sich-forterro-an\/#primaryimage","url":"https:\/\/www.organisator.ch\/wp-content\/uploads\/2023\/08\/Proffix-schliesst-sich-Forterro-an_Organisator.jpg","contentUrl":"https:\/\/www.organisator.ch\/wp-content\/uploads\/2023\/08\/Proffix-schliesst-sich-Forterro-an_Organisator.jpg","width":680,"height":485,"caption":"Oben v.l.n.r.: Bruce Trewhella, SVP, Mergers & Acquisitions Forterro, Peter Herger, Chief Executive Officer Proffix, Marcus Pannier, President Forterro Central Europe; Unten v.l.n.r.: Emmanuel Moritz, Vice President M&A Forterro, Baldassare Nastasi, VR, Gr\u00fcnder Proffix, Robert Caduff, VR, Gr\u00fcnder Proffix, Guy Thouin, VR-Pr\u00e4sident Proffix. (Bild: zVg)"},{"@type":"BreadcrumbList","@id":"https:\/\/www.organisator.ch\/management\/2023-08-16\/proffix-schliesst-sich-forterro-an\/#breadcrumb","itemListElement":[{"@type":"ListItem","position":1,"name":"Home","item":"https:\/\/www.organisator.ch\/"},{"@type":"ListItem","position":2,"name":"Proffix schliesst sich Forterro an"}]},{"@type":"WebSite","@id":"https:\/\/www.organisator.ch\/#website","url":"https:\/\/www.organisator.ch\/","name":"Organisator","description":"Kompetent. Praxisnah. Der ORGANISATOR bereitet in 10 Ausgaben pro Jahr die wesentlichen Themen f\u00fcr F\u00fchrungskr\u00e4fte von KMU auf.","publisher":{"@id":"https:\/\/www.organisator.ch\/#organization"},"potentialAction":[{"@type":"SearchAction","target":{"@type":"EntryPoint","urlTemplate":"https:\/\/www.organisator.ch\/?s={search_term_string}"},"query-input":{"@type":"PropertyValueSpecification","valueRequired":true,"valueName":"search_term_string"}}],"inLanguage":"de"},{"@type":"Organization","@id":"https:\/\/www.organisator.ch\/#organization","name":"Organisator","url":"https:\/\/www.organisator.ch\/","logo":{"@type":"ImageObject","inLanguage":"de","@id":"https:\/\/www.organisator.ch\/#\/schema\/logo\/image\/","url":"https:\/\/www.organisator.ch\/wp-content\/uploads\/2022\/01\/Logo_Organisator_Website.png","contentUrl":"https:\/\/www.organisator.ch\/wp-content\/uploads\/2022\/01\/Logo_Organisator_Website.png","width":800,"height":77,"caption":"Organisator"},"image":{"@id":"https:\/\/www.organisator.ch\/#\/schema\/logo\/image\/"},"sameAs":["https:\/\/www.facebook.com\/OrganisatorFachmagazin","https:\/\/www.linkedin.com\/showcase\/organisator-das-magazin-fr-kmu","https:\/\/www.xing.com\/news\/pages\/organisator-ch-695","https:\/\/www.youtube.com\/channel\/UCGP2Sq0iWaZwT3BdIAQFYpw"]},{"@type":"Person","@id":"https:\/\/www.organisator.ch\/#\/schema\/person\/6f650f90b2842cd4c0cc334b4e36f67e","name":"thomas.berner","image":{"@type":"ImageObject","inLanguage":"de","@id":"https:\/\/secure.gravatar.com\/avatar\/ac5001d2a36cb6c6cd3e50789007ffca834b477b74a2144564522e944eabff61?s=96&d=mm&r=g","url":"https:\/\/secure.gravatar.com\/avatar\/ac5001d2a36cb6c6cd3e50789007ffca834b477b74a2144564522e944eabff61?s=96&d=mm&r=g","contentUrl":"https:\/\/secure.gravatar.com\/avatar\/ac5001d2a36cb6c6cd3e50789007ffca834b477b74a2144564522e944eabff61?s=96&d=mm&r=g","caption":"thomas.berner"},"url":"https:\/\/www.organisator.ch\/de\/author\/thomas-berner\/"}]}},"_links":{"self":[{"href":"https:\/\/www.organisator.ch\/de\/wp-json\/wp\/v2\/posts\/21343","targetHints":{"allow":["GET"]}}],"collection":[{"href":"https:\/\/www.organisator.ch\/de\/wp-json\/wp\/v2\/posts"}],"about":[{"href":"https:\/\/www.organisator.ch\/de\/wp-json\/wp\/v2\/types\/post"}],"author":[{"embeddable":true,"href":"https:\/\/www.organisator.ch\/de\/wp-json\/wp\/v2\/users\/4"}],"replies":[{"embeddable":true,"href":"https:\/\/www.organisator.ch\/de\/wp-json\/wp\/v2\/comments?post=21343"}],"version-history":[{"count":1,"href":"https:\/\/www.organisator.ch\/de\/wp-json\/wp\/v2\/posts\/21343\/revisions"}],"predecessor-version":[{"id":21345,"href":"https:\/\/www.organisator.ch\/de\/wp-json\/wp\/v2\/posts\/21343\/revisions\/21345"}],"wp:featuredmedia":[{"embeddable":true,"href":"https:\/\/www.organisator.ch\/de\/wp-json\/wp\/v2\/media\/21344"}],"wp:attachment":[{"href":"https:\/\/www.organisator.ch\/de\/wp-json\/wp\/v2\/media?parent=21343"}],"wp:term":[{"taxonomy":"category","embeddable":true,"href":"https:\/\/www.organisator.ch\/de\/wp-json\/wp\/v2\/categories?post=21343"},{"taxonomy":"post_tag","embeddable":true,"href":"https:\/\/www.organisator.ch\/de\/wp-json\/wp\/v2\/tags?post=21343"}],"curies":[{"name":"wp","href":"https:\/\/api.w.org\/{rel}","templated":true}]}}