{"id":21361,"date":"2023-08-17T09:40:43","date_gmt":"2023-08-17T07:40:43","guid":{"rendered":"https:\/\/www.organisator.ch\/?p=21361"},"modified":"2023-08-17T09:40:43","modified_gmt":"2023-08-17T07:40:43","slug":"family-business-award-2023-die-drei-finalisten","status":"publish","type":"post","link":"https:\/\/www.organisator.ch\/de\/management\/2023-08-17\/family-business-award-2023-die-drei-finalisten\/","title":{"rendered":"Family Business Award 2023: Die drei Finalisten"},"content":{"rendered":"<figure id=\"attachment_21363\" aria-describedby=\"caption-attachment-21363\" style=\"width: 680px\" class=\"wp-caption alignnone\"><img loading=\"lazy\" decoding=\"async\" class=\"size-full wp-image-21363\" src=\"https:\/\/www.organisator.ch\/wp-content\/uploads\/2023\/08\/Family-Business-Award-2023-Die-drei-Finalisten_Organisator.jpg\" alt=\"\" width=\"680\" height=\"419\" srcset=\"https:\/\/www.organisator.ch\/wp-content\/uploads\/2023\/08\/Family-Business-Award-2023-Die-drei-Finalisten_Organisator.jpg 680w, https:\/\/www.organisator.ch\/wp-content\/uploads\/2023\/08\/Family-Business-Award-2023-Die-drei-Finalisten_Organisator-18x12.jpg 18w, https:\/\/www.organisator.ch\/wp-content\/uploads\/2023\/08\/Family-Business-Award-2023-Die-drei-Finalisten_Organisator-375x231.jpg 375w, https:\/\/www.organisator.ch\/wp-content\/uploads\/2023\/08\/Family-Business-Award-2023-Die-drei-Finalisten_Organisator-568x350.jpg 568w\" sizes=\"auto, (max-width: 680px) 100vw, 680px\" \/><figcaption id=\"caption-attachment-21363\" class=\"wp-caption-text\">Impressionen von der letztj\u00e4hrigen Verleihung des Family Business Awards mit der Firma Griesser AG aus Aadorf TG als Gewinnerunternehmen. (Bild: NZZ Connect)<\/figcaption><\/figure>\n<p>Bereits zum 12. Mal seit 2012 wird der Family Business Award verliehen. Das Gewinnerunternehmen des Family Business Awards 2023 wird an der Preisverleihung vom 13. September 2023 im Kursaal in Bern gek\u00fcrt. Diese drei Familienunternehmen sind f\u00fcr das Finale nominiert:<\/p>\n<ul>\n<li><a href=\"https:\/\/bolliger-co.ch\/\">Bolliger &amp; Co. AG<\/a> | Grenchen SO<\/li>\n<li><a href=\"https:\/\/www.daepp-pflanzen.ch\/de-ch\">Gartenpflanzen Daepp<\/a> | M\u00fcnsingen BE<\/li>\n<li><a href=\"https:\/\/de.rwbgroupe.ch\/\">RWB Groupe SA<\/a> | Porrentruy JU<\/li>\n<\/ul>\n<p>Bisher wurde der Preis an die folgenden Familienunternehmen verliehen: Griesser AG (2022), Killer Interior AG (2021), Metzler &amp; Co. AG (2020), Wilhelm Schmidlin AG (2019), 1a hunkeler fenster AG &amp; 1a hunkeler holzbau AG (2018), Jucker Farm AG (2017), FRAISA SA (2016), Wyon AG (2015), Entreprises et Domaines Rouvinez (2014), SIGA Holding AG (2013) und Trisa AG (2012).<\/p>\n<h3>F\u00f6rderung und W\u00fcrdigung von Familienunternehmen<\/h3>\n<p>Der Family Business Award wird von der AMAG in Erinnerung an den Unternehmensgr\u00fcnder Walter Haefner seit 2012 gestiftet. Der Preis soll die Denk- und Wertehaltung sowie das Engagement von Familienunternehmen f\u00f6rdern und ihre Wichtigkeit f\u00fcr die Schweizer Wirtschaft unterstreichen. AMAG CEO Helmut Ruhl sagt heute \u00fcber den Family Business Award: \u00abFamilienunternehmen spielen eine einzigartige Rolle in der Schweizer Wirtschaft und Gesellschaft. Auf Basis eines festen Werterahmens bewahren sie Traditionen und treiben innovative Ideen voran. Der von uns vergebene Award ehrt und feiert jene Familienunternehmen, denen es \u00fcber Generationen gelungen ist, immer wieder nachhaltige L\u00f6sungen f\u00fcr die Zukunft anzubieten. Den diesj\u00e4hrigen Finalisten ist dies eindr\u00fccklich gelungen.\u00bb<\/p>\n<h3>Jury und Evaluation des Family Business Award 2023<\/h3>\n<p>F\u00fcr die Wahl des siegreichen Unternehmens zeichnet sich eine hochkar\u00e4tige Jury verantwortlich, die aus erfahrenen, fachlich bestens ausgewiesenen Pers\u00f6nlichkeiten besteht. Pr\u00e4sidiert wird die Jury durch Gabriela Manser, Co-CEO und Pr\u00e4sidentin Verwaltungsrat Goba AG, Mineralquelle und Manufaktur und Pr\u00e4sidentin Handels- und Industriekammer AI.<br \/>\nDie Entwicklung des Jurierungsverfahrens erfolgte durch das Center for Corporate Responsibility and Sustainability CCRS an der School of Management Fribourg. Das wissenschaftliche Verfahren bietet die Grundlage f\u00fcr eine objektive Bewertung der Bewerbenden durch die unabh\u00e4ngige Jury.<br \/>\nFoto: Das Gewinnerunternehmen 2022: Die Griesser AG aus Aadorf im Kanton Thurgau.<\/p>\n<p><em>Quelle und weitere Informationen: <a href=\"http:\/\/www.family-business-award.ch\">www.family-business-award.ch<\/a><\/em><\/p>\n","protected":false},"excerpt":{"rendered":"<p>Der Family Business Award zeichnet j\u00e4hrlich besonders nachhaltige und werteorientierte Familienunternehmen aus. Die drei diesj\u00e4hrigen Finalisten stehen fest. Das Gewinnerunternehmen wird an der Preisverleihung vom 13. September 2023 in Bern gek\u00fcrt.<\/p>\n","protected":false},"author":4,"featured_media":21363,"comment_status":"closed","ping_status":"closed","sticky":false,"template":"","format":"standard","meta":{"_acf_changed":false,"_yoast_wpseo_focuskw":"Family Business Award 2023","_yoast_wpseo_metadesc":"Die drei Finalisten f\u00fcr den Family Business Award 2023 stehen fest. Die Preisverleihung findet am 13. September 2023 in Bern statt.","articlekey":"","footnotes":""},"categories":[28],"tags":[66,196,335],"class_list":["post-21361","post","type-post","status-publish","format-standard","has-post-thumbnail","hentry","category-management","tag-awards","tag-familienunternehmen","tag-management-und-unternehmensfuehrung"],"acf":[],"yoast_head":"<!-- This site is optimized with the Yoast SEO plugin v27.5 - https:\/\/yoast.com\/product\/yoast-seo-wordpress\/ -->\n<title>Family Business Award 2023: Die drei Finalisten - Organisator<\/title>\n<meta name=\"description\" content=\"Die drei Finalisten f\u00fcr den Family Business Award 2023 stehen fest. Die Preisverleihung findet am 13. September 2023 in Bern statt.\" \/>\n<meta name=\"robots\" content=\"index, follow, max-snippet:-1, max-image-preview:large, max-video-preview:-1\" \/>\n<link rel=\"canonical\" href=\"https:\/\/www.organisator.ch\/de\/management\/2023-08-17\/family-business-award-2023-die-drei-finalisten\/\" \/>\n<meta property=\"og:locale\" content=\"de_DE\" \/>\n<meta property=\"og:type\" content=\"article\" \/>\n<meta property=\"og:title\" content=\"Family Business Award 2023: Die drei Finalisten\" \/>\n<meta property=\"og:description\" content=\"Die drei Finalisten f\u00fcr den Family Business Award 2023 stehen fest. Die Preisverleihung findet am 13. September 2023 in Bern statt.\" \/>\n<meta property=\"og:url\" content=\"https:\/\/www.organisator.ch\/de\/management\/2023-08-17\/family-business-award-2023-die-drei-finalisten\/\" \/>\n<meta property=\"og:site_name\" content=\"Organisator\" \/>\n<meta property=\"article:publisher\" content=\"https:\/\/www.facebook.com\/OrganisatorFachmagazin\" \/>\n<meta property=\"article:published_time\" content=\"2023-08-17T07:40:43+00:00\" \/>\n<meta property=\"og:image\" content=\"https:\/\/www.organisator.ch\/wp-content\/uploads\/2023\/08\/Family-Business-Award-2023-Die-drei-Finalisten_Organisator.jpg\" \/>\n\t<meta property=\"og:image:width\" content=\"680\" \/>\n\t<meta property=\"og:image:height\" content=\"419\" \/>\n\t<meta property=\"og:image:type\" content=\"image\/jpeg\" \/>\n<meta name=\"author\" content=\"thomas.berner\" \/>\n<meta name=\"twitter:card\" content=\"summary_large_image\" \/>\n<meta name=\"twitter:title\" content=\"Family Business Award 2023: Die drei #Finalisten\" \/>\n<meta name=\"twitter:description\" content=\"Die drei Finalisten f\u00fcr den #FamilyBusinessAward 2023 stehen fest. Die Preisverleihung findet am 13. September 2023 in Bern statt.\" \/>\n<meta name=\"twitter:image\" content=\"https:\/\/www.organisator.ch\/wp-content\/uploads\/2023\/08\/Family-Business-Award-2023-Die-drei-Finalisten_Organisator.jpg\" \/>\n<script type=\"application\/ld+json\" class=\"yoast-schema-graph\">{\"@context\":\"https:\\\/\\\/schema.org\",\"@graph\":[{\"@type\":\"Article\",\"@id\":\"https:\\\/\\\/www.organisator.ch\\\/management\\\/2023-08-17\\\/family-business-award-2023-die-drei-finalisten\\\/#article\",\"isPartOf\":{\"@id\":\"https:\\\/\\\/www.organisator.ch\\\/management\\\/2023-08-17\\\/family-business-award-2023-die-drei-finalisten\\\/\"},\"author\":{\"name\":\"thomas.berner\",\"@id\":\"https:\\\/\\\/www.organisator.ch\\\/#\\\/schema\\\/person\\\/6f650f90b2842cd4c0cc334b4e36f67e\"},\"headline\":\"Family Business Award 2023: Die drei Finalisten\",\"datePublished\":\"2023-08-17T07:40:43+00:00\",\"mainEntityOfPage\":{\"@id\":\"https:\\\/\\\/www.organisator.ch\\\/management\\\/2023-08-17\\\/family-business-award-2023-die-drei-finalisten\\\/\"},\"wordCount\":365,\"publisher\":{\"@id\":\"https:\\\/\\\/www.organisator.ch\\\/#organization\"},\"image\":{\"@id\":\"https:\\\/\\\/www.organisator.ch\\\/management\\\/2023-08-17\\\/family-business-award-2023-die-drei-finalisten\\\/#primaryimage\"},\"thumbnailUrl\":\"https:\\\/\\\/www.organisator.ch\\\/wp-content\\\/uploads\\\/2023\\\/08\\\/Family-Business-Award-2023-Die-drei-Finalisten_Organisator.jpg\",\"keywords\":[\"Awards\",\"Familienunternehmen\",\"Management und Unternehmensf\u00fchrung\"],\"articleSection\":[\"MANAGEMENT\"],\"inLanguage\":\"de\"},{\"@type\":\"WebPage\",\"@id\":\"https:\\\/\\\/www.organisator.ch\\\/management\\\/2023-08-17\\\/family-business-award-2023-die-drei-finalisten\\\/\",\"url\":\"https:\\\/\\\/www.organisator.ch\\\/management\\\/2023-08-17\\\/family-business-award-2023-die-drei-finalisten\\\/\",\"name\":\"Family Business Award 2023: Die drei Finalisten - Organisator\",\"isPartOf\":{\"@id\":\"https:\\\/\\\/www.organisator.ch\\\/#website\"},\"primaryImageOfPage\":{\"@id\":\"https:\\\/\\\/www.organisator.ch\\\/management\\\/2023-08-17\\\/family-business-award-2023-die-drei-finalisten\\\/#primaryimage\"},\"image\":{\"@id\":\"https:\\\/\\\/www.organisator.ch\\\/management\\\/2023-08-17\\\/family-business-award-2023-die-drei-finalisten\\\/#primaryimage\"},\"thumbnailUrl\":\"https:\\\/\\\/www.organisator.ch\\\/wp-content\\\/uploads\\\/2023\\\/08\\\/Family-Business-Award-2023-Die-drei-Finalisten_Organisator.jpg\",\"datePublished\":\"2023-08-17T07:40:43+00:00\",\"description\":\"Die drei Finalisten f\u00fcr den Family Business Award 2023 stehen fest. Die Preisverleihung findet am 13. September 2023 in Bern statt.\",\"breadcrumb\":{\"@id\":\"https:\\\/\\\/www.organisator.ch\\\/management\\\/2023-08-17\\\/family-business-award-2023-die-drei-finalisten\\\/#breadcrumb\"},\"inLanguage\":\"de\",\"potentialAction\":[{\"@type\":\"ReadAction\",\"target\":[\"https:\\\/\\\/www.organisator.ch\\\/management\\\/2023-08-17\\\/family-business-award-2023-die-drei-finalisten\\\/\"]}]},{\"@type\":\"ImageObject\",\"inLanguage\":\"de\",\"@id\":\"https:\\\/\\\/www.organisator.ch\\\/management\\\/2023-08-17\\\/family-business-award-2023-die-drei-finalisten\\\/#primaryimage\",\"url\":\"https:\\\/\\\/www.organisator.ch\\\/wp-content\\\/uploads\\\/2023\\\/08\\\/Family-Business-Award-2023-Die-drei-Finalisten_Organisator.jpg\",\"contentUrl\":\"https:\\\/\\\/www.organisator.ch\\\/wp-content\\\/uploads\\\/2023\\\/08\\\/Family-Business-Award-2023-Die-drei-Finalisten_Organisator.jpg\",\"width\":680,\"height\":419,\"caption\":\"Impressionen von der letztj\u00e4hrigen Verleihung des Family Business Awards mit der Firma Griesser AG aus Aadorf TG als Gewinnerunternehmen. (Bild: NZZ Connect)\"},{\"@type\":\"BreadcrumbList\",\"@id\":\"https:\\\/\\\/www.organisator.ch\\\/management\\\/2023-08-17\\\/family-business-award-2023-die-drei-finalisten\\\/#breadcrumb\",\"itemListElement\":[{\"@type\":\"ListItem\",\"position\":1,\"name\":\"Home\",\"item\":\"https:\\\/\\\/www.organisator.ch\\\/\"},{\"@type\":\"ListItem\",\"position\":2,\"name\":\"Family Business Award 2023: Die drei Finalisten\"}]},{\"@type\":\"WebSite\",\"@id\":\"https:\\\/\\\/www.organisator.ch\\\/#website\",\"url\":\"https:\\\/\\\/www.organisator.ch\\\/\",\"name\":\"Organisator\",\"description\":\"Kompetent. Praxisnah. Der ORGANISATOR bereitet in 10 Ausgaben pro Jahr die wesentlichen Themen f\u00fcr F\u00fchrungskr\u00e4fte von KMU auf.\",\"publisher\":{\"@id\":\"https:\\\/\\\/www.organisator.ch\\\/#organization\"},\"potentialAction\":[{\"@type\":\"SearchAction\",\"target\":{\"@type\":\"EntryPoint\",\"urlTemplate\":\"https:\\\/\\\/www.organisator.ch\\\/?s={search_term_string}\"},\"query-input\":{\"@type\":\"PropertyValueSpecification\",\"valueRequired\":true,\"valueName\":\"search_term_string\"}}],\"inLanguage\":\"de\"},{\"@type\":\"Organization\",\"@id\":\"https:\\\/\\\/www.organisator.ch\\\/#organization\",\"name\":\"Organisator\",\"url\":\"https:\\\/\\\/www.organisator.ch\\\/\",\"logo\":{\"@type\":\"ImageObject\",\"inLanguage\":\"de\",\"@id\":\"https:\\\/\\\/www.organisator.ch\\\/#\\\/schema\\\/logo\\\/image\\\/\",\"url\":\"https:\\\/\\\/www.organisator.ch\\\/wp-content\\\/uploads\\\/2022\\\/01\\\/Logo_Organisator_Website.png\",\"contentUrl\":\"https:\\\/\\\/www.organisator.ch\\\/wp-content\\\/uploads\\\/2022\\\/01\\\/Logo_Organisator_Website.png\",\"width\":800,\"height\":77,\"caption\":\"Organisator\"},\"image\":{\"@id\":\"https:\\\/\\\/www.organisator.ch\\\/#\\\/schema\\\/logo\\\/image\\\/\"},\"sameAs\":[\"https:\\\/\\\/www.facebook.com\\\/OrganisatorFachmagazin\",\"https:\\\/\\\/www.linkedin.com\\\/showcase\\\/organisator-das-magazin-fr-kmu\",\"https:\\\/\\\/www.xing.com\\\/news\\\/pages\\\/organisator-ch-695\",\"https:\\\/\\\/www.youtube.com\\\/channel\\\/UCGP2Sq0iWaZwT3BdIAQFYpw\"]},{\"@type\":\"Person\",\"@id\":\"https:\\\/\\\/www.organisator.ch\\\/#\\\/schema\\\/person\\\/6f650f90b2842cd4c0cc334b4e36f67e\",\"name\":\"thomas.berner\",\"image\":{\"@type\":\"ImageObject\",\"inLanguage\":\"de\",\"@id\":\"https:\\\/\\\/secure.gravatar.com\\\/avatar\\\/ac5001d2a36cb6c6cd3e50789007ffca834b477b74a2144564522e944eabff61?s=96&d=mm&r=g\",\"url\":\"https:\\\/\\\/secure.gravatar.com\\\/avatar\\\/ac5001d2a36cb6c6cd3e50789007ffca834b477b74a2144564522e944eabff61?s=96&d=mm&r=g\",\"contentUrl\":\"https:\\\/\\\/secure.gravatar.com\\\/avatar\\\/ac5001d2a36cb6c6cd3e50789007ffca834b477b74a2144564522e944eabff61?s=96&d=mm&r=g\",\"caption\":\"thomas.berner\"},\"url\":\"https:\\\/\\\/www.organisator.ch\\\/de\\\/author\\\/thomas-berner\\\/\"}]}<\/script>\n<!-- \/ Yoast SEO plugin. -->","yoast_head_json":{"title":"Family Business Award 2023: Die drei Finalisten - Organisator","description":"Die drei Finalisten f\u00fcr den Family Business Award 2023 stehen fest. Die Preisverleihung findet am 13. September 2023 in Bern statt.","robots":{"index":"index","follow":"follow","max-snippet":"max-snippet:-1","max-image-preview":"max-image-preview:large","max-video-preview":"max-video-preview:-1"},"canonical":"https:\/\/www.organisator.ch\/de\/management\/2023-08-17\/family-business-award-2023-die-drei-finalisten\/","og_locale":"de_DE","og_type":"article","og_title":"Family Business Award 2023: Die drei Finalisten","og_description":"Die drei Finalisten f\u00fcr den Family Business Award 2023 stehen fest. Die Preisverleihung findet am 13. September 2023 in Bern statt.","og_url":"https:\/\/www.organisator.ch\/de\/management\/2023-08-17\/family-business-award-2023-die-drei-finalisten\/","og_site_name":"Organisator","article_publisher":"https:\/\/www.facebook.com\/OrganisatorFachmagazin","article_published_time":"2023-08-17T07:40:43+00:00","og_image":[{"width":680,"height":419,"url":"https:\/\/www.organisator.ch\/wp-content\/uploads\/2023\/08\/Family-Business-Award-2023-Die-drei-Finalisten_Organisator.jpg","type":"image\/jpeg"}],"author":"thomas.berner","twitter_card":"summary_large_image","twitter_title":"Family Business Award 2023: Die drei #Finalisten","twitter_description":"Die drei Finalisten f\u00fcr den #FamilyBusinessAward 2023 stehen fest. Die Preisverleihung findet am 13. September 2023 in Bern statt.","twitter_image":"https:\/\/www.organisator.ch\/wp-content\/uploads\/2023\/08\/Family-Business-Award-2023-Die-drei-Finalisten_Organisator.jpg","schema":{"@context":"https:\/\/schema.org","@graph":[{"@type":"Article","@id":"https:\/\/www.organisator.ch\/management\/2023-08-17\/family-business-award-2023-die-drei-finalisten\/#article","isPartOf":{"@id":"https:\/\/www.organisator.ch\/management\/2023-08-17\/family-business-award-2023-die-drei-finalisten\/"},"author":{"name":"thomas.berner","@id":"https:\/\/www.organisator.ch\/#\/schema\/person\/6f650f90b2842cd4c0cc334b4e36f67e"},"headline":"Family Business Award 2023: Die drei Finalisten","datePublished":"2023-08-17T07:40:43+00:00","mainEntityOfPage":{"@id":"https:\/\/www.organisator.ch\/management\/2023-08-17\/family-business-award-2023-die-drei-finalisten\/"},"wordCount":365,"publisher":{"@id":"https:\/\/www.organisator.ch\/#organization"},"image":{"@id":"https:\/\/www.organisator.ch\/management\/2023-08-17\/family-business-award-2023-die-drei-finalisten\/#primaryimage"},"thumbnailUrl":"https:\/\/www.organisator.ch\/wp-content\/uploads\/2023\/08\/Family-Business-Award-2023-Die-drei-Finalisten_Organisator.jpg","keywords":["Awards","Familienunternehmen","Management und Unternehmensf\u00fchrung"],"articleSection":["MANAGEMENT"],"inLanguage":"de"},{"@type":"WebPage","@id":"https:\/\/www.organisator.ch\/management\/2023-08-17\/family-business-award-2023-die-drei-finalisten\/","url":"https:\/\/www.organisator.ch\/management\/2023-08-17\/family-business-award-2023-die-drei-finalisten\/","name":"Family Business Award 2023: Die drei Finalisten - Organisator","isPartOf":{"@id":"https:\/\/www.organisator.ch\/#website"},"primaryImageOfPage":{"@id":"https:\/\/www.organisator.ch\/management\/2023-08-17\/family-business-award-2023-die-drei-finalisten\/#primaryimage"},"image":{"@id":"https:\/\/www.organisator.ch\/management\/2023-08-17\/family-business-award-2023-die-drei-finalisten\/#primaryimage"},"thumbnailUrl":"https:\/\/www.organisator.ch\/wp-content\/uploads\/2023\/08\/Family-Business-Award-2023-Die-drei-Finalisten_Organisator.jpg","datePublished":"2023-08-17T07:40:43+00:00","description":"Die drei Finalisten f\u00fcr den Family Business Award 2023 stehen fest. Die Preisverleihung findet am 13. September 2023 in Bern statt.","breadcrumb":{"@id":"https:\/\/www.organisator.ch\/management\/2023-08-17\/family-business-award-2023-die-drei-finalisten\/#breadcrumb"},"inLanguage":"de","potentialAction":[{"@type":"ReadAction","target":["https:\/\/www.organisator.ch\/management\/2023-08-17\/family-business-award-2023-die-drei-finalisten\/"]}]},{"@type":"ImageObject","inLanguage":"de","@id":"https:\/\/www.organisator.ch\/management\/2023-08-17\/family-business-award-2023-die-drei-finalisten\/#primaryimage","url":"https:\/\/www.organisator.ch\/wp-content\/uploads\/2023\/08\/Family-Business-Award-2023-Die-drei-Finalisten_Organisator.jpg","contentUrl":"https:\/\/www.organisator.ch\/wp-content\/uploads\/2023\/08\/Family-Business-Award-2023-Die-drei-Finalisten_Organisator.jpg","width":680,"height":419,"caption":"Impressionen von der letztj\u00e4hrigen Verleihung des Family Business Awards mit der Firma Griesser AG aus Aadorf TG als Gewinnerunternehmen. (Bild: NZZ Connect)"},{"@type":"BreadcrumbList","@id":"https:\/\/www.organisator.ch\/management\/2023-08-17\/family-business-award-2023-die-drei-finalisten\/#breadcrumb","itemListElement":[{"@type":"ListItem","position":1,"name":"Home","item":"https:\/\/www.organisator.ch\/"},{"@type":"ListItem","position":2,"name":"Family Business Award 2023: Die drei Finalisten"}]},{"@type":"WebSite","@id":"https:\/\/www.organisator.ch\/#website","url":"https:\/\/www.organisator.ch\/","name":"Organisator","description":"Kompetent. Praxisnah. Der ORGANISATOR bereitet in 10 Ausgaben pro Jahr die wesentlichen Themen f\u00fcr F\u00fchrungskr\u00e4fte von KMU auf.","publisher":{"@id":"https:\/\/www.organisator.ch\/#organization"},"potentialAction":[{"@type":"SearchAction","target":{"@type":"EntryPoint","urlTemplate":"https:\/\/www.organisator.ch\/?s={search_term_string}"},"query-input":{"@type":"PropertyValueSpecification","valueRequired":true,"valueName":"search_term_string"}}],"inLanguage":"de"},{"@type":"Organization","@id":"https:\/\/www.organisator.ch\/#organization","name":"Organisator","url":"https:\/\/www.organisator.ch\/","logo":{"@type":"ImageObject","inLanguage":"de","@id":"https:\/\/www.organisator.ch\/#\/schema\/logo\/image\/","url":"https:\/\/www.organisator.ch\/wp-content\/uploads\/2022\/01\/Logo_Organisator_Website.png","contentUrl":"https:\/\/www.organisator.ch\/wp-content\/uploads\/2022\/01\/Logo_Organisator_Website.png","width":800,"height":77,"caption":"Organisator"},"image":{"@id":"https:\/\/www.organisator.ch\/#\/schema\/logo\/image\/"},"sameAs":["https:\/\/www.facebook.com\/OrganisatorFachmagazin","https:\/\/www.linkedin.com\/showcase\/organisator-das-magazin-fr-kmu","https:\/\/www.xing.com\/news\/pages\/organisator-ch-695","https:\/\/www.youtube.com\/channel\/UCGP2Sq0iWaZwT3BdIAQFYpw"]},{"@type":"Person","@id":"https:\/\/www.organisator.ch\/#\/schema\/person\/6f650f90b2842cd4c0cc334b4e36f67e","name":"thomas.berner","image":{"@type":"ImageObject","inLanguage":"de","@id":"https:\/\/secure.gravatar.com\/avatar\/ac5001d2a36cb6c6cd3e50789007ffca834b477b74a2144564522e944eabff61?s=96&d=mm&r=g","url":"https:\/\/secure.gravatar.com\/avatar\/ac5001d2a36cb6c6cd3e50789007ffca834b477b74a2144564522e944eabff61?s=96&d=mm&r=g","contentUrl":"https:\/\/secure.gravatar.com\/avatar\/ac5001d2a36cb6c6cd3e50789007ffca834b477b74a2144564522e944eabff61?s=96&d=mm&r=g","caption":"thomas.berner"},"url":"https:\/\/www.organisator.ch\/de\/author\/thomas-berner\/"}]}},"_links":{"self":[{"href":"https:\/\/www.organisator.ch\/de\/wp-json\/wp\/v2\/posts\/21361","targetHints":{"allow":["GET"]}}],"collection":[{"href":"https:\/\/www.organisator.ch\/de\/wp-json\/wp\/v2\/posts"}],"about":[{"href":"https:\/\/www.organisator.ch\/de\/wp-json\/wp\/v2\/types\/post"}],"author":[{"embeddable":true,"href":"https:\/\/www.organisator.ch\/de\/wp-json\/wp\/v2\/users\/4"}],"replies":[{"embeddable":true,"href":"https:\/\/www.organisator.ch\/de\/wp-json\/wp\/v2\/comments?post=21361"}],"version-history":[{"count":2,"href":"https:\/\/www.organisator.ch\/de\/wp-json\/wp\/v2\/posts\/21361\/revisions"}],"predecessor-version":[{"id":21364,"href":"https:\/\/www.organisator.ch\/de\/wp-json\/wp\/v2\/posts\/21361\/revisions\/21364"}],"wp:featuredmedia":[{"embeddable":true,"href":"https:\/\/www.organisator.ch\/de\/wp-json\/wp\/v2\/media\/21363"}],"wp:attachment":[{"href":"https:\/\/www.organisator.ch\/de\/wp-json\/wp\/v2\/media?parent=21361"}],"wp:term":[{"taxonomy":"category","embeddable":true,"href":"https:\/\/www.organisator.ch\/de\/wp-json\/wp\/v2\/categories?post=21361"},{"taxonomy":"post_tag","embeddable":true,"href":"https:\/\/www.organisator.ch\/de\/wp-json\/wp\/v2\/tags?post=21361"}],"curies":[{"name":"wp","href":"https:\/\/api.w.org\/{rel}","templated":true}]}}