{"id":2140,"date":"2017-07-04T08:10:31","date_gmt":"2017-07-04T06:10:31","guid":{"rendered":"https:\/\/www.organisator.ch\/?p=2140"},"modified":"2017-07-04T08:10:31","modified_gmt":"2017-07-04T06:10:31","slug":"firmenfusion-aus-ekko-technik-ag-und-hans-meister-ag-wird-ekko-meister-ag","status":"publish","type":"post","link":"https:\/\/www.organisator.ch\/de\/allgemein\/2017-07-04\/firmenfusion-aus-ekko-technik-ag-und-hans-meister-ag-wird-ekko-meister-ag\/","title":{"rendered":"Firmenfusion: Aus Ekko Technik AG und Hans Meister AG wird Ekko-Meister AG"},"content":{"rendered":"<figure id=\"attachment_2141\" aria-describedby=\"caption-attachment-2141\" style=\"width: 426px\" class=\"wp-caption alignnone\"><img loading=\"lazy\" decoding=\"async\" class=\"size-full wp-image-2141\" src=\"https:\/\/www.organisator.ch\/wp-content\/uploads\/2017\/07\/Firmenfusion-Aus-Ekko-Technik-AG-und-Hans-Meister-AG-wird-Ekko-Meister-AG_Organisator.jpg\" alt=\"\" width=\"426\" height=\"391\" srcset=\"https:\/\/www.organisator.ch\/wp-content\/uploads\/2017\/07\/Firmenfusion-Aus-Ekko-Technik-AG-und-Hans-Meister-AG-wird-Ekko-Meister-AG_Organisator.jpg 426w, https:\/\/www.organisator.ch\/wp-content\/uploads\/2017\/07\/Firmenfusion-Aus-Ekko-Technik-AG-und-Hans-Meister-AG-wird-Ekko-Meister-AG_Organisator-13x12.jpg 13w, https:\/\/www.organisator.ch\/wp-content\/uploads\/2017\/07\/Firmenfusion-Aus-Ekko-Technik-AG-und-Hans-Meister-AG-wird-Ekko-Meister-AG_Organisator-191x175.jpg 191w, https:\/\/www.organisator.ch\/wp-content\/uploads\/2017\/07\/Firmenfusion-Aus-Ekko-Technik-AG-und-Hans-Meister-AG-wird-Ekko-Meister-AG_Organisator-381x350.jpg 381w, https:\/\/www.organisator.ch\/wp-content\/uploads\/2017\/07\/Firmenfusion-Aus-Ekko-Technik-AG-und-Hans-Meister-AG-wird-Ekko-Meister-AG_Organisator-300x275.jpg 300w\" sizes=\"auto, (max-width: 426px) 100vw, 426px\" \/><figcaption id=\"caption-attachment-2141\" class=\"wp-caption-text\">VRP Walter Sahli nach der Firmenfusion: \u201eDer Zusammenschluss beider Firmen ist eine Win-Win-Situation f\u00fcr alle Beteiligten.&#8220; (Bild: zVg)<\/figcaption><\/figure>\n<p>Im Bereich Werkzeugbau und Stanztechnik\u00a0hat k\u00fcrzlich eine\u00a0Firmenfusion stattgefunden: Die Unternehmen Ekko Technik AG und Hans Meister AG\u00a0schlossen\u00a0sich im Juni 2017\u00a0zu\u00a0Ekko-Meister AG mit Sitz in Lengnau BE zusammen. Die 1954 gegr\u00fcndete Ekko Technik AG ist auf die Fertigung von Axiallagern, deren Bestandteilen sowie Stanz- und Biegeteilen spezialisiert; die 1945 entstandene Hans Meister AG stellt kleine, komplexe Stanzteile her und produziert dar\u00fcber hinaus Stanzwerkzeuge. Das neue Unternehmen Ekko-Meister AG hat seinen Sitz in den Gesch\u00e4ftsr\u00e4umen der ehemaligen Ekko Technik AG in Lengnau gefunden, die R\u00e4umlichkeiten der fr\u00fcheren Hans Meister AG in Grenchen dienen zuk\u00fcnftig als Logistikzentrum der neu geschaffenen Gesellschaft. Die Mitarbeiter beider Unternehmen &#8211; insgesamt 30 &#8211; wurden \u00fcbernommen und arbeiten bereits seit einigen Wochen zusammen. Die Gesch\u00e4ftsf\u00fchrung der neuen Gesellschaft obliegt Jean-Pierre Voegeli; als Mitglieder der Gesch\u00e4ftsleitung wurden neben Lukas Pfister (Leiter Finanzen, Administration und Personal) und Claudio Palazzi (Leiter Vertrieb und Marketing) auch Martin Meister (Leiter Technik) berufen. Den Verwaltungsrat \u00fcbernommen haben Walter Sahli (Pr\u00e4sident), Martin Meister und Philipp Andermatt.<\/p>\n<p>Sahli freut sich sehr \u00fcber die Firmenfusion und die dadurch entstehenden M\u00f6glichkeiten: \u201eDer Zusammenschluss beider Firmen ist eine Win-Win-Situation f\u00fcr alle Beteiligten. Durch die Zusammenlegung der Kompetenzen und vor allem der jeweiligen Technologiepotenziale ist ein leistungsstarkes Unternehmen entstanden, das sich im Bereich der individuell und spanlos gefertigten Axiallager sowie im Werkzeugbau und in der Fertigung kleinster, zumeist rotationssymmetrischer Stanzteile zu den f\u00fchrenden Anbietern z\u00e4hlen darf.\u201c\u00a0 Was dar\u00fcber hinaus sehr wichtig und nicht zu untersch\u00e4tzen sei, ist die Tatsache, dass die Chemie zwischen beiden Unternehmen stimme: \u201eBeide Firmen verbindet schon seit vielen Jahren eine enge Gesch\u00e4ftspartnerschaft. Sie haben stets hervorragend zusammengearbeitet und kennen sich bestens\u201c.<\/p>\n<p>Die weltweit vertretenen Kunden, die unter anderem in den Bereichen Automotive, hochwertige Konsumg\u00fcter, in der Medizinaltechnik und in der Elektrotechnik t\u00e4tig sind, werden von der\u00a0Firmenfusion profitieren. Und d\u00fcrfen sich auf jede Menge Synergien freuen: \u201eWir haben eine komplett neue Wertsch\u00f6pfungskette geschaffen. Nun ist vom Co-Engineering \u00fcber den Werkzeugbau bis hin zur Fertigung der Axiallager und der Stanz- und Biegeteile alles in einer Hand\u201c, f\u00fchrt Sahli weiter aus; \u201eunsere technologische Effizienz gepaart mit einer deutlich erh\u00f6hten Kundenorientierung wird sich f\u00fcr beide Seiten auszahlen\u201c.<\/p>\n<p><em>Weitere Informationen bis auf weiteres unter\u00a0<a href=\"http:\/\/www2.ekko.ch\/de\/\">Ekko Technik AG<\/a>\u00a0und <a href=\"https:\/\/www.h-meisterag.ch\/de\">Meister AG<\/a>\u00a0<\/em><\/p>\n","protected":false},"excerpt":{"rendered":"<p>Im Bereich Werkzeugbau und Stanztechnik\u00a0hat k\u00fcrzlich eine\u00a0Firmenfusion stattgefunden: Die Unternehmen Ekko Technik AG und Hans Meister AG\u00a0schlossen\u00a0sich im Juni 2017\u00a0zu\u00a0Ekko-Meister AG mit Sitz in Lengnau BE zusammen. Die 1954 gegr\u00fcndete Ekko Technik AG ist auf die Fertigung von Axiallagern, deren Bestandteilen sowie Stanz- und Biegeteilen spezialisiert; die 1945 entstandene Hans Meister AG stellt kleine, komplexe [&hellip;]<\/p>\n","protected":false},"author":4,"featured_media":2141,"comment_status":"open","ping_status":"open","sticky":false,"template":"","format":"standard","meta":{"_acf_changed":false,"_yoast_wpseo_focuskw":"Firmenfusion","_yoast_wpseo_metadesc":"Die in Lengnau BE ans\u00e4ssige Ekko Technik AG und die aus Grenchen SO stammende Hans Meister AG sind mit sofortiger Wirkung zur Ekko-Meister AG fusioniert.","articlekey":"","footnotes":""},"categories":[1],"tags":[334,340,492],"class_list":["post-2140","post","type-post","status-publish","format-standard","has-post-thumbnail","hentry","category-allgemein","tag-management","tag-maerkte","tag-unternehmen"],"acf":[],"yoast_head":"<!-- This site is optimized with the Yoast SEO plugin v27.4 - https:\/\/yoast.com\/product\/yoast-seo-wordpress\/ -->\n<title>Firmenfusion: Aus Ekko Technik AG und Hans Meister AG wird Ekko-Meister AG - Organisator<\/title>\n<meta name=\"description\" content=\"Die in Lengnau BE ans\u00e4ssige Ekko Technik AG und die aus Grenchen SO stammende Hans Meister AG sind mit sofortiger Wirkung zur Ekko-Meister AG fusioniert.\" \/>\n<meta name=\"robots\" content=\"index, follow, max-snippet:-1, max-image-preview:large, max-video-preview:-1\" \/>\n<link rel=\"canonical\" href=\"https:\/\/www.organisator.ch\/de\/allgemein\/2017-07-04\/firmenfusion-aus-ekko-technik-ag-und-hans-meister-ag-wird-ekko-meister-ag\/\" \/>\n<meta property=\"og:locale\" content=\"de_DE\" \/>\n<meta property=\"og:type\" content=\"article\" \/>\n<meta property=\"og:title\" content=\"Firmenfusion: Aus Ekko Technik AG und Hans Meister AG wird Ekko-Meister AG\" \/>\n<meta property=\"og:description\" content=\"Die in #Lengnau BE ans\u00e4ssige Ekko Technik AG und die aus #Grenchen SO stammende Hans Meister AG sind mit sofortiger Wirkung zur #Ekko-Meister AG fusioniert.\" \/>\n<meta property=\"og:url\" content=\"https:\/\/www.organisator.ch\/de\/allgemein\/2017-07-04\/firmenfusion-aus-ekko-technik-ag-und-hans-meister-ag-wird-ekko-meister-ag\/\" \/>\n<meta property=\"og:site_name\" content=\"Organisator\" \/>\n<meta property=\"article:publisher\" content=\"https:\/\/www.facebook.com\/OrganisatorFachmagazin\" \/>\n<meta property=\"article:published_time\" content=\"2017-07-04T06:10:31+00:00\" \/>\n<meta property=\"og:image\" content=\"https:\/\/www.organisator.ch\/wp-content\/uploads\/2017\/07\/Firmenfusion-Aus-Ekko-Technik-AG-und-Hans-Meister-AG-wird-Ekko-Meister-AG_Organisator.jpg\" \/>\n\t<meta property=\"og:image:width\" content=\"426\" \/>\n\t<meta property=\"og:image:height\" content=\"391\" \/>\n\t<meta property=\"og:image:type\" content=\"image\/jpeg\" \/>\n<meta name=\"author\" content=\"thomas.berner\" \/>\n<meta name=\"twitter:card\" content=\"summary_large_image\" \/>\n<meta name=\"twitter:title\" content=\"#Firmenfusion: Aus Ekko Technik AG und Hans Meister AG wird #Ekko-Meister AG\" \/>\n<meta name=\"twitter:description\" content=\"Die in #Lengnau BE ans\u00e4ssige Ekko Technik AG und die aus #Grenchen SO stammende Hans Meister AG sind mit sofortiger Wirkung zur #Ekko-Meister AG fusioniert.\" \/>\n<meta name=\"twitter:image\" content=\"https:\/\/www.organisator.ch\/wp-content\/uploads\/2017\/07\/Firmenfusion-Aus-Ekko-Technik-AG-und-Hans-Meister-AG-wird-Ekko-Meister-AG_Organisator.jpg\" \/>\n<script type=\"application\/ld+json\" class=\"yoast-schema-graph\">{\"@context\":\"https:\\\/\\\/schema.org\",\"@graph\":[{\"@type\":\"Article\",\"@id\":\"https:\\\/\\\/www.organisator.ch\\\/it\\\/generale\\\/2017-07-04\\\/firmenfusion-aus-ekko-technik-ag-und-hans-meister-ag-wird-ekko-meister-ag\\\/#article\",\"isPartOf\":{\"@id\":\"https:\\\/\\\/www.organisator.ch\\\/it\\\/generale\\\/2017-07-04\\\/firmenfusion-aus-ekko-technik-ag-und-hans-meister-ag-wird-ekko-meister-ag\\\/\"},\"author\":{\"name\":\"thomas.berner\",\"@id\":\"https:\\\/\\\/www.organisator.ch\\\/#\\\/schema\\\/person\\\/6f650f90b2842cd4c0cc334b4e36f67e\"},\"headline\":\"Firmenfusion: Aus Ekko Technik AG und Hans Meister AG wird Ekko-Meister AG\",\"datePublished\":\"2017-07-04T06:10:31+00:00\",\"mainEntityOfPage\":{\"@id\":\"https:\\\/\\\/www.organisator.ch\\\/it\\\/generale\\\/2017-07-04\\\/firmenfusion-aus-ekko-technik-ag-und-hans-meister-ag-wird-ekko-meister-ag\\\/\"},\"wordCount\":426,\"commentCount\":0,\"publisher\":{\"@id\":\"https:\\\/\\\/www.organisator.ch\\\/#organization\"},\"image\":{\"@id\":\"https:\\\/\\\/www.organisator.ch\\\/it\\\/generale\\\/2017-07-04\\\/firmenfusion-aus-ekko-technik-ag-und-hans-meister-ag-wird-ekko-meister-ag\\\/#primaryimage\"},\"thumbnailUrl\":\"https:\\\/\\\/www.organisator.ch\\\/wp-content\\\/uploads\\\/2017\\\/07\\\/Firmenfusion-Aus-Ekko-Technik-AG-und-Hans-Meister-AG-wird-Ekko-Meister-AG_Organisator.jpg\",\"keywords\":[\"Management\",\"M\u00e4rkte\",\"Unternehmen\"],\"inLanguage\":\"de\"},{\"@type\":\"WebPage\",\"@id\":\"https:\\\/\\\/www.organisator.ch\\\/it\\\/generale\\\/2017-07-04\\\/firmenfusion-aus-ekko-technik-ag-und-hans-meister-ag-wird-ekko-meister-ag\\\/\",\"url\":\"https:\\\/\\\/www.organisator.ch\\\/it\\\/generale\\\/2017-07-04\\\/firmenfusion-aus-ekko-technik-ag-und-hans-meister-ag-wird-ekko-meister-ag\\\/\",\"name\":\"Firmenfusion: Aus Ekko Technik AG und Hans Meister AG wird Ekko-Meister AG - Organisator\",\"isPartOf\":{\"@id\":\"https:\\\/\\\/www.organisator.ch\\\/#website\"},\"primaryImageOfPage\":{\"@id\":\"https:\\\/\\\/www.organisator.ch\\\/it\\\/generale\\\/2017-07-04\\\/firmenfusion-aus-ekko-technik-ag-und-hans-meister-ag-wird-ekko-meister-ag\\\/#primaryimage\"},\"image\":{\"@id\":\"https:\\\/\\\/www.organisator.ch\\\/it\\\/generale\\\/2017-07-04\\\/firmenfusion-aus-ekko-technik-ag-und-hans-meister-ag-wird-ekko-meister-ag\\\/#primaryimage\"},\"thumbnailUrl\":\"https:\\\/\\\/www.organisator.ch\\\/wp-content\\\/uploads\\\/2017\\\/07\\\/Firmenfusion-Aus-Ekko-Technik-AG-und-Hans-Meister-AG-wird-Ekko-Meister-AG_Organisator.jpg\",\"datePublished\":\"2017-07-04T06:10:31+00:00\",\"description\":\"Die in Lengnau BE ans\u00e4ssige Ekko Technik AG und die aus Grenchen SO stammende Hans Meister AG sind mit sofortiger Wirkung zur Ekko-Meister AG fusioniert.\",\"breadcrumb\":{\"@id\":\"https:\\\/\\\/www.organisator.ch\\\/it\\\/generale\\\/2017-07-04\\\/firmenfusion-aus-ekko-technik-ag-und-hans-meister-ag-wird-ekko-meister-ag\\\/#breadcrumb\"},\"inLanguage\":\"de\",\"potentialAction\":[{\"@type\":\"ReadAction\",\"target\":[\"https:\\\/\\\/www.organisator.ch\\\/it\\\/generale\\\/2017-07-04\\\/firmenfusion-aus-ekko-technik-ag-und-hans-meister-ag-wird-ekko-meister-ag\\\/\"]}]},{\"@type\":\"ImageObject\",\"inLanguage\":\"de\",\"@id\":\"https:\\\/\\\/www.organisator.ch\\\/it\\\/generale\\\/2017-07-04\\\/firmenfusion-aus-ekko-technik-ag-und-hans-meister-ag-wird-ekko-meister-ag\\\/#primaryimage\",\"url\":\"https:\\\/\\\/www.organisator.ch\\\/wp-content\\\/uploads\\\/2017\\\/07\\\/Firmenfusion-Aus-Ekko-Technik-AG-und-Hans-Meister-AG-wird-Ekko-Meister-AG_Organisator.jpg\",\"contentUrl\":\"https:\\\/\\\/www.organisator.ch\\\/wp-content\\\/uploads\\\/2017\\\/07\\\/Firmenfusion-Aus-Ekko-Technik-AG-und-Hans-Meister-AG-wird-Ekko-Meister-AG_Organisator.jpg\",\"width\":426,\"height\":391,\"caption\":\"VRP Walter Sahli nach der Firmenfusion: \u201eDer Zusammenschluss beider Firmen ist eine Win-Win-Situation f\u00fcr alle Beteiligten.\\\" (Bild: zVg)\"},{\"@type\":\"BreadcrumbList\",\"@id\":\"https:\\\/\\\/www.organisator.ch\\\/it\\\/generale\\\/2017-07-04\\\/firmenfusion-aus-ekko-technik-ag-und-hans-meister-ag-wird-ekko-meister-ag\\\/#breadcrumb\",\"itemListElement\":[{\"@type\":\"ListItem\",\"position\":1,\"name\":\"Home\",\"item\":\"https:\\\/\\\/www.organisator.ch\\\/\"},{\"@type\":\"ListItem\",\"position\":2,\"name\":\"Firmenfusion: Aus Ekko Technik AG und Hans Meister AG wird Ekko-Meister AG\"}]},{\"@type\":\"WebSite\",\"@id\":\"https:\\\/\\\/www.organisator.ch\\\/#website\",\"url\":\"https:\\\/\\\/www.organisator.ch\\\/\",\"name\":\"Organisator\",\"description\":\"Kompetent. Praxisnah. Der ORGANISATOR bereitet in 10 Ausgaben pro Jahr die wesentlichen Themen f\u00fcr F\u00fchrungskr\u00e4fte von KMU auf.\",\"publisher\":{\"@id\":\"https:\\\/\\\/www.organisator.ch\\\/#organization\"},\"potentialAction\":[{\"@type\":\"SearchAction\",\"target\":{\"@type\":\"EntryPoint\",\"urlTemplate\":\"https:\\\/\\\/www.organisator.ch\\\/?s={search_term_string}\"},\"query-input\":{\"@type\":\"PropertyValueSpecification\",\"valueRequired\":true,\"valueName\":\"search_term_string\"}}],\"inLanguage\":\"de\"},{\"@type\":\"Organization\",\"@id\":\"https:\\\/\\\/www.organisator.ch\\\/#organization\",\"name\":\"Organisator\",\"url\":\"https:\\\/\\\/www.organisator.ch\\\/\",\"logo\":{\"@type\":\"ImageObject\",\"inLanguage\":\"de\",\"@id\":\"https:\\\/\\\/www.organisator.ch\\\/#\\\/schema\\\/logo\\\/image\\\/\",\"url\":\"https:\\\/\\\/www.organisator.ch\\\/wp-content\\\/uploads\\\/2022\\\/01\\\/Logo_Organisator_Website.png\",\"contentUrl\":\"https:\\\/\\\/www.organisator.ch\\\/wp-content\\\/uploads\\\/2022\\\/01\\\/Logo_Organisator_Website.png\",\"width\":800,\"height\":77,\"caption\":\"Organisator\"},\"image\":{\"@id\":\"https:\\\/\\\/www.organisator.ch\\\/#\\\/schema\\\/logo\\\/image\\\/\"},\"sameAs\":[\"https:\\\/\\\/www.facebook.com\\\/OrganisatorFachmagazin\",\"https:\\\/\\\/www.linkedin.com\\\/showcase\\\/organisator-das-magazin-fr-kmu\",\"https:\\\/\\\/www.xing.com\\\/news\\\/pages\\\/organisator-ch-695\",\"https:\\\/\\\/www.youtube.com\\\/channel\\\/UCGP2Sq0iWaZwT3BdIAQFYpw\"]},{\"@type\":\"Person\",\"@id\":\"https:\\\/\\\/www.organisator.ch\\\/#\\\/schema\\\/person\\\/6f650f90b2842cd4c0cc334b4e36f67e\",\"name\":\"thomas.berner\",\"image\":{\"@type\":\"ImageObject\",\"inLanguage\":\"de\",\"@id\":\"https:\\\/\\\/secure.gravatar.com\\\/avatar\\\/ac5001d2a36cb6c6cd3e50789007ffca834b477b74a2144564522e944eabff61?s=96&d=mm&r=g\",\"url\":\"https:\\\/\\\/secure.gravatar.com\\\/avatar\\\/ac5001d2a36cb6c6cd3e50789007ffca834b477b74a2144564522e944eabff61?s=96&d=mm&r=g\",\"contentUrl\":\"https:\\\/\\\/secure.gravatar.com\\\/avatar\\\/ac5001d2a36cb6c6cd3e50789007ffca834b477b74a2144564522e944eabff61?s=96&d=mm&r=g\",\"caption\":\"thomas.berner\"},\"url\":\"https:\\\/\\\/www.organisator.ch\\\/de\\\/author\\\/thomas-berner\\\/\"}]}<\/script>\n<!-- \/ Yoast SEO plugin. -->","yoast_head_json":{"title":"Firmenfusion: Aus Ekko Technik AG und Hans Meister AG wird Ekko-Meister AG - Organisator","description":"Die in Lengnau BE ans\u00e4ssige Ekko Technik AG und die aus Grenchen SO stammende Hans Meister AG sind mit sofortiger Wirkung zur Ekko-Meister AG fusioniert.","robots":{"index":"index","follow":"follow","max-snippet":"max-snippet:-1","max-image-preview":"max-image-preview:large","max-video-preview":"max-video-preview:-1"},"canonical":"https:\/\/www.organisator.ch\/de\/allgemein\/2017-07-04\/firmenfusion-aus-ekko-technik-ag-und-hans-meister-ag-wird-ekko-meister-ag\/","og_locale":"de_DE","og_type":"article","og_title":"Firmenfusion: Aus Ekko Technik AG und Hans Meister AG wird Ekko-Meister AG","og_description":"Die in #Lengnau BE ans\u00e4ssige Ekko Technik AG und die aus #Grenchen SO stammende Hans Meister AG sind mit sofortiger Wirkung zur #Ekko-Meister AG fusioniert.","og_url":"https:\/\/www.organisator.ch\/de\/allgemein\/2017-07-04\/firmenfusion-aus-ekko-technik-ag-und-hans-meister-ag-wird-ekko-meister-ag\/","og_site_name":"Organisator","article_publisher":"https:\/\/www.facebook.com\/OrganisatorFachmagazin","article_published_time":"2017-07-04T06:10:31+00:00","og_image":[{"width":426,"height":391,"url":"https:\/\/www.organisator.ch\/wp-content\/uploads\/2017\/07\/Firmenfusion-Aus-Ekko-Technik-AG-und-Hans-Meister-AG-wird-Ekko-Meister-AG_Organisator.jpg","type":"image\/jpeg"}],"author":"thomas.berner","twitter_card":"summary_large_image","twitter_title":"#Firmenfusion: Aus Ekko Technik AG und Hans Meister AG wird #Ekko-Meister AG","twitter_description":"Die in #Lengnau BE ans\u00e4ssige Ekko Technik AG und die aus #Grenchen SO stammende Hans Meister AG sind mit sofortiger Wirkung zur #Ekko-Meister AG fusioniert.","twitter_image":"https:\/\/www.organisator.ch\/wp-content\/uploads\/2017\/07\/Firmenfusion-Aus-Ekko-Technik-AG-und-Hans-Meister-AG-wird-Ekko-Meister-AG_Organisator.jpg","schema":{"@context":"https:\/\/schema.org","@graph":[{"@type":"Article","@id":"https:\/\/www.organisator.ch\/it\/generale\/2017-07-04\/firmenfusion-aus-ekko-technik-ag-und-hans-meister-ag-wird-ekko-meister-ag\/#article","isPartOf":{"@id":"https:\/\/www.organisator.ch\/it\/generale\/2017-07-04\/firmenfusion-aus-ekko-technik-ag-und-hans-meister-ag-wird-ekko-meister-ag\/"},"author":{"name":"thomas.berner","@id":"https:\/\/www.organisator.ch\/#\/schema\/person\/6f650f90b2842cd4c0cc334b4e36f67e"},"headline":"Firmenfusion: Aus Ekko Technik AG und Hans Meister AG wird Ekko-Meister AG","datePublished":"2017-07-04T06:10:31+00:00","mainEntityOfPage":{"@id":"https:\/\/www.organisator.ch\/it\/generale\/2017-07-04\/firmenfusion-aus-ekko-technik-ag-und-hans-meister-ag-wird-ekko-meister-ag\/"},"wordCount":426,"commentCount":0,"publisher":{"@id":"https:\/\/www.organisator.ch\/#organization"},"image":{"@id":"https:\/\/www.organisator.ch\/it\/generale\/2017-07-04\/firmenfusion-aus-ekko-technik-ag-und-hans-meister-ag-wird-ekko-meister-ag\/#primaryimage"},"thumbnailUrl":"https:\/\/www.organisator.ch\/wp-content\/uploads\/2017\/07\/Firmenfusion-Aus-Ekko-Technik-AG-und-Hans-Meister-AG-wird-Ekko-Meister-AG_Organisator.jpg","keywords":["Management","M\u00e4rkte","Unternehmen"],"inLanguage":"de"},{"@type":"WebPage","@id":"https:\/\/www.organisator.ch\/it\/generale\/2017-07-04\/firmenfusion-aus-ekko-technik-ag-und-hans-meister-ag-wird-ekko-meister-ag\/","url":"https:\/\/www.organisator.ch\/it\/generale\/2017-07-04\/firmenfusion-aus-ekko-technik-ag-und-hans-meister-ag-wird-ekko-meister-ag\/","name":"Firmenfusion: Aus Ekko Technik AG und Hans Meister AG wird Ekko-Meister AG - Organisator","isPartOf":{"@id":"https:\/\/www.organisator.ch\/#website"},"primaryImageOfPage":{"@id":"https:\/\/www.organisator.ch\/it\/generale\/2017-07-04\/firmenfusion-aus-ekko-technik-ag-und-hans-meister-ag-wird-ekko-meister-ag\/#primaryimage"},"image":{"@id":"https:\/\/www.organisator.ch\/it\/generale\/2017-07-04\/firmenfusion-aus-ekko-technik-ag-und-hans-meister-ag-wird-ekko-meister-ag\/#primaryimage"},"thumbnailUrl":"https:\/\/www.organisator.ch\/wp-content\/uploads\/2017\/07\/Firmenfusion-Aus-Ekko-Technik-AG-und-Hans-Meister-AG-wird-Ekko-Meister-AG_Organisator.jpg","datePublished":"2017-07-04T06:10:31+00:00","description":"Die in Lengnau BE ans\u00e4ssige Ekko Technik AG und die aus Grenchen SO stammende Hans Meister AG sind mit sofortiger Wirkung zur Ekko-Meister AG fusioniert.","breadcrumb":{"@id":"https:\/\/www.organisator.ch\/it\/generale\/2017-07-04\/firmenfusion-aus-ekko-technik-ag-und-hans-meister-ag-wird-ekko-meister-ag\/#breadcrumb"},"inLanguage":"de","potentialAction":[{"@type":"ReadAction","target":["https:\/\/www.organisator.ch\/it\/generale\/2017-07-04\/firmenfusion-aus-ekko-technik-ag-und-hans-meister-ag-wird-ekko-meister-ag\/"]}]},{"@type":"ImageObject","inLanguage":"de","@id":"https:\/\/www.organisator.ch\/it\/generale\/2017-07-04\/firmenfusion-aus-ekko-technik-ag-und-hans-meister-ag-wird-ekko-meister-ag\/#primaryimage","url":"https:\/\/www.organisator.ch\/wp-content\/uploads\/2017\/07\/Firmenfusion-Aus-Ekko-Technik-AG-und-Hans-Meister-AG-wird-Ekko-Meister-AG_Organisator.jpg","contentUrl":"https:\/\/www.organisator.ch\/wp-content\/uploads\/2017\/07\/Firmenfusion-Aus-Ekko-Technik-AG-und-Hans-Meister-AG-wird-Ekko-Meister-AG_Organisator.jpg","width":426,"height":391,"caption":"VRP Walter Sahli nach der Firmenfusion: \u201eDer Zusammenschluss beider Firmen ist eine Win-Win-Situation f\u00fcr alle Beteiligten.\" (Bild: zVg)"},{"@type":"BreadcrumbList","@id":"https:\/\/www.organisator.ch\/it\/generale\/2017-07-04\/firmenfusion-aus-ekko-technik-ag-und-hans-meister-ag-wird-ekko-meister-ag\/#breadcrumb","itemListElement":[{"@type":"ListItem","position":1,"name":"Home","item":"https:\/\/www.organisator.ch\/"},{"@type":"ListItem","position":2,"name":"Firmenfusion: Aus Ekko Technik AG und Hans Meister AG wird Ekko-Meister AG"}]},{"@type":"WebSite","@id":"https:\/\/www.organisator.ch\/#website","url":"https:\/\/www.organisator.ch\/","name":"Organisator","description":"Kompetent. Praxisnah. Der ORGANISATOR bereitet in 10 Ausgaben pro Jahr die wesentlichen Themen f\u00fcr F\u00fchrungskr\u00e4fte von KMU auf.","publisher":{"@id":"https:\/\/www.organisator.ch\/#organization"},"potentialAction":[{"@type":"SearchAction","target":{"@type":"EntryPoint","urlTemplate":"https:\/\/www.organisator.ch\/?s={search_term_string}"},"query-input":{"@type":"PropertyValueSpecification","valueRequired":true,"valueName":"search_term_string"}}],"inLanguage":"de"},{"@type":"Organization","@id":"https:\/\/www.organisator.ch\/#organization","name":"Organisator","url":"https:\/\/www.organisator.ch\/","logo":{"@type":"ImageObject","inLanguage":"de","@id":"https:\/\/www.organisator.ch\/#\/schema\/logo\/image\/","url":"https:\/\/www.organisator.ch\/wp-content\/uploads\/2022\/01\/Logo_Organisator_Website.png","contentUrl":"https:\/\/www.organisator.ch\/wp-content\/uploads\/2022\/01\/Logo_Organisator_Website.png","width":800,"height":77,"caption":"Organisator"},"image":{"@id":"https:\/\/www.organisator.ch\/#\/schema\/logo\/image\/"},"sameAs":["https:\/\/www.facebook.com\/OrganisatorFachmagazin","https:\/\/www.linkedin.com\/showcase\/organisator-das-magazin-fr-kmu","https:\/\/www.xing.com\/news\/pages\/organisator-ch-695","https:\/\/www.youtube.com\/channel\/UCGP2Sq0iWaZwT3BdIAQFYpw"]},{"@type":"Person","@id":"https:\/\/www.organisator.ch\/#\/schema\/person\/6f650f90b2842cd4c0cc334b4e36f67e","name":"thomas.berner","image":{"@type":"ImageObject","inLanguage":"de","@id":"https:\/\/secure.gravatar.com\/avatar\/ac5001d2a36cb6c6cd3e50789007ffca834b477b74a2144564522e944eabff61?s=96&d=mm&r=g","url":"https:\/\/secure.gravatar.com\/avatar\/ac5001d2a36cb6c6cd3e50789007ffca834b477b74a2144564522e944eabff61?s=96&d=mm&r=g","contentUrl":"https:\/\/secure.gravatar.com\/avatar\/ac5001d2a36cb6c6cd3e50789007ffca834b477b74a2144564522e944eabff61?s=96&d=mm&r=g","caption":"thomas.berner"},"url":"https:\/\/www.organisator.ch\/de\/author\/thomas-berner\/"}]}},"_links":{"self":[{"href":"https:\/\/www.organisator.ch\/de\/wp-json\/wp\/v2\/posts\/2140","targetHints":{"allow":["GET"]}}],"collection":[{"href":"https:\/\/www.organisator.ch\/de\/wp-json\/wp\/v2\/posts"}],"about":[{"href":"https:\/\/www.organisator.ch\/de\/wp-json\/wp\/v2\/types\/post"}],"author":[{"embeddable":true,"href":"https:\/\/www.organisator.ch\/de\/wp-json\/wp\/v2\/users\/4"}],"replies":[{"embeddable":true,"href":"https:\/\/www.organisator.ch\/de\/wp-json\/wp\/v2\/comments?post=2140"}],"version-history":[{"count":0,"href":"https:\/\/www.organisator.ch\/de\/wp-json\/wp\/v2\/posts\/2140\/revisions"}],"wp:featuredmedia":[{"embeddable":true,"href":"https:\/\/www.organisator.ch\/de\/wp-json\/wp\/v2\/media\/2141"}],"wp:attachment":[{"href":"https:\/\/www.organisator.ch\/de\/wp-json\/wp\/v2\/media?parent=2140"}],"wp:term":[{"taxonomy":"category","embeddable":true,"href":"https:\/\/www.organisator.ch\/de\/wp-json\/wp\/v2\/categories?post=2140"},{"taxonomy":"post_tag","embeddable":true,"href":"https:\/\/www.organisator.ch\/de\/wp-json\/wp\/v2\/tags?post=2140"}],"curies":[{"name":"wp","href":"https:\/\/api.w.org\/{rel}","templated":true}]}}