{"id":2142,"date":"2019-05-16T11:29:24","date_gmt":"2019-05-16T09:29:24","guid":{"rendered":"https:\/\/www.umweltperspektiven.ch\/?p=2142"},"modified":"2022-02-09T11:05:36","modified_gmt":"2022-02-09T10:05:36","slug":"die-pet-flasche-streber-oder-buhmann","status":"publish","type":"post","link":"https:\/\/www.organisator.ch\/de\/sustainability\/2019-05-16\/die-pet-flasche-streber-oder-buhmann\/","title":{"rendered":"Die PET Flasche &#8211; Streber oder Buhmann?"},"content":{"rendered":"<figure id=\"attachment_2143\" aria-describedby=\"caption-attachment-2143\" style=\"width: 680px\" class=\"wp-caption alignnone\"><img loading=\"lazy\" decoding=\"async\" class=\"size-medium wp-image-2143\" src=\"\/\/www.umweltperspektiven.ch\/wp-content\/uploads\/2019\/05\/Die-PET-Flasche-Streber-oder-Buhmann.-UP_Umwelt-Perspektive.jpg\" alt=\"\" width=\"680\" height=\"454\" \/><figcaption id=\"caption-attachment-2143\" class=\"wp-caption-text\">Kunststoff ist der Buhmann unter den Verpackungsmaterialien. Auch PET-Flaschen stehen immer wieder in der Kritik. Doch wie sehen eigentlich unabh\u00e4ngige Experten diese Diskussion? (Quelle: Forum PET)<\/figcaption><\/figure>\n<p>Kunststoff, auch PET-Flaschen stehen immer wieder in der Kritik. Doch wie sehen eigentlich unabh\u00e4ngige Experten diese Diskussion? Warum sich Argumente f\u00fcr die scheinbar schlechte \u00d6kobilanz aus wissenschaftlicher Sicht nicht halten lassen, erkl\u00e4rt Benedikt Kauertz, Fachbereichsleiter Industrie und Produkte am unabh\u00e4ngigen Heidelberger ifeu-Institut, im Interview.<\/p>\n<p><strong><em>Kunststoff steht \u00f6ffentlich unter Druck. Teilweise wird er als Grund zahlreicher Umweltbelastungen ausgemacht. Wie erleben Sie die Diskussion?<\/em><\/strong><\/p>\n<p>In der \u00d6ffentlichkeit nehmen wir stellenweise eine enorme Vereinfachung der Sachverhalte wahr. Zugegeben, \u00d6kobilanzen zur neutralen Bewertung von Verpackungsarten sind sehr komplex. Materialbedarf, Energieaufwand in Produktion und beim Recycling, der Anteil von recyceltem PET-Material in neuen Flaschen und vieles mehr spielen eine Rolle. Welche Verpackungsart sich f\u00fcr ein bestimmtes Produkt eignet, h\u00e4ngt von mehreren Faktoren ab. Deshalb sollte man eine bestimmte Verpackungsart nicht pauschal verteufeln.<\/p>\n<p><strong><em>Wie schneiden PET-Getr\u00e4nkeverpackungen aktuell aus \u00f6kobilanzieller Sicht ab?<\/em><\/strong><\/p>\n<p>PET-Flaschen stehen \u00f6kobilanziell vergleichsweise gut dar. Das liegt insbesondere an dem leichten Gewicht und den damit verbundenen CO<sub>2<\/sub>-Einsparungen beim Transport gegen\u00fcber zum Beispiel schwererem Glas. In diesem Bereich hat sich sehr viel getan. Diese positiven Eigenschaften von PET-Flaschen gelten f\u00fcr Limonade sowie stilles und karbonisiertes Wasser. Das sind nat\u00fcrlich die relevantesten Getr\u00e4nkearten am deutschen Markt, f\u00fcr die Kunststoff als Verpackungsmaterial eine Rolle spielt. Au\u00dferdem wirkt das Einwegpfand hier positiv. Die Wertstoffkreisl\u00e4ufe sind nahezu geschlossen. Das beg\u00fcnstigt wiederum eine positive \u00d6kobilanz. Entgegen der landl\u00e4ufigen Meinung beinhalten PET-Flaschen zudem keine Weichmacher.<\/p>\n<p><strong><em>Sie sprechen positiv \u00fcber PET. Woher kommt aus Ihrer Sicht die negative Grundhaltung in der \u00d6ffentlichkeit?<\/em><\/strong><\/p>\n<p>Obwohl sich die Einf\u00fchrung des Einwegpfands 2003 positiv auf die Meinung der Bev\u00f6lkerung niederschlug, hat die Kritik an PET-Flaschen, die sich bis heute h\u00e4lt, in dieser Zeit ihren Ursprung. Die ersten \u00d6kobilanzen des Umweltbundesamtes 2000 und 2004 waren eigentlich bereits vergleichsweise gut. 2008 kam die n\u00e4chste \u00d6kobilanz zu dem Schluss, insbesondere PET-Einwegflaschen seien nachteilig.<\/p>\n<p><strong><em>Woran lag das?<\/em><\/strong><\/p>\n<p>Nach der Einf\u00fchrung des Einwegpfandes 2003 hatten zuerst viele Discounter Getr\u00e4nke aus PET-Einwegflaschen aus dem Sortiment genommen. In Folge dessen konsolidierte sich der Markt. Die Abf\u00fcllung von PET-Flaschen konzentrierte sich bei nur wenigen Herstellern. Als die Discounter PET-Einwegflaschen nach und nach wieder ins Sortiment nahmen, mussten die verbliebenen Mineralbrunnen \u00fcber weite Strecken liefern. Zu diesem negativen Faktor kamen damals noch vergleichsweise schwere Flaschen sowie ein Einsatz von recyceltem PET-Material, der nahezu bei null lag, hinzu. Es gab zudem auch kaum Recyclingkapazit\u00e4ten in Deutschland. All dies floss in die \u00d6kobilanz 2008 ein. Seitdem hei\u00dft es in der \u00d6ffentlichkeit: Vorfahrt f\u00fcr Mehrweg \u2013 bis heute. Diese generalisierte Aussage h\u00e4lt heutigen Erkenntnissen aber nicht mehr stand.<\/p>\n<p><strong><em>Wie ging es \u00f6kobilanziell weiter?<\/em><\/strong><\/p>\n<p>Schon bei der Ver\u00f6ffentlichung der \u00d6kobilanz 2008 war klar, dass sich die \u00d6kobilanzen f\u00fcr PET-Verpackungen verbessern w\u00fcrden. 2010 erstellten wir im Auftrag der IK Industrievereinigung Kunststoffverpackungen die bisher letzte ISO-konforme \u00d6kobilanz hinsichtlich Getr\u00e4nkeverpackungen. Darin kamen wir zu folgenden Ergebnissen: PET-Mehrweg- sind vorteilhafter als Glas-Mehrwegflaschen. Und in bestimmten Segmenten sind PET-Einwegflaschen \u00f6kobilanziell sogar gleichwertig zu Glas-Mehrwegflaschen. Sicherlich spielt dabei eine Rolle, dass f\u00fcr drei Liter Mineralwasser vier 0,75-Liter-Glas-Mehrwegflaschen und nur zwei 1,5-Liter-PET-Einwegflaschen n\u00f6tig sind. Die \u00d6kobilanz ber\u00fccksichtigt diesen Effekt, indem sie alle Ergebnisse auf eine vergleichbare Ebene, n\u00e4mlich 1.000 Liter Getr\u00e4nk, skaliert. Alleine das schlug sich nat\u00fcrlich positiv f\u00fcr PET-Einwegflaschen nieder. Hinzu kamen Gewichtseinsparungen und bessere Recyclingkapazit\u00e4ten.<\/p>\n<p><strong>Demnach m\u00fcsste PET als Verpackungsmaterial doch viel positiver wahrgenommen werden.<\/strong><\/p>\n<p>Bis heute werden von den Kunststoff-Kritikern tats\u00e4chlich eher die Argumente aus der \u00d6kobilanz von 2008 weiter verbreitet. Das steht neuen Erkenntnissen entgegen.<\/p>\n<p><strong>\u2026und das, obwohl die Flaschen im aktuellen Jahrzehnt weiter optimiert worden sind.<\/strong><\/p>\n<p>Das ist richtig. Insbesondere die PET-Einwegverpackungen wurden immer weiter optimiert. Fr\u00fcher galten 40 Gramm als Gardema\u00df f\u00fcr die 1,5-Liter-PET-Einwegflasche. Heute gibt es 1,5-Liter-Flaschen f\u00fcr stilles Wasser, die nur noch wenig mehr als 20 Gramm wiegen \u2013 ein enormer Fortschritt.<\/p>\n<p><strong>Ist es vor diesem Hintergrund nicht wieder Zeit f\u00fcr eine neue \u00d6kobilanz?<\/strong><\/p>\n<p>Sinnvoll w\u00e4re eine erneute Betrachtung sicherlich. Dies scheitert aber am Mangel an Vergleichszahlen der Glas-Abf\u00fcller. Und auch die PET-Industrie d\u00fcrfte nach den Erfahrungen im Jahr 2010 im Zuge der zum Teil doch auch voreingenommenen \u00f6ffentlichen Diskussion erst einmal wenig Interesse daran haben \u2013 so gut die neuen Zahlen auch w\u00e4ren.<\/p>\n<p><strong>Also gehen Sie davon aus, dass die \u00d6kobilanz heute noch vorteilhafter f\u00fcr die PET-Verpackungen ausfallen w\u00fcrde?<\/strong><\/p>\n<p>Ja, hier hat sich einfach sehr viel getan. W\u00e4hrend PET-Mehrwegverpackungen bisher eigentlich als vorteilhafteste Getr\u00e4nkeverpackung galten, haben hoch optimierte PET-Einwegverpackungen sie heute schon eingeholt. Diese Flaschen sind sehr leicht und haben einen Anteil an recyceltem PET-Material von mehr als 50 Prozent. Und ein zweiter Umstand auf der anderen Seite kommt hinzu.<\/p>\n<p><strong>N\u00e4mlicher welcher?<\/strong><\/p>\n<p>Das Glas-Mehrwegsystem steht mehr und mehr unter Druck. Markengetr\u00e4nke kommen zunehmend in individuell gestalteten Mehrwegflaschen auf den Markt. Diese k\u00f6nnen wiederum nicht von anderen Getr\u00e4nkeabf\u00fcllern genutzt werden, wie es das Mehrweg-System eigentlich vorsieht. Eine Deloitte-Studie bescheinigt den\u00a0 tats\u00e4chlich einheitlichen Mehrwegflaschen eine h\u00f6here Anzahl an Wiederbef\u00fcllungen als den individuellen Glas-Mehrwegflaschen. Deren Anstieg wirkt sich m\u00f6glicherweise negativ auf die Mehrweg-\u00d6kobilanz aus.<\/p>\n<p><strong>H\u00f6here Mehrwegquoten werden gefordert. Ist diese Mehrweg-\/Einweg-Diskussion vor dem gerade geschilderten Hintergrund noch zeitgem\u00e4\u00df?<\/strong><\/p>\n<p>Aus unserer Sicht ein klares Nein. Wir halten eine festgeschriebene Mehrwegquote f\u00fcr nicht zielf\u00fchrend hinsichtlich der Umweltziele. Aktuell schreibt das Verpackungsgesetz eine solche Quote von 70 Prozent vor. Es findet aber keinerlei Differenzierung statt. Dieser Quote liegen pauschale Bewertungen zu Grunde, die den Ergebnissen der \u00d6kobilanzen der vergangenen Jahre zum Teil wiedersprechen oder Teilergebnisse als allgemeing\u00fcltig darstellen. Wir schlagen daher statt einer pauschalen Mehrwegquote festgeschriebene Zielwerte sowohl f\u00fcr Mehrweg als auch f\u00fcr Einweg vor.<\/p>\n<p><strong>Wie k\u00f6nnten diese aussehen<\/strong>?<\/p>\n<p>Bei Mehrweg sollte beispielsweise langfristig eine Festlegung auf die einheitlichen Mehrwegflaschen gegen\u00fcber den individuellen erfolgen. Dabei sollte eine Mindestumlaufanzahl verankert werden. Bei den PET-Einwegflaschen k\u00f6nnte ein bestimmter Anteil an recyceltem PET-Material oder ein bestimmtes Verh\u00e4ltnis zwischen F\u00fcllvolumina und Verpackungsgewicht festgeschrieben werden. Ein Anteil von recyceltem PET-Material von 50 Prozent in neuen PET-Flaschen sollte keine Ausnahme bleiben, sondern Standard werden. Auch der verst\u00e4rkte Einsatz von biobasierten Kunststoffen k\u00f6nnte die \u00d6kobilanz von Einwegflaschen weiter verbessern. Diese m\u00fcssen dann aber auf jeden Fall im Rahmen des aktuellen Kreislaufsystems recycelbar sein.<\/p>\n<p><strong>Getr\u00e4nkehersteller suchen bei Ihnen regelm\u00e4\u00dfig Rat bei der Auswahl f\u00fcr die Verpackungsart. Was geben Sie diesen mit auf den Weg?<\/strong><\/p>\n<p>So viel steht fest: Es gibt nicht die universelle Verpackungsl\u00f6sung. Sollte zum Beispiel ein Safthersteller regional an den Handel liefern, ist Glas-Mehrweg aus \u00f6kobilanzieller Sicht eine gute Wahl. Kunststoffverpackungen f\u00fcr S\u00e4fte bestehen aufgrund der notwendigen Barriereeigenschaften neben PET zum Teil aus Polyamid. Daher k\u00f6nnen sie nicht einfach in den PET-Wertstoffkreislauf aufgenommen werden, was sich wiederum negativ auf die \u00d6kobilanz auswirkt. PET-Einweg bietet dagegen sicherlich Vorteile bei der Lieferung an den Discount \u00fcber weite Transportstrecken und bei gro\u00dfen Abf\u00fcllmengen. Neben diesen \u00f6kobilanziellen Themen spielen bei der Wahl des Verpackungsmaterials aber noch ganz viele Parameter hinein \u2013 zum Beispiel die H\u00f6he der Investition in neue Maschinentechnik oder die Eigenschaften des Verpackungsmaterials, die f\u00fcr Hersteller und Handel sehr wichtig sind. Hier haben PET-Einwegverpackungen durch die Unzerbrechlichkeit, die Leichtigkeit f\u00fcr den Endverbraucher und individuelle Gestaltungsm\u00f6glichkeiten Vorteile.<\/p>\n<p><strong>Wohin bewegt sich aus Ihrer Sicht der Getr\u00e4nkemarkt?<\/strong><\/p>\n<p>Solange sich der gesetzliche Rahmen nicht drastisch \u00e4ndert, wird es sicherlich nicht die gro\u00dfen Umw\u00e4lzungen geben. Wir erwarten einen weiteren Anstieg von PET-Verpackungen bei Milch- und Milchmixgetr\u00e4nken. PET-Einwegflaschen werden dabei sicherlich auch weiter optimiert. Durch spezielle, bereits heute verf\u00fcgbare Glasinnenbeschichtungen sind PET-Flaschen f\u00fcr Saft eine Alternative, um auch Saftflaschen zu bepfanden und mit sortenreinem PET-Material zu recyceln. Aktuell dreht sich viel um weitere Materialeinsparungen. Dass der Handel das Thema f\u00fcr sich entdeckt hat, ist sicherlich positiv f\u00fcr die gesamte Verbesserung von PET-\u00d6kobilanzen. Wenn gr\u00f6\u00dfere Player am Markt vorangehen \u2013 auch bei den Getr\u00e4nkeherstellern \u2013 werden andere nachziehen.<\/p>\n<p>&nbsp;<\/p>\n<p>(Quelle: Forum PET)<\/p>\n<p>&nbsp;<\/p>\n<figure id=\"attachment_2144\" aria-describedby=\"caption-attachment-2144\" style=\"width: 667px\" class=\"wp-caption alignnone\"><img loading=\"lazy\" decoding=\"async\" class=\"wp-image-2144 size-medium\" src=\"\/\/www.umweltperspektiven.ch\/wp-content\/uploads\/2019\/05\/ifeu_Benedikt-Kauertz.jpg\" alt=\"\" width=\"667\" height=\"1000\" \/><figcaption id=\"caption-attachment-2144\" class=\"wp-caption-text\">Benedikt Kauertz vom unabh\u00e4ngigen ifeu-Institut in Heidelberg besch\u00e4ftigt sich mit der \u00d6kobilanzierung von Verpackungen. (Quelle: ifeu)<\/figcaption><\/figure>\n<p>&nbsp;<\/p>\n<p>Benedikt Kauertz<\/p>\n<p>Benedikt Kauertz ist Experte auf dem Feld der \u00d6kobilanzierung von Verpackungen. Seit seinem Eintritt in das ifeu-Institut in Heidelberg besch\u00e4ftigt er sich mit ihren Umweltauswirkungen aus verschiedenen Blickwinkeln. Heute ist er Fachbereichsleiter Industrie und Produkte. Im Fokus liegen alle Verpackungsarten von Folien \u00fcber Papier bis hin zu Glas. Das ifeu-Institut forscht und ber\u00e4t weltweit zu allen wichtigen Umwelt- und Nachhaltigkeitsthemen. Es z\u00e4hlt mit seiner fast 40-j\u00e4hrigen Erfahrung zu den bedeutenden \u00f6kologisch ausgerichteten Forschungsinstituten in Deutschland. Unter anderem kooperierte es im Bereich Verpackungs-Bilanzierung bereits oftmals mit dem Umweltbundesamt.<\/p>\n<p>&nbsp;<\/p>\n<p><a href=\"\/\/www.ifeu.de\">www.ifeu.de<\/a><\/p>\n<p>&nbsp;<\/p>\n<p>&nbsp;<\/p>\n<p>&nbsp;<\/p>\n","protected":false},"excerpt":{"rendered":"<p>Kunststoff, auch PET-Flaschen stehen immer wieder in der Kritik. Doch wie sehen eigentlich unabh\u00e4ngige Experten diese Diskussion? Warum sich Argumente f\u00fcr die scheinbar schlechte \u00d6kobilanz aus wissenschaftlicher Sicht nicht halten lassen, erkl\u00e4rt Benedikt Kauertz, Fachbereichsleiter Industrie und Produkte am unabh\u00e4ngigen Heidelberger ifeu-Institut, im Interview. Kunststoff steht \u00f6ffentlich unter Druck. Teilweise wird er als Grund zahlreicher [&hellip;]<\/p>\n","protected":false},"author":5,"featured_media":2143,"comment_status":"open","ping_status":"open","sticky":false,"template":"","format":"standard","meta":{"_acf_changed":false,"_yoast_wpseo_focuskw":"PET","_yoast_wpseo_metadesc":"\"50 Prozent Rezyklatanteil in PET-Flaschen sollte Standard werden\", meint Benedikt Kauertz, Themenleiter \u201eUmweltbewertung von Verpackungen\u201c.","articlekey":"","footnotes":""},"categories":[580],"tags":[1101,1286,1294,1896,1987],"class_list":["post-2142","post","type-post","status-publish","format-standard","has-post-thumbnail","hentry","category-sustainability","tag-entsorung","tag-getraenkemarkt","tag-glas","tag-pet","tag-recycling"],"acf":[],"yoast_head":"<!-- This site is optimized with the Yoast SEO plugin v27.4 - https:\/\/yoast.com\/product\/yoast-seo-wordpress\/ -->\n<title>Die PET Flasche - Streber oder Buhmann? - Organisator<\/title>\n<meta name=\"description\" content=\"&quot;50 Prozent Rezyklatanteil in PET-Flaschen sollte Standard werden&quot;, meint Benedikt Kauertz, Themenleiter \u201eUmweltbewertung von Verpackungen\u201c.\" \/>\n<meta name=\"robots\" content=\"index, follow, max-snippet:-1, max-image-preview:large, max-video-preview:-1\" \/>\n<link rel=\"canonical\" href=\"https:\/\/www.organisator.ch\/de\/sustainability\/2019-05-16\/die-pet-flasche-streber-oder-buhmann\/\" \/>\n<meta property=\"og:locale\" content=\"de_DE\" \/>\n<meta property=\"og:type\" content=\"article\" \/>\n<meta property=\"og:title\" content=\"Die PET Flasche - Streber oder Buhmann? - Organisator\" \/>\n<meta property=\"og:description\" content=\"&quot;50 Prozent Rezyklatanteil in PET-Flaschen sollte Standard werden&quot;, meint Benedikt Kauertz, Themenleiter \u201eUmweltbewertung von Verpackungen\u201c.\" \/>\n<meta property=\"og:url\" content=\"https:\/\/www.organisator.ch\/de\/sustainability\/2019-05-16\/die-pet-flasche-streber-oder-buhmann\/\" \/>\n<meta property=\"og:site_name\" content=\"Organisator\" \/>\n<meta property=\"article:publisher\" content=\"https:\/\/www.facebook.com\/OrganisatorFachmagazin\" \/>\n<meta property=\"article:published_time\" content=\"2019-05-16T09:29:24+00:00\" \/>\n<meta property=\"article:modified_time\" content=\"2022-02-09T10:05:36+00:00\" \/>\n<meta property=\"og:image\" content=\"https:\/\/www.organisator.ch\/wp-content\/uploads\/2019\/05\/Die-PET-Flasche-Streber-oder-Buhmann.-UP_Umwelt-Perspektive-scaled.jpg\" \/>\n\t<meta property=\"og:image:width\" content=\"2560\" \/>\n\t<meta property=\"og:image:height\" content=\"1709\" \/>\n\t<meta property=\"og:image:type\" content=\"image\/jpeg\" \/>\n<meta name=\"author\" content=\"michael.merz\" \/>\n<meta name=\"twitter:card\" content=\"summary_large_image\" \/>\n<script type=\"application\/ld+json\" class=\"yoast-schema-graph\">{\"@context\":\"https:\\\/\\\/schema.org\",\"@graph\":[{\"@type\":\"Article\",\"@id\":\"https:\\\/\\\/www.organisator.ch\\\/sustainability\\\/2019-05-16\\\/die-pet-flasche-streber-oder-buhmann\\\/#article\",\"isPartOf\":{\"@id\":\"https:\\\/\\\/www.organisator.ch\\\/sustainability\\\/2019-05-16\\\/die-pet-flasche-streber-oder-buhmann\\\/\"},\"author\":{\"name\":\"michael.merz\",\"@id\":\"https:\\\/\\\/www.organisator.ch\\\/#\\\/schema\\\/person\\\/134708ca9321c57b0362cceb7948ffbd\"},\"headline\":\"Die PET Flasche &#8211; Streber oder Buhmann?\",\"datePublished\":\"2019-05-16T09:29:24+00:00\",\"dateModified\":\"2022-02-09T10:05:36+00:00\",\"mainEntityOfPage\":{\"@id\":\"https:\\\/\\\/www.organisator.ch\\\/sustainability\\\/2019-05-16\\\/die-pet-flasche-streber-oder-buhmann\\\/\"},\"wordCount\":1483,\"commentCount\":0,\"publisher\":{\"@id\":\"https:\\\/\\\/www.organisator.ch\\\/#organization\"},\"image\":{\"@id\":\"https:\\\/\\\/www.organisator.ch\\\/sustainability\\\/2019-05-16\\\/die-pet-flasche-streber-oder-buhmann\\\/#primaryimage\"},\"thumbnailUrl\":\"https:\\\/\\\/www.organisator.ch\\\/wp-content\\\/uploads\\\/2019\\\/05\\\/Die-PET-Flasche-Streber-oder-Buhmann.-UP_Umwelt-Perspektive-scaled.jpg\",\"keywords\":[\"Entsorung\",\"Getr\u00e4nkemarkt\",\"Glas\",\"PET\",\"Recycling\"],\"articleSection\":[\"SUSTAINABILITY\"],\"inLanguage\":\"de\"},{\"@type\":\"WebPage\",\"@id\":\"https:\\\/\\\/www.organisator.ch\\\/sustainability\\\/2019-05-16\\\/die-pet-flasche-streber-oder-buhmann\\\/\",\"url\":\"https:\\\/\\\/www.organisator.ch\\\/sustainability\\\/2019-05-16\\\/die-pet-flasche-streber-oder-buhmann\\\/\",\"name\":\"Die PET Flasche - Streber oder Buhmann? - Organisator\",\"isPartOf\":{\"@id\":\"https:\\\/\\\/www.organisator.ch\\\/#website\"},\"primaryImageOfPage\":{\"@id\":\"https:\\\/\\\/www.organisator.ch\\\/sustainability\\\/2019-05-16\\\/die-pet-flasche-streber-oder-buhmann\\\/#primaryimage\"},\"image\":{\"@id\":\"https:\\\/\\\/www.organisator.ch\\\/sustainability\\\/2019-05-16\\\/die-pet-flasche-streber-oder-buhmann\\\/#primaryimage\"},\"thumbnailUrl\":\"https:\\\/\\\/www.organisator.ch\\\/wp-content\\\/uploads\\\/2019\\\/05\\\/Die-PET-Flasche-Streber-oder-Buhmann.-UP_Umwelt-Perspektive-scaled.jpg\",\"datePublished\":\"2019-05-16T09:29:24+00:00\",\"dateModified\":\"2022-02-09T10:05:36+00:00\",\"description\":\"\\\"50 Prozent Rezyklatanteil in PET-Flaschen sollte Standard werden\\\", meint Benedikt Kauertz, Themenleiter \u201eUmweltbewertung von Verpackungen\u201c.\",\"breadcrumb\":{\"@id\":\"https:\\\/\\\/www.organisator.ch\\\/sustainability\\\/2019-05-16\\\/die-pet-flasche-streber-oder-buhmann\\\/#breadcrumb\"},\"inLanguage\":\"de\",\"potentialAction\":[{\"@type\":\"ReadAction\",\"target\":[\"https:\\\/\\\/www.organisator.ch\\\/sustainability\\\/2019-05-16\\\/die-pet-flasche-streber-oder-buhmann\\\/\"]}]},{\"@type\":\"ImageObject\",\"inLanguage\":\"de\",\"@id\":\"https:\\\/\\\/www.organisator.ch\\\/sustainability\\\/2019-05-16\\\/die-pet-flasche-streber-oder-buhmann\\\/#primaryimage\",\"url\":\"https:\\\/\\\/www.organisator.ch\\\/wp-content\\\/uploads\\\/2019\\\/05\\\/Die-PET-Flasche-Streber-oder-Buhmann.-UP_Umwelt-Perspektive-scaled.jpg\",\"contentUrl\":\"https:\\\/\\\/www.organisator.ch\\\/wp-content\\\/uploads\\\/2019\\\/05\\\/Die-PET-Flasche-Streber-oder-Buhmann.-UP_Umwelt-Perspektive-scaled.jpg\",\"width\":2560,\"height\":1709,\"caption\":\"Kunststoff ist der Buhmann unter den Verpackungsmaterialien. Auch PET-Flaschen stehen immer wieder in der Kritik. Doch wie sehen eigentlich unabh\u00e4ngige Experten diese Diskussion?\"},{\"@type\":\"BreadcrumbList\",\"@id\":\"https:\\\/\\\/www.organisator.ch\\\/sustainability\\\/2019-05-16\\\/die-pet-flasche-streber-oder-buhmann\\\/#breadcrumb\",\"itemListElement\":[{\"@type\":\"ListItem\",\"position\":1,\"name\":\"Home\",\"item\":\"https:\\\/\\\/www.organisator.ch\\\/\"},{\"@type\":\"ListItem\",\"position\":2,\"name\":\"Die PET Flasche &#8211; Streber oder Buhmann?\"}]},{\"@type\":\"WebSite\",\"@id\":\"https:\\\/\\\/www.organisator.ch\\\/#website\",\"url\":\"https:\\\/\\\/www.organisator.ch\\\/\",\"name\":\"Organisator\",\"description\":\"Kompetent. Praxisnah. Der ORGANISATOR bereitet in 10 Ausgaben pro Jahr die wesentlichen Themen f\u00fcr F\u00fchrungskr\u00e4fte von KMU auf.\",\"publisher\":{\"@id\":\"https:\\\/\\\/www.organisator.ch\\\/#organization\"},\"potentialAction\":[{\"@type\":\"SearchAction\",\"target\":{\"@type\":\"EntryPoint\",\"urlTemplate\":\"https:\\\/\\\/www.organisator.ch\\\/?s={search_term_string}\"},\"query-input\":{\"@type\":\"PropertyValueSpecification\",\"valueRequired\":true,\"valueName\":\"search_term_string\"}}],\"inLanguage\":\"de\"},{\"@type\":\"Organization\",\"@id\":\"https:\\\/\\\/www.organisator.ch\\\/#organization\",\"name\":\"Organisator\",\"url\":\"https:\\\/\\\/www.organisator.ch\\\/\",\"logo\":{\"@type\":\"ImageObject\",\"inLanguage\":\"de\",\"@id\":\"https:\\\/\\\/www.organisator.ch\\\/#\\\/schema\\\/logo\\\/image\\\/\",\"url\":\"https:\\\/\\\/www.organisator.ch\\\/wp-content\\\/uploads\\\/2022\\\/01\\\/Logo_Organisator_Website.png\",\"contentUrl\":\"https:\\\/\\\/www.organisator.ch\\\/wp-content\\\/uploads\\\/2022\\\/01\\\/Logo_Organisator_Website.png\",\"width\":800,\"height\":77,\"caption\":\"Organisator\"},\"image\":{\"@id\":\"https:\\\/\\\/www.organisator.ch\\\/#\\\/schema\\\/logo\\\/image\\\/\"},\"sameAs\":[\"https:\\\/\\\/www.facebook.com\\\/OrganisatorFachmagazin\",\"https:\\\/\\\/www.linkedin.com\\\/showcase\\\/organisator-das-magazin-fr-kmu\",\"https:\\\/\\\/www.xing.com\\\/news\\\/pages\\\/organisator-ch-695\",\"https:\\\/\\\/www.youtube.com\\\/channel\\\/UCGP2Sq0iWaZwT3BdIAQFYpw\"]},{\"@type\":\"Person\",\"@id\":\"https:\\\/\\\/www.organisator.ch\\\/#\\\/schema\\\/person\\\/134708ca9321c57b0362cceb7948ffbd\",\"name\":\"michael.merz\",\"image\":{\"@type\":\"ImageObject\",\"inLanguage\":\"de\",\"@id\":\"https:\\\/\\\/secure.gravatar.com\\\/avatar\\\/?s=96&d=mm&r=g\",\"url\":\"https:\\\/\\\/secure.gravatar.com\\\/avatar\\\/?s=96&d=mm&r=g\",\"contentUrl\":\"https:\\\/\\\/secure.gravatar.com\\\/avatar\\\/?s=96&d=mm&r=g\",\"caption\":\"michael.merz\"},\"url\":\"https:\\\/\\\/www.organisator.ch\\\/de\\\/author\\\/michael-merz\\\/\"}]}<\/script>\n<!-- \/ Yoast SEO plugin. -->","yoast_head_json":{"title":"Die PET Flasche - Streber oder Buhmann? - Organisator","description":"\"50 Prozent Rezyklatanteil in PET-Flaschen sollte Standard werden\", meint Benedikt Kauertz, Themenleiter \u201eUmweltbewertung von Verpackungen\u201c.","robots":{"index":"index","follow":"follow","max-snippet":"max-snippet:-1","max-image-preview":"max-image-preview:large","max-video-preview":"max-video-preview:-1"},"canonical":"https:\/\/www.organisator.ch\/de\/sustainability\/2019-05-16\/die-pet-flasche-streber-oder-buhmann\/","og_locale":"de_DE","og_type":"article","og_title":"Die PET Flasche - Streber oder Buhmann? - Organisator","og_description":"\"50 Prozent Rezyklatanteil in PET-Flaschen sollte Standard werden\", meint Benedikt Kauertz, Themenleiter \u201eUmweltbewertung von Verpackungen\u201c.","og_url":"https:\/\/www.organisator.ch\/de\/sustainability\/2019-05-16\/die-pet-flasche-streber-oder-buhmann\/","og_site_name":"Organisator","article_publisher":"https:\/\/www.facebook.com\/OrganisatorFachmagazin","article_published_time":"2019-05-16T09:29:24+00:00","article_modified_time":"2022-02-09T10:05:36+00:00","og_image":[{"width":2560,"height":1709,"url":"https:\/\/www.organisator.ch\/wp-content\/uploads\/2019\/05\/Die-PET-Flasche-Streber-oder-Buhmann.-UP_Umwelt-Perspektive-scaled.jpg","type":"image\/jpeg"}],"author":"michael.merz","twitter_card":"summary_large_image","schema":{"@context":"https:\/\/schema.org","@graph":[{"@type":"Article","@id":"https:\/\/www.organisator.ch\/sustainability\/2019-05-16\/die-pet-flasche-streber-oder-buhmann\/#article","isPartOf":{"@id":"https:\/\/www.organisator.ch\/sustainability\/2019-05-16\/die-pet-flasche-streber-oder-buhmann\/"},"author":{"name":"michael.merz","@id":"https:\/\/www.organisator.ch\/#\/schema\/person\/134708ca9321c57b0362cceb7948ffbd"},"headline":"Die PET Flasche &#8211; Streber oder Buhmann?","datePublished":"2019-05-16T09:29:24+00:00","dateModified":"2022-02-09T10:05:36+00:00","mainEntityOfPage":{"@id":"https:\/\/www.organisator.ch\/sustainability\/2019-05-16\/die-pet-flasche-streber-oder-buhmann\/"},"wordCount":1483,"commentCount":0,"publisher":{"@id":"https:\/\/www.organisator.ch\/#organization"},"image":{"@id":"https:\/\/www.organisator.ch\/sustainability\/2019-05-16\/die-pet-flasche-streber-oder-buhmann\/#primaryimage"},"thumbnailUrl":"https:\/\/www.organisator.ch\/wp-content\/uploads\/2019\/05\/Die-PET-Flasche-Streber-oder-Buhmann.-UP_Umwelt-Perspektive-scaled.jpg","keywords":["Entsorung","Getr\u00e4nkemarkt","Glas","PET","Recycling"],"articleSection":["SUSTAINABILITY"],"inLanguage":"de"},{"@type":"WebPage","@id":"https:\/\/www.organisator.ch\/sustainability\/2019-05-16\/die-pet-flasche-streber-oder-buhmann\/","url":"https:\/\/www.organisator.ch\/sustainability\/2019-05-16\/die-pet-flasche-streber-oder-buhmann\/","name":"Die PET Flasche - Streber oder Buhmann? - Organisator","isPartOf":{"@id":"https:\/\/www.organisator.ch\/#website"},"primaryImageOfPage":{"@id":"https:\/\/www.organisator.ch\/sustainability\/2019-05-16\/die-pet-flasche-streber-oder-buhmann\/#primaryimage"},"image":{"@id":"https:\/\/www.organisator.ch\/sustainability\/2019-05-16\/die-pet-flasche-streber-oder-buhmann\/#primaryimage"},"thumbnailUrl":"https:\/\/www.organisator.ch\/wp-content\/uploads\/2019\/05\/Die-PET-Flasche-Streber-oder-Buhmann.-UP_Umwelt-Perspektive-scaled.jpg","datePublished":"2019-05-16T09:29:24+00:00","dateModified":"2022-02-09T10:05:36+00:00","description":"\"50 Prozent Rezyklatanteil in PET-Flaschen sollte Standard werden\", meint Benedikt Kauertz, Themenleiter \u201eUmweltbewertung von Verpackungen\u201c.","breadcrumb":{"@id":"https:\/\/www.organisator.ch\/sustainability\/2019-05-16\/die-pet-flasche-streber-oder-buhmann\/#breadcrumb"},"inLanguage":"de","potentialAction":[{"@type":"ReadAction","target":["https:\/\/www.organisator.ch\/sustainability\/2019-05-16\/die-pet-flasche-streber-oder-buhmann\/"]}]},{"@type":"ImageObject","inLanguage":"de","@id":"https:\/\/www.organisator.ch\/sustainability\/2019-05-16\/die-pet-flasche-streber-oder-buhmann\/#primaryimage","url":"https:\/\/www.organisator.ch\/wp-content\/uploads\/2019\/05\/Die-PET-Flasche-Streber-oder-Buhmann.-UP_Umwelt-Perspektive-scaled.jpg","contentUrl":"https:\/\/www.organisator.ch\/wp-content\/uploads\/2019\/05\/Die-PET-Flasche-Streber-oder-Buhmann.-UP_Umwelt-Perspektive-scaled.jpg","width":2560,"height":1709,"caption":"Kunststoff ist der Buhmann unter den Verpackungsmaterialien. Auch PET-Flaschen stehen immer wieder in der Kritik. Doch wie sehen eigentlich unabh\u00e4ngige Experten diese Diskussion?"},{"@type":"BreadcrumbList","@id":"https:\/\/www.organisator.ch\/sustainability\/2019-05-16\/die-pet-flasche-streber-oder-buhmann\/#breadcrumb","itemListElement":[{"@type":"ListItem","position":1,"name":"Home","item":"https:\/\/www.organisator.ch\/"},{"@type":"ListItem","position":2,"name":"Die PET Flasche &#8211; Streber oder Buhmann?"}]},{"@type":"WebSite","@id":"https:\/\/www.organisator.ch\/#website","url":"https:\/\/www.organisator.ch\/","name":"Organisator","description":"Kompetent. Praxisnah. Der ORGANISATOR bereitet in 10 Ausgaben pro Jahr die wesentlichen Themen f\u00fcr F\u00fchrungskr\u00e4fte von KMU auf.","publisher":{"@id":"https:\/\/www.organisator.ch\/#organization"},"potentialAction":[{"@type":"SearchAction","target":{"@type":"EntryPoint","urlTemplate":"https:\/\/www.organisator.ch\/?s={search_term_string}"},"query-input":{"@type":"PropertyValueSpecification","valueRequired":true,"valueName":"search_term_string"}}],"inLanguage":"de"},{"@type":"Organization","@id":"https:\/\/www.organisator.ch\/#organization","name":"Organisator","url":"https:\/\/www.organisator.ch\/","logo":{"@type":"ImageObject","inLanguage":"de","@id":"https:\/\/www.organisator.ch\/#\/schema\/logo\/image\/","url":"https:\/\/www.organisator.ch\/wp-content\/uploads\/2022\/01\/Logo_Organisator_Website.png","contentUrl":"https:\/\/www.organisator.ch\/wp-content\/uploads\/2022\/01\/Logo_Organisator_Website.png","width":800,"height":77,"caption":"Organisator"},"image":{"@id":"https:\/\/www.organisator.ch\/#\/schema\/logo\/image\/"},"sameAs":["https:\/\/www.facebook.com\/OrganisatorFachmagazin","https:\/\/www.linkedin.com\/showcase\/organisator-das-magazin-fr-kmu","https:\/\/www.xing.com\/news\/pages\/organisator-ch-695","https:\/\/www.youtube.com\/channel\/UCGP2Sq0iWaZwT3BdIAQFYpw"]},{"@type":"Person","@id":"https:\/\/www.organisator.ch\/#\/schema\/person\/134708ca9321c57b0362cceb7948ffbd","name":"michael.merz","image":{"@type":"ImageObject","inLanguage":"de","@id":"https:\/\/secure.gravatar.com\/avatar\/?s=96&d=mm&r=g","url":"https:\/\/secure.gravatar.com\/avatar\/?s=96&d=mm&r=g","contentUrl":"https:\/\/secure.gravatar.com\/avatar\/?s=96&d=mm&r=g","caption":"michael.merz"},"url":"https:\/\/www.organisator.ch\/de\/author\/michael-merz\/"}]}},"_links":{"self":[{"href":"https:\/\/www.organisator.ch\/de\/wp-json\/wp\/v2\/posts\/2142","targetHints":{"allow":["GET"]}}],"collection":[{"href":"https:\/\/www.organisator.ch\/de\/wp-json\/wp\/v2\/posts"}],"about":[{"href":"https:\/\/www.organisator.ch\/de\/wp-json\/wp\/v2\/types\/post"}],"author":[{"embeddable":true,"href":"https:\/\/www.organisator.ch\/de\/wp-json\/wp\/v2\/users\/5"}],"replies":[{"embeddable":true,"href":"https:\/\/www.organisator.ch\/de\/wp-json\/wp\/v2\/comments?post=2142"}],"version-history":[{"count":1,"href":"https:\/\/www.organisator.ch\/de\/wp-json\/wp\/v2\/posts\/2142\/revisions"}],"predecessor-version":[{"id":10409,"href":"https:\/\/www.organisator.ch\/de\/wp-json\/wp\/v2\/posts\/2142\/revisions\/10409"}],"wp:featuredmedia":[{"embeddable":true,"href":"https:\/\/www.organisator.ch\/de\/wp-json\/wp\/v2\/media\/2143"}],"wp:attachment":[{"href":"https:\/\/www.organisator.ch\/de\/wp-json\/wp\/v2\/media?parent=2142"}],"wp:term":[{"taxonomy":"category","embeddable":true,"href":"https:\/\/www.organisator.ch\/de\/wp-json\/wp\/v2\/categories?post=2142"},{"taxonomy":"post_tag","embeddable":true,"href":"https:\/\/www.organisator.ch\/de\/wp-json\/wp\/v2\/tags?post=2142"}],"curies":[{"name":"wp","href":"https:\/\/api.w.org\/{rel}","templated":true}]}}