{"id":21429,"date":"2023-08-22T13:39:59","date_gmt":"2023-08-22T11:39:59","guid":{"rendered":"https:\/\/www.organisator.ch\/?p=21429"},"modified":"2023-09-08T10:29:59","modified_gmt":"2023-09-08T08:29:59","slug":"berufsbildung-gen-z-will-gutes-arbeitsklima-sowie-wertschaetzung","status":"publish","type":"post","link":"https:\/\/www.organisator.ch\/de\/human-resources\/2023-08-22\/berufsbildung-gen-z-will-gutes-arbeitsklima-sowie-wertschaetzung\/","title":{"rendered":"Berufsbildung: Gen Z will gutes Arbeitsklima sowie Wertsch\u00e4tzung"},"content":{"rendered":"<figure id=\"attachment_21430\" aria-describedby=\"caption-attachment-21430\" style=\"width: 680px\" class=\"wp-caption alignnone\"><img loading=\"lazy\" decoding=\"async\" class=\"size-full wp-image-21430\" src=\"https:\/\/www.organisator.ch\/wp-content\/uploads\/2023\/08\/Berufsbildung-Gen-Z-will-gutes-Arbeitsklima-sowie-Wertschaetzung_Organisator.jpg\" alt=\"\" width=\"680\" height=\"453\" srcset=\"https:\/\/www.organisator.ch\/wp-content\/uploads\/2023\/08\/Berufsbildung-Gen-Z-will-gutes-Arbeitsklima-sowie-Wertschaetzung_Organisator.jpg 680w, https:\/\/www.organisator.ch\/wp-content\/uploads\/2023\/08\/Berufsbildung-Gen-Z-will-gutes-Arbeitsklima-sowie-Wertschaetzung_Organisator-18x12.jpg 18w, https:\/\/www.organisator.ch\/wp-content\/uploads\/2023\/08\/Berufsbildung-Gen-Z-will-gutes-Arbeitsklima-sowie-Wertschaetzung_Organisator-375x250.jpg 375w, https:\/\/www.organisator.ch\/wp-content\/uploads\/2023\/08\/Berufsbildung-Gen-Z-will-gutes-Arbeitsklima-sowie-Wertschaetzung_Organisator-525x350.jpg 525w\" sizes=\"auto, (max-width: 680px) 100vw, 680px\" \/><figcaption id=\"caption-attachment-21430\" class=\"wp-caption-text\">SwissSkills 2022: Automatiker im Einsatz. (Foto: SwissSkills\/Michael Zanghellini)<\/figcaption><\/figure>\n<p>Infolge des demografischen Wandels und des Fachkr\u00e4ftemangels hat sich der Wettbewerb um talentierte Arbeitskr\u00e4fte sowie motivierte Auszubildende drastisch versch\u00e4rft. Gleichzeitig unterliegt die Arbeitswelt einem rasanten Wandel, der auch die Erwartungen und Bed\u00fcrfnisse der Generation Z an ihre Arbeitgeber beeinflusst. Mit der k\u00fcrzlich abgeschlossenen und schweizweit repr\u00e4sentativen Studie m\u00f6chte SwissSkills einen informativen Beitrag f\u00fcr Berufsverb\u00e4nde und Arbeitgeber leisten. Die Suche nach qualifizierten Fachkr\u00e4ften und engagierten Lernenden stellt zunehmend eine der gr\u00f6ssten Herausforderungen f\u00fcr die Wirtschaft dar.<\/p>\n<h3><strong>Die wichtigsten Erkenntnisse \u2013 in drei verschiedenen Bereichen<\/strong><\/h3>\n<p>Untersucht wurden die Gewinnung, Entwicklung und Bindung von jungen Talenten. Die Erkenntnisse der Studie zeigen, dass ein gutes Arbeitsklima, das Team, Kolleginnen und Kollegen sowohl f\u00fcr Frauen (94%) als auch f\u00fcr M\u00e4nner (87%) der wichtigste Grund f\u00fcr die Wahl des Arbeitgebenden sind.\u00a0Die Jobsuche \u00fcber klassische Stellenanzeigen steht bei beiden Geschlechtern an erster Stelle (80%), gefolgt von pers\u00f6nlichen Kontakten (75%). Soziale Medien spielen keine grosse Rolle in der Stellensuche.<\/p>\n<p>Bei der Entwicklung von jungen Talenten besteht die mit Abstand wichtigste Anforderung an F\u00fchrungskr\u00e4fte in der Wertsch\u00e4tzung, wie auch in Vertrauen und Respekt (78% bei Frauen und 77% bei M\u00e4nnern). Ehrlichkeit und eine offene Kommunikation stehen bei den Erwartungen an eine F\u00fchrungskraft sowohl bei den Frauen (65%) wie auch bei den M\u00e4nnern (61%) an zweiter Stelle<\/p>\n<p>Die drei Hauptgr\u00fcnde, warum junge Menschen ein Unternehmen verlassen, sind zwischenmenschlicher Natur; ein schlechtes Betriebsklima (64%), mangelnde Wertsch\u00e4tzung (62%) und Unzufriedenheit mit der F\u00fchrungskraft (41%) sind kaum f\u00f6rderlich f\u00fcr eine l\u00e4ngere Mitarbeiterbindung. Dennoch ist Arbeitsplatzsicherheit sowohl f\u00fcr Frauen (50%) als auch f\u00fcr M\u00e4nner (44%) ein wichtiges Bed\u00fcrfnis, auch in Zeiten niedriger Arbeitslosigkeit und zunehmenden Fachkr\u00e4ftemangels.<\/p>\n<h3><strong>Repr\u00e4sentativ f\u00fcr die ganze Schweiz und alle Branchen<\/strong><\/h3>\n<p>Die SwissSkills Studie wurde in Kooperation mit \u00abKitoko People\u00bb erstellt. F\u00fcr sie wurden insgesamt 600 Personen zwischen 17 bis 27 Jahren in der ganzen Schweiz online befragt. Davon stammten 460 Personen aus der deutschsprachigen Schweiz, 100 aus der franz\u00f6sischsprachigen Schweiz und 40 aus der italienischsprachigen Schweiz. Das Befragungssample deckt einen Grossteil der Branchen ab. Die Daten wurden im Zeitraum von M\u00e4rz 2023 bis Mai 2023 gesammelt. Die befragten Personen waren die SwissSkills Ambassadors und alle Teilnehmenden der SwissSkills 2022. Damit orientiert sich die Studie an den besten Berufstalenten der Schweiz.<\/p>\n<p><em>Quelle: <a href=\"http:\/\/www.swiss-skills.ch\">SwissSkills<\/a><\/em><\/p>\n","protected":false},"excerpt":{"rendered":"<p>SwissSkills hat die repr\u00e4sentative Studie \u00abErwartungen der Gen Z an die Arbeitswelt\u00bb entwickelt. Darin werden die Anforderungen und Motive der besten Berufstalente und Lernenden aus der ganzen Schweiz an die Arbeitswelt und ihre Arbeitgeberinnen und Arbeitgeber untersucht. Die im Fr\u00fchjahr 2023 branchen\u00fcbergreifend durchgef\u00fchrte Umfrage liefert nun interessante Ergebnisse. <\/p>\n","protected":false},"author":4,"featured_media":21430,"comment_status":"closed","ping_status":"closed","sticky":false,"template":"","format":"standard","meta":{"_acf_changed":false,"_yoast_wpseo_focuskw":"Arbeitsklima","_yoast_wpseo_metadesc":"Die Studie \u00abErwartungen der Gen Z an die Arbeitswelt\u00bb von SwissSkills zeigt: Arbeitsklima und Wertsch\u00e4tzung sind der Gen Z besonders wichtig.","articlekey":"","footnotes":""},"categories":[579],"tags":[73,254,459,2699],"class_list":["post-21429","post","type-post","status-publish","format-standard","has-post-thumbnail","hentry","category-human-resources","tag-berufsbildung","tag-hrm","tag-studie","tag-swissskills"],"acf":[],"yoast_head":"<!-- This site is optimized with the Yoast SEO plugin v27.5 - https:\/\/yoast.com\/product\/yoast-seo-wordpress\/ -->\n<title>Berufsbildung: Gen Z will gutes Arbeitsklima sowie Wertsch\u00e4tzung - Organisator<\/title>\n<meta name=\"description\" content=\"Die Studie \u00abErwartungen der Gen Z an die Arbeitswelt\u00bb von SwissSkills zeigt: Arbeitsklima und Wertsch\u00e4tzung sind der Gen Z besonders wichtig.\" \/>\n<meta name=\"robots\" content=\"index, follow, max-snippet:-1, max-image-preview:large, max-video-preview:-1\" \/>\n<link rel=\"canonical\" href=\"https:\/\/www.organisator.ch\/de\/human-resources\/2023-08-22\/berufsbildung-gen-z-will-gutes-arbeitsklima-sowie-wertschaetzung\/\" \/>\n<meta property=\"og:locale\" content=\"de_DE\" \/>\n<meta property=\"og:type\" content=\"article\" \/>\n<meta property=\"og:title\" content=\"Berufsbildung: Gen Z will gutes Arbeitsklima sowie Wertsch\u00e4tzung\" \/>\n<meta property=\"og:description\" content=\"Die Studie \u00abErwartungen der Gen Z an die Arbeitswelt\u00bb von SwissSkills zeigt: Arbeitsklima und Wertsch\u00e4tzung sind der Gen Z besonders wichtig.\" \/>\n<meta property=\"og:url\" content=\"https:\/\/www.organisator.ch\/de\/human-resources\/2023-08-22\/berufsbildung-gen-z-will-gutes-arbeitsklima-sowie-wertschaetzung\/\" \/>\n<meta property=\"og:site_name\" content=\"Organisator\" \/>\n<meta property=\"article:publisher\" content=\"https:\/\/www.facebook.com\/OrganisatorFachmagazin\" \/>\n<meta property=\"article:published_time\" content=\"2023-08-22T11:39:59+00:00\" \/>\n<meta property=\"article:modified_time\" content=\"2023-09-08T08:29:59+00:00\" \/>\n<meta property=\"og:image\" content=\"https:\/\/www.organisator.ch\/wp-content\/uploads\/2023\/08\/Berufsbildung-Gen-Z-will-gutes-Arbeitsklima-sowie-Wertschaetzung_Organisator.jpg\" \/>\n\t<meta property=\"og:image:width\" content=\"680\" \/>\n\t<meta property=\"og:image:height\" content=\"453\" \/>\n\t<meta property=\"og:image:type\" content=\"image\/jpeg\" \/>\n<meta name=\"author\" content=\"thomas.berner\" \/>\n<meta name=\"twitter:card\" content=\"summary_large_image\" \/>\n<meta name=\"twitter:title\" content=\"#Berufsbildung: Gen Z will gutes #Arbeitsklima sowie #Wertsch\u00e4tzung\" \/>\n<meta name=\"twitter:description\" content=\"Die Studie \u00abErwartungen der Gen Z an die Arbeitswelt\u00bb von #SwissSkills zeigt: #Arbeitsklima und #Wertsch\u00e4tzung sind der Gen Z besonders wichtig.\" \/>\n<meta name=\"twitter:image\" content=\"https:\/\/www.organisator.ch\/wp-content\/uploads\/2023\/08\/Berufsbildung-Gen-Z-will-gutes-Arbeitsklima-sowie-Wertschaetzung_Organisator.jpg\" \/>\n<script type=\"application\/ld+json\" class=\"yoast-schema-graph\">{\"@context\":\"https:\\\/\\\/schema.org\",\"@graph\":[{\"@type\":\"Article\",\"@id\":\"https:\\\/\\\/www.organisator.ch\\\/human-resources\\\/2023-08-22\\\/berufsbildung-gen-z-will-gutes-arbeitsklima-sowie-wertschaetzung\\\/#article\",\"isPartOf\":{\"@id\":\"https:\\\/\\\/www.organisator.ch\\\/human-resources\\\/2023-08-22\\\/berufsbildung-gen-z-will-gutes-arbeitsklima-sowie-wertschaetzung\\\/\"},\"author\":{\"name\":\"thomas.berner\",\"@id\":\"https:\\\/\\\/www.organisator.ch\\\/#\\\/schema\\\/person\\\/6f650f90b2842cd4c0cc334b4e36f67e\"},\"headline\":\"Berufsbildung: Gen Z will gutes Arbeitsklima sowie Wertsch\u00e4tzung\",\"datePublished\":\"2023-08-22T11:39:59+00:00\",\"dateModified\":\"2023-09-08T08:29:59+00:00\",\"mainEntityOfPage\":{\"@id\":\"https:\\\/\\\/www.organisator.ch\\\/human-resources\\\/2023-08-22\\\/berufsbildung-gen-z-will-gutes-arbeitsklima-sowie-wertschaetzung\\\/\"},\"wordCount\":403,\"publisher\":{\"@id\":\"https:\\\/\\\/www.organisator.ch\\\/#organization\"},\"image\":{\"@id\":\"https:\\\/\\\/www.organisator.ch\\\/human-resources\\\/2023-08-22\\\/berufsbildung-gen-z-will-gutes-arbeitsklima-sowie-wertschaetzung\\\/#primaryimage\"},\"thumbnailUrl\":\"https:\\\/\\\/www.organisator.ch\\\/wp-content\\\/uploads\\\/2023\\\/08\\\/Berufsbildung-Gen-Z-will-gutes-Arbeitsklima-sowie-Wertschaetzung_Organisator.jpg\",\"keywords\":[\"Berufsbildung\",\"HRM\",\"Studie\",\"SwissSkills\"],\"articleSection\":[\"HUMAN RESOURCES\"],\"inLanguage\":\"de\"},{\"@type\":\"WebPage\",\"@id\":\"https:\\\/\\\/www.organisator.ch\\\/human-resources\\\/2023-08-22\\\/berufsbildung-gen-z-will-gutes-arbeitsklima-sowie-wertschaetzung\\\/\",\"url\":\"https:\\\/\\\/www.organisator.ch\\\/human-resources\\\/2023-08-22\\\/berufsbildung-gen-z-will-gutes-arbeitsklima-sowie-wertschaetzung\\\/\",\"name\":\"Berufsbildung: Gen Z will gutes Arbeitsklima sowie Wertsch\u00e4tzung - Organisator\",\"isPartOf\":{\"@id\":\"https:\\\/\\\/www.organisator.ch\\\/#website\"},\"primaryImageOfPage\":{\"@id\":\"https:\\\/\\\/www.organisator.ch\\\/human-resources\\\/2023-08-22\\\/berufsbildung-gen-z-will-gutes-arbeitsklima-sowie-wertschaetzung\\\/#primaryimage\"},\"image\":{\"@id\":\"https:\\\/\\\/www.organisator.ch\\\/human-resources\\\/2023-08-22\\\/berufsbildung-gen-z-will-gutes-arbeitsklima-sowie-wertschaetzung\\\/#primaryimage\"},\"thumbnailUrl\":\"https:\\\/\\\/www.organisator.ch\\\/wp-content\\\/uploads\\\/2023\\\/08\\\/Berufsbildung-Gen-Z-will-gutes-Arbeitsklima-sowie-Wertschaetzung_Organisator.jpg\",\"datePublished\":\"2023-08-22T11:39:59+00:00\",\"dateModified\":\"2023-09-08T08:29:59+00:00\",\"description\":\"Die Studie \u00abErwartungen der Gen Z an die Arbeitswelt\u00bb von SwissSkills zeigt: Arbeitsklima und Wertsch\u00e4tzung sind der Gen Z besonders wichtig.\",\"breadcrumb\":{\"@id\":\"https:\\\/\\\/www.organisator.ch\\\/human-resources\\\/2023-08-22\\\/berufsbildung-gen-z-will-gutes-arbeitsklima-sowie-wertschaetzung\\\/#breadcrumb\"},\"inLanguage\":\"de\",\"potentialAction\":[{\"@type\":\"ReadAction\",\"target\":[\"https:\\\/\\\/www.organisator.ch\\\/human-resources\\\/2023-08-22\\\/berufsbildung-gen-z-will-gutes-arbeitsklima-sowie-wertschaetzung\\\/\"]}]},{\"@type\":\"ImageObject\",\"inLanguage\":\"de\",\"@id\":\"https:\\\/\\\/www.organisator.ch\\\/human-resources\\\/2023-08-22\\\/berufsbildung-gen-z-will-gutes-arbeitsklima-sowie-wertschaetzung\\\/#primaryimage\",\"url\":\"https:\\\/\\\/www.organisator.ch\\\/wp-content\\\/uploads\\\/2023\\\/08\\\/Berufsbildung-Gen-Z-will-gutes-Arbeitsklima-sowie-Wertschaetzung_Organisator.jpg\",\"contentUrl\":\"https:\\\/\\\/www.organisator.ch\\\/wp-content\\\/uploads\\\/2023\\\/08\\\/Berufsbildung-Gen-Z-will-gutes-Arbeitsklima-sowie-Wertschaetzung_Organisator.jpg\",\"width\":680,\"height\":453,\"caption\":\"SwissSkills 2022: Automatiker im Einsatz. (Foto: SwissSkills\\\/Michael Zanghellini)\"},{\"@type\":\"BreadcrumbList\",\"@id\":\"https:\\\/\\\/www.organisator.ch\\\/human-resources\\\/2023-08-22\\\/berufsbildung-gen-z-will-gutes-arbeitsklima-sowie-wertschaetzung\\\/#breadcrumb\",\"itemListElement\":[{\"@type\":\"ListItem\",\"position\":1,\"name\":\"Home\",\"item\":\"https:\\\/\\\/www.organisator.ch\\\/\"},{\"@type\":\"ListItem\",\"position\":2,\"name\":\"Berufsbildung: Gen Z will gutes Arbeitsklima sowie Wertsch\u00e4tzung\"}]},{\"@type\":\"WebSite\",\"@id\":\"https:\\\/\\\/www.organisator.ch\\\/#website\",\"url\":\"https:\\\/\\\/www.organisator.ch\\\/\",\"name\":\"Organisator\",\"description\":\"Kompetent. Praxisnah. Der ORGANISATOR bereitet in 10 Ausgaben pro Jahr die wesentlichen Themen f\u00fcr F\u00fchrungskr\u00e4fte von KMU auf.\",\"publisher\":{\"@id\":\"https:\\\/\\\/www.organisator.ch\\\/#organization\"},\"potentialAction\":[{\"@type\":\"SearchAction\",\"target\":{\"@type\":\"EntryPoint\",\"urlTemplate\":\"https:\\\/\\\/www.organisator.ch\\\/?s={search_term_string}\"},\"query-input\":{\"@type\":\"PropertyValueSpecification\",\"valueRequired\":true,\"valueName\":\"search_term_string\"}}],\"inLanguage\":\"de\"},{\"@type\":\"Organization\",\"@id\":\"https:\\\/\\\/www.organisator.ch\\\/#organization\",\"name\":\"Organisator\",\"url\":\"https:\\\/\\\/www.organisator.ch\\\/\",\"logo\":{\"@type\":\"ImageObject\",\"inLanguage\":\"de\",\"@id\":\"https:\\\/\\\/www.organisator.ch\\\/#\\\/schema\\\/logo\\\/image\\\/\",\"url\":\"https:\\\/\\\/www.organisator.ch\\\/wp-content\\\/uploads\\\/2022\\\/01\\\/Logo_Organisator_Website.png\",\"contentUrl\":\"https:\\\/\\\/www.organisator.ch\\\/wp-content\\\/uploads\\\/2022\\\/01\\\/Logo_Organisator_Website.png\",\"width\":800,\"height\":77,\"caption\":\"Organisator\"},\"image\":{\"@id\":\"https:\\\/\\\/www.organisator.ch\\\/#\\\/schema\\\/logo\\\/image\\\/\"},\"sameAs\":[\"https:\\\/\\\/www.facebook.com\\\/OrganisatorFachmagazin\",\"https:\\\/\\\/www.linkedin.com\\\/showcase\\\/organisator-das-magazin-fr-kmu\",\"https:\\\/\\\/www.xing.com\\\/news\\\/pages\\\/organisator-ch-695\",\"https:\\\/\\\/www.youtube.com\\\/channel\\\/UCGP2Sq0iWaZwT3BdIAQFYpw\"]},{\"@type\":\"Person\",\"@id\":\"https:\\\/\\\/www.organisator.ch\\\/#\\\/schema\\\/person\\\/6f650f90b2842cd4c0cc334b4e36f67e\",\"name\":\"thomas.berner\",\"image\":{\"@type\":\"ImageObject\",\"inLanguage\":\"de\",\"@id\":\"https:\\\/\\\/secure.gravatar.com\\\/avatar\\\/ac5001d2a36cb6c6cd3e50789007ffca834b477b74a2144564522e944eabff61?s=96&d=mm&r=g\",\"url\":\"https:\\\/\\\/secure.gravatar.com\\\/avatar\\\/ac5001d2a36cb6c6cd3e50789007ffca834b477b74a2144564522e944eabff61?s=96&d=mm&r=g\",\"contentUrl\":\"https:\\\/\\\/secure.gravatar.com\\\/avatar\\\/ac5001d2a36cb6c6cd3e50789007ffca834b477b74a2144564522e944eabff61?s=96&d=mm&r=g\",\"caption\":\"thomas.berner\"},\"url\":\"https:\\\/\\\/www.organisator.ch\\\/de\\\/author\\\/thomas-berner\\\/\"}]}<\/script>\n<!-- \/ Yoast SEO plugin. -->","yoast_head_json":{"title":"Berufsbildung: Gen Z will gutes Arbeitsklima sowie Wertsch\u00e4tzung - Organisator","description":"Die Studie \u00abErwartungen der Gen Z an die Arbeitswelt\u00bb von SwissSkills zeigt: Arbeitsklima und Wertsch\u00e4tzung sind der Gen Z besonders wichtig.","robots":{"index":"index","follow":"follow","max-snippet":"max-snippet:-1","max-image-preview":"max-image-preview:large","max-video-preview":"max-video-preview:-1"},"canonical":"https:\/\/www.organisator.ch\/de\/human-resources\/2023-08-22\/berufsbildung-gen-z-will-gutes-arbeitsklima-sowie-wertschaetzung\/","og_locale":"de_DE","og_type":"article","og_title":"Berufsbildung: Gen Z will gutes Arbeitsklima sowie Wertsch\u00e4tzung","og_description":"Die Studie \u00abErwartungen der Gen Z an die Arbeitswelt\u00bb von SwissSkills zeigt: Arbeitsklima und Wertsch\u00e4tzung sind der Gen Z besonders wichtig.","og_url":"https:\/\/www.organisator.ch\/de\/human-resources\/2023-08-22\/berufsbildung-gen-z-will-gutes-arbeitsklima-sowie-wertschaetzung\/","og_site_name":"Organisator","article_publisher":"https:\/\/www.facebook.com\/OrganisatorFachmagazin","article_published_time":"2023-08-22T11:39:59+00:00","article_modified_time":"2023-09-08T08:29:59+00:00","og_image":[{"width":680,"height":453,"url":"https:\/\/www.organisator.ch\/wp-content\/uploads\/2023\/08\/Berufsbildung-Gen-Z-will-gutes-Arbeitsklima-sowie-Wertschaetzung_Organisator.jpg","type":"image\/jpeg"}],"author":"thomas.berner","twitter_card":"summary_large_image","twitter_title":"#Berufsbildung: Gen Z will gutes #Arbeitsklima sowie #Wertsch\u00e4tzung","twitter_description":"Die Studie \u00abErwartungen der Gen Z an die Arbeitswelt\u00bb von #SwissSkills zeigt: #Arbeitsklima und #Wertsch\u00e4tzung sind der Gen Z besonders wichtig.","twitter_image":"https:\/\/www.organisator.ch\/wp-content\/uploads\/2023\/08\/Berufsbildung-Gen-Z-will-gutes-Arbeitsklima-sowie-Wertschaetzung_Organisator.jpg","schema":{"@context":"https:\/\/schema.org","@graph":[{"@type":"Article","@id":"https:\/\/www.organisator.ch\/human-resources\/2023-08-22\/berufsbildung-gen-z-will-gutes-arbeitsklima-sowie-wertschaetzung\/#article","isPartOf":{"@id":"https:\/\/www.organisator.ch\/human-resources\/2023-08-22\/berufsbildung-gen-z-will-gutes-arbeitsklima-sowie-wertschaetzung\/"},"author":{"name":"thomas.berner","@id":"https:\/\/www.organisator.ch\/#\/schema\/person\/6f650f90b2842cd4c0cc334b4e36f67e"},"headline":"Berufsbildung: Gen Z will gutes Arbeitsklima sowie Wertsch\u00e4tzung","datePublished":"2023-08-22T11:39:59+00:00","dateModified":"2023-09-08T08:29:59+00:00","mainEntityOfPage":{"@id":"https:\/\/www.organisator.ch\/human-resources\/2023-08-22\/berufsbildung-gen-z-will-gutes-arbeitsklima-sowie-wertschaetzung\/"},"wordCount":403,"publisher":{"@id":"https:\/\/www.organisator.ch\/#organization"},"image":{"@id":"https:\/\/www.organisator.ch\/human-resources\/2023-08-22\/berufsbildung-gen-z-will-gutes-arbeitsklima-sowie-wertschaetzung\/#primaryimage"},"thumbnailUrl":"https:\/\/www.organisator.ch\/wp-content\/uploads\/2023\/08\/Berufsbildung-Gen-Z-will-gutes-Arbeitsklima-sowie-Wertschaetzung_Organisator.jpg","keywords":["Berufsbildung","HRM","Studie","SwissSkills"],"articleSection":["HUMAN RESOURCES"],"inLanguage":"de"},{"@type":"WebPage","@id":"https:\/\/www.organisator.ch\/human-resources\/2023-08-22\/berufsbildung-gen-z-will-gutes-arbeitsklima-sowie-wertschaetzung\/","url":"https:\/\/www.organisator.ch\/human-resources\/2023-08-22\/berufsbildung-gen-z-will-gutes-arbeitsklima-sowie-wertschaetzung\/","name":"Berufsbildung: Gen Z will gutes Arbeitsklima sowie Wertsch\u00e4tzung - Organisator","isPartOf":{"@id":"https:\/\/www.organisator.ch\/#website"},"primaryImageOfPage":{"@id":"https:\/\/www.organisator.ch\/human-resources\/2023-08-22\/berufsbildung-gen-z-will-gutes-arbeitsklima-sowie-wertschaetzung\/#primaryimage"},"image":{"@id":"https:\/\/www.organisator.ch\/human-resources\/2023-08-22\/berufsbildung-gen-z-will-gutes-arbeitsklima-sowie-wertschaetzung\/#primaryimage"},"thumbnailUrl":"https:\/\/www.organisator.ch\/wp-content\/uploads\/2023\/08\/Berufsbildung-Gen-Z-will-gutes-Arbeitsklima-sowie-Wertschaetzung_Organisator.jpg","datePublished":"2023-08-22T11:39:59+00:00","dateModified":"2023-09-08T08:29:59+00:00","description":"Die Studie \u00abErwartungen der Gen Z an die Arbeitswelt\u00bb von SwissSkills zeigt: Arbeitsklima und Wertsch\u00e4tzung sind der Gen Z besonders wichtig.","breadcrumb":{"@id":"https:\/\/www.organisator.ch\/human-resources\/2023-08-22\/berufsbildung-gen-z-will-gutes-arbeitsklima-sowie-wertschaetzung\/#breadcrumb"},"inLanguage":"de","potentialAction":[{"@type":"ReadAction","target":["https:\/\/www.organisator.ch\/human-resources\/2023-08-22\/berufsbildung-gen-z-will-gutes-arbeitsklima-sowie-wertschaetzung\/"]}]},{"@type":"ImageObject","inLanguage":"de","@id":"https:\/\/www.organisator.ch\/human-resources\/2023-08-22\/berufsbildung-gen-z-will-gutes-arbeitsklima-sowie-wertschaetzung\/#primaryimage","url":"https:\/\/www.organisator.ch\/wp-content\/uploads\/2023\/08\/Berufsbildung-Gen-Z-will-gutes-Arbeitsklima-sowie-Wertschaetzung_Organisator.jpg","contentUrl":"https:\/\/www.organisator.ch\/wp-content\/uploads\/2023\/08\/Berufsbildung-Gen-Z-will-gutes-Arbeitsklima-sowie-Wertschaetzung_Organisator.jpg","width":680,"height":453,"caption":"SwissSkills 2022: Automatiker im Einsatz. (Foto: SwissSkills\/Michael Zanghellini)"},{"@type":"BreadcrumbList","@id":"https:\/\/www.organisator.ch\/human-resources\/2023-08-22\/berufsbildung-gen-z-will-gutes-arbeitsklima-sowie-wertschaetzung\/#breadcrumb","itemListElement":[{"@type":"ListItem","position":1,"name":"Home","item":"https:\/\/www.organisator.ch\/"},{"@type":"ListItem","position":2,"name":"Berufsbildung: Gen Z will gutes Arbeitsklima sowie Wertsch\u00e4tzung"}]},{"@type":"WebSite","@id":"https:\/\/www.organisator.ch\/#website","url":"https:\/\/www.organisator.ch\/","name":"Organisator","description":"Kompetent. Praxisnah. Der ORGANISATOR bereitet in 10 Ausgaben pro Jahr die wesentlichen Themen f\u00fcr F\u00fchrungskr\u00e4fte von KMU auf.","publisher":{"@id":"https:\/\/www.organisator.ch\/#organization"},"potentialAction":[{"@type":"SearchAction","target":{"@type":"EntryPoint","urlTemplate":"https:\/\/www.organisator.ch\/?s={search_term_string}"},"query-input":{"@type":"PropertyValueSpecification","valueRequired":true,"valueName":"search_term_string"}}],"inLanguage":"de"},{"@type":"Organization","@id":"https:\/\/www.organisator.ch\/#organization","name":"Organisator","url":"https:\/\/www.organisator.ch\/","logo":{"@type":"ImageObject","inLanguage":"de","@id":"https:\/\/www.organisator.ch\/#\/schema\/logo\/image\/","url":"https:\/\/www.organisator.ch\/wp-content\/uploads\/2022\/01\/Logo_Organisator_Website.png","contentUrl":"https:\/\/www.organisator.ch\/wp-content\/uploads\/2022\/01\/Logo_Organisator_Website.png","width":800,"height":77,"caption":"Organisator"},"image":{"@id":"https:\/\/www.organisator.ch\/#\/schema\/logo\/image\/"},"sameAs":["https:\/\/www.facebook.com\/OrganisatorFachmagazin","https:\/\/www.linkedin.com\/showcase\/organisator-das-magazin-fr-kmu","https:\/\/www.xing.com\/news\/pages\/organisator-ch-695","https:\/\/www.youtube.com\/channel\/UCGP2Sq0iWaZwT3BdIAQFYpw"]},{"@type":"Person","@id":"https:\/\/www.organisator.ch\/#\/schema\/person\/6f650f90b2842cd4c0cc334b4e36f67e","name":"thomas.berner","image":{"@type":"ImageObject","inLanguage":"de","@id":"https:\/\/secure.gravatar.com\/avatar\/ac5001d2a36cb6c6cd3e50789007ffca834b477b74a2144564522e944eabff61?s=96&d=mm&r=g","url":"https:\/\/secure.gravatar.com\/avatar\/ac5001d2a36cb6c6cd3e50789007ffca834b477b74a2144564522e944eabff61?s=96&d=mm&r=g","contentUrl":"https:\/\/secure.gravatar.com\/avatar\/ac5001d2a36cb6c6cd3e50789007ffca834b477b74a2144564522e944eabff61?s=96&d=mm&r=g","caption":"thomas.berner"},"url":"https:\/\/www.organisator.ch\/de\/author\/thomas-berner\/"}]}},"_links":{"self":[{"href":"https:\/\/www.organisator.ch\/de\/wp-json\/wp\/v2\/posts\/21429","targetHints":{"allow":["GET"]}}],"collection":[{"href":"https:\/\/www.organisator.ch\/de\/wp-json\/wp\/v2\/posts"}],"about":[{"href":"https:\/\/www.organisator.ch\/de\/wp-json\/wp\/v2\/types\/post"}],"author":[{"embeddable":true,"href":"https:\/\/www.organisator.ch\/de\/wp-json\/wp\/v2\/users\/4"}],"replies":[{"embeddable":true,"href":"https:\/\/www.organisator.ch\/de\/wp-json\/wp\/v2\/comments?post=21429"}],"version-history":[{"count":1,"href":"https:\/\/www.organisator.ch\/de\/wp-json\/wp\/v2\/posts\/21429\/revisions"}],"predecessor-version":[{"id":21431,"href":"https:\/\/www.organisator.ch\/de\/wp-json\/wp\/v2\/posts\/21429\/revisions\/21431"}],"wp:featuredmedia":[{"embeddable":true,"href":"https:\/\/www.organisator.ch\/de\/wp-json\/wp\/v2\/media\/21430"}],"wp:attachment":[{"href":"https:\/\/www.organisator.ch\/de\/wp-json\/wp\/v2\/media?parent=21429"}],"wp:term":[{"taxonomy":"category","embeddable":true,"href":"https:\/\/www.organisator.ch\/de\/wp-json\/wp\/v2\/categories?post=21429"},{"taxonomy":"post_tag","embeddable":true,"href":"https:\/\/www.organisator.ch\/de\/wp-json\/wp\/v2\/tags?post=21429"}],"curies":[{"name":"wp","href":"https:\/\/api.w.org\/{rel}","templated":true}]}}