{"id":21435,"date":"2023-08-23T14:13:12","date_gmt":"2023-08-23T12:13:12","guid":{"rendered":"https:\/\/www.organisator.ch\/?p=21435"},"modified":"2023-08-23T14:13:12","modified_gmt":"2023-08-23T12:13:12","slug":"schweizer-geschaeftsreisende-china-wieder-am-zweitbeliebtesten","status":"publish","type":"post","link":"https:\/\/www.organisator.ch\/de\/allgemein\/2023-08-23\/schweizer-geschaeftsreisende-china-wieder-am-zweitbeliebtesten\/","title":{"rendered":"Schweizer Gesch\u00e4ftsreisende: China wieder am zweitbeliebtesten"},"content":{"rendered":"<figure id=\"attachment_21436\" aria-describedby=\"caption-attachment-21436\" style=\"width: 680px\" class=\"wp-caption alignnone\"><img loading=\"lazy\" decoding=\"async\" class=\"size-full wp-image-21436\" src=\"https:\/\/www.organisator.ch\/wp-content\/uploads\/2023\/08\/Schweizer-Geschaeftsreisende-China-wieder-am-zweitbeliebtesten-1_Organisator.jpg\" alt=\"\" width=\"680\" height=\"514\" srcset=\"https:\/\/www.organisator.ch\/wp-content\/uploads\/2023\/08\/Schweizer-Geschaeftsreisende-China-wieder-am-zweitbeliebtesten-1_Organisator.jpg 680w, https:\/\/www.organisator.ch\/wp-content\/uploads\/2023\/08\/Schweizer-Geschaeftsreisende-China-wieder-am-zweitbeliebtesten-1_Organisator-16x12.jpg 16w, https:\/\/www.organisator.ch\/wp-content\/uploads\/2023\/08\/Schweizer-Geschaeftsreisende-China-wieder-am-zweitbeliebtesten-1_Organisator-375x283.jpg 375w, https:\/\/www.organisator.ch\/wp-content\/uploads\/2023\/08\/Schweizer-Geschaeftsreisende-China-wieder-am-zweitbeliebtesten-1_Organisator-463x350.jpg 463w\" sizes=\"auto, (max-width: 680px) 100vw, 680px\" \/><figcaption id=\"caption-attachment-21436\" class=\"wp-caption-text\">Schweizer Gesch\u00e4ftsreisende haben China wieder am zweith\u00e4ufigsten zum Ziel. (Bild: Unsplash.com)<\/figcaption><\/figure>\n<p>Was sich im <a href=\"https:\/\/www.organisator.ch\/de\/allgemein\/2023-04-27\/china-fuer-schweizer-geschaeftsreisende-wieder-vielbesuchte-destination\/\">ersten Quartal bereits abgezeichnet hat<\/a>, ist nach dem 2. Quartal nun Tatsache: Nur wenige Monate nach der Grenz\u00f6ffnung Chinas hat das Land als Reiseziel von Schweizer Gesch\u00e4ftsreisenden im Ranking seine alte Position zur\u00fcckerobert. Im ersten Halbjahr 2023 belegte das Reich der Mitte unter den Fernzielen nach den USA Platz zwei und verdr\u00e4ngte damit die R\u00e4nge zwei bis vier aus dem Jahr 2022 \u2013 die Vereinigten Arabischen Emirate, Indien und Singapur \u2013 um jeweils einen Platz nach hinten. Das zeigt der AirPlus Business Travel Index, eine Auswertung der \u00fcber AirPlus abgewickelten Transaktionen f\u00fcr Flugtickets. Vergangenes Jahr war China im Fernziel-Ranking auf Platz 27 abgerutscht, nachdem das Land vor der Coronapandemie klassisch den zweiten Platz hinter den USA belegt hatte. Dennoch: Die Gesamtanzahl der verkauften China-Tickets liegt noch deutlich unter dem Niveau von 2019 (-65 Prozent). Insgesamt erh\u00f6hten sich die Ausgaben von Schweizer Unternehmen f\u00fcr Flugtickets zwischen Januar und Juni 2023 gegen\u00fcber dem gleichen Zeitraum im Vorjahr um 46 Prozent.<\/p>\n<h3>Unterschiedliche Preisentwicklung f\u00fcr Flugtickets<\/h3>\n<p>Die Ticketpreise entwickelten sich im ersten Halbjahr 2023 unterschiedlich: Business-Class-Tickets kosteten im Juni im Durchschnitt 4319 CHF und damit 3.3 Prozent weniger als noch im Januar. Eine Preissteigerung gab es hingegen in der Economy Class: Die Preise lagen im Juni bei durchschnittlich 641 CHF pro Economy-Ticket und erh\u00f6hten sich damit seit Jahresbeginn um 12.9 Prozent.<\/p>\n<figure id=\"attachment_21437\" aria-describedby=\"caption-attachment-21437\" style=\"width: 680px\" class=\"wp-caption alignnone\"><img loading=\"lazy\" decoding=\"async\" class=\"size-full wp-image-21437\" src=\"https:\/\/www.organisator.ch\/wp-content\/uploads\/2023\/08\/Schweizer-Geschaeftsreisende-China-wieder-am-zweitbeliebtesten-2_Organisator.jpg\" alt=\"\" width=\"680\" height=\"459\" srcset=\"https:\/\/www.organisator.ch\/wp-content\/uploads\/2023\/08\/Schweizer-Geschaeftsreisende-China-wieder-am-zweitbeliebtesten-2_Organisator.jpg 680w, https:\/\/www.organisator.ch\/wp-content\/uploads\/2023\/08\/Schweizer-Geschaeftsreisende-China-wieder-am-zweitbeliebtesten-2_Organisator-18x12.jpg 18w, https:\/\/www.organisator.ch\/wp-content\/uploads\/2023\/08\/Schweizer-Geschaeftsreisende-China-wieder-am-zweitbeliebtesten-2_Organisator-375x253.jpg 375w, https:\/\/www.organisator.ch\/wp-content\/uploads\/2023\/08\/Schweizer-Geschaeftsreisende-China-wieder-am-zweitbeliebtesten-2_Organisator-519x350.jpg 519w\" sizes=\"auto, (max-width: 680px) 100vw, 680px\" \/><figcaption id=\"caption-attachment-21437\" class=\"wp-caption-text\">Die Ticketpreise entwickeln sich unterschiedlich. (Grafik: Air Plus)<\/figcaption><\/figure>\n<h3>Business Travel Trends: L\u00e4ngere Reisen, mehr Business Class, Workation<\/h3>\n<p>Die Gewohnheiten der Gesch\u00e4ftsreisenden haben sich seit der Pandemie nachhaltig ver\u00e4ndert, wie die Auswertung des ersten Halbjahrs im Vergleich zum gleichen Zeitraum 2019 einmal mehr belegt:<\/p>\n<ul>\n<li>Im Verh\u00e4ltnis flogen die Mitarbeitenden von Schweizer Unternehmen h\u00e4ufiger in der Business Class (17.4 Prozent vs. 14.1 Prozent in 2019) und weniger in der Economy Class (81.5 Prozent vs. 85.5 Prozent)<\/li>\n<li>Es wurden weniger Inlandsfl\u00fcge genutzt (0,2 Prozent vs. 1.0 Prozent in 2019), daf\u00fcr mehr Langstreckenfl\u00fcge (26.5 Prozent vs. 24.2 Prozent in 2019)<\/li>\n<li>Unternehmen buchten Tickets fr\u00fcher (30.5 vs. 26.6 Tage)<\/li>\n<li>Immer mehr Reisen starteten an einem Wochenende (22.4 Prozent vs. 18.7 Prozent in 2019) \u2013 ein Indiz f\u00fcr die Trends \u00abBleisure\u00bb und \u00abWorkation\u00bb, die Kombination einer privaten und einer gesch\u00e4ftlichen Reise<\/li>\n<li>Reisen dauerten im Durchschnitt einen Tag l\u00e4nger (6.5 vs. 5.5 Tage), der Anteil von eint\u00e4gigen Trips nahm dagegen deutlich ab (4.8 Prozent vs. 9.9 Prozent in 2019)<\/li>\n<\/ul>\n<h3>Schweiz als Gesch\u00e4ftsreiseziel in Europa auf Platz 6<\/h3>\n<p>F\u00fcr die europ\u00e4ischen Gesch\u00e4ftsreisenden* war Deutschland im ersten Halbjahr ganz klar das beliebteste Reiseziel \u2013 jede f\u00fcnfte Reise steuerte einen deutschen Flughafen an. Rund jede zwanzigste Reise f\u00fchrte in die Schweiz, was ihr den sechsten Platz auf der Beliebtheitsskala der europ\u00e4ischen Gesch\u00e4ftsreisenden einbrachte (hinter Deutschland, Frankreich, Grossbritannien, Italien und Spanien).<\/p>\n<p>Andy Stehrenberger, Gesch\u00e4ftsf\u00fchrer von AirPlus in der Schweiz, kommentiert die j\u00fcngsten Ergebnisse des AirPlus Business Travel Index wie folgt: \u00abDie Reiset\u00e4tigkeit der Schweizer Gesch\u00e4ftsreisenden hat im ersten Halbjahr wieder Fahrt aufgenommen. Die Unternehmen waren dabei durchaus bereit, mehr f\u00fcr die Flugtickets auszugeben. Zudem haben die Reisenden ihre Gewohnheiten gegen\u00fcber 2019 nachhaltig ver\u00e4ndert, wie unsere Auswertung zeigt. Schweizer Unternehmen und ihre Mitarbeitenden sind zunehmend sensibilisiert, mehrere Termine im Rahmen einer l\u00e4ngeren Reise wahrzunehmen und eint\u00e4gige Gesch\u00e4ftsreisen sowie Fl\u00fcge innerhalb der Schweiz zu reduzieren. Die Mitarbeitenden ihrerseits geniessen die w\u00e4hrend der Pandemie etablierte Flexibilit\u00e4t ortsungebundenen Arbeitens. Ein Resultat davon ist die zunehmende Kombination von privaten und gesch\u00e4ftlichen Reisen.\u00bb<\/p>\n<p>*Auswertung der europ\u00e4ischen Kernm\u00e4rkte von AirPlus International (Deutschland, Schweiz, Grossbritannien, Belgien, Niederlande, Frankreich, Italien)<\/p>\n<p><em>Quelle: <a href=\"http:\/\/www.airplus.com\">Air Plus<\/a>\u00a0<\/em><\/p>\n","protected":false},"excerpt":{"rendered":"<p>Wie vor der Pandemie war China im ersten Halbjahr 2023 wieder das zweitbeliebteste Fernziel von Schweizer Unternehmen \u2013 auch wenn die Anzahl der verkauften Tickets noch deutlich dem Vor-Covid-Niveau hinterherhinkt. Das zeigt eine Auswertung des Corporate-Payment-Experten AirPlus International.<\/p>\n","protected":false},"author":4,"featured_media":21436,"comment_status":"closed","ping_status":"closed","sticky":false,"template":"","format":"standard","meta":{"_acf_changed":false,"_yoast_wpseo_focuskw":"Schweizer Gesch\u00e4ftsreisende","_yoast_wpseo_metadesc":"Wie vor der Pandemie war China im ersten Halbjahr 2023 wieder das zweitbeliebteste Fernziel f\u00fcr Schweizer Gesch\u00e4ftsreisende.","articlekey":"","footnotes":""},"categories":[1],"tags":[107,3896,487],"class_list":["post-21435","post","type-post","status-publish","format-standard","has-post-thumbnail","hentry","category-allgemein","tag-business-travel","tag-china","tag-umfrage"],"acf":[],"yoast_head":"<!-- This site is optimized with the Yoast SEO plugin v27.4 - https:\/\/yoast.com\/product\/yoast-seo-wordpress\/ -->\n<title>Schweizer Gesch\u00e4ftsreisende: China wieder am zweitbeliebtesten - Organisator<\/title>\n<meta name=\"description\" content=\"Wie vor der Pandemie war China im ersten Halbjahr 2023 wieder das zweitbeliebteste Fernziel f\u00fcr Schweizer Gesch\u00e4ftsreisende.\" \/>\n<meta name=\"robots\" content=\"index, follow, max-snippet:-1, max-image-preview:large, max-video-preview:-1\" \/>\n<link rel=\"canonical\" href=\"https:\/\/www.organisator.ch\/de\/allgemein\/2023-08-23\/schweizer-geschaeftsreisende-china-wieder-am-zweitbeliebtesten\/\" \/>\n<meta property=\"og:locale\" content=\"de_DE\" \/>\n<meta property=\"og:type\" content=\"article\" \/>\n<meta property=\"og:title\" content=\"Schweizer Gesch\u00e4ftsreisende: China wieder am zweitbeliebtesten\" \/>\n<meta property=\"og:description\" content=\"Wie vor der Pandemie war China im ersten Halbjahr 2023 wieder das zweitbeliebteste Fernziel f\u00fcr Schweizer Gesch\u00e4ftsreisende.\" \/>\n<meta property=\"og:url\" content=\"https:\/\/www.organisator.ch\/de\/allgemein\/2023-08-23\/schweizer-geschaeftsreisende-china-wieder-am-zweitbeliebtesten\/\" \/>\n<meta property=\"og:site_name\" content=\"Organisator\" \/>\n<meta property=\"article:publisher\" content=\"https:\/\/www.facebook.com\/OrganisatorFachmagazin\" \/>\n<meta property=\"article:published_time\" content=\"2023-08-23T12:13:12+00:00\" \/>\n<meta property=\"og:image\" content=\"https:\/\/www.organisator.ch\/wp-content\/uploads\/2023\/08\/Schweizer-Geschaeftsreisende-China-wieder-am-zweitbeliebtesten-1_Organisator.jpg\" \/>\n\t<meta property=\"og:image:width\" content=\"680\" \/>\n\t<meta property=\"og:image:height\" content=\"514\" \/>\n\t<meta property=\"og:image:type\" content=\"image\/jpeg\" \/>\n<meta name=\"author\" content=\"thomas.berner\" \/>\n<meta name=\"twitter:card\" content=\"summary_large_image\" \/>\n<meta name=\"twitter:title\" content=\"Schweizer #Gesch\u00e4ftsreisende: #China wieder am zweitbeliebtesten\" \/>\n<meta name=\"twitter:description\" content=\"Wie vor der Pandemie war #China im ersten Halbjahr 2023 wieder das zweitbeliebteste Fernziel f\u00fcr Schweizer #Gesch\u00e4ftsreisende.\" \/>\n<meta name=\"twitter:image\" content=\"https:\/\/www.organisator.ch\/wp-content\/uploads\/2023\/08\/Schweizer-Geschaeftsreisende-China-wieder-am-zweitbeliebtesten-1_Organisator.jpg\" \/>\n<script type=\"application\/ld+json\" class=\"yoast-schema-graph\">{\"@context\":\"https:\\\/\\\/schema.org\",\"@graph\":[{\"@type\":\"Article\",\"@id\":\"https:\\\/\\\/www.organisator.ch\\\/allgemein\\\/2023-08-23\\\/schweizer-geschaeftsreisende-china-wieder-am-zweitbeliebtesten\\\/#article\",\"isPartOf\":{\"@id\":\"https:\\\/\\\/www.organisator.ch\\\/allgemein\\\/2023-08-23\\\/schweizer-geschaeftsreisende-china-wieder-am-zweitbeliebtesten\\\/\"},\"author\":{\"name\":\"thomas.berner\",\"@id\":\"https:\\\/\\\/www.organisator.ch\\\/#\\\/schema\\\/person\\\/6f650f90b2842cd4c0cc334b4e36f67e\"},\"headline\":\"Schweizer Gesch\u00e4ftsreisende: China wieder am zweitbeliebtesten\",\"datePublished\":\"2023-08-23T12:13:12+00:00\",\"mainEntityOfPage\":{\"@id\":\"https:\\\/\\\/www.organisator.ch\\\/allgemein\\\/2023-08-23\\\/schweizer-geschaeftsreisende-china-wieder-am-zweitbeliebtesten\\\/\"},\"wordCount\":607,\"publisher\":{\"@id\":\"https:\\\/\\\/www.organisator.ch\\\/#organization\"},\"image\":{\"@id\":\"https:\\\/\\\/www.organisator.ch\\\/allgemein\\\/2023-08-23\\\/schweizer-geschaeftsreisende-china-wieder-am-zweitbeliebtesten\\\/#primaryimage\"},\"thumbnailUrl\":\"https:\\\/\\\/www.organisator.ch\\\/wp-content\\\/uploads\\\/2023\\\/08\\\/Schweizer-Geschaeftsreisende-China-wieder-am-zweitbeliebtesten-1_Organisator.jpg\",\"keywords\":[\"Business Travel\",\"China\",\"Umfrage\"],\"inLanguage\":\"de\"},{\"@type\":\"WebPage\",\"@id\":\"https:\\\/\\\/www.organisator.ch\\\/allgemein\\\/2023-08-23\\\/schweizer-geschaeftsreisende-china-wieder-am-zweitbeliebtesten\\\/\",\"url\":\"https:\\\/\\\/www.organisator.ch\\\/allgemein\\\/2023-08-23\\\/schweizer-geschaeftsreisende-china-wieder-am-zweitbeliebtesten\\\/\",\"name\":\"Schweizer Gesch\u00e4ftsreisende: China wieder am zweitbeliebtesten - Organisator\",\"isPartOf\":{\"@id\":\"https:\\\/\\\/www.organisator.ch\\\/#website\"},\"primaryImageOfPage\":{\"@id\":\"https:\\\/\\\/www.organisator.ch\\\/allgemein\\\/2023-08-23\\\/schweizer-geschaeftsreisende-china-wieder-am-zweitbeliebtesten\\\/#primaryimage\"},\"image\":{\"@id\":\"https:\\\/\\\/www.organisator.ch\\\/allgemein\\\/2023-08-23\\\/schweizer-geschaeftsreisende-china-wieder-am-zweitbeliebtesten\\\/#primaryimage\"},\"thumbnailUrl\":\"https:\\\/\\\/www.organisator.ch\\\/wp-content\\\/uploads\\\/2023\\\/08\\\/Schweizer-Geschaeftsreisende-China-wieder-am-zweitbeliebtesten-1_Organisator.jpg\",\"datePublished\":\"2023-08-23T12:13:12+00:00\",\"description\":\"Wie vor der Pandemie war China im ersten Halbjahr 2023 wieder das zweitbeliebteste Fernziel f\u00fcr Schweizer Gesch\u00e4ftsreisende.\",\"breadcrumb\":{\"@id\":\"https:\\\/\\\/www.organisator.ch\\\/allgemein\\\/2023-08-23\\\/schweizer-geschaeftsreisende-china-wieder-am-zweitbeliebtesten\\\/#breadcrumb\"},\"inLanguage\":\"de\",\"potentialAction\":[{\"@type\":\"ReadAction\",\"target\":[\"https:\\\/\\\/www.organisator.ch\\\/allgemein\\\/2023-08-23\\\/schweizer-geschaeftsreisende-china-wieder-am-zweitbeliebtesten\\\/\"]}]},{\"@type\":\"ImageObject\",\"inLanguage\":\"de\",\"@id\":\"https:\\\/\\\/www.organisator.ch\\\/allgemein\\\/2023-08-23\\\/schweizer-geschaeftsreisende-china-wieder-am-zweitbeliebtesten\\\/#primaryimage\",\"url\":\"https:\\\/\\\/www.organisator.ch\\\/wp-content\\\/uploads\\\/2023\\\/08\\\/Schweizer-Geschaeftsreisende-China-wieder-am-zweitbeliebtesten-1_Organisator.jpg\",\"contentUrl\":\"https:\\\/\\\/www.organisator.ch\\\/wp-content\\\/uploads\\\/2023\\\/08\\\/Schweizer-Geschaeftsreisende-China-wieder-am-zweitbeliebtesten-1_Organisator.jpg\",\"width\":680,\"height\":514,\"caption\":\"Schweizer Gesch\u00e4ftsreisende haben China wieder am zweith\u00e4ufigsten zum Ziel. (Bild: Unsplash.com)\"},{\"@type\":\"BreadcrumbList\",\"@id\":\"https:\\\/\\\/www.organisator.ch\\\/allgemein\\\/2023-08-23\\\/schweizer-geschaeftsreisende-china-wieder-am-zweitbeliebtesten\\\/#breadcrumb\",\"itemListElement\":[{\"@type\":\"ListItem\",\"position\":1,\"name\":\"Home\",\"item\":\"https:\\\/\\\/www.organisator.ch\\\/\"},{\"@type\":\"ListItem\",\"position\":2,\"name\":\"Schweizer Gesch\u00e4ftsreisende: China wieder am zweitbeliebtesten\"}]},{\"@type\":\"WebSite\",\"@id\":\"https:\\\/\\\/www.organisator.ch\\\/#website\",\"url\":\"https:\\\/\\\/www.organisator.ch\\\/\",\"name\":\"Organisator\",\"description\":\"Kompetent. Praxisnah. Der ORGANISATOR bereitet in 10 Ausgaben pro Jahr die wesentlichen Themen f\u00fcr F\u00fchrungskr\u00e4fte von KMU auf.\",\"publisher\":{\"@id\":\"https:\\\/\\\/www.organisator.ch\\\/#organization\"},\"potentialAction\":[{\"@type\":\"SearchAction\",\"target\":{\"@type\":\"EntryPoint\",\"urlTemplate\":\"https:\\\/\\\/www.organisator.ch\\\/?s={search_term_string}\"},\"query-input\":{\"@type\":\"PropertyValueSpecification\",\"valueRequired\":true,\"valueName\":\"search_term_string\"}}],\"inLanguage\":\"de\"},{\"@type\":\"Organization\",\"@id\":\"https:\\\/\\\/www.organisator.ch\\\/#organization\",\"name\":\"Organisator\",\"url\":\"https:\\\/\\\/www.organisator.ch\\\/\",\"logo\":{\"@type\":\"ImageObject\",\"inLanguage\":\"de\",\"@id\":\"https:\\\/\\\/www.organisator.ch\\\/#\\\/schema\\\/logo\\\/image\\\/\",\"url\":\"https:\\\/\\\/www.organisator.ch\\\/wp-content\\\/uploads\\\/2022\\\/01\\\/Logo_Organisator_Website.png\",\"contentUrl\":\"https:\\\/\\\/www.organisator.ch\\\/wp-content\\\/uploads\\\/2022\\\/01\\\/Logo_Organisator_Website.png\",\"width\":800,\"height\":77,\"caption\":\"Organisator\"},\"image\":{\"@id\":\"https:\\\/\\\/www.organisator.ch\\\/#\\\/schema\\\/logo\\\/image\\\/\"},\"sameAs\":[\"https:\\\/\\\/www.facebook.com\\\/OrganisatorFachmagazin\",\"https:\\\/\\\/www.linkedin.com\\\/showcase\\\/organisator-das-magazin-fr-kmu\",\"https:\\\/\\\/www.xing.com\\\/news\\\/pages\\\/organisator-ch-695\",\"https:\\\/\\\/www.youtube.com\\\/channel\\\/UCGP2Sq0iWaZwT3BdIAQFYpw\"]},{\"@type\":\"Person\",\"@id\":\"https:\\\/\\\/www.organisator.ch\\\/#\\\/schema\\\/person\\\/6f650f90b2842cd4c0cc334b4e36f67e\",\"name\":\"thomas.berner\",\"image\":{\"@type\":\"ImageObject\",\"inLanguage\":\"de\",\"@id\":\"https:\\\/\\\/secure.gravatar.com\\\/avatar\\\/ac5001d2a36cb6c6cd3e50789007ffca834b477b74a2144564522e944eabff61?s=96&d=mm&r=g\",\"url\":\"https:\\\/\\\/secure.gravatar.com\\\/avatar\\\/ac5001d2a36cb6c6cd3e50789007ffca834b477b74a2144564522e944eabff61?s=96&d=mm&r=g\",\"contentUrl\":\"https:\\\/\\\/secure.gravatar.com\\\/avatar\\\/ac5001d2a36cb6c6cd3e50789007ffca834b477b74a2144564522e944eabff61?s=96&d=mm&r=g\",\"caption\":\"thomas.berner\"},\"url\":\"https:\\\/\\\/www.organisator.ch\\\/de\\\/author\\\/thomas-berner\\\/\"}]}<\/script>\n<!-- \/ Yoast SEO plugin. -->","yoast_head_json":{"title":"Schweizer Gesch\u00e4ftsreisende: China wieder am zweitbeliebtesten - Organisator","description":"Wie vor der Pandemie war China im ersten Halbjahr 2023 wieder das zweitbeliebteste Fernziel f\u00fcr Schweizer Gesch\u00e4ftsreisende.","robots":{"index":"index","follow":"follow","max-snippet":"max-snippet:-1","max-image-preview":"max-image-preview:large","max-video-preview":"max-video-preview:-1"},"canonical":"https:\/\/www.organisator.ch\/de\/allgemein\/2023-08-23\/schweizer-geschaeftsreisende-china-wieder-am-zweitbeliebtesten\/","og_locale":"de_DE","og_type":"article","og_title":"Schweizer Gesch\u00e4ftsreisende: China wieder am zweitbeliebtesten","og_description":"Wie vor der Pandemie war China im ersten Halbjahr 2023 wieder das zweitbeliebteste Fernziel f\u00fcr Schweizer Gesch\u00e4ftsreisende.","og_url":"https:\/\/www.organisator.ch\/de\/allgemein\/2023-08-23\/schweizer-geschaeftsreisende-china-wieder-am-zweitbeliebtesten\/","og_site_name":"Organisator","article_publisher":"https:\/\/www.facebook.com\/OrganisatorFachmagazin","article_published_time":"2023-08-23T12:13:12+00:00","og_image":[{"width":680,"height":514,"url":"https:\/\/www.organisator.ch\/wp-content\/uploads\/2023\/08\/Schweizer-Geschaeftsreisende-China-wieder-am-zweitbeliebtesten-1_Organisator.jpg","type":"image\/jpeg"}],"author":"thomas.berner","twitter_card":"summary_large_image","twitter_title":"Schweizer #Gesch\u00e4ftsreisende: #China wieder am zweitbeliebtesten","twitter_description":"Wie vor der Pandemie war #China im ersten Halbjahr 2023 wieder das zweitbeliebteste Fernziel f\u00fcr Schweizer #Gesch\u00e4ftsreisende.","twitter_image":"https:\/\/www.organisator.ch\/wp-content\/uploads\/2023\/08\/Schweizer-Geschaeftsreisende-China-wieder-am-zweitbeliebtesten-1_Organisator.jpg","schema":{"@context":"https:\/\/schema.org","@graph":[{"@type":"Article","@id":"https:\/\/www.organisator.ch\/allgemein\/2023-08-23\/schweizer-geschaeftsreisende-china-wieder-am-zweitbeliebtesten\/#article","isPartOf":{"@id":"https:\/\/www.organisator.ch\/allgemein\/2023-08-23\/schweizer-geschaeftsreisende-china-wieder-am-zweitbeliebtesten\/"},"author":{"name":"thomas.berner","@id":"https:\/\/www.organisator.ch\/#\/schema\/person\/6f650f90b2842cd4c0cc334b4e36f67e"},"headline":"Schweizer Gesch\u00e4ftsreisende: China wieder am zweitbeliebtesten","datePublished":"2023-08-23T12:13:12+00:00","mainEntityOfPage":{"@id":"https:\/\/www.organisator.ch\/allgemein\/2023-08-23\/schweizer-geschaeftsreisende-china-wieder-am-zweitbeliebtesten\/"},"wordCount":607,"publisher":{"@id":"https:\/\/www.organisator.ch\/#organization"},"image":{"@id":"https:\/\/www.organisator.ch\/allgemein\/2023-08-23\/schweizer-geschaeftsreisende-china-wieder-am-zweitbeliebtesten\/#primaryimage"},"thumbnailUrl":"https:\/\/www.organisator.ch\/wp-content\/uploads\/2023\/08\/Schweizer-Geschaeftsreisende-China-wieder-am-zweitbeliebtesten-1_Organisator.jpg","keywords":["Business Travel","China","Umfrage"],"inLanguage":"de"},{"@type":"WebPage","@id":"https:\/\/www.organisator.ch\/allgemein\/2023-08-23\/schweizer-geschaeftsreisende-china-wieder-am-zweitbeliebtesten\/","url":"https:\/\/www.organisator.ch\/allgemein\/2023-08-23\/schweizer-geschaeftsreisende-china-wieder-am-zweitbeliebtesten\/","name":"Schweizer Gesch\u00e4ftsreisende: China wieder am zweitbeliebtesten - Organisator","isPartOf":{"@id":"https:\/\/www.organisator.ch\/#website"},"primaryImageOfPage":{"@id":"https:\/\/www.organisator.ch\/allgemein\/2023-08-23\/schweizer-geschaeftsreisende-china-wieder-am-zweitbeliebtesten\/#primaryimage"},"image":{"@id":"https:\/\/www.organisator.ch\/allgemein\/2023-08-23\/schweizer-geschaeftsreisende-china-wieder-am-zweitbeliebtesten\/#primaryimage"},"thumbnailUrl":"https:\/\/www.organisator.ch\/wp-content\/uploads\/2023\/08\/Schweizer-Geschaeftsreisende-China-wieder-am-zweitbeliebtesten-1_Organisator.jpg","datePublished":"2023-08-23T12:13:12+00:00","description":"Wie vor der Pandemie war China im ersten Halbjahr 2023 wieder das zweitbeliebteste Fernziel f\u00fcr Schweizer Gesch\u00e4ftsreisende.","breadcrumb":{"@id":"https:\/\/www.organisator.ch\/allgemein\/2023-08-23\/schweizer-geschaeftsreisende-china-wieder-am-zweitbeliebtesten\/#breadcrumb"},"inLanguage":"de","potentialAction":[{"@type":"ReadAction","target":["https:\/\/www.organisator.ch\/allgemein\/2023-08-23\/schweizer-geschaeftsreisende-china-wieder-am-zweitbeliebtesten\/"]}]},{"@type":"ImageObject","inLanguage":"de","@id":"https:\/\/www.organisator.ch\/allgemein\/2023-08-23\/schweizer-geschaeftsreisende-china-wieder-am-zweitbeliebtesten\/#primaryimage","url":"https:\/\/www.organisator.ch\/wp-content\/uploads\/2023\/08\/Schweizer-Geschaeftsreisende-China-wieder-am-zweitbeliebtesten-1_Organisator.jpg","contentUrl":"https:\/\/www.organisator.ch\/wp-content\/uploads\/2023\/08\/Schweizer-Geschaeftsreisende-China-wieder-am-zweitbeliebtesten-1_Organisator.jpg","width":680,"height":514,"caption":"Schweizer Gesch\u00e4ftsreisende haben China wieder am zweith\u00e4ufigsten zum Ziel. (Bild: Unsplash.com)"},{"@type":"BreadcrumbList","@id":"https:\/\/www.organisator.ch\/allgemein\/2023-08-23\/schweizer-geschaeftsreisende-china-wieder-am-zweitbeliebtesten\/#breadcrumb","itemListElement":[{"@type":"ListItem","position":1,"name":"Home","item":"https:\/\/www.organisator.ch\/"},{"@type":"ListItem","position":2,"name":"Schweizer Gesch\u00e4ftsreisende: China wieder am zweitbeliebtesten"}]},{"@type":"WebSite","@id":"https:\/\/www.organisator.ch\/#website","url":"https:\/\/www.organisator.ch\/","name":"Organisator","description":"Kompetent. Praxisnah. Der ORGANISATOR bereitet in 10 Ausgaben pro Jahr die wesentlichen Themen f\u00fcr F\u00fchrungskr\u00e4fte von KMU auf.","publisher":{"@id":"https:\/\/www.organisator.ch\/#organization"},"potentialAction":[{"@type":"SearchAction","target":{"@type":"EntryPoint","urlTemplate":"https:\/\/www.organisator.ch\/?s={search_term_string}"},"query-input":{"@type":"PropertyValueSpecification","valueRequired":true,"valueName":"search_term_string"}}],"inLanguage":"de"},{"@type":"Organization","@id":"https:\/\/www.organisator.ch\/#organization","name":"Organisator","url":"https:\/\/www.organisator.ch\/","logo":{"@type":"ImageObject","inLanguage":"de","@id":"https:\/\/www.organisator.ch\/#\/schema\/logo\/image\/","url":"https:\/\/www.organisator.ch\/wp-content\/uploads\/2022\/01\/Logo_Organisator_Website.png","contentUrl":"https:\/\/www.organisator.ch\/wp-content\/uploads\/2022\/01\/Logo_Organisator_Website.png","width":800,"height":77,"caption":"Organisator"},"image":{"@id":"https:\/\/www.organisator.ch\/#\/schema\/logo\/image\/"},"sameAs":["https:\/\/www.facebook.com\/OrganisatorFachmagazin","https:\/\/www.linkedin.com\/showcase\/organisator-das-magazin-fr-kmu","https:\/\/www.xing.com\/news\/pages\/organisator-ch-695","https:\/\/www.youtube.com\/channel\/UCGP2Sq0iWaZwT3BdIAQFYpw"]},{"@type":"Person","@id":"https:\/\/www.organisator.ch\/#\/schema\/person\/6f650f90b2842cd4c0cc334b4e36f67e","name":"thomas.berner","image":{"@type":"ImageObject","inLanguage":"de","@id":"https:\/\/secure.gravatar.com\/avatar\/ac5001d2a36cb6c6cd3e50789007ffca834b477b74a2144564522e944eabff61?s=96&d=mm&r=g","url":"https:\/\/secure.gravatar.com\/avatar\/ac5001d2a36cb6c6cd3e50789007ffca834b477b74a2144564522e944eabff61?s=96&d=mm&r=g","contentUrl":"https:\/\/secure.gravatar.com\/avatar\/ac5001d2a36cb6c6cd3e50789007ffca834b477b74a2144564522e944eabff61?s=96&d=mm&r=g","caption":"thomas.berner"},"url":"https:\/\/www.organisator.ch\/de\/author\/thomas-berner\/"}]}},"_links":{"self":[{"href":"https:\/\/www.organisator.ch\/de\/wp-json\/wp\/v2\/posts\/21435","targetHints":{"allow":["GET"]}}],"collection":[{"href":"https:\/\/www.organisator.ch\/de\/wp-json\/wp\/v2\/posts"}],"about":[{"href":"https:\/\/www.organisator.ch\/de\/wp-json\/wp\/v2\/types\/post"}],"author":[{"embeddable":true,"href":"https:\/\/www.organisator.ch\/de\/wp-json\/wp\/v2\/users\/4"}],"replies":[{"embeddable":true,"href":"https:\/\/www.organisator.ch\/de\/wp-json\/wp\/v2\/comments?post=21435"}],"version-history":[{"count":1,"href":"https:\/\/www.organisator.ch\/de\/wp-json\/wp\/v2\/posts\/21435\/revisions"}],"predecessor-version":[{"id":21438,"href":"https:\/\/www.organisator.ch\/de\/wp-json\/wp\/v2\/posts\/21435\/revisions\/21438"}],"wp:featuredmedia":[{"embeddable":true,"href":"https:\/\/www.organisator.ch\/de\/wp-json\/wp\/v2\/media\/21436"}],"wp:attachment":[{"href":"https:\/\/www.organisator.ch\/de\/wp-json\/wp\/v2\/media?parent=21435"}],"wp:term":[{"taxonomy":"category","embeddable":true,"href":"https:\/\/www.organisator.ch\/de\/wp-json\/wp\/v2\/categories?post=21435"},{"taxonomy":"post_tag","embeddable":true,"href":"https:\/\/www.organisator.ch\/de\/wp-json\/wp\/v2\/tags?post=21435"}],"curies":[{"name":"wp","href":"https:\/\/api.w.org\/{rel}","templated":true}]}}