{"id":21445,"date":"2023-08-24T11:20:04","date_gmt":"2023-08-24T09:20:04","guid":{"rendered":"https:\/\/www.organisator.ch\/?p=21445"},"modified":"2023-08-24T11:20:04","modified_gmt":"2023-08-24T09:20:04","slug":"die-kmu-der-mem-branche-setzen-auf-ausbildung","status":"publish","type":"post","link":"https:\/\/www.organisator.ch\/de\/management\/2023-08-24\/die-kmu-der-mem-branche-setzen-auf-ausbildung\/","title":{"rendered":"Die KMU der MEM-Branche setzen auf Ausbildung"},"content":{"rendered":"<figure id=\"attachment_21446\" aria-describedby=\"caption-attachment-21446\" style=\"width: 680px\" class=\"wp-caption alignnone\"><img loading=\"lazy\" decoding=\"async\" class=\"size-full wp-image-21446\" src=\"https:\/\/www.organisator.ch\/wp-content\/uploads\/2023\/08\/Die-KMU-der-MEM-Branche-setzen-auf-Ausbildung_Organisator.jpg\" alt=\"\" width=\"680\" height=\"672\" srcset=\"https:\/\/www.organisator.ch\/wp-content\/uploads\/2023\/08\/Die-KMU-der-MEM-Branche-setzen-auf-Ausbildung_Organisator.jpg 680w, https:\/\/www.organisator.ch\/wp-content\/uploads\/2023\/08\/Die-KMU-der-MEM-Branche-setzen-auf-Ausbildung_Organisator-12x12.jpg 12w, https:\/\/www.organisator.ch\/wp-content\/uploads\/2023\/08\/Die-KMU-der-MEM-Branche-setzen-auf-Ausbildung_Organisator-304x300.jpg 304w, https:\/\/www.organisator.ch\/wp-content\/uploads\/2023\/08\/Die-KMU-der-MEM-Branche-setzen-auf-Ausbildung_Organisator-354x350.jpg 354w\" sizes=\"auto, (max-width: 680px) 100vw, 680px\" \/><figcaption id=\"caption-attachment-21446\" class=\"wp-caption-text\">Die derzeit gr\u00f6ssten Herausforderungen der MEM-KMU: Dem Mangel an Arbeitskr\u00e4ften wird mit Ausbildung begegnet. (Quelle: BAK Economics, Quartalsumfrage Swissmechanic)<\/figcaption><\/figure>\n<p>Die KMU der MEM-Branche sind im Juli 2023 das erste Mal in diesem Jahr nicht mehr optimistisch gestimmt: Eine knappe Mehrheit von 54 Prozent erachtet das aktuelle Gesch\u00e4ftsklima als eher oder sehr ung\u00fcnstig. \u00abDamit rutscht der Swissmechanic KMU-MEM-Gesch\u00e4ftsklimaindex erstmals in diesem Jahr leicht in den roten Bereich\u00bb, h\u00e4lt Swissmechanic-Direktor J\u00fcrg Marti fest. Die 182 KMU, die an der j\u00fcngsten Quartalsumfrage teilgenommen haben, vermelden abnehmende Auftr\u00e4ge, Ums\u00e4tze und Margen. Nur der Personalaufbau setzt sich mit nachlassendem Tempo fort. Der Mangel an Arbeitskr\u00e4ften zeigte sich im zweiten Quartal erneut als die gr\u00f6sste Herausforderung, noch vor dem Wechselkurs, dem Auftragsmangel, den Energiepreisen und den Lieferkettenproble\u00admen (vgl. Abbildung).<\/p>\n<h3>Schwache Exporte, bremsende Geldpolitik<\/h3>\n<p>Zum aktuellen Stimmungstief haben eine Reihe von Belastungsfaktoren auf der Nachfrage- sowie auf der Angebotsseite gef\u00fchrt. Wichtigste Aspekte sind das schwache aussenwirtschaftliche Umfeld, die geopolitische Unsicherheit, die immer noch relativ hohen Energiepreise, der starke Franken und die geldpolitische Straffung, die h\u00f6here Zinsen sowie eine restriktivere Kreditvergabe nach sich zieht, welche Investitionen hemmt.<\/p>\n<p>Weil die wichtigsten Handelspartner Europa, USA und China selber unter einer Konjunkturflaute leiden, sind die Exporte der MEM-Branche im zweiten Quartal 2023 gegen\u00fcber dem Vorjahresquartal das erste Mal seit \u00fcber zwei Jahren gesunken. Im Juli hat sich dieser negative Trend best\u00e4tigt.<\/p>\n<h3>In der Ausbildung stark engagiert<\/h3>\n<p>\u00abAuch wenn unsere Betriebe die Auslastung der Produktionskapazit\u00e4ten im zweiten Quartal stabilisieren konnten, sind die Herausforderungen f\u00fcr die MEM-Branche erheblich\u00bb, kommentiert Swissmechanic-Direktor J\u00fcrg Marti. Der Arbeitskr\u00e4ftemangel wird in der Umfrage am h\u00e4ufigsten genannt, n\u00e4mlich von 54 Prozent der Unternehmen (vgl. Abbildung). Rund drei Viertel dieser Betriebe konnten in den letzten drei Monaten ihre offenen Stellen nicht besetzen. In den technischen Berufen ist dieser Mangel am st\u00e4rksten ausgepr\u00e4gt, vor allem bei Mitarbeitenden mit dem Ausbildungsprofil \u00abBerufsbildung Sek. II\u00bb.<\/p>\n<p>Diesem Arbeitskr\u00e4ftemangel setzt Swissmechanic ihr grosses Engagement im Grundbildungsbereich entgegen. Die \u00fcber 1200 Mitgliedsfirmen, die im Schnitt 55 Angestellte besch\u00e4ftigen, bilden gegen\u00adw\u00e4rtig rund 6&#8217;000 Lernende aus. \u00abDie regionale Verankerung unserer 13 Sektionen, die wiederum 14 eigene Ausbildungszentren f\u00fcr \u00fcberbetriebliche Kurse betreiben, geh\u00f6rt zur grossen St\u00e4rke unseres Verbands\u00bb, unterstreicht J\u00fcrg Marti.<\/p>\n<h3>Keine Rezessionserwartungen<\/h3>\n<p>Als positiv zu vermelden ist f\u00fcr die KMU-MEM, dass zum Beispiel die Neuausrichtung der Energie\u00adversorgung nach dem Wegfall der russischen Rohstofflieferungen z\u00fcgig vorankommt. Auch die globalen Lieferketten haben sich normalisiert und die Zeichen mehrten sich, dass der Inflationsdruck deutlich nachl\u00e4sst.<\/p>\n<p>Auch wenn die kommenden Monate herausfordernd bleiben d\u00fcrften, rechnet BAK Economics deshalb nicht mit einer Rezession in der MEM-Branche. BAK Economics erwartet, dass die MEM-Konjunktur im laufenden Jahr wie in der Gesamtwirtschaft lediglich verhalten ausf\u00e4llt. Der Stellen\u00adaufbau im MEM-Sektor d\u00fcrfte sich (abgeschw\u00e4cht) fortsetzen. Leicht besser seien die Aussichten f\u00fcr das n\u00e4chste Jahr.<\/p>\n<p><em>Quelle: <a href=\"http:\/\/www.swissmechanic.ch\">Swissmechanic<\/a><\/em><\/p>\n","protected":false},"excerpt":{"rendered":"<p>Die Stimmung der KMU der Maschinen-, Elektro- und Metallbaubranche (MEM) hat sich im zweiten Quartal eingetr\u00fcbt. Laut der j\u00fcngsten Umfrage von Swissmechanic Schweiz sind Auftragseing\u00e4nge, Ums\u00e4tze und Margen unter Druck. Der nach wie vor gr\u00f6ssten Herausforderung, dem Arbeitskr\u00e4ftemangel, begegnet der Verband von mehr als 1200 Betrieben mit einer regional stark verankerten Grundbildung. <\/p>\n","protected":false},"author":4,"featured_media":21446,"comment_status":"closed","ping_status":"closed","sticky":false,"template":"","format":"standard","meta":{"_acf_changed":false,"_yoast_wpseo_focuskw":"Ausbildung","_yoast_wpseo_metadesc":"Der nach wie vor gr\u00f6ssten Herausforderung von MEM-KMU, dem Arbeitskr\u00e4ftemangel, begegnet der Verband Swissmechanic mit mehr Ausbildung.","articlekey":"","footnotes":""},"categories":[28],"tags":[62,2712,492,3897],"class_list":["post-21445","post","type-post","status-publish","format-standard","has-post-thumbnail","hentry","category-management","tag-aus-weiterbildung","tag-mem-branche","tag-unternehmen","tag-wirtschaftsbarometer"],"acf":[],"yoast_head":"<!-- This site is optimized with the Yoast SEO plugin v27.5 - https:\/\/yoast.com\/product\/yoast-seo-wordpress\/ -->\n<title>Die KMU der MEM-Branche setzen auf Ausbildung - Organisator<\/title>\n<meta name=\"description\" content=\"Der nach wie vor gr\u00f6ssten Herausforderung von MEM-KMU, dem Arbeitskr\u00e4ftemangel, begegnet der Verband Swissmechanic mit mehr Ausbildung.\" \/>\n<meta name=\"robots\" content=\"index, follow, max-snippet:-1, max-image-preview:large, max-video-preview:-1\" \/>\n<link rel=\"canonical\" href=\"https:\/\/www.organisator.ch\/de\/management\/2023-08-24\/die-kmu-der-mem-branche-setzen-auf-ausbildung\/\" \/>\n<meta property=\"og:locale\" content=\"de_DE\" \/>\n<meta property=\"og:type\" content=\"article\" \/>\n<meta property=\"og:title\" content=\"Die KMU der MEM-Branche setzen auf Ausbildung\" \/>\n<meta property=\"og:description\" content=\"Der nach wie vor gr\u00f6ssten Herausforderung von MEM-KMU, dem Arbeitskr\u00e4ftemangel, begegnet der Verband Swissmechanic mit mehr Ausbildung.\" \/>\n<meta property=\"og:url\" content=\"https:\/\/www.organisator.ch\/de\/management\/2023-08-24\/die-kmu-der-mem-branche-setzen-auf-ausbildung\/\" \/>\n<meta property=\"og:site_name\" content=\"Organisator\" \/>\n<meta property=\"article:publisher\" content=\"https:\/\/www.facebook.com\/OrganisatorFachmagazin\" \/>\n<meta property=\"article:published_time\" content=\"2023-08-24T09:20:04+00:00\" \/>\n<meta property=\"og:image\" content=\"https:\/\/www.organisator.ch\/wp-content\/uploads\/2023\/08\/Die-KMU-der-MEM-Branche-setzen-auf-Ausbildung_Organisator.jpg\" \/>\n\t<meta property=\"og:image:width\" content=\"680\" \/>\n\t<meta property=\"og:image:height\" content=\"672\" \/>\n\t<meta property=\"og:image:type\" content=\"image\/jpeg\" \/>\n<meta name=\"author\" content=\"thomas.berner\" \/>\n<meta name=\"twitter:card\" content=\"summary_large_image\" \/>\n<meta name=\"twitter:title\" content=\"Die KMU der #MEM-Branche setzen auf #Ausbildung\" \/>\n<meta name=\"twitter:description\" content=\"Der nach wie vor gr\u00f6ssten Herausforderung von #MEM-KMU, dem #Arbeitskr\u00e4ftemangel, begegnet der Verband #Swissmechanic mit mehr Ausbildung.\" \/>\n<meta name=\"twitter:image\" content=\"https:\/\/www.organisator.ch\/wp-content\/uploads\/2023\/08\/Die-KMU-der-MEM-Branche-setzen-auf-Ausbildung_Organisator.jpg\" \/>\n<script type=\"application\/ld+json\" class=\"yoast-schema-graph\">{\"@context\":\"https:\\\/\\\/schema.org\",\"@graph\":[{\"@type\":\"Article\",\"@id\":\"https:\\\/\\\/www.organisator.ch\\\/management\\\/2023-08-24\\\/die-kmu-der-mem-branche-setzen-auf-ausbildung\\\/#article\",\"isPartOf\":{\"@id\":\"https:\\\/\\\/www.organisator.ch\\\/management\\\/2023-08-24\\\/die-kmu-der-mem-branche-setzen-auf-ausbildung\\\/\"},\"author\":{\"name\":\"thomas.berner\",\"@id\":\"https:\\\/\\\/www.organisator.ch\\\/#\\\/schema\\\/person\\\/6f650f90b2842cd4c0cc334b4e36f67e\"},\"headline\":\"Die KMU der MEM-Branche setzen auf Ausbildung\",\"datePublished\":\"2023-08-24T09:20:04+00:00\",\"mainEntityOfPage\":{\"@id\":\"https:\\\/\\\/www.organisator.ch\\\/management\\\/2023-08-24\\\/die-kmu-der-mem-branche-setzen-auf-ausbildung\\\/\"},\"wordCount\":496,\"publisher\":{\"@id\":\"https:\\\/\\\/www.organisator.ch\\\/#organization\"},\"image\":{\"@id\":\"https:\\\/\\\/www.organisator.ch\\\/management\\\/2023-08-24\\\/die-kmu-der-mem-branche-setzen-auf-ausbildung\\\/#primaryimage\"},\"thumbnailUrl\":\"https:\\\/\\\/www.organisator.ch\\\/wp-content\\\/uploads\\\/2023\\\/08\\\/Die-KMU-der-MEM-Branche-setzen-auf-Ausbildung_Organisator.jpg\",\"keywords\":[\"Aus-\\\/Weiterbildung\",\"MEM-Branche\",\"Unternehmen\",\"Wirtschaftsbarometer\"],\"articleSection\":[\"MANAGEMENT\"],\"inLanguage\":\"de\"},{\"@type\":\"WebPage\",\"@id\":\"https:\\\/\\\/www.organisator.ch\\\/management\\\/2023-08-24\\\/die-kmu-der-mem-branche-setzen-auf-ausbildung\\\/\",\"url\":\"https:\\\/\\\/www.organisator.ch\\\/management\\\/2023-08-24\\\/die-kmu-der-mem-branche-setzen-auf-ausbildung\\\/\",\"name\":\"Die KMU der MEM-Branche setzen auf Ausbildung - Organisator\",\"isPartOf\":{\"@id\":\"https:\\\/\\\/www.organisator.ch\\\/#website\"},\"primaryImageOfPage\":{\"@id\":\"https:\\\/\\\/www.organisator.ch\\\/management\\\/2023-08-24\\\/die-kmu-der-mem-branche-setzen-auf-ausbildung\\\/#primaryimage\"},\"image\":{\"@id\":\"https:\\\/\\\/www.organisator.ch\\\/management\\\/2023-08-24\\\/die-kmu-der-mem-branche-setzen-auf-ausbildung\\\/#primaryimage\"},\"thumbnailUrl\":\"https:\\\/\\\/www.organisator.ch\\\/wp-content\\\/uploads\\\/2023\\\/08\\\/Die-KMU-der-MEM-Branche-setzen-auf-Ausbildung_Organisator.jpg\",\"datePublished\":\"2023-08-24T09:20:04+00:00\",\"description\":\"Der nach wie vor gr\u00f6ssten Herausforderung von MEM-KMU, dem Arbeitskr\u00e4ftemangel, begegnet der Verband Swissmechanic mit mehr Ausbildung.\",\"breadcrumb\":{\"@id\":\"https:\\\/\\\/www.organisator.ch\\\/management\\\/2023-08-24\\\/die-kmu-der-mem-branche-setzen-auf-ausbildung\\\/#breadcrumb\"},\"inLanguage\":\"de\",\"potentialAction\":[{\"@type\":\"ReadAction\",\"target\":[\"https:\\\/\\\/www.organisator.ch\\\/management\\\/2023-08-24\\\/die-kmu-der-mem-branche-setzen-auf-ausbildung\\\/\"]}]},{\"@type\":\"ImageObject\",\"inLanguage\":\"de\",\"@id\":\"https:\\\/\\\/www.organisator.ch\\\/management\\\/2023-08-24\\\/die-kmu-der-mem-branche-setzen-auf-ausbildung\\\/#primaryimage\",\"url\":\"https:\\\/\\\/www.organisator.ch\\\/wp-content\\\/uploads\\\/2023\\\/08\\\/Die-KMU-der-MEM-Branche-setzen-auf-Ausbildung_Organisator.jpg\",\"contentUrl\":\"https:\\\/\\\/www.organisator.ch\\\/wp-content\\\/uploads\\\/2023\\\/08\\\/Die-KMU-der-MEM-Branche-setzen-auf-Ausbildung_Organisator.jpg\",\"width\":680,\"height\":672,\"caption\":\"Die derzeit gr\u00f6ssten Herausforderungen der MEM-KMU: Dem Mangel an Arbeitskr\u00e4ften wird mit Ausbildung begegnet. (Quelle: BAK Economics, Quartalsumfrage Swissmechanic)\"},{\"@type\":\"BreadcrumbList\",\"@id\":\"https:\\\/\\\/www.organisator.ch\\\/management\\\/2023-08-24\\\/die-kmu-der-mem-branche-setzen-auf-ausbildung\\\/#breadcrumb\",\"itemListElement\":[{\"@type\":\"ListItem\",\"position\":1,\"name\":\"Home\",\"item\":\"https:\\\/\\\/www.organisator.ch\\\/\"},{\"@type\":\"ListItem\",\"position\":2,\"name\":\"Die KMU der MEM-Branche setzen auf Ausbildung\"}]},{\"@type\":\"WebSite\",\"@id\":\"https:\\\/\\\/www.organisator.ch\\\/#website\",\"url\":\"https:\\\/\\\/www.organisator.ch\\\/\",\"name\":\"Organisator\",\"description\":\"Kompetent. Praxisnah. Der ORGANISATOR bereitet in 10 Ausgaben pro Jahr die wesentlichen Themen f\u00fcr F\u00fchrungskr\u00e4fte von KMU auf.\",\"publisher\":{\"@id\":\"https:\\\/\\\/www.organisator.ch\\\/#organization\"},\"potentialAction\":[{\"@type\":\"SearchAction\",\"target\":{\"@type\":\"EntryPoint\",\"urlTemplate\":\"https:\\\/\\\/www.organisator.ch\\\/?s={search_term_string}\"},\"query-input\":{\"@type\":\"PropertyValueSpecification\",\"valueRequired\":true,\"valueName\":\"search_term_string\"}}],\"inLanguage\":\"de\"},{\"@type\":\"Organization\",\"@id\":\"https:\\\/\\\/www.organisator.ch\\\/#organization\",\"name\":\"Organisator\",\"url\":\"https:\\\/\\\/www.organisator.ch\\\/\",\"logo\":{\"@type\":\"ImageObject\",\"inLanguage\":\"de\",\"@id\":\"https:\\\/\\\/www.organisator.ch\\\/#\\\/schema\\\/logo\\\/image\\\/\",\"url\":\"https:\\\/\\\/www.organisator.ch\\\/wp-content\\\/uploads\\\/2022\\\/01\\\/Logo_Organisator_Website.png\",\"contentUrl\":\"https:\\\/\\\/www.organisator.ch\\\/wp-content\\\/uploads\\\/2022\\\/01\\\/Logo_Organisator_Website.png\",\"width\":800,\"height\":77,\"caption\":\"Organisator\"},\"image\":{\"@id\":\"https:\\\/\\\/www.organisator.ch\\\/#\\\/schema\\\/logo\\\/image\\\/\"},\"sameAs\":[\"https:\\\/\\\/www.facebook.com\\\/OrganisatorFachmagazin\",\"https:\\\/\\\/www.linkedin.com\\\/showcase\\\/organisator-das-magazin-fr-kmu\",\"https:\\\/\\\/www.xing.com\\\/news\\\/pages\\\/organisator-ch-695\",\"https:\\\/\\\/www.youtube.com\\\/channel\\\/UCGP2Sq0iWaZwT3BdIAQFYpw\"]},{\"@type\":\"Person\",\"@id\":\"https:\\\/\\\/www.organisator.ch\\\/#\\\/schema\\\/person\\\/6f650f90b2842cd4c0cc334b4e36f67e\",\"name\":\"thomas.berner\",\"image\":{\"@type\":\"ImageObject\",\"inLanguage\":\"de\",\"@id\":\"https:\\\/\\\/secure.gravatar.com\\\/avatar\\\/ac5001d2a36cb6c6cd3e50789007ffca834b477b74a2144564522e944eabff61?s=96&d=mm&r=g\",\"url\":\"https:\\\/\\\/secure.gravatar.com\\\/avatar\\\/ac5001d2a36cb6c6cd3e50789007ffca834b477b74a2144564522e944eabff61?s=96&d=mm&r=g\",\"contentUrl\":\"https:\\\/\\\/secure.gravatar.com\\\/avatar\\\/ac5001d2a36cb6c6cd3e50789007ffca834b477b74a2144564522e944eabff61?s=96&d=mm&r=g\",\"caption\":\"thomas.berner\"},\"url\":\"https:\\\/\\\/www.organisator.ch\\\/de\\\/author\\\/thomas-berner\\\/\"}]}<\/script>\n<!-- \/ Yoast SEO plugin. -->","yoast_head_json":{"title":"Die KMU der MEM-Branche setzen auf Ausbildung - Organisator","description":"Der nach wie vor gr\u00f6ssten Herausforderung von MEM-KMU, dem Arbeitskr\u00e4ftemangel, begegnet der Verband Swissmechanic mit mehr Ausbildung.","robots":{"index":"index","follow":"follow","max-snippet":"max-snippet:-1","max-image-preview":"max-image-preview:large","max-video-preview":"max-video-preview:-1"},"canonical":"https:\/\/www.organisator.ch\/de\/management\/2023-08-24\/die-kmu-der-mem-branche-setzen-auf-ausbildung\/","og_locale":"de_DE","og_type":"article","og_title":"Die KMU der MEM-Branche setzen auf Ausbildung","og_description":"Der nach wie vor gr\u00f6ssten Herausforderung von MEM-KMU, dem Arbeitskr\u00e4ftemangel, begegnet der Verband Swissmechanic mit mehr Ausbildung.","og_url":"https:\/\/www.organisator.ch\/de\/management\/2023-08-24\/die-kmu-der-mem-branche-setzen-auf-ausbildung\/","og_site_name":"Organisator","article_publisher":"https:\/\/www.facebook.com\/OrganisatorFachmagazin","article_published_time":"2023-08-24T09:20:04+00:00","og_image":[{"width":680,"height":672,"url":"https:\/\/www.organisator.ch\/wp-content\/uploads\/2023\/08\/Die-KMU-der-MEM-Branche-setzen-auf-Ausbildung_Organisator.jpg","type":"image\/jpeg"}],"author":"thomas.berner","twitter_card":"summary_large_image","twitter_title":"Die KMU der #MEM-Branche setzen auf #Ausbildung","twitter_description":"Der nach wie vor gr\u00f6ssten Herausforderung von #MEM-KMU, dem #Arbeitskr\u00e4ftemangel, begegnet der Verband #Swissmechanic mit mehr Ausbildung.","twitter_image":"https:\/\/www.organisator.ch\/wp-content\/uploads\/2023\/08\/Die-KMU-der-MEM-Branche-setzen-auf-Ausbildung_Organisator.jpg","schema":{"@context":"https:\/\/schema.org","@graph":[{"@type":"Article","@id":"https:\/\/www.organisator.ch\/management\/2023-08-24\/die-kmu-der-mem-branche-setzen-auf-ausbildung\/#article","isPartOf":{"@id":"https:\/\/www.organisator.ch\/management\/2023-08-24\/die-kmu-der-mem-branche-setzen-auf-ausbildung\/"},"author":{"name":"thomas.berner","@id":"https:\/\/www.organisator.ch\/#\/schema\/person\/6f650f90b2842cd4c0cc334b4e36f67e"},"headline":"Die KMU der MEM-Branche setzen auf Ausbildung","datePublished":"2023-08-24T09:20:04+00:00","mainEntityOfPage":{"@id":"https:\/\/www.organisator.ch\/management\/2023-08-24\/die-kmu-der-mem-branche-setzen-auf-ausbildung\/"},"wordCount":496,"publisher":{"@id":"https:\/\/www.organisator.ch\/#organization"},"image":{"@id":"https:\/\/www.organisator.ch\/management\/2023-08-24\/die-kmu-der-mem-branche-setzen-auf-ausbildung\/#primaryimage"},"thumbnailUrl":"https:\/\/www.organisator.ch\/wp-content\/uploads\/2023\/08\/Die-KMU-der-MEM-Branche-setzen-auf-Ausbildung_Organisator.jpg","keywords":["Aus-\/Weiterbildung","MEM-Branche","Unternehmen","Wirtschaftsbarometer"],"articleSection":["MANAGEMENT"],"inLanguage":"de"},{"@type":"WebPage","@id":"https:\/\/www.organisator.ch\/management\/2023-08-24\/die-kmu-der-mem-branche-setzen-auf-ausbildung\/","url":"https:\/\/www.organisator.ch\/management\/2023-08-24\/die-kmu-der-mem-branche-setzen-auf-ausbildung\/","name":"Die KMU der MEM-Branche setzen auf Ausbildung - Organisator","isPartOf":{"@id":"https:\/\/www.organisator.ch\/#website"},"primaryImageOfPage":{"@id":"https:\/\/www.organisator.ch\/management\/2023-08-24\/die-kmu-der-mem-branche-setzen-auf-ausbildung\/#primaryimage"},"image":{"@id":"https:\/\/www.organisator.ch\/management\/2023-08-24\/die-kmu-der-mem-branche-setzen-auf-ausbildung\/#primaryimage"},"thumbnailUrl":"https:\/\/www.organisator.ch\/wp-content\/uploads\/2023\/08\/Die-KMU-der-MEM-Branche-setzen-auf-Ausbildung_Organisator.jpg","datePublished":"2023-08-24T09:20:04+00:00","description":"Der nach wie vor gr\u00f6ssten Herausforderung von MEM-KMU, dem Arbeitskr\u00e4ftemangel, begegnet der Verband Swissmechanic mit mehr Ausbildung.","breadcrumb":{"@id":"https:\/\/www.organisator.ch\/management\/2023-08-24\/die-kmu-der-mem-branche-setzen-auf-ausbildung\/#breadcrumb"},"inLanguage":"de","potentialAction":[{"@type":"ReadAction","target":["https:\/\/www.organisator.ch\/management\/2023-08-24\/die-kmu-der-mem-branche-setzen-auf-ausbildung\/"]}]},{"@type":"ImageObject","inLanguage":"de","@id":"https:\/\/www.organisator.ch\/management\/2023-08-24\/die-kmu-der-mem-branche-setzen-auf-ausbildung\/#primaryimage","url":"https:\/\/www.organisator.ch\/wp-content\/uploads\/2023\/08\/Die-KMU-der-MEM-Branche-setzen-auf-Ausbildung_Organisator.jpg","contentUrl":"https:\/\/www.organisator.ch\/wp-content\/uploads\/2023\/08\/Die-KMU-der-MEM-Branche-setzen-auf-Ausbildung_Organisator.jpg","width":680,"height":672,"caption":"Die derzeit gr\u00f6ssten Herausforderungen der MEM-KMU: Dem Mangel an Arbeitskr\u00e4ften wird mit Ausbildung begegnet. (Quelle: BAK Economics, Quartalsumfrage Swissmechanic)"},{"@type":"BreadcrumbList","@id":"https:\/\/www.organisator.ch\/management\/2023-08-24\/die-kmu-der-mem-branche-setzen-auf-ausbildung\/#breadcrumb","itemListElement":[{"@type":"ListItem","position":1,"name":"Home","item":"https:\/\/www.organisator.ch\/"},{"@type":"ListItem","position":2,"name":"Die KMU der MEM-Branche setzen auf Ausbildung"}]},{"@type":"WebSite","@id":"https:\/\/www.organisator.ch\/#website","url":"https:\/\/www.organisator.ch\/","name":"Organisator","description":"Kompetent. Praxisnah. Der ORGANISATOR bereitet in 10 Ausgaben pro Jahr die wesentlichen Themen f\u00fcr F\u00fchrungskr\u00e4fte von KMU auf.","publisher":{"@id":"https:\/\/www.organisator.ch\/#organization"},"potentialAction":[{"@type":"SearchAction","target":{"@type":"EntryPoint","urlTemplate":"https:\/\/www.organisator.ch\/?s={search_term_string}"},"query-input":{"@type":"PropertyValueSpecification","valueRequired":true,"valueName":"search_term_string"}}],"inLanguage":"de"},{"@type":"Organization","@id":"https:\/\/www.organisator.ch\/#organization","name":"Organisator","url":"https:\/\/www.organisator.ch\/","logo":{"@type":"ImageObject","inLanguage":"de","@id":"https:\/\/www.organisator.ch\/#\/schema\/logo\/image\/","url":"https:\/\/www.organisator.ch\/wp-content\/uploads\/2022\/01\/Logo_Organisator_Website.png","contentUrl":"https:\/\/www.organisator.ch\/wp-content\/uploads\/2022\/01\/Logo_Organisator_Website.png","width":800,"height":77,"caption":"Organisator"},"image":{"@id":"https:\/\/www.organisator.ch\/#\/schema\/logo\/image\/"},"sameAs":["https:\/\/www.facebook.com\/OrganisatorFachmagazin","https:\/\/www.linkedin.com\/showcase\/organisator-das-magazin-fr-kmu","https:\/\/www.xing.com\/news\/pages\/organisator-ch-695","https:\/\/www.youtube.com\/channel\/UCGP2Sq0iWaZwT3BdIAQFYpw"]},{"@type":"Person","@id":"https:\/\/www.organisator.ch\/#\/schema\/person\/6f650f90b2842cd4c0cc334b4e36f67e","name":"thomas.berner","image":{"@type":"ImageObject","inLanguage":"de","@id":"https:\/\/secure.gravatar.com\/avatar\/ac5001d2a36cb6c6cd3e50789007ffca834b477b74a2144564522e944eabff61?s=96&d=mm&r=g","url":"https:\/\/secure.gravatar.com\/avatar\/ac5001d2a36cb6c6cd3e50789007ffca834b477b74a2144564522e944eabff61?s=96&d=mm&r=g","contentUrl":"https:\/\/secure.gravatar.com\/avatar\/ac5001d2a36cb6c6cd3e50789007ffca834b477b74a2144564522e944eabff61?s=96&d=mm&r=g","caption":"thomas.berner"},"url":"https:\/\/www.organisator.ch\/de\/author\/thomas-berner\/"}]}},"_links":{"self":[{"href":"https:\/\/www.organisator.ch\/de\/wp-json\/wp\/v2\/posts\/21445","targetHints":{"allow":["GET"]}}],"collection":[{"href":"https:\/\/www.organisator.ch\/de\/wp-json\/wp\/v2\/posts"}],"about":[{"href":"https:\/\/www.organisator.ch\/de\/wp-json\/wp\/v2\/types\/post"}],"author":[{"embeddable":true,"href":"https:\/\/www.organisator.ch\/de\/wp-json\/wp\/v2\/users\/4"}],"replies":[{"embeddable":true,"href":"https:\/\/www.organisator.ch\/de\/wp-json\/wp\/v2\/comments?post=21445"}],"version-history":[{"count":1,"href":"https:\/\/www.organisator.ch\/de\/wp-json\/wp\/v2\/posts\/21445\/revisions"}],"predecessor-version":[{"id":21447,"href":"https:\/\/www.organisator.ch\/de\/wp-json\/wp\/v2\/posts\/21445\/revisions\/21447"}],"wp:featuredmedia":[{"embeddable":true,"href":"https:\/\/www.organisator.ch\/de\/wp-json\/wp\/v2\/media\/21446"}],"wp:attachment":[{"href":"https:\/\/www.organisator.ch\/de\/wp-json\/wp\/v2\/media?parent=21445"}],"wp:term":[{"taxonomy":"category","embeddable":true,"href":"https:\/\/www.organisator.ch\/de\/wp-json\/wp\/v2\/categories?post=21445"},{"taxonomy":"post_tag","embeddable":true,"href":"https:\/\/www.organisator.ch\/de\/wp-json\/wp\/v2\/tags?post=21445"}],"curies":[{"name":"wp","href":"https:\/\/api.w.org\/{rel}","templated":true}]}}