{"id":2146,"date":"2019-05-16T11:43:35","date_gmt":"2019-05-16T09:43:35","guid":{"rendered":"https:\/\/www.umweltperspektiven.ch\/?p=2146"},"modified":"2019-05-16T11:43:35","modified_gmt":"2019-05-16T09:43:35","slug":"ruelpsende-kuehe-und-kuenstliche-intelligenz-klimastiftung-spricht-foerdergelder","status":"publish","type":"post","link":"https:\/\/www.organisator.ch\/de\/allgemein\/2019-05-16\/ruelpsende-kuehe-und-kuenstliche-intelligenz-klimastiftung-spricht-foerdergelder\/","title":{"rendered":"R\u00fclpsende K\u00fche und k\u00fcnstliche Intelligenz: Klimastiftung spricht F\u00f6rdergelder"},"content":{"rendered":"<figure id=\"attachment_2147\" aria-describedby=\"caption-attachment-2147\" style=\"width: 680px\" class=\"wp-caption alignnone\"><img loading=\"lazy\" decoding=\"async\" class=\"size-medium wp-image-2147\" src=\"\/\/www.umweltperspektiven.ch\/wp-content\/uploads\/2019\/05\/Auszeichnungen-Klimastiftung-Schweiz-UP_Umweltperspektiven.jpg\" alt=\"\" width=\"680\" height=\"383\" srcset=\"https:\/\/www.organisator.ch\/wp-content\/uploads\/2019\/05\/Auszeichnungen-Klimastiftung-Schweiz-UP_Umweltperspektiven.jpg 970w, https:\/\/www.organisator.ch\/wp-content\/uploads\/2019\/05\/Auszeichnungen-Klimastiftung-Schweiz-UP_Umweltperspektiven-680x383.jpg 680w, https:\/\/www.organisator.ch\/wp-content\/uploads\/2019\/05\/Auszeichnungen-Klimastiftung-Schweiz-UP_Umweltperspektiven-768x432.jpg 768w, https:\/\/www.organisator.ch\/wp-content\/uploads\/2019\/05\/Auszeichnungen-Klimastiftung-Schweiz-UP_Umweltperspektiven-18x10.jpg 18w, https:\/\/www.organisator.ch\/wp-content\/uploads\/2019\/05\/Auszeichnungen-Klimastiftung-Schweiz-UP_Umweltperspektiven-311x175.jpg 311w, https:\/\/www.organisator.ch\/wp-content\/uploads\/2019\/05\/Auszeichnungen-Klimastiftung-Schweiz-UP_Umweltperspektiven-622x350.jpg 622w, https:\/\/www.organisator.ch\/wp-content\/uploads\/2019\/05\/Auszeichnungen-Klimastiftung-Schweiz-UP_Umweltperspektiven-920x518.jpg 920w, https:\/\/www.organisator.ch\/wp-content\/uploads\/2019\/05\/Auszeichnungen-Klimastiftung-Schweiz-UP_Umweltperspektiven-300x169.jpg 300w\" sizes=\"auto, (max-width: 680px) 100vw, 680px\" \/><figcaption id=\"caption-attachment-2147\" class=\"wp-caption-text\">Die Stiftung hat seit ihrer Gr\u00fcndung 2008 F\u00f6rderungen in der H\u00f6he von 20 Millionen Franken f\u00fcr \u00fcber 1&#8217;400 KMU in der Schweiz und im F\u00fcrstentum Liechtenstein gesprochen. (Bild: Klimastiftung Schweiz)<\/figcaption><\/figure>\n<p>Die Klimastiftung Schweiz schreibt im j\u00fcngsten Communique \u00fcber pr\u00e4mierte Klimaschutz-Projekte: K\u00fche schaden dem Klima etwa gleich stark wie alle Autos, Lastwagen und Flugzeuge zusammen. Methan, das in ihren M\u00e4gen entsteht, ist um ein Vielfaches sch\u00e4dlicher als CO2. Nun will ein Westschweizer KMU daf\u00fcr sorgen, dass K\u00fche weniger Methan ausstossen. Ein Futtermittelzusatz auf Basis von Knoblauch und Zitrusfr\u00fcchten namens MOOTRAL soll den Methan-Ausstoss um bis zu 38% senken.<\/p>\n<p>\u00abWir unterst\u00fctzen MOOTRAL mit einer Spende \u00fcber 200&#8217;000 Franken\u00bb, sagt Vincent Eckert, Gesch\u00e4ftsf\u00fchrer der Klimastiftung Schweiz. Das erlaubt es dem KMU, den Nahrungszusatz anfangs verg\u00fcnstigt abzugeben. \u00abEs ist wichtig, dass sich solche Massnahmen rasch durchsetzen, denn die Menschheit muss ihren Ausstoss von Klimagasen in den n\u00e4chsten 12 Jahren im Vergleich zu 1990 halbieren\u00bb, sagt Eckert.<\/p>\n<p><strong>16 Klimaschutz-Projekte erhalten F\u00f6rdergelder<\/strong><\/p>\n<p>In ihrer Fr\u00fchlings-Vergaberunde unterst\u00fctzt die Klimastiftung Schweiz zahlreiche weitere KMU mit F\u00f6rdergeldern. So will die Waadtl\u00e4nder Revopack mit einer neuen Recycling-Presse die Zahl der Lastwagenfahrten zur Entsorgung von Flaschen, B\u00fcchsen und Dosen halbieren. Die kompakte Presse wird direkt an den R\u00fcckgabestellen installiert und komprimiert Flaschen auf die H\u00e4lfte, B\u00fcchsen und Dosen sogar um \u00fcber 80%.<\/p>\n<p>Andere gef\u00f6rderte KMU entwickeln neuartige Windturbinen oder setzen k\u00fcnstliche Intelligenz ein, um die Kanalisation effizienter zu bewirtschaften. Auch \u00abAlte Bekannte\u00bb erhalten neue F\u00f6rdergelder: Das Bieler KMU Joulia hat mit finanzieller Unterst\u00fctzung der Klimastiftung Schweiz bereits eine Duschwanne entwickelt, welche mit der W\u00e4rme des gebrauchten Wassers das Frischwasser vorheizt und so viel Heizenergie spart.<\/p>\n<p>Mittlerweile ist auch eine Duschrinne erh\u00e4ltlich, welche unsichtbar im Duschboden eingebaut ist. Nun will das KMU in eine g\u00fcnstigere Fertigung investieren, welche die W\u00e4rmer\u00fcckgewinnung noch attraktiver macht. Dabei erh\u00e4lt es erneut Unterst\u00fctzung von der Stiftung.<\/p>\n<p>\u00abDie Bandbreite der eingereichten Projekte ist riesig\u00bb, freut sich Gesch\u00e4ftsf\u00fchrer Eckert. \u00abKMU packen den Kampf gegen den Klimawandel von allen m\u00f6glichen Seiten an. Genau das braucht es, wenn wir die schlimmsten Folgen des Klimawandels verhindern wollen.\u00bb<br \/>\nBanken, Versicherungen und andere Dienstleister an Bord<\/p>\n<p>Finanziert wird die Klimastiftung Schweiz von 27 grossen Dienstleistungsunternehmen aus der Schweiz und Liechtenstein. Sie spenden ihre Netto-R\u00fcckverg\u00fctung aus der CO2-Abgabe der gemeinsamen Stiftung, die damit Klimaschutzprojekte von einheimischen KMU f\u00f6rdert. Nach einem Rekordjahr 2018 will die Klimastiftung Schweiz dieses Jahr noch mehr F\u00f6rdergelder vergeben. \u00abDank unseren Partnerfirmen sind wir gut finanziert\u00bb, sagt Eckert. \u00abMit ihrem Engagement k\u00f6nnen wir weiter daf\u00fcr sorgen, dass innovative Ideen f\u00fcr den Klimaschutz Realit\u00e4t werden.\u00bb<\/p>\n<p><strong><em>\u00dcber die Klimastiftung Schweiz<\/em><\/strong><\/p>\n<p><em>Klima sch\u00fctzen. KMU st\u00e4rken. Nach diesem Motto unterst\u00fctzt die Klimastiftung Schweiz Projekte kleiner und mittlerer Unternehmen (KMU), die einen Beitrag zum Klimaschutz leisten. Die Stiftung hat seit ihrer Gr\u00fcndung 2008 F\u00f6rderungen in der H\u00f6he von 20 Millionen Franken f\u00fcr \u00fcber 1&#8217;400 KMU in der Schweiz und im F\u00fcrstentum Liechtenstein gesprochen.<\/em><\/p>\n<p><em>Die Klimastiftung Schweiz wurde als gemeinn\u00fctzige, unabh\u00e4ngige Stiftung gegr\u00fcndet. Sie ist unter Bundesaufsicht und steht interessierten Firmen offen, die durch einen effizienten und gezielten Einsatz der R\u00fcckverteilung aus der CO2-Lenkungsabgabe den Klimaschutz verst\u00e4rken wollen.<\/em><\/p>\n<p><em>Seit Januar 2008 verlangt das CO2-Gesetz eine Abgabe auf Brennstoffe. Ein Teil der Abgaben fliesst zur\u00fcck an die Wirtschaft. Vor allem grosse Dienstleistungsunternehmen erhalten mehr zur\u00fcck, als sie bezahlt haben. Diese \u00abNetto-R\u00fcckverg\u00fctung\u00bb setzen die Partnerfirmen der Klimastiftung Schweiz f\u00fcr Klimaschutzmassnahmen von Schweizer und Liechtensteiner KMU ein.<\/em><\/p>\n<p><em>Die Partner der Klimastiftung Schweiz<\/em><\/p>\n<p><em>Die Schweizer und Liechtensteiner Dienstleister Allianz Suisse, Alternative Bank Schweiz, AXA, Bank J. Safra Sarasin, ECA, Geb\u00e4udeversicherung Bern, Geb\u00e4udeversicherung Kanton Z\u00fcrich, Glarner Kantonalbank, Julius B\u00e4r, LGT, Liechtensteinische Landesbank, Man Investments, NewRe, PartnerRe, Pictet &amp; Cie, PwC Schweiz, Raiffeisen Schweiz, RobecoSAM, Sanitas Krankenversicherung, SAP (Schweiz) AG, SCOR, Swiss Life, Swiss Re, Vaudoise Assurances, Vontobel, VP Bank und AXA XL sind Partner der Klimastiftung Schweiz.<\/em><\/p>\n<p>Weitere Informationen: <a href=\"\/\/www.klimastiftung.ch\">www.klimastiftung.ch<\/a><\/p>\n<p>&nbsp;<\/p>\n<p>&nbsp;<\/p>\n","protected":false},"excerpt":{"rendered":"<p>Die Klimastiftung Schweiz schreibt im j\u00fcngsten Communique \u00fcber pr\u00e4mierte Klimaschutz-Projekte: K\u00fche schaden dem Klima etwa gleich stark wie alle Autos, Lastwagen und Flugzeuge zusammen. Methan, das in ihren M\u00e4gen entsteht, ist um ein Vielfaches sch\u00e4dlicher als CO2. Nun will ein Westschweizer KMU daf\u00fcr sorgen, dass K\u00fche weniger Methan ausstossen. Ein Futtermittelzusatz auf Basis von Knoblauch [&hellip;]<\/p>\n","protected":false},"author":5,"featured_media":2147,"comment_status":"open","ping_status":"open","sticky":false,"template":"","format":"standard","meta":{"_acf_changed":false,"_yoast_wpseo_focuskw":"Klimastiftung","_yoast_wpseo_metadesc":"Die Klimastiftung Schweiz hat entschieden, welche Klimaschutz-Projekte von Schweizer und Liechtensteiner KMU sie diesen Fr\u00fchling f\u00f6rdert.","articlekey":"","footnotes":""},"categories":[1],"tags":[1210,1526],"class_list":["post-2146","post","type-post","status-publish","format-standard","has-post-thumbnail","hentry","category-allgemein","tag-foerdergelder","tag-klimastiftung-schweiz"],"acf":[],"yoast_head":"<!-- This site is optimized with the Yoast SEO plugin v27.5 - https:\/\/yoast.com\/product\/yoast-seo-wordpress\/ -->\n<title>R\u00fclpsende K\u00fche und k\u00fcnstliche Intelligenz: Klimastiftung spricht F\u00f6rdergelder - Organisator<\/title>\n<meta name=\"description\" content=\"Die Klimastiftung Schweiz hat entschieden, welche Klimaschutz-Projekte von Schweizer und Liechtensteiner KMU sie diesen Fr\u00fchling f\u00f6rdert.\" \/>\n<meta name=\"robots\" content=\"index, follow, max-snippet:-1, max-image-preview:large, max-video-preview:-1\" \/>\n<link rel=\"canonical\" href=\"https:\/\/www.organisator.ch\/de\/allgemein\/2019-05-16\/ruelpsende-kuehe-und-kuenstliche-intelligenz-klimastiftung-spricht-foerdergelder\/\" \/>\n<meta property=\"og:locale\" content=\"de_DE\" \/>\n<meta property=\"og:type\" content=\"article\" \/>\n<meta property=\"og:title\" content=\"R\u00fclpsende K\u00fche und k\u00fcnstliche Intelligenz: Klimastiftung spricht F\u00f6rdergelder - Organisator\" \/>\n<meta property=\"og:description\" content=\"Die Klimastiftung Schweiz hat entschieden, welche Klimaschutz-Projekte von Schweizer und Liechtensteiner KMU sie diesen Fr\u00fchling f\u00f6rdert.\" \/>\n<meta property=\"og:url\" content=\"https:\/\/www.organisator.ch\/de\/allgemein\/2019-05-16\/ruelpsende-kuehe-und-kuenstliche-intelligenz-klimastiftung-spricht-foerdergelder\/\" \/>\n<meta property=\"og:site_name\" content=\"Organisator\" \/>\n<meta property=\"article:publisher\" content=\"https:\/\/www.facebook.com\/OrganisatorFachmagazin\" \/>\n<meta property=\"article:published_time\" content=\"2019-05-16T09:43:35+00:00\" \/>\n<meta property=\"og:image\" content=\"https:\/\/www.organisator.ch\/wp-content\/uploads\/2019\/05\/Auszeichnungen-Klimastiftung-Schweiz-UP_Umweltperspektiven.jpg\" \/>\n\t<meta property=\"og:image:width\" content=\"970\" \/>\n\t<meta property=\"og:image:height\" content=\"546\" \/>\n\t<meta property=\"og:image:type\" content=\"image\/jpeg\" \/>\n<meta name=\"author\" content=\"michael.merz\" \/>\n<meta name=\"twitter:card\" content=\"summary_large_image\" \/>\n<script type=\"application\/ld+json\" class=\"yoast-schema-graph\">{\"@context\":\"https:\\\/\\\/schema.org\",\"@graph\":[{\"@type\":\"Article\",\"@id\":\"https:\\\/\\\/www.organisator.ch\\\/de\\\/allgemein\\\/2019-05-16\\\/ruelpsende-kuehe-und-kuenstliche-intelligenz-klimastiftung-spricht-foerdergelder\\\/#article\",\"isPartOf\":{\"@id\":\"https:\\\/\\\/www.organisator.ch\\\/de\\\/allgemein\\\/2019-05-16\\\/ruelpsende-kuehe-und-kuenstliche-intelligenz-klimastiftung-spricht-foerdergelder\\\/\"},\"author\":{\"name\":\"michael.merz\",\"@id\":\"https:\\\/\\\/www.organisator.ch\\\/#\\\/schema\\\/person\\\/134708ca9321c57b0362cceb7948ffbd\"},\"headline\":\"R\u00fclpsende K\u00fche und k\u00fcnstliche Intelligenz: Klimastiftung spricht F\u00f6rdergelder\",\"datePublished\":\"2019-05-16T09:43:35+00:00\",\"mainEntityOfPage\":{\"@id\":\"https:\\\/\\\/www.organisator.ch\\\/de\\\/allgemein\\\/2019-05-16\\\/ruelpsende-kuehe-und-kuenstliche-intelligenz-klimastiftung-spricht-foerdergelder\\\/\"},\"wordCount\":699,\"commentCount\":0,\"publisher\":{\"@id\":\"https:\\\/\\\/www.organisator.ch\\\/#organization\"},\"image\":{\"@id\":\"https:\\\/\\\/www.organisator.ch\\\/de\\\/allgemein\\\/2019-05-16\\\/ruelpsende-kuehe-und-kuenstliche-intelligenz-klimastiftung-spricht-foerdergelder\\\/#primaryimage\"},\"thumbnailUrl\":\"https:\\\/\\\/www.organisator.ch\\\/wp-content\\\/uploads\\\/2019\\\/05\\\/Auszeichnungen-Klimastiftung-Schweiz-UP_Umweltperspektiven.jpg\",\"keywords\":[\"F\u00f6rdergelder\",\"Klimastiftung Schweiz\"],\"inLanguage\":\"de\"},{\"@type\":\"WebPage\",\"@id\":\"https:\\\/\\\/www.organisator.ch\\\/de\\\/allgemein\\\/2019-05-16\\\/ruelpsende-kuehe-und-kuenstliche-intelligenz-klimastiftung-spricht-foerdergelder\\\/\",\"url\":\"https:\\\/\\\/www.organisator.ch\\\/de\\\/allgemein\\\/2019-05-16\\\/ruelpsende-kuehe-und-kuenstliche-intelligenz-klimastiftung-spricht-foerdergelder\\\/\",\"name\":\"R\u00fclpsende K\u00fche und k\u00fcnstliche Intelligenz: Klimastiftung spricht F\u00f6rdergelder - Organisator\",\"isPartOf\":{\"@id\":\"https:\\\/\\\/www.organisator.ch\\\/#website\"},\"primaryImageOfPage\":{\"@id\":\"https:\\\/\\\/www.organisator.ch\\\/de\\\/allgemein\\\/2019-05-16\\\/ruelpsende-kuehe-und-kuenstliche-intelligenz-klimastiftung-spricht-foerdergelder\\\/#primaryimage\"},\"image\":{\"@id\":\"https:\\\/\\\/www.organisator.ch\\\/de\\\/allgemein\\\/2019-05-16\\\/ruelpsende-kuehe-und-kuenstliche-intelligenz-klimastiftung-spricht-foerdergelder\\\/#primaryimage\"},\"thumbnailUrl\":\"https:\\\/\\\/www.organisator.ch\\\/wp-content\\\/uploads\\\/2019\\\/05\\\/Auszeichnungen-Klimastiftung-Schweiz-UP_Umweltperspektiven.jpg\",\"datePublished\":\"2019-05-16T09:43:35+00:00\",\"description\":\"Die Klimastiftung Schweiz hat entschieden, welche Klimaschutz-Projekte von Schweizer und Liechtensteiner KMU sie diesen Fr\u00fchling f\u00f6rdert.\",\"breadcrumb\":{\"@id\":\"https:\\\/\\\/www.organisator.ch\\\/de\\\/allgemein\\\/2019-05-16\\\/ruelpsende-kuehe-und-kuenstliche-intelligenz-klimastiftung-spricht-foerdergelder\\\/#breadcrumb\"},\"inLanguage\":\"de\",\"potentialAction\":[{\"@type\":\"ReadAction\",\"target\":[\"https:\\\/\\\/www.organisator.ch\\\/de\\\/allgemein\\\/2019-05-16\\\/ruelpsende-kuehe-und-kuenstliche-intelligenz-klimastiftung-spricht-foerdergelder\\\/\"]}]},{\"@type\":\"ImageObject\",\"inLanguage\":\"de\",\"@id\":\"https:\\\/\\\/www.organisator.ch\\\/de\\\/allgemein\\\/2019-05-16\\\/ruelpsende-kuehe-und-kuenstliche-intelligenz-klimastiftung-spricht-foerdergelder\\\/#primaryimage\",\"url\":\"https:\\\/\\\/www.organisator.ch\\\/wp-content\\\/uploads\\\/2019\\\/05\\\/Auszeichnungen-Klimastiftung-Schweiz-UP_Umweltperspektiven.jpg\",\"contentUrl\":\"https:\\\/\\\/www.organisator.ch\\\/wp-content\\\/uploads\\\/2019\\\/05\\\/Auszeichnungen-Klimastiftung-Schweiz-UP_Umweltperspektiven.jpg\",\"width\":970,\"height\":546,\"caption\":\"Die Stiftung hat seit ihrer Gr\u00fcndung 2008 F\u00f6rderungen in der H\u00f6he von 20 Millionen Franken f\u00fcr \u00fcber 1'400 KMU in der Schweiz und im F\u00fcrstentum Liechtenstein gesprochen. (Bild: Klimastiftung Schweiz)\"},{\"@type\":\"BreadcrumbList\",\"@id\":\"https:\\\/\\\/www.organisator.ch\\\/de\\\/allgemein\\\/2019-05-16\\\/ruelpsende-kuehe-und-kuenstliche-intelligenz-klimastiftung-spricht-foerdergelder\\\/#breadcrumb\",\"itemListElement\":[{\"@type\":\"ListItem\",\"position\":1,\"name\":\"Home\",\"item\":\"https:\\\/\\\/www.organisator.ch\\\/\"},{\"@type\":\"ListItem\",\"position\":2,\"name\":\"R\u00fclpsende K\u00fche und k\u00fcnstliche Intelligenz: Klimastiftung spricht F\u00f6rdergelder\"}]},{\"@type\":\"WebSite\",\"@id\":\"https:\\\/\\\/www.organisator.ch\\\/#website\",\"url\":\"https:\\\/\\\/www.organisator.ch\\\/\",\"name\":\"Organisator\",\"description\":\"Kompetent. Praxisnah. Der ORGANISATOR bereitet in 10 Ausgaben pro Jahr die wesentlichen Themen f\u00fcr F\u00fchrungskr\u00e4fte von KMU auf.\",\"publisher\":{\"@id\":\"https:\\\/\\\/www.organisator.ch\\\/#organization\"},\"potentialAction\":[{\"@type\":\"SearchAction\",\"target\":{\"@type\":\"EntryPoint\",\"urlTemplate\":\"https:\\\/\\\/www.organisator.ch\\\/?s={search_term_string}\"},\"query-input\":{\"@type\":\"PropertyValueSpecification\",\"valueRequired\":true,\"valueName\":\"search_term_string\"}}],\"inLanguage\":\"de\"},{\"@type\":\"Organization\",\"@id\":\"https:\\\/\\\/www.organisator.ch\\\/#organization\",\"name\":\"Organisator\",\"url\":\"https:\\\/\\\/www.organisator.ch\\\/\",\"logo\":{\"@type\":\"ImageObject\",\"inLanguage\":\"de\",\"@id\":\"https:\\\/\\\/www.organisator.ch\\\/#\\\/schema\\\/logo\\\/image\\\/\",\"url\":\"https:\\\/\\\/www.organisator.ch\\\/wp-content\\\/uploads\\\/2022\\\/01\\\/Logo_Organisator_Website.png\",\"contentUrl\":\"https:\\\/\\\/www.organisator.ch\\\/wp-content\\\/uploads\\\/2022\\\/01\\\/Logo_Organisator_Website.png\",\"width\":800,\"height\":77,\"caption\":\"Organisator\"},\"image\":{\"@id\":\"https:\\\/\\\/www.organisator.ch\\\/#\\\/schema\\\/logo\\\/image\\\/\"},\"sameAs\":[\"https:\\\/\\\/www.facebook.com\\\/OrganisatorFachmagazin\",\"https:\\\/\\\/www.linkedin.com\\\/showcase\\\/organisator-das-magazin-fr-kmu\",\"https:\\\/\\\/www.xing.com\\\/news\\\/pages\\\/organisator-ch-695\",\"https:\\\/\\\/www.youtube.com\\\/channel\\\/UCGP2Sq0iWaZwT3BdIAQFYpw\"]},{\"@type\":\"Person\",\"@id\":\"https:\\\/\\\/www.organisator.ch\\\/#\\\/schema\\\/person\\\/134708ca9321c57b0362cceb7948ffbd\",\"name\":\"michael.merz\",\"image\":{\"@type\":\"ImageObject\",\"inLanguage\":\"de\",\"@id\":\"https:\\\/\\\/secure.gravatar.com\\\/avatar\\\/?s=96&d=mm&r=g\",\"url\":\"https:\\\/\\\/secure.gravatar.com\\\/avatar\\\/?s=96&d=mm&r=g\",\"contentUrl\":\"https:\\\/\\\/secure.gravatar.com\\\/avatar\\\/?s=96&d=mm&r=g\",\"caption\":\"michael.merz\"},\"url\":\"https:\\\/\\\/www.organisator.ch\\\/de\\\/author\\\/michael-merz\\\/\"}]}<\/script>\n<!-- \/ Yoast SEO plugin. -->","yoast_head_json":{"title":"R\u00fclpsende K\u00fche und k\u00fcnstliche Intelligenz: Klimastiftung spricht F\u00f6rdergelder - Organisator","description":"Die Klimastiftung Schweiz hat entschieden, welche Klimaschutz-Projekte von Schweizer und Liechtensteiner KMU sie diesen Fr\u00fchling f\u00f6rdert.","robots":{"index":"index","follow":"follow","max-snippet":"max-snippet:-1","max-image-preview":"max-image-preview:large","max-video-preview":"max-video-preview:-1"},"canonical":"https:\/\/www.organisator.ch\/de\/allgemein\/2019-05-16\/ruelpsende-kuehe-und-kuenstliche-intelligenz-klimastiftung-spricht-foerdergelder\/","og_locale":"de_DE","og_type":"article","og_title":"R\u00fclpsende K\u00fche und k\u00fcnstliche Intelligenz: Klimastiftung spricht F\u00f6rdergelder - Organisator","og_description":"Die Klimastiftung Schweiz hat entschieden, welche Klimaschutz-Projekte von Schweizer und Liechtensteiner KMU sie diesen Fr\u00fchling f\u00f6rdert.","og_url":"https:\/\/www.organisator.ch\/de\/allgemein\/2019-05-16\/ruelpsende-kuehe-und-kuenstliche-intelligenz-klimastiftung-spricht-foerdergelder\/","og_site_name":"Organisator","article_publisher":"https:\/\/www.facebook.com\/OrganisatorFachmagazin","article_published_time":"2019-05-16T09:43:35+00:00","og_image":[{"width":970,"height":546,"url":"https:\/\/www.organisator.ch\/wp-content\/uploads\/2019\/05\/Auszeichnungen-Klimastiftung-Schweiz-UP_Umweltperspektiven.jpg","type":"image\/jpeg"}],"author":"michael.merz","twitter_card":"summary_large_image","schema":{"@context":"https:\/\/schema.org","@graph":[{"@type":"Article","@id":"https:\/\/www.organisator.ch\/de\/allgemein\/2019-05-16\/ruelpsende-kuehe-und-kuenstliche-intelligenz-klimastiftung-spricht-foerdergelder\/#article","isPartOf":{"@id":"https:\/\/www.organisator.ch\/de\/allgemein\/2019-05-16\/ruelpsende-kuehe-und-kuenstliche-intelligenz-klimastiftung-spricht-foerdergelder\/"},"author":{"name":"michael.merz","@id":"https:\/\/www.organisator.ch\/#\/schema\/person\/134708ca9321c57b0362cceb7948ffbd"},"headline":"R\u00fclpsende K\u00fche und k\u00fcnstliche Intelligenz: Klimastiftung spricht F\u00f6rdergelder","datePublished":"2019-05-16T09:43:35+00:00","mainEntityOfPage":{"@id":"https:\/\/www.organisator.ch\/de\/allgemein\/2019-05-16\/ruelpsende-kuehe-und-kuenstliche-intelligenz-klimastiftung-spricht-foerdergelder\/"},"wordCount":699,"commentCount":0,"publisher":{"@id":"https:\/\/www.organisator.ch\/#organization"},"image":{"@id":"https:\/\/www.organisator.ch\/de\/allgemein\/2019-05-16\/ruelpsende-kuehe-und-kuenstliche-intelligenz-klimastiftung-spricht-foerdergelder\/#primaryimage"},"thumbnailUrl":"https:\/\/www.organisator.ch\/wp-content\/uploads\/2019\/05\/Auszeichnungen-Klimastiftung-Schweiz-UP_Umweltperspektiven.jpg","keywords":["F\u00f6rdergelder","Klimastiftung Schweiz"],"inLanguage":"de"},{"@type":"WebPage","@id":"https:\/\/www.organisator.ch\/de\/allgemein\/2019-05-16\/ruelpsende-kuehe-und-kuenstliche-intelligenz-klimastiftung-spricht-foerdergelder\/","url":"https:\/\/www.organisator.ch\/de\/allgemein\/2019-05-16\/ruelpsende-kuehe-und-kuenstliche-intelligenz-klimastiftung-spricht-foerdergelder\/","name":"R\u00fclpsende K\u00fche und k\u00fcnstliche Intelligenz: Klimastiftung spricht F\u00f6rdergelder - Organisator","isPartOf":{"@id":"https:\/\/www.organisator.ch\/#website"},"primaryImageOfPage":{"@id":"https:\/\/www.organisator.ch\/de\/allgemein\/2019-05-16\/ruelpsende-kuehe-und-kuenstliche-intelligenz-klimastiftung-spricht-foerdergelder\/#primaryimage"},"image":{"@id":"https:\/\/www.organisator.ch\/de\/allgemein\/2019-05-16\/ruelpsende-kuehe-und-kuenstliche-intelligenz-klimastiftung-spricht-foerdergelder\/#primaryimage"},"thumbnailUrl":"https:\/\/www.organisator.ch\/wp-content\/uploads\/2019\/05\/Auszeichnungen-Klimastiftung-Schweiz-UP_Umweltperspektiven.jpg","datePublished":"2019-05-16T09:43:35+00:00","description":"Die Klimastiftung Schweiz hat entschieden, welche Klimaschutz-Projekte von Schweizer und Liechtensteiner KMU sie diesen Fr\u00fchling f\u00f6rdert.","breadcrumb":{"@id":"https:\/\/www.organisator.ch\/de\/allgemein\/2019-05-16\/ruelpsende-kuehe-und-kuenstliche-intelligenz-klimastiftung-spricht-foerdergelder\/#breadcrumb"},"inLanguage":"de","potentialAction":[{"@type":"ReadAction","target":["https:\/\/www.organisator.ch\/de\/allgemein\/2019-05-16\/ruelpsende-kuehe-und-kuenstliche-intelligenz-klimastiftung-spricht-foerdergelder\/"]}]},{"@type":"ImageObject","inLanguage":"de","@id":"https:\/\/www.organisator.ch\/de\/allgemein\/2019-05-16\/ruelpsende-kuehe-und-kuenstliche-intelligenz-klimastiftung-spricht-foerdergelder\/#primaryimage","url":"https:\/\/www.organisator.ch\/wp-content\/uploads\/2019\/05\/Auszeichnungen-Klimastiftung-Schweiz-UP_Umweltperspektiven.jpg","contentUrl":"https:\/\/www.organisator.ch\/wp-content\/uploads\/2019\/05\/Auszeichnungen-Klimastiftung-Schweiz-UP_Umweltperspektiven.jpg","width":970,"height":546,"caption":"Die Stiftung hat seit ihrer Gr\u00fcndung 2008 F\u00f6rderungen in der H\u00f6he von 20 Millionen Franken f\u00fcr \u00fcber 1'400 KMU in der Schweiz und im F\u00fcrstentum Liechtenstein gesprochen. (Bild: Klimastiftung Schweiz)"},{"@type":"BreadcrumbList","@id":"https:\/\/www.organisator.ch\/de\/allgemein\/2019-05-16\/ruelpsende-kuehe-und-kuenstliche-intelligenz-klimastiftung-spricht-foerdergelder\/#breadcrumb","itemListElement":[{"@type":"ListItem","position":1,"name":"Home","item":"https:\/\/www.organisator.ch\/"},{"@type":"ListItem","position":2,"name":"R\u00fclpsende K\u00fche und k\u00fcnstliche Intelligenz: Klimastiftung spricht F\u00f6rdergelder"}]},{"@type":"WebSite","@id":"https:\/\/www.organisator.ch\/#website","url":"https:\/\/www.organisator.ch\/","name":"Organisator","description":"Kompetent. Praxisnah. Der ORGANISATOR bereitet in 10 Ausgaben pro Jahr die wesentlichen Themen f\u00fcr F\u00fchrungskr\u00e4fte von KMU auf.","publisher":{"@id":"https:\/\/www.organisator.ch\/#organization"},"potentialAction":[{"@type":"SearchAction","target":{"@type":"EntryPoint","urlTemplate":"https:\/\/www.organisator.ch\/?s={search_term_string}"},"query-input":{"@type":"PropertyValueSpecification","valueRequired":true,"valueName":"search_term_string"}}],"inLanguage":"de"},{"@type":"Organization","@id":"https:\/\/www.organisator.ch\/#organization","name":"Organisator","url":"https:\/\/www.organisator.ch\/","logo":{"@type":"ImageObject","inLanguage":"de","@id":"https:\/\/www.organisator.ch\/#\/schema\/logo\/image\/","url":"https:\/\/www.organisator.ch\/wp-content\/uploads\/2022\/01\/Logo_Organisator_Website.png","contentUrl":"https:\/\/www.organisator.ch\/wp-content\/uploads\/2022\/01\/Logo_Organisator_Website.png","width":800,"height":77,"caption":"Organisator"},"image":{"@id":"https:\/\/www.organisator.ch\/#\/schema\/logo\/image\/"},"sameAs":["https:\/\/www.facebook.com\/OrganisatorFachmagazin","https:\/\/www.linkedin.com\/showcase\/organisator-das-magazin-fr-kmu","https:\/\/www.xing.com\/news\/pages\/organisator-ch-695","https:\/\/www.youtube.com\/channel\/UCGP2Sq0iWaZwT3BdIAQFYpw"]},{"@type":"Person","@id":"https:\/\/www.organisator.ch\/#\/schema\/person\/134708ca9321c57b0362cceb7948ffbd","name":"michael.merz","image":{"@type":"ImageObject","inLanguage":"de","@id":"https:\/\/secure.gravatar.com\/avatar\/?s=96&d=mm&r=g","url":"https:\/\/secure.gravatar.com\/avatar\/?s=96&d=mm&r=g","contentUrl":"https:\/\/secure.gravatar.com\/avatar\/?s=96&d=mm&r=g","caption":"michael.merz"},"url":"https:\/\/www.organisator.ch\/de\/author\/michael-merz\/"}]}},"_links":{"self":[{"href":"https:\/\/www.organisator.ch\/de\/wp-json\/wp\/v2\/posts\/2146","targetHints":{"allow":["GET"]}}],"collection":[{"href":"https:\/\/www.organisator.ch\/de\/wp-json\/wp\/v2\/posts"}],"about":[{"href":"https:\/\/www.organisator.ch\/de\/wp-json\/wp\/v2\/types\/post"}],"author":[{"embeddable":true,"href":"https:\/\/www.organisator.ch\/de\/wp-json\/wp\/v2\/users\/5"}],"replies":[{"embeddable":true,"href":"https:\/\/www.organisator.ch\/de\/wp-json\/wp\/v2\/comments?post=2146"}],"version-history":[{"count":0,"href":"https:\/\/www.organisator.ch\/de\/wp-json\/wp\/v2\/posts\/2146\/revisions"}],"wp:featuredmedia":[{"embeddable":true,"href":"https:\/\/www.organisator.ch\/de\/wp-json\/wp\/v2\/media\/2147"}],"wp:attachment":[{"href":"https:\/\/www.organisator.ch\/de\/wp-json\/wp\/v2\/media?parent=2146"}],"wp:term":[{"taxonomy":"category","embeddable":true,"href":"https:\/\/www.organisator.ch\/de\/wp-json\/wp\/v2\/categories?post=2146"},{"taxonomy":"post_tag","embeddable":true,"href":"https:\/\/www.organisator.ch\/de\/wp-json\/wp\/v2\/tags?post=2146"}],"curies":[{"name":"wp","href":"https:\/\/api.w.org\/{rel}","templated":true}]}}