{"id":21473,"date":"2023-08-28T07:57:47","date_gmt":"2023-08-28T05:57:47","guid":{"rendered":"https:\/\/www.organisator.ch\/?p=21473"},"modified":"2023-08-28T07:57:47","modified_gmt":"2023-08-28T05:57:47","slug":"ki-einsatz-furcht-vor-jobverlust-bei-fast-der-haelfte-der-angestellten","status":"publish","type":"post","link":"https:\/\/www.organisator.ch\/de\/management\/2023-08-28\/ki-einsatz-furcht-vor-jobverlust-bei-fast-der-haelfte-der-angestellten\/","title":{"rendered":"KI-Einsatz: Furcht vor Jobverlust bei fast der H\u00e4lfte der Angestellten"},"content":{"rendered":"<figure id=\"attachment_21474\" aria-describedby=\"caption-attachment-21474\" style=\"width: 680px\" class=\"wp-caption alignnone\"><img loading=\"lazy\" decoding=\"async\" class=\"size-full wp-image-21474\" src=\"https:\/\/www.organisator.ch\/wp-content\/uploads\/2023\/08\/KI-Einsatz-Furcht-vor-Jobverlust-bei-fast-der-Haelfte-der-Angestellten-1_Organisator.jpg\" alt=\"\" width=\"680\" height=\"353\" srcset=\"https:\/\/www.organisator.ch\/wp-content\/uploads\/2023\/08\/KI-Einsatz-Furcht-vor-Jobverlust-bei-fast-der-Haelfte-der-Angestellten-1_Organisator.jpg 680w, https:\/\/www.organisator.ch\/wp-content\/uploads\/2023\/08\/KI-Einsatz-Furcht-vor-Jobverlust-bei-fast-der-Haelfte-der-Angestellten-1_Organisator-18x9.jpg 18w, https:\/\/www.organisator.ch\/wp-content\/uploads\/2023\/08\/KI-Einsatz-Furcht-vor-Jobverlust-bei-fast-der-Haelfte-der-Angestellten-1_Organisator-375x195.jpg 375w, https:\/\/www.organisator.ch\/wp-content\/uploads\/2023\/08\/KI-Einsatz-Furcht-vor-Jobverlust-bei-fast-der-Haelfte-der-Angestellten-1_Organisator-674x350.jpg 674w\" sizes=\"auto, (max-width: 680px) 100vw, 680px\" \/><figcaption id=\"caption-attachment-21474\" class=\"wp-caption-text\">KI-Einsatz: Diese Risiken sind f\u00fcr die Befragten am gr\u00f6ssten. (Grafik: Deloitte)<\/figcaption><\/figure>\n<p>Die Zusammenfassung des Gesch\u00e4ftsberichts wird mit ChatGPT erstellt, die Grafiken dazu stammen von DALL-E: Generative KI-Programme haben sich im Schweizer B\u00fcroalltag rasant durchgesetzt und geh\u00f6ren f\u00fcr viele Angestellte mittlerweile zum Tagesgesch\u00e4ft. Dies zeigt die Umfrage \u00abDer rasante Einzug der Generativen KI in der Schweiz\u00bb des Pr\u00fcfungs- und Beratungsunternehmens Deloitte Schweiz. F\u00fcr die Umfrage wurden 1\u2019002 Personen schweizweit befragt, die prinzipiell Generative KI bei ihrer Arbeit einsetzen k\u00f6nnten. Wie die Umfrage bei diesen Personengruppen zeigt, nutzen bereits sechs von zehn Angestellten (61%), die mit einem Computer oder \u00e4hnlichen Ger\u00e4t arbeiten, Generative KI-Programme in ihrem Berufsalltag. Im privaten Umfeld ist die Nutzung mit 64 Prozent sogar noch leicht h\u00f6her. Der h\u00f6chste Anteil bei der beruflichen Nutzung entf\u00e4llt auf KI-Textprogramme (47%), gefolgt von Bildprogrammen (26%) und Codierungsprogrammen (24%). Der Grossteil der Befragten ist zufrieden mit den erzielten Resultaten und bewertet die von KI gelieferten Ergebnisse mit 7 von 10 (m\u00f6glichen) Punkten.<\/p>\n<h3>In vielen Unternehmen fehlen Richtlinien f\u00fcr die KI-Nutzung<\/h3>\n<p>Die hohe Zahl der Nutzenden verdeutlicht den bereits hohen Implementierungsgrad von Generativer KI in der B\u00fcro-Arbeitswelt: Viele der Befragten geben an, dass sie durch KI-Programme effizienter arbeiten (63%), kreativer sind (54%) oder die Qualit\u00e4t ihrer Arbeit steigern k\u00f6nnen (45%). Mit der breiten Nutzung Generativer KI durch Angestellte geht jedoch auch ein Problem einher, das f\u00fcr Unternehmen grosse Risiken birgt: In vielen Betrieben wird die KI-Implementierung n\u00e4mlich nicht durch das Management gesteuert und folglich mit klaren Richtlinien versehen, sondern geschieht durch die Mitarbeitenden selbst \u2013 in einem Viertel aller F\u00e4lle (26%) sogar ohne das Wissen der direkten Vorgesetzten. So geben 61 Prozent der Befragten an, ihre Firma verf\u00fcge nicht \u00fcber Unternehmensrichtlinien f\u00fcr die KI-Nutzung. 24 Prozent der Befragten geben zudem an, dass die Nutzung von KI in ihrem Betrieb \u2013 zumindest vorerst \u2013 untersagt ist.<\/p>\n<p>F\u00fcr Unternehmen birgt dies grosse Risiken, etwa im Hinblick auf den Datenschutz oder die Umgehung von etablierten Betriebsprozessen. Diese Schwachstelle zeigt sich auch bei den verwendeten Ger\u00e4ten: Knapp 60 Prozent der Befragten geben an, ihre pers\u00f6nlichen Computer oder Handys bei der Nutzung von Generativer KI f\u00fcr die Arbeit einzusetzen.<\/p>\n<p>Die Umfrage zeigt jedoch auch, dass viele der Befragten sich der m\u00f6glichen Risiken, die sich f\u00fcr ihren Arbeitgeber durch den Einsatz von KI ergeben, durchaus bewusst sind: Zwei Drittel (67%) sehen falsche, fehlerhafte oder unvollst\u00e4ndige Informationen als einen der Hauptnachteile von Generativer KI. 65 Prozent der Befragten haben Bedenken hinsichtlich der Cybersicherheit, 64 Prozent nennen den Datenschutz als Problem und 61 Prozent bem\u00e4ngeln die fehlende Transparenz in Bezug auf die verwendeten Quellen und Informationen bei der Nutzung von KI-Programmen.<\/p>\n<h3>KI-Einsatz: F\u00fcr Unternehmen wird es ein Learning-by-Doing-Prozess<\/h3>\n<p>\u00abUnternehmen k\u00f6nnen die KI-Implementierung in den Arbeitsalltag nicht einfach ignorieren oder beil\u00e4ufig vornehmen. Sie m\u00fcssen vielmehr aktive Prozesse aufbauen, um das volle Potenzial von Generativer KI auszusch\u00f6pfen und den beschriebenen Risiken zu begegnen, da viele Mitarbeitenden solche Programme bereits nutzen\u00bb, sagt Marc Beierschoder, Leiter Artificial Intelligence and Data Offering bei Deloitte Schweiz. \u00abF\u00fcr viele Unternehmen wird es ein Learning-by-Doing-Prozess sein. Sie m\u00fcssen zuerst rechtliche und technologische Grundlagen kl\u00e4ren, um sicherzustellen, dass Risiken wirksam gemanagt werden. Erst in einem zweiten Schritt geht es dann um Produktivit\u00e4tssteigerungen. Der letzte Schritt besteht darin, \u00fcber die unmittelbar sichtbaren Vorteile hinaus eine langfristige Strategie zu definieren. Daf\u00fcr sind erhebliche Investitionen notwendig. Langfristig verspricht dies jedoch wesentlich h\u00f6here Gewinne.\u00bb<\/p>\n<p>Der Nutzen einer systematischen Implementierung geht weit \u00fcber die unmittelbar sichtbaren Vorteile hinaus: Generative KI hat das Potenzial, Gesch\u00e4ftsangebote zu revolutionieren, neue Produkte und Dienstleistungen mitzukonzipieren oder ganze Gesch\u00e4ftsmodelle zu ver\u00e4ndern.<\/p>\n<figure id=\"attachment_21475\" aria-describedby=\"caption-attachment-21475\" style=\"width: 680px\" class=\"wp-caption alignnone\"><img loading=\"lazy\" decoding=\"async\" class=\"size-full wp-image-21475\" src=\"https:\/\/www.organisator.ch\/wp-content\/uploads\/2023\/08\/KI-Einsatz-Furcht-vor-Jobverlust-bei-fast-der-Haelfte-der-Angestellten-2_Organisator.jpg\" alt=\"\" width=\"680\" height=\"331\" srcset=\"https:\/\/www.organisator.ch\/wp-content\/uploads\/2023\/08\/KI-Einsatz-Furcht-vor-Jobverlust-bei-fast-der-Haelfte-der-Angestellten-2_Organisator.jpg 680w, https:\/\/www.organisator.ch\/wp-content\/uploads\/2023\/08\/KI-Einsatz-Furcht-vor-Jobverlust-bei-fast-der-Haelfte-der-Angestellten-2_Organisator-18x9.jpg 18w, https:\/\/www.organisator.ch\/wp-content\/uploads\/2023\/08\/KI-Einsatz-Furcht-vor-Jobverlust-bei-fast-der-Haelfte-der-Angestellten-2_Organisator-375x183.jpg 375w\" sizes=\"auto, (max-width: 680px) 100vw, 680px\" \/><figcaption id=\"caption-attachment-21475\" class=\"wp-caption-text\">Viele Mitarbeitende f\u00fcrchten den KI-Einsatz, weil er sie den Job kosten k\u00f6nnte. (Grafik: Deloitte)<\/figcaption><\/figure>\n<h3>Um sich greifende Angst vor potenziellem Jobverlust<\/h3>\n<p>Es sind mitunter diese Effizienzsteigerungen und die sich \u00e4ndernden Gesch\u00e4ftsmodelle, die vielen Angestellten und KI-Nutzenden Sorge bereiten. Knapp die H\u00e4lfte aller Befragten (43%) geben an, dass sie besorgt sind, ihren Job wegen des zunehmenden Einsatzes von KI-Programmen in den kommenden f\u00fcnf Jahren zu verlieren. Besonders interessant dabei: Angestellte, die KI bereits sehr stark in ihrem Berufsalltag verwenden, sind mit 69 Prozent weitaus besorgter um ihre berufliche Zukunft. Dies ist unter anderem einer der Gr\u00fcnde, weshalb \u00fcber die H\u00e4lfte aller Befragten (54%) \u00fcberzeugt sind, die Nutzung von Generativen KI-Programmen erlernen zu m\u00fcssen. In der Verantwortung sehen Angestellte allerdings nicht sich selbst, sondern prim\u00e4r den Arbeitgeber, der ihnen die n\u00f6tigen Kenntnisse durch Fort- und Weiterbildungen vermitteln soll (48%). Hier klafft eine Erwartungsl\u00fccke: 31 Prozent aller Befragten haben bereits eine aktive Unterst\u00fctzung oder ein Training durch den Arbeitgeber erhalten.<\/p>\n<p>\u00abGenerative K\u00fcnstliche Intelligenz wird die Arbeitswelt in den kommenden Jahren grundlegend ver\u00e4ndern. F\u00fcr beide, Arbeitnehmende und Arbeitgeber, ist ein konstruktiver Umgang mit dem Thema wichtig. Die Arbeitnehmenden profitieren k\u00fcnftig von vereinfachten Prozessen und einer gesteigerten Effizienz. Die Unternehmen stehen ihrerseits jedoch in der Verantwortung, den Bedenken hinsichtlich der Auswirkungen von KI auf die Jobsicherheit Arbeitspl\u00e4tze zu begegnen und ihre Mitarbeitenden durch Weiterbildungsmassnahmen zu schulen. Dadurch k\u00f6nnen neue Formen der Zusammenarbeit zwischen Mensch und KI entstehen\u00bb, erkl\u00e4rt Marc Beierschoder. \u00abIn konstruktiv gestalteten KI-\u00d6kosystemen werden Mitarbeitende nicht einfach durch KI-Programme ersetzt. Vielmehr setzen in KI geschulte Fachkr\u00e4fte ihr Wissen im beruflichen Alltag gezielt ein und tragen so die Zukunftsstrategie des Unternehmens aktiv mit.\u00bb<\/p>\n","protected":false},"excerpt":{"rendered":"<p>Eine Umfrage des Pr\u00fcfungs- und Beratungsunternehmens Deloitte zeigt, dass bereits 61 Prozent aller Befragten, die mit einem Computer arbeiten, Generative KI-Programme in ihrem beruflichen Alltag nutzen \u2013 teilweise ohne das Wissen der Vorgesetzten. Interessant: Jene Personen, die Generative KI verst\u00e4rkt nutzen, sorgen sich am meisten um die Zukunft ihres Arbeitsplatzes.<\/p>\n","protected":false},"author":4,"featured_media":21475,"comment_status":"closed","ping_status":"closed","sticky":false,"template":"","format":"standard","meta":{"_acf_changed":false,"_yoast_wpseo_focuskw":"KI-Einsatz","_yoast_wpseo_metadesc":"Eine Umfrage \u00fcber den KI-Einsatz zeigt: Personen, die Generative KI verst\u00e4rkt nutzen, sorgen sich oft um die Zukunft ihres Arbeitsplatzes.","articlekey":"","footnotes":""},"categories":[28],"tags":[156,319,487],"class_list":["post-21473","post","type-post","status-publish","format-standard","has-post-thumbnail","hentry","category-management","tag-digitalisierung","tag-kuenstliche-intelligenz","tag-umfrage"],"acf":[],"yoast_head":"<!-- This site is optimized with the Yoast SEO plugin v27.4 - https:\/\/yoast.com\/product\/yoast-seo-wordpress\/ -->\n<title>KI-Einsatz: Furcht vor Jobverlust bei fast der H\u00e4lfte der Angestellten - Organisator<\/title>\n<meta name=\"description\" content=\"Eine Umfrage \u00fcber den KI-Einsatz zeigt: Personen, die Generative KI verst\u00e4rkt nutzen, sorgen sich oft um die Zukunft ihres Arbeitsplatzes.\" \/>\n<meta name=\"robots\" content=\"index, follow, max-snippet:-1, max-image-preview:large, max-video-preview:-1\" \/>\n<link rel=\"canonical\" href=\"https:\/\/www.organisator.ch\/de\/management\/2023-08-28\/ki-einsatz-furcht-vor-jobverlust-bei-fast-der-haelfte-der-angestellten\/\" \/>\n<meta property=\"og:locale\" content=\"de_DE\" \/>\n<meta property=\"og:type\" content=\"article\" \/>\n<meta property=\"og:title\" content=\"KI-Einsatz: Furcht vor Jobverlust bei fast der H\u00e4lfte der Angestellten\" \/>\n<meta property=\"og:description\" content=\"Eine Umfrage \u00fcber den KI-Einsatz zeigt: Personen, die Generative KI verst\u00e4rkt nutzen, sorgen sich oft um die Zukunft ihres Arbeitsplatzes.\" \/>\n<meta property=\"og:url\" content=\"https:\/\/www.organisator.ch\/de\/management\/2023-08-28\/ki-einsatz-furcht-vor-jobverlust-bei-fast-der-haelfte-der-angestellten\/\" \/>\n<meta property=\"og:site_name\" content=\"Organisator\" \/>\n<meta property=\"article:publisher\" content=\"https:\/\/www.facebook.com\/OrganisatorFachmagazin\" \/>\n<meta property=\"article:published_time\" content=\"2023-08-28T05:57:47+00:00\" \/>\n<meta property=\"og:image\" content=\"https:\/\/www.organisator.ch\/wp-content\/uploads\/2023\/08\/KI-Einsatz-Furcht-vor-Jobverlust-bei-fast-der-Haelfte-der-Angestellten-2_Organisator.jpg\" \/>\n\t<meta property=\"og:image:width\" content=\"680\" \/>\n\t<meta property=\"og:image:height\" content=\"331\" \/>\n\t<meta property=\"og:image:type\" content=\"image\/jpeg\" \/>\n<meta name=\"author\" content=\"thomas.berner\" \/>\n<meta name=\"twitter:card\" content=\"summary_large_image\" \/>\n<meta name=\"twitter:title\" content=\"#KI-Einsatz: Furcht vor #Jobverlust bei fast der H\u00e4lfte der Angestellten\" \/>\n<meta name=\"twitter:description\" content=\"Eine Umfrage \u00fcber den #KI-Einsatz zeigt: Personen, die Generative KI verst\u00e4rkt nutzen, sorgen sich oft um die Zukunft ihres Arbeitsplatzes.\" \/>\n<meta name=\"twitter:image\" content=\"https:\/\/www.organisator.ch\/wp-content\/uploads\/2023\/08\/KI-Einsatz-Furcht-vor-Jobverlust-bei-fast-der-Haelfte-der-Angestellten-2_Organisator.jpg\" \/>\n<script type=\"application\/ld+json\" class=\"yoast-schema-graph\">{\"@context\":\"https:\\\/\\\/schema.org\",\"@graph\":[{\"@type\":\"Article\",\"@id\":\"https:\\\/\\\/www.organisator.ch\\\/management\\\/2023-08-28\\\/ki-einsatz-furcht-vor-jobverlust-bei-fast-der-haelfte-der-angestellten\\\/#article\",\"isPartOf\":{\"@id\":\"https:\\\/\\\/www.organisator.ch\\\/management\\\/2023-08-28\\\/ki-einsatz-furcht-vor-jobverlust-bei-fast-der-haelfte-der-angestellten\\\/\"},\"author\":{\"name\":\"thomas.berner\",\"@id\":\"https:\\\/\\\/www.organisator.ch\\\/#\\\/schema\\\/person\\\/6f650f90b2842cd4c0cc334b4e36f67e\"},\"headline\":\"KI-Einsatz: Furcht vor Jobverlust bei fast der H\u00e4lfte der Angestellten\",\"datePublished\":\"2023-08-28T05:57:47+00:00\",\"mainEntityOfPage\":{\"@id\":\"https:\\\/\\\/www.organisator.ch\\\/management\\\/2023-08-28\\\/ki-einsatz-furcht-vor-jobverlust-bei-fast-der-haelfte-der-angestellten\\\/\"},\"wordCount\":913,\"publisher\":{\"@id\":\"https:\\\/\\\/www.organisator.ch\\\/#organization\"},\"image\":{\"@id\":\"https:\\\/\\\/www.organisator.ch\\\/management\\\/2023-08-28\\\/ki-einsatz-furcht-vor-jobverlust-bei-fast-der-haelfte-der-angestellten\\\/#primaryimage\"},\"thumbnailUrl\":\"https:\\\/\\\/www.organisator.ch\\\/wp-content\\\/uploads\\\/2023\\\/08\\\/KI-Einsatz-Furcht-vor-Jobverlust-bei-fast-der-Haelfte-der-Angestellten-2_Organisator.jpg\",\"keywords\":[\"Digitalisierung\",\"K\u00fcnstliche Intelligenz\",\"Umfrage\"],\"articleSection\":[\"MANAGEMENT\"],\"inLanguage\":\"de\"},{\"@type\":\"WebPage\",\"@id\":\"https:\\\/\\\/www.organisator.ch\\\/management\\\/2023-08-28\\\/ki-einsatz-furcht-vor-jobverlust-bei-fast-der-haelfte-der-angestellten\\\/\",\"url\":\"https:\\\/\\\/www.organisator.ch\\\/management\\\/2023-08-28\\\/ki-einsatz-furcht-vor-jobverlust-bei-fast-der-haelfte-der-angestellten\\\/\",\"name\":\"KI-Einsatz: Furcht vor Jobverlust bei fast der H\u00e4lfte der Angestellten - Organisator\",\"isPartOf\":{\"@id\":\"https:\\\/\\\/www.organisator.ch\\\/#website\"},\"primaryImageOfPage\":{\"@id\":\"https:\\\/\\\/www.organisator.ch\\\/management\\\/2023-08-28\\\/ki-einsatz-furcht-vor-jobverlust-bei-fast-der-haelfte-der-angestellten\\\/#primaryimage\"},\"image\":{\"@id\":\"https:\\\/\\\/www.organisator.ch\\\/management\\\/2023-08-28\\\/ki-einsatz-furcht-vor-jobverlust-bei-fast-der-haelfte-der-angestellten\\\/#primaryimage\"},\"thumbnailUrl\":\"https:\\\/\\\/www.organisator.ch\\\/wp-content\\\/uploads\\\/2023\\\/08\\\/KI-Einsatz-Furcht-vor-Jobverlust-bei-fast-der-Haelfte-der-Angestellten-2_Organisator.jpg\",\"datePublished\":\"2023-08-28T05:57:47+00:00\",\"description\":\"Eine Umfrage \u00fcber den KI-Einsatz zeigt: Personen, die Generative KI verst\u00e4rkt nutzen, sorgen sich oft um die Zukunft ihres Arbeitsplatzes.\",\"breadcrumb\":{\"@id\":\"https:\\\/\\\/www.organisator.ch\\\/management\\\/2023-08-28\\\/ki-einsatz-furcht-vor-jobverlust-bei-fast-der-haelfte-der-angestellten\\\/#breadcrumb\"},\"inLanguage\":\"de\",\"potentialAction\":[{\"@type\":\"ReadAction\",\"target\":[\"https:\\\/\\\/www.organisator.ch\\\/management\\\/2023-08-28\\\/ki-einsatz-furcht-vor-jobverlust-bei-fast-der-haelfte-der-angestellten\\\/\"]}]},{\"@type\":\"ImageObject\",\"inLanguage\":\"de\",\"@id\":\"https:\\\/\\\/www.organisator.ch\\\/management\\\/2023-08-28\\\/ki-einsatz-furcht-vor-jobverlust-bei-fast-der-haelfte-der-angestellten\\\/#primaryimage\",\"url\":\"https:\\\/\\\/www.organisator.ch\\\/wp-content\\\/uploads\\\/2023\\\/08\\\/KI-Einsatz-Furcht-vor-Jobverlust-bei-fast-der-Haelfte-der-Angestellten-2_Organisator.jpg\",\"contentUrl\":\"https:\\\/\\\/www.organisator.ch\\\/wp-content\\\/uploads\\\/2023\\\/08\\\/KI-Einsatz-Furcht-vor-Jobverlust-bei-fast-der-Haelfte-der-Angestellten-2_Organisator.jpg\",\"width\":680,\"height\":331,\"caption\":\"Viele Mitarbeitende f\u00fcrchten den KI-Einsatz, weil er sie den Job kosten k\u00f6nnte. (Grafik: Deloitte)\"},{\"@type\":\"BreadcrumbList\",\"@id\":\"https:\\\/\\\/www.organisator.ch\\\/management\\\/2023-08-28\\\/ki-einsatz-furcht-vor-jobverlust-bei-fast-der-haelfte-der-angestellten\\\/#breadcrumb\",\"itemListElement\":[{\"@type\":\"ListItem\",\"position\":1,\"name\":\"Home\",\"item\":\"https:\\\/\\\/www.organisator.ch\\\/\"},{\"@type\":\"ListItem\",\"position\":2,\"name\":\"KI-Einsatz: Furcht vor Jobverlust bei fast der H\u00e4lfte der Angestellten\"}]},{\"@type\":\"WebSite\",\"@id\":\"https:\\\/\\\/www.organisator.ch\\\/#website\",\"url\":\"https:\\\/\\\/www.organisator.ch\\\/\",\"name\":\"Organisator\",\"description\":\"Kompetent. Praxisnah. Der ORGANISATOR bereitet in 10 Ausgaben pro Jahr die wesentlichen Themen f\u00fcr F\u00fchrungskr\u00e4fte von KMU auf.\",\"publisher\":{\"@id\":\"https:\\\/\\\/www.organisator.ch\\\/#organization\"},\"potentialAction\":[{\"@type\":\"SearchAction\",\"target\":{\"@type\":\"EntryPoint\",\"urlTemplate\":\"https:\\\/\\\/www.organisator.ch\\\/?s={search_term_string}\"},\"query-input\":{\"@type\":\"PropertyValueSpecification\",\"valueRequired\":true,\"valueName\":\"search_term_string\"}}],\"inLanguage\":\"de\"},{\"@type\":\"Organization\",\"@id\":\"https:\\\/\\\/www.organisator.ch\\\/#organization\",\"name\":\"Organisator\",\"url\":\"https:\\\/\\\/www.organisator.ch\\\/\",\"logo\":{\"@type\":\"ImageObject\",\"inLanguage\":\"de\",\"@id\":\"https:\\\/\\\/www.organisator.ch\\\/#\\\/schema\\\/logo\\\/image\\\/\",\"url\":\"https:\\\/\\\/www.organisator.ch\\\/wp-content\\\/uploads\\\/2022\\\/01\\\/Logo_Organisator_Website.png\",\"contentUrl\":\"https:\\\/\\\/www.organisator.ch\\\/wp-content\\\/uploads\\\/2022\\\/01\\\/Logo_Organisator_Website.png\",\"width\":800,\"height\":77,\"caption\":\"Organisator\"},\"image\":{\"@id\":\"https:\\\/\\\/www.organisator.ch\\\/#\\\/schema\\\/logo\\\/image\\\/\"},\"sameAs\":[\"https:\\\/\\\/www.facebook.com\\\/OrganisatorFachmagazin\",\"https:\\\/\\\/www.linkedin.com\\\/showcase\\\/organisator-das-magazin-fr-kmu\",\"https:\\\/\\\/www.xing.com\\\/news\\\/pages\\\/organisator-ch-695\",\"https:\\\/\\\/www.youtube.com\\\/channel\\\/UCGP2Sq0iWaZwT3BdIAQFYpw\"]},{\"@type\":\"Person\",\"@id\":\"https:\\\/\\\/www.organisator.ch\\\/#\\\/schema\\\/person\\\/6f650f90b2842cd4c0cc334b4e36f67e\",\"name\":\"thomas.berner\",\"image\":{\"@type\":\"ImageObject\",\"inLanguage\":\"de\",\"@id\":\"https:\\\/\\\/secure.gravatar.com\\\/avatar\\\/ac5001d2a36cb6c6cd3e50789007ffca834b477b74a2144564522e944eabff61?s=96&d=mm&r=g\",\"url\":\"https:\\\/\\\/secure.gravatar.com\\\/avatar\\\/ac5001d2a36cb6c6cd3e50789007ffca834b477b74a2144564522e944eabff61?s=96&d=mm&r=g\",\"contentUrl\":\"https:\\\/\\\/secure.gravatar.com\\\/avatar\\\/ac5001d2a36cb6c6cd3e50789007ffca834b477b74a2144564522e944eabff61?s=96&d=mm&r=g\",\"caption\":\"thomas.berner\"},\"url\":\"https:\\\/\\\/www.organisator.ch\\\/de\\\/author\\\/thomas-berner\\\/\"}]}<\/script>\n<!-- \/ Yoast SEO plugin. -->","yoast_head_json":{"title":"KI-Einsatz: Furcht vor Jobverlust bei fast der H\u00e4lfte der Angestellten - Organisator","description":"Eine Umfrage \u00fcber den KI-Einsatz zeigt: Personen, die Generative KI verst\u00e4rkt nutzen, sorgen sich oft um die Zukunft ihres Arbeitsplatzes.","robots":{"index":"index","follow":"follow","max-snippet":"max-snippet:-1","max-image-preview":"max-image-preview:large","max-video-preview":"max-video-preview:-1"},"canonical":"https:\/\/www.organisator.ch\/de\/management\/2023-08-28\/ki-einsatz-furcht-vor-jobverlust-bei-fast-der-haelfte-der-angestellten\/","og_locale":"de_DE","og_type":"article","og_title":"KI-Einsatz: Furcht vor Jobverlust bei fast der H\u00e4lfte der Angestellten","og_description":"Eine Umfrage \u00fcber den KI-Einsatz zeigt: Personen, die Generative KI verst\u00e4rkt nutzen, sorgen sich oft um die Zukunft ihres Arbeitsplatzes.","og_url":"https:\/\/www.organisator.ch\/de\/management\/2023-08-28\/ki-einsatz-furcht-vor-jobverlust-bei-fast-der-haelfte-der-angestellten\/","og_site_name":"Organisator","article_publisher":"https:\/\/www.facebook.com\/OrganisatorFachmagazin","article_published_time":"2023-08-28T05:57:47+00:00","og_image":[{"width":680,"height":331,"url":"https:\/\/www.organisator.ch\/wp-content\/uploads\/2023\/08\/KI-Einsatz-Furcht-vor-Jobverlust-bei-fast-der-Haelfte-der-Angestellten-2_Organisator.jpg","type":"image\/jpeg"}],"author":"thomas.berner","twitter_card":"summary_large_image","twitter_title":"#KI-Einsatz: Furcht vor #Jobverlust bei fast der H\u00e4lfte der Angestellten","twitter_description":"Eine Umfrage \u00fcber den #KI-Einsatz zeigt: Personen, die Generative KI verst\u00e4rkt nutzen, sorgen sich oft um die Zukunft ihres Arbeitsplatzes.","twitter_image":"https:\/\/www.organisator.ch\/wp-content\/uploads\/2023\/08\/KI-Einsatz-Furcht-vor-Jobverlust-bei-fast-der-Haelfte-der-Angestellten-2_Organisator.jpg","schema":{"@context":"https:\/\/schema.org","@graph":[{"@type":"Article","@id":"https:\/\/www.organisator.ch\/management\/2023-08-28\/ki-einsatz-furcht-vor-jobverlust-bei-fast-der-haelfte-der-angestellten\/#article","isPartOf":{"@id":"https:\/\/www.organisator.ch\/management\/2023-08-28\/ki-einsatz-furcht-vor-jobverlust-bei-fast-der-haelfte-der-angestellten\/"},"author":{"name":"thomas.berner","@id":"https:\/\/www.organisator.ch\/#\/schema\/person\/6f650f90b2842cd4c0cc334b4e36f67e"},"headline":"KI-Einsatz: Furcht vor Jobverlust bei fast der H\u00e4lfte der Angestellten","datePublished":"2023-08-28T05:57:47+00:00","mainEntityOfPage":{"@id":"https:\/\/www.organisator.ch\/management\/2023-08-28\/ki-einsatz-furcht-vor-jobverlust-bei-fast-der-haelfte-der-angestellten\/"},"wordCount":913,"publisher":{"@id":"https:\/\/www.organisator.ch\/#organization"},"image":{"@id":"https:\/\/www.organisator.ch\/management\/2023-08-28\/ki-einsatz-furcht-vor-jobverlust-bei-fast-der-haelfte-der-angestellten\/#primaryimage"},"thumbnailUrl":"https:\/\/www.organisator.ch\/wp-content\/uploads\/2023\/08\/KI-Einsatz-Furcht-vor-Jobverlust-bei-fast-der-Haelfte-der-Angestellten-2_Organisator.jpg","keywords":["Digitalisierung","K\u00fcnstliche Intelligenz","Umfrage"],"articleSection":["MANAGEMENT"],"inLanguage":"de"},{"@type":"WebPage","@id":"https:\/\/www.organisator.ch\/management\/2023-08-28\/ki-einsatz-furcht-vor-jobverlust-bei-fast-der-haelfte-der-angestellten\/","url":"https:\/\/www.organisator.ch\/management\/2023-08-28\/ki-einsatz-furcht-vor-jobverlust-bei-fast-der-haelfte-der-angestellten\/","name":"KI-Einsatz: Furcht vor Jobverlust bei fast der H\u00e4lfte der Angestellten - Organisator","isPartOf":{"@id":"https:\/\/www.organisator.ch\/#website"},"primaryImageOfPage":{"@id":"https:\/\/www.organisator.ch\/management\/2023-08-28\/ki-einsatz-furcht-vor-jobverlust-bei-fast-der-haelfte-der-angestellten\/#primaryimage"},"image":{"@id":"https:\/\/www.organisator.ch\/management\/2023-08-28\/ki-einsatz-furcht-vor-jobverlust-bei-fast-der-haelfte-der-angestellten\/#primaryimage"},"thumbnailUrl":"https:\/\/www.organisator.ch\/wp-content\/uploads\/2023\/08\/KI-Einsatz-Furcht-vor-Jobverlust-bei-fast-der-Haelfte-der-Angestellten-2_Organisator.jpg","datePublished":"2023-08-28T05:57:47+00:00","description":"Eine Umfrage \u00fcber den KI-Einsatz zeigt: Personen, die Generative KI verst\u00e4rkt nutzen, sorgen sich oft um die Zukunft ihres Arbeitsplatzes.","breadcrumb":{"@id":"https:\/\/www.organisator.ch\/management\/2023-08-28\/ki-einsatz-furcht-vor-jobverlust-bei-fast-der-haelfte-der-angestellten\/#breadcrumb"},"inLanguage":"de","potentialAction":[{"@type":"ReadAction","target":["https:\/\/www.organisator.ch\/management\/2023-08-28\/ki-einsatz-furcht-vor-jobverlust-bei-fast-der-haelfte-der-angestellten\/"]}]},{"@type":"ImageObject","inLanguage":"de","@id":"https:\/\/www.organisator.ch\/management\/2023-08-28\/ki-einsatz-furcht-vor-jobverlust-bei-fast-der-haelfte-der-angestellten\/#primaryimage","url":"https:\/\/www.organisator.ch\/wp-content\/uploads\/2023\/08\/KI-Einsatz-Furcht-vor-Jobverlust-bei-fast-der-Haelfte-der-Angestellten-2_Organisator.jpg","contentUrl":"https:\/\/www.organisator.ch\/wp-content\/uploads\/2023\/08\/KI-Einsatz-Furcht-vor-Jobverlust-bei-fast-der-Haelfte-der-Angestellten-2_Organisator.jpg","width":680,"height":331,"caption":"Viele Mitarbeitende f\u00fcrchten den KI-Einsatz, weil er sie den Job kosten k\u00f6nnte. (Grafik: Deloitte)"},{"@type":"BreadcrumbList","@id":"https:\/\/www.organisator.ch\/management\/2023-08-28\/ki-einsatz-furcht-vor-jobverlust-bei-fast-der-haelfte-der-angestellten\/#breadcrumb","itemListElement":[{"@type":"ListItem","position":1,"name":"Home","item":"https:\/\/www.organisator.ch\/"},{"@type":"ListItem","position":2,"name":"KI-Einsatz: Furcht vor Jobverlust bei fast der H\u00e4lfte der Angestellten"}]},{"@type":"WebSite","@id":"https:\/\/www.organisator.ch\/#website","url":"https:\/\/www.organisator.ch\/","name":"Organisator","description":"Kompetent. Praxisnah. Der ORGANISATOR bereitet in 10 Ausgaben pro Jahr die wesentlichen Themen f\u00fcr F\u00fchrungskr\u00e4fte von KMU auf.","publisher":{"@id":"https:\/\/www.organisator.ch\/#organization"},"potentialAction":[{"@type":"SearchAction","target":{"@type":"EntryPoint","urlTemplate":"https:\/\/www.organisator.ch\/?s={search_term_string}"},"query-input":{"@type":"PropertyValueSpecification","valueRequired":true,"valueName":"search_term_string"}}],"inLanguage":"de"},{"@type":"Organization","@id":"https:\/\/www.organisator.ch\/#organization","name":"Organisator","url":"https:\/\/www.organisator.ch\/","logo":{"@type":"ImageObject","inLanguage":"de","@id":"https:\/\/www.organisator.ch\/#\/schema\/logo\/image\/","url":"https:\/\/www.organisator.ch\/wp-content\/uploads\/2022\/01\/Logo_Organisator_Website.png","contentUrl":"https:\/\/www.organisator.ch\/wp-content\/uploads\/2022\/01\/Logo_Organisator_Website.png","width":800,"height":77,"caption":"Organisator"},"image":{"@id":"https:\/\/www.organisator.ch\/#\/schema\/logo\/image\/"},"sameAs":["https:\/\/www.facebook.com\/OrganisatorFachmagazin","https:\/\/www.linkedin.com\/showcase\/organisator-das-magazin-fr-kmu","https:\/\/www.xing.com\/news\/pages\/organisator-ch-695","https:\/\/www.youtube.com\/channel\/UCGP2Sq0iWaZwT3BdIAQFYpw"]},{"@type":"Person","@id":"https:\/\/www.organisator.ch\/#\/schema\/person\/6f650f90b2842cd4c0cc334b4e36f67e","name":"thomas.berner","image":{"@type":"ImageObject","inLanguage":"de","@id":"https:\/\/secure.gravatar.com\/avatar\/ac5001d2a36cb6c6cd3e50789007ffca834b477b74a2144564522e944eabff61?s=96&d=mm&r=g","url":"https:\/\/secure.gravatar.com\/avatar\/ac5001d2a36cb6c6cd3e50789007ffca834b477b74a2144564522e944eabff61?s=96&d=mm&r=g","contentUrl":"https:\/\/secure.gravatar.com\/avatar\/ac5001d2a36cb6c6cd3e50789007ffca834b477b74a2144564522e944eabff61?s=96&d=mm&r=g","caption":"thomas.berner"},"url":"https:\/\/www.organisator.ch\/de\/author\/thomas-berner\/"}]}},"_links":{"self":[{"href":"https:\/\/www.organisator.ch\/de\/wp-json\/wp\/v2\/posts\/21473","targetHints":{"allow":["GET"]}}],"collection":[{"href":"https:\/\/www.organisator.ch\/de\/wp-json\/wp\/v2\/posts"}],"about":[{"href":"https:\/\/www.organisator.ch\/de\/wp-json\/wp\/v2\/types\/post"}],"author":[{"embeddable":true,"href":"https:\/\/www.organisator.ch\/de\/wp-json\/wp\/v2\/users\/4"}],"replies":[{"embeddable":true,"href":"https:\/\/www.organisator.ch\/de\/wp-json\/wp\/v2\/comments?post=21473"}],"version-history":[{"count":1,"href":"https:\/\/www.organisator.ch\/de\/wp-json\/wp\/v2\/posts\/21473\/revisions"}],"predecessor-version":[{"id":21476,"href":"https:\/\/www.organisator.ch\/de\/wp-json\/wp\/v2\/posts\/21473\/revisions\/21476"}],"wp:featuredmedia":[{"embeddable":true,"href":"https:\/\/www.organisator.ch\/de\/wp-json\/wp\/v2\/media\/21475"}],"wp:attachment":[{"href":"https:\/\/www.organisator.ch\/de\/wp-json\/wp\/v2\/media?parent=21473"}],"wp:term":[{"taxonomy":"category","embeddable":true,"href":"https:\/\/www.organisator.ch\/de\/wp-json\/wp\/v2\/categories?post=21473"},{"taxonomy":"post_tag","embeddable":true,"href":"https:\/\/www.organisator.ch\/de\/wp-json\/wp\/v2\/tags?post=21473"}],"curies":[{"name":"wp","href":"https:\/\/api.w.org\/{rel}","templated":true}]}}