{"id":21491,"date":"2023-08-29T08:30:20","date_gmt":"2023-08-29T06:30:20","guid":{"rendered":"https:\/\/www.m-q.ch\/?p=18450"},"modified":"2024-11-14T12:41:24","modified_gmt":"2024-11-14T11:41:24","slug":"zweite-global-cyber-conference-am-14-15-september-2023","status":"publish","type":"post","link":"https:\/\/www.organisator.ch\/de\/operational-excellence\/2023-08-29\/zweite-global-cyber-conference-am-14-15-september-2023\/","title":{"rendered":"Zweite Global Cyber Conference am 14.\/15. September 2023"},"content":{"rendered":"<figure id=\"attachment_18451\" class=\"wp-caption alignnone\" style=\"width: 680px\" aria-describedby=\"caption-attachment-18451\"><img class=\"alignnone wp-image-18451 size-full\" src=\"https:\/\/www.m-q.ch\/wp-content\/uploads\/2023\/08\/Zweite-Global-Cyber-Conference-am-14-15-September-2023_MQ.jpg\" alt=\"Global Cyber Conference\" width=\"680\" height=\"453\" \/>\r\n<figcaption id=\"caption-attachment-18451\" class=\"wp-caption-text\">Am 14. und 15. September 2023 findet in Z\u00fcrich zum zweiten Mal die Global Cyber Conference statt. (Bild: zVg)<\/figcaption>\r\n<\/figure>\r\n<p>Schweizer und internationale Cybersicherheitsexperten treffen sich am 14.\/15. September 2023 an der zweiten Global Cyber Conference im Dolder Grand in Z\u00fcrich. Im Rahmen der Konferenz werden auch erstmals die Swiss CISO Awards vergeben.<\/p>\r\n<h3>Schwerpunktthema Priorisierung der Cyber-Resilienz<\/h3>\r\n<p>Die zweit\u00e4gige Konferenz mit dem Schwerpunktthema Priorisierung der Cyber-Resilienz biete eine einzigartige Plattform f\u00fcr Networking, Wissensaustausch und Zusammenarbeit zur Verbesserung der Cyber-Resilienz, teilen die Veranstalter mit. Das Konferenzprogramm dreht sich um drei Unterthemen: Cyber-Governance, Cyber-Risikomanagement und Cyber-Technologien. Jedes Unterthema wird eingehend diskutiert, so dass die Teilnehmer umfassende Kenntnisse und Werkzeuge erhalten, die sie ben\u00f6tigen, um die komplexen Herausforderungen der Cybersicherheit in der sich schnell entwickelnden digitalen Landschaft von heute zu bew\u00e4ltigen.<\/p>\r\n<p>Referenten und Teilnehmende aus Europa, Amerika und Asien kommen aus Top-Unternehmen wie\u00a0Booking.com, Council of Europe Development Bank, EDGE Group, eBay, Equifax, ETH Z\u00fcrich, IMD, Logitech Mars, Mastercard, Migros, Paramount Global, Philips, Pictet Group, Richemont Group, Saudi Arabian Government, Siemens, Spanish Government, SolarWinds, Swisscom, UAE Government, UBS, United Nations, US Army, Virgin Media O2, World Health Organization und viele mehr. Die Konferenz wird somit zu einem Dreh- und Angelpunkt des Cybersicherheitsnetzes \u2013 die internationale Aufmerksamkeit d\u00fcrfte damit sicher sein.<\/p>\r\n<p>\u201eWir sind sehr stolz darauf, auf die Unterst\u00fctzung einiger der renommiertesten Organisationen in den Bereichen Technologie, Cybersicherheit und Wirtschaft sowie auf die akademische Forschungsleitung der ZHAW Z\u00fcrcher Hochschule f\u00fcr Angewandte Wissenschaften und der Hochschule f\u00fcr Informatik St. Gallen (HSG) z\u00e4hlen zu k\u00f6nnen\u201c, sagt Samir Aliyev, Gr\u00fcnder und CEO des Swiss Cyber Institute, welcher soeben einen Swiss Digital Shapers Award 2023 von Bilanz, Handelszeitung und digitalswitzerland verliehen bekommen hat. \u201eIn der heutigen digitalen Landschaft ist die Cybersecurity-Resilienz zu einem entscheidenden Aspekt der Gesch\u00e4ftsstrategie geworden. Es ist f\u00fcr Unternehmen unerl\u00e4sslich, eine kollektive Reaktion zu mobilisieren, um kritische Verm\u00f6genswerte zu sch\u00fctzen und systemische Sch\u00e4den zu begrenzen. Wirksame Governance-Grundlagen sind erforderlich, um Cyber-Risiken zu managen, und die Durchsetzung von Vorschriften ist notwendig, um die Cyber-Resilienz zu erh\u00f6hen\u201c, betont Samir Aliyev. \u201eMit dieser Konferenz wollen wir den wichtigsten Entscheidungstr\u00e4gern eine Vernetzungs- und Lernplattform bieten, um ein gemeinsames Verst\u00e4ndnis daf\u00fcr zu gewinnen, was getan werden muss, um die Cyber-Resilienz zu st\u00e4rken.\u201c<\/p>\r\n<h3>Die Rolle der Chief Information Security Officers w\u00fcrdigen<\/h3>\r\n<p>Die ersten Swiss CISO Awards, wof\u00fcr eigens eine Experten-Jury zusammengestellt wurde, sollen zudem die zentrale Rolle der Chief Information Security Officers (CISOs) bei der Absicherung von Organisationen gegen die sich entwickelnden Cyber-Bedrohungen unterstreichen und w\u00fcrdigen die aussergew\u00f6hnlichen Leistungen von in der Schweiz ans\u00e4ssigen Sicherheitsverantwortlichen, die ihre Karriere der St\u00e4rkung der Sicherheit ihrer Unternehmen oder Organisationen gewidmet haben. Die Preisverleihung wird ein integraler Bestandteil der Global Cyber Conference sein. Eine hochkar\u00e4tige und fachkundige Jury wird die Nominierungen auswerten und die Gewinner ausw\u00e4hlen.<\/p>\r\n<p>Veranstaltet wird die Global Cyber Conference vom <a href=\"https:\/\/swisscyberinstitute.com\/\">Swiss Cyber Institute<\/a>, einem Bildungsanbieter f\u00fcr Cybersicherheit. Mit dem Ziel, die Cyber-Resilienz zu f\u00f6rdern, bietet das Institut umfassende Schulungsprogramme, Konferenzen und Networking-M\u00f6glichkeiten an, um Einzelpersonen und Organisationen angesichts der sich st\u00e4ndig weiterentwickelnden Cyber-Bedrohungen zu st\u00e4rken. Das Swiss Cyber Institute ist ein vom Staatssekretariat f\u00fcr Bildung, Forschung und Innovation SBFI registrierter Kursanbieter f\u00fcr die eidgen\u00f6ssischen Pr\u00fcfungen in der Schweiz. Es ist auch eine ISACA Accredited Training Organization (ATO) und ISC2 Official Training Partner.\u00a0<\/p>\r\n<p><em>Weitere Informationen und Details zur Anmeldung auf der offiziellen Website der Global Cyber Conference unter\u00a0<a href=\"https:\/\/globalcyberconference.com\/\">https:\/\/globalcyberconference.com\/<\/a>.<\/em><\/p>\n<p class=\"syndicated-attribution\">Dieser Beitrag erschien urspr\u00fcnglich auf m-q.ch - <a href=\"https:\/\/www.m-q.ch\/de\/zweite-global-cyber-conference-am-14-15-september-2023\/\" target=\"_blank\">https:\/\/www.m-q.ch\/de\/zweite-global-cyber-conference-am-14-15-september-2023\/<\/a><\/p>","protected":false},"excerpt":{"rendered":"<p>Das Swiss Cyber Institute, Anbieter von Cybersicherheitsschulungen in der Schweiz, stellt bereits die bevorstehende zweite Ausgabe seiner j\u00e4hrlichen Global Cyber Conference auf die Beine. Die Veranstaltung findet am 14. und 15. September 2023 im Dolder Grand in Z\u00fcrich statt und bringt 400 hochrangige Cybersecurity-Akteure, Entscheidungstr\u00e4ger, Beh\u00f6rden und Akademiker aus der ganzen Welt zusammen.<\/p>\n","protected":false},"author":8,"featured_media":0,"comment_status":"closed","ping_status":"closed","sticky":false,"template":"","format":"standard","meta":{"_acf_changed":false,"_yoast_wpseo_focuskw":"Global Cyber Conference","_yoast_wpseo_metadesc":"Global Cyber Conference in Z\u00fcrich: Fokus auf Cyber-Resilienz. Swiss CISO Awards erstmals vergeben.","articlekey":"","footnotes":""},"categories":[582],"tags":[],"class_list":["post-21491","post","type-post","status-publish","format-standard","hentry","category-operational-excellence"],"acf":[],"yoast_head":"<!-- This site is optimized with the Yoast SEO plugin v27.5 - https:\/\/yoast.com\/product\/yoast-seo-wordpress\/ -->\n<title>Zweite Global Cyber Conference am 14.\/15. September 2023 - Organisator<\/title>\n<meta name=\"description\" content=\"Global Cyber Conference in Z\u00fcrich: Fokus auf Cyber-Resilienz. Swiss CISO Awards erstmals vergeben.\" \/>\n<meta name=\"robots\" content=\"index, follow, max-snippet:-1, max-image-preview:large, max-video-preview:-1\" \/>\n<link rel=\"canonical\" href=\"https:\/\/www.organisator.ch\/de\/operational-excellence\/2023-08-29\/zweite-global-cyber-conference-am-14-15-september-2023\/\" \/>\n<meta property=\"og:locale\" content=\"de_DE\" \/>\n<meta property=\"og:type\" content=\"article\" \/>\n<meta property=\"og:title\" content=\"Zweite Global Cyber Conference am 14.\/15. September 2023 - Organisator\" \/>\n<meta property=\"og:description\" content=\"Global Cyber Conference in Z\u00fcrich: Fokus auf Cyber-Resilienz. Swiss CISO Awards erstmals vergeben.\" \/>\n<meta property=\"og:url\" content=\"https:\/\/www.organisator.ch\/de\/operational-excellence\/2023-08-29\/zweite-global-cyber-conference-am-14-15-september-2023\/\" \/>\n<meta property=\"og:site_name\" content=\"Organisator\" \/>\n<meta property=\"article:publisher\" content=\"https:\/\/www.facebook.com\/OrganisatorFachmagazin\" \/>\n<meta property=\"article:published_time\" content=\"2023-08-29T06:30:20+00:00\" \/>\n<meta property=\"article:modified_time\" content=\"2024-11-14T11:41:24+00:00\" \/>\n<meta name=\"author\" content=\"galledia\" \/>\n<meta name=\"twitter:card\" content=\"summary_large_image\" \/>\n<meta name=\"twitter:creator\" content=\"@admin\" \/>\n<script type=\"application\/ld+json\" class=\"yoast-schema-graph\">{\"@context\":\"https:\\\/\\\/schema.org\",\"@graph\":[{\"@type\":\"Article\",\"@id\":\"https:\\\/\\\/www.organisator.ch\\\/operational-excellence\\\/2023-08-29\\\/zweite-global-cyber-conference-am-14-15-september-2023\\\/#article\",\"isPartOf\":{\"@id\":\"https:\\\/\\\/www.organisator.ch\\\/operational-excellence\\\/2023-08-29\\\/zweite-global-cyber-conference-am-14-15-september-2023\\\/\"},\"author\":{\"name\":\"galledia\",\"@id\":\"https:\\\/\\\/www.organisator.ch\\\/#\\\/schema\\\/person\\\/4e51799071cd2dd1232ac003643ef5f0\"},\"headline\":\"Zweite Global Cyber Conference am 14.\\\/15. September 2023\",\"datePublished\":\"2023-08-29T06:30:20+00:00\",\"dateModified\":\"2024-11-14T11:41:24+00:00\",\"mainEntityOfPage\":{\"@id\":\"https:\\\/\\\/www.organisator.ch\\\/operational-excellence\\\/2023-08-29\\\/zweite-global-cyber-conference-am-14-15-september-2023\\\/\"},\"wordCount\":590,\"publisher\":{\"@id\":\"https:\\\/\\\/www.organisator.ch\\\/#organization\"},\"image\":{\"@id\":\"https:\\\/\\\/www.organisator.ch\\\/operational-excellence\\\/2023-08-29\\\/zweite-global-cyber-conference-am-14-15-september-2023\\\/#primaryimage\"},\"thumbnailUrl\":\"https:\\\/\\\/www.m-q.ch\\\/wp-content\\\/uploads\\\/2023\\\/08\\\/Zweite-Global-Cyber-Conference-am-14-15-September-2023_MQ.jpg\",\"articleSection\":[\"OPERATIONAL EXCELLENCE\"],\"inLanguage\":\"de\"},{\"@type\":\"WebPage\",\"@id\":\"https:\\\/\\\/www.organisator.ch\\\/operational-excellence\\\/2023-08-29\\\/zweite-global-cyber-conference-am-14-15-september-2023\\\/\",\"url\":\"https:\\\/\\\/www.organisator.ch\\\/operational-excellence\\\/2023-08-29\\\/zweite-global-cyber-conference-am-14-15-september-2023\\\/\",\"name\":\"Zweite Global Cyber Conference am 14.\\\/15. September 2023 - Organisator\",\"isPartOf\":{\"@id\":\"https:\\\/\\\/www.organisator.ch\\\/#website\"},\"primaryImageOfPage\":{\"@id\":\"https:\\\/\\\/www.organisator.ch\\\/operational-excellence\\\/2023-08-29\\\/zweite-global-cyber-conference-am-14-15-september-2023\\\/#primaryimage\"},\"image\":{\"@id\":\"https:\\\/\\\/www.organisator.ch\\\/operational-excellence\\\/2023-08-29\\\/zweite-global-cyber-conference-am-14-15-september-2023\\\/#primaryimage\"},\"thumbnailUrl\":\"https:\\\/\\\/www.m-q.ch\\\/wp-content\\\/uploads\\\/2023\\\/08\\\/Zweite-Global-Cyber-Conference-am-14-15-September-2023_MQ.jpg\",\"datePublished\":\"2023-08-29T06:30:20+00:00\",\"dateModified\":\"2024-11-14T11:41:24+00:00\",\"description\":\"Global Cyber Conference in Z\u00fcrich: Fokus auf Cyber-Resilienz. Swiss CISO Awards erstmals vergeben.\",\"breadcrumb\":{\"@id\":\"https:\\\/\\\/www.organisator.ch\\\/operational-excellence\\\/2023-08-29\\\/zweite-global-cyber-conference-am-14-15-september-2023\\\/#breadcrumb\"},\"inLanguage\":\"de\",\"potentialAction\":[{\"@type\":\"ReadAction\",\"target\":[\"https:\\\/\\\/www.organisator.ch\\\/operational-excellence\\\/2023-08-29\\\/zweite-global-cyber-conference-am-14-15-september-2023\\\/\"]}]},{\"@type\":\"ImageObject\",\"inLanguage\":\"de\",\"@id\":\"https:\\\/\\\/www.organisator.ch\\\/operational-excellence\\\/2023-08-29\\\/zweite-global-cyber-conference-am-14-15-september-2023\\\/#primaryimage\",\"url\":\"https:\\\/\\\/www.m-q.ch\\\/wp-content\\\/uploads\\\/2023\\\/08\\\/Zweite-Global-Cyber-Conference-am-14-15-September-2023_MQ.jpg\",\"contentUrl\":\"https:\\\/\\\/www.m-q.ch\\\/wp-content\\\/uploads\\\/2023\\\/08\\\/Zweite-Global-Cyber-Conference-am-14-15-September-2023_MQ.jpg\"},{\"@type\":\"BreadcrumbList\",\"@id\":\"https:\\\/\\\/www.organisator.ch\\\/operational-excellence\\\/2023-08-29\\\/zweite-global-cyber-conference-am-14-15-september-2023\\\/#breadcrumb\",\"itemListElement\":[{\"@type\":\"ListItem\",\"position\":1,\"name\":\"Home\",\"item\":\"https:\\\/\\\/www.organisator.ch\\\/\"},{\"@type\":\"ListItem\",\"position\":2,\"name\":\"Zweite Global Cyber Conference am 14.\\\/15. September 2023\"}]},{\"@type\":\"WebSite\",\"@id\":\"https:\\\/\\\/www.organisator.ch\\\/#website\",\"url\":\"https:\\\/\\\/www.organisator.ch\\\/\",\"name\":\"Organisator\",\"description\":\"Kompetent. Praxisnah. Der ORGANISATOR bereitet in 10 Ausgaben pro Jahr die wesentlichen Themen f\u00fcr F\u00fchrungskr\u00e4fte von KMU auf.\",\"publisher\":{\"@id\":\"https:\\\/\\\/www.organisator.ch\\\/#organization\"},\"potentialAction\":[{\"@type\":\"SearchAction\",\"target\":{\"@type\":\"EntryPoint\",\"urlTemplate\":\"https:\\\/\\\/www.organisator.ch\\\/?s={search_term_string}\"},\"query-input\":{\"@type\":\"PropertyValueSpecification\",\"valueRequired\":true,\"valueName\":\"search_term_string\"}}],\"inLanguage\":\"de\"},{\"@type\":\"Organization\",\"@id\":\"https:\\\/\\\/www.organisator.ch\\\/#organization\",\"name\":\"Organisator\",\"url\":\"https:\\\/\\\/www.organisator.ch\\\/\",\"logo\":{\"@type\":\"ImageObject\",\"inLanguage\":\"de\",\"@id\":\"https:\\\/\\\/www.organisator.ch\\\/#\\\/schema\\\/logo\\\/image\\\/\",\"url\":\"https:\\\/\\\/www.organisator.ch\\\/wp-content\\\/uploads\\\/2022\\\/01\\\/Logo_Organisator_Website.png\",\"contentUrl\":\"https:\\\/\\\/www.organisator.ch\\\/wp-content\\\/uploads\\\/2022\\\/01\\\/Logo_Organisator_Website.png\",\"width\":800,\"height\":77,\"caption\":\"Organisator\"},\"image\":{\"@id\":\"https:\\\/\\\/www.organisator.ch\\\/#\\\/schema\\\/logo\\\/image\\\/\"},\"sameAs\":[\"https:\\\/\\\/www.facebook.com\\\/OrganisatorFachmagazin\",\"https:\\\/\\\/www.linkedin.com\\\/showcase\\\/organisator-das-magazin-fr-kmu\",\"https:\\\/\\\/www.xing.com\\\/news\\\/pages\\\/organisator-ch-695\",\"https:\\\/\\\/www.youtube.com\\\/channel\\\/UCGP2Sq0iWaZwT3BdIAQFYpw\"]},{\"@type\":\"Person\",\"@id\":\"https:\\\/\\\/www.organisator.ch\\\/#\\\/schema\\\/person\\\/4e51799071cd2dd1232ac003643ef5f0\",\"name\":\"galledia\",\"image\":{\"@type\":\"ImageObject\",\"inLanguage\":\"de\",\"@id\":\"https:\\\/\\\/secure.gravatar.com\\\/avatar\\\/78a7f90c01fc2bfc875782a0d4922b37cde2cf184ce347b91316d23cd7f69a36?s=96&d=mm&r=g\",\"url\":\"https:\\\/\\\/secure.gravatar.com\\\/avatar\\\/78a7f90c01fc2bfc875782a0d4922b37cde2cf184ce347b91316d23cd7f69a36?s=96&d=mm&r=g\",\"contentUrl\":\"https:\\\/\\\/secure.gravatar.com\\\/avatar\\\/78a7f90c01fc2bfc875782a0d4922b37cde2cf184ce347b91316d23cd7f69a36?s=96&d=mm&r=g\",\"caption\":\"galledia\"},\"sameAs\":[\"https:\\\/\\\/x.com\\\/admin\"],\"url\":\"https:\\\/\\\/www.organisator.ch\\\/de\\\/author\\\/galledia\\\/\"}]}<\/script>\n<!-- \/ Yoast SEO plugin. -->","yoast_head_json":{"title":"Zweite Global Cyber Conference am 14.\/15. September 2023 - Organisator","description":"Global Cyber Conference in Z\u00fcrich: Fokus auf Cyber-Resilienz. Swiss CISO Awards erstmals vergeben.","robots":{"index":"index","follow":"follow","max-snippet":"max-snippet:-1","max-image-preview":"max-image-preview:large","max-video-preview":"max-video-preview:-1"},"canonical":"https:\/\/www.organisator.ch\/de\/operational-excellence\/2023-08-29\/zweite-global-cyber-conference-am-14-15-september-2023\/","og_locale":"de_DE","og_type":"article","og_title":"Zweite Global Cyber Conference am 14.\/15. September 2023 - Organisator","og_description":"Global Cyber Conference in Z\u00fcrich: Fokus auf Cyber-Resilienz. Swiss CISO Awards erstmals vergeben.","og_url":"https:\/\/www.organisator.ch\/de\/operational-excellence\/2023-08-29\/zweite-global-cyber-conference-am-14-15-september-2023\/","og_site_name":"Organisator","article_publisher":"https:\/\/www.facebook.com\/OrganisatorFachmagazin","article_published_time":"2023-08-29T06:30:20+00:00","article_modified_time":"2024-11-14T11:41:24+00:00","author":"galledia","twitter_card":"summary_large_image","twitter_creator":"@admin","schema":{"@context":"https:\/\/schema.org","@graph":[{"@type":"Article","@id":"https:\/\/www.organisator.ch\/operational-excellence\/2023-08-29\/zweite-global-cyber-conference-am-14-15-september-2023\/#article","isPartOf":{"@id":"https:\/\/www.organisator.ch\/operational-excellence\/2023-08-29\/zweite-global-cyber-conference-am-14-15-september-2023\/"},"author":{"name":"galledia","@id":"https:\/\/www.organisator.ch\/#\/schema\/person\/4e51799071cd2dd1232ac003643ef5f0"},"headline":"Zweite Global Cyber Conference am 14.\/15. September 2023","datePublished":"2023-08-29T06:30:20+00:00","dateModified":"2024-11-14T11:41:24+00:00","mainEntityOfPage":{"@id":"https:\/\/www.organisator.ch\/operational-excellence\/2023-08-29\/zweite-global-cyber-conference-am-14-15-september-2023\/"},"wordCount":590,"publisher":{"@id":"https:\/\/www.organisator.ch\/#organization"},"image":{"@id":"https:\/\/www.organisator.ch\/operational-excellence\/2023-08-29\/zweite-global-cyber-conference-am-14-15-september-2023\/#primaryimage"},"thumbnailUrl":"https:\/\/www.m-q.ch\/wp-content\/uploads\/2023\/08\/Zweite-Global-Cyber-Conference-am-14-15-September-2023_MQ.jpg","articleSection":["OPERATIONAL EXCELLENCE"],"inLanguage":"de"},{"@type":"WebPage","@id":"https:\/\/www.organisator.ch\/operational-excellence\/2023-08-29\/zweite-global-cyber-conference-am-14-15-september-2023\/","url":"https:\/\/www.organisator.ch\/operational-excellence\/2023-08-29\/zweite-global-cyber-conference-am-14-15-september-2023\/","name":"Zweite Global Cyber Conference am 14.\/15. September 2023 - Organisator","isPartOf":{"@id":"https:\/\/www.organisator.ch\/#website"},"primaryImageOfPage":{"@id":"https:\/\/www.organisator.ch\/operational-excellence\/2023-08-29\/zweite-global-cyber-conference-am-14-15-september-2023\/#primaryimage"},"image":{"@id":"https:\/\/www.organisator.ch\/operational-excellence\/2023-08-29\/zweite-global-cyber-conference-am-14-15-september-2023\/#primaryimage"},"thumbnailUrl":"https:\/\/www.m-q.ch\/wp-content\/uploads\/2023\/08\/Zweite-Global-Cyber-Conference-am-14-15-September-2023_MQ.jpg","datePublished":"2023-08-29T06:30:20+00:00","dateModified":"2024-11-14T11:41:24+00:00","description":"Global Cyber Conference in Z\u00fcrich: Fokus auf Cyber-Resilienz. Swiss CISO Awards erstmals vergeben.","breadcrumb":{"@id":"https:\/\/www.organisator.ch\/operational-excellence\/2023-08-29\/zweite-global-cyber-conference-am-14-15-september-2023\/#breadcrumb"},"inLanguage":"de","potentialAction":[{"@type":"ReadAction","target":["https:\/\/www.organisator.ch\/operational-excellence\/2023-08-29\/zweite-global-cyber-conference-am-14-15-september-2023\/"]}]},{"@type":"ImageObject","inLanguage":"de","@id":"https:\/\/www.organisator.ch\/operational-excellence\/2023-08-29\/zweite-global-cyber-conference-am-14-15-september-2023\/#primaryimage","url":"https:\/\/www.m-q.ch\/wp-content\/uploads\/2023\/08\/Zweite-Global-Cyber-Conference-am-14-15-September-2023_MQ.jpg","contentUrl":"https:\/\/www.m-q.ch\/wp-content\/uploads\/2023\/08\/Zweite-Global-Cyber-Conference-am-14-15-September-2023_MQ.jpg"},{"@type":"BreadcrumbList","@id":"https:\/\/www.organisator.ch\/operational-excellence\/2023-08-29\/zweite-global-cyber-conference-am-14-15-september-2023\/#breadcrumb","itemListElement":[{"@type":"ListItem","position":1,"name":"Home","item":"https:\/\/www.organisator.ch\/"},{"@type":"ListItem","position":2,"name":"Zweite Global Cyber Conference am 14.\/15. September 2023"}]},{"@type":"WebSite","@id":"https:\/\/www.organisator.ch\/#website","url":"https:\/\/www.organisator.ch\/","name":"Organisator","description":"Kompetent. Praxisnah. Der ORGANISATOR bereitet in 10 Ausgaben pro Jahr die wesentlichen Themen f\u00fcr F\u00fchrungskr\u00e4fte von KMU auf.","publisher":{"@id":"https:\/\/www.organisator.ch\/#organization"},"potentialAction":[{"@type":"SearchAction","target":{"@type":"EntryPoint","urlTemplate":"https:\/\/www.organisator.ch\/?s={search_term_string}"},"query-input":{"@type":"PropertyValueSpecification","valueRequired":true,"valueName":"search_term_string"}}],"inLanguage":"de"},{"@type":"Organization","@id":"https:\/\/www.organisator.ch\/#organization","name":"Organisator","url":"https:\/\/www.organisator.ch\/","logo":{"@type":"ImageObject","inLanguage":"de","@id":"https:\/\/www.organisator.ch\/#\/schema\/logo\/image\/","url":"https:\/\/www.organisator.ch\/wp-content\/uploads\/2022\/01\/Logo_Organisator_Website.png","contentUrl":"https:\/\/www.organisator.ch\/wp-content\/uploads\/2022\/01\/Logo_Organisator_Website.png","width":800,"height":77,"caption":"Organisator"},"image":{"@id":"https:\/\/www.organisator.ch\/#\/schema\/logo\/image\/"},"sameAs":["https:\/\/www.facebook.com\/OrganisatorFachmagazin","https:\/\/www.linkedin.com\/showcase\/organisator-das-magazin-fr-kmu","https:\/\/www.xing.com\/news\/pages\/organisator-ch-695","https:\/\/www.youtube.com\/channel\/UCGP2Sq0iWaZwT3BdIAQFYpw"]},{"@type":"Person","@id":"https:\/\/www.organisator.ch\/#\/schema\/person\/4e51799071cd2dd1232ac003643ef5f0","name":"galledia","image":{"@type":"ImageObject","inLanguage":"de","@id":"https:\/\/secure.gravatar.com\/avatar\/78a7f90c01fc2bfc875782a0d4922b37cde2cf184ce347b91316d23cd7f69a36?s=96&d=mm&r=g","url":"https:\/\/secure.gravatar.com\/avatar\/78a7f90c01fc2bfc875782a0d4922b37cde2cf184ce347b91316d23cd7f69a36?s=96&d=mm&r=g","contentUrl":"https:\/\/secure.gravatar.com\/avatar\/78a7f90c01fc2bfc875782a0d4922b37cde2cf184ce347b91316d23cd7f69a36?s=96&d=mm&r=g","caption":"galledia"},"sameAs":["https:\/\/x.com\/admin"],"url":"https:\/\/www.organisator.ch\/de\/author\/galledia\/"}]}},"_links":{"self":[{"href":"https:\/\/www.organisator.ch\/de\/wp-json\/wp\/v2\/posts\/21491","targetHints":{"allow":["GET"]}}],"collection":[{"href":"https:\/\/www.organisator.ch\/de\/wp-json\/wp\/v2\/posts"}],"about":[{"href":"https:\/\/www.organisator.ch\/de\/wp-json\/wp\/v2\/types\/post"}],"author":[{"embeddable":true,"href":"https:\/\/www.organisator.ch\/de\/wp-json\/wp\/v2\/users\/8"}],"replies":[{"embeddable":true,"href":"https:\/\/www.organisator.ch\/de\/wp-json\/wp\/v2\/comments?post=21491"}],"version-history":[{"count":6,"href":"https:\/\/www.organisator.ch\/de\/wp-json\/wp\/v2\/posts\/21491\/revisions"}],"predecessor-version":[{"id":32933,"href":"https:\/\/www.organisator.ch\/de\/wp-json\/wp\/v2\/posts\/21491\/revisions\/32933"}],"wp:attachment":[{"href":"https:\/\/www.organisator.ch\/de\/wp-json\/wp\/v2\/media?parent=21491"}],"wp:term":[{"taxonomy":"category","embeddable":true,"href":"https:\/\/www.organisator.ch\/de\/wp-json\/wp\/v2\/categories?post=21491"},{"taxonomy":"post_tag","embeddable":true,"href":"https:\/\/www.organisator.ch\/de\/wp-json\/wp\/v2\/tags?post=21491"}],"curies":[{"name":"wp","href":"https:\/\/api.w.org\/{rel}","templated":true}]}}