{"id":21557,"date":"2023-09-01T10:33:08","date_gmt":"2023-09-01T08:33:08","guid":{"rendered":"https:\/\/www.organisator.ch\/?p=21557"},"modified":"2023-09-01T10:33:08","modified_gmt":"2023-09-01T08:33:08","slug":"neue-zertifikatslehrgaenge-zu-ki-und-verhaltenswissenschaften-fuer-unternehmen","status":"publish","type":"post","link":"https:\/\/www.organisator.ch\/de\/weiterbildung\/2023-09-01\/neue-zertifikatslehrgaenge-zu-ki-und-verhaltenswissenschaften-fuer-unternehmen\/","title":{"rendered":"Neue Zertifikatslehrg\u00e4nge zu KI und Ver\u00adhal\u00adtens\u00adwissen\u00adschaften f\u00fcr Unternehmen"},"content":{"rendered":"<figure id=\"attachment_21558\" aria-describedby=\"caption-attachment-21558\" style=\"width: 680px\" class=\"wp-caption alignnone\"><img loading=\"lazy\" decoding=\"async\" class=\"size-full wp-image-21558\" src=\"https:\/\/www.organisator.ch\/wp-content\/uploads\/2023\/09\/Neue-Zertifikatslehrgaenge-zu-KI-und-Ver\u00adhal\u00adtens\u00adwissen\u00adschaften-fuer-Unternehmen_Organisator.jpg\" alt=\"\" width=\"680\" height=\"453\" srcset=\"https:\/\/www.organisator.ch\/wp-content\/uploads\/2023\/09\/Neue-Zertifikatslehrgaenge-zu-KI-und-Ver\u00adhal\u00adtens\u00adwissen\u00adschaften-fuer-Unternehmen_Organisator.jpg 680w, https:\/\/www.organisator.ch\/wp-content\/uploads\/2023\/09\/Neue-Zertifikatslehrgaenge-zu-KI-und-Ver\u00adhal\u00adtens\u00adwissen\u00adschaften-fuer-Unternehmen_Organisator-18x12.jpg 18w, https:\/\/www.organisator.ch\/wp-content\/uploads\/2023\/09\/Neue-Zertifikatslehrgaenge-zu-KI-und-Ver\u00adhal\u00adtens\u00adwissen\u00adschaften-fuer-Unternehmen_Organisator-375x250.jpg 375w, https:\/\/www.organisator.ch\/wp-content\/uploads\/2023\/09\/Neue-Zertifikatslehrgaenge-zu-KI-und-Ver\u00adhal\u00adtens\u00adwissen\u00adschaften-fuer-Unternehmen_Organisator-525x350.jpg 525w\" sizes=\"auto, (max-width: 680px) 100vw, 680px\" \/><figcaption id=\"caption-attachment-21558\" class=\"wp-caption-text\">Zwei neue Zertifikatslehrg\u00e4nge an der Uni Luzern widmen sich der KI und Verhaltenswissenschaften f\u00fcr Unternehmen. (Bild: Pixabay.com)<\/figcaption><\/figure>\n<p>Unternehmen sehen sich vermehrt mit neuen Bedingungen und Herausforderungen konfrontiert: Um langfristig erfolgreich zu sein, m\u00fcssen sie innovativ sein, neue Technologien effizient adaptieren und strategische Pl\u00e4ne konzipieren. Die Universit\u00e4t Luzern bietet nun zwei neue Zertifikatslehrg\u00e4nge an, welche die dazu notwendigen, neuesten technologischen Entwicklungen adressieren.<\/p>\n<p>Beim \u00abCAS in Artificial Intelligence Management for Business Value\u00bb handelt es sich um eine Kooperation zwischen der Universit\u00e4t Luzern und der Hochschule Luzern. In diesem Lehrgang lernen die Teilnehmenden, wie Unternehmen k\u00fcnstliche Intelligenz nutzen k\u00f6nnen, um Technologie- und Prozessinnovationen zu implementieren, zu managen und so langfristig Wettbewerbsvorteile zu erzielen. \u00abEine Zusammenarbeit zwischen Menschen und KI im Unternehmen wird in Zukunft unabdingbar sein\u00bb, betont Prof. Dr. Jana Koehler, Professorin f\u00fcr Informatik an der Hochschule Luzern \u2013 Informatik.<\/p>\n<p>Der \u00abCAS in Behavioral and Neuroscience for Business\u00bb widmet sich der Entscheidungsfindung in Unternehmen. F\u00fchrungs- und Fachkr\u00e4fte lernen in diesem Lehrgang verhaltens- und neurowissenschaftliche Methoden kennen, womit sie bessere Entscheidungen f\u00fcr sich selbst, ihr Team, und das Unternehmen treffen und somit langfristig erfolgreich sein k\u00f6nnen. Dieser Lehrgang findet in Kooperation mit der Schweizer Unternehmensberatung f\u00fcr Neuromarketing, Zutt &amp; Partner, statt.<\/p>\n<p><em>Quelle und weitere Informationen: <a href=\"http:\/\/www.unilu.ch\">www.unilu.ch<\/a><\/em><\/p>\n","protected":false},"excerpt":{"rendered":"<p>Das Institut f\u00fcr Marketing und Analytics der Universit\u00e4t Luzern erweitert sein Weiterbildungsangebot um zwei neue Zertifikatslehrg\u00e4nge. Diese befassen sich mit dem Management von K\u00fcnstlicher Intelligenz (KI) in Unternehmen sowie mit verhaltens- und neurowissenschaftlichen Methoden zur Entscheidungsfindung. <\/p>\n","protected":false},"author":4,"featured_media":21558,"comment_status":"closed","ping_status":"closed","sticky":false,"template":"","format":"standard","meta":{"_acf_changed":false,"_yoast_wpseo_focuskw":"Zertifikatslehrg\u00e4nge","_yoast_wpseo_metadesc":"Das Institut f\u00fcr Marketing und Analytics der Universit\u00e4t Luzern erweitert sein Weiterbildungsangebot um zwei neue Zertifikatslehrg\u00e4nge.","articlekey":"","footnotes":""},"categories":[30],"tags":[62,3587,192],"class_list":["post-21557","post","type-post","status-publish","format-standard","has-post-thumbnail","hentry","category-weiterbildung","tag-aus-weiterbildung","tag-cas","tag-fachhochschulen"],"acf":[],"yoast_head":"<!-- This site is optimized with the Yoast SEO plugin v27.4 - https:\/\/yoast.com\/product\/yoast-seo-wordpress\/ -->\n<title>Neue Zertifikatslehrg\u00e4nge zu KI und Ver\u00adhal\u00adtens\u00adwissen\u00adschaften f\u00fcr Unternehmen - Organisator<\/title>\n<meta name=\"description\" content=\"Das Institut f\u00fcr Marketing und Analytics der Universit\u00e4t Luzern erweitert sein Weiterbildungsangebot um zwei neue Zertifikatslehrg\u00e4nge.\" \/>\n<meta name=\"robots\" content=\"index, follow, max-snippet:-1, max-image-preview:large, max-video-preview:-1\" \/>\n<link rel=\"canonical\" href=\"https:\/\/www.organisator.ch\/de\/weiterbildung\/2023-09-01\/neue-zertifikatslehrgaenge-zu-ki-und-verhaltenswissenschaften-fuer-unternehmen\/\" \/>\n<meta property=\"og:locale\" content=\"de_DE\" \/>\n<meta property=\"og:type\" content=\"article\" \/>\n<meta property=\"og:title\" content=\"Neue Zertifikatslehrg\u00e4nge zu KI und Ver\u00adhal\u00adtens\u00adwissen\u00adschaften f\u00fcr Unternehmen\" \/>\n<meta property=\"og:description\" content=\"Das Institut f\u00fcr Marketing und Analytics der Universit\u00e4t Luzern erweitert sein Weiterbildungsangebot um zwei neue Zertifikatslehrg\u00e4nge.\" \/>\n<meta property=\"og:url\" content=\"https:\/\/www.organisator.ch\/de\/weiterbildung\/2023-09-01\/neue-zertifikatslehrgaenge-zu-ki-und-verhaltenswissenschaften-fuer-unternehmen\/\" \/>\n<meta property=\"og:site_name\" content=\"Organisator\" \/>\n<meta property=\"article:publisher\" content=\"https:\/\/www.facebook.com\/OrganisatorFachmagazin\" \/>\n<meta property=\"article:published_time\" content=\"2023-09-01T08:33:08+00:00\" \/>\n<meta property=\"og:image\" content=\"https:\/\/www.organisator.ch\/wp-content\/uploads\/2023\/09\/Neue-Zertifikatslehrgaenge-zu-KI-und-Ver\u00adhal\u00adtens\u00adwissen\u00adschaften-fuer-Unternehmen_Organisator.jpg\" \/>\n\t<meta property=\"og:image:width\" content=\"680\" \/>\n\t<meta property=\"og:image:height\" content=\"453\" \/>\n\t<meta property=\"og:image:type\" content=\"image\/jpeg\" \/>\n<meta name=\"author\" content=\"thomas.berner\" \/>\n<meta name=\"twitter:card\" content=\"summary_large_image\" \/>\n<meta name=\"twitter:title\" content=\"Neue #Zertifikatslehrg\u00e4nge zu KI und #Ver\u00adhal\u00adtens\u00adwissen\u00adschaften f\u00fcr Unternehmen\" \/>\n<meta name=\"twitter:description\" content=\"Das Institut f\u00fcr Marketing und Analytics der Universit\u00e4t Luzern erweitert sein #Weiterbildungsangebot um zwei neue #Zertifikatslehrg\u00e4nge.\" \/>\n<meta name=\"twitter:image\" content=\"https:\/\/www.organisator.ch\/wp-content\/uploads\/2023\/09\/Neue-Zertifikatslehrgaenge-zu-KI-und-Ver\u00adhal\u00adtens\u00adwissen\u00adschaften-fuer-Unternehmen_Organisator.jpg\" \/>\n<script type=\"application\/ld+json\" class=\"yoast-schema-graph\">{\"@context\":\"https:\\\/\\\/schema.org\",\"@graph\":[{\"@type\":\"Article\",\"@id\":\"https:\\\/\\\/www.organisator.ch\\\/weiterbildung\\\/2023-09-01\\\/neue-zertifikatslehrgaenge-zu-ki-und-verhaltenswissenschaften-fuer-unternehmen\\\/#article\",\"isPartOf\":{\"@id\":\"https:\\\/\\\/www.organisator.ch\\\/weiterbildung\\\/2023-09-01\\\/neue-zertifikatslehrgaenge-zu-ki-und-verhaltenswissenschaften-fuer-unternehmen\\\/\"},\"author\":{\"name\":\"thomas.berner\",\"@id\":\"https:\\\/\\\/www.organisator.ch\\\/#\\\/schema\\\/person\\\/6f650f90b2842cd4c0cc334b4e36f67e\"},\"headline\":\"Neue Zertifikatslehrg\u00e4nge zu KI und Ver\u00adhal\u00adtens\u00adwissen\u00adschaften f\u00fcr Unternehmen\",\"datePublished\":\"2023-09-01T08:33:08+00:00\",\"mainEntityOfPage\":{\"@id\":\"https:\\\/\\\/www.organisator.ch\\\/weiterbildung\\\/2023-09-01\\\/neue-zertifikatslehrgaenge-zu-ki-und-verhaltenswissenschaften-fuer-unternehmen\\\/\"},\"wordCount\":240,\"publisher\":{\"@id\":\"https:\\\/\\\/www.organisator.ch\\\/#organization\"},\"image\":{\"@id\":\"https:\\\/\\\/www.organisator.ch\\\/weiterbildung\\\/2023-09-01\\\/neue-zertifikatslehrgaenge-zu-ki-und-verhaltenswissenschaften-fuer-unternehmen\\\/#primaryimage\"},\"thumbnailUrl\":\"https:\\\/\\\/www.organisator.ch\\\/wp-content\\\/uploads\\\/2023\\\/09\\\/Neue-Zertifikatslehrgaenge-zu-KI-und-Ver\u00adhal\u00adtens\u00adwissen\u00adschaften-fuer-Unternehmen_Organisator.jpg\",\"keywords\":[\"Aus-\\\/Weiterbildung\",\"CAS\",\"Fachhochschulen\"],\"articleSection\":[\"WEITERBILDUNG\"],\"inLanguage\":\"de\"},{\"@type\":\"WebPage\",\"@id\":\"https:\\\/\\\/www.organisator.ch\\\/weiterbildung\\\/2023-09-01\\\/neue-zertifikatslehrgaenge-zu-ki-und-verhaltenswissenschaften-fuer-unternehmen\\\/\",\"url\":\"https:\\\/\\\/www.organisator.ch\\\/weiterbildung\\\/2023-09-01\\\/neue-zertifikatslehrgaenge-zu-ki-und-verhaltenswissenschaften-fuer-unternehmen\\\/\",\"name\":\"Neue Zertifikatslehrg\u00e4nge zu KI und Ver\u00adhal\u00adtens\u00adwissen\u00adschaften f\u00fcr Unternehmen - Organisator\",\"isPartOf\":{\"@id\":\"https:\\\/\\\/www.organisator.ch\\\/#website\"},\"primaryImageOfPage\":{\"@id\":\"https:\\\/\\\/www.organisator.ch\\\/weiterbildung\\\/2023-09-01\\\/neue-zertifikatslehrgaenge-zu-ki-und-verhaltenswissenschaften-fuer-unternehmen\\\/#primaryimage\"},\"image\":{\"@id\":\"https:\\\/\\\/www.organisator.ch\\\/weiterbildung\\\/2023-09-01\\\/neue-zertifikatslehrgaenge-zu-ki-und-verhaltenswissenschaften-fuer-unternehmen\\\/#primaryimage\"},\"thumbnailUrl\":\"https:\\\/\\\/www.organisator.ch\\\/wp-content\\\/uploads\\\/2023\\\/09\\\/Neue-Zertifikatslehrgaenge-zu-KI-und-Ver\u00adhal\u00adtens\u00adwissen\u00adschaften-fuer-Unternehmen_Organisator.jpg\",\"datePublished\":\"2023-09-01T08:33:08+00:00\",\"description\":\"Das Institut f\u00fcr Marketing und Analytics der Universit\u00e4t Luzern erweitert sein Weiterbildungsangebot um zwei neue Zertifikatslehrg\u00e4nge.\",\"breadcrumb\":{\"@id\":\"https:\\\/\\\/www.organisator.ch\\\/weiterbildung\\\/2023-09-01\\\/neue-zertifikatslehrgaenge-zu-ki-und-verhaltenswissenschaften-fuer-unternehmen\\\/#breadcrumb\"},\"inLanguage\":\"de\",\"potentialAction\":[{\"@type\":\"ReadAction\",\"target\":[\"https:\\\/\\\/www.organisator.ch\\\/weiterbildung\\\/2023-09-01\\\/neue-zertifikatslehrgaenge-zu-ki-und-verhaltenswissenschaften-fuer-unternehmen\\\/\"]}]},{\"@type\":\"ImageObject\",\"inLanguage\":\"de\",\"@id\":\"https:\\\/\\\/www.organisator.ch\\\/weiterbildung\\\/2023-09-01\\\/neue-zertifikatslehrgaenge-zu-ki-und-verhaltenswissenschaften-fuer-unternehmen\\\/#primaryimage\",\"url\":\"https:\\\/\\\/www.organisator.ch\\\/wp-content\\\/uploads\\\/2023\\\/09\\\/Neue-Zertifikatslehrgaenge-zu-KI-und-Ver\u00adhal\u00adtens\u00adwissen\u00adschaften-fuer-Unternehmen_Organisator.jpg\",\"contentUrl\":\"https:\\\/\\\/www.organisator.ch\\\/wp-content\\\/uploads\\\/2023\\\/09\\\/Neue-Zertifikatslehrgaenge-zu-KI-und-Ver\u00adhal\u00adtens\u00adwissen\u00adschaften-fuer-Unternehmen_Organisator.jpg\",\"width\":680,\"height\":453,\"caption\":\"Zwei neue Zertifikatslehrg\u00e4nge an der Uni Luzern widmen sich der KI und Verhaltenswissenschaften f\u00fcr Unternehmen. (Bild: Pixabay.com)\"},{\"@type\":\"BreadcrumbList\",\"@id\":\"https:\\\/\\\/www.organisator.ch\\\/weiterbildung\\\/2023-09-01\\\/neue-zertifikatslehrgaenge-zu-ki-und-verhaltenswissenschaften-fuer-unternehmen\\\/#breadcrumb\",\"itemListElement\":[{\"@type\":\"ListItem\",\"position\":1,\"name\":\"Home\",\"item\":\"https:\\\/\\\/www.organisator.ch\\\/\"},{\"@type\":\"ListItem\",\"position\":2,\"name\":\"Neue Zertifikatslehrg\u00e4nge zu KI und Ver\u00adhal\u00adtens\u00adwissen\u00adschaften f\u00fcr Unternehmen\"}]},{\"@type\":\"WebSite\",\"@id\":\"https:\\\/\\\/www.organisator.ch\\\/#website\",\"url\":\"https:\\\/\\\/www.organisator.ch\\\/\",\"name\":\"Organisator\",\"description\":\"Kompetent. Praxisnah. Der ORGANISATOR bereitet in 10 Ausgaben pro Jahr die wesentlichen Themen f\u00fcr F\u00fchrungskr\u00e4fte von KMU auf.\",\"publisher\":{\"@id\":\"https:\\\/\\\/www.organisator.ch\\\/#organization\"},\"potentialAction\":[{\"@type\":\"SearchAction\",\"target\":{\"@type\":\"EntryPoint\",\"urlTemplate\":\"https:\\\/\\\/www.organisator.ch\\\/?s={search_term_string}\"},\"query-input\":{\"@type\":\"PropertyValueSpecification\",\"valueRequired\":true,\"valueName\":\"search_term_string\"}}],\"inLanguage\":\"de\"},{\"@type\":\"Organization\",\"@id\":\"https:\\\/\\\/www.organisator.ch\\\/#organization\",\"name\":\"Organisator\",\"url\":\"https:\\\/\\\/www.organisator.ch\\\/\",\"logo\":{\"@type\":\"ImageObject\",\"inLanguage\":\"de\",\"@id\":\"https:\\\/\\\/www.organisator.ch\\\/#\\\/schema\\\/logo\\\/image\\\/\",\"url\":\"https:\\\/\\\/www.organisator.ch\\\/wp-content\\\/uploads\\\/2022\\\/01\\\/Logo_Organisator_Website.png\",\"contentUrl\":\"https:\\\/\\\/www.organisator.ch\\\/wp-content\\\/uploads\\\/2022\\\/01\\\/Logo_Organisator_Website.png\",\"width\":800,\"height\":77,\"caption\":\"Organisator\"},\"image\":{\"@id\":\"https:\\\/\\\/www.organisator.ch\\\/#\\\/schema\\\/logo\\\/image\\\/\"},\"sameAs\":[\"https:\\\/\\\/www.facebook.com\\\/OrganisatorFachmagazin\",\"https:\\\/\\\/www.linkedin.com\\\/showcase\\\/organisator-das-magazin-fr-kmu\",\"https:\\\/\\\/www.xing.com\\\/news\\\/pages\\\/organisator-ch-695\",\"https:\\\/\\\/www.youtube.com\\\/channel\\\/UCGP2Sq0iWaZwT3BdIAQFYpw\"]},{\"@type\":\"Person\",\"@id\":\"https:\\\/\\\/www.organisator.ch\\\/#\\\/schema\\\/person\\\/6f650f90b2842cd4c0cc334b4e36f67e\",\"name\":\"thomas.berner\",\"image\":{\"@type\":\"ImageObject\",\"inLanguage\":\"de\",\"@id\":\"https:\\\/\\\/secure.gravatar.com\\\/avatar\\\/ac5001d2a36cb6c6cd3e50789007ffca834b477b74a2144564522e944eabff61?s=96&d=mm&r=g\",\"url\":\"https:\\\/\\\/secure.gravatar.com\\\/avatar\\\/ac5001d2a36cb6c6cd3e50789007ffca834b477b74a2144564522e944eabff61?s=96&d=mm&r=g\",\"contentUrl\":\"https:\\\/\\\/secure.gravatar.com\\\/avatar\\\/ac5001d2a36cb6c6cd3e50789007ffca834b477b74a2144564522e944eabff61?s=96&d=mm&r=g\",\"caption\":\"thomas.berner\"},\"url\":\"https:\\\/\\\/www.organisator.ch\\\/de\\\/author\\\/thomas-berner\\\/\"}]}<\/script>\n<!-- \/ Yoast SEO plugin. -->","yoast_head_json":{"title":"Neue Zertifikatslehrg\u00e4nge zu KI und Ver\u00adhal\u00adtens\u00adwissen\u00adschaften f\u00fcr Unternehmen - Organisator","description":"Das Institut f\u00fcr Marketing und Analytics der Universit\u00e4t Luzern erweitert sein Weiterbildungsangebot um zwei neue Zertifikatslehrg\u00e4nge.","robots":{"index":"index","follow":"follow","max-snippet":"max-snippet:-1","max-image-preview":"max-image-preview:large","max-video-preview":"max-video-preview:-1"},"canonical":"https:\/\/www.organisator.ch\/de\/weiterbildung\/2023-09-01\/neue-zertifikatslehrgaenge-zu-ki-und-verhaltenswissenschaften-fuer-unternehmen\/","og_locale":"de_DE","og_type":"article","og_title":"Neue Zertifikatslehrg\u00e4nge zu KI und Ver\u00adhal\u00adtens\u00adwissen\u00adschaften f\u00fcr Unternehmen","og_description":"Das Institut f\u00fcr Marketing und Analytics der Universit\u00e4t Luzern erweitert sein Weiterbildungsangebot um zwei neue Zertifikatslehrg\u00e4nge.","og_url":"https:\/\/www.organisator.ch\/de\/weiterbildung\/2023-09-01\/neue-zertifikatslehrgaenge-zu-ki-und-verhaltenswissenschaften-fuer-unternehmen\/","og_site_name":"Organisator","article_publisher":"https:\/\/www.facebook.com\/OrganisatorFachmagazin","article_published_time":"2023-09-01T08:33:08+00:00","og_image":[{"width":680,"height":453,"url":"https:\/\/www.organisator.ch\/wp-content\/uploads\/2023\/09\/Neue-Zertifikatslehrgaenge-zu-KI-und-Ver\u00adhal\u00adtens\u00adwissen\u00adschaften-fuer-Unternehmen_Organisator.jpg","type":"image\/jpeg"}],"author":"thomas.berner","twitter_card":"summary_large_image","twitter_title":"Neue #Zertifikatslehrg\u00e4nge zu KI und #Ver\u00adhal\u00adtens\u00adwissen\u00adschaften f\u00fcr Unternehmen","twitter_description":"Das Institut f\u00fcr Marketing und Analytics der Universit\u00e4t Luzern erweitert sein #Weiterbildungsangebot um zwei neue #Zertifikatslehrg\u00e4nge.","twitter_image":"https:\/\/www.organisator.ch\/wp-content\/uploads\/2023\/09\/Neue-Zertifikatslehrgaenge-zu-KI-und-Ver\u00adhal\u00adtens\u00adwissen\u00adschaften-fuer-Unternehmen_Organisator.jpg","schema":{"@context":"https:\/\/schema.org","@graph":[{"@type":"Article","@id":"https:\/\/www.organisator.ch\/weiterbildung\/2023-09-01\/neue-zertifikatslehrgaenge-zu-ki-und-verhaltenswissenschaften-fuer-unternehmen\/#article","isPartOf":{"@id":"https:\/\/www.organisator.ch\/weiterbildung\/2023-09-01\/neue-zertifikatslehrgaenge-zu-ki-und-verhaltenswissenschaften-fuer-unternehmen\/"},"author":{"name":"thomas.berner","@id":"https:\/\/www.organisator.ch\/#\/schema\/person\/6f650f90b2842cd4c0cc334b4e36f67e"},"headline":"Neue Zertifikatslehrg\u00e4nge zu KI und Ver\u00adhal\u00adtens\u00adwissen\u00adschaften f\u00fcr Unternehmen","datePublished":"2023-09-01T08:33:08+00:00","mainEntityOfPage":{"@id":"https:\/\/www.organisator.ch\/weiterbildung\/2023-09-01\/neue-zertifikatslehrgaenge-zu-ki-und-verhaltenswissenschaften-fuer-unternehmen\/"},"wordCount":240,"publisher":{"@id":"https:\/\/www.organisator.ch\/#organization"},"image":{"@id":"https:\/\/www.organisator.ch\/weiterbildung\/2023-09-01\/neue-zertifikatslehrgaenge-zu-ki-und-verhaltenswissenschaften-fuer-unternehmen\/#primaryimage"},"thumbnailUrl":"https:\/\/www.organisator.ch\/wp-content\/uploads\/2023\/09\/Neue-Zertifikatslehrgaenge-zu-KI-und-Ver\u00adhal\u00adtens\u00adwissen\u00adschaften-fuer-Unternehmen_Organisator.jpg","keywords":["Aus-\/Weiterbildung","CAS","Fachhochschulen"],"articleSection":["WEITERBILDUNG"],"inLanguage":"de"},{"@type":"WebPage","@id":"https:\/\/www.organisator.ch\/weiterbildung\/2023-09-01\/neue-zertifikatslehrgaenge-zu-ki-und-verhaltenswissenschaften-fuer-unternehmen\/","url":"https:\/\/www.organisator.ch\/weiterbildung\/2023-09-01\/neue-zertifikatslehrgaenge-zu-ki-und-verhaltenswissenschaften-fuer-unternehmen\/","name":"Neue Zertifikatslehrg\u00e4nge zu KI und Ver\u00adhal\u00adtens\u00adwissen\u00adschaften f\u00fcr Unternehmen - Organisator","isPartOf":{"@id":"https:\/\/www.organisator.ch\/#website"},"primaryImageOfPage":{"@id":"https:\/\/www.organisator.ch\/weiterbildung\/2023-09-01\/neue-zertifikatslehrgaenge-zu-ki-und-verhaltenswissenschaften-fuer-unternehmen\/#primaryimage"},"image":{"@id":"https:\/\/www.organisator.ch\/weiterbildung\/2023-09-01\/neue-zertifikatslehrgaenge-zu-ki-und-verhaltenswissenschaften-fuer-unternehmen\/#primaryimage"},"thumbnailUrl":"https:\/\/www.organisator.ch\/wp-content\/uploads\/2023\/09\/Neue-Zertifikatslehrgaenge-zu-KI-und-Ver\u00adhal\u00adtens\u00adwissen\u00adschaften-fuer-Unternehmen_Organisator.jpg","datePublished":"2023-09-01T08:33:08+00:00","description":"Das Institut f\u00fcr Marketing und Analytics der Universit\u00e4t Luzern erweitert sein Weiterbildungsangebot um zwei neue Zertifikatslehrg\u00e4nge.","breadcrumb":{"@id":"https:\/\/www.organisator.ch\/weiterbildung\/2023-09-01\/neue-zertifikatslehrgaenge-zu-ki-und-verhaltenswissenschaften-fuer-unternehmen\/#breadcrumb"},"inLanguage":"de","potentialAction":[{"@type":"ReadAction","target":["https:\/\/www.organisator.ch\/weiterbildung\/2023-09-01\/neue-zertifikatslehrgaenge-zu-ki-und-verhaltenswissenschaften-fuer-unternehmen\/"]}]},{"@type":"ImageObject","inLanguage":"de","@id":"https:\/\/www.organisator.ch\/weiterbildung\/2023-09-01\/neue-zertifikatslehrgaenge-zu-ki-und-verhaltenswissenschaften-fuer-unternehmen\/#primaryimage","url":"https:\/\/www.organisator.ch\/wp-content\/uploads\/2023\/09\/Neue-Zertifikatslehrgaenge-zu-KI-und-Ver\u00adhal\u00adtens\u00adwissen\u00adschaften-fuer-Unternehmen_Organisator.jpg","contentUrl":"https:\/\/www.organisator.ch\/wp-content\/uploads\/2023\/09\/Neue-Zertifikatslehrgaenge-zu-KI-und-Ver\u00adhal\u00adtens\u00adwissen\u00adschaften-fuer-Unternehmen_Organisator.jpg","width":680,"height":453,"caption":"Zwei neue Zertifikatslehrg\u00e4nge an der Uni Luzern widmen sich der KI und Verhaltenswissenschaften f\u00fcr Unternehmen. (Bild: Pixabay.com)"},{"@type":"BreadcrumbList","@id":"https:\/\/www.organisator.ch\/weiterbildung\/2023-09-01\/neue-zertifikatslehrgaenge-zu-ki-und-verhaltenswissenschaften-fuer-unternehmen\/#breadcrumb","itemListElement":[{"@type":"ListItem","position":1,"name":"Home","item":"https:\/\/www.organisator.ch\/"},{"@type":"ListItem","position":2,"name":"Neue Zertifikatslehrg\u00e4nge zu KI und Ver\u00adhal\u00adtens\u00adwissen\u00adschaften f\u00fcr Unternehmen"}]},{"@type":"WebSite","@id":"https:\/\/www.organisator.ch\/#website","url":"https:\/\/www.organisator.ch\/","name":"Organisator","description":"Kompetent. Praxisnah. Der ORGANISATOR bereitet in 10 Ausgaben pro Jahr die wesentlichen Themen f\u00fcr F\u00fchrungskr\u00e4fte von KMU auf.","publisher":{"@id":"https:\/\/www.organisator.ch\/#organization"},"potentialAction":[{"@type":"SearchAction","target":{"@type":"EntryPoint","urlTemplate":"https:\/\/www.organisator.ch\/?s={search_term_string}"},"query-input":{"@type":"PropertyValueSpecification","valueRequired":true,"valueName":"search_term_string"}}],"inLanguage":"de"},{"@type":"Organization","@id":"https:\/\/www.organisator.ch\/#organization","name":"Organisator","url":"https:\/\/www.organisator.ch\/","logo":{"@type":"ImageObject","inLanguage":"de","@id":"https:\/\/www.organisator.ch\/#\/schema\/logo\/image\/","url":"https:\/\/www.organisator.ch\/wp-content\/uploads\/2022\/01\/Logo_Organisator_Website.png","contentUrl":"https:\/\/www.organisator.ch\/wp-content\/uploads\/2022\/01\/Logo_Organisator_Website.png","width":800,"height":77,"caption":"Organisator"},"image":{"@id":"https:\/\/www.organisator.ch\/#\/schema\/logo\/image\/"},"sameAs":["https:\/\/www.facebook.com\/OrganisatorFachmagazin","https:\/\/www.linkedin.com\/showcase\/organisator-das-magazin-fr-kmu","https:\/\/www.xing.com\/news\/pages\/organisator-ch-695","https:\/\/www.youtube.com\/channel\/UCGP2Sq0iWaZwT3BdIAQFYpw"]},{"@type":"Person","@id":"https:\/\/www.organisator.ch\/#\/schema\/person\/6f650f90b2842cd4c0cc334b4e36f67e","name":"thomas.berner","image":{"@type":"ImageObject","inLanguage":"de","@id":"https:\/\/secure.gravatar.com\/avatar\/ac5001d2a36cb6c6cd3e50789007ffca834b477b74a2144564522e944eabff61?s=96&d=mm&r=g","url":"https:\/\/secure.gravatar.com\/avatar\/ac5001d2a36cb6c6cd3e50789007ffca834b477b74a2144564522e944eabff61?s=96&d=mm&r=g","contentUrl":"https:\/\/secure.gravatar.com\/avatar\/ac5001d2a36cb6c6cd3e50789007ffca834b477b74a2144564522e944eabff61?s=96&d=mm&r=g","caption":"thomas.berner"},"url":"https:\/\/www.organisator.ch\/de\/author\/thomas-berner\/"}]}},"_links":{"self":[{"href":"https:\/\/www.organisator.ch\/de\/wp-json\/wp\/v2\/posts\/21557","targetHints":{"allow":["GET"]}}],"collection":[{"href":"https:\/\/www.organisator.ch\/de\/wp-json\/wp\/v2\/posts"}],"about":[{"href":"https:\/\/www.organisator.ch\/de\/wp-json\/wp\/v2\/types\/post"}],"author":[{"embeddable":true,"href":"https:\/\/www.organisator.ch\/de\/wp-json\/wp\/v2\/users\/4"}],"replies":[{"embeddable":true,"href":"https:\/\/www.organisator.ch\/de\/wp-json\/wp\/v2\/comments?post=21557"}],"version-history":[{"count":1,"href":"https:\/\/www.organisator.ch\/de\/wp-json\/wp\/v2\/posts\/21557\/revisions"}],"predecessor-version":[{"id":21559,"href":"https:\/\/www.organisator.ch\/de\/wp-json\/wp\/v2\/posts\/21557\/revisions\/21559"}],"wp:featuredmedia":[{"embeddable":true,"href":"https:\/\/www.organisator.ch\/de\/wp-json\/wp\/v2\/media\/21558"}],"wp:attachment":[{"href":"https:\/\/www.organisator.ch\/de\/wp-json\/wp\/v2\/media?parent=21557"}],"wp:term":[{"taxonomy":"category","embeddable":true,"href":"https:\/\/www.organisator.ch\/de\/wp-json\/wp\/v2\/categories?post=21557"},{"taxonomy":"post_tag","embeddable":true,"href":"https:\/\/www.organisator.ch\/de\/wp-json\/wp\/v2\/tags?post=21557"}],"curies":[{"name":"wp","href":"https:\/\/api.w.org\/{rel}","templated":true}]}}