{"id":21695,"date":"2023-09-13T11:04:52","date_gmt":"2023-09-13T09:04:52","guid":{"rendered":"https:\/\/www.organisator.ch\/?p=21695"},"modified":"2023-09-13T11:04:52","modified_gmt":"2023-09-13T09:04:52","slug":"ghosting-statt-stellenantritt-mitarbeiterintegration-als-risiko","status":"publish","type":"post","link":"https:\/\/www.organisator.ch\/de\/human-resources\/2023-09-13\/ghosting-statt-stellenantritt-mitarbeiterintegration-als-risiko\/","title":{"rendered":"Ghosting statt Stellenantritt: Mitarbeiterintegration als Risiko"},"content":{"rendered":"<figure id=\"attachment_21697\" aria-describedby=\"caption-attachment-21697\" style=\"width: 680px\" class=\"wp-caption alignnone\"><img loading=\"lazy\" decoding=\"async\" class=\"size-full wp-image-21697\" src=\"https:\/\/www.organisator.ch\/wp-content\/uploads\/2023\/09\/Ghosting-statt-Stellenantritt-Mitarbeiterintegration-als-Risiko_Orgaisator.jpg\" alt=\"\" width=\"680\" height=\"680\" srcset=\"https:\/\/www.organisator.ch\/wp-content\/uploads\/2023\/09\/Ghosting-statt-Stellenantritt-Mitarbeiterintegration-als-Risiko_Orgaisator.jpg 680w, https:\/\/www.organisator.ch\/wp-content\/uploads\/2023\/09\/Ghosting-statt-Stellenantritt-Mitarbeiterintegration-als-Risiko_Orgaisator-150x150.jpg 150w, https:\/\/www.organisator.ch\/wp-content\/uploads\/2023\/09\/Ghosting-statt-Stellenantritt-Mitarbeiterintegration-als-Risiko_Orgaisator-12x12.jpg 12w, https:\/\/www.organisator.ch\/wp-content\/uploads\/2023\/09\/Ghosting-statt-Stellenantritt-Mitarbeiterintegration-als-Risiko_Orgaisator-300x300.jpg 300w, https:\/\/www.organisator.ch\/wp-content\/uploads\/2023\/09\/Ghosting-statt-Stellenantritt-Mitarbeiterintegration-als-Risiko_Orgaisator-350x350.jpg 350w, https:\/\/www.organisator.ch\/wp-content\/uploads\/2023\/09\/Ghosting-statt-Stellenantritt-Mitarbeiterintegration-als-Risiko_Orgaisator-250x250.jpg 250w\" sizes=\"auto, (max-width: 680px) 100vw, 680px\" \/><figcaption id=\"caption-attachment-21697\" class=\"wp-caption-text\">Eine neue Studie weist eine Zunahme des Ghosting-Ph\u00e4nomens in der Arbeitswelt nach. (Grafik: Softgarden)<\/figcaption><\/figure>\n<p>Mit der Unterschrift unter dem Arbeitsvertrag ist aktuell l\u00e4ngst nicht abgeschlossen: Gem\u00e4ss einer Studie von Softgarden hat jede\/-r zehnte Arbeitsuchende einen Arbeitsvertrag unterschrieben, dann aber die Stelle nicht angetreten. Hinzu kommen auch die 21,0% Angestellte, die innert 100 Tagen wieder gek\u00fcndigt haben. Softgarden hat nun mit ihrer \u00abCandidate Experience 2023\u00bb Studie belegt, dass sich dieser Anteil verdoppelt hat. Befragt wurden 3.811 Bewerbende. Softgarden ist ein nach eigener Darstellung f\u00fchrendes Unternehmen im Bereich HR-Technologie in Europa und wurde im Fosway 9-Grid\u2122-Recruiting Report 2022 und 2023 als einer der Top-Anbieter von Talent Acquisition Suites in Europa anerkannt.<\/p>\n<p>Die \u00abCandidate Experience\u00bb Studie wurde in zwei Teilen ver\u00f6ffentlicht. Der erste Teil erschien im Juni 2023 mit dem Thema: Jobsuche, Eigenmedien der Arbeitgeber und Bewerbunsgprozess. Im zweiten Teil stehen neben der Onboardingphase die Emotionen in der Bewerbung und das Jobinterview im Fokus.<\/p>\n<h3>Ghosting am Arbeitsplatz<\/h3>\n<p>Das \u00abGhosting\u00bb-Ph\u00e4nomen h\u00f6rt man immer h\u00e4ufiger, wenn Bewerbende oder Arbeitsuchende den Vertrag zwar unterschreiben, dann aber nicht arbeiten kommen (4,2%). So eine Situation f\u00fchrt zu einem strukturellen Problem in dem Unternehmen resp. beim Arbeitgeber. Neu muss jetzt der Arbeitgeber die Arbeitsuchenden \u00fcberzeugen und nicht umgekehrt. Die Integration der neuen Angestellten wird schnell zur Herausforderung. 6,0% der Befragten haben den unterschriebenen Arbeitsvertrag vor Antritt der Stelle schon einmal gek\u00fcndigt. \u00abEin besseres Jobangebot\u00bb war mit 41,3% der wichtigste Grund f\u00fcr die K\u00fcndigung.<\/p>\n<h3><strong>Den Job schon mal w\u00e4hrend der ersten 100 Tage gek\u00fcndigt? <\/strong><\/h3>\n<p>Diese Frage haben die Befragten 2018 mit 11,6% mit \u00abJa\u00bb geantwortet und 2023 hat man eine beunruhigende Entwicklung festgestellt: Denn 2023 haben die Befragten auf dieselbe Frage zu 21,0% mit \u00abJa\u00bb geantwortet. Die ersten Monate hat Softgarden als \u00abProbezeit f\u00fcr Arbeitgeber\u00bb bezeichnet. 15,7% standen schon einmal kurz davor, den neuen Job zu k\u00fcndigen. Das Problem ist die Onboarding Phase. Bei Menschen mit einfachem Schulabschluss (Haupt- oder Realschule) ist der Anteil derjenigen, die schon einmal w\u00e4hrend der ersten 100 Tage den Job gek\u00fcndigt haben, mit 30,8% \u00fcbrigens wesentlich h\u00f6her als bei Akademikern. Hier betr\u00e4gt er 16,8%.<\/p>\n<h3><strong>Was sind die Gr\u00fcnde f\u00fcr den fr\u00fchen Jobabbruch? <\/strong><\/h3>\n<p>Die Mehrheit hat zu dem Thema drei Faktoren genannt:<\/p>\n<ol>\n<li>Der Unterschied zwischen Bewerbungsphase Versprechungen und Job Realit\u00e4t (70,5%)<\/li>\n<li>Unf\u00e4hige F\u00fchrungskr\u00e4fte (71,3% bei Frauen) und (63,2% M\u00e4nner)<\/li>\n<li>Fehlender Plan bei der Einarbeitung (60,3% bei Frauen) und (54,0% M\u00e4nner)<\/li>\n<\/ol>\n<p>Der Kiril Mankovski, Gesch\u00e4ftsf\u00fchrern von Softgarden, ist aufgrund der Studienergebnisse der Meinung, dass das Onboarding verbessert werden muss und dass die Arbeitgeber strukturierter die Mitarbeitenden in der gesamten Integrationsphase unterst\u00fctzen.<\/p>\n<p><em>Quelle: <a href=\"http:\/\/www.softgarden.com\">Softgarden<\/a>. Informationen zur Studie: <a href=\"https:\/\/hr-praesenz.epaper.mt\/?nltr=MTczOzI4O2h0dHBzOi8vc29mdGdhcmRlbi5jb20vZGUvc3R1ZGllLzs7ZmMwNDkyMmRiN2UxNmZkZWFiZGVjNDhkZjQzYjAzMGM%3D\">softgarden.com\/de\/studie\/<\/a><\/em><\/p>\n","protected":false},"excerpt":{"rendered":"<p>Das Ph\u00e4nomen \u00abGhosting\u00bb erfasst auch die Arbeitswelt: F\u00e4lle von Mitarbeitenden, die trotz unterzeichnetem Arbeitsvertrag die Stelle nicht antreten, nehmen zu. Fazit einer Studie: Die ersten Monate im neuen Job werden mehr und mehr zur \u00abProbezeit f\u00fcr Arbeitgeber\u00bb.<\/p>\n","protected":false},"author":4,"featured_media":21697,"comment_status":"closed","ping_status":"closed","sticky":false,"template":"","format":"standard","meta":{"_acf_changed":false,"_yoast_wpseo_focuskw":"Ghosting","_yoast_wpseo_metadesc":"\u00abGhosting\u00bb erfasst die Arbeitswelt: F\u00e4lle von Mitarbeitenden, die trotz unterzeichnetem Vertrag die Stelle nicht antreten, nehmen zu.","articlekey":"","footnotes":""},"categories":[579],"tags":[254,407,459],"class_list":["post-21695","post","type-post","status-publish","format-standard","has-post-thumbnail","hentry","category-human-resources","tag-hrm","tag-recruiting","tag-studie"],"acf":[],"yoast_head":"<!-- This site is optimized with the Yoast SEO plugin v27.5 - https:\/\/yoast.com\/product\/yoast-seo-wordpress\/ -->\n<title>Ghosting statt Stellenantritt: Mitarbeiterintegration als Risiko - Organisator<\/title>\n<meta name=\"description\" content=\"\u00abGhosting\u00bb erfasst die Arbeitswelt: F\u00e4lle von Mitarbeitenden, die trotz unterzeichnetem Vertrag die Stelle nicht antreten, nehmen zu.\" \/>\n<meta name=\"robots\" content=\"index, follow, max-snippet:-1, max-image-preview:large, max-video-preview:-1\" \/>\n<link rel=\"canonical\" href=\"https:\/\/www.organisator.ch\/de\/human-resources\/2023-09-13\/ghosting-statt-stellenantritt-mitarbeiterintegration-als-risiko\/\" \/>\n<meta property=\"og:locale\" content=\"de_DE\" \/>\n<meta property=\"og:type\" content=\"article\" \/>\n<meta property=\"og:title\" content=\"Ghosting statt Stellenantritt: Mitarbeiterintegration als Risiko\" \/>\n<meta property=\"og:description\" content=\"\u00abGhosting\u00bb erfasst die Arbeitswelt: F\u00e4lle von Mitarbeitenden, die trotz unterzeichnetem Vertrag die Stelle nicht antreten, nehmen zu.\" \/>\n<meta property=\"og:url\" content=\"https:\/\/www.organisator.ch\/de\/human-resources\/2023-09-13\/ghosting-statt-stellenantritt-mitarbeiterintegration-als-risiko\/\" \/>\n<meta property=\"og:site_name\" content=\"Organisator\" \/>\n<meta property=\"article:publisher\" content=\"https:\/\/www.facebook.com\/OrganisatorFachmagazin\" \/>\n<meta property=\"article:published_time\" content=\"2023-09-13T09:04:52+00:00\" \/>\n<meta property=\"og:image\" content=\"https:\/\/www.organisator.ch\/wp-content\/uploads\/2023\/09\/Ghosting-statt-Stellenantritt-Mitarbeiterintegration-als-Risiko_Orgaisator.jpg\" \/>\n\t<meta property=\"og:image:width\" content=\"680\" \/>\n\t<meta property=\"og:image:height\" content=\"680\" \/>\n\t<meta property=\"og:image:type\" content=\"image\/jpeg\" \/>\n<meta name=\"author\" content=\"thomas.berner\" \/>\n<meta name=\"twitter:card\" content=\"summary_large_image\" \/>\n<meta name=\"twitter:title\" content=\"#Ghosting statt #Stellenantritt: #Mitarbeiterintegration als Risiko\" \/>\n<meta name=\"twitter:description\" content=\"\u00ab#Ghosting\u00bb erfasst die #Arbeitswelt: F\u00e4lle von Mitarbeitenden, die trotz unterzeichnetem Vertrag die Stelle nicht antreten, nehmen zu.\" \/>\n<meta name=\"twitter:image\" content=\"https:\/\/www.organisator.ch\/wp-content\/uploads\/2023\/09\/Ghosting-statt-Stellenantritt-Mitarbeiterintegration-als-Risiko_Orgaisator.jpg\" \/>\n<script type=\"application\/ld+json\" class=\"yoast-schema-graph\">{\"@context\":\"https:\\\/\\\/schema.org\",\"@graph\":[{\"@type\":\"Article\",\"@id\":\"https:\\\/\\\/www.organisator.ch\\\/human-resources\\\/2023-09-13\\\/ghosting-statt-stellenantritt-mitarbeiterintegration-als-risiko\\\/#article\",\"isPartOf\":{\"@id\":\"https:\\\/\\\/www.organisator.ch\\\/human-resources\\\/2023-09-13\\\/ghosting-statt-stellenantritt-mitarbeiterintegration-als-risiko\\\/\"},\"author\":{\"name\":\"thomas.berner\",\"@id\":\"https:\\\/\\\/www.organisator.ch\\\/#\\\/schema\\\/person\\\/6f650f90b2842cd4c0cc334b4e36f67e\"},\"headline\":\"Ghosting statt Stellenantritt: Mitarbeiterintegration als Risiko\",\"datePublished\":\"2023-09-13T09:04:52+00:00\",\"mainEntityOfPage\":{\"@id\":\"https:\\\/\\\/www.organisator.ch\\\/human-resources\\\/2023-09-13\\\/ghosting-statt-stellenantritt-mitarbeiterintegration-als-risiko\\\/\"},\"wordCount\":447,\"publisher\":{\"@id\":\"https:\\\/\\\/www.organisator.ch\\\/#organization\"},\"image\":{\"@id\":\"https:\\\/\\\/www.organisator.ch\\\/human-resources\\\/2023-09-13\\\/ghosting-statt-stellenantritt-mitarbeiterintegration-als-risiko\\\/#primaryimage\"},\"thumbnailUrl\":\"https:\\\/\\\/www.organisator.ch\\\/wp-content\\\/uploads\\\/2023\\\/09\\\/Ghosting-statt-Stellenantritt-Mitarbeiterintegration-als-Risiko_Orgaisator.jpg\",\"keywords\":[\"HRM\",\"Recruiting\",\"Studie\"],\"articleSection\":[\"HUMAN RESOURCES\"],\"inLanguage\":\"de\"},{\"@type\":\"WebPage\",\"@id\":\"https:\\\/\\\/www.organisator.ch\\\/human-resources\\\/2023-09-13\\\/ghosting-statt-stellenantritt-mitarbeiterintegration-als-risiko\\\/\",\"url\":\"https:\\\/\\\/www.organisator.ch\\\/human-resources\\\/2023-09-13\\\/ghosting-statt-stellenantritt-mitarbeiterintegration-als-risiko\\\/\",\"name\":\"Ghosting statt Stellenantritt: Mitarbeiterintegration als Risiko - Organisator\",\"isPartOf\":{\"@id\":\"https:\\\/\\\/www.organisator.ch\\\/#website\"},\"primaryImageOfPage\":{\"@id\":\"https:\\\/\\\/www.organisator.ch\\\/human-resources\\\/2023-09-13\\\/ghosting-statt-stellenantritt-mitarbeiterintegration-als-risiko\\\/#primaryimage\"},\"image\":{\"@id\":\"https:\\\/\\\/www.organisator.ch\\\/human-resources\\\/2023-09-13\\\/ghosting-statt-stellenantritt-mitarbeiterintegration-als-risiko\\\/#primaryimage\"},\"thumbnailUrl\":\"https:\\\/\\\/www.organisator.ch\\\/wp-content\\\/uploads\\\/2023\\\/09\\\/Ghosting-statt-Stellenantritt-Mitarbeiterintegration-als-Risiko_Orgaisator.jpg\",\"datePublished\":\"2023-09-13T09:04:52+00:00\",\"description\":\"\u00abGhosting\u00bb erfasst die Arbeitswelt: F\u00e4lle von Mitarbeitenden, die trotz unterzeichnetem Vertrag die Stelle nicht antreten, nehmen zu.\",\"breadcrumb\":{\"@id\":\"https:\\\/\\\/www.organisator.ch\\\/human-resources\\\/2023-09-13\\\/ghosting-statt-stellenantritt-mitarbeiterintegration-als-risiko\\\/#breadcrumb\"},\"inLanguage\":\"de\",\"potentialAction\":[{\"@type\":\"ReadAction\",\"target\":[\"https:\\\/\\\/www.organisator.ch\\\/human-resources\\\/2023-09-13\\\/ghosting-statt-stellenantritt-mitarbeiterintegration-als-risiko\\\/\"]}]},{\"@type\":\"ImageObject\",\"inLanguage\":\"de\",\"@id\":\"https:\\\/\\\/www.organisator.ch\\\/human-resources\\\/2023-09-13\\\/ghosting-statt-stellenantritt-mitarbeiterintegration-als-risiko\\\/#primaryimage\",\"url\":\"https:\\\/\\\/www.organisator.ch\\\/wp-content\\\/uploads\\\/2023\\\/09\\\/Ghosting-statt-Stellenantritt-Mitarbeiterintegration-als-Risiko_Orgaisator.jpg\",\"contentUrl\":\"https:\\\/\\\/www.organisator.ch\\\/wp-content\\\/uploads\\\/2023\\\/09\\\/Ghosting-statt-Stellenantritt-Mitarbeiterintegration-als-Risiko_Orgaisator.jpg\",\"width\":680,\"height\":680,\"caption\":\"Eine neue Studie weist eine Zunahme des Ghosting-Ph\u00e4nomens in der Arbeitswelt nach. (Grafik: Softgarden)\"},{\"@type\":\"BreadcrumbList\",\"@id\":\"https:\\\/\\\/www.organisator.ch\\\/human-resources\\\/2023-09-13\\\/ghosting-statt-stellenantritt-mitarbeiterintegration-als-risiko\\\/#breadcrumb\",\"itemListElement\":[{\"@type\":\"ListItem\",\"position\":1,\"name\":\"Home\",\"item\":\"https:\\\/\\\/www.organisator.ch\\\/\"},{\"@type\":\"ListItem\",\"position\":2,\"name\":\"Ghosting statt Stellenantritt: Mitarbeiterintegration als Risiko\"}]},{\"@type\":\"WebSite\",\"@id\":\"https:\\\/\\\/www.organisator.ch\\\/#website\",\"url\":\"https:\\\/\\\/www.organisator.ch\\\/\",\"name\":\"Organisator\",\"description\":\"Kompetent. Praxisnah. Der ORGANISATOR bereitet in 10 Ausgaben pro Jahr die wesentlichen Themen f\u00fcr F\u00fchrungskr\u00e4fte von KMU auf.\",\"publisher\":{\"@id\":\"https:\\\/\\\/www.organisator.ch\\\/#organization\"},\"potentialAction\":[{\"@type\":\"SearchAction\",\"target\":{\"@type\":\"EntryPoint\",\"urlTemplate\":\"https:\\\/\\\/www.organisator.ch\\\/?s={search_term_string}\"},\"query-input\":{\"@type\":\"PropertyValueSpecification\",\"valueRequired\":true,\"valueName\":\"search_term_string\"}}],\"inLanguage\":\"de\"},{\"@type\":\"Organization\",\"@id\":\"https:\\\/\\\/www.organisator.ch\\\/#organization\",\"name\":\"Organisator\",\"url\":\"https:\\\/\\\/www.organisator.ch\\\/\",\"logo\":{\"@type\":\"ImageObject\",\"inLanguage\":\"de\",\"@id\":\"https:\\\/\\\/www.organisator.ch\\\/#\\\/schema\\\/logo\\\/image\\\/\",\"url\":\"https:\\\/\\\/www.organisator.ch\\\/wp-content\\\/uploads\\\/2022\\\/01\\\/Logo_Organisator_Website.png\",\"contentUrl\":\"https:\\\/\\\/www.organisator.ch\\\/wp-content\\\/uploads\\\/2022\\\/01\\\/Logo_Organisator_Website.png\",\"width\":800,\"height\":77,\"caption\":\"Organisator\"},\"image\":{\"@id\":\"https:\\\/\\\/www.organisator.ch\\\/#\\\/schema\\\/logo\\\/image\\\/\"},\"sameAs\":[\"https:\\\/\\\/www.facebook.com\\\/OrganisatorFachmagazin\",\"https:\\\/\\\/www.linkedin.com\\\/showcase\\\/organisator-das-magazin-fr-kmu\",\"https:\\\/\\\/www.xing.com\\\/news\\\/pages\\\/organisator-ch-695\",\"https:\\\/\\\/www.youtube.com\\\/channel\\\/UCGP2Sq0iWaZwT3BdIAQFYpw\"]},{\"@type\":\"Person\",\"@id\":\"https:\\\/\\\/www.organisator.ch\\\/#\\\/schema\\\/person\\\/6f650f90b2842cd4c0cc334b4e36f67e\",\"name\":\"thomas.berner\",\"image\":{\"@type\":\"ImageObject\",\"inLanguage\":\"de\",\"@id\":\"https:\\\/\\\/secure.gravatar.com\\\/avatar\\\/ac5001d2a36cb6c6cd3e50789007ffca834b477b74a2144564522e944eabff61?s=96&d=mm&r=g\",\"url\":\"https:\\\/\\\/secure.gravatar.com\\\/avatar\\\/ac5001d2a36cb6c6cd3e50789007ffca834b477b74a2144564522e944eabff61?s=96&d=mm&r=g\",\"contentUrl\":\"https:\\\/\\\/secure.gravatar.com\\\/avatar\\\/ac5001d2a36cb6c6cd3e50789007ffca834b477b74a2144564522e944eabff61?s=96&d=mm&r=g\",\"caption\":\"thomas.berner\"},\"url\":\"https:\\\/\\\/www.organisator.ch\\\/de\\\/author\\\/thomas-berner\\\/\"}]}<\/script>\n<!-- \/ Yoast SEO plugin. -->","yoast_head_json":{"title":"Ghosting statt Stellenantritt: Mitarbeiterintegration als Risiko - Organisator","description":"\u00abGhosting\u00bb erfasst die Arbeitswelt: F\u00e4lle von Mitarbeitenden, die trotz unterzeichnetem Vertrag die Stelle nicht antreten, nehmen zu.","robots":{"index":"index","follow":"follow","max-snippet":"max-snippet:-1","max-image-preview":"max-image-preview:large","max-video-preview":"max-video-preview:-1"},"canonical":"https:\/\/www.organisator.ch\/de\/human-resources\/2023-09-13\/ghosting-statt-stellenantritt-mitarbeiterintegration-als-risiko\/","og_locale":"de_DE","og_type":"article","og_title":"Ghosting statt Stellenantritt: Mitarbeiterintegration als Risiko","og_description":"\u00abGhosting\u00bb erfasst die Arbeitswelt: F\u00e4lle von Mitarbeitenden, die trotz unterzeichnetem Vertrag die Stelle nicht antreten, nehmen zu.","og_url":"https:\/\/www.organisator.ch\/de\/human-resources\/2023-09-13\/ghosting-statt-stellenantritt-mitarbeiterintegration-als-risiko\/","og_site_name":"Organisator","article_publisher":"https:\/\/www.facebook.com\/OrganisatorFachmagazin","article_published_time":"2023-09-13T09:04:52+00:00","og_image":[{"width":680,"height":680,"url":"https:\/\/www.organisator.ch\/wp-content\/uploads\/2023\/09\/Ghosting-statt-Stellenantritt-Mitarbeiterintegration-als-Risiko_Orgaisator.jpg","type":"image\/jpeg"}],"author":"thomas.berner","twitter_card":"summary_large_image","twitter_title":"#Ghosting statt #Stellenantritt: #Mitarbeiterintegration als Risiko","twitter_description":"\u00ab#Ghosting\u00bb erfasst die #Arbeitswelt: F\u00e4lle von Mitarbeitenden, die trotz unterzeichnetem Vertrag die Stelle nicht antreten, nehmen zu.","twitter_image":"https:\/\/www.organisator.ch\/wp-content\/uploads\/2023\/09\/Ghosting-statt-Stellenantritt-Mitarbeiterintegration-als-Risiko_Orgaisator.jpg","schema":{"@context":"https:\/\/schema.org","@graph":[{"@type":"Article","@id":"https:\/\/www.organisator.ch\/human-resources\/2023-09-13\/ghosting-statt-stellenantritt-mitarbeiterintegration-als-risiko\/#article","isPartOf":{"@id":"https:\/\/www.organisator.ch\/human-resources\/2023-09-13\/ghosting-statt-stellenantritt-mitarbeiterintegration-als-risiko\/"},"author":{"name":"thomas.berner","@id":"https:\/\/www.organisator.ch\/#\/schema\/person\/6f650f90b2842cd4c0cc334b4e36f67e"},"headline":"Ghosting statt Stellenantritt: Mitarbeiterintegration als Risiko","datePublished":"2023-09-13T09:04:52+00:00","mainEntityOfPage":{"@id":"https:\/\/www.organisator.ch\/human-resources\/2023-09-13\/ghosting-statt-stellenantritt-mitarbeiterintegration-als-risiko\/"},"wordCount":447,"publisher":{"@id":"https:\/\/www.organisator.ch\/#organization"},"image":{"@id":"https:\/\/www.organisator.ch\/human-resources\/2023-09-13\/ghosting-statt-stellenantritt-mitarbeiterintegration-als-risiko\/#primaryimage"},"thumbnailUrl":"https:\/\/www.organisator.ch\/wp-content\/uploads\/2023\/09\/Ghosting-statt-Stellenantritt-Mitarbeiterintegration-als-Risiko_Orgaisator.jpg","keywords":["HRM","Recruiting","Studie"],"articleSection":["HUMAN RESOURCES"],"inLanguage":"de"},{"@type":"WebPage","@id":"https:\/\/www.organisator.ch\/human-resources\/2023-09-13\/ghosting-statt-stellenantritt-mitarbeiterintegration-als-risiko\/","url":"https:\/\/www.organisator.ch\/human-resources\/2023-09-13\/ghosting-statt-stellenantritt-mitarbeiterintegration-als-risiko\/","name":"Ghosting statt Stellenantritt: Mitarbeiterintegration als Risiko - Organisator","isPartOf":{"@id":"https:\/\/www.organisator.ch\/#website"},"primaryImageOfPage":{"@id":"https:\/\/www.organisator.ch\/human-resources\/2023-09-13\/ghosting-statt-stellenantritt-mitarbeiterintegration-als-risiko\/#primaryimage"},"image":{"@id":"https:\/\/www.organisator.ch\/human-resources\/2023-09-13\/ghosting-statt-stellenantritt-mitarbeiterintegration-als-risiko\/#primaryimage"},"thumbnailUrl":"https:\/\/www.organisator.ch\/wp-content\/uploads\/2023\/09\/Ghosting-statt-Stellenantritt-Mitarbeiterintegration-als-Risiko_Orgaisator.jpg","datePublished":"2023-09-13T09:04:52+00:00","description":"\u00abGhosting\u00bb erfasst die Arbeitswelt: F\u00e4lle von Mitarbeitenden, die trotz unterzeichnetem Vertrag die Stelle nicht antreten, nehmen zu.","breadcrumb":{"@id":"https:\/\/www.organisator.ch\/human-resources\/2023-09-13\/ghosting-statt-stellenantritt-mitarbeiterintegration-als-risiko\/#breadcrumb"},"inLanguage":"de","potentialAction":[{"@type":"ReadAction","target":["https:\/\/www.organisator.ch\/human-resources\/2023-09-13\/ghosting-statt-stellenantritt-mitarbeiterintegration-als-risiko\/"]}]},{"@type":"ImageObject","inLanguage":"de","@id":"https:\/\/www.organisator.ch\/human-resources\/2023-09-13\/ghosting-statt-stellenantritt-mitarbeiterintegration-als-risiko\/#primaryimage","url":"https:\/\/www.organisator.ch\/wp-content\/uploads\/2023\/09\/Ghosting-statt-Stellenantritt-Mitarbeiterintegration-als-Risiko_Orgaisator.jpg","contentUrl":"https:\/\/www.organisator.ch\/wp-content\/uploads\/2023\/09\/Ghosting-statt-Stellenantritt-Mitarbeiterintegration-als-Risiko_Orgaisator.jpg","width":680,"height":680,"caption":"Eine neue Studie weist eine Zunahme des Ghosting-Ph\u00e4nomens in der Arbeitswelt nach. (Grafik: Softgarden)"},{"@type":"BreadcrumbList","@id":"https:\/\/www.organisator.ch\/human-resources\/2023-09-13\/ghosting-statt-stellenantritt-mitarbeiterintegration-als-risiko\/#breadcrumb","itemListElement":[{"@type":"ListItem","position":1,"name":"Home","item":"https:\/\/www.organisator.ch\/"},{"@type":"ListItem","position":2,"name":"Ghosting statt Stellenantritt: Mitarbeiterintegration als Risiko"}]},{"@type":"WebSite","@id":"https:\/\/www.organisator.ch\/#website","url":"https:\/\/www.organisator.ch\/","name":"Organisator","description":"Kompetent. Praxisnah. Der ORGANISATOR bereitet in 10 Ausgaben pro Jahr die wesentlichen Themen f\u00fcr F\u00fchrungskr\u00e4fte von KMU auf.","publisher":{"@id":"https:\/\/www.organisator.ch\/#organization"},"potentialAction":[{"@type":"SearchAction","target":{"@type":"EntryPoint","urlTemplate":"https:\/\/www.organisator.ch\/?s={search_term_string}"},"query-input":{"@type":"PropertyValueSpecification","valueRequired":true,"valueName":"search_term_string"}}],"inLanguage":"de"},{"@type":"Organization","@id":"https:\/\/www.organisator.ch\/#organization","name":"Organisator","url":"https:\/\/www.organisator.ch\/","logo":{"@type":"ImageObject","inLanguage":"de","@id":"https:\/\/www.organisator.ch\/#\/schema\/logo\/image\/","url":"https:\/\/www.organisator.ch\/wp-content\/uploads\/2022\/01\/Logo_Organisator_Website.png","contentUrl":"https:\/\/www.organisator.ch\/wp-content\/uploads\/2022\/01\/Logo_Organisator_Website.png","width":800,"height":77,"caption":"Organisator"},"image":{"@id":"https:\/\/www.organisator.ch\/#\/schema\/logo\/image\/"},"sameAs":["https:\/\/www.facebook.com\/OrganisatorFachmagazin","https:\/\/www.linkedin.com\/showcase\/organisator-das-magazin-fr-kmu","https:\/\/www.xing.com\/news\/pages\/organisator-ch-695","https:\/\/www.youtube.com\/channel\/UCGP2Sq0iWaZwT3BdIAQFYpw"]},{"@type":"Person","@id":"https:\/\/www.organisator.ch\/#\/schema\/person\/6f650f90b2842cd4c0cc334b4e36f67e","name":"thomas.berner","image":{"@type":"ImageObject","inLanguage":"de","@id":"https:\/\/secure.gravatar.com\/avatar\/ac5001d2a36cb6c6cd3e50789007ffca834b477b74a2144564522e944eabff61?s=96&d=mm&r=g","url":"https:\/\/secure.gravatar.com\/avatar\/ac5001d2a36cb6c6cd3e50789007ffca834b477b74a2144564522e944eabff61?s=96&d=mm&r=g","contentUrl":"https:\/\/secure.gravatar.com\/avatar\/ac5001d2a36cb6c6cd3e50789007ffca834b477b74a2144564522e944eabff61?s=96&d=mm&r=g","caption":"thomas.berner"},"url":"https:\/\/www.organisator.ch\/de\/author\/thomas-berner\/"}]}},"_links":{"self":[{"href":"https:\/\/www.organisator.ch\/de\/wp-json\/wp\/v2\/posts\/21695","targetHints":{"allow":["GET"]}}],"collection":[{"href":"https:\/\/www.organisator.ch\/de\/wp-json\/wp\/v2\/posts"}],"about":[{"href":"https:\/\/www.organisator.ch\/de\/wp-json\/wp\/v2\/types\/post"}],"author":[{"embeddable":true,"href":"https:\/\/www.organisator.ch\/de\/wp-json\/wp\/v2\/users\/4"}],"replies":[{"embeddable":true,"href":"https:\/\/www.organisator.ch\/de\/wp-json\/wp\/v2\/comments?post=21695"}],"version-history":[{"count":1,"href":"https:\/\/www.organisator.ch\/de\/wp-json\/wp\/v2\/posts\/21695\/revisions"}],"predecessor-version":[{"id":21698,"href":"https:\/\/www.organisator.ch\/de\/wp-json\/wp\/v2\/posts\/21695\/revisions\/21698"}],"wp:featuredmedia":[{"embeddable":true,"href":"https:\/\/www.organisator.ch\/de\/wp-json\/wp\/v2\/media\/21697"}],"wp:attachment":[{"href":"https:\/\/www.organisator.ch\/de\/wp-json\/wp\/v2\/media?parent=21695"}],"wp:term":[{"taxonomy":"category","embeddable":true,"href":"https:\/\/www.organisator.ch\/de\/wp-json\/wp\/v2\/categories?post=21695"},{"taxonomy":"post_tag","embeddable":true,"href":"https:\/\/www.organisator.ch\/de\/wp-json\/wp\/v2\/tags?post=21695"}],"curies":[{"name":"wp","href":"https:\/\/api.w.org\/{rel}","templated":true}]}}