{"id":21725,"date":"2023-09-14T13:09:56","date_gmt":"2023-09-14T11:09:56","guid":{"rendered":"https:\/\/www.werbewoche.ch\/?p=202860"},"modified":"2024-11-14T09:48:38","modified_gmt":"2024-11-14T08:48:38","slug":"neues-markendach-suan-realisiert-redesign-fuer-derendinger","status":"publish","type":"post","link":"https:\/\/www.organisator.ch\/de\/marketing\/2023-09-14\/neues-markendach-suan-realisiert-redesign-fuer-derendinger\/","title":{"rendered":"Neues Markendach: Suan realisiert Redesign f\u00fcr Derendinger"},"content":{"rendered":"<p><img class=\"aligncenter wp-image-202864 size-full\" src=\"https:\/\/www.werbewoche.ch\/wp-content\/uploads\/2023\/09\/Suan-Derendinger-Brandlaunch-2-16x9-1.jpg\" alt=\"Derendinger\" width=\"1200\" height=\"798\" \/><\/p>\r\n<p>Gemeinsam mit der Kundin \u00fcberarbeitete Suan die Markenstrategie und gestaltete die Zielgruppen aus. Auf dieser Basis entstand <a href=\"https:\/\/www.derendinger.ch\/de\/\" rel=\"noopener\">eine komplett neue Marke<\/a>.<\/p>\r\n<p>Mit dem neuen Erscheinungsbild mit knalligen Farben habe Derendinger einen radikalen optischen Schnitt vollzogen, wie es in einer Mitteilung heisst. Die Farbe \u00abLime\u00bb steht \u2013 den Werten der neuen Marke entsprechend \u2013 f\u00fcr Dynamik, Zukunftsorientierung und Engagement.<\/p>\r\n<p>In einer Branche, die traditionell von den Farben rot und blau beherrscht, will sich Derendinger mit der knalligen Farbe von der Konkurrenz abheben. Das farbliche Alleinstellungsmerkmal sorgt f\u00fcr eine schnelle Wiedererkennbarkeit und soll die interne und externe Identifikation mit der neuen Marke st\u00e4rken.<\/p>\r\n<p><a href=\"https:\/\/www.werbewoche.ch\/wp-content\/uploads\/2023\/09\/Suan-Derendinger-Messewand-16x9-1.jpg\"><img class=\"attachment-full size-full\" src=\"https:\/\/www.werbewoche.ch\/wp-content\/uploads\/2023\/09\/Suan-Derendinger-Messewand-16x9-1.jpg\" alt=\"\" width=\"1200\" height=\"675\" \/><\/a> <a href=\"https:\/\/www.werbewoche.ch\/wp-content\/uploads\/2023\/09\/Suan-Derendinger-Fahrzeugflotte-16x9-1.jpg\"><img class=\"attachment-full size-full\" src=\"https:\/\/www.werbewoche.ch\/wp-content\/uploads\/2023\/09\/Suan-Derendinger-Fahrzeugflotte-16x9-1.jpg\" alt=\"\" width=\"1200\" height=\"675\" \/><\/a> <a href=\"https:\/\/www.werbewoche.ch\/wp-content\/uploads\/2023\/09\/Suan-Derendinger-Rebranding-Bildkonzept.jpg\"><img class=\"attachment-full size-full\" src=\"https:\/\/www.werbewoche.ch\/wp-content\/uploads\/2023\/09\/Suan-Derendinger-Rebranding-Bildkonzept.jpg\" alt=\"\" width=\"1200\" height=\"675\" \/><\/a> <a href=\"https:\/\/www.werbewoche.ch\/wp-content\/uploads\/2023\/09\/Suan-Derendinger-Rebranding-Schweiz-Case.jpg\"><img class=\"attachment-full size-full\" src=\"https:\/\/www.werbewoche.ch\/wp-content\/uploads\/2023\/09\/Suan-Derendinger-Rebranding-Schweiz-Case.jpg\" alt=\"\" width=\"1200\" height=\"675\" \/><\/a><\/p>\r\n<p>Der neue dreisprachige Claim \u00abPower f\u00fcr deine Werkstatt\u00bb soll Leistungsorientiertheit und Kompetenz unterstreichen. Die neue Corporate Language soll Sympathie durch Authentizit\u00e4t vermitteln.<\/p>\r\n<p>Die Bildwelt zeigt die Menschen hinter Derendinger nahbar in ihrem Alltag. Die neue Arbeitsbekleidung sorgt f\u00fcr die Lime-Akzente im Bild.<\/p>\r\n<p><img class=\"aligncenter size-full wp-image-202866\" src=\"https:\/\/www.werbewoche.ch\/wp-content\/uploads\/2023\/09\/Suan-Derendinger-Website-16x9-1.jpg\" alt=\"\" width=\"1200\" height=\"675\" \/><\/p>\r\n<p>Von der Image-Brosch\u00fcre bis zum neuen Design der Fahrzeugflotte, vom Briefpapier bis zum Web-Auftritt: Suan begleitete Derendinger auch in der Umsetzung aller Kommunikationsmittel, welche die konsequente Zukunftsorientiertheit und Innovationskraft von Derendinger zum Ausdruck bringen sollen. Der Auftakt des \u00f6ffentlichen Auftrittes war Anfang September an der Messe \u00abSwiss Automotive Show\u00bb in Fribourg.<\/p>\r\n<p><\/p>\r\n<p><a href=\"https:\/\/www.werbewoche.ch\/wp-content\/uploads\/2023\/09\/Suan-Derendinger-Brandlaunch-1-16x9-1.jpg\"><img class=\"attachment-full size-full\" src=\"https:\/\/www.werbewoche.ch\/wp-content\/uploads\/2023\/09\/Suan-Derendinger-Brandlaunch-1-16x9-1.jpg\" alt=\"\" width=\"1200\" height=\"798\" \/><\/a> <a href=\"https:\/\/www.werbewoche.ch\/wp-content\/uploads\/2023\/09\/Suan-Derendinger-SAS-1-16x9-1.jpg\"><img class=\"attachment-full size-full\" src=\"https:\/\/www.werbewoche.ch\/wp-content\/uploads\/2023\/09\/Suan-Derendinger-SAS-1-16x9-1.jpg\" alt=\"\" width=\"1200\" height=\"798\" \/><\/a> <a href=\"https:\/\/www.werbewoche.ch\/wp-content\/uploads\/2023\/09\/Suan-Derendinger-Redesign-Imagebroschuere-1.jpg\"><img class=\"attachment-full size-full\" src=\"https:\/\/www.werbewoche.ch\/wp-content\/uploads\/2023\/09\/Suan-Derendinger-Redesign-Imagebroschuere-1.jpg\" alt=\"\" width=\"1200\" height=\"801\" \/><\/a> <a href=\"https:\/\/www.werbewoche.ch\/wp-content\/uploads\/2023\/09\/Suan-Derendinger-Redesign-Imagebroschuere-2.jpg\"><img class=\"attachment-full size-full\" src=\"https:\/\/www.werbewoche.ch\/wp-content\/uploads\/2023\/09\/Suan-Derendinger-Redesign-Imagebroschuere-2.jpg\" alt=\"\" width=\"1200\" height=\"801\" \/><\/a><\/p>","protected":false},"excerpt":{"rendered":"<p>Die zur Swiss Automotive Group (SAG) geh\u00f6renden Marken Derendinger, Technomag, E. Klaus, Normauto und Matik werden neu unter der Marke \u00abDerendinger\u00bb zusammengef\u00fchrt. F\u00fcr die Umsetzung der neuen Marke zeichnet Suan verantwortlich.<\/p>\n","protected":false},"author":8,"featured_media":0,"comment_status":"closed","ping_status":"closed","sticky":false,"template":"","format":"standard","meta":{"_acf_changed":false,"_yoast_wpseo_focuskw":"Derendinger","_yoast_wpseo_metadesc":"Derendinger: Neues Erscheinungsbild in Lime, dynamisch und zukunftsorientiert. Radikaler optischer Schnitt und Wiedererkennbarkeit.","articlekey":"","footnotes":""},"categories":[29],"tags":[3940,3941],"class_list":["post-21725","post","type-post","status-publish","format-standard","hentry","category-marketing","tag-derendinger","tag-suan"],"acf":[],"yoast_head":"<!-- This site is optimized with the Yoast SEO plugin v27.5 - https:\/\/yoast.com\/product\/yoast-seo-wordpress\/ -->\n<title>Neues Markendach: Suan realisiert Redesign f\u00fcr Derendinger - Organisator<\/title>\n<meta name=\"description\" content=\"Derendinger: Neues Erscheinungsbild in Lime, dynamisch und zukunftsorientiert. Radikaler optischer Schnitt und Wiedererkennbarkeit.\" \/>\n<meta name=\"robots\" content=\"index, follow, max-snippet:-1, max-image-preview:large, max-video-preview:-1\" \/>\n<link rel=\"canonical\" href=\"https:\/\/www.organisator.ch\/de\/marketing\/2023-09-14\/neues-markendach-suan-realisiert-redesign-fuer-derendinger\/\" \/>\n<meta property=\"og:locale\" content=\"de_DE\" \/>\n<meta property=\"og:type\" content=\"article\" \/>\n<meta property=\"og:title\" content=\"Neues Markendach: Suan realisiert Redesign f\u00fcr Derendinger - Organisator\" \/>\n<meta property=\"og:description\" content=\"Derendinger: Neues Erscheinungsbild in Lime, dynamisch und zukunftsorientiert. Radikaler optischer Schnitt und Wiedererkennbarkeit.\" \/>\n<meta property=\"og:url\" content=\"https:\/\/www.organisator.ch\/de\/marketing\/2023-09-14\/neues-markendach-suan-realisiert-redesign-fuer-derendinger\/\" \/>\n<meta property=\"og:site_name\" content=\"Organisator\" \/>\n<meta property=\"article:publisher\" content=\"https:\/\/www.facebook.com\/OrganisatorFachmagazin\" \/>\n<meta property=\"article:published_time\" content=\"2023-09-14T11:09:56+00:00\" \/>\n<meta property=\"article:modified_time\" content=\"2024-11-14T08:48:38+00:00\" \/>\n<meta name=\"author\" content=\"galledia\" \/>\n<meta name=\"twitter:card\" content=\"summary_large_image\" \/>\n<meta name=\"twitter:creator\" content=\"@admin\" \/>\n<script type=\"application\/ld+json\" class=\"yoast-schema-graph\">{\"@context\":\"https:\\\/\\\/schema.org\",\"@graph\":[{\"@type\":\"Article\",\"@id\":\"https:\\\/\\\/www.organisator.ch\\\/marketing\\\/2023-09-14\\\/neues-markendach-suan-realisiert-redesign-fuer-derendinger\\\/#article\",\"isPartOf\":{\"@id\":\"https:\\\/\\\/www.organisator.ch\\\/marketing\\\/2023-09-14\\\/neues-markendach-suan-realisiert-redesign-fuer-derendinger\\\/\"},\"author\":{\"name\":\"galledia\",\"@id\":\"https:\\\/\\\/www.organisator.ch\\\/#\\\/schema\\\/person\\\/4e51799071cd2dd1232ac003643ef5f0\"},\"headline\":\"Neues Markendach: Suan realisiert Redesign f\u00fcr Derendinger\",\"datePublished\":\"2023-09-14T11:09:56+00:00\",\"dateModified\":\"2024-11-14T08:48:38+00:00\",\"mainEntityOfPage\":{\"@id\":\"https:\\\/\\\/www.organisator.ch\\\/marketing\\\/2023-09-14\\\/neues-markendach-suan-realisiert-redesign-fuer-derendinger\\\/\"},\"wordCount\":207,\"publisher\":{\"@id\":\"https:\\\/\\\/www.organisator.ch\\\/#organization\"},\"image\":{\"@id\":\"https:\\\/\\\/www.organisator.ch\\\/marketing\\\/2023-09-14\\\/neues-markendach-suan-realisiert-redesign-fuer-derendinger\\\/#primaryimage\"},\"thumbnailUrl\":\"https:\\\/\\\/www.werbewoche.ch\\\/wp-content\\\/uploads\\\/2023\\\/09\\\/Suan-Derendinger-Brandlaunch-2-16x9-1.jpg\",\"keywords\":[\"Derendinger\",\"Suan\"],\"articleSection\":[\"MARKETING\"],\"inLanguage\":\"de\"},{\"@type\":\"WebPage\",\"@id\":\"https:\\\/\\\/www.organisator.ch\\\/marketing\\\/2023-09-14\\\/neues-markendach-suan-realisiert-redesign-fuer-derendinger\\\/\",\"url\":\"https:\\\/\\\/www.organisator.ch\\\/marketing\\\/2023-09-14\\\/neues-markendach-suan-realisiert-redesign-fuer-derendinger\\\/\",\"name\":\"Neues Markendach: Suan realisiert Redesign f\u00fcr Derendinger - Organisator\",\"isPartOf\":{\"@id\":\"https:\\\/\\\/www.organisator.ch\\\/#website\"},\"primaryImageOfPage\":{\"@id\":\"https:\\\/\\\/www.organisator.ch\\\/marketing\\\/2023-09-14\\\/neues-markendach-suan-realisiert-redesign-fuer-derendinger\\\/#primaryimage\"},\"image\":{\"@id\":\"https:\\\/\\\/www.organisator.ch\\\/marketing\\\/2023-09-14\\\/neues-markendach-suan-realisiert-redesign-fuer-derendinger\\\/#primaryimage\"},\"thumbnailUrl\":\"https:\\\/\\\/www.werbewoche.ch\\\/wp-content\\\/uploads\\\/2023\\\/09\\\/Suan-Derendinger-Brandlaunch-2-16x9-1.jpg\",\"datePublished\":\"2023-09-14T11:09:56+00:00\",\"dateModified\":\"2024-11-14T08:48:38+00:00\",\"description\":\"Derendinger: Neues Erscheinungsbild in Lime, dynamisch und zukunftsorientiert. Radikaler optischer Schnitt und Wiedererkennbarkeit.\",\"breadcrumb\":{\"@id\":\"https:\\\/\\\/www.organisator.ch\\\/marketing\\\/2023-09-14\\\/neues-markendach-suan-realisiert-redesign-fuer-derendinger\\\/#breadcrumb\"},\"inLanguage\":\"de\",\"potentialAction\":[{\"@type\":\"ReadAction\",\"target\":[\"https:\\\/\\\/www.organisator.ch\\\/marketing\\\/2023-09-14\\\/neues-markendach-suan-realisiert-redesign-fuer-derendinger\\\/\"]}]},{\"@type\":\"ImageObject\",\"inLanguage\":\"de\",\"@id\":\"https:\\\/\\\/www.organisator.ch\\\/marketing\\\/2023-09-14\\\/neues-markendach-suan-realisiert-redesign-fuer-derendinger\\\/#primaryimage\",\"url\":\"https:\\\/\\\/www.werbewoche.ch\\\/wp-content\\\/uploads\\\/2023\\\/09\\\/Suan-Derendinger-Brandlaunch-2-16x9-1.jpg\",\"contentUrl\":\"https:\\\/\\\/www.werbewoche.ch\\\/wp-content\\\/uploads\\\/2023\\\/09\\\/Suan-Derendinger-Brandlaunch-2-16x9-1.jpg\"},{\"@type\":\"BreadcrumbList\",\"@id\":\"https:\\\/\\\/www.organisator.ch\\\/marketing\\\/2023-09-14\\\/neues-markendach-suan-realisiert-redesign-fuer-derendinger\\\/#breadcrumb\",\"itemListElement\":[{\"@type\":\"ListItem\",\"position\":1,\"name\":\"Home\",\"item\":\"https:\\\/\\\/www.organisator.ch\\\/\"},{\"@type\":\"ListItem\",\"position\":2,\"name\":\"Neues Markendach: Suan realisiert Redesign f\u00fcr Derendinger\"}]},{\"@type\":\"WebSite\",\"@id\":\"https:\\\/\\\/www.organisator.ch\\\/#website\",\"url\":\"https:\\\/\\\/www.organisator.ch\\\/\",\"name\":\"Organisator\",\"description\":\"Kompetent. Praxisnah. Der ORGANISATOR bereitet in 10 Ausgaben pro Jahr die wesentlichen Themen f\u00fcr F\u00fchrungskr\u00e4fte von KMU auf.\",\"publisher\":{\"@id\":\"https:\\\/\\\/www.organisator.ch\\\/#organization\"},\"potentialAction\":[{\"@type\":\"SearchAction\",\"target\":{\"@type\":\"EntryPoint\",\"urlTemplate\":\"https:\\\/\\\/www.organisator.ch\\\/?s={search_term_string}\"},\"query-input\":{\"@type\":\"PropertyValueSpecification\",\"valueRequired\":true,\"valueName\":\"search_term_string\"}}],\"inLanguage\":\"de\"},{\"@type\":\"Organization\",\"@id\":\"https:\\\/\\\/www.organisator.ch\\\/#organization\",\"name\":\"Organisator\",\"url\":\"https:\\\/\\\/www.organisator.ch\\\/\",\"logo\":{\"@type\":\"ImageObject\",\"inLanguage\":\"de\",\"@id\":\"https:\\\/\\\/www.organisator.ch\\\/#\\\/schema\\\/logo\\\/image\\\/\",\"url\":\"https:\\\/\\\/www.organisator.ch\\\/wp-content\\\/uploads\\\/2022\\\/01\\\/Logo_Organisator_Website.png\",\"contentUrl\":\"https:\\\/\\\/www.organisator.ch\\\/wp-content\\\/uploads\\\/2022\\\/01\\\/Logo_Organisator_Website.png\",\"width\":800,\"height\":77,\"caption\":\"Organisator\"},\"image\":{\"@id\":\"https:\\\/\\\/www.organisator.ch\\\/#\\\/schema\\\/logo\\\/image\\\/\"},\"sameAs\":[\"https:\\\/\\\/www.facebook.com\\\/OrganisatorFachmagazin\",\"https:\\\/\\\/www.linkedin.com\\\/showcase\\\/organisator-das-magazin-fr-kmu\",\"https:\\\/\\\/www.xing.com\\\/news\\\/pages\\\/organisator-ch-695\",\"https:\\\/\\\/www.youtube.com\\\/channel\\\/UCGP2Sq0iWaZwT3BdIAQFYpw\"]},{\"@type\":\"Person\",\"@id\":\"https:\\\/\\\/www.organisator.ch\\\/#\\\/schema\\\/person\\\/4e51799071cd2dd1232ac003643ef5f0\",\"name\":\"galledia\",\"image\":{\"@type\":\"ImageObject\",\"inLanguage\":\"de\",\"@id\":\"https:\\\/\\\/secure.gravatar.com\\\/avatar\\\/78a7f90c01fc2bfc875782a0d4922b37cde2cf184ce347b91316d23cd7f69a36?s=96&d=mm&r=g\",\"url\":\"https:\\\/\\\/secure.gravatar.com\\\/avatar\\\/78a7f90c01fc2bfc875782a0d4922b37cde2cf184ce347b91316d23cd7f69a36?s=96&d=mm&r=g\",\"contentUrl\":\"https:\\\/\\\/secure.gravatar.com\\\/avatar\\\/78a7f90c01fc2bfc875782a0d4922b37cde2cf184ce347b91316d23cd7f69a36?s=96&d=mm&r=g\",\"caption\":\"galledia\"},\"sameAs\":[\"https:\\\/\\\/x.com\\\/admin\"],\"url\":\"https:\\\/\\\/www.organisator.ch\\\/de\\\/author\\\/galledia\\\/\"}]}<\/script>\n<!-- \/ Yoast SEO plugin. -->","yoast_head_json":{"title":"Neues Markendach: Suan realisiert Redesign f\u00fcr Derendinger - Organisator","description":"Derendinger: Neues Erscheinungsbild in Lime, dynamisch und zukunftsorientiert. Radikaler optischer Schnitt und Wiedererkennbarkeit.","robots":{"index":"index","follow":"follow","max-snippet":"max-snippet:-1","max-image-preview":"max-image-preview:large","max-video-preview":"max-video-preview:-1"},"canonical":"https:\/\/www.organisator.ch\/de\/marketing\/2023-09-14\/neues-markendach-suan-realisiert-redesign-fuer-derendinger\/","og_locale":"de_DE","og_type":"article","og_title":"Neues Markendach: Suan realisiert Redesign f\u00fcr Derendinger - Organisator","og_description":"Derendinger: Neues Erscheinungsbild in Lime, dynamisch und zukunftsorientiert. Radikaler optischer Schnitt und Wiedererkennbarkeit.","og_url":"https:\/\/www.organisator.ch\/de\/marketing\/2023-09-14\/neues-markendach-suan-realisiert-redesign-fuer-derendinger\/","og_site_name":"Organisator","article_publisher":"https:\/\/www.facebook.com\/OrganisatorFachmagazin","article_published_time":"2023-09-14T11:09:56+00:00","article_modified_time":"2024-11-14T08:48:38+00:00","author":"galledia","twitter_card":"summary_large_image","twitter_creator":"@admin","schema":{"@context":"https:\/\/schema.org","@graph":[{"@type":"Article","@id":"https:\/\/www.organisator.ch\/marketing\/2023-09-14\/neues-markendach-suan-realisiert-redesign-fuer-derendinger\/#article","isPartOf":{"@id":"https:\/\/www.organisator.ch\/marketing\/2023-09-14\/neues-markendach-suan-realisiert-redesign-fuer-derendinger\/"},"author":{"name":"galledia","@id":"https:\/\/www.organisator.ch\/#\/schema\/person\/4e51799071cd2dd1232ac003643ef5f0"},"headline":"Neues Markendach: Suan realisiert Redesign f\u00fcr Derendinger","datePublished":"2023-09-14T11:09:56+00:00","dateModified":"2024-11-14T08:48:38+00:00","mainEntityOfPage":{"@id":"https:\/\/www.organisator.ch\/marketing\/2023-09-14\/neues-markendach-suan-realisiert-redesign-fuer-derendinger\/"},"wordCount":207,"publisher":{"@id":"https:\/\/www.organisator.ch\/#organization"},"image":{"@id":"https:\/\/www.organisator.ch\/marketing\/2023-09-14\/neues-markendach-suan-realisiert-redesign-fuer-derendinger\/#primaryimage"},"thumbnailUrl":"https:\/\/www.werbewoche.ch\/wp-content\/uploads\/2023\/09\/Suan-Derendinger-Brandlaunch-2-16x9-1.jpg","keywords":["Derendinger","Suan"],"articleSection":["MARKETING"],"inLanguage":"de"},{"@type":"WebPage","@id":"https:\/\/www.organisator.ch\/marketing\/2023-09-14\/neues-markendach-suan-realisiert-redesign-fuer-derendinger\/","url":"https:\/\/www.organisator.ch\/marketing\/2023-09-14\/neues-markendach-suan-realisiert-redesign-fuer-derendinger\/","name":"Neues Markendach: Suan realisiert Redesign f\u00fcr Derendinger - Organisator","isPartOf":{"@id":"https:\/\/www.organisator.ch\/#website"},"primaryImageOfPage":{"@id":"https:\/\/www.organisator.ch\/marketing\/2023-09-14\/neues-markendach-suan-realisiert-redesign-fuer-derendinger\/#primaryimage"},"image":{"@id":"https:\/\/www.organisator.ch\/marketing\/2023-09-14\/neues-markendach-suan-realisiert-redesign-fuer-derendinger\/#primaryimage"},"thumbnailUrl":"https:\/\/www.werbewoche.ch\/wp-content\/uploads\/2023\/09\/Suan-Derendinger-Brandlaunch-2-16x9-1.jpg","datePublished":"2023-09-14T11:09:56+00:00","dateModified":"2024-11-14T08:48:38+00:00","description":"Derendinger: Neues Erscheinungsbild in Lime, dynamisch und zukunftsorientiert. Radikaler optischer Schnitt und Wiedererkennbarkeit.","breadcrumb":{"@id":"https:\/\/www.organisator.ch\/marketing\/2023-09-14\/neues-markendach-suan-realisiert-redesign-fuer-derendinger\/#breadcrumb"},"inLanguage":"de","potentialAction":[{"@type":"ReadAction","target":["https:\/\/www.organisator.ch\/marketing\/2023-09-14\/neues-markendach-suan-realisiert-redesign-fuer-derendinger\/"]}]},{"@type":"ImageObject","inLanguage":"de","@id":"https:\/\/www.organisator.ch\/marketing\/2023-09-14\/neues-markendach-suan-realisiert-redesign-fuer-derendinger\/#primaryimage","url":"https:\/\/www.werbewoche.ch\/wp-content\/uploads\/2023\/09\/Suan-Derendinger-Brandlaunch-2-16x9-1.jpg","contentUrl":"https:\/\/www.werbewoche.ch\/wp-content\/uploads\/2023\/09\/Suan-Derendinger-Brandlaunch-2-16x9-1.jpg"},{"@type":"BreadcrumbList","@id":"https:\/\/www.organisator.ch\/marketing\/2023-09-14\/neues-markendach-suan-realisiert-redesign-fuer-derendinger\/#breadcrumb","itemListElement":[{"@type":"ListItem","position":1,"name":"Home","item":"https:\/\/www.organisator.ch\/"},{"@type":"ListItem","position":2,"name":"Neues Markendach: Suan realisiert Redesign f\u00fcr Derendinger"}]},{"@type":"WebSite","@id":"https:\/\/www.organisator.ch\/#website","url":"https:\/\/www.organisator.ch\/","name":"Organisator","description":"Kompetent. Praxisnah. Der ORGANISATOR bereitet in 10 Ausgaben pro Jahr die wesentlichen Themen f\u00fcr F\u00fchrungskr\u00e4fte von KMU auf.","publisher":{"@id":"https:\/\/www.organisator.ch\/#organization"},"potentialAction":[{"@type":"SearchAction","target":{"@type":"EntryPoint","urlTemplate":"https:\/\/www.organisator.ch\/?s={search_term_string}"},"query-input":{"@type":"PropertyValueSpecification","valueRequired":true,"valueName":"search_term_string"}}],"inLanguage":"de"},{"@type":"Organization","@id":"https:\/\/www.organisator.ch\/#organization","name":"Organisator","url":"https:\/\/www.organisator.ch\/","logo":{"@type":"ImageObject","inLanguage":"de","@id":"https:\/\/www.organisator.ch\/#\/schema\/logo\/image\/","url":"https:\/\/www.organisator.ch\/wp-content\/uploads\/2022\/01\/Logo_Organisator_Website.png","contentUrl":"https:\/\/www.organisator.ch\/wp-content\/uploads\/2022\/01\/Logo_Organisator_Website.png","width":800,"height":77,"caption":"Organisator"},"image":{"@id":"https:\/\/www.organisator.ch\/#\/schema\/logo\/image\/"},"sameAs":["https:\/\/www.facebook.com\/OrganisatorFachmagazin","https:\/\/www.linkedin.com\/showcase\/organisator-das-magazin-fr-kmu","https:\/\/www.xing.com\/news\/pages\/organisator-ch-695","https:\/\/www.youtube.com\/channel\/UCGP2Sq0iWaZwT3BdIAQFYpw"]},{"@type":"Person","@id":"https:\/\/www.organisator.ch\/#\/schema\/person\/4e51799071cd2dd1232ac003643ef5f0","name":"galledia","image":{"@type":"ImageObject","inLanguage":"de","@id":"https:\/\/secure.gravatar.com\/avatar\/78a7f90c01fc2bfc875782a0d4922b37cde2cf184ce347b91316d23cd7f69a36?s=96&d=mm&r=g","url":"https:\/\/secure.gravatar.com\/avatar\/78a7f90c01fc2bfc875782a0d4922b37cde2cf184ce347b91316d23cd7f69a36?s=96&d=mm&r=g","contentUrl":"https:\/\/secure.gravatar.com\/avatar\/78a7f90c01fc2bfc875782a0d4922b37cde2cf184ce347b91316d23cd7f69a36?s=96&d=mm&r=g","caption":"galledia"},"sameAs":["https:\/\/x.com\/admin"],"url":"https:\/\/www.organisator.ch\/de\/author\/galledia\/"}]}},"_links":{"self":[{"href":"https:\/\/www.organisator.ch\/de\/wp-json\/wp\/v2\/posts\/21725","targetHints":{"allow":["GET"]}}],"collection":[{"href":"https:\/\/www.organisator.ch\/de\/wp-json\/wp\/v2\/posts"}],"about":[{"href":"https:\/\/www.organisator.ch\/de\/wp-json\/wp\/v2\/types\/post"}],"author":[{"embeddable":true,"href":"https:\/\/www.organisator.ch\/de\/wp-json\/wp\/v2\/users\/8"}],"replies":[{"embeddable":true,"href":"https:\/\/www.organisator.ch\/de\/wp-json\/wp\/v2\/comments?post=21725"}],"version-history":[{"count":5,"href":"https:\/\/www.organisator.ch\/de\/wp-json\/wp\/v2\/posts\/21725\/revisions"}],"predecessor-version":[{"id":32881,"href":"https:\/\/www.organisator.ch\/de\/wp-json\/wp\/v2\/posts\/21725\/revisions\/32881"}],"wp:attachment":[{"href":"https:\/\/www.organisator.ch\/de\/wp-json\/wp\/v2\/media?parent=21725"}],"wp:term":[{"taxonomy":"category","embeddable":true,"href":"https:\/\/www.organisator.ch\/de\/wp-json\/wp\/v2\/categories?post=21725"},{"taxonomy":"post_tag","embeddable":true,"href":"https:\/\/www.organisator.ch\/de\/wp-json\/wp\/v2\/tags?post=21725"}],"curies":[{"name":"wp","href":"https:\/\/api.w.org\/{rel}","templated":true}]}}