{"id":21743,"date":"2023-09-15T13:38:53","date_gmt":"2023-09-15T11:38:53","guid":{"rendered":"https:\/\/www.organisator.ch\/?p=21743"},"modified":"2023-09-15T13:38:53","modified_gmt":"2023-09-15T11:38:53","slug":"neue-studie-zeigt-optimismus-bei-kmu-schwindet","status":"publish","type":"post","link":"https:\/\/www.organisator.ch\/de\/management\/2023-09-15\/neue-studie-zeigt-optimismus-bei-kmu-schwindet\/","title":{"rendered":"Neue Studie zeigt: Optimismus bei KMU schwindet"},"content":{"rendered":"<figure id=\"attachment_21744\" aria-describedby=\"caption-attachment-21744\" style=\"width: 680px\" class=\"wp-caption alignnone\"><img loading=\"lazy\" decoding=\"async\" class=\"size-full wp-image-21744\" src=\"https:\/\/www.organisator.ch\/wp-content\/uploads\/2023\/09\/Neue-Studie-zeigt-Optimismus-bei-KMU-schwindet_Organisator.jpg\" alt=\"\" width=\"680\" height=\"383\" srcset=\"https:\/\/www.organisator.ch\/wp-content\/uploads\/2023\/09\/Neue-Studie-zeigt-Optimismus-bei-KMU-schwindet_Organisator.jpg 680w, https:\/\/www.organisator.ch\/wp-content\/uploads\/2023\/09\/Neue-Studie-zeigt-Optimismus-bei-KMU-schwindet_Organisator-18x10.jpg 18w, https:\/\/www.organisator.ch\/wp-content\/uploads\/2023\/09\/Neue-Studie-zeigt-Optimismus-bei-KMU-schwindet_Organisator-375x211.jpg 375w, https:\/\/www.organisator.ch\/wp-content\/uploads\/2023\/09\/Neue-Studie-zeigt-Optimismus-bei-KMU-schwindet_Organisator-621x350.jpg 621w\" sizes=\"auto, (max-width: 680px) 100vw, 680px\" \/><figcaption id=\"caption-attachment-21744\" class=\"wp-caption-text\">Trotz Widerstandsf\u00e4higkeit gegen\u00fcber Krisen schwindet der Optimismus bei KMU in der Schweiz. (Bild: Kearney)<\/figcaption><\/figure>\n<p>Die von Kearney und den Partnern Raiffeisen, swiss export und Angst + Pfister AG publizierte Mittelstandstudie gibt zum sechsten Mal einen Einblick in die aktuelle Lage, die Herausforderungen und Chancen f\u00fcr KMU. Befragt wurden 382 Vertreterinnen und Vertreter von Schweizer KMU im Zeitraum von Mai bis Anfang Juli 2023.<\/p>\n<h3>Optimismus bei KMU ist geringer geworden<\/h3>\n<p>Der Fokus der Befragung lag auf der Widerstandsf\u00e4higkeit der KMU im aktuell herausfordernden Umfeld. Wie der Kearney-Partner in Z\u00fcrich Fabian Siegrist sagt, sind die KMU mehrheitlich als widerstandsf\u00e4hig oder sehr widerstandsf\u00e4hig gegen\u00fcber den aktuellen Krisen einzusch\u00e4tzen. Rohstoff- und Energiepreise gepaart mit dem Fachkr\u00e4ftemangel bereiten den Unternehmern aber grosse Sorgen.<\/p>\n<p>Nach dem sehr optimistischen Ausblick der KMU in der letztj\u00e4hrigen Studie schwindet dieser Optimismus in der diesj\u00e4hrigen Befragung. Die Zur\u00fcckhaltung der KMU zeigt sich unter anderem in den finanziellen Erwartungen. Nur noch die H\u00e4lfte der befragten Unternehmen gehen von steigenden Ums\u00e4tzen f\u00fcr dieses Jahr aus, in den Vorjahren waren es 63 Prozent (2022) und 69 Prozent (2021).<\/p>\n<p>Roger Reist, Leiter Firmenkunden, Treasury &amp; Markets und Mitglied der Gesch\u00e4ftsleitung bei Raiffeisen Schweiz, bezeichnet den Gegenwind der KMU aktuell als gross: \u00abDer durch die Pandemie entstandene G\u00fcternachfrage-Boom ist endg\u00fcltig ausgelaufen und die Konsumenten geben stattdessen wieder mehr f\u00fcr Dienstleistungen aus. Andererseits wird die Industrienachfrage durch die hartn\u00e4ckig hohe Inflation und den Zinsanstieg belastet. Dennoch best\u00e4tigt die Studie, dass ein Gro\u00dfteil der Schweizer KMU ihre Widerstandsf\u00e4higkeit einmal mehr unter Beweis stellt.\u00bb<\/p>\n<h3><strong>Grosse Unterschiede bei der Widerstandsf\u00e4higkeit<\/strong><\/h3>\n<p>Angesichts der zahlreichen und komplexen Herausforderungen, welche KMU in ihrem Gesch\u00e4ftsalltag gegen\u00fcberstehen, hat die Studie untersucht, wie die KMU auf Krisensituationen reagieren, um die Auswirkungen von Krisen zu mindern, ganz zu verhindern oder sogar davon zu profitieren. F\u00fcr die KMU sind zufriedene Kunden und Mitarbeitende die entscheidenden Messwerte, an dem die eigene Widerstandsf\u00e4higkeit gemessen wird, erst dahinter folgen finanzielle Kennzahlen. Nur 19 Prozent f\u00fchlen sich in Sachen Fachkr\u00e4ftemangel gut vorbereitet. Gem\u00e4ss den Studienergebnissen haben die befragten KMU zahlreiche Massnahmen ergriffen, um sich gegen Herausforderungen und Krisen zu st\u00e4rken. An erster Stelle rangieren Prozessanpassungen, in denen auch die Digitalisierung von Prozessen beinhaltet ist. Dahinter folgen Investition in Innovation und Anpassung von Kunden- und Preisstrategien. Claudia Moerker, Gesch\u00e4ftsleiterin des Verbands swiss export stellt fest, dass viele Unternehmen ihre Lieferketten auf die Verbraucherw\u00fcnsche optimiert haben und die Lagerhaltung m\u00f6glichst geringhielten, um Kosten zu sparen.<\/p>\n<h3><strong>Konjunkturelle Risiken belasten den Ausblick<\/strong><\/h3>\n<p>F\u00fcr die n\u00e4chsten drei Jahre gehen noch 62 Prozent der Unternehmen von einer guten bis sehr guten Entwicklung des eigenen Unternehmens aus, im Jahr 2022 waren es noch 67 Prozent, 2021 sogar 76 Prozent. Somit haben die aufeinanderfolgenden Krisen und Herausforderungen ihre Spuren bei den KMU hinterlassen. Als gr\u00f6sste Konjunkturrisiken f\u00fcr die n\u00e4chsten zw\u00f6lf Monate identifizieren die befragten KMU wie bereits im Vorjahr die hohen Energie- und Rohstoffpreise, den Zugang zu Fachkr\u00e4ften und Personal sowie einmal mehr die unklaren bilateralen Beziehungen zwischen der Schweiz und der EU. Seit dem Scheitern des Rahmenabkommens mit der EU hat sich an der bilateralen Beziehung zwischen der Schweiz und der EU wenig bewegt. Deshalb fordert weiter rund die H\u00e4lfte der befragten Unternehmen von der Politik, in der EU-Frage eine L\u00f6sung zu finden. Aus der Studie wird klar, die Wichtigkeit dieses Anliegens steigt mit der Gr\u00f6sse des Unternehmens. Angesichts des sich zuspitzenden Fachkr\u00e4ftemangels nimmt die Forderung zur Sicherung des Fachkr\u00e4ftebedarfs und zur Sicherstellung attraktiver Rahmenbedingungen und weiterer Standortf\u00f6rderung im Vergleich zu den Vorjahren zu.<\/p>\n<p>Die seit 2018 durchgef\u00fchrte \u00abKMU-Mittelstandstudie\u00bb bietet j\u00e4hrlich eine Lagebeurteilung der Schweizer KMU.<\/p>\n<p><em>Quelle: <a href=\"http:\/\/www.kearney.ch\">Kearney<\/a><\/em><\/p>\n","protected":false},"excerpt":{"rendered":"<p>Laut einer Studie der globalen Unternehmensberatung Kearney und der Partner Raiffeisen, swiss export und Angst + Pfister AG zum Schweizer Mittelstand blicken KMU mehrheitlich optimistisch in die Zukunft, doch die Aussichten tr\u00fcben sich ein. Aufgrund der konjunkturellen Verwerfungen werden geringere Ums\u00e4tze und Margen bef\u00fcrchtet. <\/p>\n","protected":false},"author":4,"featured_media":0,"comment_status":"closed","ping_status":"closed","sticky":false,"template":"","format":"standard","meta":{"_acf_changed":false,"_yoast_wpseo_focuskw":"Optimismus bei KMU","_yoast_wpseo_metadesc":"Laut einer neuen Studie zum Schweizer Mittelstand ist der Optimismus bei KMU zwar noch vorhanden, doch die Aussichten tr\u00fcben sich ein.","articlekey":"","footnotes":""},"categories":[28],"tags":[3943,3942,459,492],"class_list":["post-21743","post","type-post","status-publish","format-standard","hentry","category-management","tag-konjunkturaussichten","tag-schweizer-kmu","tag-studie","tag-unternehmen"],"acf":[],"yoast_head":"<!-- This site is optimized with the Yoast SEO plugin v27.5 - https:\/\/yoast.com\/product\/yoast-seo-wordpress\/ -->\n<title>Neue Studie zeigt: Optimismus bei KMU schwindet - Organisator<\/title>\n<meta name=\"description\" content=\"Laut einer neuen Studie zum Schweizer Mittelstand ist der Optimismus bei KMU zwar noch vorhanden, doch die Aussichten tr\u00fcben sich ein.\" \/>\n<meta name=\"robots\" content=\"index, follow, max-snippet:-1, max-image-preview:large, max-video-preview:-1\" \/>\n<link rel=\"canonical\" href=\"https:\/\/www.organisator.ch\/de\/management\/2023-09-15\/neue-studie-zeigt-optimismus-bei-kmu-schwindet\/\" \/>\n<meta property=\"og:locale\" content=\"de_DE\" \/>\n<meta property=\"og:type\" content=\"article\" \/>\n<meta property=\"og:title\" content=\"Neue Studie zeigt: Optimismus bei KMU schwindet\" \/>\n<meta property=\"og:description\" content=\"Laut einer neuen Studie zum Schweizer Mittelstand ist der Optimismus bei KMU zwar noch vorhanden, doch die Aussichten tr\u00fcben sich ein.\" \/>\n<meta property=\"og:url\" content=\"https:\/\/www.organisator.ch\/de\/management\/2023-09-15\/neue-studie-zeigt-optimismus-bei-kmu-schwindet\/\" \/>\n<meta property=\"og:site_name\" content=\"Organisator\" \/>\n<meta property=\"article:publisher\" content=\"https:\/\/www.facebook.com\/OrganisatorFachmagazin\" \/>\n<meta property=\"article:published_time\" content=\"2023-09-15T11:38:53+00:00\" \/>\n<meta property=\"og:image\" content=\"https:\/\/www.organisator.ch\/wp-content\/uploads\/2023\/09\/Neue-Studie-zeigt-Optimismus-bei-KMU-schwindet_Organisator.jpg\" \/>\n\t<meta property=\"og:image:width\" content=\"680\" \/>\n\t<meta property=\"og:image:height\" content=\"383\" \/>\n\t<meta property=\"og:image:type\" content=\"image\/jpeg\" \/>\n<meta name=\"author\" content=\"thomas.berner\" \/>\n<meta name=\"twitter:card\" content=\"summary_large_image\" \/>\n<meta name=\"twitter:title\" content=\"Neue Studie zeigt: #Optimismus bei KMU schwindet\" \/>\n<meta name=\"twitter:description\" content=\"Laut einer neuen Studie zum Schweizer #Mittelstand ist der Optimismus bei #KMU zwar noch vorhanden, doch die Aussichten tr\u00fcben sich ein.\" \/>\n<meta name=\"twitter:image\" content=\"https:\/\/www.organisator.ch\/wp-content\/uploads\/2023\/09\/Neue-Studie-zeigt-Optimismus-bei-KMU-schwindet_Organisator.jpg\" \/>\n<script type=\"application\/ld+json\" class=\"yoast-schema-graph\">{\"@context\":\"https:\\\/\\\/schema.org\",\"@graph\":[{\"@type\":\"Article\",\"@id\":\"https:\\\/\\\/www.organisator.ch\\\/management\\\/2023-09-15\\\/neue-studie-zeigt-optimismus-bei-kmu-schwindet\\\/#article\",\"isPartOf\":{\"@id\":\"https:\\\/\\\/www.organisator.ch\\\/management\\\/2023-09-15\\\/neue-studie-zeigt-optimismus-bei-kmu-schwindet\\\/\"},\"author\":{\"name\":\"thomas.berner\",\"@id\":\"https:\\\/\\\/www.organisator.ch\\\/#\\\/schema\\\/person\\\/6f650f90b2842cd4c0cc334b4e36f67e\"},\"headline\":\"Neue Studie zeigt: Optimismus bei KMU schwindet\",\"datePublished\":\"2023-09-15T11:38:53+00:00\",\"mainEntityOfPage\":{\"@id\":\"https:\\\/\\\/www.organisator.ch\\\/management\\\/2023-09-15\\\/neue-studie-zeigt-optimismus-bei-kmu-schwindet\\\/\"},\"wordCount\":631,\"publisher\":{\"@id\":\"https:\\\/\\\/www.organisator.ch\\\/#organization\"},\"image\":{\"@id\":\"https:\\\/\\\/www.organisator.ch\\\/management\\\/2023-09-15\\\/neue-studie-zeigt-optimismus-bei-kmu-schwindet\\\/#primaryimage\"},\"thumbnailUrl\":\"https:\\\/\\\/www.organisator.ch\\\/wp-content\\\/uploads\\\/2023\\\/09\\\/Neue-Studie-zeigt-Optimismus-bei-KMU-schwindet_Organisator.jpg\",\"keywords\":[\"Konjunkturaussichten\",\"Schweizer KMU\",\"Studie\",\"Unternehmen\"],\"articleSection\":[\"MANAGEMENT\"],\"inLanguage\":\"de\"},{\"@type\":\"WebPage\",\"@id\":\"https:\\\/\\\/www.organisator.ch\\\/management\\\/2023-09-15\\\/neue-studie-zeigt-optimismus-bei-kmu-schwindet\\\/\",\"url\":\"https:\\\/\\\/www.organisator.ch\\\/management\\\/2023-09-15\\\/neue-studie-zeigt-optimismus-bei-kmu-schwindet\\\/\",\"name\":\"Neue Studie zeigt: Optimismus bei KMU schwindet - Organisator\",\"isPartOf\":{\"@id\":\"https:\\\/\\\/www.organisator.ch\\\/#website\"},\"primaryImageOfPage\":{\"@id\":\"https:\\\/\\\/www.organisator.ch\\\/management\\\/2023-09-15\\\/neue-studie-zeigt-optimismus-bei-kmu-schwindet\\\/#primaryimage\"},\"image\":{\"@id\":\"https:\\\/\\\/www.organisator.ch\\\/management\\\/2023-09-15\\\/neue-studie-zeigt-optimismus-bei-kmu-schwindet\\\/#primaryimage\"},\"thumbnailUrl\":\"https:\\\/\\\/www.organisator.ch\\\/wp-content\\\/uploads\\\/2023\\\/09\\\/Neue-Studie-zeigt-Optimismus-bei-KMU-schwindet_Organisator.jpg\",\"datePublished\":\"2023-09-15T11:38:53+00:00\",\"description\":\"Laut einer neuen Studie zum Schweizer Mittelstand ist der Optimismus bei KMU zwar noch vorhanden, doch die Aussichten tr\u00fcben sich ein.\",\"breadcrumb\":{\"@id\":\"https:\\\/\\\/www.organisator.ch\\\/management\\\/2023-09-15\\\/neue-studie-zeigt-optimismus-bei-kmu-schwindet\\\/#breadcrumb\"},\"inLanguage\":\"de\",\"potentialAction\":[{\"@type\":\"ReadAction\",\"target\":[\"https:\\\/\\\/www.organisator.ch\\\/management\\\/2023-09-15\\\/neue-studie-zeigt-optimismus-bei-kmu-schwindet\\\/\"]}]},{\"@type\":\"ImageObject\",\"inLanguage\":\"de\",\"@id\":\"https:\\\/\\\/www.organisator.ch\\\/management\\\/2023-09-15\\\/neue-studie-zeigt-optimismus-bei-kmu-schwindet\\\/#primaryimage\",\"url\":\"https:\\\/\\\/www.organisator.ch\\\/wp-content\\\/uploads\\\/2023\\\/09\\\/Neue-Studie-zeigt-Optimismus-bei-KMU-schwindet_Organisator.jpg\",\"contentUrl\":\"https:\\\/\\\/www.organisator.ch\\\/wp-content\\\/uploads\\\/2023\\\/09\\\/Neue-Studie-zeigt-Optimismus-bei-KMU-schwindet_Organisator.jpg\"},{\"@type\":\"BreadcrumbList\",\"@id\":\"https:\\\/\\\/www.organisator.ch\\\/management\\\/2023-09-15\\\/neue-studie-zeigt-optimismus-bei-kmu-schwindet\\\/#breadcrumb\",\"itemListElement\":[{\"@type\":\"ListItem\",\"position\":1,\"name\":\"Home\",\"item\":\"https:\\\/\\\/www.organisator.ch\\\/\"},{\"@type\":\"ListItem\",\"position\":2,\"name\":\"Neue Studie zeigt: Optimismus bei KMU schwindet\"}]},{\"@type\":\"WebSite\",\"@id\":\"https:\\\/\\\/www.organisator.ch\\\/#website\",\"url\":\"https:\\\/\\\/www.organisator.ch\\\/\",\"name\":\"Organisator\",\"description\":\"Kompetent. Praxisnah. Der ORGANISATOR bereitet in 10 Ausgaben pro Jahr die wesentlichen Themen f\u00fcr F\u00fchrungskr\u00e4fte von KMU auf.\",\"publisher\":{\"@id\":\"https:\\\/\\\/www.organisator.ch\\\/#organization\"},\"potentialAction\":[{\"@type\":\"SearchAction\",\"target\":{\"@type\":\"EntryPoint\",\"urlTemplate\":\"https:\\\/\\\/www.organisator.ch\\\/?s={search_term_string}\"},\"query-input\":{\"@type\":\"PropertyValueSpecification\",\"valueRequired\":true,\"valueName\":\"search_term_string\"}}],\"inLanguage\":\"de\"},{\"@type\":\"Organization\",\"@id\":\"https:\\\/\\\/www.organisator.ch\\\/#organization\",\"name\":\"Organisator\",\"url\":\"https:\\\/\\\/www.organisator.ch\\\/\",\"logo\":{\"@type\":\"ImageObject\",\"inLanguage\":\"de\",\"@id\":\"https:\\\/\\\/www.organisator.ch\\\/#\\\/schema\\\/logo\\\/image\\\/\",\"url\":\"https:\\\/\\\/www.organisator.ch\\\/wp-content\\\/uploads\\\/2022\\\/01\\\/Logo_Organisator_Website.png\",\"contentUrl\":\"https:\\\/\\\/www.organisator.ch\\\/wp-content\\\/uploads\\\/2022\\\/01\\\/Logo_Organisator_Website.png\",\"width\":800,\"height\":77,\"caption\":\"Organisator\"},\"image\":{\"@id\":\"https:\\\/\\\/www.organisator.ch\\\/#\\\/schema\\\/logo\\\/image\\\/\"},\"sameAs\":[\"https:\\\/\\\/www.facebook.com\\\/OrganisatorFachmagazin\",\"https:\\\/\\\/www.linkedin.com\\\/showcase\\\/organisator-das-magazin-fr-kmu\",\"https:\\\/\\\/www.xing.com\\\/news\\\/pages\\\/organisator-ch-695\",\"https:\\\/\\\/www.youtube.com\\\/channel\\\/UCGP2Sq0iWaZwT3BdIAQFYpw\"]},{\"@type\":\"Person\",\"@id\":\"https:\\\/\\\/www.organisator.ch\\\/#\\\/schema\\\/person\\\/6f650f90b2842cd4c0cc334b4e36f67e\",\"name\":\"thomas.berner\",\"image\":{\"@type\":\"ImageObject\",\"inLanguage\":\"de\",\"@id\":\"https:\\\/\\\/secure.gravatar.com\\\/avatar\\\/ac5001d2a36cb6c6cd3e50789007ffca834b477b74a2144564522e944eabff61?s=96&d=mm&r=g\",\"url\":\"https:\\\/\\\/secure.gravatar.com\\\/avatar\\\/ac5001d2a36cb6c6cd3e50789007ffca834b477b74a2144564522e944eabff61?s=96&d=mm&r=g\",\"contentUrl\":\"https:\\\/\\\/secure.gravatar.com\\\/avatar\\\/ac5001d2a36cb6c6cd3e50789007ffca834b477b74a2144564522e944eabff61?s=96&d=mm&r=g\",\"caption\":\"thomas.berner\"},\"url\":\"https:\\\/\\\/www.organisator.ch\\\/de\\\/author\\\/thomas-berner\\\/\"}]}<\/script>\n<!-- \/ Yoast SEO plugin. -->","yoast_head_json":{"title":"Neue Studie zeigt: Optimismus bei KMU schwindet - Organisator","description":"Laut einer neuen Studie zum Schweizer Mittelstand ist der Optimismus bei KMU zwar noch vorhanden, doch die Aussichten tr\u00fcben sich ein.","robots":{"index":"index","follow":"follow","max-snippet":"max-snippet:-1","max-image-preview":"max-image-preview:large","max-video-preview":"max-video-preview:-1"},"canonical":"https:\/\/www.organisator.ch\/de\/management\/2023-09-15\/neue-studie-zeigt-optimismus-bei-kmu-schwindet\/","og_locale":"de_DE","og_type":"article","og_title":"Neue Studie zeigt: Optimismus bei KMU schwindet","og_description":"Laut einer neuen Studie zum Schweizer Mittelstand ist der Optimismus bei KMU zwar noch vorhanden, doch die Aussichten tr\u00fcben sich ein.","og_url":"https:\/\/www.organisator.ch\/de\/management\/2023-09-15\/neue-studie-zeigt-optimismus-bei-kmu-schwindet\/","og_site_name":"Organisator","article_publisher":"https:\/\/www.facebook.com\/OrganisatorFachmagazin","article_published_time":"2023-09-15T11:38:53+00:00","og_image":[{"width":680,"height":383,"url":"https:\/\/www.organisator.ch\/wp-content\/uploads\/2023\/09\/Neue-Studie-zeigt-Optimismus-bei-KMU-schwindet_Organisator.jpg","type":"image\/jpeg"}],"author":"thomas.berner","twitter_card":"summary_large_image","twitter_title":"Neue Studie zeigt: #Optimismus bei KMU schwindet","twitter_description":"Laut einer neuen Studie zum Schweizer #Mittelstand ist der Optimismus bei #KMU zwar noch vorhanden, doch die Aussichten tr\u00fcben sich ein.","twitter_image":"https:\/\/www.organisator.ch\/wp-content\/uploads\/2023\/09\/Neue-Studie-zeigt-Optimismus-bei-KMU-schwindet_Organisator.jpg","schema":{"@context":"https:\/\/schema.org","@graph":[{"@type":"Article","@id":"https:\/\/www.organisator.ch\/management\/2023-09-15\/neue-studie-zeigt-optimismus-bei-kmu-schwindet\/#article","isPartOf":{"@id":"https:\/\/www.organisator.ch\/management\/2023-09-15\/neue-studie-zeigt-optimismus-bei-kmu-schwindet\/"},"author":{"name":"thomas.berner","@id":"https:\/\/www.organisator.ch\/#\/schema\/person\/6f650f90b2842cd4c0cc334b4e36f67e"},"headline":"Neue Studie zeigt: Optimismus bei KMU schwindet","datePublished":"2023-09-15T11:38:53+00:00","mainEntityOfPage":{"@id":"https:\/\/www.organisator.ch\/management\/2023-09-15\/neue-studie-zeigt-optimismus-bei-kmu-schwindet\/"},"wordCount":631,"publisher":{"@id":"https:\/\/www.organisator.ch\/#organization"},"image":{"@id":"https:\/\/www.organisator.ch\/management\/2023-09-15\/neue-studie-zeigt-optimismus-bei-kmu-schwindet\/#primaryimage"},"thumbnailUrl":"https:\/\/www.organisator.ch\/wp-content\/uploads\/2023\/09\/Neue-Studie-zeigt-Optimismus-bei-KMU-schwindet_Organisator.jpg","keywords":["Konjunkturaussichten","Schweizer KMU","Studie","Unternehmen"],"articleSection":["MANAGEMENT"],"inLanguage":"de"},{"@type":"WebPage","@id":"https:\/\/www.organisator.ch\/management\/2023-09-15\/neue-studie-zeigt-optimismus-bei-kmu-schwindet\/","url":"https:\/\/www.organisator.ch\/management\/2023-09-15\/neue-studie-zeigt-optimismus-bei-kmu-schwindet\/","name":"Neue Studie zeigt: Optimismus bei KMU schwindet - Organisator","isPartOf":{"@id":"https:\/\/www.organisator.ch\/#website"},"primaryImageOfPage":{"@id":"https:\/\/www.organisator.ch\/management\/2023-09-15\/neue-studie-zeigt-optimismus-bei-kmu-schwindet\/#primaryimage"},"image":{"@id":"https:\/\/www.organisator.ch\/management\/2023-09-15\/neue-studie-zeigt-optimismus-bei-kmu-schwindet\/#primaryimage"},"thumbnailUrl":"https:\/\/www.organisator.ch\/wp-content\/uploads\/2023\/09\/Neue-Studie-zeigt-Optimismus-bei-KMU-schwindet_Organisator.jpg","datePublished":"2023-09-15T11:38:53+00:00","description":"Laut einer neuen Studie zum Schweizer Mittelstand ist der Optimismus bei KMU zwar noch vorhanden, doch die Aussichten tr\u00fcben sich ein.","breadcrumb":{"@id":"https:\/\/www.organisator.ch\/management\/2023-09-15\/neue-studie-zeigt-optimismus-bei-kmu-schwindet\/#breadcrumb"},"inLanguage":"de","potentialAction":[{"@type":"ReadAction","target":["https:\/\/www.organisator.ch\/management\/2023-09-15\/neue-studie-zeigt-optimismus-bei-kmu-schwindet\/"]}]},{"@type":"ImageObject","inLanguage":"de","@id":"https:\/\/www.organisator.ch\/management\/2023-09-15\/neue-studie-zeigt-optimismus-bei-kmu-schwindet\/#primaryimage","url":"https:\/\/www.organisator.ch\/wp-content\/uploads\/2023\/09\/Neue-Studie-zeigt-Optimismus-bei-KMU-schwindet_Organisator.jpg","contentUrl":"https:\/\/www.organisator.ch\/wp-content\/uploads\/2023\/09\/Neue-Studie-zeigt-Optimismus-bei-KMU-schwindet_Organisator.jpg"},{"@type":"BreadcrumbList","@id":"https:\/\/www.organisator.ch\/management\/2023-09-15\/neue-studie-zeigt-optimismus-bei-kmu-schwindet\/#breadcrumb","itemListElement":[{"@type":"ListItem","position":1,"name":"Home","item":"https:\/\/www.organisator.ch\/"},{"@type":"ListItem","position":2,"name":"Neue Studie zeigt: Optimismus bei KMU schwindet"}]},{"@type":"WebSite","@id":"https:\/\/www.organisator.ch\/#website","url":"https:\/\/www.organisator.ch\/","name":"Organisator","description":"Kompetent. Praxisnah. Der ORGANISATOR bereitet in 10 Ausgaben pro Jahr die wesentlichen Themen f\u00fcr F\u00fchrungskr\u00e4fte von KMU auf.","publisher":{"@id":"https:\/\/www.organisator.ch\/#organization"},"potentialAction":[{"@type":"SearchAction","target":{"@type":"EntryPoint","urlTemplate":"https:\/\/www.organisator.ch\/?s={search_term_string}"},"query-input":{"@type":"PropertyValueSpecification","valueRequired":true,"valueName":"search_term_string"}}],"inLanguage":"de"},{"@type":"Organization","@id":"https:\/\/www.organisator.ch\/#organization","name":"Organisator","url":"https:\/\/www.organisator.ch\/","logo":{"@type":"ImageObject","inLanguage":"de","@id":"https:\/\/www.organisator.ch\/#\/schema\/logo\/image\/","url":"https:\/\/www.organisator.ch\/wp-content\/uploads\/2022\/01\/Logo_Organisator_Website.png","contentUrl":"https:\/\/www.organisator.ch\/wp-content\/uploads\/2022\/01\/Logo_Organisator_Website.png","width":800,"height":77,"caption":"Organisator"},"image":{"@id":"https:\/\/www.organisator.ch\/#\/schema\/logo\/image\/"},"sameAs":["https:\/\/www.facebook.com\/OrganisatorFachmagazin","https:\/\/www.linkedin.com\/showcase\/organisator-das-magazin-fr-kmu","https:\/\/www.xing.com\/news\/pages\/organisator-ch-695","https:\/\/www.youtube.com\/channel\/UCGP2Sq0iWaZwT3BdIAQFYpw"]},{"@type":"Person","@id":"https:\/\/www.organisator.ch\/#\/schema\/person\/6f650f90b2842cd4c0cc334b4e36f67e","name":"thomas.berner","image":{"@type":"ImageObject","inLanguage":"de","@id":"https:\/\/secure.gravatar.com\/avatar\/ac5001d2a36cb6c6cd3e50789007ffca834b477b74a2144564522e944eabff61?s=96&d=mm&r=g","url":"https:\/\/secure.gravatar.com\/avatar\/ac5001d2a36cb6c6cd3e50789007ffca834b477b74a2144564522e944eabff61?s=96&d=mm&r=g","contentUrl":"https:\/\/secure.gravatar.com\/avatar\/ac5001d2a36cb6c6cd3e50789007ffca834b477b74a2144564522e944eabff61?s=96&d=mm&r=g","caption":"thomas.berner"},"url":"https:\/\/www.organisator.ch\/de\/author\/thomas-berner\/"}]}},"_links":{"self":[{"href":"https:\/\/www.organisator.ch\/de\/wp-json\/wp\/v2\/posts\/21743","targetHints":{"allow":["GET"]}}],"collection":[{"href":"https:\/\/www.organisator.ch\/de\/wp-json\/wp\/v2\/posts"}],"about":[{"href":"https:\/\/www.organisator.ch\/de\/wp-json\/wp\/v2\/types\/post"}],"author":[{"embeddable":true,"href":"https:\/\/www.organisator.ch\/de\/wp-json\/wp\/v2\/users\/4"}],"replies":[{"embeddable":true,"href":"https:\/\/www.organisator.ch\/de\/wp-json\/wp\/v2\/comments?post=21743"}],"version-history":[{"count":1,"href":"https:\/\/www.organisator.ch\/de\/wp-json\/wp\/v2\/posts\/21743\/revisions"}],"predecessor-version":[{"id":21745,"href":"https:\/\/www.organisator.ch\/de\/wp-json\/wp\/v2\/posts\/21743\/revisions\/21745"}],"wp:attachment":[{"href":"https:\/\/www.organisator.ch\/de\/wp-json\/wp\/v2\/media?parent=21743"}],"wp:term":[{"taxonomy":"category","embeddable":true,"href":"https:\/\/www.organisator.ch\/de\/wp-json\/wp\/v2\/categories?post=21743"},{"taxonomy":"post_tag","embeddable":true,"href":"https:\/\/www.organisator.ch\/de\/wp-json\/wp\/v2\/tags?post=21743"}],"curies":[{"name":"wp","href":"https:\/\/api.w.org\/{rel}","templated":true}]}}