{"id":21767,"date":"2023-09-19T06:40:40","date_gmt":"2023-09-19T04:40:40","guid":{"rendered":"https:\/\/www.organisator.ch\/?p=21767"},"modified":"2023-09-18T16:59:03","modified_gmt":"2023-09-18T14:59:03","slug":"in-5-schritten-zum-digitalen-b2b-marketing","status":"publish","type":"post","link":"https:\/\/www.organisator.ch\/de\/marketing\/2023-09-19\/in-5-schritten-zum-digitalen-b2b-marketing\/","title":{"rendered":"In 5 Schritten zum digitalen B2B-Marketing"},"content":{"rendered":"<figure id=\"attachment_21768\" aria-describedby=\"caption-attachment-21768\" style=\"width: 680px\" class=\"wp-caption alignnone\"><img loading=\"lazy\" decoding=\"async\" class=\"size-full wp-image-21768\" src=\"https:\/\/www.organisator.ch\/wp-content\/uploads\/2023\/09\/In-5-Schritten-zum-digitalen-B2B-Marketing_Organisator.jpg\" alt=\"\" width=\"680\" height=\"510\" srcset=\"https:\/\/www.organisator.ch\/wp-content\/uploads\/2023\/09\/In-5-Schritten-zum-digitalen-B2B-Marketing_Organisator.jpg 680w, https:\/\/www.organisator.ch\/wp-content\/uploads\/2023\/09\/In-5-Schritten-zum-digitalen-B2B-Marketing_Organisator-16x12.jpg 16w, https:\/\/www.organisator.ch\/wp-content\/uploads\/2023\/09\/In-5-Schritten-zum-digitalen-B2B-Marketing_Organisator-375x281.jpg 375w, https:\/\/www.organisator.ch\/wp-content\/uploads\/2023\/09\/In-5-Schritten-zum-digitalen-B2B-Marketing_Organisator-467x350.jpg 467w\" sizes=\"auto, (max-width: 680px) 100vw, 680px\" \/><figcaption id=\"caption-attachment-21768\" class=\"wp-caption-text\">Digitales B2B-Marketing: Aller Anfang muss nicht unbedingt schwer sein. (Bild: Unsplash.com)<\/figcaption><\/figure>\n<p>Wie f\u00fchrt man trotz bescheidenen Ressourcen eine gewinnbringende Marketing-Strategie ein? Wie k\u00f6nnen Unternehmen das richtige Marketing-Tool finden? Und wie w\u00e4chst man vom Newsletter-Verteiler zur Lead-Maschine? Die folgende Checkliste zeigt den Start in das digitale B2B-Marketing:<\/p>\n<h3><strong>1. In Buyer Personas und nicht in Zielgruppen denken<\/strong><\/h3>\n<p>Identifizieren Sie Ihre wichtigsten Zielgruppen und erstellen Sie mehrere, detaillierte Buyer Personas \u2013 eventuell auch f\u00fcr die unterschiedlichen Business-Units. Anders als eine Zielgruppe ist eine Buyer Persona ein konkretes Gesicht. Bei ihr handelt es sich um eine fiktive Person, die Ihren typischen Kunden repr\u00e4sentiert. Im B2B ist oft ein gr\u00f6\u00dferes Buying Center involviert. Das ist der Ansatz: Geschaftsf\u00fchrer, Vertriebsleiter, IT-Leiter oder Einkaufsleiter k\u00f6nnten alle Ihre Buyer Personas sein.<\/p>\n<h3><strong>2. Die richtigen Daten sammeln<\/strong><\/h3>\n<p>Verfolgen Sie mit Marketingma\u00dfnahmen eher das Ziel der Neukundengewinnung, Branchenerweiterung, Umsatzsteigerung oder wollen Sie neue Produkte am Markt platzieren? Dann wird Ihre Strategie dementsprechend unterschiedlich ausfallen. Egal f\u00fcr welches Ziel Sie sich entschieden haben, die Grundlage jedes digitalen Marketingprozesses sind kundenbezogene Daten.<\/p>\n<h3><strong>3. Marketing-Tools finden<\/strong><\/h3>\n<p>Um Kundendaten effektiv zu nutzen, sind Marketingplattformen n\u00f6tig, die einerseits alle relevanten Funktionen abdecken, andererseits aber auch Schnittstellen zu den anderen Systemen im Unternehmen bieten (wie z. B. CRM-System oder Webshop). Dazu sollte sie vorab die relevanten Kan\u00e4le kennen und Ihre Prozesse zusammen mit dem Vertrieb und den E-Commerce-Verantwortlichen definieren. Das allein reicht jedoch nicht aus.<\/p>\n<h3><strong>4. Content Strategie erstellen<\/strong><\/h3>\n<p>Entwickeln Sie eine Content-Strategie, die wertvolle Inhalte f\u00fcr Ihre einzelnen Buyer Personas liefert. Erstellen Sie einen Redaktionsplan f\u00fcr Blogbeitr\u00e4ge, Whitepapers, E-Books, Fallstudien, Videos oder Infografiken. Sorgen Sie daf\u00fcr, dass Ihre Inhalte ansprechend, informativ und relevant sind. Bewerten Sie jede Interaktion mit einem Scorewert und legen fest, ab welchem Schwellenwert der Lead f\u00fcr den Vertrieb relevant wird, weil die Verkaufschance entsprechend hoch ist<\/p>\n<h3><strong>5. Die Ansprache personalisieren<\/strong><\/h3>\n<p>Eine pers\u00f6nliche Ansprache und individuelle Angebote f\u00fchren eher zu einem Abschluss, als wenn Kunden den Eindruck haben, sie erhalten nur allgemein g\u00fcltige Informationen. Dies k\u00f6nnen Sie erreichen, indem Sie Ihre Zielgruppen nach unterschiedlichen Attributen segmentieren und Personalisierungstokens nutzen. Mit entsprechenden Marketing-Automation-Tools und einer wachsenden Datenbasis bauen Sie Kontakt-Listen und Trigger-basierte Kampagnen. So werden die Empf\u00e4nger entsprechend ihrer Interessen und ihres Verhaltens pers\u00f6nlich angesprochen.<\/p>\n<p>Und noch ein Tipp zum Schluss: Starten Sie mit dem ins B2B-Marketing, was Sie haben. Gehen Sie Schritt f\u00fcr Schritt zu dem Ziel!<\/p>\n<p><em>Quelle und weitere Informationen: <a href=\"https:\/\/link.mediaoutreach.meltwater.com\/ls\/click?upn=Ee4-2B6UlNt8ZCwFNWkpBGl9XS9TILzlRTYHIy43XpHh0-3DYytg_a-2BWxTQtMOYT-2Bt8Ki1f8mYG4xWN5ltxg0e9BEhTLG-2BfK5b3-2Fe6xulM8GyxS-2B8fHvu9Et4m-2FfcYr2erlXbr-2FvjbWcc-2FFI7DiP0wVT-2BCi9kkMrBTKgHBD0rYz9Fcit-2BgRDEyNPGtLxyWTqYp-2BiDNVAeuZWqK-2FRnNygN4XlknYjE-2Bo-2FaFUqpZhvrYi3FxHLxHBBFSD-2BEw9tHU1PLadJQCtaZ3GISWGUuzJd-2FoztwteP3fEDZnEHjfCECjJ7LWH7z2DmPt-2B3UbzZJHrSB-2FlbwdBs21aZdPCar-2FE2JzlZrKts2ZwEiGNeost2xfjijYD1AxWTlDtWcQ8wspOYX3OqP-2BNYel-2FJ7ztNKqK8QAjMaiYuP-2BH426jy17x1kWQLQ6xQ8deMP-2BnJDUqvTdczcNRlRQIeeTA-3D-3D\">www.sybit.de<\/a><\/em><\/p>\n","protected":false},"excerpt":{"rendered":"<p>Im B2B sind oft die Marketing-Ressourcen knapp, es fehlt an Personal, Budget und einer intensiven Zusammenarbeit mit dem Vertrieb. Auch sind durchg\u00e4ngige Prozesse genauso wie eine einheitliche Datenbasis meistens gar nicht oder nur teilweise vorhanden. Mit den eigenen Bordmitteln l\u00e4sst sich aber durchaus ein B2B-Marketing aufziehen.<\/p>\n","protected":false},"author":4,"featured_media":21768,"comment_status":"closed","ping_status":"closed","sticky":false,"template":"","format":"standard","meta":{"_acf_changed":false,"_yoast_wpseo_focuskw":"B2B-Marketing","_yoast_wpseo_metadesc":"Wie f\u00fchrt man trotz bescheidenen Ressourcen eine gewinnbringende B2B-Marketing-Strategie ein? Eine Checkliste in f\u00fcnf Schritten.","articlekey":"","footnotes":""},"categories":[29],"tags":[3944,115,335],"class_list":["post-21767","post","type-post","status-publish","format-standard","has-post-thumbnail","hentry","category-marketing","tag-b2b-marketing","tag-checklisten","tag-management-und-unternehmensfuehrung"],"acf":[],"yoast_head":"<!-- This site is optimized with the Yoast SEO plugin v27.5 - https:\/\/yoast.com\/product\/yoast-seo-wordpress\/ -->\n<title>In 5 Schritten zum digitalen B2B-Marketing - Organisator<\/title>\n<meta name=\"description\" content=\"Wie f\u00fchrt man trotz bescheidenen Ressourcen eine gewinnbringende B2B-Marketing-Strategie ein? Eine Checkliste in f\u00fcnf Schritten.\" \/>\n<meta name=\"robots\" content=\"index, follow, max-snippet:-1, max-image-preview:large, max-video-preview:-1\" \/>\n<link rel=\"canonical\" href=\"https:\/\/www.organisator.ch\/de\/marketing\/2023-09-19\/in-5-schritten-zum-digitalen-b2b-marketing\/\" \/>\n<meta property=\"og:locale\" content=\"de_DE\" \/>\n<meta property=\"og:type\" content=\"article\" \/>\n<meta property=\"og:title\" content=\"In 5 Schritten zum digitalen B2B-Marketing\" \/>\n<meta property=\"og:description\" content=\"Wie f\u00fchrt man trotz bescheidenen Ressourcen eine gewinnbringende B2B-Marketing-Strategie ein? Eine Checkliste in f\u00fcnf Schritten.\" \/>\n<meta property=\"og:url\" content=\"https:\/\/www.organisator.ch\/de\/marketing\/2023-09-19\/in-5-schritten-zum-digitalen-b2b-marketing\/\" \/>\n<meta property=\"og:site_name\" content=\"Organisator\" \/>\n<meta property=\"article:publisher\" content=\"https:\/\/www.facebook.com\/OrganisatorFachmagazin\" \/>\n<meta property=\"article:published_time\" content=\"2023-09-19T04:40:40+00:00\" \/>\n<meta property=\"og:image\" content=\"https:\/\/www.organisator.ch\/wp-content\/uploads\/2023\/09\/In-5-Schritten-zum-digitalen-B2B-Marketing_Organisator.jpg\" \/>\n\t<meta property=\"og:image:width\" content=\"680\" \/>\n\t<meta property=\"og:image:height\" content=\"510\" \/>\n\t<meta property=\"og:image:type\" content=\"image\/jpeg\" \/>\n<meta name=\"author\" content=\"thomas.berner\" \/>\n<meta name=\"twitter:card\" content=\"summary_large_image\" \/>\n<meta name=\"twitter:title\" content=\"In 5 Schritten zum digitalen #B2B-Marketing\" \/>\n<meta name=\"twitter:description\" content=\"Wie f\u00fchrt man trotz bescheidenen Ressourcen eine gewinnbringende #B2B-Marketing-Strategie ein? Eine #Checkliste in f\u00fcnf Schritten.\" \/>\n<meta name=\"twitter:image\" content=\"https:\/\/www.organisator.ch\/wp-content\/uploads\/2023\/09\/In-5-Schritten-zum-digitalen-B2B-Marketing_Organisator.jpg\" \/>\n<script type=\"application\/ld+json\" class=\"yoast-schema-graph\">{\"@context\":\"https:\\\/\\\/schema.org\",\"@graph\":[{\"@type\":\"Article\",\"@id\":\"https:\\\/\\\/www.organisator.ch\\\/marketing\\\/2023-09-19\\\/in-5-schritten-zum-digitalen-b2b-marketing\\\/#article\",\"isPartOf\":{\"@id\":\"https:\\\/\\\/www.organisator.ch\\\/marketing\\\/2023-09-19\\\/in-5-schritten-zum-digitalen-b2b-marketing\\\/\"},\"author\":{\"name\":\"thomas.berner\",\"@id\":\"https:\\\/\\\/www.organisator.ch\\\/#\\\/schema\\\/person\\\/6f650f90b2842cd4c0cc334b4e36f67e\"},\"headline\":\"In 5 Schritten zum digitalen B2B-Marketing\",\"datePublished\":\"2023-09-19T04:40:40+00:00\",\"mainEntityOfPage\":{\"@id\":\"https:\\\/\\\/www.organisator.ch\\\/marketing\\\/2023-09-19\\\/in-5-schritten-zum-digitalen-b2b-marketing\\\/\"},\"wordCount\":428,\"publisher\":{\"@id\":\"https:\\\/\\\/www.organisator.ch\\\/#organization\"},\"image\":{\"@id\":\"https:\\\/\\\/www.organisator.ch\\\/marketing\\\/2023-09-19\\\/in-5-schritten-zum-digitalen-b2b-marketing\\\/#primaryimage\"},\"thumbnailUrl\":\"https:\\\/\\\/www.organisator.ch\\\/wp-content\\\/uploads\\\/2023\\\/09\\\/In-5-Schritten-zum-digitalen-B2B-Marketing_Organisator.jpg\",\"keywords\":[\"B2B-Marketing\",\"Checklisten\",\"Management und Unternehmensf\u00fchrung\"],\"articleSection\":[\"MARKETING\"],\"inLanguage\":\"de\"},{\"@type\":\"WebPage\",\"@id\":\"https:\\\/\\\/www.organisator.ch\\\/marketing\\\/2023-09-19\\\/in-5-schritten-zum-digitalen-b2b-marketing\\\/\",\"url\":\"https:\\\/\\\/www.organisator.ch\\\/marketing\\\/2023-09-19\\\/in-5-schritten-zum-digitalen-b2b-marketing\\\/\",\"name\":\"In 5 Schritten zum digitalen B2B-Marketing - Organisator\",\"isPartOf\":{\"@id\":\"https:\\\/\\\/www.organisator.ch\\\/#website\"},\"primaryImageOfPage\":{\"@id\":\"https:\\\/\\\/www.organisator.ch\\\/marketing\\\/2023-09-19\\\/in-5-schritten-zum-digitalen-b2b-marketing\\\/#primaryimage\"},\"image\":{\"@id\":\"https:\\\/\\\/www.organisator.ch\\\/marketing\\\/2023-09-19\\\/in-5-schritten-zum-digitalen-b2b-marketing\\\/#primaryimage\"},\"thumbnailUrl\":\"https:\\\/\\\/www.organisator.ch\\\/wp-content\\\/uploads\\\/2023\\\/09\\\/In-5-Schritten-zum-digitalen-B2B-Marketing_Organisator.jpg\",\"datePublished\":\"2023-09-19T04:40:40+00:00\",\"description\":\"Wie f\u00fchrt man trotz bescheidenen Ressourcen eine gewinnbringende B2B-Marketing-Strategie ein? Eine Checkliste in f\u00fcnf Schritten.\",\"breadcrumb\":{\"@id\":\"https:\\\/\\\/www.organisator.ch\\\/marketing\\\/2023-09-19\\\/in-5-schritten-zum-digitalen-b2b-marketing\\\/#breadcrumb\"},\"inLanguage\":\"de\",\"potentialAction\":[{\"@type\":\"ReadAction\",\"target\":[\"https:\\\/\\\/www.organisator.ch\\\/marketing\\\/2023-09-19\\\/in-5-schritten-zum-digitalen-b2b-marketing\\\/\"]}]},{\"@type\":\"ImageObject\",\"inLanguage\":\"de\",\"@id\":\"https:\\\/\\\/www.organisator.ch\\\/marketing\\\/2023-09-19\\\/in-5-schritten-zum-digitalen-b2b-marketing\\\/#primaryimage\",\"url\":\"https:\\\/\\\/www.organisator.ch\\\/wp-content\\\/uploads\\\/2023\\\/09\\\/In-5-Schritten-zum-digitalen-B2B-Marketing_Organisator.jpg\",\"contentUrl\":\"https:\\\/\\\/www.organisator.ch\\\/wp-content\\\/uploads\\\/2023\\\/09\\\/In-5-Schritten-zum-digitalen-B2B-Marketing_Organisator.jpg\",\"width\":680,\"height\":510,\"caption\":\"Digitales B2B-Marketing: Aller Anfang muss nicht unbedingt schwer sein. (Bild: Unsplash.com)\"},{\"@type\":\"BreadcrumbList\",\"@id\":\"https:\\\/\\\/www.organisator.ch\\\/marketing\\\/2023-09-19\\\/in-5-schritten-zum-digitalen-b2b-marketing\\\/#breadcrumb\",\"itemListElement\":[{\"@type\":\"ListItem\",\"position\":1,\"name\":\"Home\",\"item\":\"https:\\\/\\\/www.organisator.ch\\\/\"},{\"@type\":\"ListItem\",\"position\":2,\"name\":\"In 5 Schritten zum digitalen B2B-Marketing\"}]},{\"@type\":\"WebSite\",\"@id\":\"https:\\\/\\\/www.organisator.ch\\\/#website\",\"url\":\"https:\\\/\\\/www.organisator.ch\\\/\",\"name\":\"Organisator\",\"description\":\"Kompetent. Praxisnah. Der ORGANISATOR bereitet in 10 Ausgaben pro Jahr die wesentlichen Themen f\u00fcr F\u00fchrungskr\u00e4fte von KMU auf.\",\"publisher\":{\"@id\":\"https:\\\/\\\/www.organisator.ch\\\/#organization\"},\"potentialAction\":[{\"@type\":\"SearchAction\",\"target\":{\"@type\":\"EntryPoint\",\"urlTemplate\":\"https:\\\/\\\/www.organisator.ch\\\/?s={search_term_string}\"},\"query-input\":{\"@type\":\"PropertyValueSpecification\",\"valueRequired\":true,\"valueName\":\"search_term_string\"}}],\"inLanguage\":\"de\"},{\"@type\":\"Organization\",\"@id\":\"https:\\\/\\\/www.organisator.ch\\\/#organization\",\"name\":\"Organisator\",\"url\":\"https:\\\/\\\/www.organisator.ch\\\/\",\"logo\":{\"@type\":\"ImageObject\",\"inLanguage\":\"de\",\"@id\":\"https:\\\/\\\/www.organisator.ch\\\/#\\\/schema\\\/logo\\\/image\\\/\",\"url\":\"https:\\\/\\\/www.organisator.ch\\\/wp-content\\\/uploads\\\/2022\\\/01\\\/Logo_Organisator_Website.png\",\"contentUrl\":\"https:\\\/\\\/www.organisator.ch\\\/wp-content\\\/uploads\\\/2022\\\/01\\\/Logo_Organisator_Website.png\",\"width\":800,\"height\":77,\"caption\":\"Organisator\"},\"image\":{\"@id\":\"https:\\\/\\\/www.organisator.ch\\\/#\\\/schema\\\/logo\\\/image\\\/\"},\"sameAs\":[\"https:\\\/\\\/www.facebook.com\\\/OrganisatorFachmagazin\",\"https:\\\/\\\/www.linkedin.com\\\/showcase\\\/organisator-das-magazin-fr-kmu\",\"https:\\\/\\\/www.xing.com\\\/news\\\/pages\\\/organisator-ch-695\",\"https:\\\/\\\/www.youtube.com\\\/channel\\\/UCGP2Sq0iWaZwT3BdIAQFYpw\"]},{\"@type\":\"Person\",\"@id\":\"https:\\\/\\\/www.organisator.ch\\\/#\\\/schema\\\/person\\\/6f650f90b2842cd4c0cc334b4e36f67e\",\"name\":\"thomas.berner\",\"image\":{\"@type\":\"ImageObject\",\"inLanguage\":\"de\",\"@id\":\"https:\\\/\\\/secure.gravatar.com\\\/avatar\\\/ac5001d2a36cb6c6cd3e50789007ffca834b477b74a2144564522e944eabff61?s=96&d=mm&r=g\",\"url\":\"https:\\\/\\\/secure.gravatar.com\\\/avatar\\\/ac5001d2a36cb6c6cd3e50789007ffca834b477b74a2144564522e944eabff61?s=96&d=mm&r=g\",\"contentUrl\":\"https:\\\/\\\/secure.gravatar.com\\\/avatar\\\/ac5001d2a36cb6c6cd3e50789007ffca834b477b74a2144564522e944eabff61?s=96&d=mm&r=g\",\"caption\":\"thomas.berner\"},\"url\":\"https:\\\/\\\/www.organisator.ch\\\/de\\\/author\\\/thomas-berner\\\/\"}]}<\/script>\n<!-- \/ Yoast SEO plugin. -->","yoast_head_json":{"title":"In 5 Schritten zum digitalen B2B-Marketing - Organisator","description":"Wie f\u00fchrt man trotz bescheidenen Ressourcen eine gewinnbringende B2B-Marketing-Strategie ein? Eine Checkliste in f\u00fcnf Schritten.","robots":{"index":"index","follow":"follow","max-snippet":"max-snippet:-1","max-image-preview":"max-image-preview:large","max-video-preview":"max-video-preview:-1"},"canonical":"https:\/\/www.organisator.ch\/de\/marketing\/2023-09-19\/in-5-schritten-zum-digitalen-b2b-marketing\/","og_locale":"de_DE","og_type":"article","og_title":"In 5 Schritten zum digitalen B2B-Marketing","og_description":"Wie f\u00fchrt man trotz bescheidenen Ressourcen eine gewinnbringende B2B-Marketing-Strategie ein? Eine Checkliste in f\u00fcnf Schritten.","og_url":"https:\/\/www.organisator.ch\/de\/marketing\/2023-09-19\/in-5-schritten-zum-digitalen-b2b-marketing\/","og_site_name":"Organisator","article_publisher":"https:\/\/www.facebook.com\/OrganisatorFachmagazin","article_published_time":"2023-09-19T04:40:40+00:00","og_image":[{"width":680,"height":510,"url":"https:\/\/www.organisator.ch\/wp-content\/uploads\/2023\/09\/In-5-Schritten-zum-digitalen-B2B-Marketing_Organisator.jpg","type":"image\/jpeg"}],"author":"thomas.berner","twitter_card":"summary_large_image","twitter_title":"In 5 Schritten zum digitalen #B2B-Marketing","twitter_description":"Wie f\u00fchrt man trotz bescheidenen Ressourcen eine gewinnbringende #B2B-Marketing-Strategie ein? Eine #Checkliste in f\u00fcnf Schritten.","twitter_image":"https:\/\/www.organisator.ch\/wp-content\/uploads\/2023\/09\/In-5-Schritten-zum-digitalen-B2B-Marketing_Organisator.jpg","schema":{"@context":"https:\/\/schema.org","@graph":[{"@type":"Article","@id":"https:\/\/www.organisator.ch\/marketing\/2023-09-19\/in-5-schritten-zum-digitalen-b2b-marketing\/#article","isPartOf":{"@id":"https:\/\/www.organisator.ch\/marketing\/2023-09-19\/in-5-schritten-zum-digitalen-b2b-marketing\/"},"author":{"name":"thomas.berner","@id":"https:\/\/www.organisator.ch\/#\/schema\/person\/6f650f90b2842cd4c0cc334b4e36f67e"},"headline":"In 5 Schritten zum digitalen B2B-Marketing","datePublished":"2023-09-19T04:40:40+00:00","mainEntityOfPage":{"@id":"https:\/\/www.organisator.ch\/marketing\/2023-09-19\/in-5-schritten-zum-digitalen-b2b-marketing\/"},"wordCount":428,"publisher":{"@id":"https:\/\/www.organisator.ch\/#organization"},"image":{"@id":"https:\/\/www.organisator.ch\/marketing\/2023-09-19\/in-5-schritten-zum-digitalen-b2b-marketing\/#primaryimage"},"thumbnailUrl":"https:\/\/www.organisator.ch\/wp-content\/uploads\/2023\/09\/In-5-Schritten-zum-digitalen-B2B-Marketing_Organisator.jpg","keywords":["B2B-Marketing","Checklisten","Management und Unternehmensf\u00fchrung"],"articleSection":["MARKETING"],"inLanguage":"de"},{"@type":"WebPage","@id":"https:\/\/www.organisator.ch\/marketing\/2023-09-19\/in-5-schritten-zum-digitalen-b2b-marketing\/","url":"https:\/\/www.organisator.ch\/marketing\/2023-09-19\/in-5-schritten-zum-digitalen-b2b-marketing\/","name":"In 5 Schritten zum digitalen B2B-Marketing - Organisator","isPartOf":{"@id":"https:\/\/www.organisator.ch\/#website"},"primaryImageOfPage":{"@id":"https:\/\/www.organisator.ch\/marketing\/2023-09-19\/in-5-schritten-zum-digitalen-b2b-marketing\/#primaryimage"},"image":{"@id":"https:\/\/www.organisator.ch\/marketing\/2023-09-19\/in-5-schritten-zum-digitalen-b2b-marketing\/#primaryimage"},"thumbnailUrl":"https:\/\/www.organisator.ch\/wp-content\/uploads\/2023\/09\/In-5-Schritten-zum-digitalen-B2B-Marketing_Organisator.jpg","datePublished":"2023-09-19T04:40:40+00:00","description":"Wie f\u00fchrt man trotz bescheidenen Ressourcen eine gewinnbringende B2B-Marketing-Strategie ein? Eine Checkliste in f\u00fcnf Schritten.","breadcrumb":{"@id":"https:\/\/www.organisator.ch\/marketing\/2023-09-19\/in-5-schritten-zum-digitalen-b2b-marketing\/#breadcrumb"},"inLanguage":"de","potentialAction":[{"@type":"ReadAction","target":["https:\/\/www.organisator.ch\/marketing\/2023-09-19\/in-5-schritten-zum-digitalen-b2b-marketing\/"]}]},{"@type":"ImageObject","inLanguage":"de","@id":"https:\/\/www.organisator.ch\/marketing\/2023-09-19\/in-5-schritten-zum-digitalen-b2b-marketing\/#primaryimage","url":"https:\/\/www.organisator.ch\/wp-content\/uploads\/2023\/09\/In-5-Schritten-zum-digitalen-B2B-Marketing_Organisator.jpg","contentUrl":"https:\/\/www.organisator.ch\/wp-content\/uploads\/2023\/09\/In-5-Schritten-zum-digitalen-B2B-Marketing_Organisator.jpg","width":680,"height":510,"caption":"Digitales B2B-Marketing: Aller Anfang muss nicht unbedingt schwer sein. (Bild: Unsplash.com)"},{"@type":"BreadcrumbList","@id":"https:\/\/www.organisator.ch\/marketing\/2023-09-19\/in-5-schritten-zum-digitalen-b2b-marketing\/#breadcrumb","itemListElement":[{"@type":"ListItem","position":1,"name":"Home","item":"https:\/\/www.organisator.ch\/"},{"@type":"ListItem","position":2,"name":"In 5 Schritten zum digitalen B2B-Marketing"}]},{"@type":"WebSite","@id":"https:\/\/www.organisator.ch\/#website","url":"https:\/\/www.organisator.ch\/","name":"Organisator","description":"Kompetent. Praxisnah. Der ORGANISATOR bereitet in 10 Ausgaben pro Jahr die wesentlichen Themen f\u00fcr F\u00fchrungskr\u00e4fte von KMU auf.","publisher":{"@id":"https:\/\/www.organisator.ch\/#organization"},"potentialAction":[{"@type":"SearchAction","target":{"@type":"EntryPoint","urlTemplate":"https:\/\/www.organisator.ch\/?s={search_term_string}"},"query-input":{"@type":"PropertyValueSpecification","valueRequired":true,"valueName":"search_term_string"}}],"inLanguage":"de"},{"@type":"Organization","@id":"https:\/\/www.organisator.ch\/#organization","name":"Organisator","url":"https:\/\/www.organisator.ch\/","logo":{"@type":"ImageObject","inLanguage":"de","@id":"https:\/\/www.organisator.ch\/#\/schema\/logo\/image\/","url":"https:\/\/www.organisator.ch\/wp-content\/uploads\/2022\/01\/Logo_Organisator_Website.png","contentUrl":"https:\/\/www.organisator.ch\/wp-content\/uploads\/2022\/01\/Logo_Organisator_Website.png","width":800,"height":77,"caption":"Organisator"},"image":{"@id":"https:\/\/www.organisator.ch\/#\/schema\/logo\/image\/"},"sameAs":["https:\/\/www.facebook.com\/OrganisatorFachmagazin","https:\/\/www.linkedin.com\/showcase\/organisator-das-magazin-fr-kmu","https:\/\/www.xing.com\/news\/pages\/organisator-ch-695","https:\/\/www.youtube.com\/channel\/UCGP2Sq0iWaZwT3BdIAQFYpw"]},{"@type":"Person","@id":"https:\/\/www.organisator.ch\/#\/schema\/person\/6f650f90b2842cd4c0cc334b4e36f67e","name":"thomas.berner","image":{"@type":"ImageObject","inLanguage":"de","@id":"https:\/\/secure.gravatar.com\/avatar\/ac5001d2a36cb6c6cd3e50789007ffca834b477b74a2144564522e944eabff61?s=96&d=mm&r=g","url":"https:\/\/secure.gravatar.com\/avatar\/ac5001d2a36cb6c6cd3e50789007ffca834b477b74a2144564522e944eabff61?s=96&d=mm&r=g","contentUrl":"https:\/\/secure.gravatar.com\/avatar\/ac5001d2a36cb6c6cd3e50789007ffca834b477b74a2144564522e944eabff61?s=96&d=mm&r=g","caption":"thomas.berner"},"url":"https:\/\/www.organisator.ch\/de\/author\/thomas-berner\/"}]}},"_links":{"self":[{"href":"https:\/\/www.organisator.ch\/de\/wp-json\/wp\/v2\/posts\/21767","targetHints":{"allow":["GET"]}}],"collection":[{"href":"https:\/\/www.organisator.ch\/de\/wp-json\/wp\/v2\/posts"}],"about":[{"href":"https:\/\/www.organisator.ch\/de\/wp-json\/wp\/v2\/types\/post"}],"author":[{"embeddable":true,"href":"https:\/\/www.organisator.ch\/de\/wp-json\/wp\/v2\/users\/4"}],"replies":[{"embeddable":true,"href":"https:\/\/www.organisator.ch\/de\/wp-json\/wp\/v2\/comments?post=21767"}],"version-history":[{"count":1,"href":"https:\/\/www.organisator.ch\/de\/wp-json\/wp\/v2\/posts\/21767\/revisions"}],"predecessor-version":[{"id":21769,"href":"https:\/\/www.organisator.ch\/de\/wp-json\/wp\/v2\/posts\/21767\/revisions\/21769"}],"wp:featuredmedia":[{"embeddable":true,"href":"https:\/\/www.organisator.ch\/de\/wp-json\/wp\/v2\/media\/21768"}],"wp:attachment":[{"href":"https:\/\/www.organisator.ch\/de\/wp-json\/wp\/v2\/media?parent=21767"}],"wp:term":[{"taxonomy":"category","embeddable":true,"href":"https:\/\/www.organisator.ch\/de\/wp-json\/wp\/v2\/categories?post=21767"},{"taxonomy":"post_tag","embeddable":true,"href":"https:\/\/www.organisator.ch\/de\/wp-json\/wp\/v2\/tags?post=21767"}],"curies":[{"name":"wp","href":"https:\/\/api.w.org\/{rel}","templated":true}]}}