{"id":21824,"date":"2023-09-20T15:16:22","date_gmt":"2023-09-20T13:16:22","guid":{"rendered":"https:\/\/www.organisator.ch\/?p=21824"},"modified":"2023-09-20T15:16:22","modified_gmt":"2023-09-20T13:16:22","slug":"polen-schweiz-ehrgeiz-ganz-nach-vorne-zu-kommen","status":"publish","type":"post","link":"https:\/\/www.organisator.ch\/de\/management\/2023-09-20\/polen-schweiz-ehrgeiz-ganz-nach-vorne-zu-kommen\/","title":{"rendered":"Polen &#8211; Schweiz: \u00abEhrgeiz, ganz nach vorne zu kommen\u00bb"},"content":{"rendered":"<figure id=\"attachment_21825\" aria-describedby=\"caption-attachment-21825\" style=\"width: 680px\" class=\"wp-caption alignnone\"><img loading=\"lazy\" decoding=\"async\" class=\"size-full wp-image-21825\" src=\"https:\/\/www.organisator.ch\/wp-content\/uploads\/2023\/09\/Polen-Schweiz-Ehrgeiz-ganz-nach-vorne-zu-kommen_Organisator.jpg\" alt=\"\" width=\"680\" height=\"475\" srcset=\"https:\/\/www.organisator.ch\/wp-content\/uploads\/2023\/09\/Polen-Schweiz-Ehrgeiz-ganz-nach-vorne-zu-kommen_Organisator.jpg 680w, https:\/\/www.organisator.ch\/wp-content\/uploads\/2023\/09\/Polen-Schweiz-Ehrgeiz-ganz-nach-vorne-zu-kommen_Organisator-18x12.jpg 18w, https:\/\/www.organisator.ch\/wp-content\/uploads\/2023\/09\/Polen-Schweiz-Ehrgeiz-ganz-nach-vorne-zu-kommen_Organisator-375x262.jpg 375w, https:\/\/www.organisator.ch\/wp-content\/uploads\/2023\/09\/Polen-Schweiz-Ehrgeiz-ganz-nach-vorne-zu-kommen_Organisator-501x350.jpg 501w\" sizes=\"auto, (max-width: 680px) 100vw, 680px\" \/><figcaption id=\"caption-attachment-21825\" class=\"wp-caption-text\">Diskutierten \u00fcber Chancen und Risiken der industriellen technologischen Entwicklung (v.l.n.r): Nicolas Mayencourt (Dreamlab AG), Prof. Dr. Michael Hengartner (ETH Z\u00fcrich), Marcin Rzetecki (Polish Blockchain Association), Andrew Garuana Galizia (World Economic Forum), Adrian Kutnik (Warsaw Stock Exchange), Prof. Dr. Joanna Cygler (Lukasiewicz Research Network). Das Fazit der Diskussion: Bildung und vorausschauendes Handeln sind Schl\u00fcsselfaktoren. (Bild: Thomas Berner)<\/figcaption><\/figure>\n<p>Es war eine der ersten Amtshandlungen der polnischen Botschafterin Iwona Kozlowska, als sie 2020 \u2013 mitten in der Corona-Krise \u2013 die Gesch\u00e4fte in der Schweiz \u00fcbernahm: Sie hob ein polnisch-schweizerisches Wirtschafts- und Technologieforum aus der Taufe. Es war ein voller Erfolg, und mittlerweile scheint sich der Anlass etabliert zu haben. An der dritten Durchf\u00fchrung am 18.\/19. September 2023 in Bern waren jedenfalls erneut zwischen 100 und 150 Besucherinnen aus beiden L\u00e4ndern zugegen. In Form von Paneldiskussionen wurden verschiedene Aspekte von wirtschaftlicher, politischer und forschungsbezogener Zusammenarbeit beleuchtet. Auch \u00fcber zuk\u00fcnftige Entwicklungen, z.B. von Industrie 4.0 zu Industrie 5.0 wurde diskutiert, wie auch \u00fcber aktuelle Herausforderungen bei der Zusammenarbeit zwischen der Schweiz und der gesamten EU oder im Kontext globaler Entwicklungen wie Klimawandel und demografische Entwicklung.<\/p>\n<h3>Innovation auf Augenh\u00f6he<\/h3>\n<p>Die Schweiz und Polen f\u00fchren stabile bilaterale Beziehungen. Dies wurde immer wieder betont. Als Nearshoring-Standort sowie als Absatzmarkt f\u00fcr hochwertige Investitions- und Konsumg\u00fcter ist Polen f\u00fcr die Schweizer Wirtschaft in den letzten Jahren immer wichtiger geworden. Auch als Investitionsstandort ist Polen international inzwischen eine gewichtige Gr\u00f6sse: Gemessen an den get\u00e4tigten Investitionen ist das Land die Nr. 1 in der EU, wie <a href=\"https:\/\/www.organisator.ch\/de\/allgemein\/2023-08-30\/polen-und-die-schweiz-liegen-nicht-weit-auseinander\/\">Botschafterin Iwona Kozlowska in einem Interview mit diesem Medium festhielt<\/a>.<\/p>\n<p>W\u00e4hrend Polen f\u00fcr die Schweiz als Absatzmarkt und Ressource f\u00fcr Workforce interessant ist, interessiert sich Polen vor allem f\u00fcr Know-How-Transfer. Man weiss um die Finanzkraft der Schweiz und ihre Reputation als Innovationsstandort \u2013 und auch als Hort politischer Stabilit\u00e4t mit sicheren Rahmenbedingungen. Aber gerade in Sachen Innovation hat Polen aufgeholt: Mit der Billon Group (Blockchain-L\u00f6sungen f\u00fcr Dokumentenmanagement, digitale Finanztransaktionen und Tokenisierung), Vigo Photonics (Infrarot-Sensortechnologie) oder Elproma (Elektronik) wurden drei der innovativsten polnischen Unternehmen vorgestellt. Diese drei Firmen illustrieren, dass sich in Sachen Technologie die beiden L\u00e4nder auf Augenh\u00f6he begegnen. Und nicht zu vergessen: Einiges an Schweizer Innovation ist auch \u00abMade in Poland\u00bb, etwa in Form der inzwischen b\u00f6rsennotierten Kudelski Group aus Lausanne \u2013 ihr Firmengr\u00fcnder Stefan Kudelski stammte aus Warschau.<\/p>\n<h3>Vertrauen aufbauen &#8211; regulatorische H\u00fcrden abbauen<\/h3>\n<p>Dass vieles zwischen den beiden L\u00e4ndern gut funktioniert, ist nicht zu bestreiten. Es gibt aber \u2013 wie auch Botschafterin Iwona Kozlowska einr\u00e4umte \u2013 immer noch viel zu tun in Polen. Aber: \u00abWir haben den Ehrgeiz, ganz nach vorne zu kommen.\u00bb Nachholbedarf sieht sie etwa im Bereich der Berufsbildung. Gerade hier gilt das duale Schweizer Bildungssystem als Vorbild. Es brauche in Polen mehr Offenheit gegen\u00fcber den unterschiedlichsten Kompetenzen in Unternehmen, betonte etwa Prof. Dr. Joanna Cygler vom Lukasievicz Forschungsnetzwerk. Auch wenn die polnische Startup-Szene in Sachen Dynamik den internationalen Vergleich nicht zu scheuen braucht, fehle es zuweilen noch an der unternehmerischen Reife, wie etwa Marcin Rzetecki, Pr\u00e4sident der Polish Blockchain Association feststellt: \u00abJugendliche m\u00fcssen besser lernen, wie man delegiert und die Arbeit teilt\u00bb.<\/p>\n<p>Und auch unterschiedliche Regulierungen werden zuweilen als H\u00fcrden empfunden. Marek Dutkiewicz, Gr\u00fcnder von HR Campus in der Schweiz, kennt beide \u00abKulturen\u00bb bestens: W\u00e4hrend in der Schweiz vieles per Handschlag und im Vertrauen ablaufe, erlebe er es in seinem Heimatland immer noch anders. Dem konnte Dr. Ing. Pawel Stezycki, ebenfalls vom Lukasiewicz Forschungsnetzwerk, beipflichten: \u00abIch besch\u00e4ftige sechs Juristen, obwohl ich eigentlich nur gerne einen h\u00e4tte\u00bb, sagte er mit Blick auf umfangreiche Vertragswerke, die bei Kooperationen h\u00e4ufig an der Tagesordnung sind.<\/p>\n<h3>Fruchtbare Kooperationen \u00abbottom-up\u00bb<\/h3>\n<p>Wo bestehen die wichtigsten Bereiche f\u00fcr Kooperationen zwischen Schweizer und polnischen Institutionen? Wirtschaftlich und im Forschungskontext sind es vor allem die Pharma-, Finanz- und Informationstechnologie. Blockchain ist dazu ein prominentes Beispiel. Seit kurzem besteht die Swiss-Polish Blockchain Association mit dem Ziel, das Zuger \u00abCrypto Valley\u00bb mit Exponenten der ebenfalls dynamischen polnischen Blockchain-Szene zu vernetzen \u2013 und zwar ganz klassisch \u00abbottom-up\u00bb. Und genau dieses \u00abbottom-up\u00bb wurde am Polnischen Wirtschafts- und Technologieforum immer wieder deutlich: Zusammenarbeit kann nicht \u00abvon oben\u00bb verordnet werden, sondern muss von unten kommen. Entsprechend stehen hinter allen bestehenden oder gerade noch am Beginn stehenden Kooperationen Initiativen von Einzelpersonen. Diese Einzel-Initiativen zu vernetzen hat sich das Forum zur Aufgabe gemacht. Denn Kooperationsm\u00f6glichkeiten zwischen der Schweiz und Polen gibt es inzwischen zahlreiche. Die Schwierigkeit liegt wom\u00f6glich darin, in der Vielzahl den richtigen Ankn\u00fcpfungspunkt zu finden.<\/p>\n<blockquote>\n<h3>Anlaufstellen f\u00fcr Erstinformationen<\/h3>\n<p><em>Business aus der Schweiz mit Polen aufbauen? Hier k\u00f6nnen sich Schweizer Unternehmen erste Informationen holen:<\/em><\/p>\n<ul>\n<li><em><a href=\"https:\/\/www.gov.pl\/web\/schweiz\/botschaft\">Botschaft der Republik Polen in Bern<\/a>\u00a0<\/em><\/li>\n<li><em><a href=\"https:\/\/polconsul-basel.ch\/\">Konsulat der Republik Polen in Basel<\/a> (weitere Standorte in Z\u00fcrich oder Genf sind geplant)<\/em><\/li>\n<li><em><a href=\"http:\/\/www.s-ge.com\">Switzerland Global Enterprise (S-GE)<\/a><\/em><\/li>\n<li><em><a href=\"https:\/\/swisspolishblockchain.org\/\">Swiss-Polish Blockchain Association<\/a>\u00a0<\/em><\/li>\n<\/ul>\n<p><em>F\u00fcr Forschungszusammenarbeit interessant:<\/em><\/p>\n<ul>\n<li><em><a href=\"https:\/\/poloniumfoundation.org\/\">Polonium Foundation<\/a> (Stiftung f\u00fcr die Kooperation zwischen polnischen und ausl\u00e4ndischen Wissenschaftlern)<\/em><\/li>\n<li><em><a href=\"https:\/\/lukasiewicz.gov.pl\/en\/\">Lukasiewicz Forschungsnetzwerk<\/a> (22 Institute mit \u00fcber 4500 Wissenschaftlern und Ingenieuren)<\/em><\/li>\n<\/ul>\n<\/blockquote>\n","protected":false},"excerpt":{"rendered":"<p>Am 18. und 19. September 2023 fand im Berner Kursaal das dritte Polnische Wirtschafts- und Technologieforum in der Schweiz statt. Die Veranstaltung bezweckt den Br\u00fcckenbau zwischen schweizerischen und polnischen Institutionen, um die Kooperation in Wirtschaft, Wissenschaft und Politik anzukurbeln. <\/p>\n","protected":false},"author":4,"featured_media":21825,"comment_status":"closed","ping_status":"closed","sticky":false,"template":"","format":"standard","meta":{"_acf_changed":false,"_yoast_wpseo_focuskw":"Ehrgeiz","_yoast_wpseo_metadesc":"Am 18. und 19. September 2023 fand im Berner Kursaal das dritte Polnische Wirtschafts- und Technologieforum in der Schweiz statt.","articlekey":"","footnotes":""},"categories":[28],"tags":[193,280,335,508,531],"class_list":["post-21824","post","type-post","status-publish","format-standard","has-post-thumbnail","hentry","category-management","tag-fachkongressfachmesse","tag-internationalisierung","tag-management-und-unternehmensfuehrung","tag-vermischtes","tag-wirtschaftspolitik"],"acf":[],"yoast_head":"<!-- This site is optimized with the Yoast SEO plugin v27.4 - https:\/\/yoast.com\/product\/yoast-seo-wordpress\/ -->\n<title>Polen - Schweiz: \u00abEhrgeiz, ganz nach vorne zu kommen\u00bb - Organisator<\/title>\n<meta name=\"description\" content=\"Am 18. und 19. September 2023 fand im Berner Kursaal das dritte Polnische Wirtschafts- und Technologieforum in der Schweiz statt.\" \/>\n<meta name=\"robots\" content=\"index, follow, max-snippet:-1, max-image-preview:large, max-video-preview:-1\" \/>\n<link rel=\"canonical\" href=\"https:\/\/www.organisator.ch\/de\/management\/2023-09-20\/polen-schweiz-ehrgeiz-ganz-nach-vorne-zu-kommen\/\" \/>\n<meta property=\"og:locale\" content=\"de_DE\" \/>\n<meta property=\"og:type\" content=\"article\" \/>\n<meta property=\"og:title\" content=\"Polen - Schweiz: \u00abEhrgeiz, ganz nach vorne zu kommen\u00bb\" \/>\n<meta property=\"og:description\" content=\"Am 18. und 19. September 2023 fand im Berner Kursaal das dritte Polnische Wirtschafts- und Technologieforum in der Schweiz statt.\" \/>\n<meta property=\"og:url\" content=\"https:\/\/www.organisator.ch\/de\/management\/2023-09-20\/polen-schweiz-ehrgeiz-ganz-nach-vorne-zu-kommen\/\" \/>\n<meta property=\"og:site_name\" content=\"Organisator\" \/>\n<meta property=\"article:publisher\" content=\"https:\/\/www.facebook.com\/OrganisatorFachmagazin\" \/>\n<meta property=\"article:published_time\" content=\"2023-09-20T13:16:22+00:00\" \/>\n<meta property=\"og:image\" content=\"https:\/\/www.organisator.ch\/wp-content\/uploads\/2023\/09\/Polen-Schweiz-Ehrgeiz-ganz-nach-vorne-zu-kommen_Organisator.jpg\" \/>\n\t<meta property=\"og:image:width\" content=\"680\" \/>\n\t<meta property=\"og:image:height\" content=\"475\" \/>\n\t<meta property=\"og:image:type\" content=\"image\/jpeg\" \/>\n<meta name=\"author\" content=\"thomas.berner\" \/>\n<meta name=\"twitter:card\" content=\"summary_large_image\" \/>\n<meta name=\"twitter:title\" content=\"#Polen - #Schweiz: \u00ab#Ehrgeiz, ganz nach vorne zu kommen\u00bb\" \/>\n<meta name=\"twitter:description\" content=\"Am 18. und 19. September 2023 fand im Berner #Kursaal das dritte Polnische #Wirtschafts- und #Technologieforum in der Schweiz statt.\" \/>\n<meta name=\"twitter:image\" content=\"https:\/\/www.organisator.ch\/wp-content\/uploads\/2023\/09\/Polen-Schweiz-Ehrgeiz-ganz-nach-vorne-zu-kommen_Organisator.jpg\" \/>\n<script type=\"application\/ld+json\" class=\"yoast-schema-graph\">{\"@context\":\"https:\\\/\\\/schema.org\",\"@graph\":[{\"@type\":\"Article\",\"@id\":\"https:\\\/\\\/www.organisator.ch\\\/management\\\/2023-09-20\\\/polen-schweiz-ehrgeiz-ganz-nach-vorne-zu-kommen\\\/#article\",\"isPartOf\":{\"@id\":\"https:\\\/\\\/www.organisator.ch\\\/management\\\/2023-09-20\\\/polen-schweiz-ehrgeiz-ganz-nach-vorne-zu-kommen\\\/\"},\"author\":{\"name\":\"thomas.berner\",\"@id\":\"https:\\\/\\\/www.organisator.ch\\\/#\\\/schema\\\/person\\\/6f650f90b2842cd4c0cc334b4e36f67e\"},\"headline\":\"Polen &#8211; Schweiz: \u00abEhrgeiz, ganz nach vorne zu kommen\u00bb\",\"datePublished\":\"2023-09-20T13:16:22+00:00\",\"mainEntityOfPage\":{\"@id\":\"https:\\\/\\\/www.organisator.ch\\\/management\\\/2023-09-20\\\/polen-schweiz-ehrgeiz-ganz-nach-vorne-zu-kommen\\\/\"},\"wordCount\":837,\"publisher\":{\"@id\":\"https:\\\/\\\/www.organisator.ch\\\/#organization\"},\"image\":{\"@id\":\"https:\\\/\\\/www.organisator.ch\\\/management\\\/2023-09-20\\\/polen-schweiz-ehrgeiz-ganz-nach-vorne-zu-kommen\\\/#primaryimage\"},\"thumbnailUrl\":\"https:\\\/\\\/www.organisator.ch\\\/wp-content\\\/uploads\\\/2023\\\/09\\\/Polen-Schweiz-Ehrgeiz-ganz-nach-vorne-zu-kommen_Organisator.jpg\",\"keywords\":[\"Fachkongress\\\/Fachmesse\",\"Internationalisierung\",\"Management und Unternehmensf\u00fchrung\",\"Vermischtes\",\"Wirtschaftspolitik\"],\"articleSection\":[\"MANAGEMENT\"],\"inLanguage\":\"de\"},{\"@type\":\"WebPage\",\"@id\":\"https:\\\/\\\/www.organisator.ch\\\/management\\\/2023-09-20\\\/polen-schweiz-ehrgeiz-ganz-nach-vorne-zu-kommen\\\/\",\"url\":\"https:\\\/\\\/www.organisator.ch\\\/management\\\/2023-09-20\\\/polen-schweiz-ehrgeiz-ganz-nach-vorne-zu-kommen\\\/\",\"name\":\"Polen - Schweiz: \u00abEhrgeiz, ganz nach vorne zu kommen\u00bb - Organisator\",\"isPartOf\":{\"@id\":\"https:\\\/\\\/www.organisator.ch\\\/#website\"},\"primaryImageOfPage\":{\"@id\":\"https:\\\/\\\/www.organisator.ch\\\/management\\\/2023-09-20\\\/polen-schweiz-ehrgeiz-ganz-nach-vorne-zu-kommen\\\/#primaryimage\"},\"image\":{\"@id\":\"https:\\\/\\\/www.organisator.ch\\\/management\\\/2023-09-20\\\/polen-schweiz-ehrgeiz-ganz-nach-vorne-zu-kommen\\\/#primaryimage\"},\"thumbnailUrl\":\"https:\\\/\\\/www.organisator.ch\\\/wp-content\\\/uploads\\\/2023\\\/09\\\/Polen-Schweiz-Ehrgeiz-ganz-nach-vorne-zu-kommen_Organisator.jpg\",\"datePublished\":\"2023-09-20T13:16:22+00:00\",\"description\":\"Am 18. und 19. September 2023 fand im Berner Kursaal das dritte Polnische Wirtschafts- und Technologieforum in der Schweiz statt.\",\"breadcrumb\":{\"@id\":\"https:\\\/\\\/www.organisator.ch\\\/management\\\/2023-09-20\\\/polen-schweiz-ehrgeiz-ganz-nach-vorne-zu-kommen\\\/#breadcrumb\"},\"inLanguage\":\"de\",\"potentialAction\":[{\"@type\":\"ReadAction\",\"target\":[\"https:\\\/\\\/www.organisator.ch\\\/management\\\/2023-09-20\\\/polen-schweiz-ehrgeiz-ganz-nach-vorne-zu-kommen\\\/\"]}]},{\"@type\":\"ImageObject\",\"inLanguage\":\"de\",\"@id\":\"https:\\\/\\\/www.organisator.ch\\\/management\\\/2023-09-20\\\/polen-schweiz-ehrgeiz-ganz-nach-vorne-zu-kommen\\\/#primaryimage\",\"url\":\"https:\\\/\\\/www.organisator.ch\\\/wp-content\\\/uploads\\\/2023\\\/09\\\/Polen-Schweiz-Ehrgeiz-ganz-nach-vorne-zu-kommen_Organisator.jpg\",\"contentUrl\":\"https:\\\/\\\/www.organisator.ch\\\/wp-content\\\/uploads\\\/2023\\\/09\\\/Polen-Schweiz-Ehrgeiz-ganz-nach-vorne-zu-kommen_Organisator.jpg\",\"width\":680,\"height\":475,\"caption\":\"Diskutierten \u00fcber Chancen und Risiken der industriellen technologischen Entwicklung (v.l.n.r): Nicolas Mayencourt (Dreamlab AG), Prof. Dr. Michael Hengartner (ETH Z\u00fcrich), Marcin Rzetecki (Polish Blockchain Association), Andrew Garuana Galizia (World Economic Forum), Adrian Kutnik (Warsaw Stock Exchange), Prof. Dr. Joanna Cygler (Lukasiewicz Research Network). Bild: Thomas Berner\"},{\"@type\":\"BreadcrumbList\",\"@id\":\"https:\\\/\\\/www.organisator.ch\\\/management\\\/2023-09-20\\\/polen-schweiz-ehrgeiz-ganz-nach-vorne-zu-kommen\\\/#breadcrumb\",\"itemListElement\":[{\"@type\":\"ListItem\",\"position\":1,\"name\":\"Home\",\"item\":\"https:\\\/\\\/www.organisator.ch\\\/\"},{\"@type\":\"ListItem\",\"position\":2,\"name\":\"Polen &#8211; Schweiz: \u00abEhrgeiz, ganz nach vorne zu kommen\u00bb\"}]},{\"@type\":\"WebSite\",\"@id\":\"https:\\\/\\\/www.organisator.ch\\\/#website\",\"url\":\"https:\\\/\\\/www.organisator.ch\\\/\",\"name\":\"Organisator\",\"description\":\"Kompetent. Praxisnah. Der ORGANISATOR bereitet in 10 Ausgaben pro Jahr die wesentlichen Themen f\u00fcr F\u00fchrungskr\u00e4fte von KMU auf.\",\"publisher\":{\"@id\":\"https:\\\/\\\/www.organisator.ch\\\/#organization\"},\"potentialAction\":[{\"@type\":\"SearchAction\",\"target\":{\"@type\":\"EntryPoint\",\"urlTemplate\":\"https:\\\/\\\/www.organisator.ch\\\/?s={search_term_string}\"},\"query-input\":{\"@type\":\"PropertyValueSpecification\",\"valueRequired\":true,\"valueName\":\"search_term_string\"}}],\"inLanguage\":\"de\"},{\"@type\":\"Organization\",\"@id\":\"https:\\\/\\\/www.organisator.ch\\\/#organization\",\"name\":\"Organisator\",\"url\":\"https:\\\/\\\/www.organisator.ch\\\/\",\"logo\":{\"@type\":\"ImageObject\",\"inLanguage\":\"de\",\"@id\":\"https:\\\/\\\/www.organisator.ch\\\/#\\\/schema\\\/logo\\\/image\\\/\",\"url\":\"https:\\\/\\\/www.organisator.ch\\\/wp-content\\\/uploads\\\/2022\\\/01\\\/Logo_Organisator_Website.png\",\"contentUrl\":\"https:\\\/\\\/www.organisator.ch\\\/wp-content\\\/uploads\\\/2022\\\/01\\\/Logo_Organisator_Website.png\",\"width\":800,\"height\":77,\"caption\":\"Organisator\"},\"image\":{\"@id\":\"https:\\\/\\\/www.organisator.ch\\\/#\\\/schema\\\/logo\\\/image\\\/\"},\"sameAs\":[\"https:\\\/\\\/www.facebook.com\\\/OrganisatorFachmagazin\",\"https:\\\/\\\/www.linkedin.com\\\/showcase\\\/organisator-das-magazin-fr-kmu\",\"https:\\\/\\\/www.xing.com\\\/news\\\/pages\\\/organisator-ch-695\",\"https:\\\/\\\/www.youtube.com\\\/channel\\\/UCGP2Sq0iWaZwT3BdIAQFYpw\"]},{\"@type\":\"Person\",\"@id\":\"https:\\\/\\\/www.organisator.ch\\\/#\\\/schema\\\/person\\\/6f650f90b2842cd4c0cc334b4e36f67e\",\"name\":\"thomas.berner\",\"image\":{\"@type\":\"ImageObject\",\"inLanguage\":\"de\",\"@id\":\"https:\\\/\\\/secure.gravatar.com\\\/avatar\\\/ac5001d2a36cb6c6cd3e50789007ffca834b477b74a2144564522e944eabff61?s=96&d=mm&r=g\",\"url\":\"https:\\\/\\\/secure.gravatar.com\\\/avatar\\\/ac5001d2a36cb6c6cd3e50789007ffca834b477b74a2144564522e944eabff61?s=96&d=mm&r=g\",\"contentUrl\":\"https:\\\/\\\/secure.gravatar.com\\\/avatar\\\/ac5001d2a36cb6c6cd3e50789007ffca834b477b74a2144564522e944eabff61?s=96&d=mm&r=g\",\"caption\":\"thomas.berner\"},\"url\":\"https:\\\/\\\/www.organisator.ch\\\/de\\\/author\\\/thomas-berner\\\/\"}]}<\/script>\n<!-- \/ Yoast SEO plugin. -->","yoast_head_json":{"title":"Polen - Schweiz: \u00abEhrgeiz, ganz nach vorne zu kommen\u00bb - Organisator","description":"Am 18. und 19. September 2023 fand im Berner Kursaal das dritte Polnische Wirtschafts- und Technologieforum in der Schweiz statt.","robots":{"index":"index","follow":"follow","max-snippet":"max-snippet:-1","max-image-preview":"max-image-preview:large","max-video-preview":"max-video-preview:-1"},"canonical":"https:\/\/www.organisator.ch\/de\/management\/2023-09-20\/polen-schweiz-ehrgeiz-ganz-nach-vorne-zu-kommen\/","og_locale":"de_DE","og_type":"article","og_title":"Polen - Schweiz: \u00abEhrgeiz, ganz nach vorne zu kommen\u00bb","og_description":"Am 18. und 19. September 2023 fand im Berner Kursaal das dritte Polnische Wirtschafts- und Technologieforum in der Schweiz statt.","og_url":"https:\/\/www.organisator.ch\/de\/management\/2023-09-20\/polen-schweiz-ehrgeiz-ganz-nach-vorne-zu-kommen\/","og_site_name":"Organisator","article_publisher":"https:\/\/www.facebook.com\/OrganisatorFachmagazin","article_published_time":"2023-09-20T13:16:22+00:00","og_image":[{"width":680,"height":475,"url":"https:\/\/www.organisator.ch\/wp-content\/uploads\/2023\/09\/Polen-Schweiz-Ehrgeiz-ganz-nach-vorne-zu-kommen_Organisator.jpg","type":"image\/jpeg"}],"author":"thomas.berner","twitter_card":"summary_large_image","twitter_title":"#Polen - #Schweiz: \u00ab#Ehrgeiz, ganz nach vorne zu kommen\u00bb","twitter_description":"Am 18. und 19. September 2023 fand im Berner #Kursaal das dritte Polnische #Wirtschafts- und #Technologieforum in der Schweiz statt.","twitter_image":"https:\/\/www.organisator.ch\/wp-content\/uploads\/2023\/09\/Polen-Schweiz-Ehrgeiz-ganz-nach-vorne-zu-kommen_Organisator.jpg","schema":{"@context":"https:\/\/schema.org","@graph":[{"@type":"Article","@id":"https:\/\/www.organisator.ch\/management\/2023-09-20\/polen-schweiz-ehrgeiz-ganz-nach-vorne-zu-kommen\/#article","isPartOf":{"@id":"https:\/\/www.organisator.ch\/management\/2023-09-20\/polen-schweiz-ehrgeiz-ganz-nach-vorne-zu-kommen\/"},"author":{"name":"thomas.berner","@id":"https:\/\/www.organisator.ch\/#\/schema\/person\/6f650f90b2842cd4c0cc334b4e36f67e"},"headline":"Polen &#8211; Schweiz: \u00abEhrgeiz, ganz nach vorne zu kommen\u00bb","datePublished":"2023-09-20T13:16:22+00:00","mainEntityOfPage":{"@id":"https:\/\/www.organisator.ch\/management\/2023-09-20\/polen-schweiz-ehrgeiz-ganz-nach-vorne-zu-kommen\/"},"wordCount":837,"publisher":{"@id":"https:\/\/www.organisator.ch\/#organization"},"image":{"@id":"https:\/\/www.organisator.ch\/management\/2023-09-20\/polen-schweiz-ehrgeiz-ganz-nach-vorne-zu-kommen\/#primaryimage"},"thumbnailUrl":"https:\/\/www.organisator.ch\/wp-content\/uploads\/2023\/09\/Polen-Schweiz-Ehrgeiz-ganz-nach-vorne-zu-kommen_Organisator.jpg","keywords":["Fachkongress\/Fachmesse","Internationalisierung","Management und Unternehmensf\u00fchrung","Vermischtes","Wirtschaftspolitik"],"articleSection":["MANAGEMENT"],"inLanguage":"de"},{"@type":"WebPage","@id":"https:\/\/www.organisator.ch\/management\/2023-09-20\/polen-schweiz-ehrgeiz-ganz-nach-vorne-zu-kommen\/","url":"https:\/\/www.organisator.ch\/management\/2023-09-20\/polen-schweiz-ehrgeiz-ganz-nach-vorne-zu-kommen\/","name":"Polen - Schweiz: \u00abEhrgeiz, ganz nach vorne zu kommen\u00bb - Organisator","isPartOf":{"@id":"https:\/\/www.organisator.ch\/#website"},"primaryImageOfPage":{"@id":"https:\/\/www.organisator.ch\/management\/2023-09-20\/polen-schweiz-ehrgeiz-ganz-nach-vorne-zu-kommen\/#primaryimage"},"image":{"@id":"https:\/\/www.organisator.ch\/management\/2023-09-20\/polen-schweiz-ehrgeiz-ganz-nach-vorne-zu-kommen\/#primaryimage"},"thumbnailUrl":"https:\/\/www.organisator.ch\/wp-content\/uploads\/2023\/09\/Polen-Schweiz-Ehrgeiz-ganz-nach-vorne-zu-kommen_Organisator.jpg","datePublished":"2023-09-20T13:16:22+00:00","description":"Am 18. und 19. September 2023 fand im Berner Kursaal das dritte Polnische Wirtschafts- und Technologieforum in der Schweiz statt.","breadcrumb":{"@id":"https:\/\/www.organisator.ch\/management\/2023-09-20\/polen-schweiz-ehrgeiz-ganz-nach-vorne-zu-kommen\/#breadcrumb"},"inLanguage":"de","potentialAction":[{"@type":"ReadAction","target":["https:\/\/www.organisator.ch\/management\/2023-09-20\/polen-schweiz-ehrgeiz-ganz-nach-vorne-zu-kommen\/"]}]},{"@type":"ImageObject","inLanguage":"de","@id":"https:\/\/www.organisator.ch\/management\/2023-09-20\/polen-schweiz-ehrgeiz-ganz-nach-vorne-zu-kommen\/#primaryimage","url":"https:\/\/www.organisator.ch\/wp-content\/uploads\/2023\/09\/Polen-Schweiz-Ehrgeiz-ganz-nach-vorne-zu-kommen_Organisator.jpg","contentUrl":"https:\/\/www.organisator.ch\/wp-content\/uploads\/2023\/09\/Polen-Schweiz-Ehrgeiz-ganz-nach-vorne-zu-kommen_Organisator.jpg","width":680,"height":475,"caption":"Diskutierten \u00fcber Chancen und Risiken der industriellen technologischen Entwicklung (v.l.n.r): Nicolas Mayencourt (Dreamlab AG), Prof. Dr. Michael Hengartner (ETH Z\u00fcrich), Marcin Rzetecki (Polish Blockchain Association), Andrew Garuana Galizia (World Economic Forum), Adrian Kutnik (Warsaw Stock Exchange), Prof. Dr. Joanna Cygler (Lukasiewicz Research Network). Bild: Thomas Berner"},{"@type":"BreadcrumbList","@id":"https:\/\/www.organisator.ch\/management\/2023-09-20\/polen-schweiz-ehrgeiz-ganz-nach-vorne-zu-kommen\/#breadcrumb","itemListElement":[{"@type":"ListItem","position":1,"name":"Home","item":"https:\/\/www.organisator.ch\/"},{"@type":"ListItem","position":2,"name":"Polen &#8211; Schweiz: \u00abEhrgeiz, ganz nach vorne zu kommen\u00bb"}]},{"@type":"WebSite","@id":"https:\/\/www.organisator.ch\/#website","url":"https:\/\/www.organisator.ch\/","name":"Organisator","description":"Kompetent. Praxisnah. Der ORGANISATOR bereitet in 10 Ausgaben pro Jahr die wesentlichen Themen f\u00fcr F\u00fchrungskr\u00e4fte von KMU auf.","publisher":{"@id":"https:\/\/www.organisator.ch\/#organization"},"potentialAction":[{"@type":"SearchAction","target":{"@type":"EntryPoint","urlTemplate":"https:\/\/www.organisator.ch\/?s={search_term_string}"},"query-input":{"@type":"PropertyValueSpecification","valueRequired":true,"valueName":"search_term_string"}}],"inLanguage":"de"},{"@type":"Organization","@id":"https:\/\/www.organisator.ch\/#organization","name":"Organisator","url":"https:\/\/www.organisator.ch\/","logo":{"@type":"ImageObject","inLanguage":"de","@id":"https:\/\/www.organisator.ch\/#\/schema\/logo\/image\/","url":"https:\/\/www.organisator.ch\/wp-content\/uploads\/2022\/01\/Logo_Organisator_Website.png","contentUrl":"https:\/\/www.organisator.ch\/wp-content\/uploads\/2022\/01\/Logo_Organisator_Website.png","width":800,"height":77,"caption":"Organisator"},"image":{"@id":"https:\/\/www.organisator.ch\/#\/schema\/logo\/image\/"},"sameAs":["https:\/\/www.facebook.com\/OrganisatorFachmagazin","https:\/\/www.linkedin.com\/showcase\/organisator-das-magazin-fr-kmu","https:\/\/www.xing.com\/news\/pages\/organisator-ch-695","https:\/\/www.youtube.com\/channel\/UCGP2Sq0iWaZwT3BdIAQFYpw"]},{"@type":"Person","@id":"https:\/\/www.organisator.ch\/#\/schema\/person\/6f650f90b2842cd4c0cc334b4e36f67e","name":"thomas.berner","image":{"@type":"ImageObject","inLanguage":"de","@id":"https:\/\/secure.gravatar.com\/avatar\/ac5001d2a36cb6c6cd3e50789007ffca834b477b74a2144564522e944eabff61?s=96&d=mm&r=g","url":"https:\/\/secure.gravatar.com\/avatar\/ac5001d2a36cb6c6cd3e50789007ffca834b477b74a2144564522e944eabff61?s=96&d=mm&r=g","contentUrl":"https:\/\/secure.gravatar.com\/avatar\/ac5001d2a36cb6c6cd3e50789007ffca834b477b74a2144564522e944eabff61?s=96&d=mm&r=g","caption":"thomas.berner"},"url":"https:\/\/www.organisator.ch\/de\/author\/thomas-berner\/"}]}},"_links":{"self":[{"href":"https:\/\/www.organisator.ch\/de\/wp-json\/wp\/v2\/posts\/21824","targetHints":{"allow":["GET"]}}],"collection":[{"href":"https:\/\/www.organisator.ch\/de\/wp-json\/wp\/v2\/posts"}],"about":[{"href":"https:\/\/www.organisator.ch\/de\/wp-json\/wp\/v2\/types\/post"}],"author":[{"embeddable":true,"href":"https:\/\/www.organisator.ch\/de\/wp-json\/wp\/v2\/users\/4"}],"replies":[{"embeddable":true,"href":"https:\/\/www.organisator.ch\/de\/wp-json\/wp\/v2\/comments?post=21824"}],"version-history":[{"count":1,"href":"https:\/\/www.organisator.ch\/de\/wp-json\/wp\/v2\/posts\/21824\/revisions"}],"predecessor-version":[{"id":21826,"href":"https:\/\/www.organisator.ch\/de\/wp-json\/wp\/v2\/posts\/21824\/revisions\/21826"}],"wp:featuredmedia":[{"embeddable":true,"href":"https:\/\/www.organisator.ch\/de\/wp-json\/wp\/v2\/media\/21825"}],"wp:attachment":[{"href":"https:\/\/www.organisator.ch\/de\/wp-json\/wp\/v2\/media?parent=21824"}],"wp:term":[{"taxonomy":"category","embeddable":true,"href":"https:\/\/www.organisator.ch\/de\/wp-json\/wp\/v2\/categories?post=21824"},{"taxonomy":"post_tag","embeddable":true,"href":"https:\/\/www.organisator.ch\/de\/wp-json\/wp\/v2\/tags?post=21824"}],"curies":[{"name":"wp","href":"https:\/\/api.w.org\/{rel}","templated":true}]}}