{"id":21846,"date":"2023-09-22T05:43:21","date_gmt":"2023-09-22T03:43:21","guid":{"rendered":"https:\/\/www.organisator.ch\/?p=21846"},"modified":"2023-09-22T07:19:17","modified_gmt":"2023-09-22T05:19:17","slug":"apgsga-nico-mueller-wird-neuer-cfo","status":"publish","type":"post","link":"https:\/\/www.organisator.ch\/de\/management\/2023-09-22\/apgsga-nico-mueller-wird-neuer-cfo\/","title":{"rendered":"APG|SGA: Nico M\u00fcller wird neuer CFO"},"content":{"rendered":"<figure id=\"attachment_21847\" aria-describedby=\"caption-attachment-21847\" style=\"width: 679px\" class=\"wp-caption alignnone\"><img loading=\"lazy\" decoding=\"async\" class=\"wp-image-21847 size-full\" src=\"https:\/\/www.organisator.ch\/wp-content\/uploads\/2023\/09\/APGSGA_Nico-Mueller_Bild1_ps-e1695307495235.jpg\" alt=\"\" width=\"679\" height=\"533\" srcset=\"https:\/\/www.organisator.ch\/wp-content\/uploads\/2023\/09\/APGSGA_Nico-Mueller_Bild1_ps-e1695307495235.jpg 679w, https:\/\/www.organisator.ch\/wp-content\/uploads\/2023\/09\/APGSGA_Nico-Mueller_Bild1_ps-e1695307495235-15x12.jpg 15w, https:\/\/www.organisator.ch\/wp-content\/uploads\/2023\/09\/APGSGA_Nico-Mueller_Bild1_ps-e1695307495235-375x294.jpg 375w, https:\/\/www.organisator.ch\/wp-content\/uploads\/2023\/09\/APGSGA_Nico-Mueller_Bild1_ps-e1695307495235-446x350.jpg 446w\" sizes=\"auto, (max-width: 679px) 100vw, 679px\" \/><figcaption id=\"caption-attachment-21847\" class=\"wp-caption-text\">Nico M\u00fcller ist neuer CFO der APG|SGA. (Bild: www.apgsga.ch)<\/figcaption><\/figure>\n<p>Seit 2021 ist Nico M\u00fcller bei der Acino Group als Head of Group Finance angestellt. Zuvor war er in der KPMG sowie der D\u00e4twyler Gruppe t\u00e4tig. Er wird seine neue Aufgabe bei der APG|SGA am 1. M\u00e4rz 2024 aufnehmen. Er folgt auf Beat Hermann, der die APG|SGA auf Ende M\u00e4rz 2024 verlassen wird.<\/p>\n<p>Der 43-j\u00e4hrige Nico M\u00fcller schloss sein Studium BWL\/VWL an der Universit\u00e4t Bern als lic.rer.pol ab. Er ist eidg. diplomierter Wirtschaftspr\u00fcfer und schloss eine Weiterbildung am CFA-Institute als Chartered Financial Analyst erfolgreich ab.<\/p>\n<p>Markus Ehrle, CEO der APG|SGA, ist \u00fcberzeugt: \u00abWir sind froh, mit Nico M\u00fcller einen umsetzungs- und ergebnisorientierten Finance Leader mit langj\u00e4hriger Erfahrung in international t\u00e4tigen, b\u00f6rsenkotierten Konzernen f\u00fcr die APG|SGA zu gewinnen und mit ihm unsere Erfolgsgeschichte weiterzuf\u00fchren.\u00bb Nico M\u00fcller \u00e4ussert auch seine Vorfreude auf die kommende Herausforderung und die Gelegenheit zur Zusammenarbeit mit seinem neuen Team. Der neue CFO folgt nach einer kurzen gemeinsamen Einarbeitungsphase im M\u00e4rz 2024 auf Beat Hermann.\u00a0 Der Verwaltungsrat und Unternehmensleitung danken ihm herzlich und w\u00fcnschen ihm auf seinem weiteren Lebensweg alles Gute.<\/p>\n<p><em>Quelle:<a href=\"https:\/\/www.apgsga.ch\/de\/\"> www.apgsga.ch<\/a><\/em><\/p>\n","protected":false},"excerpt":{"rendered":"<p>Der Verwaltungsrat der APG|SGA hat Nico M\u00fcller (43) zum neuen CFO der APG|SGA und Mitglied der Unternehmensleitung ernannt. Der ausgewiesene Finanzexperte bringt langj\u00e4hrige Erfahrung im Finanzbereich in verschiedenen F\u00fchrungspositionen mit. <\/p>\n","protected":false},"author":58,"featured_media":21847,"comment_status":"closed","ping_status":"closed","sticky":false,"template":"","format":"standard","meta":{"_acf_changed":false,"_yoast_wpseo_focuskw":"Nico M\u00fcller","_yoast_wpseo_metadesc":"Der Verwaltungsrat der APG|SGA hat Nico M\u00fcller (43) zum neuen CFO der APG|SGA und Mitglied der Unternehmensleitung ernannt.","articlekey":"","footnotes":""},"categories":[28],"tags":[334,339,381,492],"class_list":["post-21846","post","type-post","status-publish","format-standard","has-post-thumbnail","hentry","category-management","tag-management","tag-marketing","tag-personalia","tag-unternehmen"],"acf":[],"yoast_head":"<!-- This site is optimized with the Yoast SEO plugin v27.5 - https:\/\/yoast.com\/product\/yoast-seo-wordpress\/ -->\n<title>APG|SGA: Nico M\u00fcller wird neuer CFO - Organisator<\/title>\n<meta name=\"description\" content=\"Der Verwaltungsrat der APG|SGA hat Nico M\u00fcller (43) zum neuen CFO der APG|SGA und Mitglied der Unternehmensleitung ernannt.\" \/>\n<meta name=\"robots\" content=\"index, follow, max-snippet:-1, max-image-preview:large, max-video-preview:-1\" \/>\n<link rel=\"canonical\" href=\"https:\/\/www.organisator.ch\/de\/management\/2023-09-22\/apgsga-nico-mueller-wird-neuer-cfo\/\" \/>\n<meta property=\"og:locale\" content=\"de_DE\" \/>\n<meta property=\"og:type\" content=\"article\" \/>\n<meta property=\"og:title\" content=\"APG|SGA: Nico M\u00fcller wird neuer CFO\" \/>\n<meta property=\"og:description\" content=\"Der Verwaltungsrat der APG|SGA hat Nico M\u00fcller (43) zum neuen CFO der APG|SGA und Mitglied der Unternehmensleitung ernannt.\" \/>\n<meta property=\"og:url\" content=\"https:\/\/www.organisator.ch\/de\/management\/2023-09-22\/apgsga-nico-mueller-wird-neuer-cfo\/\" \/>\n<meta property=\"og:site_name\" content=\"Organisator\" \/>\n<meta property=\"article:publisher\" content=\"https:\/\/www.facebook.com\/OrganisatorFachmagazin\" \/>\n<meta property=\"article:published_time\" content=\"2023-09-22T03:43:21+00:00\" \/>\n<meta property=\"article:modified_time\" content=\"2023-09-22T05:19:17+00:00\" \/>\n<meta property=\"og:image\" content=\"https:\/\/www.organisator.ch\/wp-content\/uploads\/2023\/09\/APGSGA_Nico-Mueller_Bild1_ps-e1695307495235.jpg\" \/>\n\t<meta property=\"og:image:width\" content=\"679\" \/>\n\t<meta property=\"og:image:height\" content=\"533\" \/>\n\t<meta property=\"og:image:type\" content=\"image\/jpeg\" \/>\n<meta name=\"author\" content=\"Adelisa Kalajdzini\" \/>\n<meta name=\"twitter:card\" content=\"summary_large_image\" \/>\n<meta name=\"twitter:title\" content=\"#APG|SGA: Nico M\u00fcller wird neuer #CFO\" \/>\n<meta name=\"twitter:description\" content=\"Der Verwaltungsrat der #APG|SGA hat Nico M\u00fcller (43) zum neuen #CFO der APG|SGA und Mitglied der Unternehmensleitung ernannt.\" \/>\n<meta name=\"twitter:image\" content=\"https:\/\/www.organisator.ch\/wp-content\/uploads\/2023\/09\/APGSGA_Nico-Mueller_Bild1_ps-e1695307495235.jpg\" \/>\n<script type=\"application\/ld+json\" class=\"yoast-schema-graph\">{\"@context\":\"https:\\\/\\\/schema.org\",\"@graph\":[{\"@type\":\"Article\",\"@id\":\"https:\\\/\\\/www.organisator.ch\\\/management\\\/2023-09-22\\\/apgsga-nico-mueller-wird-neuer-cfo\\\/#article\",\"isPartOf\":{\"@id\":\"https:\\\/\\\/www.organisator.ch\\\/management\\\/2023-09-22\\\/apgsga-nico-mueller-wird-neuer-cfo\\\/\"},\"author\":{\"name\":\"Adelisa Kalajdzini\",\"@id\":\"https:\\\/\\\/www.organisator.ch\\\/#\\\/schema\\\/person\\\/2e1314a2172123f874db408d8911d3f3\"},\"headline\":\"APG|SGA: Nico M\u00fcller wird neuer CFO\",\"datePublished\":\"2023-09-22T03:43:21+00:00\",\"dateModified\":\"2023-09-22T05:19:17+00:00\",\"mainEntityOfPage\":{\"@id\":\"https:\\\/\\\/www.organisator.ch\\\/management\\\/2023-09-22\\\/apgsga-nico-mueller-wird-neuer-cfo\\\/\"},\"wordCount\":225,\"publisher\":{\"@id\":\"https:\\\/\\\/www.organisator.ch\\\/#organization\"},\"image\":{\"@id\":\"https:\\\/\\\/www.organisator.ch\\\/management\\\/2023-09-22\\\/apgsga-nico-mueller-wird-neuer-cfo\\\/#primaryimage\"},\"thumbnailUrl\":\"https:\\\/\\\/www.organisator.ch\\\/wp-content\\\/uploads\\\/2023\\\/09\\\/APGSGA_Nico-Mueller_Bild1_ps-e1695307495235.jpg\",\"keywords\":[\"Management\",\"Marketing\",\"Personalia\",\"Unternehmen\"],\"articleSection\":[\"MANAGEMENT\"],\"inLanguage\":\"de\"},{\"@type\":\"WebPage\",\"@id\":\"https:\\\/\\\/www.organisator.ch\\\/management\\\/2023-09-22\\\/apgsga-nico-mueller-wird-neuer-cfo\\\/\",\"url\":\"https:\\\/\\\/www.organisator.ch\\\/management\\\/2023-09-22\\\/apgsga-nico-mueller-wird-neuer-cfo\\\/\",\"name\":\"APG|SGA: Nico M\u00fcller wird neuer CFO - Organisator\",\"isPartOf\":{\"@id\":\"https:\\\/\\\/www.organisator.ch\\\/#website\"},\"primaryImageOfPage\":{\"@id\":\"https:\\\/\\\/www.organisator.ch\\\/management\\\/2023-09-22\\\/apgsga-nico-mueller-wird-neuer-cfo\\\/#primaryimage\"},\"image\":{\"@id\":\"https:\\\/\\\/www.organisator.ch\\\/management\\\/2023-09-22\\\/apgsga-nico-mueller-wird-neuer-cfo\\\/#primaryimage\"},\"thumbnailUrl\":\"https:\\\/\\\/www.organisator.ch\\\/wp-content\\\/uploads\\\/2023\\\/09\\\/APGSGA_Nico-Mueller_Bild1_ps-e1695307495235.jpg\",\"datePublished\":\"2023-09-22T03:43:21+00:00\",\"dateModified\":\"2023-09-22T05:19:17+00:00\",\"description\":\"Der Verwaltungsrat der APG|SGA hat Nico M\u00fcller (43) zum neuen CFO der APG|SGA und Mitglied der Unternehmensleitung ernannt.\",\"breadcrumb\":{\"@id\":\"https:\\\/\\\/www.organisator.ch\\\/management\\\/2023-09-22\\\/apgsga-nico-mueller-wird-neuer-cfo\\\/#breadcrumb\"},\"inLanguage\":\"de\",\"potentialAction\":[{\"@type\":\"ReadAction\",\"target\":[\"https:\\\/\\\/www.organisator.ch\\\/management\\\/2023-09-22\\\/apgsga-nico-mueller-wird-neuer-cfo\\\/\"]}]},{\"@type\":\"ImageObject\",\"inLanguage\":\"de\",\"@id\":\"https:\\\/\\\/www.organisator.ch\\\/management\\\/2023-09-22\\\/apgsga-nico-mueller-wird-neuer-cfo\\\/#primaryimage\",\"url\":\"https:\\\/\\\/www.organisator.ch\\\/wp-content\\\/uploads\\\/2023\\\/09\\\/APGSGA_Nico-Mueller_Bild1_ps-e1695307495235.jpg\",\"contentUrl\":\"https:\\\/\\\/www.organisator.ch\\\/wp-content\\\/uploads\\\/2023\\\/09\\\/APGSGA_Nico-Mueller_Bild1_ps-e1695307495235.jpg\",\"width\":679,\"height\":533,\"caption\":\"Nico M\u00fcller - Neue CFO der APG|SGA (Bild: www.apgsga.ch)\"},{\"@type\":\"BreadcrumbList\",\"@id\":\"https:\\\/\\\/www.organisator.ch\\\/management\\\/2023-09-22\\\/apgsga-nico-mueller-wird-neuer-cfo\\\/#breadcrumb\",\"itemListElement\":[{\"@type\":\"ListItem\",\"position\":1,\"name\":\"Home\",\"item\":\"https:\\\/\\\/www.organisator.ch\\\/\"},{\"@type\":\"ListItem\",\"position\":2,\"name\":\"APG|SGA: Nico M\u00fcller wird neuer CFO\"}]},{\"@type\":\"WebSite\",\"@id\":\"https:\\\/\\\/www.organisator.ch\\\/#website\",\"url\":\"https:\\\/\\\/www.organisator.ch\\\/\",\"name\":\"Organisator\",\"description\":\"Kompetent. Praxisnah. Der ORGANISATOR bereitet in 10 Ausgaben pro Jahr die wesentlichen Themen f\u00fcr F\u00fchrungskr\u00e4fte von KMU auf.\",\"publisher\":{\"@id\":\"https:\\\/\\\/www.organisator.ch\\\/#organization\"},\"potentialAction\":[{\"@type\":\"SearchAction\",\"target\":{\"@type\":\"EntryPoint\",\"urlTemplate\":\"https:\\\/\\\/www.organisator.ch\\\/?s={search_term_string}\"},\"query-input\":{\"@type\":\"PropertyValueSpecification\",\"valueRequired\":true,\"valueName\":\"search_term_string\"}}],\"inLanguage\":\"de\"},{\"@type\":\"Organization\",\"@id\":\"https:\\\/\\\/www.organisator.ch\\\/#organization\",\"name\":\"Organisator\",\"url\":\"https:\\\/\\\/www.organisator.ch\\\/\",\"logo\":{\"@type\":\"ImageObject\",\"inLanguage\":\"de\",\"@id\":\"https:\\\/\\\/www.organisator.ch\\\/#\\\/schema\\\/logo\\\/image\\\/\",\"url\":\"https:\\\/\\\/www.organisator.ch\\\/wp-content\\\/uploads\\\/2022\\\/01\\\/Logo_Organisator_Website.png\",\"contentUrl\":\"https:\\\/\\\/www.organisator.ch\\\/wp-content\\\/uploads\\\/2022\\\/01\\\/Logo_Organisator_Website.png\",\"width\":800,\"height\":77,\"caption\":\"Organisator\"},\"image\":{\"@id\":\"https:\\\/\\\/www.organisator.ch\\\/#\\\/schema\\\/logo\\\/image\\\/\"},\"sameAs\":[\"https:\\\/\\\/www.facebook.com\\\/OrganisatorFachmagazin\",\"https:\\\/\\\/www.linkedin.com\\\/showcase\\\/organisator-das-magazin-fr-kmu\",\"https:\\\/\\\/www.xing.com\\\/news\\\/pages\\\/organisator-ch-695\",\"https:\\\/\\\/www.youtube.com\\\/channel\\\/UCGP2Sq0iWaZwT3BdIAQFYpw\"]},{\"@type\":\"Person\",\"@id\":\"https:\\\/\\\/www.organisator.ch\\\/#\\\/schema\\\/person\\\/2e1314a2172123f874db408d8911d3f3\",\"name\":\"Adelisa Kalajdzini\",\"image\":{\"@type\":\"ImageObject\",\"inLanguage\":\"de\",\"@id\":\"https:\\\/\\\/secure.gravatar.com\\\/avatar\\\/09a397c22ac58cad6f160ee8306348599df9df58a8ede73696226897b9fa4b24?s=96&d=mm&r=g\",\"url\":\"https:\\\/\\\/secure.gravatar.com\\\/avatar\\\/09a397c22ac58cad6f160ee8306348599df9df58a8ede73696226897b9fa4b24?s=96&d=mm&r=g\",\"contentUrl\":\"https:\\\/\\\/secure.gravatar.com\\\/avatar\\\/09a397c22ac58cad6f160ee8306348599df9df58a8ede73696226897b9fa4b24?s=96&d=mm&r=g\",\"caption\":\"Adelisa Kalajdzini\"},\"url\":\"https:\\\/\\\/www.organisator.ch\\\/de\\\/author\\\/adelisa-kalajdzini\\\/\"}]}<\/script>\n<!-- \/ Yoast SEO plugin. -->","yoast_head_json":{"title":"APG|SGA: Nico M\u00fcller wird neuer CFO - Organisator","description":"Der Verwaltungsrat der APG|SGA hat Nico M\u00fcller (43) zum neuen CFO der APG|SGA und Mitglied der Unternehmensleitung ernannt.","robots":{"index":"index","follow":"follow","max-snippet":"max-snippet:-1","max-image-preview":"max-image-preview:large","max-video-preview":"max-video-preview:-1"},"canonical":"https:\/\/www.organisator.ch\/de\/management\/2023-09-22\/apgsga-nico-mueller-wird-neuer-cfo\/","og_locale":"de_DE","og_type":"article","og_title":"APG|SGA: Nico M\u00fcller wird neuer CFO","og_description":"Der Verwaltungsrat der APG|SGA hat Nico M\u00fcller (43) zum neuen CFO der APG|SGA und Mitglied der Unternehmensleitung ernannt.","og_url":"https:\/\/www.organisator.ch\/de\/management\/2023-09-22\/apgsga-nico-mueller-wird-neuer-cfo\/","og_site_name":"Organisator","article_publisher":"https:\/\/www.facebook.com\/OrganisatorFachmagazin","article_published_time":"2023-09-22T03:43:21+00:00","article_modified_time":"2023-09-22T05:19:17+00:00","og_image":[{"width":679,"height":533,"url":"https:\/\/www.organisator.ch\/wp-content\/uploads\/2023\/09\/APGSGA_Nico-Mueller_Bild1_ps-e1695307495235.jpg","type":"image\/jpeg"}],"author":"Adelisa Kalajdzini","twitter_card":"summary_large_image","twitter_title":"#APG|SGA: Nico M\u00fcller wird neuer #CFO","twitter_description":"Der Verwaltungsrat der #APG|SGA hat Nico M\u00fcller (43) zum neuen #CFO der APG|SGA und Mitglied der Unternehmensleitung ernannt.","twitter_image":"https:\/\/www.organisator.ch\/wp-content\/uploads\/2023\/09\/APGSGA_Nico-Mueller_Bild1_ps-e1695307495235.jpg","schema":{"@context":"https:\/\/schema.org","@graph":[{"@type":"Article","@id":"https:\/\/www.organisator.ch\/management\/2023-09-22\/apgsga-nico-mueller-wird-neuer-cfo\/#article","isPartOf":{"@id":"https:\/\/www.organisator.ch\/management\/2023-09-22\/apgsga-nico-mueller-wird-neuer-cfo\/"},"author":{"name":"Adelisa Kalajdzini","@id":"https:\/\/www.organisator.ch\/#\/schema\/person\/2e1314a2172123f874db408d8911d3f3"},"headline":"APG|SGA: Nico M\u00fcller wird neuer CFO","datePublished":"2023-09-22T03:43:21+00:00","dateModified":"2023-09-22T05:19:17+00:00","mainEntityOfPage":{"@id":"https:\/\/www.organisator.ch\/management\/2023-09-22\/apgsga-nico-mueller-wird-neuer-cfo\/"},"wordCount":225,"publisher":{"@id":"https:\/\/www.organisator.ch\/#organization"},"image":{"@id":"https:\/\/www.organisator.ch\/management\/2023-09-22\/apgsga-nico-mueller-wird-neuer-cfo\/#primaryimage"},"thumbnailUrl":"https:\/\/www.organisator.ch\/wp-content\/uploads\/2023\/09\/APGSGA_Nico-Mueller_Bild1_ps-e1695307495235.jpg","keywords":["Management","Marketing","Personalia","Unternehmen"],"articleSection":["MANAGEMENT"],"inLanguage":"de"},{"@type":"WebPage","@id":"https:\/\/www.organisator.ch\/management\/2023-09-22\/apgsga-nico-mueller-wird-neuer-cfo\/","url":"https:\/\/www.organisator.ch\/management\/2023-09-22\/apgsga-nico-mueller-wird-neuer-cfo\/","name":"APG|SGA: Nico M\u00fcller wird neuer CFO - Organisator","isPartOf":{"@id":"https:\/\/www.organisator.ch\/#website"},"primaryImageOfPage":{"@id":"https:\/\/www.organisator.ch\/management\/2023-09-22\/apgsga-nico-mueller-wird-neuer-cfo\/#primaryimage"},"image":{"@id":"https:\/\/www.organisator.ch\/management\/2023-09-22\/apgsga-nico-mueller-wird-neuer-cfo\/#primaryimage"},"thumbnailUrl":"https:\/\/www.organisator.ch\/wp-content\/uploads\/2023\/09\/APGSGA_Nico-Mueller_Bild1_ps-e1695307495235.jpg","datePublished":"2023-09-22T03:43:21+00:00","dateModified":"2023-09-22T05:19:17+00:00","description":"Der Verwaltungsrat der APG|SGA hat Nico M\u00fcller (43) zum neuen CFO der APG|SGA und Mitglied der Unternehmensleitung ernannt.","breadcrumb":{"@id":"https:\/\/www.organisator.ch\/management\/2023-09-22\/apgsga-nico-mueller-wird-neuer-cfo\/#breadcrumb"},"inLanguage":"de","potentialAction":[{"@type":"ReadAction","target":["https:\/\/www.organisator.ch\/management\/2023-09-22\/apgsga-nico-mueller-wird-neuer-cfo\/"]}]},{"@type":"ImageObject","inLanguage":"de","@id":"https:\/\/www.organisator.ch\/management\/2023-09-22\/apgsga-nico-mueller-wird-neuer-cfo\/#primaryimage","url":"https:\/\/www.organisator.ch\/wp-content\/uploads\/2023\/09\/APGSGA_Nico-Mueller_Bild1_ps-e1695307495235.jpg","contentUrl":"https:\/\/www.organisator.ch\/wp-content\/uploads\/2023\/09\/APGSGA_Nico-Mueller_Bild1_ps-e1695307495235.jpg","width":679,"height":533,"caption":"Nico M\u00fcller - Neue CFO der APG|SGA (Bild: www.apgsga.ch)"},{"@type":"BreadcrumbList","@id":"https:\/\/www.organisator.ch\/management\/2023-09-22\/apgsga-nico-mueller-wird-neuer-cfo\/#breadcrumb","itemListElement":[{"@type":"ListItem","position":1,"name":"Home","item":"https:\/\/www.organisator.ch\/"},{"@type":"ListItem","position":2,"name":"APG|SGA: Nico M\u00fcller wird neuer CFO"}]},{"@type":"WebSite","@id":"https:\/\/www.organisator.ch\/#website","url":"https:\/\/www.organisator.ch\/","name":"Organisator","description":"Kompetent. Praxisnah. Der ORGANISATOR bereitet in 10 Ausgaben pro Jahr die wesentlichen Themen f\u00fcr F\u00fchrungskr\u00e4fte von KMU auf.","publisher":{"@id":"https:\/\/www.organisator.ch\/#organization"},"potentialAction":[{"@type":"SearchAction","target":{"@type":"EntryPoint","urlTemplate":"https:\/\/www.organisator.ch\/?s={search_term_string}"},"query-input":{"@type":"PropertyValueSpecification","valueRequired":true,"valueName":"search_term_string"}}],"inLanguage":"de"},{"@type":"Organization","@id":"https:\/\/www.organisator.ch\/#organization","name":"Organisator","url":"https:\/\/www.organisator.ch\/","logo":{"@type":"ImageObject","inLanguage":"de","@id":"https:\/\/www.organisator.ch\/#\/schema\/logo\/image\/","url":"https:\/\/www.organisator.ch\/wp-content\/uploads\/2022\/01\/Logo_Organisator_Website.png","contentUrl":"https:\/\/www.organisator.ch\/wp-content\/uploads\/2022\/01\/Logo_Organisator_Website.png","width":800,"height":77,"caption":"Organisator"},"image":{"@id":"https:\/\/www.organisator.ch\/#\/schema\/logo\/image\/"},"sameAs":["https:\/\/www.facebook.com\/OrganisatorFachmagazin","https:\/\/www.linkedin.com\/showcase\/organisator-das-magazin-fr-kmu","https:\/\/www.xing.com\/news\/pages\/organisator-ch-695","https:\/\/www.youtube.com\/channel\/UCGP2Sq0iWaZwT3BdIAQFYpw"]},{"@type":"Person","@id":"https:\/\/www.organisator.ch\/#\/schema\/person\/2e1314a2172123f874db408d8911d3f3","name":"Adelisa Kalajdzini","image":{"@type":"ImageObject","inLanguage":"de","@id":"https:\/\/secure.gravatar.com\/avatar\/09a397c22ac58cad6f160ee8306348599df9df58a8ede73696226897b9fa4b24?s=96&d=mm&r=g","url":"https:\/\/secure.gravatar.com\/avatar\/09a397c22ac58cad6f160ee8306348599df9df58a8ede73696226897b9fa4b24?s=96&d=mm&r=g","contentUrl":"https:\/\/secure.gravatar.com\/avatar\/09a397c22ac58cad6f160ee8306348599df9df58a8ede73696226897b9fa4b24?s=96&d=mm&r=g","caption":"Adelisa Kalajdzini"},"url":"https:\/\/www.organisator.ch\/de\/author\/adelisa-kalajdzini\/"}]}},"_links":{"self":[{"href":"https:\/\/www.organisator.ch\/de\/wp-json\/wp\/v2\/posts\/21846","targetHints":{"allow":["GET"]}}],"collection":[{"href":"https:\/\/www.organisator.ch\/de\/wp-json\/wp\/v2\/posts"}],"about":[{"href":"https:\/\/www.organisator.ch\/de\/wp-json\/wp\/v2\/types\/post"}],"author":[{"embeddable":true,"href":"https:\/\/www.organisator.ch\/de\/wp-json\/wp\/v2\/users\/58"}],"replies":[{"embeddable":true,"href":"https:\/\/www.organisator.ch\/de\/wp-json\/wp\/v2\/comments?post=21846"}],"version-history":[{"count":4,"href":"https:\/\/www.organisator.ch\/de\/wp-json\/wp\/v2\/posts\/21846\/revisions"}],"predecessor-version":[{"id":21858,"href":"https:\/\/www.organisator.ch\/de\/wp-json\/wp\/v2\/posts\/21846\/revisions\/21858"}],"wp:featuredmedia":[{"embeddable":true,"href":"https:\/\/www.organisator.ch\/de\/wp-json\/wp\/v2\/media\/21847"}],"wp:attachment":[{"href":"https:\/\/www.organisator.ch\/de\/wp-json\/wp\/v2\/media?parent=21846"}],"wp:term":[{"taxonomy":"category","embeddable":true,"href":"https:\/\/www.organisator.ch\/de\/wp-json\/wp\/v2\/categories?post=21846"},{"taxonomy":"post_tag","embeddable":true,"href":"https:\/\/www.organisator.ch\/de\/wp-json\/wp\/v2\/tags?post=21846"}],"curies":[{"name":"wp","href":"https:\/\/api.w.org\/{rel}","templated":true}]}}