{"id":21867,"date":"2023-09-25T13:32:16","date_gmt":"2023-09-25T11:32:16","guid":{"rendered":"https:\/\/www.organisator.ch\/?p=21867"},"modified":"2023-09-25T08:51:45","modified_gmt":"2023-09-25T06:51:45","slug":"ahead-zeichnet-erstmals-kunden-aus-variosystems-und-medartis","status":"publish","type":"post","link":"https:\/\/www.organisator.ch\/de\/human-resources\/2023-09-25\/ahead-zeichnet-erstmals-kunden-aus-variosystems-und-medartis\/","title":{"rendered":"Ahead zeichnet erstmals Kunden aus: Variosystems und Medartis"},"content":{"rendered":"<figure id=\"attachment_21868\" aria-describedby=\"caption-attachment-21868\" style=\"width: 680px\" class=\"wp-caption alignnone\"><img loading=\"lazy\" decoding=\"async\" class=\"size-full wp-image-21868\" src=\"https:\/\/www.organisator.ch\/wp-content\/uploads\/2023\/09\/Ahead-Award_Bild1.jpg\" alt=\"\" width=\"680\" height=\"453\" srcset=\"https:\/\/www.organisator.ch\/wp-content\/uploads\/2023\/09\/Ahead-Award_Bild1.jpg 680w, https:\/\/www.organisator.ch\/wp-content\/uploads\/2023\/09\/Ahead-Award_Bild1-18x12.jpg 18w, https:\/\/www.organisator.ch\/wp-content\/uploads\/2023\/09\/Ahead-Award_Bild1-375x250.jpg 375w, https:\/\/www.organisator.ch\/wp-content\/uploads\/2023\/09\/Ahead-Award_Bild1-525x350.jpg 525w\" sizes=\"auto, (max-width: 680px) 100vw, 680px\" \/><figcaption id=\"caption-attachment-21868\" class=\"wp-caption-text\">Die Sieger und Jury des ersten ahead awards. V.l.n.r.: Jurorin Yvonne Samaritani, Managing Director June Corporate Communications, Sieger des Awards \u00abmost active aheadintranet\u00bb Andreas Richter, Corporate Communications Manager und Fabian Hildbrand, Head Corporate Communications bei Medartis, Sieger des Awards \u201cbest onboading campaign\u201d Andr\u00e9 B\u00e4ttig, CIO bei Variosystems und die Juroren von ahead Michael Trummer und Andrin Soppelsa. (Bild: www.aheadintranet.com)<\/figcaption><\/figure>\n<p>Flexibles Arbeiten steht genauso auf der Wunschliste wie eine starke Unternehmenskultur. Das junge Unternehmen ahead erkannte bereits 2020, dass f\u00fcr die hohen Erwartungen an die interne Kommunikation eine neue Form des Intranets gefragt ist und entwickelte eine Mitarbeitenden-App. Damit soll es auch m\u00f6glich sein, Mitarbeitende, die nicht st\u00e4ndig am Bildschirm sitzen, besser zu erreichen.<\/p>\n<h3>Wir-Gef\u00fchl mit mobiler L\u00f6sung<\/h3>\n<p>Inzwischen gilt eine Mitarbeitenden-App zu den Must-Haves in einem Unternehmen. \u00abWenn man als Arbeitgeber die j\u00fcngere Generation erreichen und ins Unternehmensgeschehen einbinden will, dann muss man sich dort bewegen, wo sie sich aufhalten: auf dem Mobile\u00bb, ist Pascal Grossniklaus, CEO und Gr\u00fcnder von ahead, \u00fcberzeugt.<\/p>\n<p>Die mobile L\u00f6sung von ahead erm\u00f6glicht interne Kommunikation, gelebte Feedbackkultur und Vernetzung innerhalb von Mitarbeitenden-Communitys. Dadurch wird das \u00abWir-Gef\u00fchl\u00bb gef\u00f6rdert, die Identifikation verbessert und das Engagement aller Mitarbeitenden erh\u00f6ht. Wie einfach das geht, haben die Gr\u00fcnder von ahead zusammen mit ihren Kundinnen und Kunden am 20. September bei ihrem ersten ahead award bewiesen.<\/p>\n<h3><strong>Die Sieger des ahead Awards 2023<\/strong><\/h3>\n<p>Schon nach drei Monaten nutzten mehr als 70% der Belegschaft die Mitarbeitenden-App regelm\u00e4ssig. Variosystems brauchte eine mobile L\u00f6sung, da 60% der Mitarbeitenden beim international t\u00e4tigen Elektronikdienstleister mit neun Standorten in sechs L\u00e4ndern keinen Desk-Arbeitsplatz haben. Daher wurde Variosystems mit dem ahead award 2023 f\u00fcr die beste Onboarding-Kampagne ausgezeichnet. Wie hoch die Interaktion zwischen Mitarbeitenden sein kann, wenn Intranet Spass macht, zeigt der zweite Award-Gewinner: Beim Medtech Unternehmen Medartis nutzen fast 97% der weltweiten Mitarbeitenden die App regelm\u00e4ssig, was die Produktivit\u00e4t im Unternehmen positiv beeinflusst hat.<\/p>\n<p><em>Quelle:<a href=\"https:\/\/de.aheadintranet.com\/\"> www.aheadintranet.com<\/a><\/em><\/p>\n","protected":false},"excerpt":{"rendered":"<p>Das Ziel und die Mission der Gr\u00fcnder von ahead war ein Kommunikationswerkzeug f\u00fcr die interne Kommunikation zu schaffen. Inzwischen hat das Unternehmen bereits 85 Kundinnen und \u00fcber 70&#8217;000 lizenzierte Benutzer. 2 der 85 Unternehmen hat ahead ausgezeichnet: Variosystems f\u00fcr das beste Onboarding und Medartis f\u00fcr die aktivste Community.<\/p>\n","protected":false},"author":58,"featured_media":21868,"comment_status":"closed","ping_status":"closed","sticky":false,"template":"","format":"standard","meta":{"_acf_changed":false,"_yoast_wpseo_focuskw":"Ahead","_yoast_wpseo_metadesc":"Das Ziel und die Mission der Gr\u00fcnder von ahead war ein Kommunikationswerkzeug f\u00fcr die interne Kommunikation zu schaffen.","articlekey":"","footnotes":""},"categories":[579],"tags":[66,3947,156,286,339,393,451],"class_list":["post-21867","post","type-post","status-publish","format-standard","has-post-thumbnail","hentry","category-human-resources","tag-awards","tag-collaboration","tag-digitalisierung","tag-it","tag-marketing","tag-produkte","tag-startups"],"acf":[],"yoast_head":"<!-- This site is optimized with the Yoast SEO plugin v27.5 - https:\/\/yoast.com\/product\/yoast-seo-wordpress\/ -->\n<title>Ahead zeichnet erstmals Kunden aus: Variosystems und Medartis - Organisator<\/title>\n<meta name=\"description\" content=\"Das Ziel und die Mission der Gr\u00fcnder von ahead war ein Kommunikationswerkzeug f\u00fcr die interne Kommunikation zu schaffen.\" \/>\n<meta name=\"robots\" content=\"index, follow, max-snippet:-1, max-image-preview:large, max-video-preview:-1\" \/>\n<link rel=\"canonical\" href=\"https:\/\/www.organisator.ch\/de\/human-resources\/2023-09-25\/ahead-zeichnet-erstmals-kunden-aus-variosystems-und-medartis\/\" \/>\n<meta property=\"og:locale\" content=\"de_DE\" \/>\n<meta property=\"og:type\" content=\"article\" \/>\n<meta property=\"og:title\" content=\"Ahead zeichnet erstmals Kunden aus: Variosystems und Medartis\" \/>\n<meta property=\"og:description\" content=\"Das Ziel und die Mission der Gr\u00fcnder von ahead war ein Kommunikationswerkzeug f\u00fcr die interne Kommunikation zu schaffen.\" \/>\n<meta property=\"og:url\" content=\"https:\/\/www.organisator.ch\/de\/human-resources\/2023-09-25\/ahead-zeichnet-erstmals-kunden-aus-variosystems-und-medartis\/\" \/>\n<meta property=\"og:site_name\" content=\"Organisator\" \/>\n<meta property=\"article:publisher\" content=\"https:\/\/www.facebook.com\/OrganisatorFachmagazin\" \/>\n<meta property=\"article:published_time\" content=\"2023-09-25T11:32:16+00:00\" \/>\n<meta property=\"og:image\" content=\"https:\/\/www.organisator.ch\/wp-content\/uploads\/2023\/09\/Ahead-Award_Bild1.jpg\" \/>\n\t<meta property=\"og:image:width\" content=\"680\" \/>\n\t<meta property=\"og:image:height\" content=\"453\" \/>\n\t<meta property=\"og:image:type\" content=\"image\/jpeg\" \/>\n<meta name=\"author\" content=\"Adelisa Kalajdzini\" \/>\n<meta name=\"twitter:card\" content=\"summary_large_image\" \/>\n<meta name=\"twitter:title\" content=\"#Ahead zeichnet erstmals Kunden aus: #Variosystems und #Medartis\" \/>\n<meta name=\"twitter:description\" content=\"Das Ziel und die Mission der Gr\u00fcnder von #ahead war ein #Kommunikationswerkzeug f\u00fcr die interne Kommunikation zu schaffen.\" \/>\n<meta name=\"twitter:image\" content=\"https:\/\/www.organisator.ch\/wp-content\/uploads\/2023\/09\/Ahead-Award_Bild1.jpg\" \/>\n<script type=\"application\/ld+json\" class=\"yoast-schema-graph\">{\"@context\":\"https:\\\/\\\/schema.org\",\"@graph\":[{\"@type\":\"Article\",\"@id\":\"https:\\\/\\\/www.organisator.ch\\\/human-resources\\\/2023-09-25\\\/ahead-zeichnet-erstmals-kunden-aus-variosystems-und-medartis\\\/#article\",\"isPartOf\":{\"@id\":\"https:\\\/\\\/www.organisator.ch\\\/human-resources\\\/2023-09-25\\\/ahead-zeichnet-erstmals-kunden-aus-variosystems-und-medartis\\\/\"},\"author\":{\"name\":\"Adelisa Kalajdzini\",\"@id\":\"https:\\\/\\\/www.organisator.ch\\\/#\\\/schema\\\/person\\\/2e1314a2172123f874db408d8911d3f3\"},\"headline\":\"Ahead zeichnet erstmals Kunden aus: Variosystems und Medartis\",\"datePublished\":\"2023-09-25T11:32:16+00:00\",\"mainEntityOfPage\":{\"@id\":\"https:\\\/\\\/www.organisator.ch\\\/human-resources\\\/2023-09-25\\\/ahead-zeichnet-erstmals-kunden-aus-variosystems-und-medartis\\\/\"},\"wordCount\":344,\"publisher\":{\"@id\":\"https:\\\/\\\/www.organisator.ch\\\/#organization\"},\"image\":{\"@id\":\"https:\\\/\\\/www.organisator.ch\\\/human-resources\\\/2023-09-25\\\/ahead-zeichnet-erstmals-kunden-aus-variosystems-und-medartis\\\/#primaryimage\"},\"thumbnailUrl\":\"https:\\\/\\\/www.organisator.ch\\\/wp-content\\\/uploads\\\/2023\\\/09\\\/Ahead-Award_Bild1.jpg\",\"keywords\":[\"Awards\",\"Collaboration\",\"Digitalisierung\",\"IT\",\"Marketing\",\"Produkte\",\"Startups\"],\"articleSection\":[\"HUMAN RESOURCES\"],\"inLanguage\":\"de\"},{\"@type\":\"WebPage\",\"@id\":\"https:\\\/\\\/www.organisator.ch\\\/human-resources\\\/2023-09-25\\\/ahead-zeichnet-erstmals-kunden-aus-variosystems-und-medartis\\\/\",\"url\":\"https:\\\/\\\/www.organisator.ch\\\/human-resources\\\/2023-09-25\\\/ahead-zeichnet-erstmals-kunden-aus-variosystems-und-medartis\\\/\",\"name\":\"Ahead zeichnet erstmals Kunden aus: Variosystems und Medartis - Organisator\",\"isPartOf\":{\"@id\":\"https:\\\/\\\/www.organisator.ch\\\/#website\"},\"primaryImageOfPage\":{\"@id\":\"https:\\\/\\\/www.organisator.ch\\\/human-resources\\\/2023-09-25\\\/ahead-zeichnet-erstmals-kunden-aus-variosystems-und-medartis\\\/#primaryimage\"},\"image\":{\"@id\":\"https:\\\/\\\/www.organisator.ch\\\/human-resources\\\/2023-09-25\\\/ahead-zeichnet-erstmals-kunden-aus-variosystems-und-medartis\\\/#primaryimage\"},\"thumbnailUrl\":\"https:\\\/\\\/www.organisator.ch\\\/wp-content\\\/uploads\\\/2023\\\/09\\\/Ahead-Award_Bild1.jpg\",\"datePublished\":\"2023-09-25T11:32:16+00:00\",\"description\":\"Das Ziel und die Mission der Gr\u00fcnder von ahead war ein Kommunikationswerkzeug f\u00fcr die interne Kommunikation zu schaffen.\",\"breadcrumb\":{\"@id\":\"https:\\\/\\\/www.organisator.ch\\\/human-resources\\\/2023-09-25\\\/ahead-zeichnet-erstmals-kunden-aus-variosystems-und-medartis\\\/#breadcrumb\"},\"inLanguage\":\"de\",\"potentialAction\":[{\"@type\":\"ReadAction\",\"target\":[\"https:\\\/\\\/www.organisator.ch\\\/human-resources\\\/2023-09-25\\\/ahead-zeichnet-erstmals-kunden-aus-variosystems-und-medartis\\\/\"]}]},{\"@type\":\"ImageObject\",\"inLanguage\":\"de\",\"@id\":\"https:\\\/\\\/www.organisator.ch\\\/human-resources\\\/2023-09-25\\\/ahead-zeichnet-erstmals-kunden-aus-variosystems-und-medartis\\\/#primaryimage\",\"url\":\"https:\\\/\\\/www.organisator.ch\\\/wp-content\\\/uploads\\\/2023\\\/09\\\/Ahead-Award_Bild1.jpg\",\"contentUrl\":\"https:\\\/\\\/www.organisator.ch\\\/wp-content\\\/uploads\\\/2023\\\/09\\\/Ahead-Award_Bild1.jpg\",\"width\":680,\"height\":453,\"caption\":\"Die Sieger und Jury des ersten ahead awards. V.l.n.r.: Jurorin Yvonne Samaritani, Managing Director June Corporate Communications, Sieger des Awards \u00abmost active aheadintranet\u00bb Andreas Richter, Corporate Communications Manager und Fabian Hildbrand, Head Corporate Communications bei Medartis, Sieger des Awards \u201cbest onboading campaign\u201d Andr\u00e9 B\u00e4ttig, CIO bei Variosystems und die Juroren von ahead Michael Trummer und Andrin Soppelsa. (Bild: www.aheadintranet.com)\"},{\"@type\":\"BreadcrumbList\",\"@id\":\"https:\\\/\\\/www.organisator.ch\\\/human-resources\\\/2023-09-25\\\/ahead-zeichnet-erstmals-kunden-aus-variosystems-und-medartis\\\/#breadcrumb\",\"itemListElement\":[{\"@type\":\"ListItem\",\"position\":1,\"name\":\"Home\",\"item\":\"https:\\\/\\\/www.organisator.ch\\\/\"},{\"@type\":\"ListItem\",\"position\":2,\"name\":\"Ahead zeichnet erstmals Kunden aus: Variosystems und Medartis\"}]},{\"@type\":\"WebSite\",\"@id\":\"https:\\\/\\\/www.organisator.ch\\\/#website\",\"url\":\"https:\\\/\\\/www.organisator.ch\\\/\",\"name\":\"Organisator\",\"description\":\"Kompetent. Praxisnah. Der ORGANISATOR bereitet in 10 Ausgaben pro Jahr die wesentlichen Themen f\u00fcr F\u00fchrungskr\u00e4fte von KMU auf.\",\"publisher\":{\"@id\":\"https:\\\/\\\/www.organisator.ch\\\/#organization\"},\"potentialAction\":[{\"@type\":\"SearchAction\",\"target\":{\"@type\":\"EntryPoint\",\"urlTemplate\":\"https:\\\/\\\/www.organisator.ch\\\/?s={search_term_string}\"},\"query-input\":{\"@type\":\"PropertyValueSpecification\",\"valueRequired\":true,\"valueName\":\"search_term_string\"}}],\"inLanguage\":\"de\"},{\"@type\":\"Organization\",\"@id\":\"https:\\\/\\\/www.organisator.ch\\\/#organization\",\"name\":\"Organisator\",\"url\":\"https:\\\/\\\/www.organisator.ch\\\/\",\"logo\":{\"@type\":\"ImageObject\",\"inLanguage\":\"de\",\"@id\":\"https:\\\/\\\/www.organisator.ch\\\/#\\\/schema\\\/logo\\\/image\\\/\",\"url\":\"https:\\\/\\\/www.organisator.ch\\\/wp-content\\\/uploads\\\/2022\\\/01\\\/Logo_Organisator_Website.png\",\"contentUrl\":\"https:\\\/\\\/www.organisator.ch\\\/wp-content\\\/uploads\\\/2022\\\/01\\\/Logo_Organisator_Website.png\",\"width\":800,\"height\":77,\"caption\":\"Organisator\"},\"image\":{\"@id\":\"https:\\\/\\\/www.organisator.ch\\\/#\\\/schema\\\/logo\\\/image\\\/\"},\"sameAs\":[\"https:\\\/\\\/www.facebook.com\\\/OrganisatorFachmagazin\",\"https:\\\/\\\/www.linkedin.com\\\/showcase\\\/organisator-das-magazin-fr-kmu\",\"https:\\\/\\\/www.xing.com\\\/news\\\/pages\\\/organisator-ch-695\",\"https:\\\/\\\/www.youtube.com\\\/channel\\\/UCGP2Sq0iWaZwT3BdIAQFYpw\"]},{\"@type\":\"Person\",\"@id\":\"https:\\\/\\\/www.organisator.ch\\\/#\\\/schema\\\/person\\\/2e1314a2172123f874db408d8911d3f3\",\"name\":\"Adelisa Kalajdzini\",\"image\":{\"@type\":\"ImageObject\",\"inLanguage\":\"de\",\"@id\":\"https:\\\/\\\/secure.gravatar.com\\\/avatar\\\/09a397c22ac58cad6f160ee8306348599df9df58a8ede73696226897b9fa4b24?s=96&d=mm&r=g\",\"url\":\"https:\\\/\\\/secure.gravatar.com\\\/avatar\\\/09a397c22ac58cad6f160ee8306348599df9df58a8ede73696226897b9fa4b24?s=96&d=mm&r=g\",\"contentUrl\":\"https:\\\/\\\/secure.gravatar.com\\\/avatar\\\/09a397c22ac58cad6f160ee8306348599df9df58a8ede73696226897b9fa4b24?s=96&d=mm&r=g\",\"caption\":\"Adelisa Kalajdzini\"},\"url\":\"https:\\\/\\\/www.organisator.ch\\\/de\\\/author\\\/adelisa-kalajdzini\\\/\"}]}<\/script>\n<!-- \/ Yoast SEO plugin. -->","yoast_head_json":{"title":"Ahead zeichnet erstmals Kunden aus: Variosystems und Medartis - Organisator","description":"Das Ziel und die Mission der Gr\u00fcnder von ahead war ein Kommunikationswerkzeug f\u00fcr die interne Kommunikation zu schaffen.","robots":{"index":"index","follow":"follow","max-snippet":"max-snippet:-1","max-image-preview":"max-image-preview:large","max-video-preview":"max-video-preview:-1"},"canonical":"https:\/\/www.organisator.ch\/de\/human-resources\/2023-09-25\/ahead-zeichnet-erstmals-kunden-aus-variosystems-und-medartis\/","og_locale":"de_DE","og_type":"article","og_title":"Ahead zeichnet erstmals Kunden aus: Variosystems und Medartis","og_description":"Das Ziel und die Mission der Gr\u00fcnder von ahead war ein Kommunikationswerkzeug f\u00fcr die interne Kommunikation zu schaffen.","og_url":"https:\/\/www.organisator.ch\/de\/human-resources\/2023-09-25\/ahead-zeichnet-erstmals-kunden-aus-variosystems-und-medartis\/","og_site_name":"Organisator","article_publisher":"https:\/\/www.facebook.com\/OrganisatorFachmagazin","article_published_time":"2023-09-25T11:32:16+00:00","og_image":[{"width":680,"height":453,"url":"https:\/\/www.organisator.ch\/wp-content\/uploads\/2023\/09\/Ahead-Award_Bild1.jpg","type":"image\/jpeg"}],"author":"Adelisa Kalajdzini","twitter_card":"summary_large_image","twitter_title":"#Ahead zeichnet erstmals Kunden aus: #Variosystems und #Medartis","twitter_description":"Das Ziel und die Mission der Gr\u00fcnder von #ahead war ein #Kommunikationswerkzeug f\u00fcr die interne Kommunikation zu schaffen.","twitter_image":"https:\/\/www.organisator.ch\/wp-content\/uploads\/2023\/09\/Ahead-Award_Bild1.jpg","schema":{"@context":"https:\/\/schema.org","@graph":[{"@type":"Article","@id":"https:\/\/www.organisator.ch\/human-resources\/2023-09-25\/ahead-zeichnet-erstmals-kunden-aus-variosystems-und-medartis\/#article","isPartOf":{"@id":"https:\/\/www.organisator.ch\/human-resources\/2023-09-25\/ahead-zeichnet-erstmals-kunden-aus-variosystems-und-medartis\/"},"author":{"name":"Adelisa Kalajdzini","@id":"https:\/\/www.organisator.ch\/#\/schema\/person\/2e1314a2172123f874db408d8911d3f3"},"headline":"Ahead zeichnet erstmals Kunden aus: Variosystems und Medartis","datePublished":"2023-09-25T11:32:16+00:00","mainEntityOfPage":{"@id":"https:\/\/www.organisator.ch\/human-resources\/2023-09-25\/ahead-zeichnet-erstmals-kunden-aus-variosystems-und-medartis\/"},"wordCount":344,"publisher":{"@id":"https:\/\/www.organisator.ch\/#organization"},"image":{"@id":"https:\/\/www.organisator.ch\/human-resources\/2023-09-25\/ahead-zeichnet-erstmals-kunden-aus-variosystems-und-medartis\/#primaryimage"},"thumbnailUrl":"https:\/\/www.organisator.ch\/wp-content\/uploads\/2023\/09\/Ahead-Award_Bild1.jpg","keywords":["Awards","Collaboration","Digitalisierung","IT","Marketing","Produkte","Startups"],"articleSection":["HUMAN RESOURCES"],"inLanguage":"de"},{"@type":"WebPage","@id":"https:\/\/www.organisator.ch\/human-resources\/2023-09-25\/ahead-zeichnet-erstmals-kunden-aus-variosystems-und-medartis\/","url":"https:\/\/www.organisator.ch\/human-resources\/2023-09-25\/ahead-zeichnet-erstmals-kunden-aus-variosystems-und-medartis\/","name":"Ahead zeichnet erstmals Kunden aus: Variosystems und Medartis - Organisator","isPartOf":{"@id":"https:\/\/www.organisator.ch\/#website"},"primaryImageOfPage":{"@id":"https:\/\/www.organisator.ch\/human-resources\/2023-09-25\/ahead-zeichnet-erstmals-kunden-aus-variosystems-und-medartis\/#primaryimage"},"image":{"@id":"https:\/\/www.organisator.ch\/human-resources\/2023-09-25\/ahead-zeichnet-erstmals-kunden-aus-variosystems-und-medartis\/#primaryimage"},"thumbnailUrl":"https:\/\/www.organisator.ch\/wp-content\/uploads\/2023\/09\/Ahead-Award_Bild1.jpg","datePublished":"2023-09-25T11:32:16+00:00","description":"Das Ziel und die Mission der Gr\u00fcnder von ahead war ein Kommunikationswerkzeug f\u00fcr die interne Kommunikation zu schaffen.","breadcrumb":{"@id":"https:\/\/www.organisator.ch\/human-resources\/2023-09-25\/ahead-zeichnet-erstmals-kunden-aus-variosystems-und-medartis\/#breadcrumb"},"inLanguage":"de","potentialAction":[{"@type":"ReadAction","target":["https:\/\/www.organisator.ch\/human-resources\/2023-09-25\/ahead-zeichnet-erstmals-kunden-aus-variosystems-und-medartis\/"]}]},{"@type":"ImageObject","inLanguage":"de","@id":"https:\/\/www.organisator.ch\/human-resources\/2023-09-25\/ahead-zeichnet-erstmals-kunden-aus-variosystems-und-medartis\/#primaryimage","url":"https:\/\/www.organisator.ch\/wp-content\/uploads\/2023\/09\/Ahead-Award_Bild1.jpg","contentUrl":"https:\/\/www.organisator.ch\/wp-content\/uploads\/2023\/09\/Ahead-Award_Bild1.jpg","width":680,"height":453,"caption":"Die Sieger und Jury des ersten ahead awards. V.l.n.r.: Jurorin Yvonne Samaritani, Managing Director June Corporate Communications, Sieger des Awards \u00abmost active aheadintranet\u00bb Andreas Richter, Corporate Communications Manager und Fabian Hildbrand, Head Corporate Communications bei Medartis, Sieger des Awards \u201cbest onboading campaign\u201d Andr\u00e9 B\u00e4ttig, CIO bei Variosystems und die Juroren von ahead Michael Trummer und Andrin Soppelsa. (Bild: www.aheadintranet.com)"},{"@type":"BreadcrumbList","@id":"https:\/\/www.organisator.ch\/human-resources\/2023-09-25\/ahead-zeichnet-erstmals-kunden-aus-variosystems-und-medartis\/#breadcrumb","itemListElement":[{"@type":"ListItem","position":1,"name":"Home","item":"https:\/\/www.organisator.ch\/"},{"@type":"ListItem","position":2,"name":"Ahead zeichnet erstmals Kunden aus: Variosystems und Medartis"}]},{"@type":"WebSite","@id":"https:\/\/www.organisator.ch\/#website","url":"https:\/\/www.organisator.ch\/","name":"Organisator","description":"Kompetent. Praxisnah. Der ORGANISATOR bereitet in 10 Ausgaben pro Jahr die wesentlichen Themen f\u00fcr F\u00fchrungskr\u00e4fte von KMU auf.","publisher":{"@id":"https:\/\/www.organisator.ch\/#organization"},"potentialAction":[{"@type":"SearchAction","target":{"@type":"EntryPoint","urlTemplate":"https:\/\/www.organisator.ch\/?s={search_term_string}"},"query-input":{"@type":"PropertyValueSpecification","valueRequired":true,"valueName":"search_term_string"}}],"inLanguage":"de"},{"@type":"Organization","@id":"https:\/\/www.organisator.ch\/#organization","name":"Organisator","url":"https:\/\/www.organisator.ch\/","logo":{"@type":"ImageObject","inLanguage":"de","@id":"https:\/\/www.organisator.ch\/#\/schema\/logo\/image\/","url":"https:\/\/www.organisator.ch\/wp-content\/uploads\/2022\/01\/Logo_Organisator_Website.png","contentUrl":"https:\/\/www.organisator.ch\/wp-content\/uploads\/2022\/01\/Logo_Organisator_Website.png","width":800,"height":77,"caption":"Organisator"},"image":{"@id":"https:\/\/www.organisator.ch\/#\/schema\/logo\/image\/"},"sameAs":["https:\/\/www.facebook.com\/OrganisatorFachmagazin","https:\/\/www.linkedin.com\/showcase\/organisator-das-magazin-fr-kmu","https:\/\/www.xing.com\/news\/pages\/organisator-ch-695","https:\/\/www.youtube.com\/channel\/UCGP2Sq0iWaZwT3BdIAQFYpw"]},{"@type":"Person","@id":"https:\/\/www.organisator.ch\/#\/schema\/person\/2e1314a2172123f874db408d8911d3f3","name":"Adelisa Kalajdzini","image":{"@type":"ImageObject","inLanguage":"de","@id":"https:\/\/secure.gravatar.com\/avatar\/09a397c22ac58cad6f160ee8306348599df9df58a8ede73696226897b9fa4b24?s=96&d=mm&r=g","url":"https:\/\/secure.gravatar.com\/avatar\/09a397c22ac58cad6f160ee8306348599df9df58a8ede73696226897b9fa4b24?s=96&d=mm&r=g","contentUrl":"https:\/\/secure.gravatar.com\/avatar\/09a397c22ac58cad6f160ee8306348599df9df58a8ede73696226897b9fa4b24?s=96&d=mm&r=g","caption":"Adelisa Kalajdzini"},"url":"https:\/\/www.organisator.ch\/de\/author\/adelisa-kalajdzini\/"}]}},"_links":{"self":[{"href":"https:\/\/www.organisator.ch\/de\/wp-json\/wp\/v2\/posts\/21867","targetHints":{"allow":["GET"]}}],"collection":[{"href":"https:\/\/www.organisator.ch\/de\/wp-json\/wp\/v2\/posts"}],"about":[{"href":"https:\/\/www.organisator.ch\/de\/wp-json\/wp\/v2\/types\/post"}],"author":[{"embeddable":true,"href":"https:\/\/www.organisator.ch\/de\/wp-json\/wp\/v2\/users\/58"}],"replies":[{"embeddable":true,"href":"https:\/\/www.organisator.ch\/de\/wp-json\/wp\/v2\/comments?post=21867"}],"version-history":[{"count":4,"href":"https:\/\/www.organisator.ch\/de\/wp-json\/wp\/v2\/posts\/21867\/revisions"}],"predecessor-version":[{"id":21890,"href":"https:\/\/www.organisator.ch\/de\/wp-json\/wp\/v2\/posts\/21867\/revisions\/21890"}],"wp:featuredmedia":[{"embeddable":true,"href":"https:\/\/www.organisator.ch\/de\/wp-json\/wp\/v2\/media\/21868"}],"wp:attachment":[{"href":"https:\/\/www.organisator.ch\/de\/wp-json\/wp\/v2\/media?parent=21867"}],"wp:term":[{"taxonomy":"category","embeddable":true,"href":"https:\/\/www.organisator.ch\/de\/wp-json\/wp\/v2\/categories?post=21867"},{"taxonomy":"post_tag","embeddable":true,"href":"https:\/\/www.organisator.ch\/de\/wp-json\/wp\/v2\/tags?post=21867"}],"curies":[{"name":"wp","href":"https:\/\/api.w.org\/{rel}","templated":true}]}}