{"id":21893,"date":"2023-09-25T15:21:01","date_gmt":"2023-09-25T13:21:01","guid":{"rendered":"https:\/\/www.organisator.ch\/?p=21893"},"modified":"2023-09-25T15:21:01","modified_gmt":"2023-09-25T13:21:01","slug":"kristian-kabashi-gewinnt-den-swissalbs-unternehmerpreis-2023","status":"publish","type":"post","link":"https:\/\/www.organisator.ch\/de\/management\/2023-09-25\/kristian-kabashi-gewinnt-den-swissalbs-unternehmerpreis-2023\/","title":{"rendered":"Kristian Kabashi gewinnt den swissalbs-Unternehmerpreis 2023"},"content":{"rendered":"<figure id=\"attachment_21916\" aria-describedby=\"caption-attachment-21916\" style=\"width: 680px\" class=\"wp-caption alignnone\"><img loading=\"lazy\" decoding=\"async\" class=\"size-full wp-image-21916\" src=\"https:\/\/www.organisator.ch\/wp-content\/uploads\/2023\/09\/Siegerehrung_Kristian-Kabashi_Bild1_ps.jpg\" alt=\"\" width=\"680\" height=\"453\" srcset=\"https:\/\/www.organisator.ch\/wp-content\/uploads\/2023\/09\/Siegerehrung_Kristian-Kabashi_Bild1_ps.jpg 680w, https:\/\/www.organisator.ch\/wp-content\/uploads\/2023\/09\/Siegerehrung_Kristian-Kabashi_Bild1_ps-18x12.jpg 18w, https:\/\/www.organisator.ch\/wp-content\/uploads\/2023\/09\/Siegerehrung_Kristian-Kabashi_Bild1_ps-375x250.jpg 375w, https:\/\/www.organisator.ch\/wp-content\/uploads\/2023\/09\/Siegerehrung_Kristian-Kabashi_Bild1_ps-525x350.jpg 525w\" sizes=\"auto, (max-width: 680px) 100vw, 680px\" \/><figcaption id=\"caption-attachment-21916\" class=\"wp-caption-text\">(Bild: www.swissalbs.ch \/ Fiona Murtaj)<\/figcaption><\/figure>\n<p>Der swissalbs-Unternehmerpreis w\u00fcrdigt aussergew\u00f6hnliche unternehmerische Leistungen, feiert die Innovationskraft der albanischen Gemeinschaft und dient als Inspiration f\u00fcr die gesamte swissalbs-Community. Kristian Kabashi wurde von einer Jury, bestehend aus Pers\u00f6nlichkeiten wie Roland Brack, Gr\u00fcnder von BRACK.CH, Nadine J\u00fcrgensen, Mitgr\u00fcnderin von elleXX, Andri Silberschmidt, FDP-Nationalrat, Vllaznim Xhiha, Philanthrop und Serial Entrepreneur, sowie Jeton Tolaj, CEO der Wirz AG Bauunternehmungen, aufgrund seiner herausragenden Leistungen ausgew\u00e4hlt.<\/p>\n<h3>swissalbs-Unternehmerpreis f\u00fcr ein FinTech-Unternehmen<\/h3>\n<p>Kristian Kabashi ist Mitgr\u00fcnder und Vorstandsmitglied von Numarics, einem FinTech-Startup, das eine All-in-One-L\u00f6sung f\u00fcr Finanzdienstleistungen bietet. Das Unternehmen vereint menschliche Expertise mit Technologie und k\u00fcnstlicher Intelligenz, um Kunden ein umfassendes Angebot an verschiedenen Dienstleistungen zu bieten. Die Auszeichnung von Kristian Kabashi mit dem swissalbs-Unternehmerpreis w\u00fcrdigt nicht nur seine bisherigen Erfolge, sondern auch seinen bedeutenden Beitrag zur Transformation des Finanzsektors durch innovative Technologien und eine ganzheitliche Herangehensweise. In seiner Dankesrede betonte Kristian Kabashi: \u00abIch bin zutiefst geehrt und inspiriert, diese renommierte Auszeichnung von swissalbs zu erhalten. Sie ist nicht nur eine Anerkennung unserer bisherigen Arbeit bei Numarics, sondern auch eine Best\u00e4tigung daf\u00fcr, dass Finanzdienstleistungen auf innovative Weise neugestaltet werden k\u00f6nnen, um die Bed\u00fcrfnisse der Kunden besser zu erf\u00fcllen. Ich teile diesen Erfolg mit meinem engagierten Team bei Numarics.\u00bb<\/p>\n<p>Seit der j\u00fcngsten Finanzierungsrunde ist die Grossbank UBS Hauptinvestor des Z\u00fcrcher Fintech-Unternehmens. UBS hat zudem eine strategische Partnerschaft mit Numarics angek\u00fcndigt, die darauf abzielt, integrierte Finanz- und Verwaltungsl\u00f6sungen f\u00fcr KMUs anzubieten, um deren administrative Belastung zu verringern.<\/p>\n<figure id=\"attachment_21915\" aria-describedby=\"caption-attachment-21915\" style=\"width: 680px\" class=\"wp-caption alignnone\"><img loading=\"lazy\" decoding=\"async\" class=\"size-full wp-image-21915\" src=\"https:\/\/www.organisator.ch\/wp-content\/uploads\/2023\/09\/Apero_swissalbs_Bild2_ps.jpg\" alt=\"\" width=\"680\" height=\"453\" srcset=\"https:\/\/www.organisator.ch\/wp-content\/uploads\/2023\/09\/Apero_swissalbs_Bild2_ps.jpg 680w, https:\/\/www.organisator.ch\/wp-content\/uploads\/2023\/09\/Apero_swissalbs_Bild2_ps-18x12.jpg 18w, https:\/\/www.organisator.ch\/wp-content\/uploads\/2023\/09\/Apero_swissalbs_Bild2_ps-375x250.jpg 375w, https:\/\/www.organisator.ch\/wp-content\/uploads\/2023\/09\/Apero_swissalbs_Bild2_ps-525x350.jpg 525w\" sizes=\"auto, (max-width: 680px) 100vw, 680px\" \/><figcaption id=\"caption-attachment-21915\" class=\"wp-caption-text\">(Bild: www.swissalbs.ch \/ Fiona Murtaj)<\/figcaption><\/figure>\n<h3>Plattform f\u00fcr schweizerisch-albanisches Unternehmertum<\/h3>\n<p>Neben der Auszeichnung von Kristian Kabashi umfasste die Veranstaltung Live-Musik, Unterhaltung und inspirierende Reden von hochrangigen Pers\u00f6nlichkeiten aus der Schweizer Wirtschaft und Politik. swissalbs ist eine Non-Profit-Organisation mit Sitz in Z\u00fcrich, die 2018 von P\u00ebrparim Avdili, Bardhyl Coli, Arbela Statovci und Burim Hasani ins Leben gerufen wurde. Der Verein veranstaltet j\u00e4hrlich einen Unternehmerball, der Unternehmer aus der swissalbs-Community zusammenbringt. Die Veranstaltung bietet eine Plattform f\u00fcr Networking, den Austausch von Ideen und die F\u00f6rderung von Gesch\u00e4ftsm\u00f6glichkeiten.<\/p>\n<p><em>Quelle: <a href=\"https:\/\/www.swissalbs.ch\/\">www.swissalbs.ch<\/a><\/em><\/p>\n","protected":false},"excerpt":{"rendered":"<p>Der albanisch-schweizerische Verein swissalbs hat den Gewinner des begehrten Unternehmerpreises f\u00fcr das Jahr 2023 bekanntgegeben. Die Auszeichnung wurde durch eine prominente Jury rund um BRACK.CH-Gr\u00fcnder Roland Brack, Nationalrat Andri Silberschmidt und elleXX Mitgr\u00fcnderin Nadine J\u00fcrgensen an Kristian Kabashi verliehen, dem Mitgr\u00fcnder und Vorstandsmitglied des FinTech-Startups Numarics. Die Preisverleihung fand im Rahmen des swissalbs-Unternehmerballs am 23. September im ausverkauften Kongresshaus Z\u00fcrich statt.<\/p>\n","protected":false},"author":58,"featured_media":21916,"comment_status":"closed","ping_status":"closed","sticky":false,"template":"","format":"standard","meta":{"_acf_changed":false,"_yoast_wpseo_focuskw":"swissalbs-Unternehmerpreis","_yoast_wpseo_metadesc":"Der albanisch-schweizerische Verein swissalbs hat den Gewinner des swissalbs-Unternehmerpreis f\u00fcr das Jahr 2023 bekanntgegeben.","articlekey":"","footnotes":""},"categories":[28],"tags":[66,156,294,451,492],"class_list":["post-21893","post","type-post","status-publish","format-standard","has-post-thumbnail","hentry","category-management","tag-awards","tag-digitalisierung","tag-karriere","tag-startups","tag-unternehmen"],"acf":[],"yoast_head":"<!-- This site is optimized with the Yoast SEO plugin v27.5 - https:\/\/yoast.com\/product\/yoast-seo-wordpress\/ -->\n<title>Kristian Kabashi gewinnt den swissalbs-Unternehmerpreis 2023 - Organisator<\/title>\n<meta name=\"description\" content=\"Der albanisch-schweizerische Verein swissalbs hat den Gewinner des swissalbs-Unternehmerpreis f\u00fcr das Jahr 2023 bekanntgegeben.\" \/>\n<meta name=\"robots\" content=\"index, follow, max-snippet:-1, max-image-preview:large, max-video-preview:-1\" \/>\n<link rel=\"canonical\" href=\"https:\/\/www.organisator.ch\/de\/management\/2023-09-25\/kristian-kabashi-gewinnt-den-swissalbs-unternehmerpreis-2023\/\" \/>\n<meta property=\"og:locale\" content=\"de_DE\" \/>\n<meta property=\"og:type\" content=\"article\" \/>\n<meta property=\"og:title\" content=\"Kristian Kabashi gewinnt den swissalbs-Unternehmerpreis 2023 - Organisator\" \/>\n<meta property=\"og:description\" content=\"Der albanisch-schweizerische Verein swissalbs hat den Gewinner des swissalbs-Unternehmerpreis f\u00fcr das Jahr 2023 bekanntgegeben.\" \/>\n<meta property=\"og:url\" content=\"https:\/\/www.organisator.ch\/de\/management\/2023-09-25\/kristian-kabashi-gewinnt-den-swissalbs-unternehmerpreis-2023\/\" \/>\n<meta property=\"og:site_name\" content=\"Organisator\" \/>\n<meta property=\"article:publisher\" content=\"https:\/\/www.facebook.com\/OrganisatorFachmagazin\" \/>\n<meta property=\"article:published_time\" content=\"2023-09-25T13:21:01+00:00\" \/>\n<meta property=\"og:image\" content=\"https:\/\/www.organisator.ch\/wp-content\/uploads\/2023\/09\/Siegerehrung_Kristian-Kabashi_Bild1_ps.jpg\" \/>\n\t<meta property=\"og:image:width\" content=\"680\" \/>\n\t<meta property=\"og:image:height\" content=\"453\" \/>\n\t<meta property=\"og:image:type\" content=\"image\/jpeg\" \/>\n<meta name=\"author\" content=\"Adelisa Kalajdzini\" \/>\n<meta name=\"twitter:card\" content=\"summary_large_image\" \/>\n<script type=\"application\/ld+json\" class=\"yoast-schema-graph\">{\"@context\":\"https:\\\/\\\/schema.org\",\"@graph\":[{\"@type\":\"Article\",\"@id\":\"https:\\\/\\\/www.organisator.ch\\\/management\\\/2023-09-25\\\/kristian-kabashi-gewinnt-den-swissalbs-unternehmerpreis-2023\\\/#article\",\"isPartOf\":{\"@id\":\"https:\\\/\\\/www.organisator.ch\\\/management\\\/2023-09-25\\\/kristian-kabashi-gewinnt-den-swissalbs-unternehmerpreis-2023\\\/\"},\"author\":{\"name\":\"Adelisa Kalajdzini\",\"@id\":\"https:\\\/\\\/www.organisator.ch\\\/#\\\/schema\\\/person\\\/2e1314a2172123f874db408d8911d3f3\"},\"headline\":\"Kristian Kabashi gewinnt den swissalbs-Unternehmerpreis 2023\",\"datePublished\":\"2023-09-25T13:21:01+00:00\",\"mainEntityOfPage\":{\"@id\":\"https:\\\/\\\/www.organisator.ch\\\/management\\\/2023-09-25\\\/kristian-kabashi-gewinnt-den-swissalbs-unternehmerpreis-2023\\\/\"},\"wordCount\":377,\"publisher\":{\"@id\":\"https:\\\/\\\/www.organisator.ch\\\/#organization\"},\"image\":{\"@id\":\"https:\\\/\\\/www.organisator.ch\\\/management\\\/2023-09-25\\\/kristian-kabashi-gewinnt-den-swissalbs-unternehmerpreis-2023\\\/#primaryimage\"},\"thumbnailUrl\":\"https:\\\/\\\/www.organisator.ch\\\/wp-content\\\/uploads\\\/2023\\\/09\\\/Siegerehrung_Kristian-Kabashi_Bild1_ps.jpg\",\"keywords\":[\"Awards\",\"Digitalisierung\",\"Karriere\",\"Startups\",\"Unternehmen\"],\"articleSection\":[\"MANAGEMENT\"],\"inLanguage\":\"de\"},{\"@type\":\"WebPage\",\"@id\":\"https:\\\/\\\/www.organisator.ch\\\/management\\\/2023-09-25\\\/kristian-kabashi-gewinnt-den-swissalbs-unternehmerpreis-2023\\\/\",\"url\":\"https:\\\/\\\/www.organisator.ch\\\/management\\\/2023-09-25\\\/kristian-kabashi-gewinnt-den-swissalbs-unternehmerpreis-2023\\\/\",\"name\":\"Kristian Kabashi gewinnt den swissalbs-Unternehmerpreis 2023 - Organisator\",\"isPartOf\":{\"@id\":\"https:\\\/\\\/www.organisator.ch\\\/#website\"},\"primaryImageOfPage\":{\"@id\":\"https:\\\/\\\/www.organisator.ch\\\/management\\\/2023-09-25\\\/kristian-kabashi-gewinnt-den-swissalbs-unternehmerpreis-2023\\\/#primaryimage\"},\"image\":{\"@id\":\"https:\\\/\\\/www.organisator.ch\\\/management\\\/2023-09-25\\\/kristian-kabashi-gewinnt-den-swissalbs-unternehmerpreis-2023\\\/#primaryimage\"},\"thumbnailUrl\":\"https:\\\/\\\/www.organisator.ch\\\/wp-content\\\/uploads\\\/2023\\\/09\\\/Siegerehrung_Kristian-Kabashi_Bild1_ps.jpg\",\"datePublished\":\"2023-09-25T13:21:01+00:00\",\"description\":\"Der albanisch-schweizerische Verein swissalbs hat den Gewinner des swissalbs-Unternehmerpreis f\u00fcr das Jahr 2023 bekanntgegeben.\",\"breadcrumb\":{\"@id\":\"https:\\\/\\\/www.organisator.ch\\\/management\\\/2023-09-25\\\/kristian-kabashi-gewinnt-den-swissalbs-unternehmerpreis-2023\\\/#breadcrumb\"},\"inLanguage\":\"de\",\"potentialAction\":[{\"@type\":\"ReadAction\",\"target\":[\"https:\\\/\\\/www.organisator.ch\\\/management\\\/2023-09-25\\\/kristian-kabashi-gewinnt-den-swissalbs-unternehmerpreis-2023\\\/\"]}]},{\"@type\":\"ImageObject\",\"inLanguage\":\"de\",\"@id\":\"https:\\\/\\\/www.organisator.ch\\\/management\\\/2023-09-25\\\/kristian-kabashi-gewinnt-den-swissalbs-unternehmerpreis-2023\\\/#primaryimage\",\"url\":\"https:\\\/\\\/www.organisator.ch\\\/wp-content\\\/uploads\\\/2023\\\/09\\\/Siegerehrung_Kristian-Kabashi_Bild1_ps.jpg\",\"contentUrl\":\"https:\\\/\\\/www.organisator.ch\\\/wp-content\\\/uploads\\\/2023\\\/09\\\/Siegerehrung_Kristian-Kabashi_Bild1_ps.jpg\",\"width\":680,\"height\":453,\"caption\":\"(Bild: www.swissalbs.ch-Fiona Murtaj)\"},{\"@type\":\"BreadcrumbList\",\"@id\":\"https:\\\/\\\/www.organisator.ch\\\/management\\\/2023-09-25\\\/kristian-kabashi-gewinnt-den-swissalbs-unternehmerpreis-2023\\\/#breadcrumb\",\"itemListElement\":[{\"@type\":\"ListItem\",\"position\":1,\"name\":\"Home\",\"item\":\"https:\\\/\\\/www.organisator.ch\\\/\"},{\"@type\":\"ListItem\",\"position\":2,\"name\":\"Kristian Kabashi gewinnt den swissalbs-Unternehmerpreis 2023\"}]},{\"@type\":\"WebSite\",\"@id\":\"https:\\\/\\\/www.organisator.ch\\\/#website\",\"url\":\"https:\\\/\\\/www.organisator.ch\\\/\",\"name\":\"Organisator\",\"description\":\"Kompetent. Praxisnah. Der ORGANISATOR bereitet in 10 Ausgaben pro Jahr die wesentlichen Themen f\u00fcr F\u00fchrungskr\u00e4fte von KMU auf.\",\"publisher\":{\"@id\":\"https:\\\/\\\/www.organisator.ch\\\/#organization\"},\"potentialAction\":[{\"@type\":\"SearchAction\",\"target\":{\"@type\":\"EntryPoint\",\"urlTemplate\":\"https:\\\/\\\/www.organisator.ch\\\/?s={search_term_string}\"},\"query-input\":{\"@type\":\"PropertyValueSpecification\",\"valueRequired\":true,\"valueName\":\"search_term_string\"}}],\"inLanguage\":\"de\"},{\"@type\":\"Organization\",\"@id\":\"https:\\\/\\\/www.organisator.ch\\\/#organization\",\"name\":\"Organisator\",\"url\":\"https:\\\/\\\/www.organisator.ch\\\/\",\"logo\":{\"@type\":\"ImageObject\",\"inLanguage\":\"de\",\"@id\":\"https:\\\/\\\/www.organisator.ch\\\/#\\\/schema\\\/logo\\\/image\\\/\",\"url\":\"https:\\\/\\\/www.organisator.ch\\\/wp-content\\\/uploads\\\/2022\\\/01\\\/Logo_Organisator_Website.png\",\"contentUrl\":\"https:\\\/\\\/www.organisator.ch\\\/wp-content\\\/uploads\\\/2022\\\/01\\\/Logo_Organisator_Website.png\",\"width\":800,\"height\":77,\"caption\":\"Organisator\"},\"image\":{\"@id\":\"https:\\\/\\\/www.organisator.ch\\\/#\\\/schema\\\/logo\\\/image\\\/\"},\"sameAs\":[\"https:\\\/\\\/www.facebook.com\\\/OrganisatorFachmagazin\",\"https:\\\/\\\/www.linkedin.com\\\/showcase\\\/organisator-das-magazin-fr-kmu\",\"https:\\\/\\\/www.xing.com\\\/news\\\/pages\\\/organisator-ch-695\",\"https:\\\/\\\/www.youtube.com\\\/channel\\\/UCGP2Sq0iWaZwT3BdIAQFYpw\"]},{\"@type\":\"Person\",\"@id\":\"https:\\\/\\\/www.organisator.ch\\\/#\\\/schema\\\/person\\\/2e1314a2172123f874db408d8911d3f3\",\"name\":\"Adelisa Kalajdzini\",\"image\":{\"@type\":\"ImageObject\",\"inLanguage\":\"de\",\"@id\":\"https:\\\/\\\/secure.gravatar.com\\\/avatar\\\/09a397c22ac58cad6f160ee8306348599df9df58a8ede73696226897b9fa4b24?s=96&d=mm&r=g\",\"url\":\"https:\\\/\\\/secure.gravatar.com\\\/avatar\\\/09a397c22ac58cad6f160ee8306348599df9df58a8ede73696226897b9fa4b24?s=96&d=mm&r=g\",\"contentUrl\":\"https:\\\/\\\/secure.gravatar.com\\\/avatar\\\/09a397c22ac58cad6f160ee8306348599df9df58a8ede73696226897b9fa4b24?s=96&d=mm&r=g\",\"caption\":\"Adelisa Kalajdzini\"},\"url\":\"https:\\\/\\\/www.organisator.ch\\\/de\\\/author\\\/adelisa-kalajdzini\\\/\"}]}<\/script>\n<!-- \/ Yoast SEO plugin. -->","yoast_head_json":{"title":"Kristian Kabashi gewinnt den swissalbs-Unternehmerpreis 2023 - Organisator","description":"Der albanisch-schweizerische Verein swissalbs hat den Gewinner des swissalbs-Unternehmerpreis f\u00fcr das Jahr 2023 bekanntgegeben.","robots":{"index":"index","follow":"follow","max-snippet":"max-snippet:-1","max-image-preview":"max-image-preview:large","max-video-preview":"max-video-preview:-1"},"canonical":"https:\/\/www.organisator.ch\/de\/management\/2023-09-25\/kristian-kabashi-gewinnt-den-swissalbs-unternehmerpreis-2023\/","og_locale":"de_DE","og_type":"article","og_title":"Kristian Kabashi gewinnt den swissalbs-Unternehmerpreis 2023 - Organisator","og_description":"Der albanisch-schweizerische Verein swissalbs hat den Gewinner des swissalbs-Unternehmerpreis f\u00fcr das Jahr 2023 bekanntgegeben.","og_url":"https:\/\/www.organisator.ch\/de\/management\/2023-09-25\/kristian-kabashi-gewinnt-den-swissalbs-unternehmerpreis-2023\/","og_site_name":"Organisator","article_publisher":"https:\/\/www.facebook.com\/OrganisatorFachmagazin","article_published_time":"2023-09-25T13:21:01+00:00","og_image":[{"width":680,"height":453,"url":"https:\/\/www.organisator.ch\/wp-content\/uploads\/2023\/09\/Siegerehrung_Kristian-Kabashi_Bild1_ps.jpg","type":"image\/jpeg"}],"author":"Adelisa Kalajdzini","twitter_card":"summary_large_image","schema":{"@context":"https:\/\/schema.org","@graph":[{"@type":"Article","@id":"https:\/\/www.organisator.ch\/management\/2023-09-25\/kristian-kabashi-gewinnt-den-swissalbs-unternehmerpreis-2023\/#article","isPartOf":{"@id":"https:\/\/www.organisator.ch\/management\/2023-09-25\/kristian-kabashi-gewinnt-den-swissalbs-unternehmerpreis-2023\/"},"author":{"name":"Adelisa Kalajdzini","@id":"https:\/\/www.organisator.ch\/#\/schema\/person\/2e1314a2172123f874db408d8911d3f3"},"headline":"Kristian Kabashi gewinnt den swissalbs-Unternehmerpreis 2023","datePublished":"2023-09-25T13:21:01+00:00","mainEntityOfPage":{"@id":"https:\/\/www.organisator.ch\/management\/2023-09-25\/kristian-kabashi-gewinnt-den-swissalbs-unternehmerpreis-2023\/"},"wordCount":377,"publisher":{"@id":"https:\/\/www.organisator.ch\/#organization"},"image":{"@id":"https:\/\/www.organisator.ch\/management\/2023-09-25\/kristian-kabashi-gewinnt-den-swissalbs-unternehmerpreis-2023\/#primaryimage"},"thumbnailUrl":"https:\/\/www.organisator.ch\/wp-content\/uploads\/2023\/09\/Siegerehrung_Kristian-Kabashi_Bild1_ps.jpg","keywords":["Awards","Digitalisierung","Karriere","Startups","Unternehmen"],"articleSection":["MANAGEMENT"],"inLanguage":"de"},{"@type":"WebPage","@id":"https:\/\/www.organisator.ch\/management\/2023-09-25\/kristian-kabashi-gewinnt-den-swissalbs-unternehmerpreis-2023\/","url":"https:\/\/www.organisator.ch\/management\/2023-09-25\/kristian-kabashi-gewinnt-den-swissalbs-unternehmerpreis-2023\/","name":"Kristian Kabashi gewinnt den swissalbs-Unternehmerpreis 2023 - Organisator","isPartOf":{"@id":"https:\/\/www.organisator.ch\/#website"},"primaryImageOfPage":{"@id":"https:\/\/www.organisator.ch\/management\/2023-09-25\/kristian-kabashi-gewinnt-den-swissalbs-unternehmerpreis-2023\/#primaryimage"},"image":{"@id":"https:\/\/www.organisator.ch\/management\/2023-09-25\/kristian-kabashi-gewinnt-den-swissalbs-unternehmerpreis-2023\/#primaryimage"},"thumbnailUrl":"https:\/\/www.organisator.ch\/wp-content\/uploads\/2023\/09\/Siegerehrung_Kristian-Kabashi_Bild1_ps.jpg","datePublished":"2023-09-25T13:21:01+00:00","description":"Der albanisch-schweizerische Verein swissalbs hat den Gewinner des swissalbs-Unternehmerpreis f\u00fcr das Jahr 2023 bekanntgegeben.","breadcrumb":{"@id":"https:\/\/www.organisator.ch\/management\/2023-09-25\/kristian-kabashi-gewinnt-den-swissalbs-unternehmerpreis-2023\/#breadcrumb"},"inLanguage":"de","potentialAction":[{"@type":"ReadAction","target":["https:\/\/www.organisator.ch\/management\/2023-09-25\/kristian-kabashi-gewinnt-den-swissalbs-unternehmerpreis-2023\/"]}]},{"@type":"ImageObject","inLanguage":"de","@id":"https:\/\/www.organisator.ch\/management\/2023-09-25\/kristian-kabashi-gewinnt-den-swissalbs-unternehmerpreis-2023\/#primaryimage","url":"https:\/\/www.organisator.ch\/wp-content\/uploads\/2023\/09\/Siegerehrung_Kristian-Kabashi_Bild1_ps.jpg","contentUrl":"https:\/\/www.organisator.ch\/wp-content\/uploads\/2023\/09\/Siegerehrung_Kristian-Kabashi_Bild1_ps.jpg","width":680,"height":453,"caption":"(Bild: www.swissalbs.ch-Fiona Murtaj)"},{"@type":"BreadcrumbList","@id":"https:\/\/www.organisator.ch\/management\/2023-09-25\/kristian-kabashi-gewinnt-den-swissalbs-unternehmerpreis-2023\/#breadcrumb","itemListElement":[{"@type":"ListItem","position":1,"name":"Home","item":"https:\/\/www.organisator.ch\/"},{"@type":"ListItem","position":2,"name":"Kristian Kabashi gewinnt den swissalbs-Unternehmerpreis 2023"}]},{"@type":"WebSite","@id":"https:\/\/www.organisator.ch\/#website","url":"https:\/\/www.organisator.ch\/","name":"Organisator","description":"Kompetent. Praxisnah. Der ORGANISATOR bereitet in 10 Ausgaben pro Jahr die wesentlichen Themen f\u00fcr F\u00fchrungskr\u00e4fte von KMU auf.","publisher":{"@id":"https:\/\/www.organisator.ch\/#organization"},"potentialAction":[{"@type":"SearchAction","target":{"@type":"EntryPoint","urlTemplate":"https:\/\/www.organisator.ch\/?s={search_term_string}"},"query-input":{"@type":"PropertyValueSpecification","valueRequired":true,"valueName":"search_term_string"}}],"inLanguage":"de"},{"@type":"Organization","@id":"https:\/\/www.organisator.ch\/#organization","name":"Organisator","url":"https:\/\/www.organisator.ch\/","logo":{"@type":"ImageObject","inLanguage":"de","@id":"https:\/\/www.organisator.ch\/#\/schema\/logo\/image\/","url":"https:\/\/www.organisator.ch\/wp-content\/uploads\/2022\/01\/Logo_Organisator_Website.png","contentUrl":"https:\/\/www.organisator.ch\/wp-content\/uploads\/2022\/01\/Logo_Organisator_Website.png","width":800,"height":77,"caption":"Organisator"},"image":{"@id":"https:\/\/www.organisator.ch\/#\/schema\/logo\/image\/"},"sameAs":["https:\/\/www.facebook.com\/OrganisatorFachmagazin","https:\/\/www.linkedin.com\/showcase\/organisator-das-magazin-fr-kmu","https:\/\/www.xing.com\/news\/pages\/organisator-ch-695","https:\/\/www.youtube.com\/channel\/UCGP2Sq0iWaZwT3BdIAQFYpw"]},{"@type":"Person","@id":"https:\/\/www.organisator.ch\/#\/schema\/person\/2e1314a2172123f874db408d8911d3f3","name":"Adelisa Kalajdzini","image":{"@type":"ImageObject","inLanguage":"de","@id":"https:\/\/secure.gravatar.com\/avatar\/09a397c22ac58cad6f160ee8306348599df9df58a8ede73696226897b9fa4b24?s=96&d=mm&r=g","url":"https:\/\/secure.gravatar.com\/avatar\/09a397c22ac58cad6f160ee8306348599df9df58a8ede73696226897b9fa4b24?s=96&d=mm&r=g","contentUrl":"https:\/\/secure.gravatar.com\/avatar\/09a397c22ac58cad6f160ee8306348599df9df58a8ede73696226897b9fa4b24?s=96&d=mm&r=g","caption":"Adelisa Kalajdzini"},"url":"https:\/\/www.organisator.ch\/de\/author\/adelisa-kalajdzini\/"}]}},"_links":{"self":[{"href":"https:\/\/www.organisator.ch\/de\/wp-json\/wp\/v2\/posts\/21893","targetHints":{"allow":["GET"]}}],"collection":[{"href":"https:\/\/www.organisator.ch\/de\/wp-json\/wp\/v2\/posts"}],"about":[{"href":"https:\/\/www.organisator.ch\/de\/wp-json\/wp\/v2\/types\/post"}],"author":[{"embeddable":true,"href":"https:\/\/www.organisator.ch\/de\/wp-json\/wp\/v2\/users\/58"}],"replies":[{"embeddable":true,"href":"https:\/\/www.organisator.ch\/de\/wp-json\/wp\/v2\/comments?post=21893"}],"version-history":[{"count":6,"href":"https:\/\/www.organisator.ch\/de\/wp-json\/wp\/v2\/posts\/21893\/revisions"}],"predecessor-version":[{"id":21919,"href":"https:\/\/www.organisator.ch\/de\/wp-json\/wp\/v2\/posts\/21893\/revisions\/21919"}],"wp:featuredmedia":[{"embeddable":true,"href":"https:\/\/www.organisator.ch\/de\/wp-json\/wp\/v2\/media\/21916"}],"wp:attachment":[{"href":"https:\/\/www.organisator.ch\/de\/wp-json\/wp\/v2\/media?parent=21893"}],"wp:term":[{"taxonomy":"category","embeddable":true,"href":"https:\/\/www.organisator.ch\/de\/wp-json\/wp\/v2\/categories?post=21893"},{"taxonomy":"post_tag","embeddable":true,"href":"https:\/\/www.organisator.ch\/de\/wp-json\/wp\/v2\/tags?post=21893"}],"curies":[{"name":"wp","href":"https:\/\/api.w.org\/{rel}","templated":true}]}}