{"id":21944,"date":"2023-09-29T08:19:06","date_gmt":"2023-09-29T06:19:06","guid":{"rendered":"https:\/\/www.organisator.ch\/?p=21944"},"modified":"2023-09-29T08:19:06","modified_gmt":"2023-09-29T06:19:06","slug":"die-vorreiter-des-gruenen-wandels-datengetriebene-unternehmen-in-der-kreislaufwirtschaft","status":"publish","type":"post","link":"https:\/\/www.organisator.ch\/de\/sustainability\/2023-09-29\/die-vorreiter-des-gruenen-wandels-datengetriebene-unternehmen-in-der-kreislaufwirtschaft\/","title":{"rendered":"Die Vorreiter des gr\u00fcnen Wandels: Datengetriebene Unternehmen in der Kreislaufwirtschaft"},"content":{"rendered":"<figure id=\"attachment_21946\" aria-describedby=\"caption-attachment-21946\" style=\"width: 680px\" class=\"wp-caption alignnone\"><img loading=\"lazy\" decoding=\"async\" class=\"size-full wp-image-21946\" src=\"https:\/\/www.organisator.ch\/wp-content\/uploads\/2023\/09\/Jens-Rollenmueller_Bild1_ps.jpg\" alt=\"\" width=\"680\" height=\"453\" srcset=\"https:\/\/www.organisator.ch\/wp-content\/uploads\/2023\/09\/Jens-Rollenmueller_Bild1_ps.jpg 680w, https:\/\/www.organisator.ch\/wp-content\/uploads\/2023\/09\/Jens-Rollenmueller_Bild1_ps-18x12.jpg 18w, https:\/\/www.organisator.ch\/wp-content\/uploads\/2023\/09\/Jens-Rollenmueller_Bild1_ps-375x250.jpg 375w, https:\/\/www.organisator.ch\/wp-content\/uploads\/2023\/09\/Jens-Rollenmueller_Bild1_ps-525x350.jpg 525w\" sizes=\"auto, (max-width: 680px) 100vw, 680px\" \/><figcaption id=\"caption-attachment-21946\" class=\"wp-caption-text\">PLM-L\u00f6sungen unterst\u00fctzen die Kreislaufwirtschaft. Dies die Auffassung von Aras-Manager Jens Rollenm\u00fcller (Bild: www.aras.com)<\/figcaption><\/figure>\n<p>F\u00fcr eine Studie hat die Produkt-Innovations-Plattform Aras mehr als 440 Top-Entscheider aus 19 europ\u00e4ischen L\u00e4ndern befragt. \u201eDie klassische Wegwerfwirtschaft hat ausgedient. An ihre Stelle tritt ein auf Wiederverwendung und Recycling basierendes Produktionsmodell. Doch damit der \u00dcbergang von der linearen Ressourcenverarbeitung mit der Deponie als Endstation zur Kreislaufwirtschaft gelingt, m\u00fcssen Unternehmen ihre Entwicklungs- und Produktionsprozesse einschliesslich der nachfolgenden Recyclingverfahren neu denken und planen\u201c, sagt Jens Rollenm\u00fcller, Gesch\u00e4ftsf\u00fchrer von Aras Deutschland. Die Technologie von Aras erm\u00f6glicht die schnelle Bereitstellung flexibler, erweiterbarer L\u00f6sungen, die die Anpassungsf\u00e4higkeit von Unternehmen erh\u00f6hen.<\/p>\n<figure id=\"attachment_21945\" aria-describedby=\"caption-attachment-21945\" style=\"width: 680px\" class=\"wp-caption alignnone\"><img loading=\"lazy\" decoding=\"async\" class=\"size-full wp-image-21945\" src=\"https:\/\/www.organisator.ch\/wp-content\/uploads\/2023\/09\/Aras_Bild2_ps.jpg\" alt=\"\" width=\"680\" height=\"383\" srcset=\"https:\/\/www.organisator.ch\/wp-content\/uploads\/2023\/09\/Aras_Bild2_ps.jpg 680w, https:\/\/www.organisator.ch\/wp-content\/uploads\/2023\/09\/Aras_Bild2_ps-18x10.jpg 18w, https:\/\/www.organisator.ch\/wp-content\/uploads\/2023\/09\/Aras_Bild2_ps-375x211.jpg 375w, https:\/\/www.organisator.ch\/wp-content\/uploads\/2023\/09\/Aras_Bild2_ps-621x350.jpg 621w\" sizes=\"auto, (max-width: 680px) 100vw, 680px\" \/><figcaption id=\"caption-attachment-21945\" class=\"wp-caption-text\">(Bild: www.aras.com)<\/figcaption><\/figure>\n<p>Die Kreislaufwirtschaft ist in vielen Bereichen der Industrie mittlerweile nicht mehr nur eine leere Versprechung, sondern wird aktiv umgesetzt. Laut der Studie gaben 57 Prozent der Befragten an, dass sie bereits weit auf dem Weg zu einer echten Kreislaufwirtschaft sind, und 20 Prozent sogar, dass sie sehr weit fortgeschritten sind. Die zunehmende Digitalisierung spielt eine wichtige Rolle bei der Unterst\u00fctzung dieses Nachhaltigkeitsansatzes. Unternehmen, die bereits PLM einsetzen, betrachten sich sogar zu 26 Prozent als Vorreiter im Bereich Nachhaltigkeit.<\/p>\n<p>F\u00fcr Rollenm\u00fcller ist dies auch eine Best\u00e4tigung daf\u00fcr, dass eine PLM-L\u00f6sung das ganzheitliche und kooperative Arbeiten durch den reibungslosen Austausch von Daten und Informationen erm\u00f6glicht. Er sagt: \u201eMit PLM steht den Unternehmen eine Schaltzentrale zur Verf\u00fcgung, die den notwendigen Datentransfer f\u00fcr ein kreislauforientiertes Wirtschaften erm\u00f6glicht. So k\u00f6nnen beispielsweise Informationen zum Recycling einzelner Bauteile w\u00e4hrend des gesamten Produktlebens immer wieder angepasst und den Konstrukteuren zur Verf\u00fcgung gestellt werden.<\/p>\n<h3><strong>Erfolg in Nachhaltigkeit: Reduce, Reuse, Recycling<\/strong><\/h3>\n<p>Unternehmen, die PLM einsetzen, sind in den Bereichen Reduce (m\u00f6glichst geringer Ressourceneinsatz), Reuse (hohe Wiederverwendungsrate) und Recycling (hohe Neuverwendungsrate) besonders stark. Diese Software integriert nicht nur die Konstruktions- und Fertigungsphase, sondern auch Daten aus der Liefer- und Abnehmerkette, was die Nachhaltigkeit \u00fcber den gesamten Wertsch\u00f6pfungszyklus erleichtert. Dies er\u00f6ffnet neue M\u00f6glichkeiten und Gesch\u00e4ftsmodelle, wie Energieeinsparungen, innovative Produktentwicklungen und den Einstieg in eine Kreislaufwirtschaft.<\/p>\n<p><em>Quelle: <a href=\"https:\/\/www.aras.com\/\">www.aras.com<\/a><\/em><\/p>\n","protected":false},"excerpt":{"rendered":"<p>Drei von vier Unternehmen sind laut der Studie \u201eEuropas Industrie im Wandel\u201c bereits auf dem Weg zu einer echten Kreislaufwirtschaft. Sie kommen damit dem Ziel des vollst\u00e4ndig nachhaltigen Wirtschaftens immer n\u00e4her. Auff\u00e4llig dabei: Unternehmen, die bereits ein Product Lifecycle Management (PLM) einsetzen, gelingt die Transformation deutlich leichter. <\/p>\n","protected":false},"author":58,"featured_media":21945,"comment_status":"closed","ping_status":"closed","sticky":false,"template":"","format":"standard","meta":{"_acf_changed":false,"_yoast_wpseo_focuskw":"Kreislaufwirtschaft","_yoast_wpseo_metadesc":"Drei von vier Unternehmen sind laut der Studie \u201eEuropas Industrie im Wandel\u201c bereits auf dem Weg zu einer echten Kreislaufwirtschaft.","articlekey":"","footnotes":""},"categories":[580],"tags":[594,358,3952,459],"class_list":["post-21944","post","type-post","status-publish","format-standard","has-post-thumbnail","hentry","category-sustainability","tag-kreislaufwirtschaft","tag-nachhaltige-wirtschaft","tag-product-lifecycle-management","tag-studie"],"acf":[],"yoast_head":"<!-- This site is optimized with the Yoast SEO plugin v27.4 - https:\/\/yoast.com\/product\/yoast-seo-wordpress\/ -->\n<title>Die Vorreiter des gr\u00fcnen Wandels: Datengetriebene Unternehmen in der Kreislaufwirtschaft - Organisator<\/title>\n<meta name=\"description\" content=\"Drei von vier Unternehmen sind laut der Studie \u201eEuropas Industrie im Wandel\u201c bereits auf dem Weg zu einer echten Kreislaufwirtschaft.\" \/>\n<meta name=\"robots\" content=\"index, follow, max-snippet:-1, max-image-preview:large, max-video-preview:-1\" \/>\n<link rel=\"canonical\" href=\"https:\/\/www.organisator.ch\/de\/sustainability\/2023-09-29\/die-vorreiter-des-gruenen-wandels-datengetriebene-unternehmen-in-der-kreislaufwirtschaft\/\" \/>\n<meta property=\"og:locale\" content=\"de_DE\" \/>\n<meta property=\"og:type\" content=\"article\" \/>\n<meta property=\"og:title\" content=\"Die Vorreiter des gr\u00fcnen Wandels: Datengetriebene Unternehmen in der Kreislaufwirtschaft\" \/>\n<meta property=\"og:description\" content=\"Drei von vier Unternehmen sind laut der Studie \u201eEuropas Industrie im Wandel\u201c bereits auf dem Weg zu einer echten Kreislaufwirtschaft.\" \/>\n<meta property=\"og:url\" content=\"https:\/\/www.organisator.ch\/de\/sustainability\/2023-09-29\/die-vorreiter-des-gruenen-wandels-datengetriebene-unternehmen-in-der-kreislaufwirtschaft\/\" \/>\n<meta property=\"og:site_name\" content=\"Organisator\" \/>\n<meta property=\"article:publisher\" content=\"https:\/\/www.facebook.com\/OrganisatorFachmagazin\" \/>\n<meta property=\"article:published_time\" content=\"2023-09-29T06:19:06+00:00\" \/>\n<meta property=\"og:image\" content=\"https:\/\/www.organisator.ch\/wp-content\/uploads\/2023\/09\/Aras_Bild2_ps.jpg\" \/>\n\t<meta property=\"og:image:width\" content=\"680\" \/>\n\t<meta property=\"og:image:height\" content=\"383\" \/>\n\t<meta property=\"og:image:type\" content=\"image\/jpeg\" \/>\n<meta name=\"author\" content=\"Adelisa Kalajdzini\" \/>\n<meta name=\"twitter:card\" content=\"summary_large_image\" \/>\n<meta name=\"twitter:title\" content=\"Die #Vorreiter des gr\u00fcnen Wandels: Datengetriebene Unternehmen in der #Kreislaufwirtschaft\" \/>\n<meta name=\"twitter:description\" content=\"Drei von vier Unternehmen sind laut der Studie \u201eEuropas Industrie im Wandel\u201c bereits auf dem Weg zu einer echten #Kreislaufwirtschaft.\" \/>\n<meta name=\"twitter:image\" content=\"https:\/\/www.organisator.ch\/wp-content\/uploads\/2023\/09\/Aras_Bild2_ps.jpg\" \/>\n<script type=\"application\/ld+json\" class=\"yoast-schema-graph\">{\"@context\":\"https:\\\/\\\/schema.org\",\"@graph\":[{\"@type\":\"Article\",\"@id\":\"https:\\\/\\\/www.organisator.ch\\\/sustainability\\\/2023-09-29\\\/die-vorreiter-des-gruenen-wandels-datengetriebene-unternehmen-in-der-kreislaufwirtschaft\\\/#article\",\"isPartOf\":{\"@id\":\"https:\\\/\\\/www.organisator.ch\\\/sustainability\\\/2023-09-29\\\/die-vorreiter-des-gruenen-wandels-datengetriebene-unternehmen-in-der-kreislaufwirtschaft\\\/\"},\"author\":{\"name\":\"Adelisa Kalajdzini\",\"@id\":\"https:\\\/\\\/www.organisator.ch\\\/#\\\/schema\\\/person\\\/2e1314a2172123f874db408d8911d3f3\"},\"headline\":\"Die Vorreiter des gr\u00fcnen Wandels: Datengetriebene Unternehmen in der Kreislaufwirtschaft\",\"datePublished\":\"2023-09-29T06:19:06+00:00\",\"mainEntityOfPage\":{\"@id\":\"https:\\\/\\\/www.organisator.ch\\\/sustainability\\\/2023-09-29\\\/die-vorreiter-des-gruenen-wandels-datengetriebene-unternehmen-in-der-kreislaufwirtschaft\\\/\"},\"wordCount\":374,\"publisher\":{\"@id\":\"https:\\\/\\\/www.organisator.ch\\\/#organization\"},\"image\":{\"@id\":\"https:\\\/\\\/www.organisator.ch\\\/sustainability\\\/2023-09-29\\\/die-vorreiter-des-gruenen-wandels-datengetriebene-unternehmen-in-der-kreislaufwirtschaft\\\/#primaryimage\"},\"thumbnailUrl\":\"https:\\\/\\\/www.organisator.ch\\\/wp-content\\\/uploads\\\/2023\\\/09\\\/Aras_Bild2_ps.jpg\",\"keywords\":[\"Kreislaufwirtschaft\",\"Nachhaltige Wirtschaft\",\"Product Lifecycle Management\",\"Studie\"],\"articleSection\":[\"SUSTAINABILITY\"],\"inLanguage\":\"de\"},{\"@type\":\"WebPage\",\"@id\":\"https:\\\/\\\/www.organisator.ch\\\/sustainability\\\/2023-09-29\\\/die-vorreiter-des-gruenen-wandels-datengetriebene-unternehmen-in-der-kreislaufwirtschaft\\\/\",\"url\":\"https:\\\/\\\/www.organisator.ch\\\/sustainability\\\/2023-09-29\\\/die-vorreiter-des-gruenen-wandels-datengetriebene-unternehmen-in-der-kreislaufwirtschaft\\\/\",\"name\":\"Die Vorreiter des gr\u00fcnen Wandels: Datengetriebene Unternehmen in der Kreislaufwirtschaft - Organisator\",\"isPartOf\":{\"@id\":\"https:\\\/\\\/www.organisator.ch\\\/#website\"},\"primaryImageOfPage\":{\"@id\":\"https:\\\/\\\/www.organisator.ch\\\/sustainability\\\/2023-09-29\\\/die-vorreiter-des-gruenen-wandels-datengetriebene-unternehmen-in-der-kreislaufwirtschaft\\\/#primaryimage\"},\"image\":{\"@id\":\"https:\\\/\\\/www.organisator.ch\\\/sustainability\\\/2023-09-29\\\/die-vorreiter-des-gruenen-wandels-datengetriebene-unternehmen-in-der-kreislaufwirtschaft\\\/#primaryimage\"},\"thumbnailUrl\":\"https:\\\/\\\/www.organisator.ch\\\/wp-content\\\/uploads\\\/2023\\\/09\\\/Aras_Bild2_ps.jpg\",\"datePublished\":\"2023-09-29T06:19:06+00:00\",\"description\":\"Drei von vier Unternehmen sind laut der Studie \u201eEuropas Industrie im Wandel\u201c bereits auf dem Weg zu einer echten Kreislaufwirtschaft.\",\"breadcrumb\":{\"@id\":\"https:\\\/\\\/www.organisator.ch\\\/sustainability\\\/2023-09-29\\\/die-vorreiter-des-gruenen-wandels-datengetriebene-unternehmen-in-der-kreislaufwirtschaft\\\/#breadcrumb\"},\"inLanguage\":\"de\",\"potentialAction\":[{\"@type\":\"ReadAction\",\"target\":[\"https:\\\/\\\/www.organisator.ch\\\/sustainability\\\/2023-09-29\\\/die-vorreiter-des-gruenen-wandels-datengetriebene-unternehmen-in-der-kreislaufwirtschaft\\\/\"]}]},{\"@type\":\"ImageObject\",\"inLanguage\":\"de\",\"@id\":\"https:\\\/\\\/www.organisator.ch\\\/sustainability\\\/2023-09-29\\\/die-vorreiter-des-gruenen-wandels-datengetriebene-unternehmen-in-der-kreislaufwirtschaft\\\/#primaryimage\",\"url\":\"https:\\\/\\\/www.organisator.ch\\\/wp-content\\\/uploads\\\/2023\\\/09\\\/Aras_Bild2_ps.jpg\",\"contentUrl\":\"https:\\\/\\\/www.organisator.ch\\\/wp-content\\\/uploads\\\/2023\\\/09\\\/Aras_Bild2_ps.jpg\",\"width\":680,\"height\":383,\"caption\":\"(Bild: www.aras.com)\"},{\"@type\":\"BreadcrumbList\",\"@id\":\"https:\\\/\\\/www.organisator.ch\\\/sustainability\\\/2023-09-29\\\/die-vorreiter-des-gruenen-wandels-datengetriebene-unternehmen-in-der-kreislaufwirtschaft\\\/#breadcrumb\",\"itemListElement\":[{\"@type\":\"ListItem\",\"position\":1,\"name\":\"Home\",\"item\":\"https:\\\/\\\/www.organisator.ch\\\/\"},{\"@type\":\"ListItem\",\"position\":2,\"name\":\"Die Vorreiter des gr\u00fcnen Wandels: Datengetriebene Unternehmen in der Kreislaufwirtschaft\"}]},{\"@type\":\"WebSite\",\"@id\":\"https:\\\/\\\/www.organisator.ch\\\/#website\",\"url\":\"https:\\\/\\\/www.organisator.ch\\\/\",\"name\":\"Organisator\",\"description\":\"Kompetent. Praxisnah. Der ORGANISATOR bereitet in 10 Ausgaben pro Jahr die wesentlichen Themen f\u00fcr F\u00fchrungskr\u00e4fte von KMU auf.\",\"publisher\":{\"@id\":\"https:\\\/\\\/www.organisator.ch\\\/#organization\"},\"potentialAction\":[{\"@type\":\"SearchAction\",\"target\":{\"@type\":\"EntryPoint\",\"urlTemplate\":\"https:\\\/\\\/www.organisator.ch\\\/?s={search_term_string}\"},\"query-input\":{\"@type\":\"PropertyValueSpecification\",\"valueRequired\":true,\"valueName\":\"search_term_string\"}}],\"inLanguage\":\"de\"},{\"@type\":\"Organization\",\"@id\":\"https:\\\/\\\/www.organisator.ch\\\/#organization\",\"name\":\"Organisator\",\"url\":\"https:\\\/\\\/www.organisator.ch\\\/\",\"logo\":{\"@type\":\"ImageObject\",\"inLanguage\":\"de\",\"@id\":\"https:\\\/\\\/www.organisator.ch\\\/#\\\/schema\\\/logo\\\/image\\\/\",\"url\":\"https:\\\/\\\/www.organisator.ch\\\/wp-content\\\/uploads\\\/2022\\\/01\\\/Logo_Organisator_Website.png\",\"contentUrl\":\"https:\\\/\\\/www.organisator.ch\\\/wp-content\\\/uploads\\\/2022\\\/01\\\/Logo_Organisator_Website.png\",\"width\":800,\"height\":77,\"caption\":\"Organisator\"},\"image\":{\"@id\":\"https:\\\/\\\/www.organisator.ch\\\/#\\\/schema\\\/logo\\\/image\\\/\"},\"sameAs\":[\"https:\\\/\\\/www.facebook.com\\\/OrganisatorFachmagazin\",\"https:\\\/\\\/www.linkedin.com\\\/showcase\\\/organisator-das-magazin-fr-kmu\",\"https:\\\/\\\/www.xing.com\\\/news\\\/pages\\\/organisator-ch-695\",\"https:\\\/\\\/www.youtube.com\\\/channel\\\/UCGP2Sq0iWaZwT3BdIAQFYpw\"]},{\"@type\":\"Person\",\"@id\":\"https:\\\/\\\/www.organisator.ch\\\/#\\\/schema\\\/person\\\/2e1314a2172123f874db408d8911d3f3\",\"name\":\"Adelisa Kalajdzini\",\"image\":{\"@type\":\"ImageObject\",\"inLanguage\":\"de\",\"@id\":\"https:\\\/\\\/secure.gravatar.com\\\/avatar\\\/09a397c22ac58cad6f160ee8306348599df9df58a8ede73696226897b9fa4b24?s=96&d=mm&r=g\",\"url\":\"https:\\\/\\\/secure.gravatar.com\\\/avatar\\\/09a397c22ac58cad6f160ee8306348599df9df58a8ede73696226897b9fa4b24?s=96&d=mm&r=g\",\"contentUrl\":\"https:\\\/\\\/secure.gravatar.com\\\/avatar\\\/09a397c22ac58cad6f160ee8306348599df9df58a8ede73696226897b9fa4b24?s=96&d=mm&r=g\",\"caption\":\"Adelisa Kalajdzini\"},\"url\":\"https:\\\/\\\/www.organisator.ch\\\/de\\\/author\\\/adelisa-kalajdzini\\\/\"}]}<\/script>\n<!-- \/ Yoast SEO plugin. -->","yoast_head_json":{"title":"Die Vorreiter des gr\u00fcnen Wandels: Datengetriebene Unternehmen in der Kreislaufwirtschaft - Organisator","description":"Drei von vier Unternehmen sind laut der Studie \u201eEuropas Industrie im Wandel\u201c bereits auf dem Weg zu einer echten Kreislaufwirtschaft.","robots":{"index":"index","follow":"follow","max-snippet":"max-snippet:-1","max-image-preview":"max-image-preview:large","max-video-preview":"max-video-preview:-1"},"canonical":"https:\/\/www.organisator.ch\/de\/sustainability\/2023-09-29\/die-vorreiter-des-gruenen-wandels-datengetriebene-unternehmen-in-der-kreislaufwirtschaft\/","og_locale":"de_DE","og_type":"article","og_title":"Die Vorreiter des gr\u00fcnen Wandels: Datengetriebene Unternehmen in der Kreislaufwirtschaft","og_description":"Drei von vier Unternehmen sind laut der Studie \u201eEuropas Industrie im Wandel\u201c bereits auf dem Weg zu einer echten Kreislaufwirtschaft.","og_url":"https:\/\/www.organisator.ch\/de\/sustainability\/2023-09-29\/die-vorreiter-des-gruenen-wandels-datengetriebene-unternehmen-in-der-kreislaufwirtschaft\/","og_site_name":"Organisator","article_publisher":"https:\/\/www.facebook.com\/OrganisatorFachmagazin","article_published_time":"2023-09-29T06:19:06+00:00","og_image":[{"width":680,"height":383,"url":"https:\/\/www.organisator.ch\/wp-content\/uploads\/2023\/09\/Aras_Bild2_ps.jpg","type":"image\/jpeg"}],"author":"Adelisa Kalajdzini","twitter_card":"summary_large_image","twitter_title":"Die #Vorreiter des gr\u00fcnen Wandels: Datengetriebene Unternehmen in der #Kreislaufwirtschaft","twitter_description":"Drei von vier Unternehmen sind laut der Studie \u201eEuropas Industrie im Wandel\u201c bereits auf dem Weg zu einer echten #Kreislaufwirtschaft.","twitter_image":"https:\/\/www.organisator.ch\/wp-content\/uploads\/2023\/09\/Aras_Bild2_ps.jpg","schema":{"@context":"https:\/\/schema.org","@graph":[{"@type":"Article","@id":"https:\/\/www.organisator.ch\/sustainability\/2023-09-29\/die-vorreiter-des-gruenen-wandels-datengetriebene-unternehmen-in-der-kreislaufwirtschaft\/#article","isPartOf":{"@id":"https:\/\/www.organisator.ch\/sustainability\/2023-09-29\/die-vorreiter-des-gruenen-wandels-datengetriebene-unternehmen-in-der-kreislaufwirtschaft\/"},"author":{"name":"Adelisa Kalajdzini","@id":"https:\/\/www.organisator.ch\/#\/schema\/person\/2e1314a2172123f874db408d8911d3f3"},"headline":"Die Vorreiter des gr\u00fcnen Wandels: Datengetriebene Unternehmen in der Kreislaufwirtschaft","datePublished":"2023-09-29T06:19:06+00:00","mainEntityOfPage":{"@id":"https:\/\/www.organisator.ch\/sustainability\/2023-09-29\/die-vorreiter-des-gruenen-wandels-datengetriebene-unternehmen-in-der-kreislaufwirtschaft\/"},"wordCount":374,"publisher":{"@id":"https:\/\/www.organisator.ch\/#organization"},"image":{"@id":"https:\/\/www.organisator.ch\/sustainability\/2023-09-29\/die-vorreiter-des-gruenen-wandels-datengetriebene-unternehmen-in-der-kreislaufwirtschaft\/#primaryimage"},"thumbnailUrl":"https:\/\/www.organisator.ch\/wp-content\/uploads\/2023\/09\/Aras_Bild2_ps.jpg","keywords":["Kreislaufwirtschaft","Nachhaltige Wirtschaft","Product Lifecycle Management","Studie"],"articleSection":["SUSTAINABILITY"],"inLanguage":"de"},{"@type":"WebPage","@id":"https:\/\/www.organisator.ch\/sustainability\/2023-09-29\/die-vorreiter-des-gruenen-wandels-datengetriebene-unternehmen-in-der-kreislaufwirtschaft\/","url":"https:\/\/www.organisator.ch\/sustainability\/2023-09-29\/die-vorreiter-des-gruenen-wandels-datengetriebene-unternehmen-in-der-kreislaufwirtschaft\/","name":"Die Vorreiter des gr\u00fcnen Wandels: Datengetriebene Unternehmen in der Kreislaufwirtschaft - Organisator","isPartOf":{"@id":"https:\/\/www.organisator.ch\/#website"},"primaryImageOfPage":{"@id":"https:\/\/www.organisator.ch\/sustainability\/2023-09-29\/die-vorreiter-des-gruenen-wandels-datengetriebene-unternehmen-in-der-kreislaufwirtschaft\/#primaryimage"},"image":{"@id":"https:\/\/www.organisator.ch\/sustainability\/2023-09-29\/die-vorreiter-des-gruenen-wandels-datengetriebene-unternehmen-in-der-kreislaufwirtschaft\/#primaryimage"},"thumbnailUrl":"https:\/\/www.organisator.ch\/wp-content\/uploads\/2023\/09\/Aras_Bild2_ps.jpg","datePublished":"2023-09-29T06:19:06+00:00","description":"Drei von vier Unternehmen sind laut der Studie \u201eEuropas Industrie im Wandel\u201c bereits auf dem Weg zu einer echten Kreislaufwirtschaft.","breadcrumb":{"@id":"https:\/\/www.organisator.ch\/sustainability\/2023-09-29\/die-vorreiter-des-gruenen-wandels-datengetriebene-unternehmen-in-der-kreislaufwirtschaft\/#breadcrumb"},"inLanguage":"de","potentialAction":[{"@type":"ReadAction","target":["https:\/\/www.organisator.ch\/sustainability\/2023-09-29\/die-vorreiter-des-gruenen-wandels-datengetriebene-unternehmen-in-der-kreislaufwirtschaft\/"]}]},{"@type":"ImageObject","inLanguage":"de","@id":"https:\/\/www.organisator.ch\/sustainability\/2023-09-29\/die-vorreiter-des-gruenen-wandels-datengetriebene-unternehmen-in-der-kreislaufwirtschaft\/#primaryimage","url":"https:\/\/www.organisator.ch\/wp-content\/uploads\/2023\/09\/Aras_Bild2_ps.jpg","contentUrl":"https:\/\/www.organisator.ch\/wp-content\/uploads\/2023\/09\/Aras_Bild2_ps.jpg","width":680,"height":383,"caption":"(Bild: www.aras.com)"},{"@type":"BreadcrumbList","@id":"https:\/\/www.organisator.ch\/sustainability\/2023-09-29\/die-vorreiter-des-gruenen-wandels-datengetriebene-unternehmen-in-der-kreislaufwirtschaft\/#breadcrumb","itemListElement":[{"@type":"ListItem","position":1,"name":"Home","item":"https:\/\/www.organisator.ch\/"},{"@type":"ListItem","position":2,"name":"Die Vorreiter des gr\u00fcnen Wandels: Datengetriebene Unternehmen in der Kreislaufwirtschaft"}]},{"@type":"WebSite","@id":"https:\/\/www.organisator.ch\/#website","url":"https:\/\/www.organisator.ch\/","name":"Organisator","description":"Kompetent. Praxisnah. Der ORGANISATOR bereitet in 10 Ausgaben pro Jahr die wesentlichen Themen f\u00fcr F\u00fchrungskr\u00e4fte von KMU auf.","publisher":{"@id":"https:\/\/www.organisator.ch\/#organization"},"potentialAction":[{"@type":"SearchAction","target":{"@type":"EntryPoint","urlTemplate":"https:\/\/www.organisator.ch\/?s={search_term_string}"},"query-input":{"@type":"PropertyValueSpecification","valueRequired":true,"valueName":"search_term_string"}}],"inLanguage":"de"},{"@type":"Organization","@id":"https:\/\/www.organisator.ch\/#organization","name":"Organisator","url":"https:\/\/www.organisator.ch\/","logo":{"@type":"ImageObject","inLanguage":"de","@id":"https:\/\/www.organisator.ch\/#\/schema\/logo\/image\/","url":"https:\/\/www.organisator.ch\/wp-content\/uploads\/2022\/01\/Logo_Organisator_Website.png","contentUrl":"https:\/\/www.organisator.ch\/wp-content\/uploads\/2022\/01\/Logo_Organisator_Website.png","width":800,"height":77,"caption":"Organisator"},"image":{"@id":"https:\/\/www.organisator.ch\/#\/schema\/logo\/image\/"},"sameAs":["https:\/\/www.facebook.com\/OrganisatorFachmagazin","https:\/\/www.linkedin.com\/showcase\/organisator-das-magazin-fr-kmu","https:\/\/www.xing.com\/news\/pages\/organisator-ch-695","https:\/\/www.youtube.com\/channel\/UCGP2Sq0iWaZwT3BdIAQFYpw"]},{"@type":"Person","@id":"https:\/\/www.organisator.ch\/#\/schema\/person\/2e1314a2172123f874db408d8911d3f3","name":"Adelisa Kalajdzini","image":{"@type":"ImageObject","inLanguage":"de","@id":"https:\/\/secure.gravatar.com\/avatar\/09a397c22ac58cad6f160ee8306348599df9df58a8ede73696226897b9fa4b24?s=96&d=mm&r=g","url":"https:\/\/secure.gravatar.com\/avatar\/09a397c22ac58cad6f160ee8306348599df9df58a8ede73696226897b9fa4b24?s=96&d=mm&r=g","contentUrl":"https:\/\/secure.gravatar.com\/avatar\/09a397c22ac58cad6f160ee8306348599df9df58a8ede73696226897b9fa4b24?s=96&d=mm&r=g","caption":"Adelisa Kalajdzini"},"url":"https:\/\/www.organisator.ch\/de\/author\/adelisa-kalajdzini\/"}]}},"_links":{"self":[{"href":"https:\/\/www.organisator.ch\/de\/wp-json\/wp\/v2\/posts\/21944","targetHints":{"allow":["GET"]}}],"collection":[{"href":"https:\/\/www.organisator.ch\/de\/wp-json\/wp\/v2\/posts"}],"about":[{"href":"https:\/\/www.organisator.ch\/de\/wp-json\/wp\/v2\/types\/post"}],"author":[{"embeddable":true,"href":"https:\/\/www.organisator.ch\/de\/wp-json\/wp\/v2\/users\/58"}],"replies":[{"embeddable":true,"href":"https:\/\/www.organisator.ch\/de\/wp-json\/wp\/v2\/comments?post=21944"}],"version-history":[{"count":10,"href":"https:\/\/www.organisator.ch\/de\/wp-json\/wp\/v2\/posts\/21944\/revisions"}],"predecessor-version":[{"id":22267,"href":"https:\/\/www.organisator.ch\/de\/wp-json\/wp\/v2\/posts\/21944\/revisions\/22267"}],"wp:featuredmedia":[{"embeddable":true,"href":"https:\/\/www.organisator.ch\/de\/wp-json\/wp\/v2\/media\/21945"}],"wp:attachment":[{"href":"https:\/\/www.organisator.ch\/de\/wp-json\/wp\/v2\/media?parent=21944"}],"wp:term":[{"taxonomy":"category","embeddable":true,"href":"https:\/\/www.organisator.ch\/de\/wp-json\/wp\/v2\/categories?post=21944"},{"taxonomy":"post_tag","embeddable":true,"href":"https:\/\/www.organisator.ch\/de\/wp-json\/wp\/v2\/tags?post=21944"}],"curies":[{"name":"wp","href":"https:\/\/api.w.org\/{rel}","templated":true}]}}