{"id":21955,"date":"2023-09-27T09:03:48","date_gmt":"2023-09-27T07:03:48","guid":{"rendered":"https:\/\/www.organisator.ch\/?p=21955"},"modified":"2023-09-27T09:03:48","modified_gmt":"2023-09-27T07:03:48","slug":"gelungene-ict-fachmesse-connect-2023-in-zuerich","status":"publish","type":"post","link":"https:\/\/www.organisator.ch\/de\/marketing\/2023-09-27\/gelungene-ict-fachmesse-connect-2023-in-zuerich\/","title":{"rendered":"Gelungene ICT-Fachmesse CONNECT 2023 in Z\u00fcrich"},"content":{"rendered":"<figure id=\"attachment_21957\" aria-describedby=\"caption-attachment-21957\" style=\"width: 680px\" class=\"wp-caption alignnone\"><img loading=\"lazy\" decoding=\"async\" class=\"size-full wp-image-21957\" src=\"https:\/\/www.organisator.ch\/wp-content\/uploads\/2023\/09\/CONNECT_Bild1_ps.jpg\" alt=\"\" width=\"680\" height=\"453\" srcset=\"https:\/\/www.organisator.ch\/wp-content\/uploads\/2023\/09\/CONNECT_Bild1_ps.jpg 680w, https:\/\/www.organisator.ch\/wp-content\/uploads\/2023\/09\/CONNECT_Bild1_ps-18x12.jpg 18w, https:\/\/www.organisator.ch\/wp-content\/uploads\/2023\/09\/CONNECT_Bild1_ps-375x250.jpg 375w, https:\/\/www.organisator.ch\/wp-content\/uploads\/2023\/09\/CONNECT_Bild1_ps-525x350.jpg 525w\" sizes=\"auto, (max-width: 680px) 100vw, 680px\" \/><figcaption id=\"caption-attachment-21957\" class=\"wp-caption-text\">Blick von der Galerie der Halle 550: Hier sehen Besucher*innen einen Teil der CONNECT 2023 im \u00dcberblick. (Bild: www.competec.ch)<\/figcaption><\/figure>\n<p>Zusammengerechnet gegen 1500 Teilnehmende konnte die Competec-Gruppe an zwei Tagen in der Halle 550 versammeln. Anders als in den Vorjahren gab es dieses Jahr nur einen Publikumstag statt zwei. Der erste Tag war diesmal f\u00fcr ausgew\u00e4hlte Partner und Grosskunden sowie f\u00fcr Competec-Mitarbeitende reserviert. \u00abDer Anlass war ein voller Erfolg\u00bb, kommentiert Andrej Golob, CEO von Alltron und Mitglied der Competec-Unternehmensleitung.<\/p>\n<p>Viele Besuchende und anwesende Medienschaffende waren von der Gr\u00f6sse der Veranstaltung beeindruckt. Zu diesem Eindruck wird auch der neue Veranstaltungsort beigetragen haben: Die grossz\u00fcgig dimensionierte Halle 550 ist, wie der Competec berichtet, von den Besucher*innen gut aufgenommen worden. Vonseiten der Aussteller, der Session-Referent*innen und der Starg\u00e4ste gab es viele positive R\u00fcckmeldungen. Die CONNECT 2024, die Ende August n\u00e4chsten Jahres geplant ist wird wieder in der Halle 550 stattfinden.<\/p>\n<figure id=\"attachment_21958\" aria-describedby=\"caption-attachment-21958\" style=\"width: 680px\" class=\"wp-caption alignnone\"><img loading=\"lazy\" decoding=\"async\" class=\"size-full wp-image-21958\" src=\"https:\/\/www.organisator.ch\/wp-content\/uploads\/2023\/09\/CONNECT_Bild2_ps.jpg\" alt=\"\" width=\"680\" height=\"453\" srcset=\"https:\/\/www.organisator.ch\/wp-content\/uploads\/2023\/09\/CONNECT_Bild2_ps.jpg 680w, https:\/\/www.organisator.ch\/wp-content\/uploads\/2023\/09\/CONNECT_Bild2_ps-18x12.jpg 18w, https:\/\/www.organisator.ch\/wp-content\/uploads\/2023\/09\/CONNECT_Bild2_ps-375x250.jpg 375w, https:\/\/www.organisator.ch\/wp-content\/uploads\/2023\/09\/CONNECT_Bild2_ps-525x350.jpg 525w\" sizes=\"auto, (max-width: 680px) 100vw, 680px\" \/><figcaption id=\"caption-attachment-21958\" class=\"wp-caption-text\">(Bild: www.competec.ch)<\/figcaption><\/figure>\n<h3><strong>Gut besuchte \u00abSCORE!\u00bb-Sessions<\/strong><\/h3>\n<p>Insgesamt \u00fcber neunzig ausstellende Technologieunternehmen hat Competec zur CONNECT 2023 in der Oerliker Halle 550 versammelt. Der umfassend und sorgf\u00e4ltig nach Kundenbed\u00fcrfnissen zusammengestellte Ausstellermix deckte ein grosses Spektrum an L\u00f6sungen und Produkten ab. Die aus PEFC-zertifizierten Willisauer Holzelementen gefertigten, mehrfach verwendbaren \u00abCONNECT\u00bb-Messest\u00e4nde waren auch dieses Jahr ein Highlight.<\/p>\n<p>F\u00fcr Spektakel sorgten auch die Aussteller selbst. Parallel zur Ausstellung fanden in vier Vortragsr\u00e4umen rund 30 Sessions statt. Pr\u00e4sentiert wurde die ICT-Fachmesse von HP Inc., Microsoft, Samsung, Mitel Schweiz, APC by Schneider Electric sowie Dell Technologies und Microsoft Surface, der sich als Cateringsponsor zur Verf\u00fcgung stellte. Am besten besucht war der Session-Track zur Digitalisierung im Handel, der durchs Team der \u00abSCORE!\u00bb-Konferenz f\u00fcr Retail und E-Commerce gestaltet und durchgef\u00fchrt wurden.<\/p>\n<h3><strong>CONNECT 2023: Abendprogramm <\/strong><\/h3>\n<p>Um 16:00 Uhr endete der Messebetrieb. Mit Musik er\u00f6ffneten der Prix-Walo-Gewinner Phil Dankner und die Lucky W\u00fcthrich Band den Abend. Auf der B\u00fchne reflektierten Andrej Golob, CEO von Alltron, und Marc Isler, CEO von Brack.ch, die Messe und diskutierten die Herausforderungen angesichts der wachsenden Integration von k\u00fcnstlicher Intelligenz in die gezeigten L\u00f6sungen und der gleichzeitig nach wie vor wichtigen Rolle emotionaler Intelligenz und Menschlichkeit im Bereich ICT-Fachhandel. Zum Schluss waren sich beide Gesch\u00e4ftsf\u00fchrer einig, dass nun die menschlichen Aspekte im Vordergrund stehen sollten, und er\u00f6ffneten das Buffet f\u00fcr Netzwerken bei einem k\u00f6stlichen Abendessen.<\/p>\n<p><em>Quelle: <a href=\"https:\/\/www.competec.ch\/2023\/09\/25\/connect-2023-ict-fachmesse-erfolgreich\/\">www.competec.ch<\/a><\/em><\/p>\n","protected":false},"excerpt":{"rendered":"<p>Der vom Grossh\u00e4ndler Alltron und von Brack.ch Business ausgerichtete ICT-Fachhandels- und B2B-Messe CONNECT lockte an die 1500 Teilnehmende an den neuen Messestandort, die Halle 550 in Z\u00fcrich-Oerlikon.<\/p>\n","protected":false},"author":58,"featured_media":21958,"comment_status":"closed","ping_status":"closed","sticky":false,"template":"","format":"standard","meta":{"_acf_changed":false,"_yoast_wpseo_focuskw":"CONNECT 2023","_yoast_wpseo_metadesc":"Die ICT-Fachmesse CONNECT 2023 lockte an die 1500 Teilnehmende an den neuen Messestandort in die Halle 550 in Z\u00fcrich-Oerlikon.","articlekey":"","footnotes":""},"categories":[29],"tags":[156,193,286,339,502],"class_list":["post-21955","post","type-post","status-publish","format-standard","has-post-thumbnail","hentry","category-marketing","tag-digitalisierung","tag-fachkongressfachmesse","tag-it","tag-marketing","tag-veranstaltungen"],"acf":[],"yoast_head":"<!-- This site is optimized with the Yoast SEO plugin v27.5 - https:\/\/yoast.com\/product\/yoast-seo-wordpress\/ -->\n<title>Gelungene ICT-Fachmesse CONNECT 2023 in Z\u00fcrich - Organisator<\/title>\n<meta name=\"description\" content=\"Die ICT-Fachmesse CONNECT 2023 lockte an die 1500 Teilnehmende an den neuen Messestandort in die Halle 550 in Z\u00fcrich-Oerlikon.\" \/>\n<meta name=\"robots\" content=\"index, follow, max-snippet:-1, max-image-preview:large, max-video-preview:-1\" \/>\n<link rel=\"canonical\" href=\"https:\/\/www.organisator.ch\/de\/marketing\/2023-09-27\/gelungene-ict-fachmesse-connect-2023-in-zuerich\/\" \/>\n<meta property=\"og:locale\" content=\"de_DE\" \/>\n<meta property=\"og:type\" content=\"article\" \/>\n<meta property=\"og:title\" content=\"Gelungene ICT-Fachmesse CONNECT 2023 in Z\u00fcrich\" \/>\n<meta property=\"og:description\" content=\"Die ICT-Fachmesse CONNECT 2023 lockte an die 1500 Teilnehmende an den neuen Messestandort in die Halle 550 in Z\u00fcrich-Oerlikon.\" \/>\n<meta property=\"og:url\" content=\"https:\/\/www.organisator.ch\/de\/marketing\/2023-09-27\/gelungene-ict-fachmesse-connect-2023-in-zuerich\/\" \/>\n<meta property=\"og:site_name\" content=\"Organisator\" \/>\n<meta property=\"article:publisher\" content=\"https:\/\/www.facebook.com\/OrganisatorFachmagazin\" \/>\n<meta property=\"article:published_time\" content=\"2023-09-27T07:03:48+00:00\" \/>\n<meta property=\"og:image\" content=\"https:\/\/www.organisator.ch\/wp-content\/uploads\/2023\/09\/CONNECT_Bild1_ps.jpg\" \/>\n\t<meta property=\"og:image:width\" content=\"680\" \/>\n\t<meta property=\"og:image:height\" content=\"453\" \/>\n\t<meta property=\"og:image:type\" content=\"image\/jpeg\" \/>\n<meta name=\"author\" content=\"Adelisa Kalajdzini\" \/>\n<meta name=\"twitter:card\" content=\"summary_large_image\" \/>\n<meta name=\"twitter:title\" content=\"Gelungene #ICT-Fachmesse #CONNECT 2023 in Z\u00fcrich\" \/>\n<meta name=\"twitter:description\" content=\"Die #ICT-Fachmesse #CONNECT 2023 lockte an die 1500 Teilnehmende an den neuen Messestandort in die Halle 550 in Z\u00fcrich-Oerlikon.\" \/>\n<meta name=\"twitter:image\" content=\"https:\/\/www.organisator.ch\/wp-content\/uploads\/2023\/09\/CONNECT_Bild1_ps.jpg\" \/>\n<script type=\"application\/ld+json\" class=\"yoast-schema-graph\">{\"@context\":\"https:\\\/\\\/schema.org\",\"@graph\":[{\"@type\":\"Article\",\"@id\":\"https:\\\/\\\/www.organisator.ch\\\/marketing\\\/2023-09-27\\\/gelungene-ict-fachmesse-connect-2023-in-zuerich\\\/#article\",\"isPartOf\":{\"@id\":\"https:\\\/\\\/www.organisator.ch\\\/marketing\\\/2023-09-27\\\/gelungene-ict-fachmesse-connect-2023-in-zuerich\\\/\"},\"author\":{\"name\":\"Adelisa Kalajdzini\",\"@id\":\"https:\\\/\\\/www.organisator.ch\\\/#\\\/schema\\\/person\\\/2e1314a2172123f874db408d8911d3f3\"},\"headline\":\"Gelungene ICT-Fachmesse CONNECT 2023 in Z\u00fcrich\",\"datePublished\":\"2023-09-27T07:03:48+00:00\",\"mainEntityOfPage\":{\"@id\":\"https:\\\/\\\/www.organisator.ch\\\/marketing\\\/2023-09-27\\\/gelungene-ict-fachmesse-connect-2023-in-zuerich\\\/\"},\"wordCount\":415,\"publisher\":{\"@id\":\"https:\\\/\\\/www.organisator.ch\\\/#organization\"},\"image\":{\"@id\":\"https:\\\/\\\/www.organisator.ch\\\/marketing\\\/2023-09-27\\\/gelungene-ict-fachmesse-connect-2023-in-zuerich\\\/#primaryimage\"},\"thumbnailUrl\":\"https:\\\/\\\/www.organisator.ch\\\/wp-content\\\/uploads\\\/2023\\\/09\\\/CONNECT_Bild2_ps.jpg\",\"keywords\":[\"Digitalisierung\",\"Fachkongress\\\/Fachmesse\",\"IT\",\"Marketing\",\"Veranstaltungen\"],\"articleSection\":[\"MARKETING\"],\"inLanguage\":\"de\"},{\"@type\":\"WebPage\",\"@id\":\"https:\\\/\\\/www.organisator.ch\\\/marketing\\\/2023-09-27\\\/gelungene-ict-fachmesse-connect-2023-in-zuerich\\\/\",\"url\":\"https:\\\/\\\/www.organisator.ch\\\/marketing\\\/2023-09-27\\\/gelungene-ict-fachmesse-connect-2023-in-zuerich\\\/\",\"name\":\"Gelungene ICT-Fachmesse CONNECT 2023 in Z\u00fcrich - Organisator\",\"isPartOf\":{\"@id\":\"https:\\\/\\\/www.organisator.ch\\\/#website\"},\"primaryImageOfPage\":{\"@id\":\"https:\\\/\\\/www.organisator.ch\\\/marketing\\\/2023-09-27\\\/gelungene-ict-fachmesse-connect-2023-in-zuerich\\\/#primaryimage\"},\"image\":{\"@id\":\"https:\\\/\\\/www.organisator.ch\\\/marketing\\\/2023-09-27\\\/gelungene-ict-fachmesse-connect-2023-in-zuerich\\\/#primaryimage\"},\"thumbnailUrl\":\"https:\\\/\\\/www.organisator.ch\\\/wp-content\\\/uploads\\\/2023\\\/09\\\/CONNECT_Bild2_ps.jpg\",\"datePublished\":\"2023-09-27T07:03:48+00:00\",\"description\":\"Die ICT-Fachmesse CONNECT 2023 lockte an die 1500 Teilnehmende an den neuen Messestandort in die Halle 550 in Z\u00fcrich-Oerlikon.\",\"breadcrumb\":{\"@id\":\"https:\\\/\\\/www.organisator.ch\\\/marketing\\\/2023-09-27\\\/gelungene-ict-fachmesse-connect-2023-in-zuerich\\\/#breadcrumb\"},\"inLanguage\":\"de\",\"potentialAction\":[{\"@type\":\"ReadAction\",\"target\":[\"https:\\\/\\\/www.organisator.ch\\\/marketing\\\/2023-09-27\\\/gelungene-ict-fachmesse-connect-2023-in-zuerich\\\/\"]}]},{\"@type\":\"ImageObject\",\"inLanguage\":\"de\",\"@id\":\"https:\\\/\\\/www.organisator.ch\\\/marketing\\\/2023-09-27\\\/gelungene-ict-fachmesse-connect-2023-in-zuerich\\\/#primaryimage\",\"url\":\"https:\\\/\\\/www.organisator.ch\\\/wp-content\\\/uploads\\\/2023\\\/09\\\/CONNECT_Bild2_ps.jpg\",\"contentUrl\":\"https:\\\/\\\/www.organisator.ch\\\/wp-content\\\/uploads\\\/2023\\\/09\\\/CONNECT_Bild2_ps.jpg\",\"width\":680,\"height\":453,\"caption\":\"(Bild: www.competec.ch)\"},{\"@type\":\"BreadcrumbList\",\"@id\":\"https:\\\/\\\/www.organisator.ch\\\/marketing\\\/2023-09-27\\\/gelungene-ict-fachmesse-connect-2023-in-zuerich\\\/#breadcrumb\",\"itemListElement\":[{\"@type\":\"ListItem\",\"position\":1,\"name\":\"Home\",\"item\":\"https:\\\/\\\/www.organisator.ch\\\/\"},{\"@type\":\"ListItem\",\"position\":2,\"name\":\"Gelungene ICT-Fachmesse CONNECT 2023 in Z\u00fcrich\"}]},{\"@type\":\"WebSite\",\"@id\":\"https:\\\/\\\/www.organisator.ch\\\/#website\",\"url\":\"https:\\\/\\\/www.organisator.ch\\\/\",\"name\":\"Organisator\",\"description\":\"Kompetent. Praxisnah. Der ORGANISATOR bereitet in 10 Ausgaben pro Jahr die wesentlichen Themen f\u00fcr F\u00fchrungskr\u00e4fte von KMU auf.\",\"publisher\":{\"@id\":\"https:\\\/\\\/www.organisator.ch\\\/#organization\"},\"potentialAction\":[{\"@type\":\"SearchAction\",\"target\":{\"@type\":\"EntryPoint\",\"urlTemplate\":\"https:\\\/\\\/www.organisator.ch\\\/?s={search_term_string}\"},\"query-input\":{\"@type\":\"PropertyValueSpecification\",\"valueRequired\":true,\"valueName\":\"search_term_string\"}}],\"inLanguage\":\"de\"},{\"@type\":\"Organization\",\"@id\":\"https:\\\/\\\/www.organisator.ch\\\/#organization\",\"name\":\"Organisator\",\"url\":\"https:\\\/\\\/www.organisator.ch\\\/\",\"logo\":{\"@type\":\"ImageObject\",\"inLanguage\":\"de\",\"@id\":\"https:\\\/\\\/www.organisator.ch\\\/#\\\/schema\\\/logo\\\/image\\\/\",\"url\":\"https:\\\/\\\/www.organisator.ch\\\/wp-content\\\/uploads\\\/2022\\\/01\\\/Logo_Organisator_Website.png\",\"contentUrl\":\"https:\\\/\\\/www.organisator.ch\\\/wp-content\\\/uploads\\\/2022\\\/01\\\/Logo_Organisator_Website.png\",\"width\":800,\"height\":77,\"caption\":\"Organisator\"},\"image\":{\"@id\":\"https:\\\/\\\/www.organisator.ch\\\/#\\\/schema\\\/logo\\\/image\\\/\"},\"sameAs\":[\"https:\\\/\\\/www.facebook.com\\\/OrganisatorFachmagazin\",\"https:\\\/\\\/www.linkedin.com\\\/showcase\\\/organisator-das-magazin-fr-kmu\",\"https:\\\/\\\/www.xing.com\\\/news\\\/pages\\\/organisator-ch-695\",\"https:\\\/\\\/www.youtube.com\\\/channel\\\/UCGP2Sq0iWaZwT3BdIAQFYpw\"]},{\"@type\":\"Person\",\"@id\":\"https:\\\/\\\/www.organisator.ch\\\/#\\\/schema\\\/person\\\/2e1314a2172123f874db408d8911d3f3\",\"name\":\"Adelisa Kalajdzini\",\"image\":{\"@type\":\"ImageObject\",\"inLanguage\":\"de\",\"@id\":\"https:\\\/\\\/secure.gravatar.com\\\/avatar\\\/09a397c22ac58cad6f160ee8306348599df9df58a8ede73696226897b9fa4b24?s=96&d=mm&r=g\",\"url\":\"https:\\\/\\\/secure.gravatar.com\\\/avatar\\\/09a397c22ac58cad6f160ee8306348599df9df58a8ede73696226897b9fa4b24?s=96&d=mm&r=g\",\"contentUrl\":\"https:\\\/\\\/secure.gravatar.com\\\/avatar\\\/09a397c22ac58cad6f160ee8306348599df9df58a8ede73696226897b9fa4b24?s=96&d=mm&r=g\",\"caption\":\"Adelisa Kalajdzini\"},\"url\":\"https:\\\/\\\/www.organisator.ch\\\/de\\\/author\\\/adelisa-kalajdzini\\\/\"}]}<\/script>\n<!-- \/ Yoast SEO plugin. -->","yoast_head_json":{"title":"Gelungene ICT-Fachmesse CONNECT 2023 in Z\u00fcrich - Organisator","description":"Die ICT-Fachmesse CONNECT 2023 lockte an die 1500 Teilnehmende an den neuen Messestandort in die Halle 550 in Z\u00fcrich-Oerlikon.","robots":{"index":"index","follow":"follow","max-snippet":"max-snippet:-1","max-image-preview":"max-image-preview:large","max-video-preview":"max-video-preview:-1"},"canonical":"https:\/\/www.organisator.ch\/de\/marketing\/2023-09-27\/gelungene-ict-fachmesse-connect-2023-in-zuerich\/","og_locale":"de_DE","og_type":"article","og_title":"Gelungene ICT-Fachmesse CONNECT 2023 in Z\u00fcrich","og_description":"Die ICT-Fachmesse CONNECT 2023 lockte an die 1500 Teilnehmende an den neuen Messestandort in die Halle 550 in Z\u00fcrich-Oerlikon.","og_url":"https:\/\/www.organisator.ch\/de\/marketing\/2023-09-27\/gelungene-ict-fachmesse-connect-2023-in-zuerich\/","og_site_name":"Organisator","article_publisher":"https:\/\/www.facebook.com\/OrganisatorFachmagazin","article_published_time":"2023-09-27T07:03:48+00:00","og_image":[{"width":680,"height":453,"url":"https:\/\/www.organisator.ch\/wp-content\/uploads\/2023\/09\/CONNECT_Bild1_ps.jpg","type":"image\/jpeg"}],"author":"Adelisa Kalajdzini","twitter_card":"summary_large_image","twitter_title":"Gelungene #ICT-Fachmesse #CONNECT 2023 in Z\u00fcrich","twitter_description":"Die #ICT-Fachmesse #CONNECT 2023 lockte an die 1500 Teilnehmende an den neuen Messestandort in die Halle 550 in Z\u00fcrich-Oerlikon.","twitter_image":"https:\/\/www.organisator.ch\/wp-content\/uploads\/2023\/09\/CONNECT_Bild1_ps.jpg","schema":{"@context":"https:\/\/schema.org","@graph":[{"@type":"Article","@id":"https:\/\/www.organisator.ch\/marketing\/2023-09-27\/gelungene-ict-fachmesse-connect-2023-in-zuerich\/#article","isPartOf":{"@id":"https:\/\/www.organisator.ch\/marketing\/2023-09-27\/gelungene-ict-fachmesse-connect-2023-in-zuerich\/"},"author":{"name":"Adelisa Kalajdzini","@id":"https:\/\/www.organisator.ch\/#\/schema\/person\/2e1314a2172123f874db408d8911d3f3"},"headline":"Gelungene ICT-Fachmesse CONNECT 2023 in Z\u00fcrich","datePublished":"2023-09-27T07:03:48+00:00","mainEntityOfPage":{"@id":"https:\/\/www.organisator.ch\/marketing\/2023-09-27\/gelungene-ict-fachmesse-connect-2023-in-zuerich\/"},"wordCount":415,"publisher":{"@id":"https:\/\/www.organisator.ch\/#organization"},"image":{"@id":"https:\/\/www.organisator.ch\/marketing\/2023-09-27\/gelungene-ict-fachmesse-connect-2023-in-zuerich\/#primaryimage"},"thumbnailUrl":"https:\/\/www.organisator.ch\/wp-content\/uploads\/2023\/09\/CONNECT_Bild2_ps.jpg","keywords":["Digitalisierung","Fachkongress\/Fachmesse","IT","Marketing","Veranstaltungen"],"articleSection":["MARKETING"],"inLanguage":"de"},{"@type":"WebPage","@id":"https:\/\/www.organisator.ch\/marketing\/2023-09-27\/gelungene-ict-fachmesse-connect-2023-in-zuerich\/","url":"https:\/\/www.organisator.ch\/marketing\/2023-09-27\/gelungene-ict-fachmesse-connect-2023-in-zuerich\/","name":"Gelungene ICT-Fachmesse CONNECT 2023 in Z\u00fcrich - Organisator","isPartOf":{"@id":"https:\/\/www.organisator.ch\/#website"},"primaryImageOfPage":{"@id":"https:\/\/www.organisator.ch\/marketing\/2023-09-27\/gelungene-ict-fachmesse-connect-2023-in-zuerich\/#primaryimage"},"image":{"@id":"https:\/\/www.organisator.ch\/marketing\/2023-09-27\/gelungene-ict-fachmesse-connect-2023-in-zuerich\/#primaryimage"},"thumbnailUrl":"https:\/\/www.organisator.ch\/wp-content\/uploads\/2023\/09\/CONNECT_Bild2_ps.jpg","datePublished":"2023-09-27T07:03:48+00:00","description":"Die ICT-Fachmesse CONNECT 2023 lockte an die 1500 Teilnehmende an den neuen Messestandort in die Halle 550 in Z\u00fcrich-Oerlikon.","breadcrumb":{"@id":"https:\/\/www.organisator.ch\/marketing\/2023-09-27\/gelungene-ict-fachmesse-connect-2023-in-zuerich\/#breadcrumb"},"inLanguage":"de","potentialAction":[{"@type":"ReadAction","target":["https:\/\/www.organisator.ch\/marketing\/2023-09-27\/gelungene-ict-fachmesse-connect-2023-in-zuerich\/"]}]},{"@type":"ImageObject","inLanguage":"de","@id":"https:\/\/www.organisator.ch\/marketing\/2023-09-27\/gelungene-ict-fachmesse-connect-2023-in-zuerich\/#primaryimage","url":"https:\/\/www.organisator.ch\/wp-content\/uploads\/2023\/09\/CONNECT_Bild2_ps.jpg","contentUrl":"https:\/\/www.organisator.ch\/wp-content\/uploads\/2023\/09\/CONNECT_Bild2_ps.jpg","width":680,"height":453,"caption":"(Bild: www.competec.ch)"},{"@type":"BreadcrumbList","@id":"https:\/\/www.organisator.ch\/marketing\/2023-09-27\/gelungene-ict-fachmesse-connect-2023-in-zuerich\/#breadcrumb","itemListElement":[{"@type":"ListItem","position":1,"name":"Home","item":"https:\/\/www.organisator.ch\/"},{"@type":"ListItem","position":2,"name":"Gelungene ICT-Fachmesse CONNECT 2023 in Z\u00fcrich"}]},{"@type":"WebSite","@id":"https:\/\/www.organisator.ch\/#website","url":"https:\/\/www.organisator.ch\/","name":"Organisator","description":"Kompetent. Praxisnah. Der ORGANISATOR bereitet in 10 Ausgaben pro Jahr die wesentlichen Themen f\u00fcr F\u00fchrungskr\u00e4fte von KMU auf.","publisher":{"@id":"https:\/\/www.organisator.ch\/#organization"},"potentialAction":[{"@type":"SearchAction","target":{"@type":"EntryPoint","urlTemplate":"https:\/\/www.organisator.ch\/?s={search_term_string}"},"query-input":{"@type":"PropertyValueSpecification","valueRequired":true,"valueName":"search_term_string"}}],"inLanguage":"de"},{"@type":"Organization","@id":"https:\/\/www.organisator.ch\/#organization","name":"Organisator","url":"https:\/\/www.organisator.ch\/","logo":{"@type":"ImageObject","inLanguage":"de","@id":"https:\/\/www.organisator.ch\/#\/schema\/logo\/image\/","url":"https:\/\/www.organisator.ch\/wp-content\/uploads\/2022\/01\/Logo_Organisator_Website.png","contentUrl":"https:\/\/www.organisator.ch\/wp-content\/uploads\/2022\/01\/Logo_Organisator_Website.png","width":800,"height":77,"caption":"Organisator"},"image":{"@id":"https:\/\/www.organisator.ch\/#\/schema\/logo\/image\/"},"sameAs":["https:\/\/www.facebook.com\/OrganisatorFachmagazin","https:\/\/www.linkedin.com\/showcase\/organisator-das-magazin-fr-kmu","https:\/\/www.xing.com\/news\/pages\/organisator-ch-695","https:\/\/www.youtube.com\/channel\/UCGP2Sq0iWaZwT3BdIAQFYpw"]},{"@type":"Person","@id":"https:\/\/www.organisator.ch\/#\/schema\/person\/2e1314a2172123f874db408d8911d3f3","name":"Adelisa Kalajdzini","image":{"@type":"ImageObject","inLanguage":"de","@id":"https:\/\/secure.gravatar.com\/avatar\/09a397c22ac58cad6f160ee8306348599df9df58a8ede73696226897b9fa4b24?s=96&d=mm&r=g","url":"https:\/\/secure.gravatar.com\/avatar\/09a397c22ac58cad6f160ee8306348599df9df58a8ede73696226897b9fa4b24?s=96&d=mm&r=g","contentUrl":"https:\/\/secure.gravatar.com\/avatar\/09a397c22ac58cad6f160ee8306348599df9df58a8ede73696226897b9fa4b24?s=96&d=mm&r=g","caption":"Adelisa Kalajdzini"},"url":"https:\/\/www.organisator.ch\/de\/author\/adelisa-kalajdzini\/"}]}},"_links":{"self":[{"href":"https:\/\/www.organisator.ch\/de\/wp-json\/wp\/v2\/posts\/21955","targetHints":{"allow":["GET"]}}],"collection":[{"href":"https:\/\/www.organisator.ch\/de\/wp-json\/wp\/v2\/posts"}],"about":[{"href":"https:\/\/www.organisator.ch\/de\/wp-json\/wp\/v2\/types\/post"}],"author":[{"embeddable":true,"href":"https:\/\/www.organisator.ch\/de\/wp-json\/wp\/v2\/users\/58"}],"replies":[{"embeddable":true,"href":"https:\/\/www.organisator.ch\/de\/wp-json\/wp\/v2\/comments?post=21955"}],"version-history":[{"count":4,"href":"https:\/\/www.organisator.ch\/de\/wp-json\/wp\/v2\/posts\/21955\/revisions"}],"predecessor-version":[{"id":21966,"href":"https:\/\/www.organisator.ch\/de\/wp-json\/wp\/v2\/posts\/21955\/revisions\/21966"}],"wp:featuredmedia":[{"embeddable":true,"href":"https:\/\/www.organisator.ch\/de\/wp-json\/wp\/v2\/media\/21958"}],"wp:attachment":[{"href":"https:\/\/www.organisator.ch\/de\/wp-json\/wp\/v2\/media?parent=21955"}],"wp:term":[{"taxonomy":"category","embeddable":true,"href":"https:\/\/www.organisator.ch\/de\/wp-json\/wp\/v2\/categories?post=21955"},{"taxonomy":"post_tag","embeddable":true,"href":"https:\/\/www.organisator.ch\/de\/wp-json\/wp\/v2\/tags?post=21955"}],"curies":[{"name":"wp","href":"https:\/\/api.w.org\/{rel}","templated":true}]}}