{"id":2197,"date":"2017-07-17T10:09:49","date_gmt":"2017-07-17T08:09:49","guid":{"rendered":"https:\/\/www.organisator.ch\/?p=2197"},"modified":"2017-07-17T10:09:49","modified_gmt":"2017-07-17T08:09:49","slug":"trainee","status":"publish","type":"post","link":"https:\/\/www.organisator.ch\/de\/management\/it\/2017-07-17\/trainee\/","title":{"rendered":"Trainee-Programm gegen Fachkr\u00e4fte-Mangel"},"content":{"rendered":"<figure id=\"attachment_2198\" aria-describedby=\"caption-attachment-2198\" style=\"width: 680px\" class=\"wp-caption alignnone\"><img loading=\"lazy\" decoding=\"async\" class=\"size-medium wp-image-2198\" src=\"https:\/\/www.organisator.ch\/wp-content\/uploads\/2017\/07\/KMUs-nehmen-das-Fachkraefteproblem-selbst-in-die-Hand-org-organisator.jpg\" alt=\"\" width=\"680\" height=\"440\" srcset=\"https:\/\/www.organisator.ch\/wp-content\/uploads\/2017\/07\/KMUs-nehmen-das-Fachkraefteproblem-selbst-in-die-Hand-org-organisator.jpg 1949w, https:\/\/www.organisator.ch\/wp-content\/uploads\/2017\/07\/KMUs-nehmen-das-Fachkraefteproblem-selbst-in-die-Hand-org-organisator-680x440.jpg 680w, https:\/\/www.organisator.ch\/wp-content\/uploads\/2017\/07\/KMUs-nehmen-das-Fachkraefteproblem-selbst-in-die-Hand-org-organisator-1024x663.jpg 1024w, https:\/\/www.organisator.ch\/wp-content\/uploads\/2017\/07\/KMUs-nehmen-das-Fachkraefteproblem-selbst-in-die-Hand-org-organisator-768x497.jpg 768w, https:\/\/www.organisator.ch\/wp-content\/uploads\/2017\/07\/KMUs-nehmen-das-Fachkraefteproblem-selbst-in-die-Hand-org-organisator-1536x994.jpg 1536w, https:\/\/www.organisator.ch\/wp-content\/uploads\/2017\/07\/KMUs-nehmen-das-Fachkraefteproblem-selbst-in-die-Hand-org-organisator-16x10.jpg 16w, https:\/\/www.organisator.ch\/wp-content\/uploads\/2017\/07\/KMUs-nehmen-das-Fachkraefteproblem-selbst-in-die-Hand-org-organisator-270x175.jpg 270w, https:\/\/www.organisator.ch\/wp-content\/uploads\/2017\/07\/KMUs-nehmen-das-Fachkraefteproblem-selbst-in-die-Hand-org-organisator-541x350.jpg 541w, https:\/\/www.organisator.ch\/wp-content\/uploads\/2017\/07\/KMUs-nehmen-das-Fachkraefteproblem-selbst-in-die-Hand-org-organisator-1236x800.jpg 1236w, https:\/\/www.organisator.ch\/wp-content\/uploads\/2017\/07\/KMUs-nehmen-das-Fachkraefteproblem-selbst-in-die-Hand-org-organisator-920x595.jpg 920w, https:\/\/www.organisator.ch\/wp-content\/uploads\/2017\/07\/KMUs-nehmen-das-Fachkraefteproblem-selbst-in-die-Hand-org-organisator-1400x906.jpg 1400w, https:\/\/www.organisator.ch\/wp-content\/uploads\/2017\/07\/KMUs-nehmen-das-Fachkraefteproblem-selbst-in-die-Hand-org-organisator-300x194.jpg 300w\" sizes=\"auto, (max-width: 680px) 100vw, 680px\" \/><figcaption id=\"caption-attachment-2198\" class=\"wp-caption-text\">Immer wieder spricht man von Fachkr\u00e4ftemangel. M&amp;F Engineering AG h\u00e4tte dabei so einige Gegenantworten. (Bild: zVg)<\/figcaption><\/figure>\n<p>Trainee-Programme f\u00fcr Informatiker gibt es wie Sand am Meer und doch alarmieren Politik, Fach- und Firmenverb\u00e4nde auf einen Fachkr\u00e4ftemangel im ICT-Bereich hin. Die Firmen beklagen sich \u00fcber fehlende Fachkr\u00e4fte mit der n\u00f6tigen Erfahrung und einer soliden Ausbildung. Wo liegen die eigentlichen Ursachen des Fachkr\u00e4ftemangels?<\/p>\n<p><strong>Software-Ingenieure aus den eigenen Reihen<\/strong><\/p>\n<p>Im Grossraum Z\u00fcrich baute die M&amp;F Engineering AG deshalb ein Firmennetzwerk auf, welches das Problem selbst in die Hand nimmt und heute die gew\u00fcnschten Software-Ingenieure &#8222;produziert&#8220;. Nach einer dreij\u00e4hrigen Ausbildungszeit schliessen nun die ersten Absolventen ab. \u201eUnser Trainee-Programm ist inzwischen stark gewachsen. Zurzeit besch\u00e4ftigen wir zw\u00f6lf Trainees und es sind viele innovative Partnerfirmen dazu gekommen\u201c, sagt Reto B\u00e4ttig, Initiator des Trainee-Programms und CEO der M&amp;F Engineering AG in der Fahrweid.<\/p>\n<p>Es ist schweizweit das erste firmen\u00fcbergreifende Programm, welches junge Ingenieure direkt ab Studium aufnimmt und in den ersten drei Jahren des Berufseinstiegs begleitet. W\u00e4hrend dieser drei Jahre arbeiten die Trainees bei vier bis sechs verschiedenen Technologiefirmen im Netzwerk. Dort werden die jungen Ingenieure vollst\u00e4ndig in das jeweilige Software-Team integriert. Die Trainees sind begeistert vom Programm. \u201eNirgends kann man in solch kurzer Zeit so viel lernen und sich gleichzeitig ein riesiges Netzwerk aufbauen\u201c, sagt Sebastian Wendland, der im Juni 2017 das Programm abgeschlossen hat.<\/p>\n<p><strong>Trainee-Programm an Hochschulen bereits etabliert<\/strong><\/p>\n<p>Das bereits zw\u00f6lf Firmen umfassende Netzwerk macht das Programm \u00e4usserst attraktiv. Dadurch k\u00f6nnen die besten Studienabg\u00e4nger daf\u00fcr begeistert werden. Dank gezielter Weiterbildung, Coaching und der Arbeit in verschiedensten Firmen und Projekten lernen die Trainees innert k\u00fcrzester Zeit enorm viel dazu. \u201eDas Konzept ist einzigartig und ein idealer Berufseinstieg f\u00fcr die Studienabg\u00e4nger\u201c, findet auch der Studiengangsleiter Informatik der ZHAW, Prof. Dr. Olaf Stern. Die Trainees k\u00f6nnen sich durch viel praktische Erfahrung und parallele Weiterbildung zu exzellenten Software-Ingenieuren weiterentwickeln.<\/p>\n<p>Die KMUs machen mit, um kurzfristige Personalengp\u00e4sse zu decken und langfristig erfahrene Software-Entwickler zu rekrutieren. Ist der Fachkr\u00e4ftemangel also doch nur ein Mythos? B\u00e4ttig meint: \u201eWir und unsere Partnerfirmen sind fest davon \u00fcberzeugt, dass man gen\u00fcgend Fachkr\u00e4fte findet, wenn man auch bereit ist, in die Mitarbeiter zu investieren.\u201c<\/p>\n<p><em>Hinweis: Am 6. September 2017 f\u00fchrt M&amp;F Engineering AG zusammen mit SwissICT und SI einen spannenden Event zum Thema &#8222;<strong>Fachkr\u00e4fte &#8211; Woran mangelt es wirklich?&#8220;<\/strong>\u00a0durch. Weitere Infos finden Sie unter:\u00a0<a href=\"https:\/\/www.m-f.ch\/events\">https:\/\/www.m-f.ch\/events<\/a><\/em><\/p>\n<p>&nbsp;<\/p>\n<p>&nbsp;<\/p>\n","protected":false},"excerpt":{"rendered":"<p>Trainee-Programme f\u00fcr Informatiker gibt es wie Sand am Meer und doch alarmieren Politik, Fach- und Firmenverb\u00e4nde auf einen Fachkr\u00e4ftemangel im ICT-Bereich hin. Die Firmen beklagen sich \u00fcber fehlende Fachkr\u00e4fte mit der n\u00f6tigen Erfahrung und einer soliden Ausbildung. Wo liegen die eigentlichen Ursachen des Fachkr\u00e4ftemangels? Software-Ingenieure aus den eigenen Reihen Im Grossraum Z\u00fcrich baute die M&amp;F [&hellip;]<\/p>\n","protected":false},"author":5,"featured_media":2198,"comment_status":"open","ping_status":"open","sticky":false,"template":"","format":"standard","meta":{"_acf_changed":false,"_yoast_wpseo_focuskw":"Trainee-Programme","_yoast_wpseo_metadesc":"KMUs im Raum Z\u00fcrich wie etwa die M&F Engineering AG vermeidet den Fachkr\u00e4ftemangel mit einem koordinierten Trainee-Programm.","articlekey":"","footnotes":""},"categories":[27],"tags":[270,286,301,483],"class_list":["post-2197","post","type-post","status-publish","format-standard","has-post-thumbnail","hentry","category-it","tag-ingenieure","tag-it","tag-kmu","tag-trainee"],"acf":[],"yoast_head":"<!-- This site is optimized with the Yoast SEO plugin v27.5 - https:\/\/yoast.com\/product\/yoast-seo-wordpress\/ -->\n<title>Trainee-Programm gegen Fachkr\u00e4fte-Mangel - Organisator<\/title>\n<meta name=\"description\" content=\"KMUs im Raum Z\u00fcrich wie etwa die M&amp;F Engineering AG vermeidet den Fachkr\u00e4ftemangel mit einem koordinierten Trainee-Programm.\" \/>\n<meta name=\"robots\" content=\"index, follow, max-snippet:-1, max-image-preview:large, max-video-preview:-1\" \/>\n<link rel=\"canonical\" href=\"https:\/\/www.organisator.ch\/de\/management\/it\/2017-07-17\/trainee\/\" \/>\n<meta property=\"og:locale\" content=\"de_DE\" \/>\n<meta property=\"og:type\" content=\"article\" \/>\n<meta property=\"og:title\" content=\"Trainee-Programm gegen Fachkr\u00e4fte-Mangel - Organisator\" \/>\n<meta property=\"og:description\" content=\"KMUs im Raum Z\u00fcrich wie etwa die M&amp;F Engineering AG vermeidet den Fachkr\u00e4ftemangel mit einem koordinierten Trainee-Programm.\" \/>\n<meta property=\"og:url\" content=\"https:\/\/www.organisator.ch\/de\/management\/it\/2017-07-17\/trainee\/\" \/>\n<meta property=\"og:site_name\" content=\"Organisator\" \/>\n<meta property=\"article:publisher\" content=\"https:\/\/www.facebook.com\/OrganisatorFachmagazin\" \/>\n<meta property=\"article:published_time\" content=\"2017-07-17T08:09:49+00:00\" \/>\n<meta property=\"og:image\" content=\"https:\/\/www.organisator.ch\/wp-content\/uploads\/2017\/07\/KMUs-nehmen-das-Fachkraefteproblem-selbst-in-die-Hand-org-organisator.jpg\" \/>\n\t<meta property=\"og:image:width\" content=\"1949\" \/>\n\t<meta property=\"og:image:height\" content=\"1261\" \/>\n\t<meta property=\"og:image:type\" content=\"image\/jpeg\" \/>\n<meta name=\"author\" content=\"michael.merz\" \/>\n<meta name=\"twitter:card\" content=\"summary_large_image\" \/>\n<script type=\"application\/ld+json\" class=\"yoast-schema-graph\">{\"@context\":\"https:\\\/\\\/schema.org\",\"@graph\":[{\"@type\":\"Article\",\"@id\":\"https:\\\/\\\/www.organisator.ch\\\/management\\\/it\\\/2017-07-17\\\/trainee\\\/#article\",\"isPartOf\":{\"@id\":\"https:\\\/\\\/www.organisator.ch\\\/management\\\/it\\\/2017-07-17\\\/trainee\\\/\"},\"author\":{\"name\":\"michael.merz\",\"@id\":\"https:\\\/\\\/www.organisator.ch\\\/#\\\/schema\\\/person\\\/134708ca9321c57b0362cceb7948ffbd\"},\"headline\":\"Trainee-Programm gegen Fachkr\u00e4fte-Mangel\",\"datePublished\":\"2017-07-17T08:09:49+00:00\",\"mainEntityOfPage\":{\"@id\":\"https:\\\/\\\/www.organisator.ch\\\/management\\\/it\\\/2017-07-17\\\/trainee\\\/\"},\"wordCount\":434,\"commentCount\":0,\"publisher\":{\"@id\":\"https:\\\/\\\/www.organisator.ch\\\/#organization\"},\"image\":{\"@id\":\"https:\\\/\\\/www.organisator.ch\\\/management\\\/it\\\/2017-07-17\\\/trainee\\\/#primaryimage\"},\"thumbnailUrl\":\"https:\\\/\\\/www.organisator.ch\\\/wp-content\\\/uploads\\\/2017\\\/07\\\/KMUs-nehmen-das-Fachkraefteproblem-selbst-in-die-Hand-org-organisator.jpg\",\"keywords\":[\"Ingenieure\",\"IT\",\"KMU\",\"Trainee\"],\"articleSection\":[\"IT\"],\"inLanguage\":\"de\"},{\"@type\":\"WebPage\",\"@id\":\"https:\\\/\\\/www.organisator.ch\\\/management\\\/it\\\/2017-07-17\\\/trainee\\\/\",\"url\":\"https:\\\/\\\/www.organisator.ch\\\/management\\\/it\\\/2017-07-17\\\/trainee\\\/\",\"name\":\"Trainee-Programm gegen Fachkr\u00e4fte-Mangel - Organisator\",\"isPartOf\":{\"@id\":\"https:\\\/\\\/www.organisator.ch\\\/#website\"},\"primaryImageOfPage\":{\"@id\":\"https:\\\/\\\/www.organisator.ch\\\/management\\\/it\\\/2017-07-17\\\/trainee\\\/#primaryimage\"},\"image\":{\"@id\":\"https:\\\/\\\/www.organisator.ch\\\/management\\\/it\\\/2017-07-17\\\/trainee\\\/#primaryimage\"},\"thumbnailUrl\":\"https:\\\/\\\/www.organisator.ch\\\/wp-content\\\/uploads\\\/2017\\\/07\\\/KMUs-nehmen-das-Fachkraefteproblem-selbst-in-die-Hand-org-organisator.jpg\",\"datePublished\":\"2017-07-17T08:09:49+00:00\",\"description\":\"KMUs im Raum Z\u00fcrich wie etwa die M&F Engineering AG vermeidet den Fachkr\u00e4ftemangel mit einem koordinierten Trainee-Programm.\",\"breadcrumb\":{\"@id\":\"https:\\\/\\\/www.organisator.ch\\\/management\\\/it\\\/2017-07-17\\\/trainee\\\/#breadcrumb\"},\"inLanguage\":\"de\",\"potentialAction\":[{\"@type\":\"ReadAction\",\"target\":[\"https:\\\/\\\/www.organisator.ch\\\/management\\\/it\\\/2017-07-17\\\/trainee\\\/\"]}]},{\"@type\":\"ImageObject\",\"inLanguage\":\"de\",\"@id\":\"https:\\\/\\\/www.organisator.ch\\\/management\\\/it\\\/2017-07-17\\\/trainee\\\/#primaryimage\",\"url\":\"https:\\\/\\\/www.organisator.ch\\\/wp-content\\\/uploads\\\/2017\\\/07\\\/KMUs-nehmen-das-Fachkraefteproblem-selbst-in-die-Hand-org-organisator.jpg\",\"contentUrl\":\"https:\\\/\\\/www.organisator.ch\\\/wp-content\\\/uploads\\\/2017\\\/07\\\/KMUs-nehmen-das-Fachkraefteproblem-selbst-in-die-Hand-org-organisator.jpg\",\"width\":1949,\"height\":1261,\"caption\":\"Immer wieder spricht man von Fachkr\u00e4ftemangel. ICTSwiss h\u00e4tte dabei so einige Gegenantworten. (Bild: zVg)\"},{\"@type\":\"BreadcrumbList\",\"@id\":\"https:\\\/\\\/www.organisator.ch\\\/management\\\/it\\\/2017-07-17\\\/trainee\\\/#breadcrumb\",\"itemListElement\":[{\"@type\":\"ListItem\",\"position\":1,\"name\":\"Home\",\"item\":\"https:\\\/\\\/www.organisator.ch\\\/\"},{\"@type\":\"ListItem\",\"position\":2,\"name\":\"Trainee-Programm gegen Fachkr\u00e4fte-Mangel\"}]},{\"@type\":\"WebSite\",\"@id\":\"https:\\\/\\\/www.organisator.ch\\\/#website\",\"url\":\"https:\\\/\\\/www.organisator.ch\\\/\",\"name\":\"Organisator\",\"description\":\"Kompetent. Praxisnah. Der ORGANISATOR bereitet in 10 Ausgaben pro Jahr die wesentlichen Themen f\u00fcr F\u00fchrungskr\u00e4fte von KMU auf.\",\"publisher\":{\"@id\":\"https:\\\/\\\/www.organisator.ch\\\/#organization\"},\"potentialAction\":[{\"@type\":\"SearchAction\",\"target\":{\"@type\":\"EntryPoint\",\"urlTemplate\":\"https:\\\/\\\/www.organisator.ch\\\/?s={search_term_string}\"},\"query-input\":{\"@type\":\"PropertyValueSpecification\",\"valueRequired\":true,\"valueName\":\"search_term_string\"}}],\"inLanguage\":\"de\"},{\"@type\":\"Organization\",\"@id\":\"https:\\\/\\\/www.organisator.ch\\\/#organization\",\"name\":\"Organisator\",\"url\":\"https:\\\/\\\/www.organisator.ch\\\/\",\"logo\":{\"@type\":\"ImageObject\",\"inLanguage\":\"de\",\"@id\":\"https:\\\/\\\/www.organisator.ch\\\/#\\\/schema\\\/logo\\\/image\\\/\",\"url\":\"https:\\\/\\\/www.organisator.ch\\\/wp-content\\\/uploads\\\/2022\\\/01\\\/Logo_Organisator_Website.png\",\"contentUrl\":\"https:\\\/\\\/www.organisator.ch\\\/wp-content\\\/uploads\\\/2022\\\/01\\\/Logo_Organisator_Website.png\",\"width\":800,\"height\":77,\"caption\":\"Organisator\"},\"image\":{\"@id\":\"https:\\\/\\\/www.organisator.ch\\\/#\\\/schema\\\/logo\\\/image\\\/\"},\"sameAs\":[\"https:\\\/\\\/www.facebook.com\\\/OrganisatorFachmagazin\",\"https:\\\/\\\/www.linkedin.com\\\/showcase\\\/organisator-das-magazin-fr-kmu\",\"https:\\\/\\\/www.xing.com\\\/news\\\/pages\\\/organisator-ch-695\",\"https:\\\/\\\/www.youtube.com\\\/channel\\\/UCGP2Sq0iWaZwT3BdIAQFYpw\"]},{\"@type\":\"Person\",\"@id\":\"https:\\\/\\\/www.organisator.ch\\\/#\\\/schema\\\/person\\\/134708ca9321c57b0362cceb7948ffbd\",\"name\":\"michael.merz\",\"image\":{\"@type\":\"ImageObject\",\"inLanguage\":\"de\",\"@id\":\"https:\\\/\\\/secure.gravatar.com\\\/avatar\\\/?s=96&d=mm&r=g\",\"url\":\"https:\\\/\\\/secure.gravatar.com\\\/avatar\\\/?s=96&d=mm&r=g\",\"contentUrl\":\"https:\\\/\\\/secure.gravatar.com\\\/avatar\\\/?s=96&d=mm&r=g\",\"caption\":\"michael.merz\"},\"url\":\"https:\\\/\\\/www.organisator.ch\\\/de\\\/author\\\/michael-merz\\\/\"}]}<\/script>\n<!-- \/ Yoast SEO plugin. -->","yoast_head_json":{"title":"Trainee-Programm gegen Fachkr\u00e4fte-Mangel - Organisator","description":"KMUs im Raum Z\u00fcrich wie etwa die M&F Engineering AG vermeidet den Fachkr\u00e4ftemangel mit einem koordinierten Trainee-Programm.","robots":{"index":"index","follow":"follow","max-snippet":"max-snippet:-1","max-image-preview":"max-image-preview:large","max-video-preview":"max-video-preview:-1"},"canonical":"https:\/\/www.organisator.ch\/de\/management\/it\/2017-07-17\/trainee\/","og_locale":"de_DE","og_type":"article","og_title":"Trainee-Programm gegen Fachkr\u00e4fte-Mangel - Organisator","og_description":"KMUs im Raum Z\u00fcrich wie etwa die M&F Engineering AG vermeidet den Fachkr\u00e4ftemangel mit einem koordinierten Trainee-Programm.","og_url":"https:\/\/www.organisator.ch\/de\/management\/it\/2017-07-17\/trainee\/","og_site_name":"Organisator","article_publisher":"https:\/\/www.facebook.com\/OrganisatorFachmagazin","article_published_time":"2017-07-17T08:09:49+00:00","og_image":[{"width":1949,"height":1261,"url":"https:\/\/www.organisator.ch\/wp-content\/uploads\/2017\/07\/KMUs-nehmen-das-Fachkraefteproblem-selbst-in-die-Hand-org-organisator.jpg","type":"image\/jpeg"}],"author":"michael.merz","twitter_card":"summary_large_image","schema":{"@context":"https:\/\/schema.org","@graph":[{"@type":"Article","@id":"https:\/\/www.organisator.ch\/management\/it\/2017-07-17\/trainee\/#article","isPartOf":{"@id":"https:\/\/www.organisator.ch\/management\/it\/2017-07-17\/trainee\/"},"author":{"name":"michael.merz","@id":"https:\/\/www.organisator.ch\/#\/schema\/person\/134708ca9321c57b0362cceb7948ffbd"},"headline":"Trainee-Programm gegen Fachkr\u00e4fte-Mangel","datePublished":"2017-07-17T08:09:49+00:00","mainEntityOfPage":{"@id":"https:\/\/www.organisator.ch\/management\/it\/2017-07-17\/trainee\/"},"wordCount":434,"commentCount":0,"publisher":{"@id":"https:\/\/www.organisator.ch\/#organization"},"image":{"@id":"https:\/\/www.organisator.ch\/management\/it\/2017-07-17\/trainee\/#primaryimage"},"thumbnailUrl":"https:\/\/www.organisator.ch\/wp-content\/uploads\/2017\/07\/KMUs-nehmen-das-Fachkraefteproblem-selbst-in-die-Hand-org-organisator.jpg","keywords":["Ingenieure","IT","KMU","Trainee"],"articleSection":["IT"],"inLanguage":"de"},{"@type":"WebPage","@id":"https:\/\/www.organisator.ch\/management\/it\/2017-07-17\/trainee\/","url":"https:\/\/www.organisator.ch\/management\/it\/2017-07-17\/trainee\/","name":"Trainee-Programm gegen Fachkr\u00e4fte-Mangel - Organisator","isPartOf":{"@id":"https:\/\/www.organisator.ch\/#website"},"primaryImageOfPage":{"@id":"https:\/\/www.organisator.ch\/management\/it\/2017-07-17\/trainee\/#primaryimage"},"image":{"@id":"https:\/\/www.organisator.ch\/management\/it\/2017-07-17\/trainee\/#primaryimage"},"thumbnailUrl":"https:\/\/www.organisator.ch\/wp-content\/uploads\/2017\/07\/KMUs-nehmen-das-Fachkraefteproblem-selbst-in-die-Hand-org-organisator.jpg","datePublished":"2017-07-17T08:09:49+00:00","description":"KMUs im Raum Z\u00fcrich wie etwa die M&F Engineering AG vermeidet den Fachkr\u00e4ftemangel mit einem koordinierten Trainee-Programm.","breadcrumb":{"@id":"https:\/\/www.organisator.ch\/management\/it\/2017-07-17\/trainee\/#breadcrumb"},"inLanguage":"de","potentialAction":[{"@type":"ReadAction","target":["https:\/\/www.organisator.ch\/management\/it\/2017-07-17\/trainee\/"]}]},{"@type":"ImageObject","inLanguage":"de","@id":"https:\/\/www.organisator.ch\/management\/it\/2017-07-17\/trainee\/#primaryimage","url":"https:\/\/www.organisator.ch\/wp-content\/uploads\/2017\/07\/KMUs-nehmen-das-Fachkraefteproblem-selbst-in-die-Hand-org-organisator.jpg","contentUrl":"https:\/\/www.organisator.ch\/wp-content\/uploads\/2017\/07\/KMUs-nehmen-das-Fachkraefteproblem-selbst-in-die-Hand-org-organisator.jpg","width":1949,"height":1261,"caption":"Immer wieder spricht man von Fachkr\u00e4ftemangel. ICTSwiss h\u00e4tte dabei so einige Gegenantworten. (Bild: zVg)"},{"@type":"BreadcrumbList","@id":"https:\/\/www.organisator.ch\/management\/it\/2017-07-17\/trainee\/#breadcrumb","itemListElement":[{"@type":"ListItem","position":1,"name":"Home","item":"https:\/\/www.organisator.ch\/"},{"@type":"ListItem","position":2,"name":"Trainee-Programm gegen Fachkr\u00e4fte-Mangel"}]},{"@type":"WebSite","@id":"https:\/\/www.organisator.ch\/#website","url":"https:\/\/www.organisator.ch\/","name":"Organisator","description":"Kompetent. Praxisnah. Der ORGANISATOR bereitet in 10 Ausgaben pro Jahr die wesentlichen Themen f\u00fcr F\u00fchrungskr\u00e4fte von KMU auf.","publisher":{"@id":"https:\/\/www.organisator.ch\/#organization"},"potentialAction":[{"@type":"SearchAction","target":{"@type":"EntryPoint","urlTemplate":"https:\/\/www.organisator.ch\/?s={search_term_string}"},"query-input":{"@type":"PropertyValueSpecification","valueRequired":true,"valueName":"search_term_string"}}],"inLanguage":"de"},{"@type":"Organization","@id":"https:\/\/www.organisator.ch\/#organization","name":"Organisator","url":"https:\/\/www.organisator.ch\/","logo":{"@type":"ImageObject","inLanguage":"de","@id":"https:\/\/www.organisator.ch\/#\/schema\/logo\/image\/","url":"https:\/\/www.organisator.ch\/wp-content\/uploads\/2022\/01\/Logo_Organisator_Website.png","contentUrl":"https:\/\/www.organisator.ch\/wp-content\/uploads\/2022\/01\/Logo_Organisator_Website.png","width":800,"height":77,"caption":"Organisator"},"image":{"@id":"https:\/\/www.organisator.ch\/#\/schema\/logo\/image\/"},"sameAs":["https:\/\/www.facebook.com\/OrganisatorFachmagazin","https:\/\/www.linkedin.com\/showcase\/organisator-das-magazin-fr-kmu","https:\/\/www.xing.com\/news\/pages\/organisator-ch-695","https:\/\/www.youtube.com\/channel\/UCGP2Sq0iWaZwT3BdIAQFYpw"]},{"@type":"Person","@id":"https:\/\/www.organisator.ch\/#\/schema\/person\/134708ca9321c57b0362cceb7948ffbd","name":"michael.merz","image":{"@type":"ImageObject","inLanguage":"de","@id":"https:\/\/secure.gravatar.com\/avatar\/?s=96&d=mm&r=g","url":"https:\/\/secure.gravatar.com\/avatar\/?s=96&d=mm&r=g","contentUrl":"https:\/\/secure.gravatar.com\/avatar\/?s=96&d=mm&r=g","caption":"michael.merz"},"url":"https:\/\/www.organisator.ch\/de\/author\/michael-merz\/"}]}},"_links":{"self":[{"href":"https:\/\/www.organisator.ch\/de\/wp-json\/wp\/v2\/posts\/2197","targetHints":{"allow":["GET"]}}],"collection":[{"href":"https:\/\/www.organisator.ch\/de\/wp-json\/wp\/v2\/posts"}],"about":[{"href":"https:\/\/www.organisator.ch\/de\/wp-json\/wp\/v2\/types\/post"}],"author":[{"embeddable":true,"href":"https:\/\/www.organisator.ch\/de\/wp-json\/wp\/v2\/users\/5"}],"replies":[{"embeddable":true,"href":"https:\/\/www.organisator.ch\/de\/wp-json\/wp\/v2\/comments?post=2197"}],"version-history":[{"count":0,"href":"https:\/\/www.organisator.ch\/de\/wp-json\/wp\/v2\/posts\/2197\/revisions"}],"wp:featuredmedia":[{"embeddable":true,"href":"https:\/\/www.organisator.ch\/de\/wp-json\/wp\/v2\/media\/2198"}],"wp:attachment":[{"href":"https:\/\/www.organisator.ch\/de\/wp-json\/wp\/v2\/media?parent=2197"}],"wp:term":[{"taxonomy":"category","embeddable":true,"href":"https:\/\/www.organisator.ch\/de\/wp-json\/wp\/v2\/categories?post=2197"},{"taxonomy":"post_tag","embeddable":true,"href":"https:\/\/www.organisator.ch\/de\/wp-json\/wp\/v2\/tags?post=2197"}],"curies":[{"name":"wp","href":"https:\/\/api.w.org\/{rel}","templated":true}]}}