{"id":21972,"date":"2023-09-27T13:37:56","date_gmt":"2023-09-27T11:37:56","guid":{"rendered":"https:\/\/www.organisator.ch\/?p=21972"},"modified":"2023-09-27T13:37:56","modified_gmt":"2023-09-27T11:37:56","slug":"arbeitgeber-buerokratisch-595-prozent-der-fach-und-fuehrungskraefte-sagen-ja","status":"publish","type":"post","link":"https:\/\/www.organisator.ch\/de\/management\/2023-09-27\/arbeitgeber-buerokratisch-595-prozent-der-fach-und-fuehrungskraefte-sagen-ja\/","title":{"rendered":"Arbeitgeber b\u00fcrokratisch? 59,5 Prozent der Fach- und F\u00fchrungskr\u00e4fte sagen \u00abJA\u00bb"},"content":{"rendered":"<figure id=\"attachment_21977\" aria-describedby=\"caption-attachment-21977\" style=\"width: 680px\" class=\"wp-caption alignnone\"><img loading=\"lazy\" decoding=\"async\" class=\"wp-image-21977 size-full\" src=\"https:\/\/www.organisator.ch\/wp-content\/uploads\/2023\/09\/Bueroktratie_Bild_ps.jpg\" alt=\"\" width=\"680\" height=\"339\" srcset=\"https:\/\/www.organisator.ch\/wp-content\/uploads\/2023\/09\/Bueroktratie_Bild_ps.jpg 680w, https:\/\/www.organisator.ch\/wp-content\/uploads\/2023\/09\/Bueroktratie_Bild_ps-18x9.jpg 18w, https:\/\/www.organisator.ch\/wp-content\/uploads\/2023\/09\/Bueroktratie_Bild_ps-375x187.jpg 375w\" sizes=\"auto, (max-width: 680px) 100vw, 680px\" \/><figcaption id=\"caption-attachment-21977\" class=\"wp-caption-text\">Transformationen werden schnell angek\u00fcndigt, die Umsetzung verl\u00e4uft dann h\u00e4ufig immer noch sehr b\u00fcrokratisch&#8230; (Bild: www.pixabay.com)<\/figcaption><\/figure>\n<p>Laut der Xebia-Umfrage empfinden 59,5 Prozent der Fach- und F\u00fchrungskr\u00e4fte ihren Arbeitgeber als b\u00fcrokratisch, nur 27,2 Prozent als agil, also transparent bei Entscheidungen und schnell bei der Umsetzung. Nur 28,0 Prozent sagen, dass die Werte ihres Arbeitgebers definiert seien und gelebt w\u00fcrden. Immerhin 42,7 Prozent k\u00f6nnen sich voll mit ihnen identifizieren.<\/p>\n<p>350 Schweizer Fach- und F\u00fchrungskr\u00e4fte aus einem repr\u00e4sentativen Branchenquerschnitt hat die Digitalisierungsberatung Xebia f\u00fcr ihren Trends &amp; Benchmark Report 2023 befragt. Dabei zeigte sich: Viele Arbeitnehmer f\u00fchlen sich bei der Transformation alleingelassen. 71,7 Prozent der Befragten sehen Verbesserungspotential bei der Unternehmenskultur. 43,8 Prozent w\u00fcnschen sich agile F\u00fchrung, 40,6 Prozent den Abbau von Hierarchien, 35,7 Prozent mehr Unterst\u00fctzung vom Management, um die Ziele umsetzen zu k\u00f6nnen.<\/p>\n<p>\u00abDie Ergebnisse zeigen, dass eine Transformation zwar schnell angek\u00fcndigt ist, die Umsetzung dann aber oft eine Herausforderung darstellt\u00bb, sagt Stefan Widmer, Mitglied der Gesch\u00e4ftsleitung von Xebia Schweiz und Managing Director Z\u00fcrich. \u00abDas beginnt mit der Entscheidung der Ziele, der Auswahl der passenden Methoden und Arbeitsmittel. Insbesondere Unternehmen, die diesen Prozess nicht durch eine gr\u00fcndliche Analyse und Strategie vorbereitet haben, kommen damit im betrieblichen Alltag nicht weit.\u00bb<\/p>\n<h3><strong>Flexibler reagieren und besser zusammenarbeiten<\/strong><\/h3>\n<p>Als wichtigste Ziele der Transformation nannten die Befragten: Mit sich \u00e4ndernden Priorit\u00e4ten umgehen zu k\u00f6nnen (21,3 Prozent), eine bessere Zusammenarbeit (18,6 Prozent), h\u00f6here Teammoral (17,8 Prozent), dezentrale Entscheidungen (17,0 Prozent) und neue Produkte schneller einzuf\u00fchren (14,2 Prozent). Als wichtigste Wege dahin sahen sie agile Arbeitsmethoden (32,2 Prozent) und Business-Agilit\u00e4t (18,0 Prozent). Die Digitalisierung bewerteten dagegen 15,9 Prozent als Haupttreiber. Nur 9,2 Prozent betrachten Kostensenkungen als entscheidend, 8,5 Prozent Restrukturierungen.<\/p>\n<p>\u00abPrivatwirtschaftliche und \u00f6ffentliche Unternehmen und Verwaltungen stehen dabei vor \u00e4hnlichen Herausforderungen\u00bb, sagt Christian Eichenberger, Mitglied der Gesch\u00e4ftsleitung von Xebia Schweiz und Managing Director Bern. \u00abTechnische Abteilungen haben moderne Arbeitsmethoden und -plattformen schon fr\u00fch genutzt. Andere Unternehmensbereiche ziehen nach, aber wesentlich sp\u00e4ter und z\u00f6gerlicher. Aber wir sehen bei der Nutzung agiler Methoden bei den Gesch\u00e4ftsleitungen den gr\u00f6ssten Sprung, von 4,4 auf 13,1 Prozent. Das Thema ist auf der obersten F\u00fchrungsebene angekommen.\u00bb<\/p>\n<p>Am meisten wird agiles Arbeiten aktuell weiterhin in den IT-Abteilungen (42,0 Prozent) praktiziert, in den Fachabteilungen (22,1 Prozent) und im Portfolio-Management (20,6 Prozent). Darauf folgen die Gesch\u00e4ftsleitungen (13,1 Prozent), Fertigung bzw. Produktion (11,4 Prozent), Marketing (11,2 Prozent) und HR (10,7 Prozent).<\/p>\n<figure id=\"attachment_21976\" aria-describedby=\"caption-attachment-21976\" style=\"width: 680px\" class=\"wp-caption alignnone\"><img loading=\"lazy\" decoding=\"async\" class=\"size-full wp-image-21976\" src=\"https:\/\/www.organisator.ch\/wp-content\/uploads\/2023\/09\/Xebia-Umfrage_Bild1_ps.jpg\" alt=\"\" width=\"680\" height=\"382\" srcset=\"https:\/\/www.organisator.ch\/wp-content\/uploads\/2023\/09\/Xebia-Umfrage_Bild1_ps.jpg 680w, https:\/\/www.organisator.ch\/wp-content\/uploads\/2023\/09\/Xebia-Umfrage_Bild1_ps-18x10.jpg 18w, https:\/\/www.organisator.ch\/wp-content\/uploads\/2023\/09\/Xebia-Umfrage_Bild1_ps-375x211.jpg 375w, https:\/\/www.organisator.ch\/wp-content\/uploads\/2023\/09\/Xebia-Umfrage_Bild1_ps-623x350.jpg 623w\" sizes=\"auto, (max-width: 680px) 100vw, 680px\" \/><figcaption id=\"caption-attachment-21976\" class=\"wp-caption-text\">Stefan Widmer, Mitglied der Gesch\u00e4ftsleitung von Xebia Schweiz und Managing Director Z\u00fcrich. (www.xebia.com)<\/figcaption><\/figure>\n<h3><strong>Weniger als die H\u00e4lfte hat eine Zielvereinbarung<\/strong><\/h3>\n<p>Obwohl datengest\u00fctzte Entscheidungen als wesentlicher Aspekt der Transformation gelten, wird aktuell weniger als die H\u00e4lfte (42,9 Prozent) auf Basis einer Zielvereinbarung beurteilt. Ebenso viele (42,9 Prozent) bewerten ihre Leistung gemeinsam mit dem Vorgesetzten. 21,9 Prozent werden nach der OKR-Methode, die Ziele und Ergebniskennzahlen umfasst, eingesch\u00e4tzt. 17,4 Prozent erhalten eine 360-Grad-Beurteilung. Digitale Arbeitsplattformen werden inzwischen weitgehend genutzt. Vor allem Confluence (52,4 Prozent), Jira (37,9 Prozent), MS Office (37,5 Prozent) und MS Sharepoint (28,3 Prozent). Aber 18,2 Prozent nutzen f\u00fcr ihr Projektmanagement weiterhin noch Papier, Stift und Post-its.<\/p>\n<p>F\u00fcr den Trends &amp; Benchmark Report befragt Xebia j\u00e4hrlich 350 Vertreter von Schweizer privatwirtschaftlichen und \u00f6ffentlichen Unternehmen. Sie repr\u00e4sentieren mehr als zw\u00f6lf Branchen, angef\u00fchrt von Banken und Finanzdienstleistern (18,0 Prozent) und IT-Hard- und Software (14,6 Prozent). 41,7 Prozent der Befragten arbeiten in F\u00fchrungspositionen (Management, Projekt- oder Programmleiter), ansonsten in Fachpositionen.<\/p>\n<p><em>Quelle: <a href=\"https:\/\/xebia.com\/\">www.xebia.com<\/a><\/em><\/p>\n","protected":false},"excerpt":{"rendered":"<p>In Schweizer Unternehmen klaffen oft noch grosse Unterschiede zwischen den erkl\u00e4rten Zielen und der Realit\u00e4t. Laut einer Umfrage von Xebia nutzen weniger als die H\u00e4lfte der Fach- und F\u00fchrungskr\u00e4fte Zielvereinbarungen, und jeder f\u00fcnfte plant Projekte immer noch auf traditionelle Weise mit Stift und Papier. Die Transformation zu modernen Arbeitsmethoden schreitet nur langsam voran.<\/p>\n","protected":false},"author":58,"featured_media":21977,"comment_status":"closed","ping_status":"closed","sticky":false,"template":"","format":"standard","meta":{"_acf_changed":false,"_yoast_wpseo_focuskw":"b\u00fcrokratisch","_yoast_wpseo_metadesc":"In Schweizer Unternehmen klaffen oft noch grosse Unterschiede zwischen den erkl\u00e4rten Zielen und der Realit\u00e4t, vieles ist noch b\u00fcrokratisch.","articlekey":"","footnotes":""},"categories":[28],"tags":[112,335,487,492],"class_list":["post-21972","post","type-post","status-publish","format-standard","has-post-thumbnail","hentry","category-management","tag-change-management","tag-management-und-unternehmensfuehrung","tag-umfrage","tag-unternehmen"],"acf":[],"yoast_head":"<!-- This site is optimized with the Yoast SEO plugin v27.5 - https:\/\/yoast.com\/product\/yoast-seo-wordpress\/ -->\n<title>Arbeitgeber b\u00fcrokratisch? 59,5 Prozent der Fach- und F\u00fchrungskr\u00e4fte sagen \u00abJA\u00bb - Organisator<\/title>\n<meta name=\"description\" content=\"In Schweizer Unternehmen klaffen oft noch grosse Unterschiede zwischen den erkl\u00e4rten Zielen und der Realit\u00e4t, vieles ist noch b\u00fcrokratisch.\" \/>\n<meta name=\"robots\" content=\"index, follow, max-snippet:-1, max-image-preview:large, max-video-preview:-1\" \/>\n<link rel=\"canonical\" href=\"https:\/\/www.organisator.ch\/de\/management\/2023-09-27\/arbeitgeber-buerokratisch-595-prozent-der-fach-und-fuehrungskraefte-sagen-ja\/\" \/>\n<meta property=\"og:locale\" content=\"de_DE\" \/>\n<meta property=\"og:type\" content=\"article\" \/>\n<meta property=\"og:title\" content=\"Arbeitgeber b\u00fcrokratisch? 59,5 Prozent der Fach- und F\u00fchrungskr\u00e4fte sagen \u00abJA\u00bb\" \/>\n<meta property=\"og:description\" content=\"In Schweizer Unternehmen klaffen oft noch grosse Unterschiede zwischen den erkl\u00e4rten Zielen und der Realit\u00e4t, vieles ist noch b\u00fcrokratisch.\" \/>\n<meta property=\"og:url\" content=\"https:\/\/www.organisator.ch\/de\/management\/2023-09-27\/arbeitgeber-buerokratisch-595-prozent-der-fach-und-fuehrungskraefte-sagen-ja\/\" \/>\n<meta property=\"og:site_name\" content=\"Organisator\" \/>\n<meta property=\"article:publisher\" content=\"https:\/\/www.facebook.com\/OrganisatorFachmagazin\" \/>\n<meta property=\"article:published_time\" content=\"2023-09-27T11:37:56+00:00\" \/>\n<meta property=\"og:image\" content=\"https:\/\/www.organisator.ch\/wp-content\/uploads\/2023\/09\/Bueroktratie_Bild_ps.jpg\" \/>\n\t<meta property=\"og:image:width\" content=\"680\" \/>\n\t<meta property=\"og:image:height\" content=\"339\" \/>\n\t<meta property=\"og:image:type\" content=\"image\/jpeg\" \/>\n<meta name=\"author\" content=\"Adelisa Kalajdzini\" \/>\n<meta name=\"twitter:card\" content=\"summary_large_image\" \/>\n<meta name=\"twitter:title\" content=\"Arbeitgeber #b\u00fcrokratisch? 59,5 Prozent der Fach- und #F\u00fchrungskr\u00e4fte sagen \u00abJA\u00bb\" \/>\n<meta name=\"twitter:description\" content=\"In Schweizer Unternehmen klaffen oft noch grosse Unterschiede zwischen den erkl\u00e4rten Zielen und der Realit\u00e4t, vieles ist noch #b\u00fcrokratisch.\" \/>\n<meta name=\"twitter:image\" content=\"https:\/\/www.organisator.ch\/wp-content\/uploads\/2023\/09\/Bueroktratie_Bild_ps.jpg\" \/>\n<script type=\"application\/ld+json\" class=\"yoast-schema-graph\">{\"@context\":\"https:\\\/\\\/schema.org\",\"@graph\":[{\"@type\":\"Article\",\"@id\":\"https:\\\/\\\/www.organisator.ch\\\/management\\\/2023-09-27\\\/arbeitgeber-buerokratisch-595-prozent-der-fach-und-fuehrungskraefte-sagen-ja\\\/#article\",\"isPartOf\":{\"@id\":\"https:\\\/\\\/www.organisator.ch\\\/management\\\/2023-09-27\\\/arbeitgeber-buerokratisch-595-prozent-der-fach-und-fuehrungskraefte-sagen-ja\\\/\"},\"author\":{\"name\":\"Adelisa Kalajdzini\",\"@id\":\"https:\\\/\\\/www.organisator.ch\\\/#\\\/schema\\\/person\\\/2e1314a2172123f874db408d8911d3f3\"},\"headline\":\"Arbeitgeber b\u00fcrokratisch? 59,5 Prozent der Fach- und F\u00fchrungskr\u00e4fte sagen \u00abJA\u00bb\",\"datePublished\":\"2023-09-27T11:37:56+00:00\",\"mainEntityOfPage\":{\"@id\":\"https:\\\/\\\/www.organisator.ch\\\/management\\\/2023-09-27\\\/arbeitgeber-buerokratisch-595-prozent-der-fach-und-fuehrungskraefte-sagen-ja\\\/\"},\"wordCount\":578,\"publisher\":{\"@id\":\"https:\\\/\\\/www.organisator.ch\\\/#organization\"},\"image\":{\"@id\":\"https:\\\/\\\/www.organisator.ch\\\/management\\\/2023-09-27\\\/arbeitgeber-buerokratisch-595-prozent-der-fach-und-fuehrungskraefte-sagen-ja\\\/#primaryimage\"},\"thumbnailUrl\":\"https:\\\/\\\/www.organisator.ch\\\/wp-content\\\/uploads\\\/2023\\\/09\\\/Bueroktratie_Bild_ps.jpg\",\"keywords\":[\"Change Management\",\"Management und Unternehmensf\u00fchrung\",\"Umfrage\",\"Unternehmen\"],\"articleSection\":[\"MANAGEMENT\"],\"inLanguage\":\"de\"},{\"@type\":\"WebPage\",\"@id\":\"https:\\\/\\\/www.organisator.ch\\\/management\\\/2023-09-27\\\/arbeitgeber-buerokratisch-595-prozent-der-fach-und-fuehrungskraefte-sagen-ja\\\/\",\"url\":\"https:\\\/\\\/www.organisator.ch\\\/management\\\/2023-09-27\\\/arbeitgeber-buerokratisch-595-prozent-der-fach-und-fuehrungskraefte-sagen-ja\\\/\",\"name\":\"Arbeitgeber b\u00fcrokratisch? 59,5 Prozent der Fach- und F\u00fchrungskr\u00e4fte sagen \u00abJA\u00bb - Organisator\",\"isPartOf\":{\"@id\":\"https:\\\/\\\/www.organisator.ch\\\/#website\"},\"primaryImageOfPage\":{\"@id\":\"https:\\\/\\\/www.organisator.ch\\\/management\\\/2023-09-27\\\/arbeitgeber-buerokratisch-595-prozent-der-fach-und-fuehrungskraefte-sagen-ja\\\/#primaryimage\"},\"image\":{\"@id\":\"https:\\\/\\\/www.organisator.ch\\\/management\\\/2023-09-27\\\/arbeitgeber-buerokratisch-595-prozent-der-fach-und-fuehrungskraefte-sagen-ja\\\/#primaryimage\"},\"thumbnailUrl\":\"https:\\\/\\\/www.organisator.ch\\\/wp-content\\\/uploads\\\/2023\\\/09\\\/Bueroktratie_Bild_ps.jpg\",\"datePublished\":\"2023-09-27T11:37:56+00:00\",\"description\":\"In Schweizer Unternehmen klaffen oft noch grosse Unterschiede zwischen den erkl\u00e4rten Zielen und der Realit\u00e4t, vieles ist noch b\u00fcrokratisch.\",\"breadcrumb\":{\"@id\":\"https:\\\/\\\/www.organisator.ch\\\/management\\\/2023-09-27\\\/arbeitgeber-buerokratisch-595-prozent-der-fach-und-fuehrungskraefte-sagen-ja\\\/#breadcrumb\"},\"inLanguage\":\"de\",\"potentialAction\":[{\"@type\":\"ReadAction\",\"target\":[\"https:\\\/\\\/www.organisator.ch\\\/management\\\/2023-09-27\\\/arbeitgeber-buerokratisch-595-prozent-der-fach-und-fuehrungskraefte-sagen-ja\\\/\"]}]},{\"@type\":\"ImageObject\",\"inLanguage\":\"de\",\"@id\":\"https:\\\/\\\/www.organisator.ch\\\/management\\\/2023-09-27\\\/arbeitgeber-buerokratisch-595-prozent-der-fach-und-fuehrungskraefte-sagen-ja\\\/#primaryimage\",\"url\":\"https:\\\/\\\/www.organisator.ch\\\/wp-content\\\/uploads\\\/2023\\\/09\\\/Bueroktratie_Bild_ps.jpg\",\"contentUrl\":\"https:\\\/\\\/www.organisator.ch\\\/wp-content\\\/uploads\\\/2023\\\/09\\\/Bueroktratie_Bild_ps.jpg\",\"width\":680,\"height\":339,\"caption\":\"(Bild: www.pixabay.com)\"},{\"@type\":\"BreadcrumbList\",\"@id\":\"https:\\\/\\\/www.organisator.ch\\\/management\\\/2023-09-27\\\/arbeitgeber-buerokratisch-595-prozent-der-fach-und-fuehrungskraefte-sagen-ja\\\/#breadcrumb\",\"itemListElement\":[{\"@type\":\"ListItem\",\"position\":1,\"name\":\"Home\",\"item\":\"https:\\\/\\\/www.organisator.ch\\\/\"},{\"@type\":\"ListItem\",\"position\":2,\"name\":\"Arbeitgeber b\u00fcrokratisch? 59,5 Prozent der Fach- und F\u00fchrungskr\u00e4fte sagen \u00abJA\u00bb\"}]},{\"@type\":\"WebSite\",\"@id\":\"https:\\\/\\\/www.organisator.ch\\\/#website\",\"url\":\"https:\\\/\\\/www.organisator.ch\\\/\",\"name\":\"Organisator\",\"description\":\"Kompetent. Praxisnah. Der ORGANISATOR bereitet in 10 Ausgaben pro Jahr die wesentlichen Themen f\u00fcr F\u00fchrungskr\u00e4fte von KMU auf.\",\"publisher\":{\"@id\":\"https:\\\/\\\/www.organisator.ch\\\/#organization\"},\"potentialAction\":[{\"@type\":\"SearchAction\",\"target\":{\"@type\":\"EntryPoint\",\"urlTemplate\":\"https:\\\/\\\/www.organisator.ch\\\/?s={search_term_string}\"},\"query-input\":{\"@type\":\"PropertyValueSpecification\",\"valueRequired\":true,\"valueName\":\"search_term_string\"}}],\"inLanguage\":\"de\"},{\"@type\":\"Organization\",\"@id\":\"https:\\\/\\\/www.organisator.ch\\\/#organization\",\"name\":\"Organisator\",\"url\":\"https:\\\/\\\/www.organisator.ch\\\/\",\"logo\":{\"@type\":\"ImageObject\",\"inLanguage\":\"de\",\"@id\":\"https:\\\/\\\/www.organisator.ch\\\/#\\\/schema\\\/logo\\\/image\\\/\",\"url\":\"https:\\\/\\\/www.organisator.ch\\\/wp-content\\\/uploads\\\/2022\\\/01\\\/Logo_Organisator_Website.png\",\"contentUrl\":\"https:\\\/\\\/www.organisator.ch\\\/wp-content\\\/uploads\\\/2022\\\/01\\\/Logo_Organisator_Website.png\",\"width\":800,\"height\":77,\"caption\":\"Organisator\"},\"image\":{\"@id\":\"https:\\\/\\\/www.organisator.ch\\\/#\\\/schema\\\/logo\\\/image\\\/\"},\"sameAs\":[\"https:\\\/\\\/www.facebook.com\\\/OrganisatorFachmagazin\",\"https:\\\/\\\/www.linkedin.com\\\/showcase\\\/organisator-das-magazin-fr-kmu\",\"https:\\\/\\\/www.xing.com\\\/news\\\/pages\\\/organisator-ch-695\",\"https:\\\/\\\/www.youtube.com\\\/channel\\\/UCGP2Sq0iWaZwT3BdIAQFYpw\"]},{\"@type\":\"Person\",\"@id\":\"https:\\\/\\\/www.organisator.ch\\\/#\\\/schema\\\/person\\\/2e1314a2172123f874db408d8911d3f3\",\"name\":\"Adelisa Kalajdzini\",\"image\":{\"@type\":\"ImageObject\",\"inLanguage\":\"de\",\"@id\":\"https:\\\/\\\/secure.gravatar.com\\\/avatar\\\/09a397c22ac58cad6f160ee8306348599df9df58a8ede73696226897b9fa4b24?s=96&d=mm&r=g\",\"url\":\"https:\\\/\\\/secure.gravatar.com\\\/avatar\\\/09a397c22ac58cad6f160ee8306348599df9df58a8ede73696226897b9fa4b24?s=96&d=mm&r=g\",\"contentUrl\":\"https:\\\/\\\/secure.gravatar.com\\\/avatar\\\/09a397c22ac58cad6f160ee8306348599df9df58a8ede73696226897b9fa4b24?s=96&d=mm&r=g\",\"caption\":\"Adelisa Kalajdzini\"},\"url\":\"https:\\\/\\\/www.organisator.ch\\\/de\\\/author\\\/adelisa-kalajdzini\\\/\"}]}<\/script>\n<!-- \/ Yoast SEO plugin. -->","yoast_head_json":{"title":"Arbeitgeber b\u00fcrokratisch? 59,5 Prozent der Fach- und F\u00fchrungskr\u00e4fte sagen \u00abJA\u00bb - Organisator","description":"In Schweizer Unternehmen klaffen oft noch grosse Unterschiede zwischen den erkl\u00e4rten Zielen und der Realit\u00e4t, vieles ist noch b\u00fcrokratisch.","robots":{"index":"index","follow":"follow","max-snippet":"max-snippet:-1","max-image-preview":"max-image-preview:large","max-video-preview":"max-video-preview:-1"},"canonical":"https:\/\/www.organisator.ch\/de\/management\/2023-09-27\/arbeitgeber-buerokratisch-595-prozent-der-fach-und-fuehrungskraefte-sagen-ja\/","og_locale":"de_DE","og_type":"article","og_title":"Arbeitgeber b\u00fcrokratisch? 59,5 Prozent der Fach- und F\u00fchrungskr\u00e4fte sagen \u00abJA\u00bb","og_description":"In Schweizer Unternehmen klaffen oft noch grosse Unterschiede zwischen den erkl\u00e4rten Zielen und der Realit\u00e4t, vieles ist noch b\u00fcrokratisch.","og_url":"https:\/\/www.organisator.ch\/de\/management\/2023-09-27\/arbeitgeber-buerokratisch-595-prozent-der-fach-und-fuehrungskraefte-sagen-ja\/","og_site_name":"Organisator","article_publisher":"https:\/\/www.facebook.com\/OrganisatorFachmagazin","article_published_time":"2023-09-27T11:37:56+00:00","og_image":[{"width":680,"height":339,"url":"https:\/\/www.organisator.ch\/wp-content\/uploads\/2023\/09\/Bueroktratie_Bild_ps.jpg","type":"image\/jpeg"}],"author":"Adelisa Kalajdzini","twitter_card":"summary_large_image","twitter_title":"Arbeitgeber #b\u00fcrokratisch? 59,5 Prozent der Fach- und #F\u00fchrungskr\u00e4fte sagen \u00abJA\u00bb","twitter_description":"In Schweizer Unternehmen klaffen oft noch grosse Unterschiede zwischen den erkl\u00e4rten Zielen und der Realit\u00e4t, vieles ist noch #b\u00fcrokratisch.","twitter_image":"https:\/\/www.organisator.ch\/wp-content\/uploads\/2023\/09\/Bueroktratie_Bild_ps.jpg","schema":{"@context":"https:\/\/schema.org","@graph":[{"@type":"Article","@id":"https:\/\/www.organisator.ch\/management\/2023-09-27\/arbeitgeber-buerokratisch-595-prozent-der-fach-und-fuehrungskraefte-sagen-ja\/#article","isPartOf":{"@id":"https:\/\/www.organisator.ch\/management\/2023-09-27\/arbeitgeber-buerokratisch-595-prozent-der-fach-und-fuehrungskraefte-sagen-ja\/"},"author":{"name":"Adelisa Kalajdzini","@id":"https:\/\/www.organisator.ch\/#\/schema\/person\/2e1314a2172123f874db408d8911d3f3"},"headline":"Arbeitgeber b\u00fcrokratisch? 59,5 Prozent der Fach- und F\u00fchrungskr\u00e4fte sagen \u00abJA\u00bb","datePublished":"2023-09-27T11:37:56+00:00","mainEntityOfPage":{"@id":"https:\/\/www.organisator.ch\/management\/2023-09-27\/arbeitgeber-buerokratisch-595-prozent-der-fach-und-fuehrungskraefte-sagen-ja\/"},"wordCount":578,"publisher":{"@id":"https:\/\/www.organisator.ch\/#organization"},"image":{"@id":"https:\/\/www.organisator.ch\/management\/2023-09-27\/arbeitgeber-buerokratisch-595-prozent-der-fach-und-fuehrungskraefte-sagen-ja\/#primaryimage"},"thumbnailUrl":"https:\/\/www.organisator.ch\/wp-content\/uploads\/2023\/09\/Bueroktratie_Bild_ps.jpg","keywords":["Change Management","Management und Unternehmensf\u00fchrung","Umfrage","Unternehmen"],"articleSection":["MANAGEMENT"],"inLanguage":"de"},{"@type":"WebPage","@id":"https:\/\/www.organisator.ch\/management\/2023-09-27\/arbeitgeber-buerokratisch-595-prozent-der-fach-und-fuehrungskraefte-sagen-ja\/","url":"https:\/\/www.organisator.ch\/management\/2023-09-27\/arbeitgeber-buerokratisch-595-prozent-der-fach-und-fuehrungskraefte-sagen-ja\/","name":"Arbeitgeber b\u00fcrokratisch? 59,5 Prozent der Fach- und F\u00fchrungskr\u00e4fte sagen \u00abJA\u00bb - Organisator","isPartOf":{"@id":"https:\/\/www.organisator.ch\/#website"},"primaryImageOfPage":{"@id":"https:\/\/www.organisator.ch\/management\/2023-09-27\/arbeitgeber-buerokratisch-595-prozent-der-fach-und-fuehrungskraefte-sagen-ja\/#primaryimage"},"image":{"@id":"https:\/\/www.organisator.ch\/management\/2023-09-27\/arbeitgeber-buerokratisch-595-prozent-der-fach-und-fuehrungskraefte-sagen-ja\/#primaryimage"},"thumbnailUrl":"https:\/\/www.organisator.ch\/wp-content\/uploads\/2023\/09\/Bueroktratie_Bild_ps.jpg","datePublished":"2023-09-27T11:37:56+00:00","description":"In Schweizer Unternehmen klaffen oft noch grosse Unterschiede zwischen den erkl\u00e4rten Zielen und der Realit\u00e4t, vieles ist noch b\u00fcrokratisch.","breadcrumb":{"@id":"https:\/\/www.organisator.ch\/management\/2023-09-27\/arbeitgeber-buerokratisch-595-prozent-der-fach-und-fuehrungskraefte-sagen-ja\/#breadcrumb"},"inLanguage":"de","potentialAction":[{"@type":"ReadAction","target":["https:\/\/www.organisator.ch\/management\/2023-09-27\/arbeitgeber-buerokratisch-595-prozent-der-fach-und-fuehrungskraefte-sagen-ja\/"]}]},{"@type":"ImageObject","inLanguage":"de","@id":"https:\/\/www.organisator.ch\/management\/2023-09-27\/arbeitgeber-buerokratisch-595-prozent-der-fach-und-fuehrungskraefte-sagen-ja\/#primaryimage","url":"https:\/\/www.organisator.ch\/wp-content\/uploads\/2023\/09\/Bueroktratie_Bild_ps.jpg","contentUrl":"https:\/\/www.organisator.ch\/wp-content\/uploads\/2023\/09\/Bueroktratie_Bild_ps.jpg","width":680,"height":339,"caption":"(Bild: www.pixabay.com)"},{"@type":"BreadcrumbList","@id":"https:\/\/www.organisator.ch\/management\/2023-09-27\/arbeitgeber-buerokratisch-595-prozent-der-fach-und-fuehrungskraefte-sagen-ja\/#breadcrumb","itemListElement":[{"@type":"ListItem","position":1,"name":"Home","item":"https:\/\/www.organisator.ch\/"},{"@type":"ListItem","position":2,"name":"Arbeitgeber b\u00fcrokratisch? 59,5 Prozent der Fach- und F\u00fchrungskr\u00e4fte sagen \u00abJA\u00bb"}]},{"@type":"WebSite","@id":"https:\/\/www.organisator.ch\/#website","url":"https:\/\/www.organisator.ch\/","name":"Organisator","description":"Kompetent. Praxisnah. Der ORGANISATOR bereitet in 10 Ausgaben pro Jahr die wesentlichen Themen f\u00fcr F\u00fchrungskr\u00e4fte von KMU auf.","publisher":{"@id":"https:\/\/www.organisator.ch\/#organization"},"potentialAction":[{"@type":"SearchAction","target":{"@type":"EntryPoint","urlTemplate":"https:\/\/www.organisator.ch\/?s={search_term_string}"},"query-input":{"@type":"PropertyValueSpecification","valueRequired":true,"valueName":"search_term_string"}}],"inLanguage":"de"},{"@type":"Organization","@id":"https:\/\/www.organisator.ch\/#organization","name":"Organisator","url":"https:\/\/www.organisator.ch\/","logo":{"@type":"ImageObject","inLanguage":"de","@id":"https:\/\/www.organisator.ch\/#\/schema\/logo\/image\/","url":"https:\/\/www.organisator.ch\/wp-content\/uploads\/2022\/01\/Logo_Organisator_Website.png","contentUrl":"https:\/\/www.organisator.ch\/wp-content\/uploads\/2022\/01\/Logo_Organisator_Website.png","width":800,"height":77,"caption":"Organisator"},"image":{"@id":"https:\/\/www.organisator.ch\/#\/schema\/logo\/image\/"},"sameAs":["https:\/\/www.facebook.com\/OrganisatorFachmagazin","https:\/\/www.linkedin.com\/showcase\/organisator-das-magazin-fr-kmu","https:\/\/www.xing.com\/news\/pages\/organisator-ch-695","https:\/\/www.youtube.com\/channel\/UCGP2Sq0iWaZwT3BdIAQFYpw"]},{"@type":"Person","@id":"https:\/\/www.organisator.ch\/#\/schema\/person\/2e1314a2172123f874db408d8911d3f3","name":"Adelisa Kalajdzini","image":{"@type":"ImageObject","inLanguage":"de","@id":"https:\/\/secure.gravatar.com\/avatar\/09a397c22ac58cad6f160ee8306348599df9df58a8ede73696226897b9fa4b24?s=96&d=mm&r=g","url":"https:\/\/secure.gravatar.com\/avatar\/09a397c22ac58cad6f160ee8306348599df9df58a8ede73696226897b9fa4b24?s=96&d=mm&r=g","contentUrl":"https:\/\/secure.gravatar.com\/avatar\/09a397c22ac58cad6f160ee8306348599df9df58a8ede73696226897b9fa4b24?s=96&d=mm&r=g","caption":"Adelisa Kalajdzini"},"url":"https:\/\/www.organisator.ch\/de\/author\/adelisa-kalajdzini\/"}]}},"_links":{"self":[{"href":"https:\/\/www.organisator.ch\/de\/wp-json\/wp\/v2\/posts\/21972","targetHints":{"allow":["GET"]}}],"collection":[{"href":"https:\/\/www.organisator.ch\/de\/wp-json\/wp\/v2\/posts"}],"about":[{"href":"https:\/\/www.organisator.ch\/de\/wp-json\/wp\/v2\/types\/post"}],"author":[{"embeddable":true,"href":"https:\/\/www.organisator.ch\/de\/wp-json\/wp\/v2\/users\/58"}],"replies":[{"embeddable":true,"href":"https:\/\/www.organisator.ch\/de\/wp-json\/wp\/v2\/comments?post=21972"}],"version-history":[{"count":4,"href":"https:\/\/www.organisator.ch\/de\/wp-json\/wp\/v2\/posts\/21972\/revisions"}],"predecessor-version":[{"id":21982,"href":"https:\/\/www.organisator.ch\/de\/wp-json\/wp\/v2\/posts\/21972\/revisions\/21982"}],"wp:featuredmedia":[{"embeddable":true,"href":"https:\/\/www.organisator.ch\/de\/wp-json\/wp\/v2\/media\/21977"}],"wp:attachment":[{"href":"https:\/\/www.organisator.ch\/de\/wp-json\/wp\/v2\/media?parent=21972"}],"wp:term":[{"taxonomy":"category","embeddable":true,"href":"https:\/\/www.organisator.ch\/de\/wp-json\/wp\/v2\/categories?post=21972"},{"taxonomy":"post_tag","embeddable":true,"href":"https:\/\/www.organisator.ch\/de\/wp-json\/wp\/v2\/tags?post=21972"}],"curies":[{"name":"wp","href":"https:\/\/api.w.org\/{rel}","templated":true}]}}