{"id":22014,"date":"2023-10-02T08:04:33","date_gmt":"2023-10-02T06:04:33","guid":{"rendered":"https:\/\/www.organisator.ch\/?p=22014"},"modified":"2023-10-02T08:04:33","modified_gmt":"2023-10-02T06:04:33","slug":"ende-des-corona-booms-im-onlinehandel","status":"publish","type":"post","link":"https:\/\/www.organisator.ch\/de\/marketing\/2023-10-02\/ende-des-corona-booms-im-onlinehandel\/","title":{"rendered":"Ende des Corona-Booms im Onlinehandel"},"content":{"rendered":"<figure id=\"attachment_22016\" aria-describedby=\"caption-attachment-22016\" style=\"width: 680px\" class=\"wp-caption alignnone\"><img loading=\"lazy\" decoding=\"async\" class=\"size-full wp-image-22016\" src=\"https:\/\/www.organisator.ch\/wp-content\/uploads\/2023\/09\/Onlineumsatz_Bild1_ps.jpg\" alt=\"\" width=\"680\" height=\"434\" srcset=\"https:\/\/www.organisator.ch\/wp-content\/uploads\/2023\/09\/Onlineumsatz_Bild1_ps.jpg 680w, https:\/\/www.organisator.ch\/wp-content\/uploads\/2023\/09\/Onlineumsatz_Bild1_ps-18x12.jpg 18w, https:\/\/www.organisator.ch\/wp-content\/uploads\/2023\/09\/Onlineumsatz_Bild1_ps-375x239.jpg 375w, https:\/\/www.organisator.ch\/wp-content\/uploads\/2023\/09\/Onlineumsatz_Bild1_ps-548x350.jpg 548w\" sizes=\"auto, (max-width: 680px) 100vw, 680px\" \/><figcaption id=\"caption-attachment-22016\" class=\"wp-caption-text\">(Bild: www.zhaw.ch)<\/figcaption><\/figure>\n<p>Lange Zeit profitierte der Onlinehandel von der Coronapandemie. Nun aber ist der Umsatz bei der H\u00e4lfte der befragten Onlineshops im Jahr 2022 im Vorjahresvergleich zur\u00fcckgegangen und liegt auf dem Niveau von vor der Pandemie. Bei der anderen H\u00e4lfte geht das Wachstum \u2013 wenn auch abgeschw\u00e4cht \u2013 weiter. Neun von zehn Onlineshops in der Schweiz und \u00d6sterreich sagen jedoch, dass der Boom im Onlinehandel infolge von Corona-Massnahmen vorbei ist. Dies zeigt die aktuelle Onlineh\u00e4ndlerbefragung (2023) welche zum sechsten Mal in Folge durch die ZHAW School of Management and Law durchgef\u00fchrt wurde.<\/p>\n<figure id=\"attachment_22017\" aria-describedby=\"caption-attachment-22017\" style=\"width: 680px\" class=\"wp-caption alignnone\"><img loading=\"lazy\" decoding=\"async\" class=\"size-full wp-image-22017\" src=\"https:\/\/www.organisator.ch\/wp-content\/uploads\/2023\/09\/Umsatzrueckgang_Bild2_ps.jpg\" alt=\"\" width=\"680\" height=\"573\" srcset=\"https:\/\/www.organisator.ch\/wp-content\/uploads\/2023\/09\/Umsatzrueckgang_Bild2_ps.jpg 680w, https:\/\/www.organisator.ch\/wp-content\/uploads\/2023\/09\/Umsatzrueckgang_Bild2_ps-14x12.jpg 14w, https:\/\/www.organisator.ch\/wp-content\/uploads\/2023\/09\/Umsatzrueckgang_Bild2_ps-356x300.jpg 356w, https:\/\/www.organisator.ch\/wp-content\/uploads\/2023\/09\/Umsatzrueckgang_Bild2_ps-415x350.jpg 415w\" sizes=\"auto, (max-width: 680px) 100vw, 680px\" \/><figcaption id=\"caption-attachment-22017\" class=\"wp-caption-text\">(Bild: www.zhaw.ch)<\/figcaption><\/figure>\n<p><strong>Kaufkraft hat abgenommen<\/strong><\/p>\n<p>88 Prozent der H\u00e4ndler in der Umfrage sind sich einig: Der Corona-E-Commerce-Boom ist vorbei. 87 Prozent der Befragten teilen die Einsch\u00e4tzung, dass sich die Konsumentenstimmung, unter anderem durch den Ukraine-Krieg und die Angst vor einer Rezession, verschlechtert hat. Zwei Drittel gehen von einer gewachsenen Konkurrenz im Onlinegesch\u00e4ft aus. \u00abWir sehen in der Befragung auch, dass die Onlineh\u00e4ndler von einer verringerten Kaufkraft durch die Inflation ausgehen. Die Kundschaft gibt ihr Geld anderweitig aus, zum Beispiel f\u00fcr Reisen und Veranstaltungen. Einige H\u00e4ndler vermuten auch eine Verschiebung von online zu offline zum station\u00e4ren Handel\u00bb, erl\u00e4utert Darius Zumstein, Studienleiter und E-Commerce-Experte an der ZHAW School of Management and Law.<\/p>\n<figure id=\"attachment_22018\" aria-describedby=\"caption-attachment-22018\" style=\"width: 680px\" class=\"wp-caption alignnone\"><img loading=\"lazy\" decoding=\"async\" class=\"size-full wp-image-22018\" src=\"https:\/\/www.organisator.ch\/wp-content\/uploads\/2023\/09\/KI-Anwendungen_Bild3_ps.jpg\" alt=\"\" width=\"680\" height=\"557\" srcset=\"https:\/\/www.organisator.ch\/wp-content\/uploads\/2023\/09\/KI-Anwendungen_Bild3_ps.jpg 680w, https:\/\/www.organisator.ch\/wp-content\/uploads\/2023\/09\/KI-Anwendungen_Bild3_ps-15x12.jpg 15w, https:\/\/www.organisator.ch\/wp-content\/uploads\/2023\/09\/KI-Anwendungen_Bild3_ps-366x300.jpg 366w, https:\/\/www.organisator.ch\/wp-content\/uploads\/2023\/09\/KI-Anwendungen_Bild3_ps-427x350.jpg 427w\" sizes=\"auto, (max-width: 680px) 100vw, 680px\" \/><figcaption id=\"caption-attachment-22018\" class=\"wp-caption-text\">(Bild: www.zhaw.ch)<\/figcaption><\/figure>\n<p><strong>K\u00fcnstliche Intelligenz im E-Commerce<\/strong><\/p>\n<p>\u00abK\u00fcnstliche Intelligenz bietet den Onlineh\u00e4ndlern in vielen Bereichen des E-Commerce etliche Chancen, ihren Onlineshop effizienter und gewinnbringend zu gestalten\u00bb, so Darius Zumstein. Am h\u00e4ufigsten wird die K\u00fcnstliche Intelligenz oder Chat GPT f\u00fcr die Erstellung von Onlineshop-Texten und die Suchmaschinenoptimierung genutzt. Auch automatisierte Produkt- und Angebotsempfehlungen werden h\u00e4ufig genutzt.<\/p>\n<p>Im Kundenservice spielt K\u00fcnstliche Intelligenz mit Chatbots eine wichtige Rolle. Gut 15 Prozent der befragten Onlineh\u00e4ndler ist \u00fcberzeugt, dass sich dadurch die Personalisierung im Onlineshop weiter verbessern wird. \u00abK\u00fcnstliche Intelligenz kann nicht nur das Gesch\u00e4ft der Onlineh\u00e4ndler optimieren, sondern bietet gleichzeitig f\u00fcr die Kundschaft einen Mehrwert. So k\u00f6nnen beispielsweise Kleider oder Schuhe dank Augmented Reality virtuell anprobiert werden\u00bb, sagt Zumstein.\u00a0Bild 3<\/p>\n<p><strong>Umk\u00e4mpfter Markt und Fachkr\u00e4ftemangel<\/strong><\/p>\n<p>Die gr\u00f6ssten Herausforderungen im E-Commerce liegen in den kompetitiven M\u00e4rkten sowie durch steigende Komplexit\u00e4t und hohe Kosten im Marketing bei knappen Budgets. So Bei der H\u00e4lfte der befragten E-Commerce-Unternehmen das qualifizierte Personal und Expertenwissen. Dies f\u00fchrt unter anderem dazu, dass die Onlineshops nicht so schnell wie gew\u00fcnscht technisch weiterentwickelt werden k\u00f6nnen oder die Akquise und Beratung der Kundschaft nur reduziert stattfinden kann.<\/p>\n<figure id=\"attachment_22019\" aria-describedby=\"caption-attachment-22019\" style=\"width: 680px\" class=\"wp-caption alignnone\"><img loading=\"lazy\" decoding=\"async\" class=\"size-full wp-image-22019\" src=\"https:\/\/www.organisator.ch\/wp-content\/uploads\/2023\/09\/E-Payment_Bild4_ps.jpg\" alt=\"\" width=\"680\" height=\"700\" srcset=\"https:\/\/www.organisator.ch\/wp-content\/uploads\/2023\/09\/E-Payment_Bild4_ps.jpg 680w, https:\/\/www.organisator.ch\/wp-content\/uploads\/2023\/09\/E-Payment_Bild4_ps-12x12.jpg 12w, https:\/\/www.organisator.ch\/wp-content\/uploads\/2023\/09\/E-Payment_Bild4_ps-291x300.jpg 291w, https:\/\/www.organisator.ch\/wp-content\/uploads\/2023\/09\/E-Payment_Bild4_ps-340x350.jpg 340w\" sizes=\"auto, (max-width: 680px) 100vw, 680px\" \/><figcaption id=\"caption-attachment-22019\" class=\"wp-caption-text\">(Bild: www.zhaw.ch)<\/figcaption><\/figure>\n<p><strong>TWINT weiter auf dem Vormarsch<\/strong><\/p>\n<p>Mobile Payment, das Bezahlen mit Smartphones oder -watches, wird auch im Onlinehandel zunehmend wichtiger und ver\u00e4ndert die Pr\u00e4ferenzen bei den Zahlungsoptionen. Bei den Schweizer Onlineh\u00e4ndlern wurde die Bezahlung via TWINT wichtiger als der Verkauf auf Rechnung und z\u00e4hlt damit hinter der Kreditkarte zum zweitwichtigsten Zahlungsmittel. Apple Pay und Google Pay wachsen zudem auf tiefem Niveau rasant.\u00a0Bild 4<\/p>\n<p><em>Quelle: <a href=\"http:\/\/www.zhaw.ch\">www.zhaw.ch<\/a><\/em><\/p>\n","protected":false},"excerpt":{"rendered":"<p>Der Boom im Onlinehandel infolge von Corona-Massnahmen ist vorbei, zeigt die aktuelle Onlineh\u00e4ndlerbefragung der ZHAW. Die gr\u00f6ssten Herausforderungen im E-Commerce liegen derzeit in der gewachsenen Konkurrenz und Engp\u00e4ssen beim Personal. K\u00fcnstliche Intelligenz spielt grosse Rolle. <\/p>\n","protected":false},"author":58,"featured_media":22016,"comment_status":"closed","ping_status":"closed","sticky":false,"template":"","format":"standard","meta":{"_acf_changed":false,"_yoast_wpseo_focuskw":"Onlinehandel","_yoast_wpseo_metadesc":"Der Boom im Onlinehandel infolge von Corona-Massnahmen ist vorbei, zeigt die aktuelle Onlineh\u00e4ndlerbefragung der ZHAW.","articlekey":"","footnotes":""},"categories":[29],"tags":[156,163,339,2807,459,487],"class_list":["post-22014","post","type-post","status-publish","format-standard","has-post-thumbnail","hentry","category-marketing","tag-digitalisierung","tag-e-commerce","tag-marketing","tag-onlinehandel","tag-studie","tag-umfrage"],"acf":[],"yoast_head":"<!-- This site is optimized with the Yoast SEO plugin v27.4 - https:\/\/yoast.com\/product\/yoast-seo-wordpress\/ -->\n<title>Ende des Corona-Booms im Onlinehandel - Organisator<\/title>\n<meta name=\"description\" content=\"Der Boom im Onlinehandel infolge von Corona-Massnahmen ist vorbei, zeigt die aktuelle Onlineh\u00e4ndlerbefragung der ZHAW.\" \/>\n<meta name=\"robots\" content=\"index, follow, max-snippet:-1, max-image-preview:large, max-video-preview:-1\" \/>\n<link rel=\"canonical\" href=\"https:\/\/www.organisator.ch\/de\/marketing\/2023-10-02\/ende-des-corona-booms-im-onlinehandel\/\" \/>\n<meta property=\"og:locale\" content=\"de_DE\" \/>\n<meta property=\"og:type\" content=\"article\" \/>\n<meta property=\"og:title\" content=\"Ende des Corona-Booms im Onlinehandel\" \/>\n<meta property=\"og:description\" content=\"Der Boom im Onlinehandel infolge von Corona-Massnahmen ist vorbei, zeigt die aktuelle Onlineh\u00e4ndlerbefragung der ZHAW.\" \/>\n<meta property=\"og:url\" content=\"https:\/\/www.organisator.ch\/de\/marketing\/2023-10-02\/ende-des-corona-booms-im-onlinehandel\/\" \/>\n<meta property=\"og:site_name\" content=\"Organisator\" \/>\n<meta property=\"article:publisher\" content=\"https:\/\/www.facebook.com\/OrganisatorFachmagazin\" \/>\n<meta property=\"article:published_time\" content=\"2023-10-02T06:04:33+00:00\" \/>\n<meta property=\"og:image\" content=\"https:\/\/www.organisator.ch\/wp-content\/uploads\/2023\/09\/Onlineumsatz_Bild1_ps.jpg\" \/>\n\t<meta property=\"og:image:width\" content=\"680\" \/>\n\t<meta property=\"og:image:height\" content=\"434\" \/>\n\t<meta property=\"og:image:type\" content=\"image\/jpeg\" \/>\n<meta name=\"author\" content=\"Adelisa Kalajdzini\" \/>\n<meta name=\"twitter:card\" content=\"summary_large_image\" \/>\n<meta name=\"twitter:title\" content=\"Ende des #Corona-Booms im #Onlinehandel\" \/>\n<meta name=\"twitter:description\" content=\"Der Boom im #Onlinehandel infolge von #Corona-Massnahmen ist vorbei, zeigt die aktuelle Onlineh\u00e4ndlerbefragung der #ZHAW.\" \/>\n<meta name=\"twitter:image\" content=\"https:\/\/www.organisator.ch\/wp-content\/uploads\/2023\/09\/Onlineumsatz_Bild1_ps.jpg\" \/>\n<script type=\"application\/ld+json\" class=\"yoast-schema-graph\">{\"@context\":\"https:\\\/\\\/schema.org\",\"@graph\":[{\"@type\":\"Article\",\"@id\":\"https:\\\/\\\/www.organisator.ch\\\/marketing\\\/2023-10-02\\\/ende-des-corona-booms-im-onlinehandel\\\/#article\",\"isPartOf\":{\"@id\":\"https:\\\/\\\/www.organisator.ch\\\/marketing\\\/2023-10-02\\\/ende-des-corona-booms-im-onlinehandel\\\/\"},\"author\":{\"name\":\"Adelisa Kalajdzini\",\"@id\":\"https:\\\/\\\/www.organisator.ch\\\/#\\\/schema\\\/person\\\/2e1314a2172123f874db408d8911d3f3\"},\"headline\":\"Ende des Corona-Booms im Onlinehandel\",\"datePublished\":\"2023-10-02T06:04:33+00:00\",\"mainEntityOfPage\":{\"@id\":\"https:\\\/\\\/www.organisator.ch\\\/marketing\\\/2023-10-02\\\/ende-des-corona-booms-im-onlinehandel\\\/\"},\"wordCount\":526,\"publisher\":{\"@id\":\"https:\\\/\\\/www.organisator.ch\\\/#organization\"},\"image\":{\"@id\":\"https:\\\/\\\/www.organisator.ch\\\/marketing\\\/2023-10-02\\\/ende-des-corona-booms-im-onlinehandel\\\/#primaryimage\"},\"thumbnailUrl\":\"https:\\\/\\\/www.organisator.ch\\\/wp-content\\\/uploads\\\/2023\\\/09\\\/Onlineumsatz_Bild1_ps.jpg\",\"keywords\":[\"Digitalisierung\",\"E-Commerce\",\"Marketing\",\"Onlinehandel\",\"Studie\",\"Umfrage\"],\"articleSection\":[\"MARKETING\"],\"inLanguage\":\"de\"},{\"@type\":\"WebPage\",\"@id\":\"https:\\\/\\\/www.organisator.ch\\\/marketing\\\/2023-10-02\\\/ende-des-corona-booms-im-onlinehandel\\\/\",\"url\":\"https:\\\/\\\/www.organisator.ch\\\/marketing\\\/2023-10-02\\\/ende-des-corona-booms-im-onlinehandel\\\/\",\"name\":\"Ende des Corona-Booms im Onlinehandel - Organisator\",\"isPartOf\":{\"@id\":\"https:\\\/\\\/www.organisator.ch\\\/#website\"},\"primaryImageOfPage\":{\"@id\":\"https:\\\/\\\/www.organisator.ch\\\/marketing\\\/2023-10-02\\\/ende-des-corona-booms-im-onlinehandel\\\/#primaryimage\"},\"image\":{\"@id\":\"https:\\\/\\\/www.organisator.ch\\\/marketing\\\/2023-10-02\\\/ende-des-corona-booms-im-onlinehandel\\\/#primaryimage\"},\"thumbnailUrl\":\"https:\\\/\\\/www.organisator.ch\\\/wp-content\\\/uploads\\\/2023\\\/09\\\/Onlineumsatz_Bild1_ps.jpg\",\"datePublished\":\"2023-10-02T06:04:33+00:00\",\"description\":\"Der Boom im Onlinehandel infolge von Corona-Massnahmen ist vorbei, zeigt die aktuelle Onlineh\u00e4ndlerbefragung der ZHAW.\",\"breadcrumb\":{\"@id\":\"https:\\\/\\\/www.organisator.ch\\\/marketing\\\/2023-10-02\\\/ende-des-corona-booms-im-onlinehandel\\\/#breadcrumb\"},\"inLanguage\":\"de\",\"potentialAction\":[{\"@type\":\"ReadAction\",\"target\":[\"https:\\\/\\\/www.organisator.ch\\\/marketing\\\/2023-10-02\\\/ende-des-corona-booms-im-onlinehandel\\\/\"]}]},{\"@type\":\"ImageObject\",\"inLanguage\":\"de\",\"@id\":\"https:\\\/\\\/www.organisator.ch\\\/marketing\\\/2023-10-02\\\/ende-des-corona-booms-im-onlinehandel\\\/#primaryimage\",\"url\":\"https:\\\/\\\/www.organisator.ch\\\/wp-content\\\/uploads\\\/2023\\\/09\\\/Onlineumsatz_Bild1_ps.jpg\",\"contentUrl\":\"https:\\\/\\\/www.organisator.ch\\\/wp-content\\\/uploads\\\/2023\\\/09\\\/Onlineumsatz_Bild1_ps.jpg\",\"width\":680,\"height\":434,\"caption\":\"(Bild: www.zhaw.ch)\"},{\"@type\":\"BreadcrumbList\",\"@id\":\"https:\\\/\\\/www.organisator.ch\\\/marketing\\\/2023-10-02\\\/ende-des-corona-booms-im-onlinehandel\\\/#breadcrumb\",\"itemListElement\":[{\"@type\":\"ListItem\",\"position\":1,\"name\":\"Home\",\"item\":\"https:\\\/\\\/www.organisator.ch\\\/\"},{\"@type\":\"ListItem\",\"position\":2,\"name\":\"Ende des Corona-Booms im Onlinehandel\"}]},{\"@type\":\"WebSite\",\"@id\":\"https:\\\/\\\/www.organisator.ch\\\/#website\",\"url\":\"https:\\\/\\\/www.organisator.ch\\\/\",\"name\":\"Organisator\",\"description\":\"Kompetent. Praxisnah. Der ORGANISATOR bereitet in 10 Ausgaben pro Jahr die wesentlichen Themen f\u00fcr F\u00fchrungskr\u00e4fte von KMU auf.\",\"publisher\":{\"@id\":\"https:\\\/\\\/www.organisator.ch\\\/#organization\"},\"potentialAction\":[{\"@type\":\"SearchAction\",\"target\":{\"@type\":\"EntryPoint\",\"urlTemplate\":\"https:\\\/\\\/www.organisator.ch\\\/?s={search_term_string}\"},\"query-input\":{\"@type\":\"PropertyValueSpecification\",\"valueRequired\":true,\"valueName\":\"search_term_string\"}}],\"inLanguage\":\"de\"},{\"@type\":\"Organization\",\"@id\":\"https:\\\/\\\/www.organisator.ch\\\/#organization\",\"name\":\"Organisator\",\"url\":\"https:\\\/\\\/www.organisator.ch\\\/\",\"logo\":{\"@type\":\"ImageObject\",\"inLanguage\":\"de\",\"@id\":\"https:\\\/\\\/www.organisator.ch\\\/#\\\/schema\\\/logo\\\/image\\\/\",\"url\":\"https:\\\/\\\/www.organisator.ch\\\/wp-content\\\/uploads\\\/2022\\\/01\\\/Logo_Organisator_Website.png\",\"contentUrl\":\"https:\\\/\\\/www.organisator.ch\\\/wp-content\\\/uploads\\\/2022\\\/01\\\/Logo_Organisator_Website.png\",\"width\":800,\"height\":77,\"caption\":\"Organisator\"},\"image\":{\"@id\":\"https:\\\/\\\/www.organisator.ch\\\/#\\\/schema\\\/logo\\\/image\\\/\"},\"sameAs\":[\"https:\\\/\\\/www.facebook.com\\\/OrganisatorFachmagazin\",\"https:\\\/\\\/www.linkedin.com\\\/showcase\\\/organisator-das-magazin-fr-kmu\",\"https:\\\/\\\/www.xing.com\\\/news\\\/pages\\\/organisator-ch-695\",\"https:\\\/\\\/www.youtube.com\\\/channel\\\/UCGP2Sq0iWaZwT3BdIAQFYpw\"]},{\"@type\":\"Person\",\"@id\":\"https:\\\/\\\/www.organisator.ch\\\/#\\\/schema\\\/person\\\/2e1314a2172123f874db408d8911d3f3\",\"name\":\"Adelisa Kalajdzini\",\"image\":{\"@type\":\"ImageObject\",\"inLanguage\":\"de\",\"@id\":\"https:\\\/\\\/secure.gravatar.com\\\/avatar\\\/09a397c22ac58cad6f160ee8306348599df9df58a8ede73696226897b9fa4b24?s=96&d=mm&r=g\",\"url\":\"https:\\\/\\\/secure.gravatar.com\\\/avatar\\\/09a397c22ac58cad6f160ee8306348599df9df58a8ede73696226897b9fa4b24?s=96&d=mm&r=g\",\"contentUrl\":\"https:\\\/\\\/secure.gravatar.com\\\/avatar\\\/09a397c22ac58cad6f160ee8306348599df9df58a8ede73696226897b9fa4b24?s=96&d=mm&r=g\",\"caption\":\"Adelisa Kalajdzini\"},\"url\":\"https:\\\/\\\/www.organisator.ch\\\/de\\\/author\\\/adelisa-kalajdzini\\\/\"}]}<\/script>\n<!-- \/ Yoast SEO plugin. -->","yoast_head_json":{"title":"Ende des Corona-Booms im Onlinehandel - Organisator","description":"Der Boom im Onlinehandel infolge von Corona-Massnahmen ist vorbei, zeigt die aktuelle Onlineh\u00e4ndlerbefragung der ZHAW.","robots":{"index":"index","follow":"follow","max-snippet":"max-snippet:-1","max-image-preview":"max-image-preview:large","max-video-preview":"max-video-preview:-1"},"canonical":"https:\/\/www.organisator.ch\/de\/marketing\/2023-10-02\/ende-des-corona-booms-im-onlinehandel\/","og_locale":"de_DE","og_type":"article","og_title":"Ende des Corona-Booms im Onlinehandel","og_description":"Der Boom im Onlinehandel infolge von Corona-Massnahmen ist vorbei, zeigt die aktuelle Onlineh\u00e4ndlerbefragung der ZHAW.","og_url":"https:\/\/www.organisator.ch\/de\/marketing\/2023-10-02\/ende-des-corona-booms-im-onlinehandel\/","og_site_name":"Organisator","article_publisher":"https:\/\/www.facebook.com\/OrganisatorFachmagazin","article_published_time":"2023-10-02T06:04:33+00:00","og_image":[{"width":680,"height":434,"url":"https:\/\/www.organisator.ch\/wp-content\/uploads\/2023\/09\/Onlineumsatz_Bild1_ps.jpg","type":"image\/jpeg"}],"author":"Adelisa Kalajdzini","twitter_card":"summary_large_image","twitter_title":"Ende des #Corona-Booms im #Onlinehandel","twitter_description":"Der Boom im #Onlinehandel infolge von #Corona-Massnahmen ist vorbei, zeigt die aktuelle Onlineh\u00e4ndlerbefragung der #ZHAW.","twitter_image":"https:\/\/www.organisator.ch\/wp-content\/uploads\/2023\/09\/Onlineumsatz_Bild1_ps.jpg","schema":{"@context":"https:\/\/schema.org","@graph":[{"@type":"Article","@id":"https:\/\/www.organisator.ch\/marketing\/2023-10-02\/ende-des-corona-booms-im-onlinehandel\/#article","isPartOf":{"@id":"https:\/\/www.organisator.ch\/marketing\/2023-10-02\/ende-des-corona-booms-im-onlinehandel\/"},"author":{"name":"Adelisa Kalajdzini","@id":"https:\/\/www.organisator.ch\/#\/schema\/person\/2e1314a2172123f874db408d8911d3f3"},"headline":"Ende des Corona-Booms im Onlinehandel","datePublished":"2023-10-02T06:04:33+00:00","mainEntityOfPage":{"@id":"https:\/\/www.organisator.ch\/marketing\/2023-10-02\/ende-des-corona-booms-im-onlinehandel\/"},"wordCount":526,"publisher":{"@id":"https:\/\/www.organisator.ch\/#organization"},"image":{"@id":"https:\/\/www.organisator.ch\/marketing\/2023-10-02\/ende-des-corona-booms-im-onlinehandel\/#primaryimage"},"thumbnailUrl":"https:\/\/www.organisator.ch\/wp-content\/uploads\/2023\/09\/Onlineumsatz_Bild1_ps.jpg","keywords":["Digitalisierung","E-Commerce","Marketing","Onlinehandel","Studie","Umfrage"],"articleSection":["MARKETING"],"inLanguage":"de"},{"@type":"WebPage","@id":"https:\/\/www.organisator.ch\/marketing\/2023-10-02\/ende-des-corona-booms-im-onlinehandel\/","url":"https:\/\/www.organisator.ch\/marketing\/2023-10-02\/ende-des-corona-booms-im-onlinehandel\/","name":"Ende des Corona-Booms im Onlinehandel - Organisator","isPartOf":{"@id":"https:\/\/www.organisator.ch\/#website"},"primaryImageOfPage":{"@id":"https:\/\/www.organisator.ch\/marketing\/2023-10-02\/ende-des-corona-booms-im-onlinehandel\/#primaryimage"},"image":{"@id":"https:\/\/www.organisator.ch\/marketing\/2023-10-02\/ende-des-corona-booms-im-onlinehandel\/#primaryimage"},"thumbnailUrl":"https:\/\/www.organisator.ch\/wp-content\/uploads\/2023\/09\/Onlineumsatz_Bild1_ps.jpg","datePublished":"2023-10-02T06:04:33+00:00","description":"Der Boom im Onlinehandel infolge von Corona-Massnahmen ist vorbei, zeigt die aktuelle Onlineh\u00e4ndlerbefragung der ZHAW.","breadcrumb":{"@id":"https:\/\/www.organisator.ch\/marketing\/2023-10-02\/ende-des-corona-booms-im-onlinehandel\/#breadcrumb"},"inLanguage":"de","potentialAction":[{"@type":"ReadAction","target":["https:\/\/www.organisator.ch\/marketing\/2023-10-02\/ende-des-corona-booms-im-onlinehandel\/"]}]},{"@type":"ImageObject","inLanguage":"de","@id":"https:\/\/www.organisator.ch\/marketing\/2023-10-02\/ende-des-corona-booms-im-onlinehandel\/#primaryimage","url":"https:\/\/www.organisator.ch\/wp-content\/uploads\/2023\/09\/Onlineumsatz_Bild1_ps.jpg","contentUrl":"https:\/\/www.organisator.ch\/wp-content\/uploads\/2023\/09\/Onlineumsatz_Bild1_ps.jpg","width":680,"height":434,"caption":"(Bild: www.zhaw.ch)"},{"@type":"BreadcrumbList","@id":"https:\/\/www.organisator.ch\/marketing\/2023-10-02\/ende-des-corona-booms-im-onlinehandel\/#breadcrumb","itemListElement":[{"@type":"ListItem","position":1,"name":"Home","item":"https:\/\/www.organisator.ch\/"},{"@type":"ListItem","position":2,"name":"Ende des Corona-Booms im Onlinehandel"}]},{"@type":"WebSite","@id":"https:\/\/www.organisator.ch\/#website","url":"https:\/\/www.organisator.ch\/","name":"Organisator","description":"Kompetent. Praxisnah. Der ORGANISATOR bereitet in 10 Ausgaben pro Jahr die wesentlichen Themen f\u00fcr F\u00fchrungskr\u00e4fte von KMU auf.","publisher":{"@id":"https:\/\/www.organisator.ch\/#organization"},"potentialAction":[{"@type":"SearchAction","target":{"@type":"EntryPoint","urlTemplate":"https:\/\/www.organisator.ch\/?s={search_term_string}"},"query-input":{"@type":"PropertyValueSpecification","valueRequired":true,"valueName":"search_term_string"}}],"inLanguage":"de"},{"@type":"Organization","@id":"https:\/\/www.organisator.ch\/#organization","name":"Organisator","url":"https:\/\/www.organisator.ch\/","logo":{"@type":"ImageObject","inLanguage":"de","@id":"https:\/\/www.organisator.ch\/#\/schema\/logo\/image\/","url":"https:\/\/www.organisator.ch\/wp-content\/uploads\/2022\/01\/Logo_Organisator_Website.png","contentUrl":"https:\/\/www.organisator.ch\/wp-content\/uploads\/2022\/01\/Logo_Organisator_Website.png","width":800,"height":77,"caption":"Organisator"},"image":{"@id":"https:\/\/www.organisator.ch\/#\/schema\/logo\/image\/"},"sameAs":["https:\/\/www.facebook.com\/OrganisatorFachmagazin","https:\/\/www.linkedin.com\/showcase\/organisator-das-magazin-fr-kmu","https:\/\/www.xing.com\/news\/pages\/organisator-ch-695","https:\/\/www.youtube.com\/channel\/UCGP2Sq0iWaZwT3BdIAQFYpw"]},{"@type":"Person","@id":"https:\/\/www.organisator.ch\/#\/schema\/person\/2e1314a2172123f874db408d8911d3f3","name":"Adelisa Kalajdzini","image":{"@type":"ImageObject","inLanguage":"de","@id":"https:\/\/secure.gravatar.com\/avatar\/09a397c22ac58cad6f160ee8306348599df9df58a8ede73696226897b9fa4b24?s=96&d=mm&r=g","url":"https:\/\/secure.gravatar.com\/avatar\/09a397c22ac58cad6f160ee8306348599df9df58a8ede73696226897b9fa4b24?s=96&d=mm&r=g","contentUrl":"https:\/\/secure.gravatar.com\/avatar\/09a397c22ac58cad6f160ee8306348599df9df58a8ede73696226897b9fa4b24?s=96&d=mm&r=g","caption":"Adelisa Kalajdzini"},"url":"https:\/\/www.organisator.ch\/de\/author\/adelisa-kalajdzini\/"}]}},"_links":{"self":[{"href":"https:\/\/www.organisator.ch\/de\/wp-json\/wp\/v2\/posts\/22014","targetHints":{"allow":["GET"]}}],"collection":[{"href":"https:\/\/www.organisator.ch\/de\/wp-json\/wp\/v2\/posts"}],"about":[{"href":"https:\/\/www.organisator.ch\/de\/wp-json\/wp\/v2\/types\/post"}],"author":[{"embeddable":true,"href":"https:\/\/www.organisator.ch\/de\/wp-json\/wp\/v2\/users\/58"}],"replies":[{"embeddable":true,"href":"https:\/\/www.organisator.ch\/de\/wp-json\/wp\/v2\/comments?post=22014"}],"version-history":[{"count":3,"href":"https:\/\/www.organisator.ch\/de\/wp-json\/wp\/v2\/posts\/22014\/revisions"}],"predecessor-version":[{"id":22074,"href":"https:\/\/www.organisator.ch\/de\/wp-json\/wp\/v2\/posts\/22014\/revisions\/22074"}],"wp:featuredmedia":[{"embeddable":true,"href":"https:\/\/www.organisator.ch\/de\/wp-json\/wp\/v2\/media\/22016"}],"wp:attachment":[{"href":"https:\/\/www.organisator.ch\/de\/wp-json\/wp\/v2\/media?parent=22014"}],"wp:term":[{"taxonomy":"category","embeddable":true,"href":"https:\/\/www.organisator.ch\/de\/wp-json\/wp\/v2\/categories?post=22014"},{"taxonomy":"post_tag","embeddable":true,"href":"https:\/\/www.organisator.ch\/de\/wp-json\/wp\/v2\/tags?post=22014"}],"curies":[{"name":"wp","href":"https:\/\/api.w.org\/{rel}","templated":true}]}}