{"id":22101,"date":"2023-10-04T07:51:45","date_gmt":"2023-10-04T05:51:45","guid":{"rendered":"https:\/\/www.organisator.ch\/?p=22101"},"modified":"2023-10-04T07:51:45","modified_gmt":"2023-10-04T05:51:45","slug":"marktlink-neuer-standort-in-zuerich","status":"publish","type":"post","link":"https:\/\/www.organisator.ch\/de\/management\/2023-10-04\/marktlink-neuer-standort-in-zuerich\/","title":{"rendered":"Marktlink: Neuer Standort in Z\u00fcrich"},"content":{"rendered":"<figure id=\"attachment_22104\" aria-describedby=\"caption-attachment-22104\" style=\"width: 680px\" class=\"wp-caption alignnone\"><img loading=\"lazy\" decoding=\"async\" class=\"size-medium wp-image-22104\" src=\"https:\/\/www.organisator.ch\/wp-content\/uploads\/2023\/10\/02_Marc-Reinhardt_Tim-van-der-Meer-680x453.jpg\" alt=\"\" width=\"680\" height=\"453\" srcset=\"https:\/\/www.organisator.ch\/wp-content\/uploads\/2023\/10\/02_Marc-Reinhardt_Tim-van-der-Meer-680x453.jpg 680w, https:\/\/www.organisator.ch\/wp-content\/uploads\/2023\/10\/02_Marc-Reinhardt_Tim-van-der-Meer-1024x683.jpg 1024w, https:\/\/www.organisator.ch\/wp-content\/uploads\/2023\/10\/02_Marc-Reinhardt_Tim-van-der-Meer-768x512.jpg 768w, https:\/\/www.organisator.ch\/wp-content\/uploads\/2023\/10\/02_Marc-Reinhardt_Tim-van-der-Meer-18x12.jpg 18w, https:\/\/www.organisator.ch\/wp-content\/uploads\/2023\/10\/02_Marc-Reinhardt_Tim-van-der-Meer-375x250.jpg 375w, https:\/\/www.organisator.ch\/wp-content\/uploads\/2023\/10\/02_Marc-Reinhardt_Tim-van-der-Meer-525x350.jpg 525w, https:\/\/www.organisator.ch\/wp-content\/uploads\/2023\/10\/02_Marc-Reinhardt_Tim-van-der-Meer-1000x667.jpg 1000w, https:\/\/www.organisator.ch\/wp-content\/uploads\/2023\/10\/02_Marc-Reinhardt_Tim-van-der-Meer.jpg 1200w\" sizes=\"auto, (max-width: 680px) 100vw, 680px\" \/><figcaption id=\"caption-attachment-22104\" class=\"wp-caption-text\">Marc Reinhardt und Tim van der Meer &#8211; Managing Partner Marktlink Group. (Bild: www.marktlink.com)<\/figcaption><\/figure>\n<p>Der Standort Z\u00fcrich ist f\u00fcr die M&amp;A-Beratungsfirma Marktlink das Tor in das KMU-Land Schweiz. Der neue Standort deckt nicht nur die f\u00fcr die gesamte Schweiz \u00f6konomisch bedeutende Metropolregion Z\u00fcrich ab, er stellt auch die N\u00e4he und Anbindung zu den wichtigen Wirtschaftsregionen Espace Mittelland, Nordwest-, Ost- und Zentralschweiz sicher. F\u00fcr den Ausbau der Pr\u00e4senz in der Schweiz konnte Marktlink Marc Reinhardt gewinnen, der \u00fcber 20 Jahre Erfahrung als M&amp;A-Berater verf\u00fcgt, unter anderem bei EY und zuletzt bei Mazars als Partner und Leiter f\u00fcr den Bereich Corporate Finance\/Financial Advisory Services.<\/p>\n<h3>Internationale Transaktionen f\u00fcr Schweizer KMU<\/h3>\n<p>\u00abZ\u00fcrich als neuer Standort l\u00e4sst unsere St\u00e4rken ideal zur Geltung kommen: fokussiertes KMU-Knowhow und ein umfassendes internationales Netzwerk. Die Schweiz ist eines der weltweit attraktivsten L\u00e4nder f\u00fcr den Mittelstand und ihre Unternehmer. Z\u00fcrich fungiert neben der eigenen wirtschaftlichen St\u00e4rke als Br\u00fccke ins nahe Ausland. Wir wissen zudem, dass viele Entrepreneurs ihr Unternehmen ver\u00e4ussern wollen, aber nur, wenn sie eine faire Marktbewertung erhalten. Marktlink bietet ihnen eine internationale Perspektive, welche in dieser Hinsicht oft von Vorteil ist. Andererseits sehen wir bei unseren bestehenden Kunden bereits Interesse am Schweizer Markt\u00bb, so Standortleiter Marc Reinhardt.<\/p>\n<p>Tim van der Meer, Managing Partner der Marktlink Group und verantwortlich f\u00fcr die internationale Entwicklung, f\u00fchrt aus: \u00abInternationale Transaktionen geh\u00f6ren mittlerweile zur Norm, und gerade in der Schweiz sind viele KMU t\u00e4tig, die in ihren M\u00e4rkten mit ihren Angeboten international f\u00fchrend sind. Wir k\u00f6nnen uns gl\u00fccklich sch\u00e4tzen, mit Marc einen unternehmerisch denkenden M&amp;A-Experten mit ausgewiesenem Track Record an Bord zu haben. So sind wir in der Lage, pers\u00f6nliche Kontakte und eine umfassende Datenbank mit internationalen K\u00e4ufern in die Projekte einzubringen. Unsere Kunden sch\u00e4tzen diese Optionen und unsere Multimarkt-Erfahrungen sehr.\u00bb<\/p>\n<h3><strong>Erfolgsquote von 95%<\/strong><\/h3>\n<p>Die Er\u00f6ffnung des B\u00fcros in Z\u00fcrich folgt auf das erfolgreichste Jahr in der Firmengeschichte von Marktlink. Mit 150 Transaktionen und 220 Mitarbeitenden erzielte das Unternehmen 2022 ein Rekordergebnis. Marktlink begleitet in der Regel Transaktionen im Wert zwischen CHF 5 und 250 Millionen. Die Erfolgsquote bei Abschl\u00fcssen liegt bei 95 Prozent nach Annahme eines Exklusiv-Mandats.<\/p>\n<p><em>Quelle:<\/em> <a href=\"https:\/\/www.marktlink.com\/de\/\">www.marktlink.com\u00a0<\/a><\/p>\n","protected":false},"excerpt":{"rendered":"<p>Marktlink ist ein unabh\u00e4ngiges und schnell wachsendes Beratungsunternehmen f\u00fcr Unternehmenstransaktionen im KMU-Segment. Mit dem Markteintritt in die Schweiz erweitert Marktlink seine internationale Pr\u00e4senz. Damit erhalten Unternehmer und Unternehmerinnen in der Schweiz Zugang zu ausgewiesenen Spezialisten f\u00fcr Unternehmensk\u00e4ufe und -verk\u00e4ufe sowie zum gr\u00f6ssten Netzwerk an potenziellen Investoren in Europa. Der neue Standort in Z\u00fcrich ist das zw\u00f6lfte Marktlink-B\u00fcro in Europa und neben M\u00fcnchen, D\u00fcsseldorf und Hamburg das vierte Standbein des Unternehmens im DACH-Raum. Marc Reinhardt wird neuer Managing Partner und Standortleiter Z\u00fcrich. <\/p>\n","protected":false},"author":58,"featured_media":22104,"comment_status":"closed","ping_status":"closed","sticky":false,"template":"","format":"standard","meta":{"_acf_changed":false,"_yoast_wpseo_focuskw":"Marktlink","_yoast_wpseo_metadesc":"Marktlink ist ein unabh\u00e4ngiges und schnell wachsendes Beratungsunternehmen f\u00fcr Unternehmenstransaktionen im KMU-Segment, auch in der Schweiz.","articlekey":"","footnotes":""},"categories":[28],"tags":[128,332,335,492],"class_list":["post-22101","post","type-post","status-publish","format-standard","has-post-thumbnail","hentry","category-management","tag-consulting","tag-ma","tag-management-und-unternehmensfuehrung","tag-unternehmen"],"acf":[],"yoast_head":"<!-- This site is optimized with the Yoast SEO plugin v27.5 - https:\/\/yoast.com\/product\/yoast-seo-wordpress\/ -->\n<title>Marktlink: Neuer Standort in Z\u00fcrich - Organisator<\/title>\n<meta name=\"description\" content=\"Marktlink ist ein unabh\u00e4ngiges und schnell wachsendes Beratungsunternehmen f\u00fcr Unternehmenstransaktionen im KMU-Segment, auch in der Schweiz.\" \/>\n<meta name=\"robots\" content=\"index, follow, max-snippet:-1, max-image-preview:large, max-video-preview:-1\" \/>\n<link rel=\"canonical\" href=\"https:\/\/www.organisator.ch\/de\/management\/2023-10-04\/marktlink-neuer-standort-in-zuerich\/\" \/>\n<meta property=\"og:locale\" content=\"de_DE\" \/>\n<meta property=\"og:type\" content=\"article\" \/>\n<meta property=\"og:title\" content=\"Marktlink: Neuer Standort in Z\u00fcrich\" \/>\n<meta property=\"og:description\" content=\"Marktlink ist ein unabh\u00e4ngiges und schnell wachsendes Beratungsunternehmen f\u00fcr Unternehmenstransaktionen im KMU-Segment, auch in der Schweiz.\" \/>\n<meta property=\"og:url\" content=\"https:\/\/www.organisator.ch\/de\/management\/2023-10-04\/marktlink-neuer-standort-in-zuerich\/\" \/>\n<meta property=\"og:site_name\" content=\"Organisator\" \/>\n<meta property=\"article:publisher\" content=\"https:\/\/www.facebook.com\/OrganisatorFachmagazin\" \/>\n<meta property=\"article:published_time\" content=\"2023-10-04T05:51:45+00:00\" \/>\n<meta property=\"og:image\" content=\"https:\/\/www.organisator.ch\/wp-content\/uploads\/2023\/10\/02_Marc-Reinhardt_Tim-van-der-Meer.jpg\" \/>\n\t<meta property=\"og:image:width\" content=\"1200\" \/>\n\t<meta property=\"og:image:height\" content=\"800\" \/>\n\t<meta property=\"og:image:type\" content=\"image\/jpeg\" \/>\n<meta name=\"author\" content=\"Adelisa Kalajdzini\" \/>\n<meta name=\"twitter:card\" content=\"summary_large_image\" \/>\n<meta name=\"twitter:title\" content=\"#Marktlink: Neuer Standort in Z\u00fcrich\" \/>\n<meta name=\"twitter:description\" content=\"#Marktlink ist ein unabh\u00e4ngiges und schnell wachsendes #Beratungsunternehmen f\u00fcr #Unternehmenstransaktionen im KMU-Segment, auch in der Schweiz.\" \/>\n<meta name=\"twitter:image\" content=\"https:\/\/www.organisator.ch\/wp-content\/uploads\/2023\/10\/02_Marc-Reinhardt_Tim-van-der-Meer.jpg\" \/>\n<script type=\"application\/ld+json\" class=\"yoast-schema-graph\">{\"@context\":\"https:\\\/\\\/schema.org\",\"@graph\":[{\"@type\":\"Article\",\"@id\":\"https:\\\/\\\/www.organisator.ch\\\/management\\\/2023-10-04\\\/marktlink-neuer-standort-in-zuerich\\\/#article\",\"isPartOf\":{\"@id\":\"https:\\\/\\\/www.organisator.ch\\\/management\\\/2023-10-04\\\/marktlink-neuer-standort-in-zuerich\\\/\"},\"author\":{\"name\":\"Adelisa Kalajdzini\",\"@id\":\"https:\\\/\\\/www.organisator.ch\\\/#\\\/schema\\\/person\\\/2e1314a2172123f874db408d8911d3f3\"},\"headline\":\"Marktlink: Neuer Standort in Z\u00fcrich\",\"datePublished\":\"2023-10-04T05:51:45+00:00\",\"mainEntityOfPage\":{\"@id\":\"https:\\\/\\\/www.organisator.ch\\\/management\\\/2023-10-04\\\/marktlink-neuer-standort-in-zuerich\\\/\"},\"wordCount\":398,\"publisher\":{\"@id\":\"https:\\\/\\\/www.organisator.ch\\\/#organization\"},\"image\":{\"@id\":\"https:\\\/\\\/www.organisator.ch\\\/management\\\/2023-10-04\\\/marktlink-neuer-standort-in-zuerich\\\/#primaryimage\"},\"thumbnailUrl\":\"https:\\\/\\\/www.organisator.ch\\\/wp-content\\\/uploads\\\/2023\\\/10\\\/02_Marc-Reinhardt_Tim-van-der-Meer.jpg\",\"keywords\":[\"Consulting\",\"M&amp;A\",\"Management und Unternehmensf\u00fchrung\",\"Unternehmen\"],\"articleSection\":[\"MANAGEMENT\"],\"inLanguage\":\"de\"},{\"@type\":\"WebPage\",\"@id\":\"https:\\\/\\\/www.organisator.ch\\\/management\\\/2023-10-04\\\/marktlink-neuer-standort-in-zuerich\\\/\",\"url\":\"https:\\\/\\\/www.organisator.ch\\\/management\\\/2023-10-04\\\/marktlink-neuer-standort-in-zuerich\\\/\",\"name\":\"Marktlink: Neuer Standort in Z\u00fcrich - Organisator\",\"isPartOf\":{\"@id\":\"https:\\\/\\\/www.organisator.ch\\\/#website\"},\"primaryImageOfPage\":{\"@id\":\"https:\\\/\\\/www.organisator.ch\\\/management\\\/2023-10-04\\\/marktlink-neuer-standort-in-zuerich\\\/#primaryimage\"},\"image\":{\"@id\":\"https:\\\/\\\/www.organisator.ch\\\/management\\\/2023-10-04\\\/marktlink-neuer-standort-in-zuerich\\\/#primaryimage\"},\"thumbnailUrl\":\"https:\\\/\\\/www.organisator.ch\\\/wp-content\\\/uploads\\\/2023\\\/10\\\/02_Marc-Reinhardt_Tim-van-der-Meer.jpg\",\"datePublished\":\"2023-10-04T05:51:45+00:00\",\"description\":\"Marktlink ist ein unabh\u00e4ngiges und schnell wachsendes Beratungsunternehmen f\u00fcr Unternehmenstransaktionen im KMU-Segment, auch in der Schweiz.\",\"breadcrumb\":{\"@id\":\"https:\\\/\\\/www.organisator.ch\\\/management\\\/2023-10-04\\\/marktlink-neuer-standort-in-zuerich\\\/#breadcrumb\"},\"inLanguage\":\"de\",\"potentialAction\":[{\"@type\":\"ReadAction\",\"target\":[\"https:\\\/\\\/www.organisator.ch\\\/management\\\/2023-10-04\\\/marktlink-neuer-standort-in-zuerich\\\/\"]}]},{\"@type\":\"ImageObject\",\"inLanguage\":\"de\",\"@id\":\"https:\\\/\\\/www.organisator.ch\\\/management\\\/2023-10-04\\\/marktlink-neuer-standort-in-zuerich\\\/#primaryimage\",\"url\":\"https:\\\/\\\/www.organisator.ch\\\/wp-content\\\/uploads\\\/2023\\\/10\\\/02_Marc-Reinhardt_Tim-van-der-Meer.jpg\",\"contentUrl\":\"https:\\\/\\\/www.organisator.ch\\\/wp-content\\\/uploads\\\/2023\\\/10\\\/02_Marc-Reinhardt_Tim-van-der-Meer.jpg\",\"width\":1200,\"height\":800,\"caption\":\"Marc Reinhardt und Tim van der Meer - Managing Partner Marktlink Group. (Bild: www.marktlink.com)\"},{\"@type\":\"BreadcrumbList\",\"@id\":\"https:\\\/\\\/www.organisator.ch\\\/management\\\/2023-10-04\\\/marktlink-neuer-standort-in-zuerich\\\/#breadcrumb\",\"itemListElement\":[{\"@type\":\"ListItem\",\"position\":1,\"name\":\"Home\",\"item\":\"https:\\\/\\\/www.organisator.ch\\\/\"},{\"@type\":\"ListItem\",\"position\":2,\"name\":\"Marktlink: Neuer Standort in Z\u00fcrich\"}]},{\"@type\":\"WebSite\",\"@id\":\"https:\\\/\\\/www.organisator.ch\\\/#website\",\"url\":\"https:\\\/\\\/www.organisator.ch\\\/\",\"name\":\"Organisator\",\"description\":\"Kompetent. Praxisnah. Der ORGANISATOR bereitet in 10 Ausgaben pro Jahr die wesentlichen Themen f\u00fcr F\u00fchrungskr\u00e4fte von KMU auf.\",\"publisher\":{\"@id\":\"https:\\\/\\\/www.organisator.ch\\\/#organization\"},\"potentialAction\":[{\"@type\":\"SearchAction\",\"target\":{\"@type\":\"EntryPoint\",\"urlTemplate\":\"https:\\\/\\\/www.organisator.ch\\\/?s={search_term_string}\"},\"query-input\":{\"@type\":\"PropertyValueSpecification\",\"valueRequired\":true,\"valueName\":\"search_term_string\"}}],\"inLanguage\":\"de\"},{\"@type\":\"Organization\",\"@id\":\"https:\\\/\\\/www.organisator.ch\\\/#organization\",\"name\":\"Organisator\",\"url\":\"https:\\\/\\\/www.organisator.ch\\\/\",\"logo\":{\"@type\":\"ImageObject\",\"inLanguage\":\"de\",\"@id\":\"https:\\\/\\\/www.organisator.ch\\\/#\\\/schema\\\/logo\\\/image\\\/\",\"url\":\"https:\\\/\\\/www.organisator.ch\\\/wp-content\\\/uploads\\\/2022\\\/01\\\/Logo_Organisator_Website.png\",\"contentUrl\":\"https:\\\/\\\/www.organisator.ch\\\/wp-content\\\/uploads\\\/2022\\\/01\\\/Logo_Organisator_Website.png\",\"width\":800,\"height\":77,\"caption\":\"Organisator\"},\"image\":{\"@id\":\"https:\\\/\\\/www.organisator.ch\\\/#\\\/schema\\\/logo\\\/image\\\/\"},\"sameAs\":[\"https:\\\/\\\/www.facebook.com\\\/OrganisatorFachmagazin\",\"https:\\\/\\\/www.linkedin.com\\\/showcase\\\/organisator-das-magazin-fr-kmu\",\"https:\\\/\\\/www.xing.com\\\/news\\\/pages\\\/organisator-ch-695\",\"https:\\\/\\\/www.youtube.com\\\/channel\\\/UCGP2Sq0iWaZwT3BdIAQFYpw\"]},{\"@type\":\"Person\",\"@id\":\"https:\\\/\\\/www.organisator.ch\\\/#\\\/schema\\\/person\\\/2e1314a2172123f874db408d8911d3f3\",\"name\":\"Adelisa Kalajdzini\",\"image\":{\"@type\":\"ImageObject\",\"inLanguage\":\"de\",\"@id\":\"https:\\\/\\\/secure.gravatar.com\\\/avatar\\\/09a397c22ac58cad6f160ee8306348599df9df58a8ede73696226897b9fa4b24?s=96&d=mm&r=g\",\"url\":\"https:\\\/\\\/secure.gravatar.com\\\/avatar\\\/09a397c22ac58cad6f160ee8306348599df9df58a8ede73696226897b9fa4b24?s=96&d=mm&r=g\",\"contentUrl\":\"https:\\\/\\\/secure.gravatar.com\\\/avatar\\\/09a397c22ac58cad6f160ee8306348599df9df58a8ede73696226897b9fa4b24?s=96&d=mm&r=g\",\"caption\":\"Adelisa Kalajdzini\"},\"url\":\"https:\\\/\\\/www.organisator.ch\\\/de\\\/author\\\/adelisa-kalajdzini\\\/\"}]}<\/script>\n<!-- \/ Yoast SEO plugin. -->","yoast_head_json":{"title":"Marktlink: Neuer Standort in Z\u00fcrich - Organisator","description":"Marktlink ist ein unabh\u00e4ngiges und schnell wachsendes Beratungsunternehmen f\u00fcr Unternehmenstransaktionen im KMU-Segment, auch in der Schweiz.","robots":{"index":"index","follow":"follow","max-snippet":"max-snippet:-1","max-image-preview":"max-image-preview:large","max-video-preview":"max-video-preview:-1"},"canonical":"https:\/\/www.organisator.ch\/de\/management\/2023-10-04\/marktlink-neuer-standort-in-zuerich\/","og_locale":"de_DE","og_type":"article","og_title":"Marktlink: Neuer Standort in Z\u00fcrich","og_description":"Marktlink ist ein unabh\u00e4ngiges und schnell wachsendes Beratungsunternehmen f\u00fcr Unternehmenstransaktionen im KMU-Segment, auch in der Schweiz.","og_url":"https:\/\/www.organisator.ch\/de\/management\/2023-10-04\/marktlink-neuer-standort-in-zuerich\/","og_site_name":"Organisator","article_publisher":"https:\/\/www.facebook.com\/OrganisatorFachmagazin","article_published_time":"2023-10-04T05:51:45+00:00","og_image":[{"width":1200,"height":800,"url":"https:\/\/www.organisator.ch\/wp-content\/uploads\/2023\/10\/02_Marc-Reinhardt_Tim-van-der-Meer.jpg","type":"image\/jpeg"}],"author":"Adelisa Kalajdzini","twitter_card":"summary_large_image","twitter_title":"#Marktlink: Neuer Standort in Z\u00fcrich","twitter_description":"#Marktlink ist ein unabh\u00e4ngiges und schnell wachsendes #Beratungsunternehmen f\u00fcr #Unternehmenstransaktionen im KMU-Segment, auch in der Schweiz.","twitter_image":"https:\/\/www.organisator.ch\/wp-content\/uploads\/2023\/10\/02_Marc-Reinhardt_Tim-van-der-Meer.jpg","schema":{"@context":"https:\/\/schema.org","@graph":[{"@type":"Article","@id":"https:\/\/www.organisator.ch\/management\/2023-10-04\/marktlink-neuer-standort-in-zuerich\/#article","isPartOf":{"@id":"https:\/\/www.organisator.ch\/management\/2023-10-04\/marktlink-neuer-standort-in-zuerich\/"},"author":{"name":"Adelisa Kalajdzini","@id":"https:\/\/www.organisator.ch\/#\/schema\/person\/2e1314a2172123f874db408d8911d3f3"},"headline":"Marktlink: Neuer Standort in Z\u00fcrich","datePublished":"2023-10-04T05:51:45+00:00","mainEntityOfPage":{"@id":"https:\/\/www.organisator.ch\/management\/2023-10-04\/marktlink-neuer-standort-in-zuerich\/"},"wordCount":398,"publisher":{"@id":"https:\/\/www.organisator.ch\/#organization"},"image":{"@id":"https:\/\/www.organisator.ch\/management\/2023-10-04\/marktlink-neuer-standort-in-zuerich\/#primaryimage"},"thumbnailUrl":"https:\/\/www.organisator.ch\/wp-content\/uploads\/2023\/10\/02_Marc-Reinhardt_Tim-van-der-Meer.jpg","keywords":["Consulting","M&amp;A","Management und Unternehmensf\u00fchrung","Unternehmen"],"articleSection":["MANAGEMENT"],"inLanguage":"de"},{"@type":"WebPage","@id":"https:\/\/www.organisator.ch\/management\/2023-10-04\/marktlink-neuer-standort-in-zuerich\/","url":"https:\/\/www.organisator.ch\/management\/2023-10-04\/marktlink-neuer-standort-in-zuerich\/","name":"Marktlink: Neuer Standort in Z\u00fcrich - Organisator","isPartOf":{"@id":"https:\/\/www.organisator.ch\/#website"},"primaryImageOfPage":{"@id":"https:\/\/www.organisator.ch\/management\/2023-10-04\/marktlink-neuer-standort-in-zuerich\/#primaryimage"},"image":{"@id":"https:\/\/www.organisator.ch\/management\/2023-10-04\/marktlink-neuer-standort-in-zuerich\/#primaryimage"},"thumbnailUrl":"https:\/\/www.organisator.ch\/wp-content\/uploads\/2023\/10\/02_Marc-Reinhardt_Tim-van-der-Meer.jpg","datePublished":"2023-10-04T05:51:45+00:00","description":"Marktlink ist ein unabh\u00e4ngiges und schnell wachsendes Beratungsunternehmen f\u00fcr Unternehmenstransaktionen im KMU-Segment, auch in der Schweiz.","breadcrumb":{"@id":"https:\/\/www.organisator.ch\/management\/2023-10-04\/marktlink-neuer-standort-in-zuerich\/#breadcrumb"},"inLanguage":"de","potentialAction":[{"@type":"ReadAction","target":["https:\/\/www.organisator.ch\/management\/2023-10-04\/marktlink-neuer-standort-in-zuerich\/"]}]},{"@type":"ImageObject","inLanguage":"de","@id":"https:\/\/www.organisator.ch\/management\/2023-10-04\/marktlink-neuer-standort-in-zuerich\/#primaryimage","url":"https:\/\/www.organisator.ch\/wp-content\/uploads\/2023\/10\/02_Marc-Reinhardt_Tim-van-der-Meer.jpg","contentUrl":"https:\/\/www.organisator.ch\/wp-content\/uploads\/2023\/10\/02_Marc-Reinhardt_Tim-van-der-Meer.jpg","width":1200,"height":800,"caption":"Marc Reinhardt und Tim van der Meer - Managing Partner Marktlink Group. (Bild: www.marktlink.com)"},{"@type":"BreadcrumbList","@id":"https:\/\/www.organisator.ch\/management\/2023-10-04\/marktlink-neuer-standort-in-zuerich\/#breadcrumb","itemListElement":[{"@type":"ListItem","position":1,"name":"Home","item":"https:\/\/www.organisator.ch\/"},{"@type":"ListItem","position":2,"name":"Marktlink: Neuer Standort in Z\u00fcrich"}]},{"@type":"WebSite","@id":"https:\/\/www.organisator.ch\/#website","url":"https:\/\/www.organisator.ch\/","name":"Organisator","description":"Kompetent. Praxisnah. Der ORGANISATOR bereitet in 10 Ausgaben pro Jahr die wesentlichen Themen f\u00fcr F\u00fchrungskr\u00e4fte von KMU auf.","publisher":{"@id":"https:\/\/www.organisator.ch\/#organization"},"potentialAction":[{"@type":"SearchAction","target":{"@type":"EntryPoint","urlTemplate":"https:\/\/www.organisator.ch\/?s={search_term_string}"},"query-input":{"@type":"PropertyValueSpecification","valueRequired":true,"valueName":"search_term_string"}}],"inLanguage":"de"},{"@type":"Organization","@id":"https:\/\/www.organisator.ch\/#organization","name":"Organisator","url":"https:\/\/www.organisator.ch\/","logo":{"@type":"ImageObject","inLanguage":"de","@id":"https:\/\/www.organisator.ch\/#\/schema\/logo\/image\/","url":"https:\/\/www.organisator.ch\/wp-content\/uploads\/2022\/01\/Logo_Organisator_Website.png","contentUrl":"https:\/\/www.organisator.ch\/wp-content\/uploads\/2022\/01\/Logo_Organisator_Website.png","width":800,"height":77,"caption":"Organisator"},"image":{"@id":"https:\/\/www.organisator.ch\/#\/schema\/logo\/image\/"},"sameAs":["https:\/\/www.facebook.com\/OrganisatorFachmagazin","https:\/\/www.linkedin.com\/showcase\/organisator-das-magazin-fr-kmu","https:\/\/www.xing.com\/news\/pages\/organisator-ch-695","https:\/\/www.youtube.com\/channel\/UCGP2Sq0iWaZwT3BdIAQFYpw"]},{"@type":"Person","@id":"https:\/\/www.organisator.ch\/#\/schema\/person\/2e1314a2172123f874db408d8911d3f3","name":"Adelisa Kalajdzini","image":{"@type":"ImageObject","inLanguage":"de","@id":"https:\/\/secure.gravatar.com\/avatar\/09a397c22ac58cad6f160ee8306348599df9df58a8ede73696226897b9fa4b24?s=96&d=mm&r=g","url":"https:\/\/secure.gravatar.com\/avatar\/09a397c22ac58cad6f160ee8306348599df9df58a8ede73696226897b9fa4b24?s=96&d=mm&r=g","contentUrl":"https:\/\/secure.gravatar.com\/avatar\/09a397c22ac58cad6f160ee8306348599df9df58a8ede73696226897b9fa4b24?s=96&d=mm&r=g","caption":"Adelisa Kalajdzini"},"url":"https:\/\/www.organisator.ch\/de\/author\/adelisa-kalajdzini\/"}]}},"_links":{"self":[{"href":"https:\/\/www.organisator.ch\/de\/wp-json\/wp\/v2\/posts\/22101","targetHints":{"allow":["GET"]}}],"collection":[{"href":"https:\/\/www.organisator.ch\/de\/wp-json\/wp\/v2\/posts"}],"about":[{"href":"https:\/\/www.organisator.ch\/de\/wp-json\/wp\/v2\/types\/post"}],"author":[{"embeddable":true,"href":"https:\/\/www.organisator.ch\/de\/wp-json\/wp\/v2\/users\/58"}],"replies":[{"embeddable":true,"href":"https:\/\/www.organisator.ch\/de\/wp-json\/wp\/v2\/comments?post=22101"}],"version-history":[{"count":6,"href":"https:\/\/www.organisator.ch\/de\/wp-json\/wp\/v2\/posts\/22101\/revisions"}],"predecessor-version":[{"id":22116,"href":"https:\/\/www.organisator.ch\/de\/wp-json\/wp\/v2\/posts\/22101\/revisions\/22116"}],"wp:featuredmedia":[{"embeddable":true,"href":"https:\/\/www.organisator.ch\/de\/wp-json\/wp\/v2\/media\/22104"}],"wp:attachment":[{"href":"https:\/\/www.organisator.ch\/de\/wp-json\/wp\/v2\/media?parent=22101"}],"wp:term":[{"taxonomy":"category","embeddable":true,"href":"https:\/\/www.organisator.ch\/de\/wp-json\/wp\/v2\/categories?post=22101"},{"taxonomy":"post_tag","embeddable":true,"href":"https:\/\/www.organisator.ch\/de\/wp-json\/wp\/v2\/tags?post=22101"}],"curies":[{"name":"wp","href":"https:\/\/api.w.org\/{rel}","templated":true}]}}