{"id":2211,"date":"2017-07-19T16:43:21","date_gmt":"2017-07-19T14:43:21","guid":{"rendered":"https:\/\/www.organisator.ch\/?p=2211"},"modified":"2017-07-19T16:43:21","modified_gmt":"2017-07-19T14:43:21","slug":"human-capital-trends-fuer-eine-digitalisierte-schweiz","status":"publish","type":"post","link":"https:\/\/www.organisator.ch\/de\/human-resources\/hrm\/2017-07-19\/human-capital-trends-fuer-eine-digitalisierte-schweiz\/","title":{"rendered":"Human Capital Trends f\u00fcr eine digitalisierte Schweiz"},"content":{"rendered":"<figure id=\"attachment_2212\" aria-describedby=\"caption-attachment-2212\" style=\"width: 640px\" class=\"wp-caption alignnone\"><img loading=\"lazy\" decoding=\"async\" class=\"size-full wp-image-2212\" src=\"https:\/\/www.organisator.ch\/wp-content\/uploads\/2017\/07\/Human-Capital-Trends-fuer-eine-digitalisierte-Schweiz-org-organisator.jpg\" alt=\"\" width=\"640\" height=\"419\" srcset=\"https:\/\/www.organisator.ch\/wp-content\/uploads\/2017\/07\/Human-Capital-Trends-fuer-eine-digitalisierte-Schweiz-org-organisator.jpg 640w, https:\/\/www.organisator.ch\/wp-content\/uploads\/2017\/07\/Human-Capital-Trends-fuer-eine-digitalisierte-Schweiz-org-organisator-16x10.jpg 16w, https:\/\/www.organisator.ch\/wp-content\/uploads\/2017\/07\/Human-Capital-Trends-fuer-eine-digitalisierte-Schweiz-org-organisator-267x175.jpg 267w, https:\/\/www.organisator.ch\/wp-content\/uploads\/2017\/07\/Human-Capital-Trends-fuer-eine-digitalisierte-Schweiz-org-organisator-535x350.jpg 535w, https:\/\/www.organisator.ch\/wp-content\/uploads\/2017\/07\/Human-Capital-Trends-fuer-eine-digitalisierte-Schweiz-org-organisator-300x196.jpg 300w\" sizes=\"auto, (max-width: 640px) 100vw, 640px\" \/><figcaption id=\"caption-attachment-2212\" class=\"wp-caption-text\">Personalleiter sind vielseitig gefordert, sie m\u00fcssen dem Unternehmen dabei helfen, digital zu sein, statt nur digitale Tools einzusetzen. (Bild: depositphotos_denismagil)<\/figcaption><\/figure>\n<p>Etliche Themen bez\u00fcglich digitalisierte Technologien erfordern eine Neudefinition der Regeln: Die Technik schreitet so schnell voran wie nie zuvor. Einzelpersonen passen sich relativ schnell an immer neue Innovationen an. Organisationen sind jedoch meistens langsamer. Viele verf\u00fcgen \u00fcber Strukturen des Industriezeitalters und setzen Praktiken ein, die vielleicht seit langem \u00fcberholt sind.<\/p>\n<p>Noch langsamer kommen Themen von \u00f6ffentlichem Belang voran, z.B. Einkommensungleichheit, Erwerbslosigkeit, Einwanderung und Handel.<\/p>\n<p>Gerade diese Gef\u00e4lle zwischen Technik, Einzelpersonen, Unternehmen und \u00f6ffentlicher Ordnung bietet eine einmalige Gelegenheit f\u00fcr den HR-Bereich, F\u00fchrungskr\u00e4fte und Organisationen dabei zu unterst\u00fctzen neue Technologien zu adaptieren, Mitarbeitern zu helfen, sich mit neuen Arbeits- und Karrieremodellen vertraut zu machen und dem Unternehmen als Ganzes zu helfen, sich an positive Ver\u00e4nderungen der Gesellschaft, Gesetzgebung und \u00f6ffentlichen Ordnung anzupassen und diese voranzutreiben.<\/p>\n<p><strong>Top Trends 2017 f\u00fcr die Schweiz<\/strong><\/p>\n<p>126 f\u00fchrende Schweizer Unternehmen haben die Human Capital Trends entsprechend der Bedeutung f\u00fcr ihre Organisation bewertet. Alle 10 Trends im Human Capital Report betreffen die Stellung des Personalwesens, wodurch sich also die ernste Frage stellt: Wie gut kann HR Schritt halten?<\/p>\n<p><strong>1.) The organization of the future: Arriving now<\/strong><\/p>\n<p>Organisationen digitalisieren sich immer mehr und f\u00fchlen sich in der Folge immer st\u00e4rker zu einer Neuausrichtung verpflichtet, um schneller zu sein, sich schneller anzupassen, schnell zu lernen und positiv auf die Nachfrage nach dynamischen Arbeitsangeboten zu reagieren. F\u00fchrende Unternehmen sind bereits auf dem Weg dazu, die Planungsphase hinter sich zu lassen und diese Neuorganisation aktiv zu gestalten.<\/p>\n<p><strong>2.)Talent acquisition: Enter the cognitive recruiter<\/strong><\/p>\n<p>Die Personalsuche wird zu einer digitalen Erfahrung, da Bewerber heute Nutzerfreundlichkeit und mobilen Kontakt erwarten. Erfahrene Talentsucher werden neue Technologien zur Talentakquise begr\u00fcssen, um psychologische und emotionale Verbindungen mit Bewerbern zu st\u00e4rken und die Unternehmensmarke kontinuierlich auszubauen.<\/p>\n<p><strong>3.) Careers and learning: Real time, all the time<\/strong><\/p>\n<p>Da Unternehmen die Organisation der Zukunft gestalten, ist ein kontinuierlicher Lernprozess f\u00fcr ihren Erfolg entscheidend. Die neuen Regeln erfordern eine Organisation, die Lernen und Entwicklung f\u00f6rdert und Wissen anbietet, das \u00fcber verschiedene mobile Plattformen st\u00e4ndig abgerufen werden kann und permanent verf\u00fcgbar ist.<\/p>\n<p><strong>4.) Leadership disrupted: Pushing the boundaries<\/strong><\/p>\n<p>2015 wurde die Unternehmensf\u00fchrung als \u00abDauerthema\u00bb bezeichnet, das nie an Aktualit\u00e4t einzub\u00fcssen scheint. Dieses Jahr sehen wir eine radikale Ver\u00e4nderung: Heute brauchen Unternehmen nicht nur wie nie zuvor starke F\u00fchrungskr\u00e4fte, sondern bed\u00fcrfen einer v\u00f6llig andersartigen F\u00fchrung \u2014 j\u00fcnger, agiler und digital orientiert.<\/p>\n<p><strong>5.) Performance management: Play a winning hand<\/strong><\/p>\n<p>\u00dcber alle Branchen und Standorte hinweg bewerten Unternehmen jeden Aspekt ihres Performance-Management-Programms neu \u2013 angefangen bei Zielsetzung und Evaluation bis hin zu Incentive- und Bonussystemen \u2013 und passen ihre Unternehmensstrategie und den stetigen Arbeitswandel an diese Ver\u00e4nderungen an.<\/p>\n<p><strong>6.) Digital HR: Platforms, people, and work<\/strong><\/p>\n<p>Personalleiter sind gefordert, eine umfassendere Rolle einzunehmen und dem Unternehmen dabei zu helfen, digital zu sein, statt nur digitale Tools einzusetzen. Da digitale Managementpraktiken und ein agiles Organisationskonzept in den Mittelpunkt gesch\u00e4ftlicher \u00dcberlegungen r\u00fccken, konzentriert sich HR heute auf Menschen, Arbeit und Plattformen.<\/p>\n<p><strong>7.) The employee experience: Culture, engagement, and beyond<\/strong><\/p>\n<p>Organisationen entwickeln heute einen ganzheitlichen Fokus auf die allgemeine Mitarbeitererfahrung, statt sich nur auf Mitarbeiterengagement und -kultur zu konzentrieren. Ein neuer Marktplatz mit Tools zur Pulsmessung, Wellness- und Fitness-Apps sowie Selbstbedienungsinstrumente f\u00fcr Mitarbeiter sind hierbei f\u00f6rderlich.<\/p>\n<p><strong>8.) Diversity and inclusion: The reality gap<\/strong><\/p>\n<p>Fairness, Gleichbehandlung und Eingliederung sind mittlerweile Herausforderungen f\u00fcr die CEO-Ebene, sorgen aber nach wie vor f\u00fcr Frustration. Ausbildung und Schulungen funktionieren nicht ausreichend gut. Die neuen Regeln konzentrieren sich auf erfahrungsgest\u00fctztes Lernen, Prozess\u00e4nderung, datengesteuerte Tools, Transparenz und Rechenschaftspflicht.<\/p>\n<p><strong>9.) People analytics: Recalculating the route<\/strong><\/p>\n<p>Analytics dienen nicht nur mehr dazu, interessante Informationen zu finden und Manager darauf aufmerksam zu machen \u2013 sie stellen heute vielmehr eine Gesch\u00e4ftsfunktion dar, die Daten immer gezielter verwendet, um jeden Teil eines Gesch\u00e4ftsprozesses zu verstehen sowie Analysedaten in Real-Time-Apps und unsere Art zu arbeiten zu integrieren.<\/p>\n<p><strong>10.) The future of work: The augmented workforce<\/strong><\/p>\n<p>Automatisierung, kognitive IT und Crowds sind Umbruchfaktoren, die die Belegschaft neu formen. In einer Welt, in der Arbeit immer st\u00e4rker automatisiert wird, m\u00fcssen Unternehmen mit kognitiven Tools experimentieren, Mitarbeiter in deren Anwendung schulen und die Rolle von Mitarbeitern allgemein \u00fcberdenken.<\/p>\n<p><em>Mehr zur aktuellen Deloitte Human Capital Trend Studie finden Sie unter diesem <a href=\"https:\/\/www2.deloitte.com\/de\/de\/pages\/human-capital\/articles\/human-capital-trends-deutschland-2017.html\">Link <\/a><\/em><\/p>\n<p>&nbsp;<\/p>\n<p><iframe loading=\"lazy\" title=\"Globale Human Capital Trendstudie 2017 - Neue Spielregeln im digitalen Zeitalter\" width=\"768\" height=\"432\" src=\"https:\/\/www.youtube.com\/embed\/vPy4l2X8TnI?feature=oembed\" frameborder=\"0\" allow=\"accelerometer; autoplay; clipboard-write; encrypted-media; gyroscope; picture-in-picture\" allowfullscreen><\/iframe><\/p>\n<p>&nbsp;<\/p>\n<p>&nbsp;<\/p>\n<p>&nbsp;<\/p>\n<p>&nbsp;<\/p>\n<p>&nbsp;<\/p>\n","protected":false},"excerpt":{"rendered":"<p>Etliche Themen bez\u00fcglich digitalisierte Technologien erfordern eine Neudefinition der Regeln: Die Technik schreitet so schnell voran wie nie zuvor. Einzelpersonen passen sich relativ schnell an immer neue Innovationen an. Organisationen sind jedoch meistens langsamer. Viele verf\u00fcgen \u00fcber Strukturen des Industriezeitalters und setzen Praktiken ein, die vielleicht seit langem \u00fcberholt sind. Noch langsamer kommen Themen von [&hellip;]<\/p>\n","protected":false},"author":5,"featured_media":2212,"comment_status":"open","ping_status":"open","sticky":false,"template":"","format":"standard","meta":{"_acf_changed":false,"_yoast_wpseo_focuskw":"digitalisierte","_yoast_wpseo_metadesc":"Digitalisierte Entwicklungen pr\u00e4gen Schweizer Betreibe zunehmend. Organisationen stehen einem sich radikal ver\u00e4ndernden Kontext gegen\u00fcber.","articlekey":"","footnotes":""},"categories":[26],"tags":[157,256],"class_list":["post-2211","post","type-post","status-publish","format-standard","has-post-thumbnail","hentry","category-hrm","tag-digitalitaet","tag-human-capital"],"acf":[],"yoast_head":"<!-- This site is optimized with the Yoast SEO plugin v27.5 - https:\/\/yoast.com\/product\/yoast-seo-wordpress\/ -->\n<title>Human Capital Trends f\u00fcr eine digitalisierte Schweiz - Organisator<\/title>\n<meta name=\"description\" content=\"Digitalisierte Entwicklungen pr\u00e4gen Schweizer Betreibe zunehmend. Organisationen stehen einem sich radikal ver\u00e4ndernden Kontext gegen\u00fcber.\" \/>\n<meta name=\"robots\" content=\"index, follow, max-snippet:-1, max-image-preview:large, max-video-preview:-1\" \/>\n<link rel=\"canonical\" href=\"https:\/\/www.organisator.ch\/de\/human-resources\/hrm\/2017-07-19\/human-capital-trends-fuer-eine-digitalisierte-schweiz\/\" \/>\n<meta property=\"og:locale\" content=\"de_DE\" \/>\n<meta property=\"og:type\" content=\"article\" \/>\n<meta property=\"og:title\" content=\"Human Capital Trends f\u00fcr eine digitalisierte Schweiz - Organisator\" \/>\n<meta property=\"og:description\" content=\"Digitalisierte Entwicklungen pr\u00e4gen Schweizer Betreibe zunehmend. Organisationen stehen einem sich radikal ver\u00e4ndernden Kontext gegen\u00fcber.\" \/>\n<meta property=\"og:url\" content=\"https:\/\/www.organisator.ch\/de\/human-resources\/hrm\/2017-07-19\/human-capital-trends-fuer-eine-digitalisierte-schweiz\/\" \/>\n<meta property=\"og:site_name\" content=\"Organisator\" \/>\n<meta property=\"article:publisher\" content=\"https:\/\/www.facebook.com\/OrganisatorFachmagazin\" \/>\n<meta property=\"article:published_time\" content=\"2017-07-19T14:43:21+00:00\" \/>\n<meta property=\"og:image\" content=\"https:\/\/www.organisator.ch\/wp-content\/uploads\/2017\/07\/Human-Capital-Trends-fuer-eine-digitalisierte-Schweiz-org-organisator.jpg\" \/>\n\t<meta property=\"og:image:width\" content=\"640\" \/>\n\t<meta property=\"og:image:height\" content=\"419\" \/>\n\t<meta property=\"og:image:type\" content=\"image\/jpeg\" \/>\n<meta name=\"author\" content=\"michael.merz\" \/>\n<meta name=\"twitter:card\" content=\"summary_large_image\" \/>\n<script type=\"application\/ld+json\" class=\"yoast-schema-graph\">{\"@context\":\"https:\\\/\\\/schema.org\",\"@graph\":[{\"@type\":\"Article\",\"@id\":\"https:\\\/\\\/www.organisator.ch\\\/human-resources\\\/hrm\\\/2017-07-19\\\/human-capital-trends-fuer-eine-digitalisierte-schweiz\\\/#article\",\"isPartOf\":{\"@id\":\"https:\\\/\\\/www.organisator.ch\\\/human-resources\\\/hrm\\\/2017-07-19\\\/human-capital-trends-fuer-eine-digitalisierte-schweiz\\\/\"},\"author\":{\"name\":\"michael.merz\",\"@id\":\"https:\\\/\\\/www.organisator.ch\\\/#\\\/schema\\\/person\\\/134708ca9321c57b0362cceb7948ffbd\"},\"headline\":\"Human Capital Trends f\u00fcr eine digitalisierte Schweiz\",\"datePublished\":\"2017-07-19T14:43:21+00:00\",\"mainEntityOfPage\":{\"@id\":\"https:\\\/\\\/www.organisator.ch\\\/human-resources\\\/hrm\\\/2017-07-19\\\/human-capital-trends-fuer-eine-digitalisierte-schweiz\\\/\"},\"wordCount\":759,\"commentCount\":0,\"publisher\":{\"@id\":\"https:\\\/\\\/www.organisator.ch\\\/#organization\"},\"image\":{\"@id\":\"https:\\\/\\\/www.organisator.ch\\\/human-resources\\\/hrm\\\/2017-07-19\\\/human-capital-trends-fuer-eine-digitalisierte-schweiz\\\/#primaryimage\"},\"thumbnailUrl\":\"https:\\\/\\\/www.organisator.ch\\\/wp-content\\\/uploads\\\/2017\\\/07\\\/Human-Capital-Trends-fuer-eine-digitalisierte-Schweiz-org-organisator.jpg\",\"keywords\":[\"Digitalit\u00e4t\",\"Human Capital\"],\"articleSection\":[\"HRM\"],\"inLanguage\":\"de\"},{\"@type\":\"WebPage\",\"@id\":\"https:\\\/\\\/www.organisator.ch\\\/human-resources\\\/hrm\\\/2017-07-19\\\/human-capital-trends-fuer-eine-digitalisierte-schweiz\\\/\",\"url\":\"https:\\\/\\\/www.organisator.ch\\\/human-resources\\\/hrm\\\/2017-07-19\\\/human-capital-trends-fuer-eine-digitalisierte-schweiz\\\/\",\"name\":\"Human Capital Trends f\u00fcr eine digitalisierte Schweiz - Organisator\",\"isPartOf\":{\"@id\":\"https:\\\/\\\/www.organisator.ch\\\/#website\"},\"primaryImageOfPage\":{\"@id\":\"https:\\\/\\\/www.organisator.ch\\\/human-resources\\\/hrm\\\/2017-07-19\\\/human-capital-trends-fuer-eine-digitalisierte-schweiz\\\/#primaryimage\"},\"image\":{\"@id\":\"https:\\\/\\\/www.organisator.ch\\\/human-resources\\\/hrm\\\/2017-07-19\\\/human-capital-trends-fuer-eine-digitalisierte-schweiz\\\/#primaryimage\"},\"thumbnailUrl\":\"https:\\\/\\\/www.organisator.ch\\\/wp-content\\\/uploads\\\/2017\\\/07\\\/Human-Capital-Trends-fuer-eine-digitalisierte-Schweiz-org-organisator.jpg\",\"datePublished\":\"2017-07-19T14:43:21+00:00\",\"description\":\"Digitalisierte Entwicklungen pr\u00e4gen Schweizer Betreibe zunehmend. Organisationen stehen einem sich radikal ver\u00e4ndernden Kontext gegen\u00fcber.\",\"breadcrumb\":{\"@id\":\"https:\\\/\\\/www.organisator.ch\\\/human-resources\\\/hrm\\\/2017-07-19\\\/human-capital-trends-fuer-eine-digitalisierte-schweiz\\\/#breadcrumb\"},\"inLanguage\":\"de\",\"potentialAction\":[{\"@type\":\"ReadAction\",\"target\":[\"https:\\\/\\\/www.organisator.ch\\\/human-resources\\\/hrm\\\/2017-07-19\\\/human-capital-trends-fuer-eine-digitalisierte-schweiz\\\/\"]}]},{\"@type\":\"ImageObject\",\"inLanguage\":\"de\",\"@id\":\"https:\\\/\\\/www.organisator.ch\\\/human-resources\\\/hrm\\\/2017-07-19\\\/human-capital-trends-fuer-eine-digitalisierte-schweiz\\\/#primaryimage\",\"url\":\"https:\\\/\\\/www.organisator.ch\\\/wp-content\\\/uploads\\\/2017\\\/07\\\/Human-Capital-Trends-fuer-eine-digitalisierte-Schweiz-org-organisator.jpg\",\"contentUrl\":\"https:\\\/\\\/www.organisator.ch\\\/wp-content\\\/uploads\\\/2017\\\/07\\\/Human-Capital-Trends-fuer-eine-digitalisierte-Schweiz-org-organisator.jpg\",\"width\":640,\"height\":419,\"caption\":\"Personalleiter sind vielseitig gefordert, sie m\u00fcssen dem Unternehmen dabei helfen, digital zu sein, statt nur digitale Tools einzusetzen. (Bild: depositphotos_denismagil)\"},{\"@type\":\"BreadcrumbList\",\"@id\":\"https:\\\/\\\/www.organisator.ch\\\/human-resources\\\/hrm\\\/2017-07-19\\\/human-capital-trends-fuer-eine-digitalisierte-schweiz\\\/#breadcrumb\",\"itemListElement\":[{\"@type\":\"ListItem\",\"position\":1,\"name\":\"Home\",\"item\":\"https:\\\/\\\/www.organisator.ch\\\/\"},{\"@type\":\"ListItem\",\"position\":2,\"name\":\"Human Capital Trends f\u00fcr eine digitalisierte Schweiz\"}]},{\"@type\":\"WebSite\",\"@id\":\"https:\\\/\\\/www.organisator.ch\\\/#website\",\"url\":\"https:\\\/\\\/www.organisator.ch\\\/\",\"name\":\"Organisator\",\"description\":\"Kompetent. Praxisnah. Der ORGANISATOR bereitet in 10 Ausgaben pro Jahr die wesentlichen Themen f\u00fcr F\u00fchrungskr\u00e4fte von KMU auf.\",\"publisher\":{\"@id\":\"https:\\\/\\\/www.organisator.ch\\\/#organization\"},\"potentialAction\":[{\"@type\":\"SearchAction\",\"target\":{\"@type\":\"EntryPoint\",\"urlTemplate\":\"https:\\\/\\\/www.organisator.ch\\\/?s={search_term_string}\"},\"query-input\":{\"@type\":\"PropertyValueSpecification\",\"valueRequired\":true,\"valueName\":\"search_term_string\"}}],\"inLanguage\":\"de\"},{\"@type\":\"Organization\",\"@id\":\"https:\\\/\\\/www.organisator.ch\\\/#organization\",\"name\":\"Organisator\",\"url\":\"https:\\\/\\\/www.organisator.ch\\\/\",\"logo\":{\"@type\":\"ImageObject\",\"inLanguage\":\"de\",\"@id\":\"https:\\\/\\\/www.organisator.ch\\\/#\\\/schema\\\/logo\\\/image\\\/\",\"url\":\"https:\\\/\\\/www.organisator.ch\\\/wp-content\\\/uploads\\\/2022\\\/01\\\/Logo_Organisator_Website.png\",\"contentUrl\":\"https:\\\/\\\/www.organisator.ch\\\/wp-content\\\/uploads\\\/2022\\\/01\\\/Logo_Organisator_Website.png\",\"width\":800,\"height\":77,\"caption\":\"Organisator\"},\"image\":{\"@id\":\"https:\\\/\\\/www.organisator.ch\\\/#\\\/schema\\\/logo\\\/image\\\/\"},\"sameAs\":[\"https:\\\/\\\/www.facebook.com\\\/OrganisatorFachmagazin\",\"https:\\\/\\\/www.linkedin.com\\\/showcase\\\/organisator-das-magazin-fr-kmu\",\"https:\\\/\\\/www.xing.com\\\/news\\\/pages\\\/organisator-ch-695\",\"https:\\\/\\\/www.youtube.com\\\/channel\\\/UCGP2Sq0iWaZwT3BdIAQFYpw\"]},{\"@type\":\"Person\",\"@id\":\"https:\\\/\\\/www.organisator.ch\\\/#\\\/schema\\\/person\\\/134708ca9321c57b0362cceb7948ffbd\",\"name\":\"michael.merz\",\"image\":{\"@type\":\"ImageObject\",\"inLanguage\":\"de\",\"@id\":\"https:\\\/\\\/secure.gravatar.com\\\/avatar\\\/?s=96&d=mm&r=g\",\"url\":\"https:\\\/\\\/secure.gravatar.com\\\/avatar\\\/?s=96&d=mm&r=g\",\"contentUrl\":\"https:\\\/\\\/secure.gravatar.com\\\/avatar\\\/?s=96&d=mm&r=g\",\"caption\":\"michael.merz\"},\"url\":\"https:\\\/\\\/www.organisator.ch\\\/de\\\/author\\\/michael-merz\\\/\"}]}<\/script>\n<!-- \/ Yoast SEO plugin. -->","yoast_head_json":{"title":"Human Capital Trends f\u00fcr eine digitalisierte Schweiz - Organisator","description":"Digitalisierte Entwicklungen pr\u00e4gen Schweizer Betreibe zunehmend. Organisationen stehen einem sich radikal ver\u00e4ndernden Kontext gegen\u00fcber.","robots":{"index":"index","follow":"follow","max-snippet":"max-snippet:-1","max-image-preview":"max-image-preview:large","max-video-preview":"max-video-preview:-1"},"canonical":"https:\/\/www.organisator.ch\/de\/human-resources\/hrm\/2017-07-19\/human-capital-trends-fuer-eine-digitalisierte-schweiz\/","og_locale":"de_DE","og_type":"article","og_title":"Human Capital Trends f\u00fcr eine digitalisierte Schweiz - Organisator","og_description":"Digitalisierte Entwicklungen pr\u00e4gen Schweizer Betreibe zunehmend. Organisationen stehen einem sich radikal ver\u00e4ndernden Kontext gegen\u00fcber.","og_url":"https:\/\/www.organisator.ch\/de\/human-resources\/hrm\/2017-07-19\/human-capital-trends-fuer-eine-digitalisierte-schweiz\/","og_site_name":"Organisator","article_publisher":"https:\/\/www.facebook.com\/OrganisatorFachmagazin","article_published_time":"2017-07-19T14:43:21+00:00","og_image":[{"width":640,"height":419,"url":"https:\/\/www.organisator.ch\/wp-content\/uploads\/2017\/07\/Human-Capital-Trends-fuer-eine-digitalisierte-Schweiz-org-organisator.jpg","type":"image\/jpeg"}],"author":"michael.merz","twitter_card":"summary_large_image","schema":{"@context":"https:\/\/schema.org","@graph":[{"@type":"Article","@id":"https:\/\/www.organisator.ch\/human-resources\/hrm\/2017-07-19\/human-capital-trends-fuer-eine-digitalisierte-schweiz\/#article","isPartOf":{"@id":"https:\/\/www.organisator.ch\/human-resources\/hrm\/2017-07-19\/human-capital-trends-fuer-eine-digitalisierte-schweiz\/"},"author":{"name":"michael.merz","@id":"https:\/\/www.organisator.ch\/#\/schema\/person\/134708ca9321c57b0362cceb7948ffbd"},"headline":"Human Capital Trends f\u00fcr eine digitalisierte Schweiz","datePublished":"2017-07-19T14:43:21+00:00","mainEntityOfPage":{"@id":"https:\/\/www.organisator.ch\/human-resources\/hrm\/2017-07-19\/human-capital-trends-fuer-eine-digitalisierte-schweiz\/"},"wordCount":759,"commentCount":0,"publisher":{"@id":"https:\/\/www.organisator.ch\/#organization"},"image":{"@id":"https:\/\/www.organisator.ch\/human-resources\/hrm\/2017-07-19\/human-capital-trends-fuer-eine-digitalisierte-schweiz\/#primaryimage"},"thumbnailUrl":"https:\/\/www.organisator.ch\/wp-content\/uploads\/2017\/07\/Human-Capital-Trends-fuer-eine-digitalisierte-Schweiz-org-organisator.jpg","keywords":["Digitalit\u00e4t","Human Capital"],"articleSection":["HRM"],"inLanguage":"de"},{"@type":"WebPage","@id":"https:\/\/www.organisator.ch\/human-resources\/hrm\/2017-07-19\/human-capital-trends-fuer-eine-digitalisierte-schweiz\/","url":"https:\/\/www.organisator.ch\/human-resources\/hrm\/2017-07-19\/human-capital-trends-fuer-eine-digitalisierte-schweiz\/","name":"Human Capital Trends f\u00fcr eine digitalisierte Schweiz - Organisator","isPartOf":{"@id":"https:\/\/www.organisator.ch\/#website"},"primaryImageOfPage":{"@id":"https:\/\/www.organisator.ch\/human-resources\/hrm\/2017-07-19\/human-capital-trends-fuer-eine-digitalisierte-schweiz\/#primaryimage"},"image":{"@id":"https:\/\/www.organisator.ch\/human-resources\/hrm\/2017-07-19\/human-capital-trends-fuer-eine-digitalisierte-schweiz\/#primaryimage"},"thumbnailUrl":"https:\/\/www.organisator.ch\/wp-content\/uploads\/2017\/07\/Human-Capital-Trends-fuer-eine-digitalisierte-Schweiz-org-organisator.jpg","datePublished":"2017-07-19T14:43:21+00:00","description":"Digitalisierte Entwicklungen pr\u00e4gen Schweizer Betreibe zunehmend. Organisationen stehen einem sich radikal ver\u00e4ndernden Kontext gegen\u00fcber.","breadcrumb":{"@id":"https:\/\/www.organisator.ch\/human-resources\/hrm\/2017-07-19\/human-capital-trends-fuer-eine-digitalisierte-schweiz\/#breadcrumb"},"inLanguage":"de","potentialAction":[{"@type":"ReadAction","target":["https:\/\/www.organisator.ch\/human-resources\/hrm\/2017-07-19\/human-capital-trends-fuer-eine-digitalisierte-schweiz\/"]}]},{"@type":"ImageObject","inLanguage":"de","@id":"https:\/\/www.organisator.ch\/human-resources\/hrm\/2017-07-19\/human-capital-trends-fuer-eine-digitalisierte-schweiz\/#primaryimage","url":"https:\/\/www.organisator.ch\/wp-content\/uploads\/2017\/07\/Human-Capital-Trends-fuer-eine-digitalisierte-Schweiz-org-organisator.jpg","contentUrl":"https:\/\/www.organisator.ch\/wp-content\/uploads\/2017\/07\/Human-Capital-Trends-fuer-eine-digitalisierte-Schweiz-org-organisator.jpg","width":640,"height":419,"caption":"Personalleiter sind vielseitig gefordert, sie m\u00fcssen dem Unternehmen dabei helfen, digital zu sein, statt nur digitale Tools einzusetzen. (Bild: depositphotos_denismagil)"},{"@type":"BreadcrumbList","@id":"https:\/\/www.organisator.ch\/human-resources\/hrm\/2017-07-19\/human-capital-trends-fuer-eine-digitalisierte-schweiz\/#breadcrumb","itemListElement":[{"@type":"ListItem","position":1,"name":"Home","item":"https:\/\/www.organisator.ch\/"},{"@type":"ListItem","position":2,"name":"Human Capital Trends f\u00fcr eine digitalisierte Schweiz"}]},{"@type":"WebSite","@id":"https:\/\/www.organisator.ch\/#website","url":"https:\/\/www.organisator.ch\/","name":"Organisator","description":"Kompetent. Praxisnah. Der ORGANISATOR bereitet in 10 Ausgaben pro Jahr die wesentlichen Themen f\u00fcr F\u00fchrungskr\u00e4fte von KMU auf.","publisher":{"@id":"https:\/\/www.organisator.ch\/#organization"},"potentialAction":[{"@type":"SearchAction","target":{"@type":"EntryPoint","urlTemplate":"https:\/\/www.organisator.ch\/?s={search_term_string}"},"query-input":{"@type":"PropertyValueSpecification","valueRequired":true,"valueName":"search_term_string"}}],"inLanguage":"de"},{"@type":"Organization","@id":"https:\/\/www.organisator.ch\/#organization","name":"Organisator","url":"https:\/\/www.organisator.ch\/","logo":{"@type":"ImageObject","inLanguage":"de","@id":"https:\/\/www.organisator.ch\/#\/schema\/logo\/image\/","url":"https:\/\/www.organisator.ch\/wp-content\/uploads\/2022\/01\/Logo_Organisator_Website.png","contentUrl":"https:\/\/www.organisator.ch\/wp-content\/uploads\/2022\/01\/Logo_Organisator_Website.png","width":800,"height":77,"caption":"Organisator"},"image":{"@id":"https:\/\/www.organisator.ch\/#\/schema\/logo\/image\/"},"sameAs":["https:\/\/www.facebook.com\/OrganisatorFachmagazin","https:\/\/www.linkedin.com\/showcase\/organisator-das-magazin-fr-kmu","https:\/\/www.xing.com\/news\/pages\/organisator-ch-695","https:\/\/www.youtube.com\/channel\/UCGP2Sq0iWaZwT3BdIAQFYpw"]},{"@type":"Person","@id":"https:\/\/www.organisator.ch\/#\/schema\/person\/134708ca9321c57b0362cceb7948ffbd","name":"michael.merz","image":{"@type":"ImageObject","inLanguage":"de","@id":"https:\/\/secure.gravatar.com\/avatar\/?s=96&d=mm&r=g","url":"https:\/\/secure.gravatar.com\/avatar\/?s=96&d=mm&r=g","contentUrl":"https:\/\/secure.gravatar.com\/avatar\/?s=96&d=mm&r=g","caption":"michael.merz"},"url":"https:\/\/www.organisator.ch\/de\/author\/michael-merz\/"}]}},"_links":{"self":[{"href":"https:\/\/www.organisator.ch\/de\/wp-json\/wp\/v2\/posts\/2211","targetHints":{"allow":["GET"]}}],"collection":[{"href":"https:\/\/www.organisator.ch\/de\/wp-json\/wp\/v2\/posts"}],"about":[{"href":"https:\/\/www.organisator.ch\/de\/wp-json\/wp\/v2\/types\/post"}],"author":[{"embeddable":true,"href":"https:\/\/www.organisator.ch\/de\/wp-json\/wp\/v2\/users\/5"}],"replies":[{"embeddable":true,"href":"https:\/\/www.organisator.ch\/de\/wp-json\/wp\/v2\/comments?post=2211"}],"version-history":[{"count":0,"href":"https:\/\/www.organisator.ch\/de\/wp-json\/wp\/v2\/posts\/2211\/revisions"}],"wp:featuredmedia":[{"embeddable":true,"href":"https:\/\/www.organisator.ch\/de\/wp-json\/wp\/v2\/media\/2212"}],"wp:attachment":[{"href":"https:\/\/www.organisator.ch\/de\/wp-json\/wp\/v2\/media?parent=2211"}],"wp:term":[{"taxonomy":"category","embeddable":true,"href":"https:\/\/www.organisator.ch\/de\/wp-json\/wp\/v2\/categories?post=2211"},{"taxonomy":"post_tag","embeddable":true,"href":"https:\/\/www.organisator.ch\/de\/wp-json\/wp\/v2\/tags?post=2211"}],"curies":[{"name":"wp","href":"https:\/\/api.w.org\/{rel}","templated":true}]}}