{"id":2215,"date":"2017-07-24T16:36:00","date_gmt":"2017-07-24T14:36:00","guid":{"rendered":"https:\/\/www.organisator.ch\/?p=2215"},"modified":"2017-07-24T16:36:00","modified_gmt":"2017-07-24T14:36:00","slug":"generation-silber-im-unternehmen","status":"publish","type":"post","link":"https:\/\/www.organisator.ch\/de\/management\/finanzen_recht\/2017-07-24\/generation-silber-im-unternehmen\/","title":{"rendered":"Generation Silber im Unternehmen"},"content":{"rendered":"<figure id=\"attachment_2216\" aria-describedby=\"caption-attachment-2216\" style=\"width: 640px\" class=\"wp-caption alignnone\"><img loading=\"lazy\" decoding=\"async\" class=\"size-full wp-image-2216\" src=\"https:\/\/www.organisator.ch\/wp-content\/uploads\/2017\/07\/Generation-Silber-im-Unternehmen-org-organisator.jpg\" alt=\"\" width=\"640\" height=\"427\" srcset=\"https:\/\/www.organisator.ch\/wp-content\/uploads\/2017\/07\/Generation-Silber-im-Unternehmen-org-organisator.jpg 640w, https:\/\/www.organisator.ch\/wp-content\/uploads\/2017\/07\/Generation-Silber-im-Unternehmen-org-organisator-16x12.jpg 16w, https:\/\/www.organisator.ch\/wp-content\/uploads\/2017\/07\/Generation-Silber-im-Unternehmen-org-organisator-262x175.jpg 262w, https:\/\/www.organisator.ch\/wp-content\/uploads\/2017\/07\/Generation-Silber-im-Unternehmen-org-organisator-525x350.jpg 525w, https:\/\/www.organisator.ch\/wp-content\/uploads\/2017\/07\/Generation-Silber-im-Unternehmen-org-organisator-300x200.jpg 300w\" sizes=\"auto, (max-width: 640px) 100vw, 640px\" \/><figcaption id=\"caption-attachment-2216\" class=\"wp-caption-text\">Rang, Lohn und F\u00fchrungsverantwortung d\u00fcrfen nicht linear verstanden werden. Ausschlaggebend f\u00fcr den Erfolg ist die Unternehmenskultur. (Bild:depositphotos)<\/figcaption><\/figure>\n<p>M\u00f6glicherweise gleicht die Generation Silber den Mangel an qualifizierten Arbeitnehmenden zu stoppen. Zwei bedeutende Herausforderungen hemmen heute die Realisierung eines l\u00e4ngeren Erwerbslebens. Erstens kann es bei \u00e4lteren Arbeitnehmenden dazu kommen, dass Produktivit\u00e4t und Lohnkosten sich nicht die Waage halten.<\/p>\n<p>Steigende Lohnverl\u00e4ufe, verst\u00e4rkt durch den Anstieg der Lohnnebenkosten im Alter, k\u00f6nnen die manchmal auftretende Produktivit\u00e4tsstagnation nicht kompensieren. Entwickeln sich Produktivit\u00e4t und Lohnkosten nicht im Gleichschritt, verlieren \u00e4ltere Arbeitnehmende f\u00fcr das Unternehmen an Attraktivit\u00e4t.<\/p>\n<p><strong>Wenn Know-How eine B\u00fcrde ist<\/strong><\/p>\n<p>Zweitens kann langj\u00e4hriges firmenspezifisches Wissen bei der Jobsuche zur &#8222;B\u00fcrde&#8220; werden. Dieses Wissen macht \u00e4ltere Mitarbeitende innerhalb der Firma attraktiv und rechtfertigt einen h\u00f6heren Lohn. Ausserhalb des Unternehmens reduziert sich der Wert ihres Wissens hingegen stark: Wer innerhalb der Firma X gut vernetzt ist, bietet damit der Firma Y kaum einen Mehrwert.<\/p>\n<p>Das bedeutet f\u00fcr \u00e4ltere Arbeitnehmende, dass sich ihr Marktwert deutlich reduziert und in einer Diskrepanz zum bisherigen Lohn und Status steht, wenn sie eine neue Stelle suchen. M\u00f6chte ein Unternehmen das Potenzial von \u00e4lteren Arbeitskr\u00e4ften nutzen, m\u00fcssen deren Qualit\u00e4ten und Bed\u00fcrfnisse ber\u00fccksichtigt werden. Dabei sind\u00a0Arbeitskr\u00e4fte\u00a0der Generation Silber\u00a0keineswegs eine homogene Gruppe, sodass erfolgreiche Modelle in der Regel flexibel und massgeschneidert sind.<\/p>\n<p><strong>Regenbogenkarriere \u2013 einen Schritt zur\u00fccktreten<\/strong><\/p>\n<p>Mit einer flexiblen Handhabung von L\u00f6hnen und Verantwortungsbereichen k\u00f6nnen \u00e4ltere Arbeitnehmende im Unternehmen verbleiben, auch wenn sie ihren Verantwortungsbereich oder Leistungsdruck reduzieren m\u00f6chten oder nicht mehr in der Lage sind, das fr\u00fchere Leistungsniveau zu erbringen (zum Beispiel aus gesundheitlichen Gr\u00fcnden).<\/p>\n<p>Beim Konzept der Regenbogenkarriere bildet die Mitte des Erwerbslebens den Zenit der beruflichen Laufbahn. Ab der Mitte des Erwerbslebens erfolgt eine schrittweise Reduktion von Anforderungen, Lohn und F\u00fchrungsverantwortung. Dank der Flexibilit\u00e4t kann auch bei einer Neuanstellung eine allf\u00e4llige Diskrepanz zwischen Lohn, Wertsch\u00f6pfung und Stellung zwischen dem alten und dem neuen Unternehmen \u00fcberwunden werden.<\/p>\n<p>Der Arbeitnehmende bringt bei diesem Konzept Opfer. Allerdings w\u00fcrde er in einer Firma mit starrem Entlohnungssystem aufgrund der Diskrepanz zwischen Entl\u00f6hnung und wahrgenommener Qualit\u00e4t erst gar nicht angestellt.<\/p>\n<p>Die Regenbogenkarriere fordert nicht nur den Arbeitnehmenden heraus, sondern auch die Unternehmenskultur, wenn Lohn, Rang und F\u00fchrungsverantwortung noch immer linear konzipiert sind (zum Beispiel Entl\u00f6hnung nach Seniorit\u00e4t oder Personalorganisation nach dem Up-or-out-Prinzip). Heute wird ein R\u00fcckschritt in Lohn, Rang oder F\u00fchrungsverantwortung noch h\u00e4ufig als Degradierung wahrgenommen. Eine regelm\u00e4ssige, systematische Besprechung von Optionen kann die Offenheit der Arbeitnehmenden f\u00fcr die Regenbogenkarriere f\u00f6rdern. Sie fordert gleichzeitig auch die Offenheit des gesamten Unternehmens f\u00fcr solche L\u00f6sungen.<\/p>\n<p>Eine andere M\u00f6glichkeit ist die Integration der (Weiter-)Bildung in das Entl\u00f6hnungssystem, beispielsweise anstatt zus\u00e4tzlicher Ferien, Lohnerh\u00f6hungen oder Boni. Das entspricht sowohl einem Bed\u00fcrfnis des Unternehmens wie auch des \u00e4lteren Arbeitnehmenden. Eine dritte M\u00f6glichkeit ist eine vertragliche Vereinbarung \u00fcber den Bruttolohn statt \u00fcber den Nettolohn.<\/p>\n<p>Aufgrund der an das Alter gekoppelten Lohnnebenkosten sinkt dabei zwar der Nettolohn schrittweise, die Attraktivit\u00e4t des Mitarbeitenden der Generation Silber\u00a0f\u00fcr das Unternehmen bleibt jedoch erhalten.<\/p>\n<p><em>Mehr Informationen aus dem aktuellen UBS Outlook Schweiz finden Sie unter diesem <a href=\"https:\/\/snbchf.com\/2017\/07\/ubs-outlook-switzerland-generation-silver-labor-market\/\">Link<\/a><\/em><\/p>\n<p>&nbsp;<\/p>\n<p>&nbsp;<\/p>\n<p>&nbsp;<\/p>\n<p>&nbsp;<\/p>\n<p>&nbsp;<\/p>\n","protected":false},"excerpt":{"rendered":"<p>M\u00f6glicherweise gleicht die Generation Silber den Mangel an qualifizierten Arbeitnehmenden zu stoppen. Zwei bedeutende Herausforderungen hemmen heute die Realisierung eines l\u00e4ngeren Erwerbslebens. Erstens kann es bei \u00e4lteren Arbeitnehmenden dazu kommen, dass Produktivit\u00e4t und Lohnkosten sich nicht die Waage halten. Steigende Lohnverl\u00e4ufe, verst\u00e4rkt durch den Anstieg der Lohnnebenkosten im Alter, k\u00f6nnen die manchmal auftretende Produktivit\u00e4tsstagnation nicht [&hellip;]<\/p>\n","protected":false},"author":5,"featured_media":2216,"comment_status":"open","ping_status":"open","sticky":false,"template":"","format":"standard","meta":{"_acf_changed":false,"_yoast_wpseo_focuskw":"Generation Silber","_yoast_wpseo_metadesc":"Die Generation Silber w\u00e4chst in der Schweizer Bev\u00f6lkerung an. Zus\u00e4tzlich werden auch Kunden und Lieferanten im Durchschnitt \u00e4lter.","articlekey":"","footnotes":""},"categories":[24],"tags":[176,409,435],"class_list":["post-2215","post","type-post","status-publish","format-standard","has-post-thumbnail","hentry","category-finanzen_recht","tag-entloehnung","tag-regenbogenkarriere","tag-silber-generation"],"acf":[],"yoast_head":"<!-- This site is optimized with the Yoast SEO plugin v27.4 - https:\/\/yoast.com\/product\/yoast-seo-wordpress\/ -->\n<title>Generation Silber im Unternehmen - Organisator<\/title>\n<meta name=\"description\" content=\"Die Generation Silber w\u00e4chst in der Schweizer Bev\u00f6lkerung an. Zus\u00e4tzlich werden auch Kunden und Lieferanten im Durchschnitt \u00e4lter.\" \/>\n<meta name=\"robots\" content=\"index, follow, max-snippet:-1, max-image-preview:large, max-video-preview:-1\" \/>\n<link rel=\"canonical\" href=\"https:\/\/www.organisator.ch\/de\/management\/finanzen_recht\/2017-07-24\/generation-silber-im-unternehmen\/\" \/>\n<meta property=\"og:locale\" content=\"de_DE\" \/>\n<meta property=\"og:type\" content=\"article\" \/>\n<meta property=\"og:title\" content=\"Generation Silber im Unternehmen - Organisator\" \/>\n<meta property=\"og:description\" content=\"Die Generation Silber w\u00e4chst in der Schweizer Bev\u00f6lkerung an. Zus\u00e4tzlich werden auch Kunden und Lieferanten im Durchschnitt \u00e4lter.\" \/>\n<meta property=\"og:url\" content=\"https:\/\/www.organisator.ch\/de\/management\/finanzen_recht\/2017-07-24\/generation-silber-im-unternehmen\/\" \/>\n<meta property=\"og:site_name\" content=\"Organisator\" \/>\n<meta property=\"article:publisher\" content=\"https:\/\/www.facebook.com\/OrganisatorFachmagazin\" \/>\n<meta property=\"article:published_time\" content=\"2017-07-24T14:36:00+00:00\" \/>\n<meta property=\"og:image\" content=\"https:\/\/www.organisator.ch\/wp-content\/uploads\/2017\/07\/Generation-Silber-im-Unternehmen-org-organisator.jpg\" \/>\n\t<meta property=\"og:image:width\" content=\"640\" \/>\n\t<meta property=\"og:image:height\" content=\"427\" \/>\n\t<meta property=\"og:image:type\" content=\"image\/jpeg\" \/>\n<meta name=\"author\" content=\"michael.merz\" \/>\n<meta name=\"twitter:card\" content=\"summary_large_image\" \/>\n<script type=\"application\/ld+json\" class=\"yoast-schema-graph\">{\"@context\":\"https:\\\/\\\/schema.org\",\"@graph\":[{\"@type\":\"Article\",\"@id\":\"https:\\\/\\\/www.organisator.ch\\\/management\\\/finanzen_recht\\\/2017-07-24\\\/generation-silber-im-unternehmen\\\/#article\",\"isPartOf\":{\"@id\":\"https:\\\/\\\/www.organisator.ch\\\/management\\\/finanzen_recht\\\/2017-07-24\\\/generation-silber-im-unternehmen\\\/\"},\"author\":{\"name\":\"michael.merz\",\"@id\":\"https:\\\/\\\/www.organisator.ch\\\/#\\\/schema\\\/person\\\/134708ca9321c57b0362cceb7948ffbd\"},\"headline\":\"Generation Silber im Unternehmen\",\"datePublished\":\"2017-07-24T14:36:00+00:00\",\"mainEntityOfPage\":{\"@id\":\"https:\\\/\\\/www.organisator.ch\\\/management\\\/finanzen_recht\\\/2017-07-24\\\/generation-silber-im-unternehmen\\\/\"},\"wordCount\":565,\"commentCount\":0,\"publisher\":{\"@id\":\"https:\\\/\\\/www.organisator.ch\\\/#organization\"},\"image\":{\"@id\":\"https:\\\/\\\/www.organisator.ch\\\/management\\\/finanzen_recht\\\/2017-07-24\\\/generation-silber-im-unternehmen\\\/#primaryimage\"},\"thumbnailUrl\":\"https:\\\/\\\/www.organisator.ch\\\/wp-content\\\/uploads\\\/2017\\\/07\\\/Generation-Silber-im-Unternehmen-org-organisator.jpg\",\"keywords\":[\"Entl\u00f6hnung\",\"Regenbogenkarriere\",\"Silber Generation\"],\"articleSection\":[\"FINANZEN\\\/RECHT\"],\"inLanguage\":\"de\"},{\"@type\":\"WebPage\",\"@id\":\"https:\\\/\\\/www.organisator.ch\\\/management\\\/finanzen_recht\\\/2017-07-24\\\/generation-silber-im-unternehmen\\\/\",\"url\":\"https:\\\/\\\/www.organisator.ch\\\/management\\\/finanzen_recht\\\/2017-07-24\\\/generation-silber-im-unternehmen\\\/\",\"name\":\"Generation Silber im Unternehmen - Organisator\",\"isPartOf\":{\"@id\":\"https:\\\/\\\/www.organisator.ch\\\/#website\"},\"primaryImageOfPage\":{\"@id\":\"https:\\\/\\\/www.organisator.ch\\\/management\\\/finanzen_recht\\\/2017-07-24\\\/generation-silber-im-unternehmen\\\/#primaryimage\"},\"image\":{\"@id\":\"https:\\\/\\\/www.organisator.ch\\\/management\\\/finanzen_recht\\\/2017-07-24\\\/generation-silber-im-unternehmen\\\/#primaryimage\"},\"thumbnailUrl\":\"https:\\\/\\\/www.organisator.ch\\\/wp-content\\\/uploads\\\/2017\\\/07\\\/Generation-Silber-im-Unternehmen-org-organisator.jpg\",\"datePublished\":\"2017-07-24T14:36:00+00:00\",\"description\":\"Die Generation Silber w\u00e4chst in der Schweizer Bev\u00f6lkerung an. Zus\u00e4tzlich werden auch Kunden und Lieferanten im Durchschnitt \u00e4lter.\",\"breadcrumb\":{\"@id\":\"https:\\\/\\\/www.organisator.ch\\\/management\\\/finanzen_recht\\\/2017-07-24\\\/generation-silber-im-unternehmen\\\/#breadcrumb\"},\"inLanguage\":\"de\",\"potentialAction\":[{\"@type\":\"ReadAction\",\"target\":[\"https:\\\/\\\/www.organisator.ch\\\/management\\\/finanzen_recht\\\/2017-07-24\\\/generation-silber-im-unternehmen\\\/\"]}]},{\"@type\":\"ImageObject\",\"inLanguage\":\"de\",\"@id\":\"https:\\\/\\\/www.organisator.ch\\\/management\\\/finanzen_recht\\\/2017-07-24\\\/generation-silber-im-unternehmen\\\/#primaryimage\",\"url\":\"https:\\\/\\\/www.organisator.ch\\\/wp-content\\\/uploads\\\/2017\\\/07\\\/Generation-Silber-im-Unternehmen-org-organisator.jpg\",\"contentUrl\":\"https:\\\/\\\/www.organisator.ch\\\/wp-content\\\/uploads\\\/2017\\\/07\\\/Generation-Silber-im-Unternehmen-org-organisator.jpg\",\"width\":640,\"height\":427,\"caption\":\"Rang, Lohn und F\u00fchrungsverantwortung d\u00fcrfen nicht linear verstanden werden. Ausschlaggebend f\u00fcr den Erfolg ist die Unternehmenskultur. (Bild:depositphotos)\"},{\"@type\":\"BreadcrumbList\",\"@id\":\"https:\\\/\\\/www.organisator.ch\\\/management\\\/finanzen_recht\\\/2017-07-24\\\/generation-silber-im-unternehmen\\\/#breadcrumb\",\"itemListElement\":[{\"@type\":\"ListItem\",\"position\":1,\"name\":\"Home\",\"item\":\"https:\\\/\\\/www.organisator.ch\\\/\"},{\"@type\":\"ListItem\",\"position\":2,\"name\":\"Generation Silber im Unternehmen\"}]},{\"@type\":\"WebSite\",\"@id\":\"https:\\\/\\\/www.organisator.ch\\\/#website\",\"url\":\"https:\\\/\\\/www.organisator.ch\\\/\",\"name\":\"Organisator\",\"description\":\"Kompetent. Praxisnah. Der ORGANISATOR bereitet in 10 Ausgaben pro Jahr die wesentlichen Themen f\u00fcr F\u00fchrungskr\u00e4fte von KMU auf.\",\"publisher\":{\"@id\":\"https:\\\/\\\/www.organisator.ch\\\/#organization\"},\"potentialAction\":[{\"@type\":\"SearchAction\",\"target\":{\"@type\":\"EntryPoint\",\"urlTemplate\":\"https:\\\/\\\/www.organisator.ch\\\/?s={search_term_string}\"},\"query-input\":{\"@type\":\"PropertyValueSpecification\",\"valueRequired\":true,\"valueName\":\"search_term_string\"}}],\"inLanguage\":\"de\"},{\"@type\":\"Organization\",\"@id\":\"https:\\\/\\\/www.organisator.ch\\\/#organization\",\"name\":\"Organisator\",\"url\":\"https:\\\/\\\/www.organisator.ch\\\/\",\"logo\":{\"@type\":\"ImageObject\",\"inLanguage\":\"de\",\"@id\":\"https:\\\/\\\/www.organisator.ch\\\/#\\\/schema\\\/logo\\\/image\\\/\",\"url\":\"https:\\\/\\\/www.organisator.ch\\\/wp-content\\\/uploads\\\/2022\\\/01\\\/Logo_Organisator_Website.png\",\"contentUrl\":\"https:\\\/\\\/www.organisator.ch\\\/wp-content\\\/uploads\\\/2022\\\/01\\\/Logo_Organisator_Website.png\",\"width\":800,\"height\":77,\"caption\":\"Organisator\"},\"image\":{\"@id\":\"https:\\\/\\\/www.organisator.ch\\\/#\\\/schema\\\/logo\\\/image\\\/\"},\"sameAs\":[\"https:\\\/\\\/www.facebook.com\\\/OrganisatorFachmagazin\",\"https:\\\/\\\/www.linkedin.com\\\/showcase\\\/organisator-das-magazin-fr-kmu\",\"https:\\\/\\\/www.xing.com\\\/news\\\/pages\\\/organisator-ch-695\",\"https:\\\/\\\/www.youtube.com\\\/channel\\\/UCGP2Sq0iWaZwT3BdIAQFYpw\"]},{\"@type\":\"Person\",\"@id\":\"https:\\\/\\\/www.organisator.ch\\\/#\\\/schema\\\/person\\\/134708ca9321c57b0362cceb7948ffbd\",\"name\":\"michael.merz\",\"image\":{\"@type\":\"ImageObject\",\"inLanguage\":\"de\",\"@id\":\"https:\\\/\\\/secure.gravatar.com\\\/avatar\\\/?s=96&d=mm&r=g\",\"url\":\"https:\\\/\\\/secure.gravatar.com\\\/avatar\\\/?s=96&d=mm&r=g\",\"contentUrl\":\"https:\\\/\\\/secure.gravatar.com\\\/avatar\\\/?s=96&d=mm&r=g\",\"caption\":\"michael.merz\"},\"url\":\"https:\\\/\\\/www.organisator.ch\\\/de\\\/author\\\/michael-merz\\\/\"}]}<\/script>\n<!-- \/ Yoast SEO plugin. -->","yoast_head_json":{"title":"Generation Silber im Unternehmen - Organisator","description":"Die Generation Silber w\u00e4chst in der Schweizer Bev\u00f6lkerung an. Zus\u00e4tzlich werden auch Kunden und Lieferanten im Durchschnitt \u00e4lter.","robots":{"index":"index","follow":"follow","max-snippet":"max-snippet:-1","max-image-preview":"max-image-preview:large","max-video-preview":"max-video-preview:-1"},"canonical":"https:\/\/www.organisator.ch\/de\/management\/finanzen_recht\/2017-07-24\/generation-silber-im-unternehmen\/","og_locale":"de_DE","og_type":"article","og_title":"Generation Silber im Unternehmen - Organisator","og_description":"Die Generation Silber w\u00e4chst in der Schweizer Bev\u00f6lkerung an. Zus\u00e4tzlich werden auch Kunden und Lieferanten im Durchschnitt \u00e4lter.","og_url":"https:\/\/www.organisator.ch\/de\/management\/finanzen_recht\/2017-07-24\/generation-silber-im-unternehmen\/","og_site_name":"Organisator","article_publisher":"https:\/\/www.facebook.com\/OrganisatorFachmagazin","article_published_time":"2017-07-24T14:36:00+00:00","og_image":[{"width":640,"height":427,"url":"https:\/\/www.organisator.ch\/wp-content\/uploads\/2017\/07\/Generation-Silber-im-Unternehmen-org-organisator.jpg","type":"image\/jpeg"}],"author":"michael.merz","twitter_card":"summary_large_image","schema":{"@context":"https:\/\/schema.org","@graph":[{"@type":"Article","@id":"https:\/\/www.organisator.ch\/management\/finanzen_recht\/2017-07-24\/generation-silber-im-unternehmen\/#article","isPartOf":{"@id":"https:\/\/www.organisator.ch\/management\/finanzen_recht\/2017-07-24\/generation-silber-im-unternehmen\/"},"author":{"name":"michael.merz","@id":"https:\/\/www.organisator.ch\/#\/schema\/person\/134708ca9321c57b0362cceb7948ffbd"},"headline":"Generation Silber im Unternehmen","datePublished":"2017-07-24T14:36:00+00:00","mainEntityOfPage":{"@id":"https:\/\/www.organisator.ch\/management\/finanzen_recht\/2017-07-24\/generation-silber-im-unternehmen\/"},"wordCount":565,"commentCount":0,"publisher":{"@id":"https:\/\/www.organisator.ch\/#organization"},"image":{"@id":"https:\/\/www.organisator.ch\/management\/finanzen_recht\/2017-07-24\/generation-silber-im-unternehmen\/#primaryimage"},"thumbnailUrl":"https:\/\/www.organisator.ch\/wp-content\/uploads\/2017\/07\/Generation-Silber-im-Unternehmen-org-organisator.jpg","keywords":["Entl\u00f6hnung","Regenbogenkarriere","Silber Generation"],"articleSection":["FINANZEN\/RECHT"],"inLanguage":"de"},{"@type":"WebPage","@id":"https:\/\/www.organisator.ch\/management\/finanzen_recht\/2017-07-24\/generation-silber-im-unternehmen\/","url":"https:\/\/www.organisator.ch\/management\/finanzen_recht\/2017-07-24\/generation-silber-im-unternehmen\/","name":"Generation Silber im Unternehmen - Organisator","isPartOf":{"@id":"https:\/\/www.organisator.ch\/#website"},"primaryImageOfPage":{"@id":"https:\/\/www.organisator.ch\/management\/finanzen_recht\/2017-07-24\/generation-silber-im-unternehmen\/#primaryimage"},"image":{"@id":"https:\/\/www.organisator.ch\/management\/finanzen_recht\/2017-07-24\/generation-silber-im-unternehmen\/#primaryimage"},"thumbnailUrl":"https:\/\/www.organisator.ch\/wp-content\/uploads\/2017\/07\/Generation-Silber-im-Unternehmen-org-organisator.jpg","datePublished":"2017-07-24T14:36:00+00:00","description":"Die Generation Silber w\u00e4chst in der Schweizer Bev\u00f6lkerung an. Zus\u00e4tzlich werden auch Kunden und Lieferanten im Durchschnitt \u00e4lter.","breadcrumb":{"@id":"https:\/\/www.organisator.ch\/management\/finanzen_recht\/2017-07-24\/generation-silber-im-unternehmen\/#breadcrumb"},"inLanguage":"de","potentialAction":[{"@type":"ReadAction","target":["https:\/\/www.organisator.ch\/management\/finanzen_recht\/2017-07-24\/generation-silber-im-unternehmen\/"]}]},{"@type":"ImageObject","inLanguage":"de","@id":"https:\/\/www.organisator.ch\/management\/finanzen_recht\/2017-07-24\/generation-silber-im-unternehmen\/#primaryimage","url":"https:\/\/www.organisator.ch\/wp-content\/uploads\/2017\/07\/Generation-Silber-im-Unternehmen-org-organisator.jpg","contentUrl":"https:\/\/www.organisator.ch\/wp-content\/uploads\/2017\/07\/Generation-Silber-im-Unternehmen-org-organisator.jpg","width":640,"height":427,"caption":"Rang, Lohn und F\u00fchrungsverantwortung d\u00fcrfen nicht linear verstanden werden. Ausschlaggebend f\u00fcr den Erfolg ist die Unternehmenskultur. (Bild:depositphotos)"},{"@type":"BreadcrumbList","@id":"https:\/\/www.organisator.ch\/management\/finanzen_recht\/2017-07-24\/generation-silber-im-unternehmen\/#breadcrumb","itemListElement":[{"@type":"ListItem","position":1,"name":"Home","item":"https:\/\/www.organisator.ch\/"},{"@type":"ListItem","position":2,"name":"Generation Silber im Unternehmen"}]},{"@type":"WebSite","@id":"https:\/\/www.organisator.ch\/#website","url":"https:\/\/www.organisator.ch\/","name":"Organisator","description":"Kompetent. Praxisnah. Der ORGANISATOR bereitet in 10 Ausgaben pro Jahr die wesentlichen Themen f\u00fcr F\u00fchrungskr\u00e4fte von KMU auf.","publisher":{"@id":"https:\/\/www.organisator.ch\/#organization"},"potentialAction":[{"@type":"SearchAction","target":{"@type":"EntryPoint","urlTemplate":"https:\/\/www.organisator.ch\/?s={search_term_string}"},"query-input":{"@type":"PropertyValueSpecification","valueRequired":true,"valueName":"search_term_string"}}],"inLanguage":"de"},{"@type":"Organization","@id":"https:\/\/www.organisator.ch\/#organization","name":"Organisator","url":"https:\/\/www.organisator.ch\/","logo":{"@type":"ImageObject","inLanguage":"de","@id":"https:\/\/www.organisator.ch\/#\/schema\/logo\/image\/","url":"https:\/\/www.organisator.ch\/wp-content\/uploads\/2022\/01\/Logo_Organisator_Website.png","contentUrl":"https:\/\/www.organisator.ch\/wp-content\/uploads\/2022\/01\/Logo_Organisator_Website.png","width":800,"height":77,"caption":"Organisator"},"image":{"@id":"https:\/\/www.organisator.ch\/#\/schema\/logo\/image\/"},"sameAs":["https:\/\/www.facebook.com\/OrganisatorFachmagazin","https:\/\/www.linkedin.com\/showcase\/organisator-das-magazin-fr-kmu","https:\/\/www.xing.com\/news\/pages\/organisator-ch-695","https:\/\/www.youtube.com\/channel\/UCGP2Sq0iWaZwT3BdIAQFYpw"]},{"@type":"Person","@id":"https:\/\/www.organisator.ch\/#\/schema\/person\/134708ca9321c57b0362cceb7948ffbd","name":"michael.merz","image":{"@type":"ImageObject","inLanguage":"de","@id":"https:\/\/secure.gravatar.com\/avatar\/?s=96&d=mm&r=g","url":"https:\/\/secure.gravatar.com\/avatar\/?s=96&d=mm&r=g","contentUrl":"https:\/\/secure.gravatar.com\/avatar\/?s=96&d=mm&r=g","caption":"michael.merz"},"url":"https:\/\/www.organisator.ch\/de\/author\/michael-merz\/"}]}},"_links":{"self":[{"href":"https:\/\/www.organisator.ch\/de\/wp-json\/wp\/v2\/posts\/2215","targetHints":{"allow":["GET"]}}],"collection":[{"href":"https:\/\/www.organisator.ch\/de\/wp-json\/wp\/v2\/posts"}],"about":[{"href":"https:\/\/www.organisator.ch\/de\/wp-json\/wp\/v2\/types\/post"}],"author":[{"embeddable":true,"href":"https:\/\/www.organisator.ch\/de\/wp-json\/wp\/v2\/users\/5"}],"replies":[{"embeddable":true,"href":"https:\/\/www.organisator.ch\/de\/wp-json\/wp\/v2\/comments?post=2215"}],"version-history":[{"count":0,"href":"https:\/\/www.organisator.ch\/de\/wp-json\/wp\/v2\/posts\/2215\/revisions"}],"wp:featuredmedia":[{"embeddable":true,"href":"https:\/\/www.organisator.ch\/de\/wp-json\/wp\/v2\/media\/2216"}],"wp:attachment":[{"href":"https:\/\/www.organisator.ch\/de\/wp-json\/wp\/v2\/media?parent=2215"}],"wp:term":[{"taxonomy":"category","embeddable":true,"href":"https:\/\/www.organisator.ch\/de\/wp-json\/wp\/v2\/categories?post=2215"},{"taxonomy":"post_tag","embeddable":true,"href":"https:\/\/www.organisator.ch\/de\/wp-json\/wp\/v2\/tags?post=2215"}],"curies":[{"name":"wp","href":"https:\/\/api.w.org\/{rel}","templated":true}]}}