{"id":22155,"date":"2023-10-05T14:55:22","date_gmt":"2023-10-05T12:55:22","guid":{"rendered":"https:\/\/www.organisator.ch\/?p=22155"},"modified":"2023-10-05T14:55:22","modified_gmt":"2023-10-05T12:55:22","slug":"schweizer-jahreskonferenz-zur-nachhaltigkeit-das-forum-oe","status":"publish","type":"post","link":"https:\/\/www.organisator.ch\/de\/sustainability\/2023-10-05\/schweizer-jahreskonferenz-zur-nachhaltigkeit-das-forum-oe\/","title":{"rendered":"Schweizer Jahreskonferenz zur Nachhaltigkeit: Das Forum \u00f6"},"content":{"rendered":"<figure id=\"attachment_22160\" aria-describedby=\"caption-attachment-22160\" style=\"width: 680px\" class=\"wp-caption alignnone\"><img loading=\"lazy\" decoding=\"async\" class=\"size-full wp-image-22160\" src=\"https:\/\/www.organisator.ch\/wp-content\/uploads\/2023\/10\/oebu_2022_249_ps.jpg\" alt=\"\" width=\"680\" height=\"453\" srcset=\"https:\/\/www.organisator.ch\/wp-content\/uploads\/2023\/10\/oebu_2022_249_ps.jpg 680w, https:\/\/www.organisator.ch\/wp-content\/uploads\/2023\/10\/oebu_2022_249_ps-18x12.jpg 18w, https:\/\/www.organisator.ch\/wp-content\/uploads\/2023\/10\/oebu_2022_249_ps-375x250.jpg 375w, https:\/\/www.organisator.ch\/wp-content\/uploads\/2023\/10\/oebu_2022_249_ps-525x350.jpg 525w\" sizes=\"auto, (max-width: 680px) 100vw, 680px\" \/><figcaption id=\"caption-attachment-22160\" class=\"wp-caption-text\">(Bild: www.forum-oe.ch)<\/figcaption><\/figure>\n<p>Nachhaltigkeit oder \u201cSustainability\u201d leitet sich vom englischen Begriff \u201csustain\u201d, also \u201caufrechterhalten\u201d, ab. Der Grundgedanke der regenerativen Wirtschaft geht jedoch einen Schritt weiter: In einem Wirtschaftssystem, das lernen muss, mit Ressourcenknappheit umzugehen, reicht die blosse Erhaltung des Status quo nicht aus. Die regenerative Wirtschaft will nicht nur Bestehendes bewahren, sondern auch zur\u00fcckgeben. Sie strebt positive Auswirkungen auf Umwelt, Gesellschaft und Wirtschaft an.<\/p>\n<p>Inmitten von Biodiversit\u00e4tskrise, Klima-Notstand und sozialen Ungleichheiten setzt das Forum \u00f6 2023 ein Zeichen f\u00fcr eine regenerative Wirtschaft. Die Veranstaltung bringt rund 300 engagierte Pers\u00f6nlichkeiten aus den Bereichen Nachhaltigkeit, Innovation &amp; Einkauf, Mitglieder der Gesch\u00e4ftsleitung f\u00fchrender Schweizer Unternehmen sowie Pers\u00f6nlichkeiten aus Wissenschaft, Zivilgesellschaft, Politik und Verwaltung zusammen. In abwechslungsreichen Breakout-Sessions und inspirierenden Keynotes wie &#8222;business as unusual&#8220; oder &#8222;Leadership f\u00fcr eine regenerative Wirtschaft.&#8220;<\/p>\n<p>Der Er\u00f6ffnungskeynote mit dem Titel &#8222;Neue Wege oder alte Muster? Mutig in Richtung regenerative Wirtschaft&#8220; wird an der diesj\u00e4hrigen Konferenz von dem Prof. Dr. Stephan Hankammer aus dem Institut f\u00fcr Regeneratives Wirtschaften pr\u00e4sentiert.<\/p>\n<p>Das Programm bietet Inspirationen und zeigt Paradigmenwechsel sowie praxisnahe Handlungsm\u00f6glichkeiten auf. &#8222;Gemeinsam definieren wir die Wege in eine regenerative Wirtschaft und mit neuen Kenntnissen, Denkanst\u00f6ssen und n\u00fctzlichen Kontakten k\u00f6nnen sie in die Praxis starten.&#8220;<\/p>\n<p><em>Quelle: <a href=\"https:\/\/www.forum-oe.ch\/\">www.forum-oe.ch<\/a><\/em><\/p>\n","protected":false},"excerpt":{"rendered":"<p>Das von \u00f6bu (Der Verband f\u00fcr nachhaltiges Wirtschaften) organisierte Forum \u00f6 der am 26. Oktober in Z\u00fcrich stattfindet ist eine j\u00e4hrliche Konferenz in der Schweiz, die sich mit dem Thema nachhaltiges Wirtschaften befasst.  <\/p>\n","protected":false},"author":58,"featured_media":22160,"comment_status":"closed","ping_status":"closed","sticky":false,"template":"","format":"standard","meta":{"_acf_changed":false,"_yoast_wpseo_focuskw":"Forum \u00f6","_yoast_wpseo_metadesc":"Forum \u00f6, das am 26. Oktober stattfindet, ist eine j\u00e4hrliche Konferenz in der Schweiz, die sich mit dem Thema nachhaltiges Wirtschaften befasst.","articlekey":"","footnotes":""},"categories":[580],"tags":[320,358,502],"class_list":["post-22155","post","type-post","status-publish","format-standard","has-post-thumbnail","hentry","category-sustainability","tag-leadership","tag-nachhaltige-wirtschaft","tag-veranstaltungen"],"acf":[],"yoast_head":"<!-- This site is optimized with the Yoast SEO plugin v27.5 - https:\/\/yoast.com\/product\/yoast-seo-wordpress\/ -->\n<title>Schweizer Jahreskonferenz zur Nachhaltigkeit: Das Forum \u00f6 - Organisator<\/title>\n<meta name=\"description\" content=\"Forum \u00f6, das am 26. Oktober stattfindet, ist eine j\u00e4hrliche Konferenz in der Schweiz, die sich mit dem Thema nachhaltiges Wirtschaften befasst.\" \/>\n<meta name=\"robots\" content=\"index, follow, max-snippet:-1, max-image-preview:large, max-video-preview:-1\" \/>\n<link rel=\"canonical\" href=\"https:\/\/www.organisator.ch\/de\/sustainability\/2023-10-05\/schweizer-jahreskonferenz-zur-nachhaltigkeit-das-forum-oe\/\" \/>\n<meta property=\"og:locale\" content=\"de_DE\" \/>\n<meta property=\"og:type\" content=\"article\" \/>\n<meta property=\"og:title\" content=\"Schweizer Jahreskonferenz zur Nachhaltigkeit: Das Forum \u00f6\" \/>\n<meta property=\"og:description\" content=\"Forum \u00f6, das am 26. Oktober stattfindet, ist eine j\u00e4hrliche Konferenz in der Schweiz, die sich mit dem Thema nachhaltiges Wirtschaften befasst.\" \/>\n<meta property=\"og:url\" content=\"https:\/\/www.organisator.ch\/de\/sustainability\/2023-10-05\/schweizer-jahreskonferenz-zur-nachhaltigkeit-das-forum-oe\/\" \/>\n<meta property=\"og:site_name\" content=\"Organisator\" \/>\n<meta property=\"article:publisher\" content=\"https:\/\/www.facebook.com\/OrganisatorFachmagazin\" \/>\n<meta property=\"article:published_time\" content=\"2023-10-05T12:55:22+00:00\" \/>\n<meta property=\"og:image\" content=\"https:\/\/www.organisator.ch\/wp-content\/uploads\/2023\/10\/oebu_2022_249_ps.jpg\" \/>\n\t<meta property=\"og:image:width\" content=\"680\" \/>\n\t<meta property=\"og:image:height\" content=\"453\" \/>\n\t<meta property=\"og:image:type\" content=\"image\/jpeg\" \/>\n<meta name=\"author\" content=\"Adelisa Kalajdzini\" \/>\n<meta name=\"twitter:card\" content=\"summary_large_image\" \/>\n<meta name=\"twitter:title\" content=\"Schweizer #Jahreskonferenz zur Nachhaltigkeit: Das Forum \u00f6\" \/>\n<meta name=\"twitter:description\" content=\"#Forum \u00f6, das am 26. Oktober stattfindet, ist eine j\u00e4hrliche Konferenz in der Schweiz, die sich mit dem Thema nachhaltiges Wirtschaften befasst.\" \/>\n<meta name=\"twitter:image\" content=\"https:\/\/www.organisator.ch\/wp-content\/uploads\/2023\/10\/oebu_2022_249_ps.jpg\" \/>\n<script type=\"application\/ld+json\" class=\"yoast-schema-graph\">{\"@context\":\"https:\\\/\\\/schema.org\",\"@graph\":[{\"@type\":\"Article\",\"@id\":\"https:\\\/\\\/www.organisator.ch\\\/sustainability\\\/2023-10-05\\\/schweizer-jahreskonferenz-zur-nachhaltigkeit-das-forum-oe\\\/#article\",\"isPartOf\":{\"@id\":\"https:\\\/\\\/www.organisator.ch\\\/sustainability\\\/2023-10-05\\\/schweizer-jahreskonferenz-zur-nachhaltigkeit-das-forum-oe\\\/\"},\"author\":{\"name\":\"Adelisa Kalajdzini\",\"@id\":\"https:\\\/\\\/www.organisator.ch\\\/#\\\/schema\\\/person\\\/2e1314a2172123f874db408d8911d3f3\"},\"headline\":\"Schweizer Jahreskonferenz zur Nachhaltigkeit: Das Forum \u00f6\",\"datePublished\":\"2023-10-05T12:55:22+00:00\",\"mainEntityOfPage\":{\"@id\":\"https:\\\/\\\/www.organisator.ch\\\/sustainability\\\/2023-10-05\\\/schweizer-jahreskonferenz-zur-nachhaltigkeit-das-forum-oe\\\/\"},\"wordCount\":225,\"publisher\":{\"@id\":\"https:\\\/\\\/www.organisator.ch\\\/#organization\"},\"image\":{\"@id\":\"https:\\\/\\\/www.organisator.ch\\\/sustainability\\\/2023-10-05\\\/schweizer-jahreskonferenz-zur-nachhaltigkeit-das-forum-oe\\\/#primaryimage\"},\"thumbnailUrl\":\"https:\\\/\\\/www.organisator.ch\\\/wp-content\\\/uploads\\\/2023\\\/10\\\/oebu_2022_249_ps.jpg\",\"keywords\":[\"Leadership\",\"Nachhaltige Wirtschaft\",\"Veranstaltungen\"],\"articleSection\":[\"SUSTAINABILITY\"],\"inLanguage\":\"de\"},{\"@type\":\"WebPage\",\"@id\":\"https:\\\/\\\/www.organisator.ch\\\/sustainability\\\/2023-10-05\\\/schweizer-jahreskonferenz-zur-nachhaltigkeit-das-forum-oe\\\/\",\"url\":\"https:\\\/\\\/www.organisator.ch\\\/sustainability\\\/2023-10-05\\\/schweizer-jahreskonferenz-zur-nachhaltigkeit-das-forum-oe\\\/\",\"name\":\"Schweizer Jahreskonferenz zur Nachhaltigkeit: Das Forum \u00f6 - Organisator\",\"isPartOf\":{\"@id\":\"https:\\\/\\\/www.organisator.ch\\\/#website\"},\"primaryImageOfPage\":{\"@id\":\"https:\\\/\\\/www.organisator.ch\\\/sustainability\\\/2023-10-05\\\/schweizer-jahreskonferenz-zur-nachhaltigkeit-das-forum-oe\\\/#primaryimage\"},\"image\":{\"@id\":\"https:\\\/\\\/www.organisator.ch\\\/sustainability\\\/2023-10-05\\\/schweizer-jahreskonferenz-zur-nachhaltigkeit-das-forum-oe\\\/#primaryimage\"},\"thumbnailUrl\":\"https:\\\/\\\/www.organisator.ch\\\/wp-content\\\/uploads\\\/2023\\\/10\\\/oebu_2022_249_ps.jpg\",\"datePublished\":\"2023-10-05T12:55:22+00:00\",\"description\":\"Forum \u00f6, das am 26. Oktober stattfindet, ist eine j\u00e4hrliche Konferenz in der Schweiz, die sich mit dem Thema nachhaltiges Wirtschaften befasst.\",\"breadcrumb\":{\"@id\":\"https:\\\/\\\/www.organisator.ch\\\/sustainability\\\/2023-10-05\\\/schweizer-jahreskonferenz-zur-nachhaltigkeit-das-forum-oe\\\/#breadcrumb\"},\"inLanguage\":\"de\",\"potentialAction\":[{\"@type\":\"ReadAction\",\"target\":[\"https:\\\/\\\/www.organisator.ch\\\/sustainability\\\/2023-10-05\\\/schweizer-jahreskonferenz-zur-nachhaltigkeit-das-forum-oe\\\/\"]}]},{\"@type\":\"ImageObject\",\"inLanguage\":\"de\",\"@id\":\"https:\\\/\\\/www.organisator.ch\\\/sustainability\\\/2023-10-05\\\/schweizer-jahreskonferenz-zur-nachhaltigkeit-das-forum-oe\\\/#primaryimage\",\"url\":\"https:\\\/\\\/www.organisator.ch\\\/wp-content\\\/uploads\\\/2023\\\/10\\\/oebu_2022_249_ps.jpg\",\"contentUrl\":\"https:\\\/\\\/www.organisator.ch\\\/wp-content\\\/uploads\\\/2023\\\/10\\\/oebu_2022_249_ps.jpg\",\"width\":680,\"height\":453,\"caption\":\"(Bild: www.forum-oe.ch)\"},{\"@type\":\"BreadcrumbList\",\"@id\":\"https:\\\/\\\/www.organisator.ch\\\/sustainability\\\/2023-10-05\\\/schweizer-jahreskonferenz-zur-nachhaltigkeit-das-forum-oe\\\/#breadcrumb\",\"itemListElement\":[{\"@type\":\"ListItem\",\"position\":1,\"name\":\"Home\",\"item\":\"https:\\\/\\\/www.organisator.ch\\\/\"},{\"@type\":\"ListItem\",\"position\":2,\"name\":\"Schweizer Jahreskonferenz zur Nachhaltigkeit: Das Forum \u00f6\"}]},{\"@type\":\"WebSite\",\"@id\":\"https:\\\/\\\/www.organisator.ch\\\/#website\",\"url\":\"https:\\\/\\\/www.organisator.ch\\\/\",\"name\":\"Organisator\",\"description\":\"Kompetent. Praxisnah. Der ORGANISATOR bereitet in 10 Ausgaben pro Jahr die wesentlichen Themen f\u00fcr F\u00fchrungskr\u00e4fte von KMU auf.\",\"publisher\":{\"@id\":\"https:\\\/\\\/www.organisator.ch\\\/#organization\"},\"potentialAction\":[{\"@type\":\"SearchAction\",\"target\":{\"@type\":\"EntryPoint\",\"urlTemplate\":\"https:\\\/\\\/www.organisator.ch\\\/?s={search_term_string}\"},\"query-input\":{\"@type\":\"PropertyValueSpecification\",\"valueRequired\":true,\"valueName\":\"search_term_string\"}}],\"inLanguage\":\"de\"},{\"@type\":\"Organization\",\"@id\":\"https:\\\/\\\/www.organisator.ch\\\/#organization\",\"name\":\"Organisator\",\"url\":\"https:\\\/\\\/www.organisator.ch\\\/\",\"logo\":{\"@type\":\"ImageObject\",\"inLanguage\":\"de\",\"@id\":\"https:\\\/\\\/www.organisator.ch\\\/#\\\/schema\\\/logo\\\/image\\\/\",\"url\":\"https:\\\/\\\/www.organisator.ch\\\/wp-content\\\/uploads\\\/2022\\\/01\\\/Logo_Organisator_Website.png\",\"contentUrl\":\"https:\\\/\\\/www.organisator.ch\\\/wp-content\\\/uploads\\\/2022\\\/01\\\/Logo_Organisator_Website.png\",\"width\":800,\"height\":77,\"caption\":\"Organisator\"},\"image\":{\"@id\":\"https:\\\/\\\/www.organisator.ch\\\/#\\\/schema\\\/logo\\\/image\\\/\"},\"sameAs\":[\"https:\\\/\\\/www.facebook.com\\\/OrganisatorFachmagazin\",\"https:\\\/\\\/www.linkedin.com\\\/showcase\\\/organisator-das-magazin-fr-kmu\",\"https:\\\/\\\/www.xing.com\\\/news\\\/pages\\\/organisator-ch-695\",\"https:\\\/\\\/www.youtube.com\\\/channel\\\/UCGP2Sq0iWaZwT3BdIAQFYpw\"]},{\"@type\":\"Person\",\"@id\":\"https:\\\/\\\/www.organisator.ch\\\/#\\\/schema\\\/person\\\/2e1314a2172123f874db408d8911d3f3\",\"name\":\"Adelisa Kalajdzini\",\"image\":{\"@type\":\"ImageObject\",\"inLanguage\":\"de\",\"@id\":\"https:\\\/\\\/secure.gravatar.com\\\/avatar\\\/09a397c22ac58cad6f160ee8306348599df9df58a8ede73696226897b9fa4b24?s=96&d=mm&r=g\",\"url\":\"https:\\\/\\\/secure.gravatar.com\\\/avatar\\\/09a397c22ac58cad6f160ee8306348599df9df58a8ede73696226897b9fa4b24?s=96&d=mm&r=g\",\"contentUrl\":\"https:\\\/\\\/secure.gravatar.com\\\/avatar\\\/09a397c22ac58cad6f160ee8306348599df9df58a8ede73696226897b9fa4b24?s=96&d=mm&r=g\",\"caption\":\"Adelisa Kalajdzini\"},\"url\":\"https:\\\/\\\/www.organisator.ch\\\/de\\\/author\\\/adelisa-kalajdzini\\\/\"}]}<\/script>\n<!-- \/ Yoast SEO plugin. -->","yoast_head_json":{"title":"Schweizer Jahreskonferenz zur Nachhaltigkeit: Das Forum \u00f6 - Organisator","description":"Forum \u00f6, das am 26. Oktober stattfindet, ist eine j\u00e4hrliche Konferenz in der Schweiz, die sich mit dem Thema nachhaltiges Wirtschaften befasst.","robots":{"index":"index","follow":"follow","max-snippet":"max-snippet:-1","max-image-preview":"max-image-preview:large","max-video-preview":"max-video-preview:-1"},"canonical":"https:\/\/www.organisator.ch\/de\/sustainability\/2023-10-05\/schweizer-jahreskonferenz-zur-nachhaltigkeit-das-forum-oe\/","og_locale":"de_DE","og_type":"article","og_title":"Schweizer Jahreskonferenz zur Nachhaltigkeit: Das Forum \u00f6","og_description":"Forum \u00f6, das am 26. Oktober stattfindet, ist eine j\u00e4hrliche Konferenz in der Schweiz, die sich mit dem Thema nachhaltiges Wirtschaften befasst.","og_url":"https:\/\/www.organisator.ch\/de\/sustainability\/2023-10-05\/schweizer-jahreskonferenz-zur-nachhaltigkeit-das-forum-oe\/","og_site_name":"Organisator","article_publisher":"https:\/\/www.facebook.com\/OrganisatorFachmagazin","article_published_time":"2023-10-05T12:55:22+00:00","og_image":[{"width":680,"height":453,"url":"https:\/\/www.organisator.ch\/wp-content\/uploads\/2023\/10\/oebu_2022_249_ps.jpg","type":"image\/jpeg"}],"author":"Adelisa Kalajdzini","twitter_card":"summary_large_image","twitter_title":"Schweizer #Jahreskonferenz zur Nachhaltigkeit: Das Forum \u00f6","twitter_description":"#Forum \u00f6, das am 26. Oktober stattfindet, ist eine j\u00e4hrliche Konferenz in der Schweiz, die sich mit dem Thema nachhaltiges Wirtschaften befasst.","twitter_image":"https:\/\/www.organisator.ch\/wp-content\/uploads\/2023\/10\/oebu_2022_249_ps.jpg","schema":{"@context":"https:\/\/schema.org","@graph":[{"@type":"Article","@id":"https:\/\/www.organisator.ch\/sustainability\/2023-10-05\/schweizer-jahreskonferenz-zur-nachhaltigkeit-das-forum-oe\/#article","isPartOf":{"@id":"https:\/\/www.organisator.ch\/sustainability\/2023-10-05\/schweizer-jahreskonferenz-zur-nachhaltigkeit-das-forum-oe\/"},"author":{"name":"Adelisa Kalajdzini","@id":"https:\/\/www.organisator.ch\/#\/schema\/person\/2e1314a2172123f874db408d8911d3f3"},"headline":"Schweizer Jahreskonferenz zur Nachhaltigkeit: Das Forum \u00f6","datePublished":"2023-10-05T12:55:22+00:00","mainEntityOfPage":{"@id":"https:\/\/www.organisator.ch\/sustainability\/2023-10-05\/schweizer-jahreskonferenz-zur-nachhaltigkeit-das-forum-oe\/"},"wordCount":225,"publisher":{"@id":"https:\/\/www.organisator.ch\/#organization"},"image":{"@id":"https:\/\/www.organisator.ch\/sustainability\/2023-10-05\/schweizer-jahreskonferenz-zur-nachhaltigkeit-das-forum-oe\/#primaryimage"},"thumbnailUrl":"https:\/\/www.organisator.ch\/wp-content\/uploads\/2023\/10\/oebu_2022_249_ps.jpg","keywords":["Leadership","Nachhaltige Wirtschaft","Veranstaltungen"],"articleSection":["SUSTAINABILITY"],"inLanguage":"de"},{"@type":"WebPage","@id":"https:\/\/www.organisator.ch\/sustainability\/2023-10-05\/schweizer-jahreskonferenz-zur-nachhaltigkeit-das-forum-oe\/","url":"https:\/\/www.organisator.ch\/sustainability\/2023-10-05\/schweizer-jahreskonferenz-zur-nachhaltigkeit-das-forum-oe\/","name":"Schweizer Jahreskonferenz zur Nachhaltigkeit: Das Forum \u00f6 - Organisator","isPartOf":{"@id":"https:\/\/www.organisator.ch\/#website"},"primaryImageOfPage":{"@id":"https:\/\/www.organisator.ch\/sustainability\/2023-10-05\/schweizer-jahreskonferenz-zur-nachhaltigkeit-das-forum-oe\/#primaryimage"},"image":{"@id":"https:\/\/www.organisator.ch\/sustainability\/2023-10-05\/schweizer-jahreskonferenz-zur-nachhaltigkeit-das-forum-oe\/#primaryimage"},"thumbnailUrl":"https:\/\/www.organisator.ch\/wp-content\/uploads\/2023\/10\/oebu_2022_249_ps.jpg","datePublished":"2023-10-05T12:55:22+00:00","description":"Forum \u00f6, das am 26. Oktober stattfindet, ist eine j\u00e4hrliche Konferenz in der Schweiz, die sich mit dem Thema nachhaltiges Wirtschaften befasst.","breadcrumb":{"@id":"https:\/\/www.organisator.ch\/sustainability\/2023-10-05\/schweizer-jahreskonferenz-zur-nachhaltigkeit-das-forum-oe\/#breadcrumb"},"inLanguage":"de","potentialAction":[{"@type":"ReadAction","target":["https:\/\/www.organisator.ch\/sustainability\/2023-10-05\/schweizer-jahreskonferenz-zur-nachhaltigkeit-das-forum-oe\/"]}]},{"@type":"ImageObject","inLanguage":"de","@id":"https:\/\/www.organisator.ch\/sustainability\/2023-10-05\/schweizer-jahreskonferenz-zur-nachhaltigkeit-das-forum-oe\/#primaryimage","url":"https:\/\/www.organisator.ch\/wp-content\/uploads\/2023\/10\/oebu_2022_249_ps.jpg","contentUrl":"https:\/\/www.organisator.ch\/wp-content\/uploads\/2023\/10\/oebu_2022_249_ps.jpg","width":680,"height":453,"caption":"(Bild: www.forum-oe.ch)"},{"@type":"BreadcrumbList","@id":"https:\/\/www.organisator.ch\/sustainability\/2023-10-05\/schweizer-jahreskonferenz-zur-nachhaltigkeit-das-forum-oe\/#breadcrumb","itemListElement":[{"@type":"ListItem","position":1,"name":"Home","item":"https:\/\/www.organisator.ch\/"},{"@type":"ListItem","position":2,"name":"Schweizer Jahreskonferenz zur Nachhaltigkeit: Das Forum \u00f6"}]},{"@type":"WebSite","@id":"https:\/\/www.organisator.ch\/#website","url":"https:\/\/www.organisator.ch\/","name":"Organisator","description":"Kompetent. Praxisnah. Der ORGANISATOR bereitet in 10 Ausgaben pro Jahr die wesentlichen Themen f\u00fcr F\u00fchrungskr\u00e4fte von KMU auf.","publisher":{"@id":"https:\/\/www.organisator.ch\/#organization"},"potentialAction":[{"@type":"SearchAction","target":{"@type":"EntryPoint","urlTemplate":"https:\/\/www.organisator.ch\/?s={search_term_string}"},"query-input":{"@type":"PropertyValueSpecification","valueRequired":true,"valueName":"search_term_string"}}],"inLanguage":"de"},{"@type":"Organization","@id":"https:\/\/www.organisator.ch\/#organization","name":"Organisator","url":"https:\/\/www.organisator.ch\/","logo":{"@type":"ImageObject","inLanguage":"de","@id":"https:\/\/www.organisator.ch\/#\/schema\/logo\/image\/","url":"https:\/\/www.organisator.ch\/wp-content\/uploads\/2022\/01\/Logo_Organisator_Website.png","contentUrl":"https:\/\/www.organisator.ch\/wp-content\/uploads\/2022\/01\/Logo_Organisator_Website.png","width":800,"height":77,"caption":"Organisator"},"image":{"@id":"https:\/\/www.organisator.ch\/#\/schema\/logo\/image\/"},"sameAs":["https:\/\/www.facebook.com\/OrganisatorFachmagazin","https:\/\/www.linkedin.com\/showcase\/organisator-das-magazin-fr-kmu","https:\/\/www.xing.com\/news\/pages\/organisator-ch-695","https:\/\/www.youtube.com\/channel\/UCGP2Sq0iWaZwT3BdIAQFYpw"]},{"@type":"Person","@id":"https:\/\/www.organisator.ch\/#\/schema\/person\/2e1314a2172123f874db408d8911d3f3","name":"Adelisa Kalajdzini","image":{"@type":"ImageObject","inLanguage":"de","@id":"https:\/\/secure.gravatar.com\/avatar\/09a397c22ac58cad6f160ee8306348599df9df58a8ede73696226897b9fa4b24?s=96&d=mm&r=g","url":"https:\/\/secure.gravatar.com\/avatar\/09a397c22ac58cad6f160ee8306348599df9df58a8ede73696226897b9fa4b24?s=96&d=mm&r=g","contentUrl":"https:\/\/secure.gravatar.com\/avatar\/09a397c22ac58cad6f160ee8306348599df9df58a8ede73696226897b9fa4b24?s=96&d=mm&r=g","caption":"Adelisa Kalajdzini"},"url":"https:\/\/www.organisator.ch\/de\/author\/adelisa-kalajdzini\/"}]}},"_links":{"self":[{"href":"https:\/\/www.organisator.ch\/de\/wp-json\/wp\/v2\/posts\/22155","targetHints":{"allow":["GET"]}}],"collection":[{"href":"https:\/\/www.organisator.ch\/de\/wp-json\/wp\/v2\/posts"}],"about":[{"href":"https:\/\/www.organisator.ch\/de\/wp-json\/wp\/v2\/types\/post"}],"author":[{"embeddable":true,"href":"https:\/\/www.organisator.ch\/de\/wp-json\/wp\/v2\/users\/58"}],"replies":[{"embeddable":true,"href":"https:\/\/www.organisator.ch\/de\/wp-json\/wp\/v2\/comments?post=22155"}],"version-history":[{"count":11,"href":"https:\/\/www.organisator.ch\/de\/wp-json\/wp\/v2\/posts\/22155\/revisions"}],"predecessor-version":[{"id":22806,"href":"https:\/\/www.organisator.ch\/de\/wp-json\/wp\/v2\/posts\/22155\/revisions\/22806"}],"wp:featuredmedia":[{"embeddable":true,"href":"https:\/\/www.organisator.ch\/de\/wp-json\/wp\/v2\/media\/22160"}],"wp:attachment":[{"href":"https:\/\/www.organisator.ch\/de\/wp-json\/wp\/v2\/media?parent=22155"}],"wp:term":[{"taxonomy":"category","embeddable":true,"href":"https:\/\/www.organisator.ch\/de\/wp-json\/wp\/v2\/categories?post=22155"},{"taxonomy":"post_tag","embeddable":true,"href":"https:\/\/www.organisator.ch\/de\/wp-json\/wp\/v2\/tags?post=22155"}],"curies":[{"name":"wp","href":"https:\/\/api.w.org\/{rel}","templated":true}]}}