{"id":22218,"date":"2023-10-10T10:39:13","date_gmt":"2023-10-10T08:39:13","guid":{"rendered":"https:\/\/www.organisator.ch\/?p=22218"},"modified":"2023-10-10T11:41:10","modified_gmt":"2023-10-10T09:41:10","slug":"hwz-verleihung-des-nachhaltigkeitspreises","status":"publish","type":"post","link":"https:\/\/www.organisator.ch\/de\/sustainability\/2023-10-10\/hwz-verleihung-des-nachhaltigkeitspreises\/","title":{"rendered":"HWZ: Verleihung des Nachhaltigkeitspreises"},"content":{"rendered":"<figure id=\"attachment_22219\" aria-describedby=\"caption-attachment-22219\" style=\"width: 680px\" class=\"wp-caption alignnone\"><img loading=\"lazy\" decoding=\"async\" class=\"size-full wp-image-22219\" src=\"https:\/\/www.organisator.ch\/wp-content\/uploads\/2023\/10\/Nachhaltigkeitspreis-HWZ_Bild1_ps.jpg\" alt=\"\" width=\"680\" height=\"453\" srcset=\"https:\/\/www.organisator.ch\/wp-content\/uploads\/2023\/10\/Nachhaltigkeitspreis-HWZ_Bild1_ps.jpg 680w, https:\/\/www.organisator.ch\/wp-content\/uploads\/2023\/10\/Nachhaltigkeitspreis-HWZ_Bild1_ps-18x12.jpg 18w, https:\/\/www.organisator.ch\/wp-content\/uploads\/2023\/10\/Nachhaltigkeitspreis-HWZ_Bild1_ps-375x250.jpg 375w, https:\/\/www.organisator.ch\/wp-content\/uploads\/2023\/10\/Nachhaltigkeitspreis-HWZ_Bild1_ps-525x350.jpg 525w\" sizes=\"auto, (max-width: 680px) 100vw, 680px\" \/><figcaption id=\"caption-attachment-22219\" class=\"wp-caption-text\">v. l. n. r.: Andrea G\u00e4umann, Senior Beraterin bei der BHP \u2013 Brugger und Partner AG und Jurymitglied des Nachhaltigkeitspreises, Medina Seferovic, Absolventin Bachelor Betriebs\u00f6konomie HWZ und Preistr\u00e4gerin, und Prof. Matthias R\u00fcegg, Rektor HWZ. (Bild: Louis Rosenthal, www.fh-hwz.ch)<\/figcaption><\/figure>\n<p>Rund ein Viertel der in der Schweiz ausgestossenen Treibhausgase und rund 40% des landesweiten Energieverbrauchs sind auf den Geb\u00e4udesektor zur\u00fcckzuf\u00fchren. Gleichzeitig sind \u00fcber eine Million Geb\u00e4ude in der Schweiz aus energetischer Sicht dringend sanierungsbed\u00fcrftig. Doch die Sanierungen schreiten nur langsam voran: Damit die Schweiz ihre Klimaziele erreichen kann, m\u00fcsste die Sanierungsrate verdreifacht werden.<\/p>\n<h3><strong>Herausforderungen bei Stockwerkeigent\u00fcmerschaften<\/strong><\/h3>\n<p>In der Verantwortung stehen unter anderem auch die Wohneigent\u00fcmer. Die Wohneigentumsquote in der Schweiz betr\u00e4gt rund 36%, wobei rund ein Drittel der Wohneigent\u00fcmern in Stockwerkeigent\u00fcmerschaften lebt. Auf diese Gruppe hat sich Medina Seferovic in ihrer Bachelor-Thesis konzentriert. Denn Sanierungsvorhaben gestalten sich bei Stockwerkeigent\u00fcmerschaften oftmals als besonders schwierig, da f\u00fcr diese die erforderliche Mehrheit in der Stockwerkeigent\u00fcmerversammlung gefunden werden muss.<\/p>\n<h3><strong>Praktische Handlungsempfehlungen f\u00fcr eine nachhaltige Zukunft<\/strong><\/h3>\n<p>Um die Frage: Welche L\u00f6sungsans\u00e4tze geeignet sind, um die Sanierungsgeschwindigkeit von Stockwerkeigent\u00fcmerschaften zu erh\u00f6hen? zu beantworten, hat Medina Seferovic nach einer ausf\u00fchrlichen Literaturrecherche in einem ersten Schritt mehrere Fachpersonen interviewt. Gest\u00fctzt darauf hat sie mehrere Faktoren ermittelt, die sich positiv oder negativ auf die Wahrscheinlichkeit einer energetischen Sanierung auswirken sollen. Um die so aufgestellten Hypothesen zu \u00fcberpr\u00fcfen, f\u00fchrte sie in einem zweiten Schritt eine Befragung unter Stockwerkeigent\u00fcmerinnen und -eigent\u00fcmern durch.<\/p>\n<p>Einige Hypothesen konnten best\u00e4tigt werden. So verringern etwa fehlendes Know-how oder gegens\u00e4tzliche Meinungen zwischen den Generationen in einer Stockwerkeigent\u00fcmergemeinschaft die Wahrscheinlichkeit einer energetischen Sanierung. Die Arbeit liefert aber auch \u00fcberraschende Erkenntnisse. Die Auswertung der Befragung zeigt unter anderem, dass weder der wahrgenommene Nutzen der Massnahmen noch die pers\u00f6nliche Einstellung zur Umwelt einen signifikanten Einfluss auf die Wahrscheinlichkeit einer energetischen Sanierung haben.<\/p>\n<p>Die Autorin liefert in ihrer Arbeit abschliessend wertvolle und praxisorientierte Handlungsempfehlungen f\u00fcr Stockwerkeigent\u00fcmer, die Verwaltungen von Stockwerkeigent\u00fcmerschaften sowie Unternehmen in der Energieberatungs- und Baubranche dahingehend, wie die Sanierungsgeschwindigkeit in Stockwerkeigent\u00fcmerschaften erh\u00f6ht werden kann.<\/p>\n<h3><strong>Die Vergabe des UBS-Nachhaltigkeitspreises <\/strong><\/h3>\n<p>Bereits zum f\u00fcnften Mal in Folge vergibt die HWZ in Zusammenarbeit mit UBS den Nachhaltigkeitspreis f\u00fcr herausragende Bachelorarbeiten. Mit der Auszeichnung will die Jury insbesondere die Relevanz des Themas, die vorbildliche wissenschaftliche Herangehensweise von Frau Seferovic sowie den durch die gegebenen Handlungsempfehlungen hohen praktischen Nutzen der Arbeit w\u00fcrdigen. Der Preis wurde im Rahmen der Bachelor-Diplomfeier der HWZ am Mittwoch, 4. Oktober 2023 \u00fcberreicht.<\/p>\n<p><em>Quelle: <a href=\"https:\/\/fh-hwz.ch\/?utm_term=hwz&amp;utm_campaign=(p_dach)(g_commitment)(o_conversions)(i_dach)(n_gsn)(t_brand)(f_std-gsn)&amp;utm_source=adwords&amp;utm_medium=ppc&amp;hsa_acc=7787536494&amp;hsa_cam=177794120&amp;hsa_grp=10650888320&amp;hsa_ad=358492847932&amp;hsa_src=g&amp;hsa_tgt=kwd-760397562&amp;hsa_kw=hwz&amp;hsa_mt=e&amp;hsa_net=adwords&amp;hsa_ver=3&amp;gad=1&amp;gclid=EAIaIQobChMIurLzw4HrgQMV-pRoCR1x7QQpEAAYASAAEgI7LfD_BwE\">www.fh-hwz.ch\u00a0<\/a><\/em><\/p>\n","protected":false},"excerpt":{"rendered":"<p>Viele Liegenschaften im Stockwerkeigentum sind dringend energetisch sanierungsbed\u00fcrftig, allerdings stossen Sanierungsvorhaben in den Stockwerkeigent\u00fcmerversammlungen oft auf Widerstand. Angesichts des Klimawandels ist es jedoch entscheidend, die Sanierungsgeschwindigkeit zu erh\u00f6hen. Die angestrebte Beschleunigung der energetischen Sanierung von Stockwerkeigent\u00fcmerschaften steht im Fokus der Bachelor-Thesis von Medina Seferovic. Sie ist die diesj\u00e4hrige Gewinnerin des von UBS verliehenen Nachhaltigkeitspreises f\u00fcr herausragende Bachelorarbeiten der HWZ-Hochschule f\u00fcr Wirtschaft Z\u00fcrich und leistet mit ihrer Arbeit einen wertvollen Beitrag zur Nachhaltigkeit im Geb\u00e4udesektor. <\/p>\n","protected":false},"author":58,"featured_media":22219,"comment_status":"closed","ping_status":"closed","sticky":false,"template":"","format":"standard","meta":{"_acf_changed":false,"_yoast_wpseo_focuskw":"Nachhaltigkeitspreis","_yoast_wpseo_metadesc":"Medina Seferovic gewinnt dieses Jahr den UBS-Nachhaltigkeitspreis f\u00fcr herausragende Bachelorarbeiten der HWZ.","articlekey":"","footnotes":""},"categories":[580],"tags":[62,66,358],"class_list":["post-22218","post","type-post","status-publish","format-standard","has-post-thumbnail","hentry","category-sustainability","tag-aus-weiterbildung","tag-awards","tag-nachhaltige-wirtschaft"],"acf":[],"yoast_head":"<!-- This site is optimized with the Yoast SEO plugin v27.5 - https:\/\/yoast.com\/product\/yoast-seo-wordpress\/ -->\n<title>HWZ: Verleihung des Nachhaltigkeitspreises - Organisator<\/title>\n<meta name=\"description\" content=\"Medina Seferovic gewinnt dieses Jahr den UBS-Nachhaltigkeitspreis f\u00fcr herausragende Bachelorarbeiten der HWZ.\" \/>\n<meta name=\"robots\" content=\"index, follow, max-snippet:-1, max-image-preview:large, max-video-preview:-1\" \/>\n<link rel=\"canonical\" href=\"https:\/\/www.organisator.ch\/de\/sustainability\/2023-10-10\/hwz-verleihung-des-nachhaltigkeitspreises\/\" \/>\n<meta property=\"og:locale\" content=\"de_DE\" \/>\n<meta property=\"og:type\" content=\"article\" \/>\n<meta property=\"og:title\" content=\"HWZ: Verleihung des Nachhaltigkeitspreises\" \/>\n<meta property=\"og:description\" content=\"Medina Seferovic gewinnt dieses Jahr den UBS-Nachhaltigkeitspreis f\u00fcr herausragende Bachelorarbeiten der HWZ.\" \/>\n<meta property=\"og:url\" content=\"https:\/\/www.organisator.ch\/de\/sustainability\/2023-10-10\/hwz-verleihung-des-nachhaltigkeitspreises\/\" \/>\n<meta property=\"og:site_name\" content=\"Organisator\" \/>\n<meta property=\"article:publisher\" content=\"https:\/\/www.facebook.com\/OrganisatorFachmagazin\" \/>\n<meta property=\"article:published_time\" content=\"2023-10-10T08:39:13+00:00\" \/>\n<meta property=\"article:modified_time\" content=\"2023-10-10T09:41:10+00:00\" \/>\n<meta property=\"og:image\" content=\"https:\/\/www.organisator.ch\/wp-content\/uploads\/2023\/10\/Nachhaltigkeitspreis-HWZ_Bild1_ps.jpg\" \/>\n\t<meta property=\"og:image:width\" content=\"680\" \/>\n\t<meta property=\"og:image:height\" content=\"453\" \/>\n\t<meta property=\"og:image:type\" content=\"image\/jpeg\" \/>\n<meta name=\"author\" content=\"Adelisa Kalajdzini\" \/>\n<meta name=\"twitter:card\" content=\"summary_large_image\" \/>\n<meta name=\"twitter:title\" content=\"HWZ: Verleihung des #Nachhaltigkeitspreises\" \/>\n<meta name=\"twitter:description\" content=\"Medina Seferovic gewinnt dieses Jahr den UBS-#Nachhaltigkeitspreis f\u00fcr herausragende #Bachelorarbeiten der HWZ.\" \/>\n<meta name=\"twitter:image\" content=\"https:\/\/www.organisator.ch\/wp-content\/uploads\/2023\/10\/Nachhaltigkeitspreis-HWZ_Bild1_ps.jpg\" \/>\n<script type=\"application\/ld+json\" class=\"yoast-schema-graph\">{\"@context\":\"https:\\\/\\\/schema.org\",\"@graph\":[{\"@type\":\"Article\",\"@id\":\"https:\\\/\\\/www.organisator.ch\\\/sustainability\\\/2023-10-10\\\/hwz-verleihung-des-nachhaltigkeitspreises\\\/#article\",\"isPartOf\":{\"@id\":\"https:\\\/\\\/www.organisator.ch\\\/sustainability\\\/2023-10-10\\\/hwz-verleihung-des-nachhaltigkeitspreises\\\/\"},\"author\":{\"name\":\"Adelisa Kalajdzini\",\"@id\":\"https:\\\/\\\/www.organisator.ch\\\/#\\\/schema\\\/person\\\/2e1314a2172123f874db408d8911d3f3\"},\"headline\":\"HWZ: Verleihung des Nachhaltigkeitspreises\",\"datePublished\":\"2023-10-10T08:39:13+00:00\",\"dateModified\":\"2023-10-10T09:41:10+00:00\",\"mainEntityOfPage\":{\"@id\":\"https:\\\/\\\/www.organisator.ch\\\/sustainability\\\/2023-10-10\\\/hwz-verleihung-des-nachhaltigkeitspreises\\\/\"},\"wordCount\":443,\"publisher\":{\"@id\":\"https:\\\/\\\/www.organisator.ch\\\/#organization\"},\"image\":{\"@id\":\"https:\\\/\\\/www.organisator.ch\\\/sustainability\\\/2023-10-10\\\/hwz-verleihung-des-nachhaltigkeitspreises\\\/#primaryimage\"},\"thumbnailUrl\":\"https:\\\/\\\/www.organisator.ch\\\/wp-content\\\/uploads\\\/2023\\\/10\\\/Nachhaltigkeitspreis-HWZ_Bild1_ps.jpg\",\"keywords\":[\"Aus-\\\/Weiterbildung\",\"Awards\",\"Nachhaltige Wirtschaft\"],\"articleSection\":[\"SUSTAINABILITY\"],\"inLanguage\":\"de\"},{\"@type\":\"WebPage\",\"@id\":\"https:\\\/\\\/www.organisator.ch\\\/sustainability\\\/2023-10-10\\\/hwz-verleihung-des-nachhaltigkeitspreises\\\/\",\"url\":\"https:\\\/\\\/www.organisator.ch\\\/sustainability\\\/2023-10-10\\\/hwz-verleihung-des-nachhaltigkeitspreises\\\/\",\"name\":\"HWZ: Verleihung des Nachhaltigkeitspreises - Organisator\",\"isPartOf\":{\"@id\":\"https:\\\/\\\/www.organisator.ch\\\/#website\"},\"primaryImageOfPage\":{\"@id\":\"https:\\\/\\\/www.organisator.ch\\\/sustainability\\\/2023-10-10\\\/hwz-verleihung-des-nachhaltigkeitspreises\\\/#primaryimage\"},\"image\":{\"@id\":\"https:\\\/\\\/www.organisator.ch\\\/sustainability\\\/2023-10-10\\\/hwz-verleihung-des-nachhaltigkeitspreises\\\/#primaryimage\"},\"thumbnailUrl\":\"https:\\\/\\\/www.organisator.ch\\\/wp-content\\\/uploads\\\/2023\\\/10\\\/Nachhaltigkeitspreis-HWZ_Bild1_ps.jpg\",\"datePublished\":\"2023-10-10T08:39:13+00:00\",\"dateModified\":\"2023-10-10T09:41:10+00:00\",\"description\":\"Medina Seferovic gewinnt dieses Jahr den UBS-Nachhaltigkeitspreis f\u00fcr herausragende Bachelorarbeiten der HWZ.\",\"breadcrumb\":{\"@id\":\"https:\\\/\\\/www.organisator.ch\\\/sustainability\\\/2023-10-10\\\/hwz-verleihung-des-nachhaltigkeitspreises\\\/#breadcrumb\"},\"inLanguage\":\"de\",\"potentialAction\":[{\"@type\":\"ReadAction\",\"target\":[\"https:\\\/\\\/www.organisator.ch\\\/sustainability\\\/2023-10-10\\\/hwz-verleihung-des-nachhaltigkeitspreises\\\/\"]}]},{\"@type\":\"ImageObject\",\"inLanguage\":\"de\",\"@id\":\"https:\\\/\\\/www.organisator.ch\\\/sustainability\\\/2023-10-10\\\/hwz-verleihung-des-nachhaltigkeitspreises\\\/#primaryimage\",\"url\":\"https:\\\/\\\/www.organisator.ch\\\/wp-content\\\/uploads\\\/2023\\\/10\\\/Nachhaltigkeitspreis-HWZ_Bild1_ps.jpg\",\"contentUrl\":\"https:\\\/\\\/www.organisator.ch\\\/wp-content\\\/uploads\\\/2023\\\/10\\\/Nachhaltigkeitspreis-HWZ_Bild1_ps.jpg\",\"width\":680,\"height\":453,\"caption\":\"v. l. n. r.: Andrea G\u00e4umann, Senior Beraterin bei der BHP \u2013 Brugger und Partner AG und Jurymitglied des Nachhaltigkeitspreises, Medina Seferovic, Absolventin Bachelor Betriebs\u00f6konomie HWZ und Preistr\u00e4gerin, und Prof. Matthias R\u00fcegg, Rektor HWZ. (Bild: Louis Rosenthal, www.fh-hwz.ch)\"},{\"@type\":\"BreadcrumbList\",\"@id\":\"https:\\\/\\\/www.organisator.ch\\\/sustainability\\\/2023-10-10\\\/hwz-verleihung-des-nachhaltigkeitspreises\\\/#breadcrumb\",\"itemListElement\":[{\"@type\":\"ListItem\",\"position\":1,\"name\":\"Home\",\"item\":\"https:\\\/\\\/www.organisator.ch\\\/\"},{\"@type\":\"ListItem\",\"position\":2,\"name\":\"HWZ: Verleihung des Nachhaltigkeitspreises\"}]},{\"@type\":\"WebSite\",\"@id\":\"https:\\\/\\\/www.organisator.ch\\\/#website\",\"url\":\"https:\\\/\\\/www.organisator.ch\\\/\",\"name\":\"Organisator\",\"description\":\"Kompetent. Praxisnah. Der ORGANISATOR bereitet in 10 Ausgaben pro Jahr die wesentlichen Themen f\u00fcr F\u00fchrungskr\u00e4fte von KMU auf.\",\"publisher\":{\"@id\":\"https:\\\/\\\/www.organisator.ch\\\/#organization\"},\"potentialAction\":[{\"@type\":\"SearchAction\",\"target\":{\"@type\":\"EntryPoint\",\"urlTemplate\":\"https:\\\/\\\/www.organisator.ch\\\/?s={search_term_string}\"},\"query-input\":{\"@type\":\"PropertyValueSpecification\",\"valueRequired\":true,\"valueName\":\"search_term_string\"}}],\"inLanguage\":\"de\"},{\"@type\":\"Organization\",\"@id\":\"https:\\\/\\\/www.organisator.ch\\\/#organization\",\"name\":\"Organisator\",\"url\":\"https:\\\/\\\/www.organisator.ch\\\/\",\"logo\":{\"@type\":\"ImageObject\",\"inLanguage\":\"de\",\"@id\":\"https:\\\/\\\/www.organisator.ch\\\/#\\\/schema\\\/logo\\\/image\\\/\",\"url\":\"https:\\\/\\\/www.organisator.ch\\\/wp-content\\\/uploads\\\/2022\\\/01\\\/Logo_Organisator_Website.png\",\"contentUrl\":\"https:\\\/\\\/www.organisator.ch\\\/wp-content\\\/uploads\\\/2022\\\/01\\\/Logo_Organisator_Website.png\",\"width\":800,\"height\":77,\"caption\":\"Organisator\"},\"image\":{\"@id\":\"https:\\\/\\\/www.organisator.ch\\\/#\\\/schema\\\/logo\\\/image\\\/\"},\"sameAs\":[\"https:\\\/\\\/www.facebook.com\\\/OrganisatorFachmagazin\",\"https:\\\/\\\/www.linkedin.com\\\/showcase\\\/organisator-das-magazin-fr-kmu\",\"https:\\\/\\\/www.xing.com\\\/news\\\/pages\\\/organisator-ch-695\",\"https:\\\/\\\/www.youtube.com\\\/channel\\\/UCGP2Sq0iWaZwT3BdIAQFYpw\"]},{\"@type\":\"Person\",\"@id\":\"https:\\\/\\\/www.organisator.ch\\\/#\\\/schema\\\/person\\\/2e1314a2172123f874db408d8911d3f3\",\"name\":\"Adelisa Kalajdzini\",\"image\":{\"@type\":\"ImageObject\",\"inLanguage\":\"de\",\"@id\":\"https:\\\/\\\/secure.gravatar.com\\\/avatar\\\/09a397c22ac58cad6f160ee8306348599df9df58a8ede73696226897b9fa4b24?s=96&d=mm&r=g\",\"url\":\"https:\\\/\\\/secure.gravatar.com\\\/avatar\\\/09a397c22ac58cad6f160ee8306348599df9df58a8ede73696226897b9fa4b24?s=96&d=mm&r=g\",\"contentUrl\":\"https:\\\/\\\/secure.gravatar.com\\\/avatar\\\/09a397c22ac58cad6f160ee8306348599df9df58a8ede73696226897b9fa4b24?s=96&d=mm&r=g\",\"caption\":\"Adelisa Kalajdzini\"},\"url\":\"https:\\\/\\\/www.organisator.ch\\\/de\\\/author\\\/adelisa-kalajdzini\\\/\"}]}<\/script>\n<!-- \/ Yoast SEO plugin. -->","yoast_head_json":{"title":"HWZ: Verleihung des Nachhaltigkeitspreises - Organisator","description":"Medina Seferovic gewinnt dieses Jahr den UBS-Nachhaltigkeitspreis f\u00fcr herausragende Bachelorarbeiten der HWZ.","robots":{"index":"index","follow":"follow","max-snippet":"max-snippet:-1","max-image-preview":"max-image-preview:large","max-video-preview":"max-video-preview:-1"},"canonical":"https:\/\/www.organisator.ch\/de\/sustainability\/2023-10-10\/hwz-verleihung-des-nachhaltigkeitspreises\/","og_locale":"de_DE","og_type":"article","og_title":"HWZ: Verleihung des Nachhaltigkeitspreises","og_description":"Medina Seferovic gewinnt dieses Jahr den UBS-Nachhaltigkeitspreis f\u00fcr herausragende Bachelorarbeiten der HWZ.","og_url":"https:\/\/www.organisator.ch\/de\/sustainability\/2023-10-10\/hwz-verleihung-des-nachhaltigkeitspreises\/","og_site_name":"Organisator","article_publisher":"https:\/\/www.facebook.com\/OrganisatorFachmagazin","article_published_time":"2023-10-10T08:39:13+00:00","article_modified_time":"2023-10-10T09:41:10+00:00","og_image":[{"width":680,"height":453,"url":"https:\/\/www.organisator.ch\/wp-content\/uploads\/2023\/10\/Nachhaltigkeitspreis-HWZ_Bild1_ps.jpg","type":"image\/jpeg"}],"author":"Adelisa Kalajdzini","twitter_card":"summary_large_image","twitter_title":"HWZ: Verleihung des #Nachhaltigkeitspreises","twitter_description":"Medina Seferovic gewinnt dieses Jahr den UBS-#Nachhaltigkeitspreis f\u00fcr herausragende #Bachelorarbeiten der HWZ.","twitter_image":"https:\/\/www.organisator.ch\/wp-content\/uploads\/2023\/10\/Nachhaltigkeitspreis-HWZ_Bild1_ps.jpg","schema":{"@context":"https:\/\/schema.org","@graph":[{"@type":"Article","@id":"https:\/\/www.organisator.ch\/sustainability\/2023-10-10\/hwz-verleihung-des-nachhaltigkeitspreises\/#article","isPartOf":{"@id":"https:\/\/www.organisator.ch\/sustainability\/2023-10-10\/hwz-verleihung-des-nachhaltigkeitspreises\/"},"author":{"name":"Adelisa Kalajdzini","@id":"https:\/\/www.organisator.ch\/#\/schema\/person\/2e1314a2172123f874db408d8911d3f3"},"headline":"HWZ: Verleihung des Nachhaltigkeitspreises","datePublished":"2023-10-10T08:39:13+00:00","dateModified":"2023-10-10T09:41:10+00:00","mainEntityOfPage":{"@id":"https:\/\/www.organisator.ch\/sustainability\/2023-10-10\/hwz-verleihung-des-nachhaltigkeitspreises\/"},"wordCount":443,"publisher":{"@id":"https:\/\/www.organisator.ch\/#organization"},"image":{"@id":"https:\/\/www.organisator.ch\/sustainability\/2023-10-10\/hwz-verleihung-des-nachhaltigkeitspreises\/#primaryimage"},"thumbnailUrl":"https:\/\/www.organisator.ch\/wp-content\/uploads\/2023\/10\/Nachhaltigkeitspreis-HWZ_Bild1_ps.jpg","keywords":["Aus-\/Weiterbildung","Awards","Nachhaltige Wirtschaft"],"articleSection":["SUSTAINABILITY"],"inLanguage":"de"},{"@type":"WebPage","@id":"https:\/\/www.organisator.ch\/sustainability\/2023-10-10\/hwz-verleihung-des-nachhaltigkeitspreises\/","url":"https:\/\/www.organisator.ch\/sustainability\/2023-10-10\/hwz-verleihung-des-nachhaltigkeitspreises\/","name":"HWZ: Verleihung des Nachhaltigkeitspreises - Organisator","isPartOf":{"@id":"https:\/\/www.organisator.ch\/#website"},"primaryImageOfPage":{"@id":"https:\/\/www.organisator.ch\/sustainability\/2023-10-10\/hwz-verleihung-des-nachhaltigkeitspreises\/#primaryimage"},"image":{"@id":"https:\/\/www.organisator.ch\/sustainability\/2023-10-10\/hwz-verleihung-des-nachhaltigkeitspreises\/#primaryimage"},"thumbnailUrl":"https:\/\/www.organisator.ch\/wp-content\/uploads\/2023\/10\/Nachhaltigkeitspreis-HWZ_Bild1_ps.jpg","datePublished":"2023-10-10T08:39:13+00:00","dateModified":"2023-10-10T09:41:10+00:00","description":"Medina Seferovic gewinnt dieses Jahr den UBS-Nachhaltigkeitspreis f\u00fcr herausragende Bachelorarbeiten der HWZ.","breadcrumb":{"@id":"https:\/\/www.organisator.ch\/sustainability\/2023-10-10\/hwz-verleihung-des-nachhaltigkeitspreises\/#breadcrumb"},"inLanguage":"de","potentialAction":[{"@type":"ReadAction","target":["https:\/\/www.organisator.ch\/sustainability\/2023-10-10\/hwz-verleihung-des-nachhaltigkeitspreises\/"]}]},{"@type":"ImageObject","inLanguage":"de","@id":"https:\/\/www.organisator.ch\/sustainability\/2023-10-10\/hwz-verleihung-des-nachhaltigkeitspreises\/#primaryimage","url":"https:\/\/www.organisator.ch\/wp-content\/uploads\/2023\/10\/Nachhaltigkeitspreis-HWZ_Bild1_ps.jpg","contentUrl":"https:\/\/www.organisator.ch\/wp-content\/uploads\/2023\/10\/Nachhaltigkeitspreis-HWZ_Bild1_ps.jpg","width":680,"height":453,"caption":"v. l. n. r.: Andrea G\u00e4umann, Senior Beraterin bei der BHP \u2013 Brugger und Partner AG und Jurymitglied des Nachhaltigkeitspreises, Medina Seferovic, Absolventin Bachelor Betriebs\u00f6konomie HWZ und Preistr\u00e4gerin, und Prof. Matthias R\u00fcegg, Rektor HWZ. (Bild: Louis Rosenthal, www.fh-hwz.ch)"},{"@type":"BreadcrumbList","@id":"https:\/\/www.organisator.ch\/sustainability\/2023-10-10\/hwz-verleihung-des-nachhaltigkeitspreises\/#breadcrumb","itemListElement":[{"@type":"ListItem","position":1,"name":"Home","item":"https:\/\/www.organisator.ch\/"},{"@type":"ListItem","position":2,"name":"HWZ: Verleihung des Nachhaltigkeitspreises"}]},{"@type":"WebSite","@id":"https:\/\/www.organisator.ch\/#website","url":"https:\/\/www.organisator.ch\/","name":"Organisator","description":"Kompetent. Praxisnah. Der ORGANISATOR bereitet in 10 Ausgaben pro Jahr die wesentlichen Themen f\u00fcr F\u00fchrungskr\u00e4fte von KMU auf.","publisher":{"@id":"https:\/\/www.organisator.ch\/#organization"},"potentialAction":[{"@type":"SearchAction","target":{"@type":"EntryPoint","urlTemplate":"https:\/\/www.organisator.ch\/?s={search_term_string}"},"query-input":{"@type":"PropertyValueSpecification","valueRequired":true,"valueName":"search_term_string"}}],"inLanguage":"de"},{"@type":"Organization","@id":"https:\/\/www.organisator.ch\/#organization","name":"Organisator","url":"https:\/\/www.organisator.ch\/","logo":{"@type":"ImageObject","inLanguage":"de","@id":"https:\/\/www.organisator.ch\/#\/schema\/logo\/image\/","url":"https:\/\/www.organisator.ch\/wp-content\/uploads\/2022\/01\/Logo_Organisator_Website.png","contentUrl":"https:\/\/www.organisator.ch\/wp-content\/uploads\/2022\/01\/Logo_Organisator_Website.png","width":800,"height":77,"caption":"Organisator"},"image":{"@id":"https:\/\/www.organisator.ch\/#\/schema\/logo\/image\/"},"sameAs":["https:\/\/www.facebook.com\/OrganisatorFachmagazin","https:\/\/www.linkedin.com\/showcase\/organisator-das-magazin-fr-kmu","https:\/\/www.xing.com\/news\/pages\/organisator-ch-695","https:\/\/www.youtube.com\/channel\/UCGP2Sq0iWaZwT3BdIAQFYpw"]},{"@type":"Person","@id":"https:\/\/www.organisator.ch\/#\/schema\/person\/2e1314a2172123f874db408d8911d3f3","name":"Adelisa Kalajdzini","image":{"@type":"ImageObject","inLanguage":"de","@id":"https:\/\/secure.gravatar.com\/avatar\/09a397c22ac58cad6f160ee8306348599df9df58a8ede73696226897b9fa4b24?s=96&d=mm&r=g","url":"https:\/\/secure.gravatar.com\/avatar\/09a397c22ac58cad6f160ee8306348599df9df58a8ede73696226897b9fa4b24?s=96&d=mm&r=g","contentUrl":"https:\/\/secure.gravatar.com\/avatar\/09a397c22ac58cad6f160ee8306348599df9df58a8ede73696226897b9fa4b24?s=96&d=mm&r=g","caption":"Adelisa Kalajdzini"},"url":"https:\/\/www.organisator.ch\/de\/author\/adelisa-kalajdzini\/"}]}},"_links":{"self":[{"href":"https:\/\/www.organisator.ch\/de\/wp-json\/wp\/v2\/posts\/22218","targetHints":{"allow":["GET"]}}],"collection":[{"href":"https:\/\/www.organisator.ch\/de\/wp-json\/wp\/v2\/posts"}],"about":[{"href":"https:\/\/www.organisator.ch\/de\/wp-json\/wp\/v2\/types\/post"}],"author":[{"embeddable":true,"href":"https:\/\/www.organisator.ch\/de\/wp-json\/wp\/v2\/users\/58"}],"replies":[{"embeddable":true,"href":"https:\/\/www.organisator.ch\/de\/wp-json\/wp\/v2\/comments?post=22218"}],"version-history":[{"count":12,"href":"https:\/\/www.organisator.ch\/de\/wp-json\/wp\/v2\/posts\/22218\/revisions"}],"predecessor-version":[{"id":22234,"href":"https:\/\/www.organisator.ch\/de\/wp-json\/wp\/v2\/posts\/22218\/revisions\/22234"}],"wp:featuredmedia":[{"embeddable":true,"href":"https:\/\/www.organisator.ch\/de\/wp-json\/wp\/v2\/media\/22219"}],"wp:attachment":[{"href":"https:\/\/www.organisator.ch\/de\/wp-json\/wp\/v2\/media?parent=22218"}],"wp:term":[{"taxonomy":"category","embeddable":true,"href":"https:\/\/www.organisator.ch\/de\/wp-json\/wp\/v2\/categories?post=22218"},{"taxonomy":"post_tag","embeddable":true,"href":"https:\/\/www.organisator.ch\/de\/wp-json\/wp\/v2\/tags?post=22218"}],"curies":[{"name":"wp","href":"https:\/\/api.w.org\/{rel}","templated":true}]}}