{"id":2222,"date":"2019-06-20T08:43:54","date_gmt":"2019-06-20T06:43:54","guid":{"rendered":"https:\/\/www.umweltperspektiven.ch\/?p=2222"},"modified":"2022-02-09T11:10:06","modified_gmt":"2022-02-09T10:10:06","slug":"swiss-sustainable-finance-legt-an-jubilaeumsanlass-schwergewicht-auf-nachhaltigen-schweizer-finanzplatz","status":"publish","type":"post","link":"https:\/\/www.organisator.ch\/de\/sustainability\/2019-06-20\/swiss-sustainable-finance-legt-an-jubilaeumsanlass-schwergewicht-auf-nachhaltigen-schweizer-finanzplatz\/","title":{"rendered":"Swiss Sustainable Finance legt an Jubil\u00e4umsanlass Schwergewicht auf nachhaltigen Schweizer Finanzplatz"},"content":{"rendered":"<figure id=\"attachment_2223\" aria-describedby=\"caption-attachment-2223\" style=\"width: 680px\" class=\"wp-caption alignnone\"><img loading=\"lazy\" decoding=\"async\" class=\"size-medium wp-image-2223\" src=\"\/\/www.umweltperspektiven.ch\/wp-content\/uploads\/2019\/06\/19-06-SSF-Annual-Conference-2019_Sven-Gentner.jpg\" alt=\"\" width=\"680\" height=\"453\" \/><figcaption id=\"caption-attachment-2223\" class=\"wp-caption-text\">Sven Gentner, Leiter Asset Management bei der EU Kommission, ging auf die in dieser Woche publizierten Berichte zu den EURegulierungen f\u00fcr nachhaltige Finanzen ein. (Bild: zVg)<\/figcaption><\/figure>\n<p>Die Jahreskonferenz von Swiss Sustainable Finance (SSF), welche am 19. Juni 2019 in Bern stattgefunden hat, best\u00e4tigte einmal mehr die Wichtigkeit der Nachhaltigkeit f\u00fcr die Schweizer Finanzbranche.<\/p>\n<p><strong>Bundespr\u00e4sident betont Verantwortung der Branche f\u00fcr mehr Nachhaltigkeit<\/strong><\/p>\n<p>So unterstrich Bundespr\u00e4sident Ueli Maurer in seiner Rede die zunehmende Bedeutung nachhaltiger Finanzdienstleistungen f\u00fcr die Wettbewerbsf\u00e4higkeit des Schweizer Finanzplatzes. Bei der Umsetzung entsprechender Massnahme sieht er die Branche in der Hauptverantwortung, auch wenn diese auf klare Rahmenbedingungen und Definitionen angewiesen sei.<\/p>\n<p><strong>Europ\u00e4ische Regulierung wirkt auch auf Schweizer Anbieter<\/strong><br \/>\nDie Innovationskraft Schweizer Start-Ups wurde in den Pr\u00e4sentationen von drei Jungunternehmen belegt, die mit ihren Produkten allesamt zu einer klimavertr\u00e4glicheren Wirtschaft beitragen. In der anschliessenden Diskussion mit den Gesch\u00e4ftsleiterinnen von Innosuisse und EIT Climate KIC sowie einem Start-Up-Investor wurden vermehrte Gef\u00e4sse f\u00fcr Startup-Investments als wichtiger Faktor f\u00fcr die F\u00f6rderung von Jungunternehmen identifiziert. Sven Gentner, Head Asset Management bei der DG FISMA der Europ\u00e4ischen Kommission, gab einen zeitnahen Einblick in die j\u00fcngst ver\u00f6ffentlichten Berichte zu den EU-Regulierungen f\u00fcr nachhaltige Finanzen und machte klar, dass diese auch Schweizer Finanzdienstleister direkt betreffen w\u00fcrden, zumindest wenn sie grenz\u00fcberschreitend t\u00e4tig seien. Vertreter institutioneller Anleger und der Gesch\u00e4ftsf\u00fchrer der Swiss Funds &amp; Asset Management Association (SFAMA) debattierten die Rolle des Gesetzgebers in der Schweiz und waren der Ansicht, freiwillige Massnahmen seien die erste Wahl.<\/p>\n<p><strong>SSF Mitgliederzahl hat sich seit Gr\u00fcndung verdoppelt<\/strong><br \/>\nSSF z\u00e4hlt mit 128 Mitgliedern doppelt so viele wie bei der Gr\u00fcndung \u2013 und 28% mehr als im Vorjahr. Besonders erfreulich war die Zuwachsrate in der Kategorie \u00abAsset Owners\u00bb, kamen doch in den letzten 12 Monaten 5 Vertreter dieser Kategorie neu dazu. Mit der Wahl der drei neuen Mitglieder Giovanni Vergani, Pensionskasse der Stadt Lugano, als Vertreter f\u00fcr Asset Owner, Dominique Habegger, de Pury Pictet Turrettini &amp; Cie., als Vertreter f\u00fcr Asset Manager und Vincent Kaufmann, Ethos, als Vertreter f\u00fcr Service Provider, gewinnt der SSF-Vorstand wichtiges Know-How hinzu.<\/p>\n<p><a href=\"\/\/www.sustainablefinance.ch\">sustainablefinance.ch<\/a><\/p>\n<p>&nbsp;<\/p>\n<p>&nbsp;<\/p>\n<p>&nbsp;<\/p>\n","protected":false},"excerpt":{"rendered":"<p>Die Jahreskonferenz von Swiss Sustainable Finance (SSF), welche am 19. Juni 2019 in Bern stattgefunden hat, best\u00e4tigte einmal mehr die Wichtigkeit der Nachhaltigkeit f\u00fcr die Schweizer Finanzbranche. Bundespr\u00e4sident betont Verantwortung der Branche f\u00fcr mehr Nachhaltigkeit So unterstrich Bundespr\u00e4sident Ueli Maurer in seiner Rede die zunehmende Bedeutung nachhaltiger Finanzdienstleistungen f\u00fcr die Wettbewerbsf\u00e4higkeit des Schweizer Finanzplatzes. Bei [&hellip;]<\/p>\n","protected":false},"author":5,"featured_media":2223,"comment_status":"open","ping_status":"open","sticky":false,"template":"","format":"standard","meta":{"_acf_changed":false,"_yoast_wpseo_focuskw":"Swiss Sustainable Finance","_yoast_wpseo_metadesc":"Swiss Sustainable Finance (SSF) feierte in Bern das f\u00fcnfj\u00e4hrige Bestehen. Als Ehrengast konnte Bundespr\u00e4sident Ueli Maurer gewonnen werden.","articlekey":"","footnotes":""},"categories":[580],"tags":[1175,1465,358,424],"class_list":["post-2222","post","type-post","status-publish","format-standard","has-post-thumbnail","hentry","category-sustainability","tag-finance","tag-jubilaeumsversammlung","tag-nachhaltige-wirtschaft","tag-schweiz"],"acf":[],"yoast_head":"<!-- This site is optimized with the Yoast SEO plugin v27.5 - https:\/\/yoast.com\/product\/yoast-seo-wordpress\/ -->\n<title>Swiss Sustainable Finance legt an Jubil\u00e4umsanlass Schwergewicht auf nachhaltigen Schweizer Finanzplatz - Organisator<\/title>\n<meta name=\"description\" content=\"Swiss Sustainable Finance (SSF) feierte in Bern das f\u00fcnfj\u00e4hrige Bestehen. Als Ehrengast konnte Bundespr\u00e4sident Ueli Maurer gewonnen werden.\" \/>\n<meta name=\"robots\" content=\"index, follow, max-snippet:-1, max-image-preview:large, max-video-preview:-1\" \/>\n<link rel=\"canonical\" href=\"https:\/\/www.organisator.ch\/de\/sustainability\/2019-06-20\/swiss-sustainable-finance-legt-an-jubilaeumsanlass-schwergewicht-auf-nachhaltigen-schweizer-finanzplatz\/\" \/>\n<meta property=\"og:locale\" content=\"de_DE\" \/>\n<meta property=\"og:type\" content=\"article\" \/>\n<meta property=\"og:title\" content=\"Swiss Sustainable Finance legt an Jubil\u00e4umsanlass Schwergewicht auf nachhaltigen Schweizer Finanzplatz - Organisator\" \/>\n<meta property=\"og:description\" content=\"Swiss Sustainable Finance (SSF) feierte in Bern das f\u00fcnfj\u00e4hrige Bestehen. Als Ehrengast konnte Bundespr\u00e4sident Ueli Maurer gewonnen werden.\" \/>\n<meta property=\"og:url\" content=\"https:\/\/www.organisator.ch\/de\/sustainability\/2019-06-20\/swiss-sustainable-finance-legt-an-jubilaeumsanlass-schwergewicht-auf-nachhaltigen-schweizer-finanzplatz\/\" \/>\n<meta property=\"og:site_name\" content=\"Organisator\" \/>\n<meta property=\"article:publisher\" content=\"https:\/\/www.facebook.com\/OrganisatorFachmagazin\" \/>\n<meta property=\"article:published_time\" content=\"2019-06-20T06:43:54+00:00\" \/>\n<meta property=\"article:modified_time\" content=\"2022-02-09T10:10:06+00:00\" \/>\n<meta property=\"og:image\" content=\"https:\/\/www.organisator.ch\/wp-content\/uploads\/2019\/06\/19-06-SSF-Annual-Conference-2019_Sven-Gentner-scaled.jpg\" \/>\n\t<meta property=\"og:image:width\" content=\"2560\" \/>\n\t<meta property=\"og:image:height\" content=\"1707\" \/>\n\t<meta property=\"og:image:type\" content=\"image\/jpeg\" \/>\n<meta name=\"author\" content=\"michael.merz\" \/>\n<meta name=\"twitter:card\" content=\"summary_large_image\" \/>\n<script type=\"application\/ld+json\" class=\"yoast-schema-graph\">{\"@context\":\"https:\\\/\\\/schema.org\",\"@graph\":[{\"@type\":\"Article\",\"@id\":\"https:\\\/\\\/www.organisator.ch\\\/sustainability\\\/2019-06-20\\\/swiss-sustainable-finance-legt-an-jubilaeumsanlass-schwergewicht-auf-nachhaltigen-schweizer-finanzplatz\\\/#article\",\"isPartOf\":{\"@id\":\"https:\\\/\\\/www.organisator.ch\\\/sustainability\\\/2019-06-20\\\/swiss-sustainable-finance-legt-an-jubilaeumsanlass-schwergewicht-auf-nachhaltigen-schweizer-finanzplatz\\\/\"},\"author\":{\"name\":\"michael.merz\",\"@id\":\"https:\\\/\\\/www.organisator.ch\\\/#\\\/schema\\\/person\\\/134708ca9321c57b0362cceb7948ffbd\"},\"headline\":\"Swiss Sustainable Finance legt an Jubil\u00e4umsanlass Schwergewicht auf nachhaltigen Schweizer Finanzplatz\",\"datePublished\":\"2019-06-20T06:43:54+00:00\",\"dateModified\":\"2022-02-09T10:10:06+00:00\",\"mainEntityOfPage\":{\"@id\":\"https:\\\/\\\/www.organisator.ch\\\/sustainability\\\/2019-06-20\\\/swiss-sustainable-finance-legt-an-jubilaeumsanlass-schwergewicht-auf-nachhaltigen-schweizer-finanzplatz\\\/\"},\"wordCount\":380,\"commentCount\":0,\"publisher\":{\"@id\":\"https:\\\/\\\/www.organisator.ch\\\/#organization\"},\"image\":{\"@id\":\"https:\\\/\\\/www.organisator.ch\\\/sustainability\\\/2019-06-20\\\/swiss-sustainable-finance-legt-an-jubilaeumsanlass-schwergewicht-auf-nachhaltigen-schweizer-finanzplatz\\\/#primaryimage\"},\"thumbnailUrl\":\"https:\\\/\\\/www.organisator.ch\\\/wp-content\\\/uploads\\\/2019\\\/06\\\/19-06-SSF-Annual-Conference-2019_Sven-Gentner-scaled.jpg\",\"keywords\":[\"Finance\",\"Jubil\u00e4umsversammlung\",\"Nachhaltige Wirtschaft\",\"Schweiz\"],\"articleSection\":[\"SUSTAINABILITY\"],\"inLanguage\":\"de\"},{\"@type\":\"WebPage\",\"@id\":\"https:\\\/\\\/www.organisator.ch\\\/sustainability\\\/2019-06-20\\\/swiss-sustainable-finance-legt-an-jubilaeumsanlass-schwergewicht-auf-nachhaltigen-schweizer-finanzplatz\\\/\",\"url\":\"https:\\\/\\\/www.organisator.ch\\\/sustainability\\\/2019-06-20\\\/swiss-sustainable-finance-legt-an-jubilaeumsanlass-schwergewicht-auf-nachhaltigen-schweizer-finanzplatz\\\/\",\"name\":\"Swiss Sustainable Finance legt an Jubil\u00e4umsanlass Schwergewicht auf nachhaltigen Schweizer Finanzplatz - Organisator\",\"isPartOf\":{\"@id\":\"https:\\\/\\\/www.organisator.ch\\\/#website\"},\"primaryImageOfPage\":{\"@id\":\"https:\\\/\\\/www.organisator.ch\\\/sustainability\\\/2019-06-20\\\/swiss-sustainable-finance-legt-an-jubilaeumsanlass-schwergewicht-auf-nachhaltigen-schweizer-finanzplatz\\\/#primaryimage\"},\"image\":{\"@id\":\"https:\\\/\\\/www.organisator.ch\\\/sustainability\\\/2019-06-20\\\/swiss-sustainable-finance-legt-an-jubilaeumsanlass-schwergewicht-auf-nachhaltigen-schweizer-finanzplatz\\\/#primaryimage\"},\"thumbnailUrl\":\"https:\\\/\\\/www.organisator.ch\\\/wp-content\\\/uploads\\\/2019\\\/06\\\/19-06-SSF-Annual-Conference-2019_Sven-Gentner-scaled.jpg\",\"datePublished\":\"2019-06-20T06:43:54+00:00\",\"dateModified\":\"2022-02-09T10:10:06+00:00\",\"description\":\"Swiss Sustainable Finance (SSF) feierte in Bern das f\u00fcnfj\u00e4hrige Bestehen. Als Ehrengast konnte Bundespr\u00e4sident Ueli Maurer gewonnen werden.\",\"breadcrumb\":{\"@id\":\"https:\\\/\\\/www.organisator.ch\\\/sustainability\\\/2019-06-20\\\/swiss-sustainable-finance-legt-an-jubilaeumsanlass-schwergewicht-auf-nachhaltigen-schweizer-finanzplatz\\\/#breadcrumb\"},\"inLanguage\":\"de\",\"potentialAction\":[{\"@type\":\"ReadAction\",\"target\":[\"https:\\\/\\\/www.organisator.ch\\\/sustainability\\\/2019-06-20\\\/swiss-sustainable-finance-legt-an-jubilaeumsanlass-schwergewicht-auf-nachhaltigen-schweizer-finanzplatz\\\/\"]}]},{\"@type\":\"ImageObject\",\"inLanguage\":\"de\",\"@id\":\"https:\\\/\\\/www.organisator.ch\\\/sustainability\\\/2019-06-20\\\/swiss-sustainable-finance-legt-an-jubilaeumsanlass-schwergewicht-auf-nachhaltigen-schweizer-finanzplatz\\\/#primaryimage\",\"url\":\"https:\\\/\\\/www.organisator.ch\\\/wp-content\\\/uploads\\\/2019\\\/06\\\/19-06-SSF-Annual-Conference-2019_Sven-Gentner-scaled.jpg\",\"contentUrl\":\"https:\\\/\\\/www.organisator.ch\\\/wp-content\\\/uploads\\\/2019\\\/06\\\/19-06-SSF-Annual-Conference-2019_Sven-Gentner-scaled.jpg\",\"width\":2560,\"height\":1707,\"caption\":\"Sven Gentner, Leiter Asset Management bei der EU Kommission, ging auf die in dieser Woche publizierten Berichte zu den EURegulierungen f\u00fcr nachhaltige Finanzen ein. (Bild: zVg)\"},{\"@type\":\"BreadcrumbList\",\"@id\":\"https:\\\/\\\/www.organisator.ch\\\/sustainability\\\/2019-06-20\\\/swiss-sustainable-finance-legt-an-jubilaeumsanlass-schwergewicht-auf-nachhaltigen-schweizer-finanzplatz\\\/#breadcrumb\",\"itemListElement\":[{\"@type\":\"ListItem\",\"position\":1,\"name\":\"Home\",\"item\":\"https:\\\/\\\/www.organisator.ch\\\/\"},{\"@type\":\"ListItem\",\"position\":2,\"name\":\"Swiss Sustainable Finance legt an Jubil\u00e4umsanlass Schwergewicht auf nachhaltigen Schweizer Finanzplatz\"}]},{\"@type\":\"WebSite\",\"@id\":\"https:\\\/\\\/www.organisator.ch\\\/#website\",\"url\":\"https:\\\/\\\/www.organisator.ch\\\/\",\"name\":\"Organisator\",\"description\":\"Kompetent. Praxisnah. Der ORGANISATOR bereitet in 10 Ausgaben pro Jahr die wesentlichen Themen f\u00fcr F\u00fchrungskr\u00e4fte von KMU auf.\",\"publisher\":{\"@id\":\"https:\\\/\\\/www.organisator.ch\\\/#organization\"},\"potentialAction\":[{\"@type\":\"SearchAction\",\"target\":{\"@type\":\"EntryPoint\",\"urlTemplate\":\"https:\\\/\\\/www.organisator.ch\\\/?s={search_term_string}\"},\"query-input\":{\"@type\":\"PropertyValueSpecification\",\"valueRequired\":true,\"valueName\":\"search_term_string\"}}],\"inLanguage\":\"de\"},{\"@type\":\"Organization\",\"@id\":\"https:\\\/\\\/www.organisator.ch\\\/#organization\",\"name\":\"Organisator\",\"url\":\"https:\\\/\\\/www.organisator.ch\\\/\",\"logo\":{\"@type\":\"ImageObject\",\"inLanguage\":\"de\",\"@id\":\"https:\\\/\\\/www.organisator.ch\\\/#\\\/schema\\\/logo\\\/image\\\/\",\"url\":\"https:\\\/\\\/www.organisator.ch\\\/wp-content\\\/uploads\\\/2022\\\/01\\\/Logo_Organisator_Website.png\",\"contentUrl\":\"https:\\\/\\\/www.organisator.ch\\\/wp-content\\\/uploads\\\/2022\\\/01\\\/Logo_Organisator_Website.png\",\"width\":800,\"height\":77,\"caption\":\"Organisator\"},\"image\":{\"@id\":\"https:\\\/\\\/www.organisator.ch\\\/#\\\/schema\\\/logo\\\/image\\\/\"},\"sameAs\":[\"https:\\\/\\\/www.facebook.com\\\/OrganisatorFachmagazin\",\"https:\\\/\\\/www.linkedin.com\\\/showcase\\\/organisator-das-magazin-fr-kmu\",\"https:\\\/\\\/www.xing.com\\\/news\\\/pages\\\/organisator-ch-695\",\"https:\\\/\\\/www.youtube.com\\\/channel\\\/UCGP2Sq0iWaZwT3BdIAQFYpw\"]},{\"@type\":\"Person\",\"@id\":\"https:\\\/\\\/www.organisator.ch\\\/#\\\/schema\\\/person\\\/134708ca9321c57b0362cceb7948ffbd\",\"name\":\"michael.merz\",\"image\":{\"@type\":\"ImageObject\",\"inLanguage\":\"de\",\"@id\":\"https:\\\/\\\/secure.gravatar.com\\\/avatar\\\/?s=96&d=mm&r=g\",\"url\":\"https:\\\/\\\/secure.gravatar.com\\\/avatar\\\/?s=96&d=mm&r=g\",\"contentUrl\":\"https:\\\/\\\/secure.gravatar.com\\\/avatar\\\/?s=96&d=mm&r=g\",\"caption\":\"michael.merz\"},\"url\":\"https:\\\/\\\/www.organisator.ch\\\/de\\\/author\\\/michael-merz\\\/\"}]}<\/script>\n<!-- \/ Yoast SEO plugin. -->","yoast_head_json":{"title":"Swiss Sustainable Finance legt an Jubil\u00e4umsanlass Schwergewicht auf nachhaltigen Schweizer Finanzplatz - Organisator","description":"Swiss Sustainable Finance (SSF) feierte in Bern das f\u00fcnfj\u00e4hrige Bestehen. Als Ehrengast konnte Bundespr\u00e4sident Ueli Maurer gewonnen werden.","robots":{"index":"index","follow":"follow","max-snippet":"max-snippet:-1","max-image-preview":"max-image-preview:large","max-video-preview":"max-video-preview:-1"},"canonical":"https:\/\/www.organisator.ch\/de\/sustainability\/2019-06-20\/swiss-sustainable-finance-legt-an-jubilaeumsanlass-schwergewicht-auf-nachhaltigen-schweizer-finanzplatz\/","og_locale":"de_DE","og_type":"article","og_title":"Swiss Sustainable Finance legt an Jubil\u00e4umsanlass Schwergewicht auf nachhaltigen Schweizer Finanzplatz - Organisator","og_description":"Swiss Sustainable Finance (SSF) feierte in Bern das f\u00fcnfj\u00e4hrige Bestehen. Als Ehrengast konnte Bundespr\u00e4sident Ueli Maurer gewonnen werden.","og_url":"https:\/\/www.organisator.ch\/de\/sustainability\/2019-06-20\/swiss-sustainable-finance-legt-an-jubilaeumsanlass-schwergewicht-auf-nachhaltigen-schweizer-finanzplatz\/","og_site_name":"Organisator","article_publisher":"https:\/\/www.facebook.com\/OrganisatorFachmagazin","article_published_time":"2019-06-20T06:43:54+00:00","article_modified_time":"2022-02-09T10:10:06+00:00","og_image":[{"width":2560,"height":1707,"url":"https:\/\/www.organisator.ch\/wp-content\/uploads\/2019\/06\/19-06-SSF-Annual-Conference-2019_Sven-Gentner-scaled.jpg","type":"image\/jpeg"}],"author":"michael.merz","twitter_card":"summary_large_image","schema":{"@context":"https:\/\/schema.org","@graph":[{"@type":"Article","@id":"https:\/\/www.organisator.ch\/sustainability\/2019-06-20\/swiss-sustainable-finance-legt-an-jubilaeumsanlass-schwergewicht-auf-nachhaltigen-schweizer-finanzplatz\/#article","isPartOf":{"@id":"https:\/\/www.organisator.ch\/sustainability\/2019-06-20\/swiss-sustainable-finance-legt-an-jubilaeumsanlass-schwergewicht-auf-nachhaltigen-schweizer-finanzplatz\/"},"author":{"name":"michael.merz","@id":"https:\/\/www.organisator.ch\/#\/schema\/person\/134708ca9321c57b0362cceb7948ffbd"},"headline":"Swiss Sustainable Finance legt an Jubil\u00e4umsanlass Schwergewicht auf nachhaltigen Schweizer Finanzplatz","datePublished":"2019-06-20T06:43:54+00:00","dateModified":"2022-02-09T10:10:06+00:00","mainEntityOfPage":{"@id":"https:\/\/www.organisator.ch\/sustainability\/2019-06-20\/swiss-sustainable-finance-legt-an-jubilaeumsanlass-schwergewicht-auf-nachhaltigen-schweizer-finanzplatz\/"},"wordCount":380,"commentCount":0,"publisher":{"@id":"https:\/\/www.organisator.ch\/#organization"},"image":{"@id":"https:\/\/www.organisator.ch\/sustainability\/2019-06-20\/swiss-sustainable-finance-legt-an-jubilaeumsanlass-schwergewicht-auf-nachhaltigen-schweizer-finanzplatz\/#primaryimage"},"thumbnailUrl":"https:\/\/www.organisator.ch\/wp-content\/uploads\/2019\/06\/19-06-SSF-Annual-Conference-2019_Sven-Gentner-scaled.jpg","keywords":["Finance","Jubil\u00e4umsversammlung","Nachhaltige Wirtschaft","Schweiz"],"articleSection":["SUSTAINABILITY"],"inLanguage":"de"},{"@type":"WebPage","@id":"https:\/\/www.organisator.ch\/sustainability\/2019-06-20\/swiss-sustainable-finance-legt-an-jubilaeumsanlass-schwergewicht-auf-nachhaltigen-schweizer-finanzplatz\/","url":"https:\/\/www.organisator.ch\/sustainability\/2019-06-20\/swiss-sustainable-finance-legt-an-jubilaeumsanlass-schwergewicht-auf-nachhaltigen-schweizer-finanzplatz\/","name":"Swiss Sustainable Finance legt an Jubil\u00e4umsanlass Schwergewicht auf nachhaltigen Schweizer Finanzplatz - Organisator","isPartOf":{"@id":"https:\/\/www.organisator.ch\/#website"},"primaryImageOfPage":{"@id":"https:\/\/www.organisator.ch\/sustainability\/2019-06-20\/swiss-sustainable-finance-legt-an-jubilaeumsanlass-schwergewicht-auf-nachhaltigen-schweizer-finanzplatz\/#primaryimage"},"image":{"@id":"https:\/\/www.organisator.ch\/sustainability\/2019-06-20\/swiss-sustainable-finance-legt-an-jubilaeumsanlass-schwergewicht-auf-nachhaltigen-schweizer-finanzplatz\/#primaryimage"},"thumbnailUrl":"https:\/\/www.organisator.ch\/wp-content\/uploads\/2019\/06\/19-06-SSF-Annual-Conference-2019_Sven-Gentner-scaled.jpg","datePublished":"2019-06-20T06:43:54+00:00","dateModified":"2022-02-09T10:10:06+00:00","description":"Swiss Sustainable Finance (SSF) feierte in Bern das f\u00fcnfj\u00e4hrige Bestehen. Als Ehrengast konnte Bundespr\u00e4sident Ueli Maurer gewonnen werden.","breadcrumb":{"@id":"https:\/\/www.organisator.ch\/sustainability\/2019-06-20\/swiss-sustainable-finance-legt-an-jubilaeumsanlass-schwergewicht-auf-nachhaltigen-schweizer-finanzplatz\/#breadcrumb"},"inLanguage":"de","potentialAction":[{"@type":"ReadAction","target":["https:\/\/www.organisator.ch\/sustainability\/2019-06-20\/swiss-sustainable-finance-legt-an-jubilaeumsanlass-schwergewicht-auf-nachhaltigen-schweizer-finanzplatz\/"]}]},{"@type":"ImageObject","inLanguage":"de","@id":"https:\/\/www.organisator.ch\/sustainability\/2019-06-20\/swiss-sustainable-finance-legt-an-jubilaeumsanlass-schwergewicht-auf-nachhaltigen-schweizer-finanzplatz\/#primaryimage","url":"https:\/\/www.organisator.ch\/wp-content\/uploads\/2019\/06\/19-06-SSF-Annual-Conference-2019_Sven-Gentner-scaled.jpg","contentUrl":"https:\/\/www.organisator.ch\/wp-content\/uploads\/2019\/06\/19-06-SSF-Annual-Conference-2019_Sven-Gentner-scaled.jpg","width":2560,"height":1707,"caption":"Sven Gentner, Leiter Asset Management bei der EU Kommission, ging auf die in dieser Woche publizierten Berichte zu den EURegulierungen f\u00fcr nachhaltige Finanzen ein. (Bild: zVg)"},{"@type":"BreadcrumbList","@id":"https:\/\/www.organisator.ch\/sustainability\/2019-06-20\/swiss-sustainable-finance-legt-an-jubilaeumsanlass-schwergewicht-auf-nachhaltigen-schweizer-finanzplatz\/#breadcrumb","itemListElement":[{"@type":"ListItem","position":1,"name":"Home","item":"https:\/\/www.organisator.ch\/"},{"@type":"ListItem","position":2,"name":"Swiss Sustainable Finance legt an Jubil\u00e4umsanlass Schwergewicht auf nachhaltigen Schweizer Finanzplatz"}]},{"@type":"WebSite","@id":"https:\/\/www.organisator.ch\/#website","url":"https:\/\/www.organisator.ch\/","name":"Organisator","description":"Kompetent. Praxisnah. Der ORGANISATOR bereitet in 10 Ausgaben pro Jahr die wesentlichen Themen f\u00fcr F\u00fchrungskr\u00e4fte von KMU auf.","publisher":{"@id":"https:\/\/www.organisator.ch\/#organization"},"potentialAction":[{"@type":"SearchAction","target":{"@type":"EntryPoint","urlTemplate":"https:\/\/www.organisator.ch\/?s={search_term_string}"},"query-input":{"@type":"PropertyValueSpecification","valueRequired":true,"valueName":"search_term_string"}}],"inLanguage":"de"},{"@type":"Organization","@id":"https:\/\/www.organisator.ch\/#organization","name":"Organisator","url":"https:\/\/www.organisator.ch\/","logo":{"@type":"ImageObject","inLanguage":"de","@id":"https:\/\/www.organisator.ch\/#\/schema\/logo\/image\/","url":"https:\/\/www.organisator.ch\/wp-content\/uploads\/2022\/01\/Logo_Organisator_Website.png","contentUrl":"https:\/\/www.organisator.ch\/wp-content\/uploads\/2022\/01\/Logo_Organisator_Website.png","width":800,"height":77,"caption":"Organisator"},"image":{"@id":"https:\/\/www.organisator.ch\/#\/schema\/logo\/image\/"},"sameAs":["https:\/\/www.facebook.com\/OrganisatorFachmagazin","https:\/\/www.linkedin.com\/showcase\/organisator-das-magazin-fr-kmu","https:\/\/www.xing.com\/news\/pages\/organisator-ch-695","https:\/\/www.youtube.com\/channel\/UCGP2Sq0iWaZwT3BdIAQFYpw"]},{"@type":"Person","@id":"https:\/\/www.organisator.ch\/#\/schema\/person\/134708ca9321c57b0362cceb7948ffbd","name":"michael.merz","image":{"@type":"ImageObject","inLanguage":"de","@id":"https:\/\/secure.gravatar.com\/avatar\/?s=96&d=mm&r=g","url":"https:\/\/secure.gravatar.com\/avatar\/?s=96&d=mm&r=g","contentUrl":"https:\/\/secure.gravatar.com\/avatar\/?s=96&d=mm&r=g","caption":"michael.merz"},"url":"https:\/\/www.organisator.ch\/de\/author\/michael-merz\/"}]}},"_links":{"self":[{"href":"https:\/\/www.organisator.ch\/de\/wp-json\/wp\/v2\/posts\/2222","targetHints":{"allow":["GET"]}}],"collection":[{"href":"https:\/\/www.organisator.ch\/de\/wp-json\/wp\/v2\/posts"}],"about":[{"href":"https:\/\/www.organisator.ch\/de\/wp-json\/wp\/v2\/types\/post"}],"author":[{"embeddable":true,"href":"https:\/\/www.organisator.ch\/de\/wp-json\/wp\/v2\/users\/5"}],"replies":[{"embeddable":true,"href":"https:\/\/www.organisator.ch\/de\/wp-json\/wp\/v2\/comments?post=2222"}],"version-history":[{"count":1,"href":"https:\/\/www.organisator.ch\/de\/wp-json\/wp\/v2\/posts\/2222\/revisions"}],"predecessor-version":[{"id":10901,"href":"https:\/\/www.organisator.ch\/de\/wp-json\/wp\/v2\/posts\/2222\/revisions\/10901"}],"wp:featuredmedia":[{"embeddable":true,"href":"https:\/\/www.organisator.ch\/de\/wp-json\/wp\/v2\/media\/2223"}],"wp:attachment":[{"href":"https:\/\/www.organisator.ch\/de\/wp-json\/wp\/v2\/media?parent=2222"}],"wp:term":[{"taxonomy":"category","embeddable":true,"href":"https:\/\/www.organisator.ch\/de\/wp-json\/wp\/v2\/categories?post=2222"},{"taxonomy":"post_tag","embeddable":true,"href":"https:\/\/www.organisator.ch\/de\/wp-json\/wp\/v2\/tags?post=2222"}],"curies":[{"name":"wp","href":"https:\/\/api.w.org\/{rel}","templated":true}]}}