{"id":2225,"date":"2019-06-25T16:26:23","date_gmt":"2019-06-25T14:26:23","guid":{"rendered":"https:\/\/www.umweltperspektiven.ch\/?p=2225"},"modified":"2022-02-09T11:10:06","modified_gmt":"2022-02-09T10:10:06","slug":"bundesraetin-sommaruga-eine-klimaneutrale-energieversorgung-gelingt-nur-zusammen-mit-der-wirtschaft","status":"publish","type":"post","link":"https:\/\/www.organisator.ch\/de\/sustainability\/2019-06-25\/bundesraetin-sommaruga-eine-klimaneutrale-energieversorgung-gelingt-nur-zusammen-mit-der-wirtschaft\/","title":{"rendered":"Bundesr\u00e4tin Sommaruga: \u00abEine klimaneutrale Energieversorgung gelingt nur zusammen mit der Wirtschaft\u00bb"},"content":{"rendered":"<figure id=\"attachment_2226\" aria-describedby=\"caption-attachment-2226\" style=\"width: 680px\" class=\"wp-caption alignnone\"><img loading=\"lazy\" decoding=\"async\" class=\"size-medium wp-image-2226\" src=\"\/\/www.umweltperspektiven.ch\/wp-content\/uploads\/2019\/06\/Medienmitteilung_Sommaruga_Foto.gif\" alt=\"\" width=\"680\" height=\"455\" \/><figcaption id=\"caption-attachment-2226\" class=\"wp-caption-text\">In ihrem Referat an der HSR \u00e4usserte sich die Vorsteherin des Eidgen\u00f6ssischen Departements f\u00fcr Umwelt, Verkehr, Energie zur Rolle von Umweltverb\u00e4nden. (Bild: swisscleantech)<\/figcaption><\/figure>\n<p>Bis 2050 muss die Energieversorgung vollst\u00e4ndig auf erneuerbare Energien umgestellt werden, damit die Schweiz klimaneutral wird. Daf\u00fcr n\u00f6tige Technologien werden an der der HSR Hochschule f\u00fcr Technik Rapperswil entwickelt. Bei ihrem Auftritt am Mitgliederevent von swisscleantech besuchte Bundesr\u00e4tin Simonetta Sommaruga auch die Power-to-Gas-Anlage. Diese Schl\u00fcsseltechnologie f\u00fcr eine CO2-neutrale Energieversorgung treibt die HSR mit Forschungsprojekten voran. Sie erlaubt es, \u00fcbersch\u00fcssige erneuerbare Elektrizit\u00e4t langfristig zu speichern und fossile Energiequellen zu ersetzen.<\/p>\n<p>In ihrem Referat \u00e4usserte sich die Vorsteherin des Eidgen\u00f6ssischen Departements f\u00fcr Umwelt, Verkehr, Energie und Kommunikation zur Rolle der Wirtschaft und des Verbands swisscleantech beim Klimaschutz.<br \/>\n\u00abswisscleantech setzt sich seit zehn Jahren f\u00fcr eine klimaneutrale Energieversorgung ein. Der Wirtschaftsverband nimmt damit in der Schweiz eine zentrale Rolle ein, um den erforderlichen Ausstieg aus den fossilen Energien zu schaffen. Dieser Wandel kann nur zusammen mit der Wirtschaft gelingen. Als Innovationsstandort ist die Schweiz hier in einer sehr guten Position\u00bb, sagte Bundesr\u00e4tin Sommaruga.<\/p>\n<p><strong>Unternehmer f\u00fcr einen ambitionierten Klimaschutz\u00a0<\/strong><br \/>\nDer Ruf nach einem ambitionierten Klimaschutz hat auch die Schweizer Wirtschaft erreicht. Das zeigt die wachsende Zahl der Mitglieder, die swisscleantech unterst\u00fctzen.<\/p>\n<p>\u00abSeit Anfang Jahr haben wir \u00fcber 70 Firmen aus verschiedensten Branchen als Mitglieder gewinnen k\u00f6nnen. Immer mehr Unternehmerinnen und Unternehmer erkennen, dass jetzt der Zeitpunkt zum Handeln gekommen ist. Angesichts der Herausforderung des Klimawandels spielt unternehmerische Innovation eine zentrale Rolle, was viele wirtschaftliche Chancen mit sich bringt. Daf\u00fcr braucht es jedoch die richtigen politischen Rahmenbedingungen. Seit seiner Gr\u00fcndung vor zehn Jahren setzt sich swisscleantech genau daf\u00fcr ein\u00bb, sagt Fabian Etter, Vize-Pr\u00e4sident von swisscleantech und Verwaltungsratspr\u00e4sident der Elektro Etter AG.<\/p>\n<p><strong>Schweizer Forschung f\u00fcr einen ambitionierten Klimaschutz\u00a0<\/strong><br \/>\nAn der HSR forschen mehr als 100 Wissenschaftlerinnen und Wissenschaftler in vier Instituten in den Bereichen Energie- und Umwelttechnik intensiv an einer nachhaltigen Zukunft. Die HSR ist sehr stark national und international vernetzt und arbeitet eng mit Wirtschaft und Industrie sowie anderen Forschungsinstitutionen zusammen.<\/p>\n<p>\u00abZwei Drittel des Schweizerischen Energiekonsums basieren auf fossilen Quellen und verursachen CO2-Emissionen. Bei der Umstellung auf eine fossilfreie Energieversorgung stellen sich viele Umsetzungsfragen. Darauf lieferte die angewandte Forschung und Entwicklung der HSR konkrete Antworten. Die Transformation wird ausserdem nur gelingen, wenn hinreichend viele gut ausgebildete Fachkr\u00e4fte zur Verf\u00fcgung stehen. Die HSR hat als erste Fachhochschule der Schweiz einen Studiengang Erneuerbare Energien und Umwelttechnik gegr\u00fcndet und bildet seit dem Jahr 2010 junge Ingenieurinnen und Ingenieure f\u00fcr die Energiewende aus\u00bb, sagt Henrik Nordborg, Studiengangleiter Erneuerbare Energien und Umwelttechnik an der HSR.<\/p>\n<p><a href=\"\/\/swisscleantech.us16.list-manage.com\/track\/click?u=2bfb22b85cb31f7d1caa96a80&amp;id=8c06f44bac&amp;e=1f70cbc439\">www.swisscleantech.ch\/verband<\/a><\/p>\n","protected":false},"excerpt":{"rendered":"<p>Bis 2050 muss die Energieversorgung vollst\u00e4ndig auf erneuerbare Energien umgestellt werden, damit die Schweiz klimaneutral wird. Daf\u00fcr n\u00f6tige Technologien werden an der der HSR Hochschule f\u00fcr Technik Rapperswil entwickelt. Bei ihrem Auftritt am Mitgliederevent von swisscleantech besuchte Bundesr\u00e4tin Simonetta Sommaruga auch die Power-to-Gas-Anlage. Diese Schl\u00fcsseltechnologie f\u00fcr eine CO2-neutrale Energieversorgung treibt die HSR mit Forschungsprojekten voran. [&hellip;]<\/p>\n","protected":false},"author":5,"featured_media":2226,"comment_status":"open","ping_status":"open","sticky":false,"template":"","format":"standard","meta":{"_acf_changed":false,"_yoast_wpseo_focuskw":"Sommaruga","_yoast_wpseo_metadesc":"Bundesr\u00e4tin Simonetta Sommaruga war am Sommeranlass des Wirtschaftsverbands swisscleantech an der Hochschule f\u00fcr Technik Rapperswil.","articlekey":"","footnotes":""},"categories":[580],"tags":[712,888,584,2576],"class_list":["post-2225","post","type-post","status-publish","format-standard","has-post-thumbnail","hentry","category-sustainability","tag-anlass","tag-bundesraetin","tag-energie","tag-wirtschaft"],"acf":[],"yoast_head":"<!-- This site is optimized with the Yoast SEO plugin v27.4 - https:\/\/yoast.com\/product\/yoast-seo-wordpress\/ -->\n<title>Bundesr\u00e4tin Sommaruga: \u00abEine klimaneutrale Energieversorgung gelingt nur zusammen mit der Wirtschaft\u00bb - Organisator<\/title>\n<meta name=\"description\" content=\"Bundesr\u00e4tin Simonetta Sommaruga war am Sommeranlass des Wirtschaftsverbands swisscleantech an der Hochschule f\u00fcr Technik Rapperswil.\" \/>\n<meta name=\"robots\" content=\"index, follow, max-snippet:-1, max-image-preview:large, max-video-preview:-1\" \/>\n<link rel=\"canonical\" href=\"https:\/\/www.organisator.ch\/de\/sustainability\/2019-06-25\/bundesraetin-sommaruga-eine-klimaneutrale-energieversorgung-gelingt-nur-zusammen-mit-der-wirtschaft\/\" \/>\n<meta property=\"og:locale\" content=\"de_DE\" \/>\n<meta property=\"og:type\" content=\"article\" \/>\n<meta property=\"og:title\" content=\"Bundesr\u00e4tin Sommaruga: \u00abEine klimaneutrale Energieversorgung gelingt nur zusammen mit der Wirtschaft\u00bb - Organisator\" \/>\n<meta property=\"og:description\" content=\"Bundesr\u00e4tin Simonetta Sommaruga war am Sommeranlass des Wirtschaftsverbands swisscleantech an der Hochschule f\u00fcr Technik Rapperswil.\" \/>\n<meta property=\"og:url\" content=\"https:\/\/www.organisator.ch\/de\/sustainability\/2019-06-25\/bundesraetin-sommaruga-eine-klimaneutrale-energieversorgung-gelingt-nur-zusammen-mit-der-wirtschaft\/\" \/>\n<meta property=\"og:site_name\" content=\"Organisator\" \/>\n<meta property=\"article:publisher\" content=\"https:\/\/www.facebook.com\/OrganisatorFachmagazin\" \/>\n<meta property=\"article:published_time\" content=\"2019-06-25T14:26:23+00:00\" \/>\n<meta property=\"article:modified_time\" content=\"2022-02-09T10:10:06+00:00\" \/>\n<meta property=\"og:image\" content=\"https:\/\/www.organisator.ch\/wp-content\/uploads\/2019\/06\/Medienmitteilung_Sommaruga_Foto.gif\" \/>\n\t<meta property=\"og:image:width\" content=\"776\" \/>\n\t<meta property=\"og:image:height\" content=\"519\" \/>\n\t<meta property=\"og:image:type\" content=\"image\/gif\" \/>\n<meta name=\"author\" content=\"michael.merz\" \/>\n<meta name=\"twitter:card\" content=\"summary_large_image\" \/>\n<script type=\"application\/ld+json\" class=\"yoast-schema-graph\">{\"@context\":\"https:\\\/\\\/schema.org\",\"@graph\":[{\"@type\":\"Article\",\"@id\":\"https:\\\/\\\/www.organisator.ch\\\/sustainability\\\/2019-06-25\\\/bundesraetin-sommaruga-eine-klimaneutrale-energieversorgung-gelingt-nur-zusammen-mit-der-wirtschaft\\\/#article\",\"isPartOf\":{\"@id\":\"https:\\\/\\\/www.organisator.ch\\\/sustainability\\\/2019-06-25\\\/bundesraetin-sommaruga-eine-klimaneutrale-energieversorgung-gelingt-nur-zusammen-mit-der-wirtschaft\\\/\"},\"author\":{\"name\":\"michael.merz\",\"@id\":\"https:\\\/\\\/www.organisator.ch\\\/#\\\/schema\\\/person\\\/134708ca9321c57b0362cceb7948ffbd\"},\"headline\":\"Bundesr\u00e4tin Sommaruga: \u00abEine klimaneutrale Energieversorgung gelingt nur zusammen mit der Wirtschaft\u00bb\",\"datePublished\":\"2019-06-25T14:26:23+00:00\",\"dateModified\":\"2022-02-09T10:10:06+00:00\",\"mainEntityOfPage\":{\"@id\":\"https:\\\/\\\/www.organisator.ch\\\/sustainability\\\/2019-06-25\\\/bundesraetin-sommaruga-eine-klimaneutrale-energieversorgung-gelingt-nur-zusammen-mit-der-wirtschaft\\\/\"},\"wordCount\":468,\"commentCount\":0,\"publisher\":{\"@id\":\"https:\\\/\\\/www.organisator.ch\\\/#organization\"},\"image\":{\"@id\":\"https:\\\/\\\/www.organisator.ch\\\/sustainability\\\/2019-06-25\\\/bundesraetin-sommaruga-eine-klimaneutrale-energieversorgung-gelingt-nur-zusammen-mit-der-wirtschaft\\\/#primaryimage\"},\"thumbnailUrl\":\"https:\\\/\\\/www.organisator.ch\\\/wp-content\\\/uploads\\\/2019\\\/06\\\/Medienmitteilung_Sommaruga_Foto.gif\",\"keywords\":[\"Anlass\",\"Bundesr\u00e4tin\",\"ENERGIE\",\"Wirtschaft\"],\"articleSection\":[\"SUSTAINABILITY\"],\"inLanguage\":\"de\"},{\"@type\":\"WebPage\",\"@id\":\"https:\\\/\\\/www.organisator.ch\\\/sustainability\\\/2019-06-25\\\/bundesraetin-sommaruga-eine-klimaneutrale-energieversorgung-gelingt-nur-zusammen-mit-der-wirtschaft\\\/\",\"url\":\"https:\\\/\\\/www.organisator.ch\\\/sustainability\\\/2019-06-25\\\/bundesraetin-sommaruga-eine-klimaneutrale-energieversorgung-gelingt-nur-zusammen-mit-der-wirtschaft\\\/\",\"name\":\"Bundesr\u00e4tin Sommaruga: \u00abEine klimaneutrale Energieversorgung gelingt nur zusammen mit der Wirtschaft\u00bb - Organisator\",\"isPartOf\":{\"@id\":\"https:\\\/\\\/www.organisator.ch\\\/#website\"},\"primaryImageOfPage\":{\"@id\":\"https:\\\/\\\/www.organisator.ch\\\/sustainability\\\/2019-06-25\\\/bundesraetin-sommaruga-eine-klimaneutrale-energieversorgung-gelingt-nur-zusammen-mit-der-wirtschaft\\\/#primaryimage\"},\"image\":{\"@id\":\"https:\\\/\\\/www.organisator.ch\\\/sustainability\\\/2019-06-25\\\/bundesraetin-sommaruga-eine-klimaneutrale-energieversorgung-gelingt-nur-zusammen-mit-der-wirtschaft\\\/#primaryimage\"},\"thumbnailUrl\":\"https:\\\/\\\/www.organisator.ch\\\/wp-content\\\/uploads\\\/2019\\\/06\\\/Medienmitteilung_Sommaruga_Foto.gif\",\"datePublished\":\"2019-06-25T14:26:23+00:00\",\"dateModified\":\"2022-02-09T10:10:06+00:00\",\"description\":\"Bundesr\u00e4tin Simonetta Sommaruga war am Sommeranlass des Wirtschaftsverbands swisscleantech an der Hochschule f\u00fcr Technik Rapperswil.\",\"breadcrumb\":{\"@id\":\"https:\\\/\\\/www.organisator.ch\\\/sustainability\\\/2019-06-25\\\/bundesraetin-sommaruga-eine-klimaneutrale-energieversorgung-gelingt-nur-zusammen-mit-der-wirtschaft\\\/#breadcrumb\"},\"inLanguage\":\"de\",\"potentialAction\":[{\"@type\":\"ReadAction\",\"target\":[\"https:\\\/\\\/www.organisator.ch\\\/sustainability\\\/2019-06-25\\\/bundesraetin-sommaruga-eine-klimaneutrale-energieversorgung-gelingt-nur-zusammen-mit-der-wirtschaft\\\/\"]}]},{\"@type\":\"ImageObject\",\"inLanguage\":\"de\",\"@id\":\"https:\\\/\\\/www.organisator.ch\\\/sustainability\\\/2019-06-25\\\/bundesraetin-sommaruga-eine-klimaneutrale-energieversorgung-gelingt-nur-zusammen-mit-der-wirtschaft\\\/#primaryimage\",\"url\":\"https:\\\/\\\/www.organisator.ch\\\/wp-content\\\/uploads\\\/2019\\\/06\\\/Medienmitteilung_Sommaruga_Foto.gif\",\"contentUrl\":\"https:\\\/\\\/www.organisator.ch\\\/wp-content\\\/uploads\\\/2019\\\/06\\\/Medienmitteilung_Sommaruga_Foto.gif\",\"width\":776,\"height\":519,\"caption\":\"In ihrem Referat an der HSR \u00e4usserte sich die Vorsteherin des Eidgen\u00f6ssischen Departements f\u00fcr Umwelt, Verkehr, Energie zur Rolle von Umweltverb\u00e4nden. (Bild: swisscleantech)\"},{\"@type\":\"BreadcrumbList\",\"@id\":\"https:\\\/\\\/www.organisator.ch\\\/sustainability\\\/2019-06-25\\\/bundesraetin-sommaruga-eine-klimaneutrale-energieversorgung-gelingt-nur-zusammen-mit-der-wirtschaft\\\/#breadcrumb\",\"itemListElement\":[{\"@type\":\"ListItem\",\"position\":1,\"name\":\"Home\",\"item\":\"https:\\\/\\\/www.organisator.ch\\\/\"},{\"@type\":\"ListItem\",\"position\":2,\"name\":\"Bundesr\u00e4tin Sommaruga: \u00abEine klimaneutrale Energieversorgung gelingt nur zusammen mit der Wirtschaft\u00bb\"}]},{\"@type\":\"WebSite\",\"@id\":\"https:\\\/\\\/www.organisator.ch\\\/#website\",\"url\":\"https:\\\/\\\/www.organisator.ch\\\/\",\"name\":\"Organisator\",\"description\":\"Kompetent. Praxisnah. Der ORGANISATOR bereitet in 10 Ausgaben pro Jahr die wesentlichen Themen f\u00fcr F\u00fchrungskr\u00e4fte von KMU auf.\",\"publisher\":{\"@id\":\"https:\\\/\\\/www.organisator.ch\\\/#organization\"},\"potentialAction\":[{\"@type\":\"SearchAction\",\"target\":{\"@type\":\"EntryPoint\",\"urlTemplate\":\"https:\\\/\\\/www.organisator.ch\\\/?s={search_term_string}\"},\"query-input\":{\"@type\":\"PropertyValueSpecification\",\"valueRequired\":true,\"valueName\":\"search_term_string\"}}],\"inLanguage\":\"de\"},{\"@type\":\"Organization\",\"@id\":\"https:\\\/\\\/www.organisator.ch\\\/#organization\",\"name\":\"Organisator\",\"url\":\"https:\\\/\\\/www.organisator.ch\\\/\",\"logo\":{\"@type\":\"ImageObject\",\"inLanguage\":\"de\",\"@id\":\"https:\\\/\\\/www.organisator.ch\\\/#\\\/schema\\\/logo\\\/image\\\/\",\"url\":\"https:\\\/\\\/www.organisator.ch\\\/wp-content\\\/uploads\\\/2022\\\/01\\\/Logo_Organisator_Website.png\",\"contentUrl\":\"https:\\\/\\\/www.organisator.ch\\\/wp-content\\\/uploads\\\/2022\\\/01\\\/Logo_Organisator_Website.png\",\"width\":800,\"height\":77,\"caption\":\"Organisator\"},\"image\":{\"@id\":\"https:\\\/\\\/www.organisator.ch\\\/#\\\/schema\\\/logo\\\/image\\\/\"},\"sameAs\":[\"https:\\\/\\\/www.facebook.com\\\/OrganisatorFachmagazin\",\"https:\\\/\\\/www.linkedin.com\\\/showcase\\\/organisator-das-magazin-fr-kmu\",\"https:\\\/\\\/www.xing.com\\\/news\\\/pages\\\/organisator-ch-695\",\"https:\\\/\\\/www.youtube.com\\\/channel\\\/UCGP2Sq0iWaZwT3BdIAQFYpw\"]},{\"@type\":\"Person\",\"@id\":\"https:\\\/\\\/www.organisator.ch\\\/#\\\/schema\\\/person\\\/134708ca9321c57b0362cceb7948ffbd\",\"name\":\"michael.merz\",\"image\":{\"@type\":\"ImageObject\",\"inLanguage\":\"de\",\"@id\":\"https:\\\/\\\/secure.gravatar.com\\\/avatar\\\/?s=96&d=mm&r=g\",\"url\":\"https:\\\/\\\/secure.gravatar.com\\\/avatar\\\/?s=96&d=mm&r=g\",\"contentUrl\":\"https:\\\/\\\/secure.gravatar.com\\\/avatar\\\/?s=96&d=mm&r=g\",\"caption\":\"michael.merz\"},\"url\":\"https:\\\/\\\/www.organisator.ch\\\/de\\\/author\\\/michael-merz\\\/\"}]}<\/script>\n<!-- \/ Yoast SEO plugin. -->","yoast_head_json":{"title":"Bundesr\u00e4tin Sommaruga: \u00abEine klimaneutrale Energieversorgung gelingt nur zusammen mit der Wirtschaft\u00bb - Organisator","description":"Bundesr\u00e4tin Simonetta Sommaruga war am Sommeranlass des Wirtschaftsverbands swisscleantech an der Hochschule f\u00fcr Technik Rapperswil.","robots":{"index":"index","follow":"follow","max-snippet":"max-snippet:-1","max-image-preview":"max-image-preview:large","max-video-preview":"max-video-preview:-1"},"canonical":"https:\/\/www.organisator.ch\/de\/sustainability\/2019-06-25\/bundesraetin-sommaruga-eine-klimaneutrale-energieversorgung-gelingt-nur-zusammen-mit-der-wirtschaft\/","og_locale":"de_DE","og_type":"article","og_title":"Bundesr\u00e4tin Sommaruga: \u00abEine klimaneutrale Energieversorgung gelingt nur zusammen mit der Wirtschaft\u00bb - Organisator","og_description":"Bundesr\u00e4tin Simonetta Sommaruga war am Sommeranlass des Wirtschaftsverbands swisscleantech an der Hochschule f\u00fcr Technik Rapperswil.","og_url":"https:\/\/www.organisator.ch\/de\/sustainability\/2019-06-25\/bundesraetin-sommaruga-eine-klimaneutrale-energieversorgung-gelingt-nur-zusammen-mit-der-wirtschaft\/","og_site_name":"Organisator","article_publisher":"https:\/\/www.facebook.com\/OrganisatorFachmagazin","article_published_time":"2019-06-25T14:26:23+00:00","article_modified_time":"2022-02-09T10:10:06+00:00","og_image":[{"width":776,"height":519,"url":"https:\/\/www.organisator.ch\/wp-content\/uploads\/2019\/06\/Medienmitteilung_Sommaruga_Foto.gif","type":"image\/gif"}],"author":"michael.merz","twitter_card":"summary_large_image","schema":{"@context":"https:\/\/schema.org","@graph":[{"@type":"Article","@id":"https:\/\/www.organisator.ch\/sustainability\/2019-06-25\/bundesraetin-sommaruga-eine-klimaneutrale-energieversorgung-gelingt-nur-zusammen-mit-der-wirtschaft\/#article","isPartOf":{"@id":"https:\/\/www.organisator.ch\/sustainability\/2019-06-25\/bundesraetin-sommaruga-eine-klimaneutrale-energieversorgung-gelingt-nur-zusammen-mit-der-wirtschaft\/"},"author":{"name":"michael.merz","@id":"https:\/\/www.organisator.ch\/#\/schema\/person\/134708ca9321c57b0362cceb7948ffbd"},"headline":"Bundesr\u00e4tin Sommaruga: \u00abEine klimaneutrale Energieversorgung gelingt nur zusammen mit der Wirtschaft\u00bb","datePublished":"2019-06-25T14:26:23+00:00","dateModified":"2022-02-09T10:10:06+00:00","mainEntityOfPage":{"@id":"https:\/\/www.organisator.ch\/sustainability\/2019-06-25\/bundesraetin-sommaruga-eine-klimaneutrale-energieversorgung-gelingt-nur-zusammen-mit-der-wirtschaft\/"},"wordCount":468,"commentCount":0,"publisher":{"@id":"https:\/\/www.organisator.ch\/#organization"},"image":{"@id":"https:\/\/www.organisator.ch\/sustainability\/2019-06-25\/bundesraetin-sommaruga-eine-klimaneutrale-energieversorgung-gelingt-nur-zusammen-mit-der-wirtschaft\/#primaryimage"},"thumbnailUrl":"https:\/\/www.organisator.ch\/wp-content\/uploads\/2019\/06\/Medienmitteilung_Sommaruga_Foto.gif","keywords":["Anlass","Bundesr\u00e4tin","ENERGIE","Wirtschaft"],"articleSection":["SUSTAINABILITY"],"inLanguage":"de"},{"@type":"WebPage","@id":"https:\/\/www.organisator.ch\/sustainability\/2019-06-25\/bundesraetin-sommaruga-eine-klimaneutrale-energieversorgung-gelingt-nur-zusammen-mit-der-wirtschaft\/","url":"https:\/\/www.organisator.ch\/sustainability\/2019-06-25\/bundesraetin-sommaruga-eine-klimaneutrale-energieversorgung-gelingt-nur-zusammen-mit-der-wirtschaft\/","name":"Bundesr\u00e4tin Sommaruga: \u00abEine klimaneutrale Energieversorgung gelingt nur zusammen mit der Wirtschaft\u00bb - Organisator","isPartOf":{"@id":"https:\/\/www.organisator.ch\/#website"},"primaryImageOfPage":{"@id":"https:\/\/www.organisator.ch\/sustainability\/2019-06-25\/bundesraetin-sommaruga-eine-klimaneutrale-energieversorgung-gelingt-nur-zusammen-mit-der-wirtschaft\/#primaryimage"},"image":{"@id":"https:\/\/www.organisator.ch\/sustainability\/2019-06-25\/bundesraetin-sommaruga-eine-klimaneutrale-energieversorgung-gelingt-nur-zusammen-mit-der-wirtschaft\/#primaryimage"},"thumbnailUrl":"https:\/\/www.organisator.ch\/wp-content\/uploads\/2019\/06\/Medienmitteilung_Sommaruga_Foto.gif","datePublished":"2019-06-25T14:26:23+00:00","dateModified":"2022-02-09T10:10:06+00:00","description":"Bundesr\u00e4tin Simonetta Sommaruga war am Sommeranlass des Wirtschaftsverbands swisscleantech an der Hochschule f\u00fcr Technik Rapperswil.","breadcrumb":{"@id":"https:\/\/www.organisator.ch\/sustainability\/2019-06-25\/bundesraetin-sommaruga-eine-klimaneutrale-energieversorgung-gelingt-nur-zusammen-mit-der-wirtschaft\/#breadcrumb"},"inLanguage":"de","potentialAction":[{"@type":"ReadAction","target":["https:\/\/www.organisator.ch\/sustainability\/2019-06-25\/bundesraetin-sommaruga-eine-klimaneutrale-energieversorgung-gelingt-nur-zusammen-mit-der-wirtschaft\/"]}]},{"@type":"ImageObject","inLanguage":"de","@id":"https:\/\/www.organisator.ch\/sustainability\/2019-06-25\/bundesraetin-sommaruga-eine-klimaneutrale-energieversorgung-gelingt-nur-zusammen-mit-der-wirtschaft\/#primaryimage","url":"https:\/\/www.organisator.ch\/wp-content\/uploads\/2019\/06\/Medienmitteilung_Sommaruga_Foto.gif","contentUrl":"https:\/\/www.organisator.ch\/wp-content\/uploads\/2019\/06\/Medienmitteilung_Sommaruga_Foto.gif","width":776,"height":519,"caption":"In ihrem Referat an der HSR \u00e4usserte sich die Vorsteherin des Eidgen\u00f6ssischen Departements f\u00fcr Umwelt, Verkehr, Energie zur Rolle von Umweltverb\u00e4nden. (Bild: swisscleantech)"},{"@type":"BreadcrumbList","@id":"https:\/\/www.organisator.ch\/sustainability\/2019-06-25\/bundesraetin-sommaruga-eine-klimaneutrale-energieversorgung-gelingt-nur-zusammen-mit-der-wirtschaft\/#breadcrumb","itemListElement":[{"@type":"ListItem","position":1,"name":"Home","item":"https:\/\/www.organisator.ch\/"},{"@type":"ListItem","position":2,"name":"Bundesr\u00e4tin Sommaruga: \u00abEine klimaneutrale Energieversorgung gelingt nur zusammen mit der Wirtschaft\u00bb"}]},{"@type":"WebSite","@id":"https:\/\/www.organisator.ch\/#website","url":"https:\/\/www.organisator.ch\/","name":"Organisator","description":"Kompetent. Praxisnah. Der ORGANISATOR bereitet in 10 Ausgaben pro Jahr die wesentlichen Themen f\u00fcr F\u00fchrungskr\u00e4fte von KMU auf.","publisher":{"@id":"https:\/\/www.organisator.ch\/#organization"},"potentialAction":[{"@type":"SearchAction","target":{"@type":"EntryPoint","urlTemplate":"https:\/\/www.organisator.ch\/?s={search_term_string}"},"query-input":{"@type":"PropertyValueSpecification","valueRequired":true,"valueName":"search_term_string"}}],"inLanguage":"de"},{"@type":"Organization","@id":"https:\/\/www.organisator.ch\/#organization","name":"Organisator","url":"https:\/\/www.organisator.ch\/","logo":{"@type":"ImageObject","inLanguage":"de","@id":"https:\/\/www.organisator.ch\/#\/schema\/logo\/image\/","url":"https:\/\/www.organisator.ch\/wp-content\/uploads\/2022\/01\/Logo_Organisator_Website.png","contentUrl":"https:\/\/www.organisator.ch\/wp-content\/uploads\/2022\/01\/Logo_Organisator_Website.png","width":800,"height":77,"caption":"Organisator"},"image":{"@id":"https:\/\/www.organisator.ch\/#\/schema\/logo\/image\/"},"sameAs":["https:\/\/www.facebook.com\/OrganisatorFachmagazin","https:\/\/www.linkedin.com\/showcase\/organisator-das-magazin-fr-kmu","https:\/\/www.xing.com\/news\/pages\/organisator-ch-695","https:\/\/www.youtube.com\/channel\/UCGP2Sq0iWaZwT3BdIAQFYpw"]},{"@type":"Person","@id":"https:\/\/www.organisator.ch\/#\/schema\/person\/134708ca9321c57b0362cceb7948ffbd","name":"michael.merz","image":{"@type":"ImageObject","inLanguage":"de","@id":"https:\/\/secure.gravatar.com\/avatar\/?s=96&d=mm&r=g","url":"https:\/\/secure.gravatar.com\/avatar\/?s=96&d=mm&r=g","contentUrl":"https:\/\/secure.gravatar.com\/avatar\/?s=96&d=mm&r=g","caption":"michael.merz"},"url":"https:\/\/www.organisator.ch\/de\/author\/michael-merz\/"}]}},"_links":{"self":[{"href":"https:\/\/www.organisator.ch\/de\/wp-json\/wp\/v2\/posts\/2225","targetHints":{"allow":["GET"]}}],"collection":[{"href":"https:\/\/www.organisator.ch\/de\/wp-json\/wp\/v2\/posts"}],"about":[{"href":"https:\/\/www.organisator.ch\/de\/wp-json\/wp\/v2\/types\/post"}],"author":[{"embeddable":true,"href":"https:\/\/www.organisator.ch\/de\/wp-json\/wp\/v2\/users\/5"}],"replies":[{"embeddable":true,"href":"https:\/\/www.organisator.ch\/de\/wp-json\/wp\/v2\/comments?post=2225"}],"version-history":[{"count":1,"href":"https:\/\/www.organisator.ch\/de\/wp-json\/wp\/v2\/posts\/2225\/revisions"}],"predecessor-version":[{"id":10899,"href":"https:\/\/www.organisator.ch\/de\/wp-json\/wp\/v2\/posts\/2225\/revisions\/10899"}],"wp:featuredmedia":[{"embeddable":true,"href":"https:\/\/www.organisator.ch\/de\/wp-json\/wp\/v2\/media\/2226"}],"wp:attachment":[{"href":"https:\/\/www.organisator.ch\/de\/wp-json\/wp\/v2\/media?parent=2225"}],"wp:term":[{"taxonomy":"category","embeddable":true,"href":"https:\/\/www.organisator.ch\/de\/wp-json\/wp\/v2\/categories?post=2225"},{"taxonomy":"post_tag","embeddable":true,"href":"https:\/\/www.organisator.ch\/de\/wp-json\/wp\/v2\/tags?post=2225"}],"curies":[{"name":"wp","href":"https:\/\/api.w.org\/{rel}","templated":true}]}}