{"id":2228,"date":"2017-07-25T14:07:49","date_gmt":"2017-07-25T12:07:49","guid":{"rendered":"https:\/\/www.organisator.ch\/?p=2228"},"modified":"2017-07-25T14:07:49","modified_gmt":"2017-07-25T12:07:49","slug":"wirtschaftsaufschwung-verteuert-geschaeftsreisen","status":"publish","type":"post","link":"https:\/\/www.organisator.ch\/de\/allgemein\/2017-07-25\/wirtschaftsaufschwung-verteuert-geschaeftsreisen\/","title":{"rendered":"Wirtschaftsaufschwung verteuert Gesch\u00e4ftsreisen"},"content":{"rendered":"<figure id=\"attachment_2230\" aria-describedby=\"caption-attachment-2230\" style=\"width: 640px\" class=\"wp-caption alignnone\"><img loading=\"lazy\" decoding=\"async\" class=\"size-full wp-image-2230\" src=\"https:\/\/www.organisator.ch\/wp-content\/uploads\/2017\/07\/Wirtschaftsaufschwung-verteuert-Geschaeftsreisen_Organisator.jpg\" alt=\"\" width=\"640\" height=\"420\" srcset=\"https:\/\/www.organisator.ch\/wp-content\/uploads\/2017\/07\/Wirtschaftsaufschwung-verteuert-Geschaeftsreisen_Organisator.jpg 640w, https:\/\/www.organisator.ch\/wp-content\/uploads\/2017\/07\/Wirtschaftsaufschwung-verteuert-Geschaeftsreisen_Organisator-16x12.jpg 16w, https:\/\/www.organisator.ch\/wp-content\/uploads\/2017\/07\/Wirtschaftsaufschwung-verteuert-Geschaeftsreisen_Organisator-267x175.jpg 267w, https:\/\/www.organisator.ch\/wp-content\/uploads\/2017\/07\/Wirtschaftsaufschwung-verteuert-Geschaeftsreisen_Organisator-533x350.jpg 533w, https:\/\/www.organisator.ch\/wp-content\/uploads\/2017\/07\/Wirtschaftsaufschwung-verteuert-Geschaeftsreisen_Organisator-300x197.jpg 300w\" sizes=\"auto, (max-width: 640px) 100vw, 640px\" \/><figcaption id=\"caption-attachment-2230\" class=\"wp-caption-text\">Der Global Travel Forecast sagt f\u00fcr 2018 allgemein teurere Gesch\u00e4ftsreisen voraus. (Bild: PD)<\/figcaption><\/figure>\n<p>J\u00e4hrlich\u00a0geben der globale Anbieter von Gesch\u00e4ftsreisen Carlson Wagonlit Travel und die GBTA Foundation gemeinsam einen Global Travel Forecast heraus. Die aktuelle Ausgabe sagt f\u00fcr 2018 einen Anstieg der weltweiten Flugtarife um 3,5 Prozent voraus.<span style=\"font-size: medium;\">\u00a0Hotelpreise sollen um 3,7 Prozent, Bahn, Bus und Taxi um 0,6 Prozent steigen \u2013 bedeutend weniger als die f\u00fcr 2018 erwartete Inflation von drei Prozent. <\/span>\u201eDie h\u00f6heren Preise spiegeln den Wirtschaftsaufschwung und die steigende Nachfrage wider&#8220;, sagt dazu\u00a0Kurt Ekert, President und Chief Executive Officer von Carlson Wagonlit Travel. \u201eDie weltweiten Zahlen dieser Prognose k\u00f6nnen als aussagekr\u00e4ftige und f\u00fchrende Indikatoren daf\u00fcr gesehen werden, was das Jahr 2018 f\u00fcr Unternehmen bringt \u2013 wir erwarten h\u00f6here Ausgaben.&#8220; Gem\u00e4ss Jeanne Liu, Vice President of Research der GBTA Foundation, seien aber auch geopolitische Risiken, Unsicherheiten in Schwellenl\u00e4ndern und das sich st\u00e4ndig wandelnde politische Umfeld in Europa und den USA daf\u00fcr verantwortlich, dass Travel Manager mehr Aspekte als je zuvor ber\u00fccksichtigen m\u00fcssen, wenn sie ihre Reiseprogramme gestalten.<\/p>\n<p><strong>Flug-Prognosen f\u00fcr 2018<\/strong><\/p>\n<p>Der Aufw\u00e4rtstrend der weltweiten Flugtarife ergibt sich aus steigenden Roh\u00f6lpreisen trotz der Erwartung, dass die Fluggesellschaften 2018 ihre Kapazit\u00e4ten um sechs Prozent aufstocken werden. Zur Verkomplizierung der Flugpreise tr\u00e4gt die zunehmende Segmentierung der Grundtarife durch die gro\u00dfen Airlines bei. Reisende haben jetzt die Wahl zwischen eingeschr\u00e4nkten Economy-Grundtarifen und verschiedenen Upgrade-Tarifen, die je nach Airline verschiedene Serviceleistungen und Preise umfassen. F\u00fcr die Region EMEA (Europa, Naher Osten und Afrika) erwartet der 2018 Global Travel Forecast ein wachsendes Fluggesch\u00e4ft mit Preisen, die in Osteuropa um 7,1 Prozent, in Westeuropa um 5,5 Prozent steigen. L\u00e4nder im Nahen Osten und in Afrika allerdings brauchen nur mit Preissteigerungen von drei Prozent zu rechnen, da sie unver\u00e4ndert Sicherheitsbedrohungen ausgesetzt sind und sich die \u00d6lbranche immer noch erholt. Die Preise in der Schweiz hingegen gehen bis um 2,6 Prozent zur\u00fcck. Auch W\u00e4hrungskursschwankungen in Europa k\u00f6nnen die Flugtarife noch weiter beeinflussen. Vor dem Hintergrund des begrenzten Wettbewerbs und der Fu\u00dfball-Weltmeisterschaft 2018 in Russland k\u00f6nnte Osteuropa erneut die deutlichsten Preisanstiege\u00a0bei Gesch\u00e4ftsreisen\u00a0verzeichnen.<\/p>\n<p>F\u00fcr die Region Asien\/Pazifik ist bei Gesch\u00e4ftsreisen\u00a0f\u00fcr 2018 ein Preisanstieg von 2,8 Prozent zu erwarten mit wachsender Inlands-Nachfrage vor allem in China und Indien. Allerdings werden mit dem Erstarken der asiatischen Volkswirtschaften zunehmend Schwachpunkte der Infrastruktur sichtbar, insbesondere an Flugh\u00e4fen.\u00a0In Lateinamerika und der Karibik werden sich die Preise im Jahr 2018 nur wenig ver\u00e4ndern \u2013 um lediglich 0,3 Prozent nach oben. Die Fluggesellschaften haben vorsichtig Kapazit\u00e4ten gek\u00fcrzt. Ein erweiterter Blick auf S\u00fcdamerika zeigt f\u00fcr Ende 2019 20 Prozent mehr Linienfl\u00fcge. Low-Cost-Fluggesellschaften sind in dieser Region gut aufgestellt, da die Marktdurchdringung noch gering ist. Zudem werden hier neue und effizientere Flugzeuge in Betrieb gehen, was 2018 die Betriebskosten senkt.\u00a0In Nordamerika werden die Preise dem Global Travel Forecast zufolge moderat um 2,3 Prozent steigen. Mit Blick auf die strengeren US-Einreisebestimmungen wurden Fl\u00fcge in die USA bereits entsprechend reduziert. Es wird erwartet, dass kanadische Fluggesellschaften einen starken Wettbewerb aufbauen \u2013 es gibt neue Marktteilnehmer, und die Kapazit\u00e4ten wachsen 2017 um elf Prozent, 2018 um zw\u00f6lf Prozent.<\/p>\n<p><strong>Hotel-Prognosen f\u00fcr 2018<\/strong><\/p>\n<p>Der globale durchschnittliche Anstieg der Hotelpreise um 3,7 Prozent verbirgt, was tats\u00e4chlich in den Regionen passiert. Europa wird wahrscheinlich starke Steigerungen verbuchen, w\u00e4hrend die Preise in anderen Regionen kaum mit der Inflation Schritt halten. Au\u00dferdem wird erwartet, dass die Preise in Lateinamerika und der Karibik fallen. Laut Prognose machen sich die Zusammenschl\u00fcsse der Hotelkonzerne des Jahres 2017 in den Ausschreibungen 2018 bemerkbar. Die Leistungserbringer f\u00fchren ihre Firmenkunden aktiv fort von festen, ausgehandelten Hoteltarifen und hin zu dynamischen Preisen. Es gibt auch einen globalen Trend zu \u201eintelligenten&#8220; Hotels, die in Beacon-Technik, Messaging, Raumtechnik und andere Dinge investieren. Die zunehmend technikaffinen G\u00e4ste werden \u00fcber Apps ein- und auschecken, ihre Zimmert\u00fcren \u00f6ffnen, den Fernseher bedienen und die Zimmertemperatur regeln.<\/p>\n<p>In der Region EMEA werden die Hotelpreise f\u00fcr Gesch\u00e4ftsreisen\u00a02018 wahrscheinlich steigen \u2013 um 6,6 Prozent in Osteuropa und 6,3 Prozent in Westeuropa, aber nur um 0,6 Prozent im Nahen Osten und in Afrika. In der Schweiz muss mit einem R\u00fcckgang um 0,8 Prozent gerechnet werden. An der Spitze wird Norwegen mit Steigerungen von 14 Prozent im Jahr 2018 stehen. Die Hotelpreise in Russland werden um 11,9 Prozent h\u00f6her liegen, da wegen der Fu\u00dfball-Weltmeisterschaft 2018 die Nachfrage steigt.\u00a0In der Region Asien\/Pazifik liegt die Hotelpreis-Prognose bei plus 3,5 Prozent \u2013 mit gro\u00dfen Unterschieden, da f\u00fcr Japan ein Minus von 4,1 Prozent erwartet wird, f\u00fcr Neuseeland dagegen ein Plus von 9,8 Prozent. Der Wirtschaftsaufschwung bedeutet, dass die Nachfrage in der Region steigt. Eink\u00e4ufer sollten sich auf herausfordernde Diskussionen mit den frisch fusionierten Hotelkonzernen einstellen, besonders in Volumenm\u00e4rkten wie Bangkok, Peking, Schanghai und Singapur. F\u00fcr Lateinamerika sagt der Global Travel Forecast um 1,2 Prozent fallende Hotelpreise voraus \u2013 mit deutlichen R\u00fcckg\u00e4ngen in Brasilien (minus 8,7 Prozent) und Argentinien (minus 2,7 Prozent). In Peru und Chile dagegen ist mit Steigerungen um 7,7 bzw. 5,5 Prozent zu rechnen. Eink\u00e4ufer k\u00f6nnten 2018 Vorteile haben, da gro\u00dfe Marken unabh\u00e4ngige Wettbewerber kaufen und ihre Systeme auf den neuesten Stand bringen. Die Kapazit\u00e4t wird in der ganzen Region wachsen: In der Zeit von Ende 2016 bis 2025 werden gesch\u00e4tzt 449.500 neue Hotelzimmer gebaut, eine Angebotssteigerung um 57 Prozent. Hotelbetreiber in Nordamerika wiederum\u00a0m\u00f6gen auf das Wirtschaftswachstum bauen, da sich die Nachfrage seit dem Sommer 2016 abgeschw\u00e4cht hat \u2013 das Angebot aber wahrscheinlich bis 2018 unver\u00e4ndert stetig w\u00e4chst. Internationale Reisen sollen 2017 und 2018 um vier Prozent wachsen, das Hotelwachstum der USA wird sich wahrscheinlich haupts\u00e4chlich auf die Westk\u00fcste und Washington DC konzentrieren. F\u00fcr Kanada wird erwartet, dass die Hotels in Toronto, Vancouver und Montreal bei schwachem kanadischem Dollar gute Preise erzielen.<\/p>\n<p><strong>Bahn-, Bus-, Taxi-Prognosen f\u00fcr 2018<\/strong><\/p>\n<p>Der Global Travel Forecast prognostiziert Preiserh\u00f6hungen f\u00fcr Bahn, Bus und Taxi um 0,6 Prozent im Jahr 2018 (aber um 5,5 Prozent bis 2022). Branchenexperten sagen f\u00fcr die kommenden f\u00fcnf Jahre Verkaufsrekorde f\u00fcr Neuwagen voraus, was die Flottenkosten pro Fahrzeug steigen l\u00e4sst. Gleichzeitig werden die Preise f\u00fcr Gebrauchtwagen um 50 Prozent fallen, was den Restwert f\u00fcr gebrauchte Mietwagen senkt. Damit ist die gegenw\u00e4rtige Preisstruktur im Mietwagengesch\u00e4ft nicht mehr nachhaltig. Wegen marktspezifischer Vorschriften f\u00fcr die Drosselung von Emissionen und steigender \u00d6lpreise haben die Anbieter die Verf\u00fcgbarkeit \u201egr\u00fcner&#8220; Mietwagen bereits erh\u00f6ht. Sharing-Economy-Unternehmen wie Uber und Lyft werden wahrscheinlich auch im Jahr 2018 ein zweistelliges Wachstum \u00fcber zehn Prozent aufweisen, bevor sie sich 2019 im einstelligen Wachstum einrichten. Ihr Wachstum ist von kostspieligen gesetzlichen und beh\u00f6rdlichen Verboten bedroht.<\/p>\n<p>In der Region EMEA bleibt die bodengebundene Personenbef\u00f6rderung sehr wettbewerbsintensiv. In Europa werden die Preise wahrscheinlich weitgehend stabil bleiben, im Nahen Osten und in Afrika um ein mageres Prozent steigen. In der Schweiz werden die Preise geringf\u00fcgig um 0,5 Prozent zur\u00fcckgehen. Die Bahn bleibt in ganz Europa weiterhin eine praktikable Alternative zum Flugzeug, insbesondere durch die erh\u00f6hten Sicherheitsma\u00dfnahmen an den Flugh\u00e4fen.\u00a0Fortdauernde Unsicherheit im Bergbau und eine vorsichtige Erholung der \u00d6l- und Gasbranche werden 2018 in der Region Asien\/Pazifik zu stabilen Preisen f\u00fchren. In China w\u00e4chst das Gesch\u00e4ft weiter, da die meisten gro\u00dfen Mietwagen- und Sharing-Economy-Anbieter vertreten sind. Die Sharing-Economy-Unternehmen Didi Chuxing in China, Ola in Indien und Grab in S\u00fcdostasien haben Skaleneffekte erreicht, die sie zu ernstzunehmenden Wettbewerbern f\u00fcr klassische Mietwagen- und Taxifirmen machen.\u00a0F\u00fcr Lateinamerika prognostiziert der 2018 Global Travel Forecast leicht steigende Preise (ein Prozent). Brasilien und Mexiko erwarten f\u00fcr 2018 eine h\u00f6here Mietwagen-Nachfrage, da ihre Volkswirtschaften wieder auf die F\u00fc\u00dfe kommen. Dennoch ist der Mietwagenmarkt dort unver\u00e4ndert stark fragmentiert. Uber wettet stark auf sein Lateinamerika-Gesch\u00e4ft (trotz Problemen in Brasilien, Peru und Argentinien) \u2013 insbesondere nach dem R\u00fcckzug aus dem chinesischen Markt vor kurzer Zeit. F\u00fcr Kanada wird f\u00fcr 2018 ein Preisanstieg von 4,6 Prozent erwartet, insgesamt klettern die Preise in der Region aber nur um ein Prozent. Das begrenzte Schienennetz zusammen mit steigenden Pro-Kopf-Einkommen und wachsendem Gesch\u00e4ftsreise-Aufkommen werden die Mietwagenpreise in Nordamerika wohl in die H\u00f6he treiben. Sharing-Economy-Anbieter wachsen weiter, bekommen es aber mit st\u00e4rkerem Wettbewerb durch klassische Taxis und mit beh\u00f6rdlichen Vorgaben zu tun.<\/p>\n<figure id=\"attachment_2231\" aria-describedby=\"caption-attachment-2231\" style=\"width: 480px\" class=\"wp-caption alignnone\"><img loading=\"lazy\" decoding=\"async\" class=\"size-full wp-image-2231\" src=\"https:\/\/www.organisator.ch\/wp-content\/uploads\/2017\/07\/Wirtschaftsaufschwung-verteuert-Geschaeftsreisen-2_Organisator.jpg\" alt=\"\" width=\"480\" height=\"527\" srcset=\"https:\/\/www.organisator.ch\/wp-content\/uploads\/2017\/07\/Wirtschaftsaufschwung-verteuert-Geschaeftsreisen-2_Organisator.jpg 480w, https:\/\/www.organisator.ch\/wp-content\/uploads\/2017\/07\/Wirtschaftsaufschwung-verteuert-Geschaeftsreisen-2_Organisator-11x12.jpg 11w, https:\/\/www.organisator.ch\/wp-content\/uploads\/2017\/07\/Wirtschaftsaufschwung-verteuert-Geschaeftsreisen-2_Organisator-159x175.jpg 159w, https:\/\/www.organisator.ch\/wp-content\/uploads\/2017\/07\/Wirtschaftsaufschwung-verteuert-Geschaeftsreisen-2_Organisator-319x350.jpg 319w, https:\/\/www.organisator.ch\/wp-content\/uploads\/2017\/07\/Wirtschaftsaufschwung-verteuert-Geschaeftsreisen-2_Organisator-300x329.jpg 300w\" sizes=\"auto, (max-width: 480px) 100vw, 480px\" \/><figcaption id=\"caption-attachment-2231\" class=\"wp-caption-text\">Empfehlungen f\u00fcr die Vorausplanung von Gesch\u00e4ftsreisen. (Quelle: Carlson Wagonlit Travel)<\/figcaption><\/figure>\n<p><em>Quelle: <a href=\"http:\/\/www.carlsonwagonlit.ch\">www.carlsonwagonlit.ch<\/a><\/em><\/p>\n","protected":false},"excerpt":{"rendered":"<p>J\u00e4hrlich\u00a0geben der globale Anbieter von Gesch\u00e4ftsreisen Carlson Wagonlit Travel und die GBTA Foundation gemeinsam einen Global Travel Forecast heraus. Die aktuelle Ausgabe sagt f\u00fcr 2018 einen Anstieg der weltweiten Flugtarife um 3,5 Prozent voraus.\u00a0Hotelpreise sollen um 3,7 Prozent, Bahn, Bus und Taxi um 0,6 Prozent steigen \u2013 bedeutend weniger als die f\u00fcr 2018 erwartete Inflation [&hellip;]<\/p>\n","protected":false},"author":4,"featured_media":2230,"comment_status":"open","ping_status":"open","sticky":false,"template":"","format":"standard","meta":{"_acf_changed":false,"_yoast_wpseo_focuskw":"Gesch\u00e4ftsreisen","_yoast_wpseo_metadesc":"Preise f\u00fcr Flug, Hotel sowie Bahn, Bus und Taxi werden vor dem Hintergrund steigender Inflation, h\u00f6herer \u00d6lpreise und sich entwickelnder M\u00e4rkte teurer.","articlekey":"","footnotes":""},"categories":[1],"tags":[239,334,340,393,508],"class_list":["post-2228","post","type-post","status-publish","format-standard","has-post-thumbnail","hentry","category-allgemein","tag-geschaeftsreisen","tag-management","tag-maerkte","tag-produkte","tag-vermischtes"],"acf":[],"yoast_head":"<!-- This site is optimized with the Yoast SEO plugin v27.5 - https:\/\/yoast.com\/product\/yoast-seo-wordpress\/ -->\n<title>Wirtschaftsaufschwung verteuert Gesch\u00e4ftsreisen - Organisator<\/title>\n<meta name=\"description\" content=\"Preise f\u00fcr Flug, Hotel sowie Bahn, Bus und Taxi werden vor dem Hintergrund steigender Inflation, h\u00f6herer \u00d6lpreise und sich entwickelnder M\u00e4rkte teurer.\" \/>\n<meta name=\"robots\" content=\"index, follow, max-snippet:-1, max-image-preview:large, max-video-preview:-1\" \/>\n<link rel=\"canonical\" href=\"https:\/\/www.organisator.ch\/de\/allgemein\/2017-07-25\/wirtschaftsaufschwung-verteuert-geschaeftsreisen\/\" \/>\n<meta property=\"og:locale\" content=\"de_DE\" \/>\n<meta property=\"og:type\" content=\"article\" \/>\n<meta property=\"og:title\" content=\"Wirtschaftsaufschwung verteuert Gesch\u00e4ftsreisen\" \/>\n<meta property=\"og:description\" content=\"Preise f\u00fcr #Flug, #Hotel sowie #Bahn, Bus und Taxi werden vor dem Hintergrund steigender Inflation, h\u00f6herer \u00d6lpreise und sich entwickelnder M\u00e4rkte teurer.\" \/>\n<meta property=\"og:url\" content=\"https:\/\/www.organisator.ch\/de\/allgemein\/2017-07-25\/wirtschaftsaufschwung-verteuert-geschaeftsreisen\/\" \/>\n<meta property=\"og:site_name\" content=\"Organisator\" \/>\n<meta property=\"article:publisher\" content=\"https:\/\/www.facebook.com\/OrganisatorFachmagazin\" \/>\n<meta property=\"article:published_time\" content=\"2017-07-25T12:07:49+00:00\" \/>\n<meta property=\"og:image\" content=\"https:\/\/www.organisator.ch\/wp-content\/uploads\/2017\/07\/Wirtschaftsaufschwung-verteuert-Geschaeftsreisen_Organisator.jpg\" \/>\n\t<meta property=\"og:image:width\" content=\"640\" \/>\n\t<meta property=\"og:image:height\" content=\"420\" \/>\n\t<meta property=\"og:image:type\" content=\"image\/jpeg\" \/>\n<meta name=\"author\" content=\"thomas.berner\" \/>\n<meta name=\"twitter:card\" content=\"summary_large_image\" \/>\n<meta name=\"twitter:title\" content=\"#Wirtschaftsaufschwung verteuert #Gesch\u00e4ftsreisen\" \/>\n<meta name=\"twitter:description\" content=\"Preise f\u00fcr #Flug, #Hotel sowie #Bahn, Bus und Taxi werden vor dem Hintergrund steigender Inflation, h\u00f6herer \u00d6lpreise und sich entwickelnder M\u00e4rkte teurer.\" \/>\n<meta name=\"twitter:image\" content=\"https:\/\/www.organisator.ch\/wp-content\/uploads\/2017\/07\/Wirtschaftsaufschwung-verteuert-Geschaeftsreisen_Organisator.jpg\" \/>\n<script type=\"application\/ld+json\" class=\"yoast-schema-graph\">{\"@context\":\"https:\\\/\\\/schema.org\",\"@graph\":[{\"@type\":\"Article\",\"@id\":\"https:\\\/\\\/www.organisator.ch\\\/en\\\/general\\\/2017-07-25\\\/wirtschaftsaufschwung-verteuert-geschaeftsreisen\\\/#article\",\"isPartOf\":{\"@id\":\"https:\\\/\\\/www.organisator.ch\\\/en\\\/general\\\/2017-07-25\\\/wirtschaftsaufschwung-verteuert-geschaeftsreisen\\\/\"},\"author\":{\"name\":\"thomas.berner\",\"@id\":\"https:\\\/\\\/www.organisator.ch\\\/#\\\/schema\\\/person\\\/6f650f90b2842cd4c0cc334b4e36f67e\"},\"headline\":\"Wirtschaftsaufschwung verteuert Gesch\u00e4ftsreisen\",\"datePublished\":\"2017-07-25T12:07:49+00:00\",\"mainEntityOfPage\":{\"@id\":\"https:\\\/\\\/www.organisator.ch\\\/en\\\/general\\\/2017-07-25\\\/wirtschaftsaufschwung-verteuert-geschaeftsreisen\\\/\"},\"wordCount\":1387,\"commentCount\":0,\"publisher\":{\"@id\":\"https:\\\/\\\/www.organisator.ch\\\/#organization\"},\"image\":{\"@id\":\"https:\\\/\\\/www.organisator.ch\\\/en\\\/general\\\/2017-07-25\\\/wirtschaftsaufschwung-verteuert-geschaeftsreisen\\\/#primaryimage\"},\"thumbnailUrl\":\"https:\\\/\\\/www.organisator.ch\\\/wp-content\\\/uploads\\\/2017\\\/07\\\/Wirtschaftsaufschwung-verteuert-Geschaeftsreisen_Organisator.jpg\",\"keywords\":[\"Gesch\u00e4ftsreisen\",\"Management\",\"M\u00e4rkte\",\"Produkte\",\"Vermischtes\"],\"inLanguage\":\"de\"},{\"@type\":\"WebPage\",\"@id\":\"https:\\\/\\\/www.organisator.ch\\\/en\\\/general\\\/2017-07-25\\\/wirtschaftsaufschwung-verteuert-geschaeftsreisen\\\/\",\"url\":\"https:\\\/\\\/www.organisator.ch\\\/en\\\/general\\\/2017-07-25\\\/wirtschaftsaufschwung-verteuert-geschaeftsreisen\\\/\",\"name\":\"Wirtschaftsaufschwung verteuert Gesch\u00e4ftsreisen - Organisator\",\"isPartOf\":{\"@id\":\"https:\\\/\\\/www.organisator.ch\\\/#website\"},\"primaryImageOfPage\":{\"@id\":\"https:\\\/\\\/www.organisator.ch\\\/en\\\/general\\\/2017-07-25\\\/wirtschaftsaufschwung-verteuert-geschaeftsreisen\\\/#primaryimage\"},\"image\":{\"@id\":\"https:\\\/\\\/www.organisator.ch\\\/en\\\/general\\\/2017-07-25\\\/wirtschaftsaufschwung-verteuert-geschaeftsreisen\\\/#primaryimage\"},\"thumbnailUrl\":\"https:\\\/\\\/www.organisator.ch\\\/wp-content\\\/uploads\\\/2017\\\/07\\\/Wirtschaftsaufschwung-verteuert-Geschaeftsreisen_Organisator.jpg\",\"datePublished\":\"2017-07-25T12:07:49+00:00\",\"description\":\"Preise f\u00fcr Flug, Hotel sowie Bahn, Bus und Taxi werden vor dem Hintergrund steigender Inflation, h\u00f6herer \u00d6lpreise und sich entwickelnder M\u00e4rkte teurer.\",\"breadcrumb\":{\"@id\":\"https:\\\/\\\/www.organisator.ch\\\/en\\\/general\\\/2017-07-25\\\/wirtschaftsaufschwung-verteuert-geschaeftsreisen\\\/#breadcrumb\"},\"inLanguage\":\"de\",\"potentialAction\":[{\"@type\":\"ReadAction\",\"target\":[\"https:\\\/\\\/www.organisator.ch\\\/en\\\/general\\\/2017-07-25\\\/wirtschaftsaufschwung-verteuert-geschaeftsreisen\\\/\"]}]},{\"@type\":\"ImageObject\",\"inLanguage\":\"de\",\"@id\":\"https:\\\/\\\/www.organisator.ch\\\/en\\\/general\\\/2017-07-25\\\/wirtschaftsaufschwung-verteuert-geschaeftsreisen\\\/#primaryimage\",\"url\":\"https:\\\/\\\/www.organisator.ch\\\/wp-content\\\/uploads\\\/2017\\\/07\\\/Wirtschaftsaufschwung-verteuert-Geschaeftsreisen_Organisator.jpg\",\"contentUrl\":\"https:\\\/\\\/www.organisator.ch\\\/wp-content\\\/uploads\\\/2017\\\/07\\\/Wirtschaftsaufschwung-verteuert-Geschaeftsreisen_Organisator.jpg\",\"width\":640,\"height\":420,\"caption\":\"Der Global Travel Forecast sagt f\u00fcr 2018 allgemein teurere Gesch\u00e4ftsreisen voraus. (Bild: PD)\"},{\"@type\":\"BreadcrumbList\",\"@id\":\"https:\\\/\\\/www.organisator.ch\\\/en\\\/general\\\/2017-07-25\\\/wirtschaftsaufschwung-verteuert-geschaeftsreisen\\\/#breadcrumb\",\"itemListElement\":[{\"@type\":\"ListItem\",\"position\":1,\"name\":\"Home\",\"item\":\"https:\\\/\\\/www.organisator.ch\\\/\"},{\"@type\":\"ListItem\",\"position\":2,\"name\":\"Wirtschaftsaufschwung verteuert Gesch\u00e4ftsreisen\"}]},{\"@type\":\"WebSite\",\"@id\":\"https:\\\/\\\/www.organisator.ch\\\/#website\",\"url\":\"https:\\\/\\\/www.organisator.ch\\\/\",\"name\":\"Organisator\",\"description\":\"Kompetent. Praxisnah. Der ORGANISATOR bereitet in 10 Ausgaben pro Jahr die wesentlichen Themen f\u00fcr F\u00fchrungskr\u00e4fte von KMU auf.\",\"publisher\":{\"@id\":\"https:\\\/\\\/www.organisator.ch\\\/#organization\"},\"potentialAction\":[{\"@type\":\"SearchAction\",\"target\":{\"@type\":\"EntryPoint\",\"urlTemplate\":\"https:\\\/\\\/www.organisator.ch\\\/?s={search_term_string}\"},\"query-input\":{\"@type\":\"PropertyValueSpecification\",\"valueRequired\":true,\"valueName\":\"search_term_string\"}}],\"inLanguage\":\"de\"},{\"@type\":\"Organization\",\"@id\":\"https:\\\/\\\/www.organisator.ch\\\/#organization\",\"name\":\"Organisator\",\"url\":\"https:\\\/\\\/www.organisator.ch\\\/\",\"logo\":{\"@type\":\"ImageObject\",\"inLanguage\":\"de\",\"@id\":\"https:\\\/\\\/www.organisator.ch\\\/#\\\/schema\\\/logo\\\/image\\\/\",\"url\":\"https:\\\/\\\/www.organisator.ch\\\/wp-content\\\/uploads\\\/2022\\\/01\\\/Logo_Organisator_Website.png\",\"contentUrl\":\"https:\\\/\\\/www.organisator.ch\\\/wp-content\\\/uploads\\\/2022\\\/01\\\/Logo_Organisator_Website.png\",\"width\":800,\"height\":77,\"caption\":\"Organisator\"},\"image\":{\"@id\":\"https:\\\/\\\/www.organisator.ch\\\/#\\\/schema\\\/logo\\\/image\\\/\"},\"sameAs\":[\"https:\\\/\\\/www.facebook.com\\\/OrganisatorFachmagazin\",\"https:\\\/\\\/www.linkedin.com\\\/showcase\\\/organisator-das-magazin-fr-kmu\",\"https:\\\/\\\/www.xing.com\\\/news\\\/pages\\\/organisator-ch-695\",\"https:\\\/\\\/www.youtube.com\\\/channel\\\/UCGP2Sq0iWaZwT3BdIAQFYpw\"]},{\"@type\":\"Person\",\"@id\":\"https:\\\/\\\/www.organisator.ch\\\/#\\\/schema\\\/person\\\/6f650f90b2842cd4c0cc334b4e36f67e\",\"name\":\"thomas.berner\",\"image\":{\"@type\":\"ImageObject\",\"inLanguage\":\"de\",\"@id\":\"https:\\\/\\\/secure.gravatar.com\\\/avatar\\\/ac5001d2a36cb6c6cd3e50789007ffca834b477b74a2144564522e944eabff61?s=96&d=mm&r=g\",\"url\":\"https:\\\/\\\/secure.gravatar.com\\\/avatar\\\/ac5001d2a36cb6c6cd3e50789007ffca834b477b74a2144564522e944eabff61?s=96&d=mm&r=g\",\"contentUrl\":\"https:\\\/\\\/secure.gravatar.com\\\/avatar\\\/ac5001d2a36cb6c6cd3e50789007ffca834b477b74a2144564522e944eabff61?s=96&d=mm&r=g\",\"caption\":\"thomas.berner\"},\"url\":\"https:\\\/\\\/www.organisator.ch\\\/de\\\/author\\\/thomas-berner\\\/\"}]}<\/script>\n<!-- \/ Yoast SEO plugin. -->","yoast_head_json":{"title":"Wirtschaftsaufschwung verteuert Gesch\u00e4ftsreisen - Organisator","description":"Preise f\u00fcr Flug, Hotel sowie Bahn, Bus und Taxi werden vor dem Hintergrund steigender Inflation, h\u00f6herer \u00d6lpreise und sich entwickelnder M\u00e4rkte teurer.","robots":{"index":"index","follow":"follow","max-snippet":"max-snippet:-1","max-image-preview":"max-image-preview:large","max-video-preview":"max-video-preview:-1"},"canonical":"https:\/\/www.organisator.ch\/de\/allgemein\/2017-07-25\/wirtschaftsaufschwung-verteuert-geschaeftsreisen\/","og_locale":"de_DE","og_type":"article","og_title":"Wirtschaftsaufschwung verteuert Gesch\u00e4ftsreisen","og_description":"Preise f\u00fcr #Flug, #Hotel sowie #Bahn, Bus und Taxi werden vor dem Hintergrund steigender Inflation, h\u00f6herer \u00d6lpreise und sich entwickelnder M\u00e4rkte teurer.","og_url":"https:\/\/www.organisator.ch\/de\/allgemein\/2017-07-25\/wirtschaftsaufschwung-verteuert-geschaeftsreisen\/","og_site_name":"Organisator","article_publisher":"https:\/\/www.facebook.com\/OrganisatorFachmagazin","article_published_time":"2017-07-25T12:07:49+00:00","og_image":[{"width":640,"height":420,"url":"https:\/\/www.organisator.ch\/wp-content\/uploads\/2017\/07\/Wirtschaftsaufschwung-verteuert-Geschaeftsreisen_Organisator.jpg","type":"image\/jpeg"}],"author":"thomas.berner","twitter_card":"summary_large_image","twitter_title":"#Wirtschaftsaufschwung verteuert #Gesch\u00e4ftsreisen","twitter_description":"Preise f\u00fcr #Flug, #Hotel sowie #Bahn, Bus und Taxi werden vor dem Hintergrund steigender Inflation, h\u00f6herer \u00d6lpreise und sich entwickelnder M\u00e4rkte teurer.","twitter_image":"https:\/\/www.organisator.ch\/wp-content\/uploads\/2017\/07\/Wirtschaftsaufschwung-verteuert-Geschaeftsreisen_Organisator.jpg","schema":{"@context":"https:\/\/schema.org","@graph":[{"@type":"Article","@id":"https:\/\/www.organisator.ch\/en\/general\/2017-07-25\/wirtschaftsaufschwung-verteuert-geschaeftsreisen\/#article","isPartOf":{"@id":"https:\/\/www.organisator.ch\/en\/general\/2017-07-25\/wirtschaftsaufschwung-verteuert-geschaeftsreisen\/"},"author":{"name":"thomas.berner","@id":"https:\/\/www.organisator.ch\/#\/schema\/person\/6f650f90b2842cd4c0cc334b4e36f67e"},"headline":"Wirtschaftsaufschwung verteuert Gesch\u00e4ftsreisen","datePublished":"2017-07-25T12:07:49+00:00","mainEntityOfPage":{"@id":"https:\/\/www.organisator.ch\/en\/general\/2017-07-25\/wirtschaftsaufschwung-verteuert-geschaeftsreisen\/"},"wordCount":1387,"commentCount":0,"publisher":{"@id":"https:\/\/www.organisator.ch\/#organization"},"image":{"@id":"https:\/\/www.organisator.ch\/en\/general\/2017-07-25\/wirtschaftsaufschwung-verteuert-geschaeftsreisen\/#primaryimage"},"thumbnailUrl":"https:\/\/www.organisator.ch\/wp-content\/uploads\/2017\/07\/Wirtschaftsaufschwung-verteuert-Geschaeftsreisen_Organisator.jpg","keywords":["Gesch\u00e4ftsreisen","Management","M\u00e4rkte","Produkte","Vermischtes"],"inLanguage":"de"},{"@type":"WebPage","@id":"https:\/\/www.organisator.ch\/en\/general\/2017-07-25\/wirtschaftsaufschwung-verteuert-geschaeftsreisen\/","url":"https:\/\/www.organisator.ch\/en\/general\/2017-07-25\/wirtschaftsaufschwung-verteuert-geschaeftsreisen\/","name":"Wirtschaftsaufschwung verteuert Gesch\u00e4ftsreisen - Organisator","isPartOf":{"@id":"https:\/\/www.organisator.ch\/#website"},"primaryImageOfPage":{"@id":"https:\/\/www.organisator.ch\/en\/general\/2017-07-25\/wirtschaftsaufschwung-verteuert-geschaeftsreisen\/#primaryimage"},"image":{"@id":"https:\/\/www.organisator.ch\/en\/general\/2017-07-25\/wirtschaftsaufschwung-verteuert-geschaeftsreisen\/#primaryimage"},"thumbnailUrl":"https:\/\/www.organisator.ch\/wp-content\/uploads\/2017\/07\/Wirtschaftsaufschwung-verteuert-Geschaeftsreisen_Organisator.jpg","datePublished":"2017-07-25T12:07:49+00:00","description":"Preise f\u00fcr Flug, Hotel sowie Bahn, Bus und Taxi werden vor dem Hintergrund steigender Inflation, h\u00f6herer \u00d6lpreise und sich entwickelnder M\u00e4rkte teurer.","breadcrumb":{"@id":"https:\/\/www.organisator.ch\/en\/general\/2017-07-25\/wirtschaftsaufschwung-verteuert-geschaeftsreisen\/#breadcrumb"},"inLanguage":"de","potentialAction":[{"@type":"ReadAction","target":["https:\/\/www.organisator.ch\/en\/general\/2017-07-25\/wirtschaftsaufschwung-verteuert-geschaeftsreisen\/"]}]},{"@type":"ImageObject","inLanguage":"de","@id":"https:\/\/www.organisator.ch\/en\/general\/2017-07-25\/wirtschaftsaufschwung-verteuert-geschaeftsreisen\/#primaryimage","url":"https:\/\/www.organisator.ch\/wp-content\/uploads\/2017\/07\/Wirtschaftsaufschwung-verteuert-Geschaeftsreisen_Organisator.jpg","contentUrl":"https:\/\/www.organisator.ch\/wp-content\/uploads\/2017\/07\/Wirtschaftsaufschwung-verteuert-Geschaeftsreisen_Organisator.jpg","width":640,"height":420,"caption":"Der Global Travel Forecast sagt f\u00fcr 2018 allgemein teurere Gesch\u00e4ftsreisen voraus. (Bild: PD)"},{"@type":"BreadcrumbList","@id":"https:\/\/www.organisator.ch\/en\/general\/2017-07-25\/wirtschaftsaufschwung-verteuert-geschaeftsreisen\/#breadcrumb","itemListElement":[{"@type":"ListItem","position":1,"name":"Home","item":"https:\/\/www.organisator.ch\/"},{"@type":"ListItem","position":2,"name":"Wirtschaftsaufschwung verteuert Gesch\u00e4ftsreisen"}]},{"@type":"WebSite","@id":"https:\/\/www.organisator.ch\/#website","url":"https:\/\/www.organisator.ch\/","name":"Organisator","description":"Kompetent. Praxisnah. Der ORGANISATOR bereitet in 10 Ausgaben pro Jahr die wesentlichen Themen f\u00fcr F\u00fchrungskr\u00e4fte von KMU auf.","publisher":{"@id":"https:\/\/www.organisator.ch\/#organization"},"potentialAction":[{"@type":"SearchAction","target":{"@type":"EntryPoint","urlTemplate":"https:\/\/www.organisator.ch\/?s={search_term_string}"},"query-input":{"@type":"PropertyValueSpecification","valueRequired":true,"valueName":"search_term_string"}}],"inLanguage":"de"},{"@type":"Organization","@id":"https:\/\/www.organisator.ch\/#organization","name":"Organisator","url":"https:\/\/www.organisator.ch\/","logo":{"@type":"ImageObject","inLanguage":"de","@id":"https:\/\/www.organisator.ch\/#\/schema\/logo\/image\/","url":"https:\/\/www.organisator.ch\/wp-content\/uploads\/2022\/01\/Logo_Organisator_Website.png","contentUrl":"https:\/\/www.organisator.ch\/wp-content\/uploads\/2022\/01\/Logo_Organisator_Website.png","width":800,"height":77,"caption":"Organisator"},"image":{"@id":"https:\/\/www.organisator.ch\/#\/schema\/logo\/image\/"},"sameAs":["https:\/\/www.facebook.com\/OrganisatorFachmagazin","https:\/\/www.linkedin.com\/showcase\/organisator-das-magazin-fr-kmu","https:\/\/www.xing.com\/news\/pages\/organisator-ch-695","https:\/\/www.youtube.com\/channel\/UCGP2Sq0iWaZwT3BdIAQFYpw"]},{"@type":"Person","@id":"https:\/\/www.organisator.ch\/#\/schema\/person\/6f650f90b2842cd4c0cc334b4e36f67e","name":"thomas.berner","image":{"@type":"ImageObject","inLanguage":"de","@id":"https:\/\/secure.gravatar.com\/avatar\/ac5001d2a36cb6c6cd3e50789007ffca834b477b74a2144564522e944eabff61?s=96&d=mm&r=g","url":"https:\/\/secure.gravatar.com\/avatar\/ac5001d2a36cb6c6cd3e50789007ffca834b477b74a2144564522e944eabff61?s=96&d=mm&r=g","contentUrl":"https:\/\/secure.gravatar.com\/avatar\/ac5001d2a36cb6c6cd3e50789007ffca834b477b74a2144564522e944eabff61?s=96&d=mm&r=g","caption":"thomas.berner"},"url":"https:\/\/www.organisator.ch\/de\/author\/thomas-berner\/"}]}},"_links":{"self":[{"href":"https:\/\/www.organisator.ch\/de\/wp-json\/wp\/v2\/posts\/2228","targetHints":{"allow":["GET"]}}],"collection":[{"href":"https:\/\/www.organisator.ch\/de\/wp-json\/wp\/v2\/posts"}],"about":[{"href":"https:\/\/www.organisator.ch\/de\/wp-json\/wp\/v2\/types\/post"}],"author":[{"embeddable":true,"href":"https:\/\/www.organisator.ch\/de\/wp-json\/wp\/v2\/users\/4"}],"replies":[{"embeddable":true,"href":"https:\/\/www.organisator.ch\/de\/wp-json\/wp\/v2\/comments?post=2228"}],"version-history":[{"count":0,"href":"https:\/\/www.organisator.ch\/de\/wp-json\/wp\/v2\/posts\/2228\/revisions"}],"wp:featuredmedia":[{"embeddable":true,"href":"https:\/\/www.organisator.ch\/de\/wp-json\/wp\/v2\/media\/2230"}],"wp:attachment":[{"href":"https:\/\/www.organisator.ch\/de\/wp-json\/wp\/v2\/media?parent=2228"}],"wp:term":[{"taxonomy":"category","embeddable":true,"href":"https:\/\/www.organisator.ch\/de\/wp-json\/wp\/v2\/categories?post=2228"},{"taxonomy":"post_tag","embeddable":true,"href":"https:\/\/www.organisator.ch\/de\/wp-json\/wp\/v2\/tags?post=2228"}],"curies":[{"name":"wp","href":"https:\/\/api.w.org\/{rel}","templated":true}]}}