{"id":2236,"date":"2019-06-27T13:54:13","date_gmt":"2019-06-27T11:54:13","guid":{"rendered":"https:\/\/www.umweltperspektiven.ch\/?p=2236"},"modified":"2022-02-09T11:10:06","modified_gmt":"2022-02-09T10:10:06","slug":"oebu-hat-mit-arthur-braunschweig-ein-neues-praesidium","status":"publish","type":"post","link":"https:\/\/www.organisator.ch\/de\/sustainability\/2019-06-27\/oebu-hat-mit-arthur-braunschweig-ein-neues-praesidium\/","title":{"rendered":"\u00f6bu hat mit Arthur Braunschweig ein neues Pr\u00e4sidium"},"content":{"rendered":"<div class=\"ym-grid linearize-level-1\">\n<div class=\"ym-g66 ym-gl stage\">\n<div class=\"ym-gbox-left\">\n<figure id=\"attachment_2237\" aria-describedby=\"caption-attachment-2237\" style=\"width: 365px\" class=\"wp-caption alignnone\"><img loading=\"lazy\" decoding=\"async\" class=\"size-full wp-image-2237\" src=\"\/\/www.umweltperspektiven.ch\/wp-content\/uploads\/2019\/06\/oebu_Braunschweig-UP-Umwelt-Perspektiven.jpg\" alt=\"\" width=\"365\" height=\"476\" srcset=\"https:\/\/www.organisator.ch\/wp-content\/uploads\/2019\/06\/oebu_Braunschweig-UP-Umwelt-Perspektiven.jpg 365w, https:\/\/www.organisator.ch\/wp-content\/uploads\/2019\/06\/oebu_Braunschweig-UP-Umwelt-Perspektiven-9x12.jpg 9w, https:\/\/www.organisator.ch\/wp-content\/uploads\/2019\/06\/oebu_Braunschweig-UP-Umwelt-Perspektiven-134x175.jpg 134w, https:\/\/www.organisator.ch\/wp-content\/uploads\/2019\/06\/oebu_Braunschweig-UP-Umwelt-Perspektiven-268x350.jpg 268w, https:\/\/www.organisator.ch\/wp-content\/uploads\/2019\/06\/oebu_Braunschweig-UP-Umwelt-Perspektiven-300x391.jpg 300w\" sizes=\"auto, (max-width: 365px) 100vw, 365px\" \/><figcaption id=\"caption-attachment-2237\" class=\"wp-caption-text\">Prof. Arthur Braunschweig ist neuer \u00f6bu Pr\u00e4sident. (Bild: zVg)<\/figcaption><\/figure>\n<p>Arthur Braunschweig \u00fcbernimmt das Amt von Ruth E. Blumer Lahner, Head Regulatory Affairs, Sustainability and SHEQ bei Kolb Group. Ruth Blumer Lahner hatte als bisherige \u00f6bu-Vizepr\u00e4sidentin das Pr\u00e4sidium zun\u00e4chst ad-interim und im Januar 2019 auch formell \u00fcbernommen, als Christian Hunziker aus gesundheitlichen Gr\u00fcnden zur\u00fccktrat.<\/p>\n<p>Beide haben den Verband und die Entwicklung einer nachhaltigen Wirtschaft in der Schweiz massgeblich gepr\u00e4gt.<\/p>\n<p><strong>\u00f6bu Mitgliederversammlung<\/strong><\/p>\n<p>An der diesj\u00e4hrigen Mitgliederversammlung von \u00f6bu, dem Verband f\u00fcr nachhaltiges Wirtschaften, gab Olmar Albers, Gesch\u00e4ftsleiter bei \u00f6bu, Einblick in den laufenden Strategieprozess des Verbands. Neben neuen Formen der Finanzierung werden dabei verst\u00e4rkt Kooperationen und Mitgliederengagement sowie die Umsetzung des nachhaltigen Wirtschaftens im Unternehmen im Fokus stehen.<\/p>\n<\/div>\n<\/div>\n<\/div>\n<div class=\"ym-grid linearize-level-1\">\n<div class=\"ym-g66 ym-gl stage\">\n<div class=\"ym-gbox-left\">\n<section class=\"obu-section-text\">\n<div class=\"obu-txt\">\n<p>Neben der strategischen Transformation gibt es auch personelle Ver\u00e4nderungen. Das neu ernannte Pr\u00e4sidium des Verbands stellte sich an der Mitgliederversammlung den anwesenden UnternehmensvertrerInnen vor. \u00f6bu-Pr\u00e4sident Dr. Arthur Braunschweig, Gesch\u00e4ftsf\u00fchrender Partner der E2 Management Consulting AG, baute den Verband 1989 als Gesch\u00e4ftsleiter mit auf und ist seit 1999 im Vorstand. Er sieht in \u00f6bu ein grosses Potenzial als Plattform, auf der Unternehmen gemeinsam neuartige Ans\u00e4tze austesten k\u00f6nnen, von neuen Arbeits- und Gesch\u00e4ftsmodellen bis hin zu nachhaltigen Lieferketten \u2013 alles im Sinne der Zukunftsf\u00e4higkeit von Unternehmen. Anne Wolf, neue Vizepr\u00e4sidentin von \u00f6bu, berichtete \u00fcber die Wesentlichkeitsanalyse der Post und die wertvollen Erfahrungen, die sich bei der Frage nach der Relevanz von Themen der nachhaltigen Entwicklung ergeben.<\/p>\n<p>Auf die Mitgliederversammlung folgte ein anregendes Referat von Christian Felber, Wirtschaftsreformer und Initiant der Gemeinwohl\u00f6konomie, zur Frage, ob wir die wirtschaftliche Leistung mit finanziellen Daten nicht falsch messen w\u00fcrden. Die Gemeinwohl\u00f6konomie schl\u00e4gt vor, die Wirkungen auf Mensch und Gesellschaft, wie Zufriedenheit, Sicherheit, etc., als Indikatoren f\u00fcr die eigentlichen Ziele auch des wirtschaftlichen Handelns in den Fokus zu nehmen. Finanzielles soll damit als Mittel und nicht als Zweck betrachtet werden.<\/p>\n<p>An einem Workshop mit interessierten Unternehmen soll im Herbst 2019 die Erstellung einer auf diesen Prinzipien aufgebauten Gemeinwohlbilanz ausgearbeitet werden. Weitere Informationen folgen auf <a href=\"\/\/www.oebu.ch\">www.oebu.ch<\/a><\/p>\n<\/div>\n<\/section>\n<\/div>\n<\/div>\n<\/div>\n","protected":false},"excerpt":{"rendered":"<p>Arthur Braunschweig \u00fcbernimmt das Amt von Ruth E. Blumer Lahner, Head Regulatory Affairs, Sustainability and SHEQ bei Kolb Group. Ruth Blumer Lahner hatte als bisherige \u00f6bu-Vizepr\u00e4sidentin das Pr\u00e4sidium zun\u00e4chst ad-interim und im Januar 2019 auch formell \u00fcbernommen, als Christian Hunziker aus gesundheitlichen Gr\u00fcnden zur\u00fccktrat. Beide haben den Verband und die Entwicklung einer nachhaltigen Wirtschaft in [&hellip;]<\/p>\n","protected":false},"author":5,"featured_media":2237,"comment_status":"open","ping_status":"open","sticky":false,"template":"","format":"standard","meta":{"_acf_changed":false,"_yoast_wpseo_focuskw":"Arthur Braunschweig","_yoast_wpseo_metadesc":"Arthur Braunschweig, Gesch\u00e4ftsf\u00fchrender Partner der E2 Management Consulting AG, wurde an der \u00f6bu Mitgliederversammlung zum Pr\u00e4sidenten gew\u00e4hlt.","articlekey":"","footnotes":""},"categories":[580],"tags":[1853,381],"class_list":["post-2236","post","type-post","status-publish","format-standard","has-post-thumbnail","hentry","category-sustainability","tag-oebu","tag-personalia"],"acf":[],"yoast_head":"<!-- This site is optimized with the Yoast SEO plugin v27.4 - https:\/\/yoast.com\/product\/yoast-seo-wordpress\/ -->\n<title>\u00f6bu hat mit Arthur Braunschweig ein neues Pr\u00e4sidium - Organisator<\/title>\n<meta name=\"description\" content=\"Arthur Braunschweig, Gesch\u00e4ftsf\u00fchrender Partner der E2 Management Consulting AG, wurde an der \u00f6bu Mitgliederversammlung zum Pr\u00e4sidenten gew\u00e4hlt.\" \/>\n<meta name=\"robots\" content=\"index, follow, max-snippet:-1, max-image-preview:large, max-video-preview:-1\" \/>\n<link rel=\"canonical\" href=\"https:\/\/www.organisator.ch\/de\/sustainability\/2019-06-27\/oebu-hat-mit-arthur-braunschweig-ein-neues-praesidium\/\" \/>\n<meta property=\"og:locale\" content=\"de_DE\" \/>\n<meta property=\"og:type\" content=\"article\" \/>\n<meta property=\"og:title\" content=\"\u00f6bu hat mit Arthur Braunschweig ein neues Pr\u00e4sidium - Organisator\" \/>\n<meta property=\"og:description\" content=\"Arthur Braunschweig, Gesch\u00e4ftsf\u00fchrender Partner der E2 Management Consulting AG, wurde an der \u00f6bu Mitgliederversammlung zum Pr\u00e4sidenten gew\u00e4hlt.\" \/>\n<meta property=\"og:url\" content=\"https:\/\/www.organisator.ch\/de\/sustainability\/2019-06-27\/oebu-hat-mit-arthur-braunschweig-ein-neues-praesidium\/\" \/>\n<meta property=\"og:site_name\" content=\"Organisator\" \/>\n<meta property=\"article:publisher\" content=\"https:\/\/www.facebook.com\/OrganisatorFachmagazin\" \/>\n<meta property=\"article:published_time\" content=\"2019-06-27T11:54:13+00:00\" \/>\n<meta property=\"article:modified_time\" content=\"2022-02-09T10:10:06+00:00\" \/>\n<meta property=\"og:image\" content=\"https:\/\/www.organisator.ch\/wp-content\/uploads\/2019\/06\/oebu_Braunschweig-UP-Umwelt-Perspektiven.jpg\" \/>\n\t<meta property=\"og:image:width\" content=\"365\" \/>\n\t<meta property=\"og:image:height\" content=\"476\" \/>\n\t<meta property=\"og:image:type\" content=\"image\/jpeg\" \/>\n<meta name=\"author\" content=\"michael.merz\" \/>\n<meta name=\"twitter:card\" content=\"summary_large_image\" \/>\n<script type=\"application\/ld+json\" class=\"yoast-schema-graph\">{\"@context\":\"https:\\\/\\\/schema.org\",\"@graph\":[{\"@type\":\"Article\",\"@id\":\"https:\\\/\\\/www.organisator.ch\\\/sustainability\\\/2019-06-27\\\/oebu-hat-mit-arthur-braunschweig-ein-neues-praesidium\\\/#article\",\"isPartOf\":{\"@id\":\"https:\\\/\\\/www.organisator.ch\\\/sustainability\\\/2019-06-27\\\/oebu-hat-mit-arthur-braunschweig-ein-neues-praesidium\\\/\"},\"author\":{\"name\":\"michael.merz\",\"@id\":\"https:\\\/\\\/www.organisator.ch\\\/#\\\/schema\\\/person\\\/134708ca9321c57b0362cceb7948ffbd\"},\"headline\":\"\u00f6bu hat mit Arthur Braunschweig ein neues Pr\u00e4sidium\",\"datePublished\":\"2019-06-27T11:54:13+00:00\",\"dateModified\":\"2022-02-09T10:10:06+00:00\",\"mainEntityOfPage\":{\"@id\":\"https:\\\/\\\/www.organisator.ch\\\/sustainability\\\/2019-06-27\\\/oebu-hat-mit-arthur-braunschweig-ein-neues-praesidium\\\/\"},\"wordCount\":364,\"commentCount\":0,\"publisher\":{\"@id\":\"https:\\\/\\\/www.organisator.ch\\\/#organization\"},\"image\":{\"@id\":\"https:\\\/\\\/www.organisator.ch\\\/sustainability\\\/2019-06-27\\\/oebu-hat-mit-arthur-braunschweig-ein-neues-praesidium\\\/#primaryimage\"},\"thumbnailUrl\":\"https:\\\/\\\/www.organisator.ch\\\/wp-content\\\/uploads\\\/2019\\\/06\\\/oebu_Braunschweig-UP-Umwelt-Perspektiven.jpg\",\"keywords\":[\"\u00f6bu\",\"Personalia\"],\"articleSection\":[\"SUSTAINABILITY\"],\"inLanguage\":\"de\"},{\"@type\":\"WebPage\",\"@id\":\"https:\\\/\\\/www.organisator.ch\\\/sustainability\\\/2019-06-27\\\/oebu-hat-mit-arthur-braunschweig-ein-neues-praesidium\\\/\",\"url\":\"https:\\\/\\\/www.organisator.ch\\\/sustainability\\\/2019-06-27\\\/oebu-hat-mit-arthur-braunschweig-ein-neues-praesidium\\\/\",\"name\":\"\u00f6bu hat mit Arthur Braunschweig ein neues Pr\u00e4sidium - Organisator\",\"isPartOf\":{\"@id\":\"https:\\\/\\\/www.organisator.ch\\\/#website\"},\"primaryImageOfPage\":{\"@id\":\"https:\\\/\\\/www.organisator.ch\\\/sustainability\\\/2019-06-27\\\/oebu-hat-mit-arthur-braunschweig-ein-neues-praesidium\\\/#primaryimage\"},\"image\":{\"@id\":\"https:\\\/\\\/www.organisator.ch\\\/sustainability\\\/2019-06-27\\\/oebu-hat-mit-arthur-braunschweig-ein-neues-praesidium\\\/#primaryimage\"},\"thumbnailUrl\":\"https:\\\/\\\/www.organisator.ch\\\/wp-content\\\/uploads\\\/2019\\\/06\\\/oebu_Braunschweig-UP-Umwelt-Perspektiven.jpg\",\"datePublished\":\"2019-06-27T11:54:13+00:00\",\"dateModified\":\"2022-02-09T10:10:06+00:00\",\"description\":\"Arthur Braunschweig, Gesch\u00e4ftsf\u00fchrender Partner der E2 Management Consulting AG, wurde an der \u00f6bu Mitgliederversammlung zum Pr\u00e4sidenten gew\u00e4hlt.\",\"breadcrumb\":{\"@id\":\"https:\\\/\\\/www.organisator.ch\\\/sustainability\\\/2019-06-27\\\/oebu-hat-mit-arthur-braunschweig-ein-neues-praesidium\\\/#breadcrumb\"},\"inLanguage\":\"de\",\"potentialAction\":[{\"@type\":\"ReadAction\",\"target\":[\"https:\\\/\\\/www.organisator.ch\\\/sustainability\\\/2019-06-27\\\/oebu-hat-mit-arthur-braunschweig-ein-neues-praesidium\\\/\"]}]},{\"@type\":\"ImageObject\",\"inLanguage\":\"de\",\"@id\":\"https:\\\/\\\/www.organisator.ch\\\/sustainability\\\/2019-06-27\\\/oebu-hat-mit-arthur-braunschweig-ein-neues-praesidium\\\/#primaryimage\",\"url\":\"https:\\\/\\\/www.organisator.ch\\\/wp-content\\\/uploads\\\/2019\\\/06\\\/oebu_Braunschweig-UP-Umwelt-Perspektiven.jpg\",\"contentUrl\":\"https:\\\/\\\/www.organisator.ch\\\/wp-content\\\/uploads\\\/2019\\\/06\\\/oebu_Braunschweig-UP-Umwelt-Perspektiven.jpg\",\"width\":365,\"height\":476,\"caption\":\"Prof. Arthur Braunschweig. (Bild: zVg)\"},{\"@type\":\"BreadcrumbList\",\"@id\":\"https:\\\/\\\/www.organisator.ch\\\/sustainability\\\/2019-06-27\\\/oebu-hat-mit-arthur-braunschweig-ein-neues-praesidium\\\/#breadcrumb\",\"itemListElement\":[{\"@type\":\"ListItem\",\"position\":1,\"name\":\"Home\",\"item\":\"https:\\\/\\\/www.organisator.ch\\\/\"},{\"@type\":\"ListItem\",\"position\":2,\"name\":\"\u00f6bu hat mit Arthur Braunschweig ein neues Pr\u00e4sidium\"}]},{\"@type\":\"WebSite\",\"@id\":\"https:\\\/\\\/www.organisator.ch\\\/#website\",\"url\":\"https:\\\/\\\/www.organisator.ch\\\/\",\"name\":\"Organisator\",\"description\":\"Kompetent. Praxisnah. Der ORGANISATOR bereitet in 10 Ausgaben pro Jahr die wesentlichen Themen f\u00fcr F\u00fchrungskr\u00e4fte von KMU auf.\",\"publisher\":{\"@id\":\"https:\\\/\\\/www.organisator.ch\\\/#organization\"},\"potentialAction\":[{\"@type\":\"SearchAction\",\"target\":{\"@type\":\"EntryPoint\",\"urlTemplate\":\"https:\\\/\\\/www.organisator.ch\\\/?s={search_term_string}\"},\"query-input\":{\"@type\":\"PropertyValueSpecification\",\"valueRequired\":true,\"valueName\":\"search_term_string\"}}],\"inLanguage\":\"de\"},{\"@type\":\"Organization\",\"@id\":\"https:\\\/\\\/www.organisator.ch\\\/#organization\",\"name\":\"Organisator\",\"url\":\"https:\\\/\\\/www.organisator.ch\\\/\",\"logo\":{\"@type\":\"ImageObject\",\"inLanguage\":\"de\",\"@id\":\"https:\\\/\\\/www.organisator.ch\\\/#\\\/schema\\\/logo\\\/image\\\/\",\"url\":\"https:\\\/\\\/www.organisator.ch\\\/wp-content\\\/uploads\\\/2022\\\/01\\\/Logo_Organisator_Website.png\",\"contentUrl\":\"https:\\\/\\\/www.organisator.ch\\\/wp-content\\\/uploads\\\/2022\\\/01\\\/Logo_Organisator_Website.png\",\"width\":800,\"height\":77,\"caption\":\"Organisator\"},\"image\":{\"@id\":\"https:\\\/\\\/www.organisator.ch\\\/#\\\/schema\\\/logo\\\/image\\\/\"},\"sameAs\":[\"https:\\\/\\\/www.facebook.com\\\/OrganisatorFachmagazin\",\"https:\\\/\\\/www.linkedin.com\\\/showcase\\\/organisator-das-magazin-fr-kmu\",\"https:\\\/\\\/www.xing.com\\\/news\\\/pages\\\/organisator-ch-695\",\"https:\\\/\\\/www.youtube.com\\\/channel\\\/UCGP2Sq0iWaZwT3BdIAQFYpw\"]},{\"@type\":\"Person\",\"@id\":\"https:\\\/\\\/www.organisator.ch\\\/#\\\/schema\\\/person\\\/134708ca9321c57b0362cceb7948ffbd\",\"name\":\"michael.merz\",\"image\":{\"@type\":\"ImageObject\",\"inLanguage\":\"de\",\"@id\":\"https:\\\/\\\/secure.gravatar.com\\\/avatar\\\/?s=96&d=mm&r=g\",\"url\":\"https:\\\/\\\/secure.gravatar.com\\\/avatar\\\/?s=96&d=mm&r=g\",\"contentUrl\":\"https:\\\/\\\/secure.gravatar.com\\\/avatar\\\/?s=96&d=mm&r=g\",\"caption\":\"michael.merz\"},\"url\":\"https:\\\/\\\/www.organisator.ch\\\/de\\\/author\\\/michael-merz\\\/\"}]}<\/script>\n<!-- \/ Yoast SEO plugin. -->","yoast_head_json":{"title":"\u00f6bu hat mit Arthur Braunschweig ein neues Pr\u00e4sidium - Organisator","description":"Arthur Braunschweig, Gesch\u00e4ftsf\u00fchrender Partner der E2 Management Consulting AG, wurde an der \u00f6bu Mitgliederversammlung zum Pr\u00e4sidenten gew\u00e4hlt.","robots":{"index":"index","follow":"follow","max-snippet":"max-snippet:-1","max-image-preview":"max-image-preview:large","max-video-preview":"max-video-preview:-1"},"canonical":"https:\/\/www.organisator.ch\/de\/sustainability\/2019-06-27\/oebu-hat-mit-arthur-braunschweig-ein-neues-praesidium\/","og_locale":"de_DE","og_type":"article","og_title":"\u00f6bu hat mit Arthur Braunschweig ein neues Pr\u00e4sidium - Organisator","og_description":"Arthur Braunschweig, Gesch\u00e4ftsf\u00fchrender Partner der E2 Management Consulting AG, wurde an der \u00f6bu Mitgliederversammlung zum Pr\u00e4sidenten gew\u00e4hlt.","og_url":"https:\/\/www.organisator.ch\/de\/sustainability\/2019-06-27\/oebu-hat-mit-arthur-braunschweig-ein-neues-praesidium\/","og_site_name":"Organisator","article_publisher":"https:\/\/www.facebook.com\/OrganisatorFachmagazin","article_published_time":"2019-06-27T11:54:13+00:00","article_modified_time":"2022-02-09T10:10:06+00:00","og_image":[{"width":365,"height":476,"url":"https:\/\/www.organisator.ch\/wp-content\/uploads\/2019\/06\/oebu_Braunschweig-UP-Umwelt-Perspektiven.jpg","type":"image\/jpeg"}],"author":"michael.merz","twitter_card":"summary_large_image","schema":{"@context":"https:\/\/schema.org","@graph":[{"@type":"Article","@id":"https:\/\/www.organisator.ch\/sustainability\/2019-06-27\/oebu-hat-mit-arthur-braunschweig-ein-neues-praesidium\/#article","isPartOf":{"@id":"https:\/\/www.organisator.ch\/sustainability\/2019-06-27\/oebu-hat-mit-arthur-braunschweig-ein-neues-praesidium\/"},"author":{"name":"michael.merz","@id":"https:\/\/www.organisator.ch\/#\/schema\/person\/134708ca9321c57b0362cceb7948ffbd"},"headline":"\u00f6bu hat mit Arthur Braunschweig ein neues Pr\u00e4sidium","datePublished":"2019-06-27T11:54:13+00:00","dateModified":"2022-02-09T10:10:06+00:00","mainEntityOfPage":{"@id":"https:\/\/www.organisator.ch\/sustainability\/2019-06-27\/oebu-hat-mit-arthur-braunschweig-ein-neues-praesidium\/"},"wordCount":364,"commentCount":0,"publisher":{"@id":"https:\/\/www.organisator.ch\/#organization"},"image":{"@id":"https:\/\/www.organisator.ch\/sustainability\/2019-06-27\/oebu-hat-mit-arthur-braunschweig-ein-neues-praesidium\/#primaryimage"},"thumbnailUrl":"https:\/\/www.organisator.ch\/wp-content\/uploads\/2019\/06\/oebu_Braunschweig-UP-Umwelt-Perspektiven.jpg","keywords":["\u00f6bu","Personalia"],"articleSection":["SUSTAINABILITY"],"inLanguage":"de"},{"@type":"WebPage","@id":"https:\/\/www.organisator.ch\/sustainability\/2019-06-27\/oebu-hat-mit-arthur-braunschweig-ein-neues-praesidium\/","url":"https:\/\/www.organisator.ch\/sustainability\/2019-06-27\/oebu-hat-mit-arthur-braunschweig-ein-neues-praesidium\/","name":"\u00f6bu hat mit Arthur Braunschweig ein neues Pr\u00e4sidium - Organisator","isPartOf":{"@id":"https:\/\/www.organisator.ch\/#website"},"primaryImageOfPage":{"@id":"https:\/\/www.organisator.ch\/sustainability\/2019-06-27\/oebu-hat-mit-arthur-braunschweig-ein-neues-praesidium\/#primaryimage"},"image":{"@id":"https:\/\/www.organisator.ch\/sustainability\/2019-06-27\/oebu-hat-mit-arthur-braunschweig-ein-neues-praesidium\/#primaryimage"},"thumbnailUrl":"https:\/\/www.organisator.ch\/wp-content\/uploads\/2019\/06\/oebu_Braunschweig-UP-Umwelt-Perspektiven.jpg","datePublished":"2019-06-27T11:54:13+00:00","dateModified":"2022-02-09T10:10:06+00:00","description":"Arthur Braunschweig, Gesch\u00e4ftsf\u00fchrender Partner der E2 Management Consulting AG, wurde an der \u00f6bu Mitgliederversammlung zum Pr\u00e4sidenten gew\u00e4hlt.","breadcrumb":{"@id":"https:\/\/www.organisator.ch\/sustainability\/2019-06-27\/oebu-hat-mit-arthur-braunschweig-ein-neues-praesidium\/#breadcrumb"},"inLanguage":"de","potentialAction":[{"@type":"ReadAction","target":["https:\/\/www.organisator.ch\/sustainability\/2019-06-27\/oebu-hat-mit-arthur-braunschweig-ein-neues-praesidium\/"]}]},{"@type":"ImageObject","inLanguage":"de","@id":"https:\/\/www.organisator.ch\/sustainability\/2019-06-27\/oebu-hat-mit-arthur-braunschweig-ein-neues-praesidium\/#primaryimage","url":"https:\/\/www.organisator.ch\/wp-content\/uploads\/2019\/06\/oebu_Braunschweig-UP-Umwelt-Perspektiven.jpg","contentUrl":"https:\/\/www.organisator.ch\/wp-content\/uploads\/2019\/06\/oebu_Braunschweig-UP-Umwelt-Perspektiven.jpg","width":365,"height":476,"caption":"Prof. Arthur Braunschweig. (Bild: zVg)"},{"@type":"BreadcrumbList","@id":"https:\/\/www.organisator.ch\/sustainability\/2019-06-27\/oebu-hat-mit-arthur-braunschweig-ein-neues-praesidium\/#breadcrumb","itemListElement":[{"@type":"ListItem","position":1,"name":"Home","item":"https:\/\/www.organisator.ch\/"},{"@type":"ListItem","position":2,"name":"\u00f6bu hat mit Arthur Braunschweig ein neues Pr\u00e4sidium"}]},{"@type":"WebSite","@id":"https:\/\/www.organisator.ch\/#website","url":"https:\/\/www.organisator.ch\/","name":"Organisator","description":"Kompetent. Praxisnah. Der ORGANISATOR bereitet in 10 Ausgaben pro Jahr die wesentlichen Themen f\u00fcr F\u00fchrungskr\u00e4fte von KMU auf.","publisher":{"@id":"https:\/\/www.organisator.ch\/#organization"},"potentialAction":[{"@type":"SearchAction","target":{"@type":"EntryPoint","urlTemplate":"https:\/\/www.organisator.ch\/?s={search_term_string}"},"query-input":{"@type":"PropertyValueSpecification","valueRequired":true,"valueName":"search_term_string"}}],"inLanguage":"de"},{"@type":"Organization","@id":"https:\/\/www.organisator.ch\/#organization","name":"Organisator","url":"https:\/\/www.organisator.ch\/","logo":{"@type":"ImageObject","inLanguage":"de","@id":"https:\/\/www.organisator.ch\/#\/schema\/logo\/image\/","url":"https:\/\/www.organisator.ch\/wp-content\/uploads\/2022\/01\/Logo_Organisator_Website.png","contentUrl":"https:\/\/www.organisator.ch\/wp-content\/uploads\/2022\/01\/Logo_Organisator_Website.png","width":800,"height":77,"caption":"Organisator"},"image":{"@id":"https:\/\/www.organisator.ch\/#\/schema\/logo\/image\/"},"sameAs":["https:\/\/www.facebook.com\/OrganisatorFachmagazin","https:\/\/www.linkedin.com\/showcase\/organisator-das-magazin-fr-kmu","https:\/\/www.xing.com\/news\/pages\/organisator-ch-695","https:\/\/www.youtube.com\/channel\/UCGP2Sq0iWaZwT3BdIAQFYpw"]},{"@type":"Person","@id":"https:\/\/www.organisator.ch\/#\/schema\/person\/134708ca9321c57b0362cceb7948ffbd","name":"michael.merz","image":{"@type":"ImageObject","inLanguage":"de","@id":"https:\/\/secure.gravatar.com\/avatar\/?s=96&d=mm&r=g","url":"https:\/\/secure.gravatar.com\/avatar\/?s=96&d=mm&r=g","contentUrl":"https:\/\/secure.gravatar.com\/avatar\/?s=96&d=mm&r=g","caption":"michael.merz"},"url":"https:\/\/www.organisator.ch\/de\/author\/michael-merz\/"}]}},"_links":{"self":[{"href":"https:\/\/www.organisator.ch\/de\/wp-json\/wp\/v2\/posts\/2236","targetHints":{"allow":["GET"]}}],"collection":[{"href":"https:\/\/www.organisator.ch\/de\/wp-json\/wp\/v2\/posts"}],"about":[{"href":"https:\/\/www.organisator.ch\/de\/wp-json\/wp\/v2\/types\/post"}],"author":[{"embeddable":true,"href":"https:\/\/www.organisator.ch\/de\/wp-json\/wp\/v2\/users\/5"}],"replies":[{"embeddable":true,"href":"https:\/\/www.organisator.ch\/de\/wp-json\/wp\/v2\/comments?post=2236"}],"version-history":[{"count":1,"href":"https:\/\/www.organisator.ch\/de\/wp-json\/wp\/v2\/posts\/2236\/revisions"}],"predecessor-version":[{"id":10898,"href":"https:\/\/www.organisator.ch\/de\/wp-json\/wp\/v2\/posts\/2236\/revisions\/10898"}],"wp:featuredmedia":[{"embeddable":true,"href":"https:\/\/www.organisator.ch\/de\/wp-json\/wp\/v2\/media\/2237"}],"wp:attachment":[{"href":"https:\/\/www.organisator.ch\/de\/wp-json\/wp\/v2\/media?parent=2236"}],"wp:term":[{"taxonomy":"category","embeddable":true,"href":"https:\/\/www.organisator.ch\/de\/wp-json\/wp\/v2\/categories?post=2236"},{"taxonomy":"post_tag","embeddable":true,"href":"https:\/\/www.organisator.ch\/de\/wp-json\/wp\/v2\/tags?post=2236"}],"curies":[{"name":"wp","href":"https:\/\/api.w.org\/{rel}","templated":true}]}}