{"id":22363,"date":"2023-10-16T15:20:02","date_gmt":"2023-10-16T13:20:02","guid":{"rendered":"https:\/\/www.m-q.ch\/?p=18735"},"modified":"2024-11-13T13:55:04","modified_gmt":"2024-11-13T12:55:04","slug":"xebia-bobby-leu-zum-neuen-managing-director-schweiz","status":"publish","type":"post","link":"https:\/\/www.organisator.ch\/de\/operational-excellence\/2023-10-16\/xebia-bobby-leu-zum-neuen-managing-director-schweiz\/","title":{"rendered":"Xebia: Bobby Leu zum neuen Managing Director Schweiz"},"content":{"rendered":"<figure id=\"attachment_18738\" class=\"wp-caption alignnone\" style=\"width: 680px\" aria-describedby=\"caption-attachment-18738\"><img class=\"alignnone wp-image-18738 size-full\" src=\"https:\/\/www.m-q.ch\/wp-content\/uploads\/2023\/10\/Xebia_Bild1_ps2.jpg\" alt=\"Bobby Leu Xebia\" width=\"680\" height=\"556\" \/>\r\n<figcaption id=\"caption-attachment-18738\" class=\"wp-caption-text\">Bobby Leu wird per 1. Januar 2024 als neuer Managing Director Schweiz die Strategie von Xebia in der Schweiz weiterentwickeln und umsetzen. (Bild: www.xebia.com)<\/figcaption>\r\n<\/figure>\r\n<p>Aus seiner zw\u00f6lfj\u00e4hrigen Erfahrung war Bobby Leu zuletzt Chief Operating Officer bei SELISE (Secure Link Services AG) in Z\u00fcrich und Vice President Small &amp; Medium Business Switzerland and Austria bei UPC in Z\u00fcrich und Wien. In fr\u00fcheren Positionen arbeitete er unter anderem f\u00fcr Swiss Life und Deloitte. Bobby Leu verf\u00fcgt \u00fcber einen BA in Betriebswirtschaftslehre von der Universit\u00e4t St. Gallen und einen Global Executive MBA von der INSEAD Business School in Singapur.<\/p>\r\n<p>\u00abMit Bobby Leu \u00fcbernimmt ein ausgewiesener Strategie- und Technologie-Experte die F\u00fchrung, um unsere Pr\u00e4senz in der Schweiz weiter auszubauen\u00bb, sagt Anand Sahay, CEO und Executive Director von Xebia. \u00abEr weiss die M\u00f6glichkeiten neuer Technologien mit den unternehmerischen Bed\u00fcrfnissen unserer Kunden zu verbinden. Er bringt fundierte Erfahrung in Beratung sowie Nearshore- und Offshore-Software-Entwicklung mit und kombiniert dies mit vertieftem Wissen aus vielen unserer Kernbranchen. All dies wird die digitale Transformation unserer Schweizer Kunden entscheidend unterst\u00fctzen und voranbringen.\u00bb<\/p>\r\n<p>Bobby Leu f\u00fcgt hinzu: \u00abDigitale Transformation erfordert ein ganzheitliches Verst\u00e4ndnis der Herausforderungen, denen unsere Kundinnen und Kunden gegen\u00fcberstehen. Unser Ziel ist es, sie auf ihrem Weg zu digitalen Marktf\u00fchrern in ihrer Branche zu unterst\u00fctzen und gemeinsam mit ihnen diese Ver\u00e4nderungen zu gestalten. Ich freue mich darauf, diese Mission zusammen mit dem Team von Xebia erfolgreich umzusetzen.\u00bb<\/p>\r\n<p>Mit dem Abschluss der Integration von SwissQ in die Xebia-Gruppe tritt Adrian Zwingli, Gr\u00fcnder und ehemaliger CEO von SwissQ, als Pr\u00e4sident des Verwaltungsrates zur\u00fcck. \u00abNach 17 Jahren harter Arbeit ist es nun an der Zeit, die Geschicke des Unternehmens in neue kompetente H\u00e4nde zu \u00fcbergeben\u00bb, kommentiert Zwingli. \u00a0<\/p>\r\n<p>Auch Michel den Braver, Gesch\u00e4ftsf\u00fchrer a. i. von Xebia Schweiz, bedankt sich und w\u00fcnscht Adrian Zwingli beruflich und pers\u00f6nlich f\u00fcr die Zukunft alles Gute.<\/p>\r\n<p><em>Quelle:<\/em> <a href=\"https:\/\/xebia.com\/switzerland-de\/\">www.xebia.com\u00a0<\/a><\/p>\n<p class=\"syndicated-attribution\">Dieser Beitrag erschien urspr\u00fcnglich auf m-q.ch - <a href=\"https:\/\/www.m-q.ch\/de\/xebia-bobby-leu-zum-neuen-managing-director-schweiz\/\" target=\"_blank\">https:\/\/www.m-q.ch\/de\/xebia-bobby-leu-zum-neuen-managing-director-schweiz\/<\/a><\/p>","protected":false},"excerpt":{"rendered":"<p>Seit vielen Jahren unterst\u00fctzt Xebia Schweizer Unternehmen bei ihrer digitalen Transformation und hilft ihnen dadurch wettbewerbsf\u00e4hig zu bleiben. Ab 1. Januar 2024 wird Bobby Leu als neuer Managing Director Schweiz die Strategie des Unternehmens weiterentwickeln und umsetzen. In seiner Funktion \u00fcbernimmt er den Vorsitz der Gesch\u00e4ftsleitung.<\/p>\n","protected":false},"author":58,"featured_media":0,"comment_status":"closed","ping_status":"closed","sticky":false,"template":"","format":"standard","meta":{"_acf_changed":false,"_yoast_wpseo_focuskw":"Bobby Leu Xebia","_yoast_wpseo_metadesc":"Bobby Leu wird neuer Managing Director Schweiz bei Xebia. F\u00fchrt die digitale Transformation und st\u00e4rkt Schweizer Pr\u00e4senz.","articlekey":"","footnotes":""},"categories":[582],"tags":[],"class_list":["post-22363","post","type-post","status-publish","format-standard","hentry","category-operational-excellence"],"acf":[],"yoast_head":"<!-- This site is optimized with the Yoast SEO plugin v27.5 - https:\/\/yoast.com\/product\/yoast-seo-wordpress\/ -->\n<title>Xebia: Bobby Leu zum neuen Managing Director Schweiz - Organisator<\/title>\n<meta name=\"description\" content=\"Bobby Leu wird neuer Managing Director Schweiz bei Xebia. F\u00fchrt die digitale Transformation und st\u00e4rkt Schweizer Pr\u00e4senz.\" \/>\n<meta name=\"robots\" content=\"index, follow, max-snippet:-1, max-image-preview:large, max-video-preview:-1\" \/>\n<link rel=\"canonical\" href=\"https:\/\/www.organisator.ch\/de\/operational-excellence\/2023-10-16\/xebia-bobby-leu-zum-neuen-managing-director-schweiz\/\" \/>\n<meta property=\"og:locale\" content=\"de_DE\" \/>\n<meta property=\"og:type\" content=\"article\" \/>\n<meta property=\"og:title\" content=\"Xebia: Bobby Leu zum neuen Managing Director Schweiz - Organisator\" \/>\n<meta property=\"og:description\" content=\"Bobby Leu wird neuer Managing Director Schweiz bei Xebia. F\u00fchrt die digitale Transformation und st\u00e4rkt Schweizer Pr\u00e4senz.\" \/>\n<meta property=\"og:url\" content=\"https:\/\/www.organisator.ch\/de\/operational-excellence\/2023-10-16\/xebia-bobby-leu-zum-neuen-managing-director-schweiz\/\" \/>\n<meta property=\"og:site_name\" content=\"Organisator\" \/>\n<meta property=\"article:publisher\" content=\"https:\/\/www.facebook.com\/OrganisatorFachmagazin\" \/>\n<meta property=\"article:published_time\" content=\"2023-10-16T13:20:02+00:00\" \/>\n<meta property=\"article:modified_time\" content=\"2024-11-13T12:55:04+00:00\" \/>\n<meta name=\"author\" content=\"Adelisa Kalajdzini\" \/>\n<meta name=\"twitter:card\" content=\"summary_large_image\" \/>\n<script type=\"application\/ld+json\" class=\"yoast-schema-graph\">{\"@context\":\"https:\\\/\\\/schema.org\",\"@graph\":[{\"@type\":\"Article\",\"@id\":\"https:\\\/\\\/www.organisator.ch\\\/operational-excellence\\\/2023-10-16\\\/xebia-bobby-leu-zum-neuen-managing-director-schweiz\\\/#article\",\"isPartOf\":{\"@id\":\"https:\\\/\\\/www.organisator.ch\\\/operational-excellence\\\/2023-10-16\\\/xebia-bobby-leu-zum-neuen-managing-director-schweiz\\\/\"},\"author\":{\"name\":\"Adelisa Kalajdzini\",\"@id\":\"https:\\\/\\\/www.organisator.ch\\\/#\\\/schema\\\/person\\\/2e1314a2172123f874db408d8911d3f3\"},\"headline\":\"Xebia: Bobby Leu zum neuen Managing Director Schweiz\",\"datePublished\":\"2023-10-16T13:20:02+00:00\",\"dateModified\":\"2024-11-13T12:55:04+00:00\",\"mainEntityOfPage\":{\"@id\":\"https:\\\/\\\/www.organisator.ch\\\/operational-excellence\\\/2023-10-16\\\/xebia-bobby-leu-zum-neuen-managing-director-schweiz\\\/\"},\"wordCount\":338,\"publisher\":{\"@id\":\"https:\\\/\\\/www.organisator.ch\\\/#organization\"},\"image\":{\"@id\":\"https:\\\/\\\/www.organisator.ch\\\/operational-excellence\\\/2023-10-16\\\/xebia-bobby-leu-zum-neuen-managing-director-schweiz\\\/#primaryimage\"},\"thumbnailUrl\":\"https:\\\/\\\/www.m-q.ch\\\/wp-content\\\/uploads\\\/2023\\\/10\\\/Xebia_Bild1_ps2.jpg\",\"articleSection\":[\"OPERATIONAL EXCELLENCE\"],\"inLanguage\":\"de\"},{\"@type\":\"WebPage\",\"@id\":\"https:\\\/\\\/www.organisator.ch\\\/operational-excellence\\\/2023-10-16\\\/xebia-bobby-leu-zum-neuen-managing-director-schweiz\\\/\",\"url\":\"https:\\\/\\\/www.organisator.ch\\\/operational-excellence\\\/2023-10-16\\\/xebia-bobby-leu-zum-neuen-managing-director-schweiz\\\/\",\"name\":\"Xebia: Bobby Leu zum neuen Managing Director Schweiz - Organisator\",\"isPartOf\":{\"@id\":\"https:\\\/\\\/www.organisator.ch\\\/#website\"},\"primaryImageOfPage\":{\"@id\":\"https:\\\/\\\/www.organisator.ch\\\/operational-excellence\\\/2023-10-16\\\/xebia-bobby-leu-zum-neuen-managing-director-schweiz\\\/#primaryimage\"},\"image\":{\"@id\":\"https:\\\/\\\/www.organisator.ch\\\/operational-excellence\\\/2023-10-16\\\/xebia-bobby-leu-zum-neuen-managing-director-schweiz\\\/#primaryimage\"},\"thumbnailUrl\":\"https:\\\/\\\/www.m-q.ch\\\/wp-content\\\/uploads\\\/2023\\\/10\\\/Xebia_Bild1_ps2.jpg\",\"datePublished\":\"2023-10-16T13:20:02+00:00\",\"dateModified\":\"2024-11-13T12:55:04+00:00\",\"description\":\"Bobby Leu wird neuer Managing Director Schweiz bei Xebia. F\u00fchrt die digitale Transformation und st\u00e4rkt Schweizer Pr\u00e4senz.\",\"breadcrumb\":{\"@id\":\"https:\\\/\\\/www.organisator.ch\\\/operational-excellence\\\/2023-10-16\\\/xebia-bobby-leu-zum-neuen-managing-director-schweiz\\\/#breadcrumb\"},\"inLanguage\":\"de\",\"potentialAction\":[{\"@type\":\"ReadAction\",\"target\":[\"https:\\\/\\\/www.organisator.ch\\\/operational-excellence\\\/2023-10-16\\\/xebia-bobby-leu-zum-neuen-managing-director-schweiz\\\/\"]}]},{\"@type\":\"ImageObject\",\"inLanguage\":\"de\",\"@id\":\"https:\\\/\\\/www.organisator.ch\\\/operational-excellence\\\/2023-10-16\\\/xebia-bobby-leu-zum-neuen-managing-director-schweiz\\\/#primaryimage\",\"url\":\"https:\\\/\\\/www.m-q.ch\\\/wp-content\\\/uploads\\\/2023\\\/10\\\/Xebia_Bild1_ps2.jpg\",\"contentUrl\":\"https:\\\/\\\/www.m-q.ch\\\/wp-content\\\/uploads\\\/2023\\\/10\\\/Xebia_Bild1_ps2.jpg\"},{\"@type\":\"BreadcrumbList\",\"@id\":\"https:\\\/\\\/www.organisator.ch\\\/operational-excellence\\\/2023-10-16\\\/xebia-bobby-leu-zum-neuen-managing-director-schweiz\\\/#breadcrumb\",\"itemListElement\":[{\"@type\":\"ListItem\",\"position\":1,\"name\":\"Home\",\"item\":\"https:\\\/\\\/www.organisator.ch\\\/\"},{\"@type\":\"ListItem\",\"position\":2,\"name\":\"Xebia: Bobby Leu zum neuen Managing Director Schweiz\"}]},{\"@type\":\"WebSite\",\"@id\":\"https:\\\/\\\/www.organisator.ch\\\/#website\",\"url\":\"https:\\\/\\\/www.organisator.ch\\\/\",\"name\":\"Organisator\",\"description\":\"Kompetent. Praxisnah. Der ORGANISATOR bereitet in 10 Ausgaben pro Jahr die wesentlichen Themen f\u00fcr F\u00fchrungskr\u00e4fte von KMU auf.\",\"publisher\":{\"@id\":\"https:\\\/\\\/www.organisator.ch\\\/#organization\"},\"potentialAction\":[{\"@type\":\"SearchAction\",\"target\":{\"@type\":\"EntryPoint\",\"urlTemplate\":\"https:\\\/\\\/www.organisator.ch\\\/?s={search_term_string}\"},\"query-input\":{\"@type\":\"PropertyValueSpecification\",\"valueRequired\":true,\"valueName\":\"search_term_string\"}}],\"inLanguage\":\"de\"},{\"@type\":\"Organization\",\"@id\":\"https:\\\/\\\/www.organisator.ch\\\/#organization\",\"name\":\"Organisator\",\"url\":\"https:\\\/\\\/www.organisator.ch\\\/\",\"logo\":{\"@type\":\"ImageObject\",\"inLanguage\":\"de\",\"@id\":\"https:\\\/\\\/www.organisator.ch\\\/#\\\/schema\\\/logo\\\/image\\\/\",\"url\":\"https:\\\/\\\/www.organisator.ch\\\/wp-content\\\/uploads\\\/2022\\\/01\\\/Logo_Organisator_Website.png\",\"contentUrl\":\"https:\\\/\\\/www.organisator.ch\\\/wp-content\\\/uploads\\\/2022\\\/01\\\/Logo_Organisator_Website.png\",\"width\":800,\"height\":77,\"caption\":\"Organisator\"},\"image\":{\"@id\":\"https:\\\/\\\/www.organisator.ch\\\/#\\\/schema\\\/logo\\\/image\\\/\"},\"sameAs\":[\"https:\\\/\\\/www.facebook.com\\\/OrganisatorFachmagazin\",\"https:\\\/\\\/www.linkedin.com\\\/showcase\\\/organisator-das-magazin-fr-kmu\",\"https:\\\/\\\/www.xing.com\\\/news\\\/pages\\\/organisator-ch-695\",\"https:\\\/\\\/www.youtube.com\\\/channel\\\/UCGP2Sq0iWaZwT3BdIAQFYpw\"]},{\"@type\":\"Person\",\"@id\":\"https:\\\/\\\/www.organisator.ch\\\/#\\\/schema\\\/person\\\/2e1314a2172123f874db408d8911d3f3\",\"name\":\"Adelisa Kalajdzini\",\"image\":{\"@type\":\"ImageObject\",\"inLanguage\":\"de\",\"@id\":\"https:\\\/\\\/secure.gravatar.com\\\/avatar\\\/09a397c22ac58cad6f160ee8306348599df9df58a8ede73696226897b9fa4b24?s=96&d=mm&r=g\",\"url\":\"https:\\\/\\\/secure.gravatar.com\\\/avatar\\\/09a397c22ac58cad6f160ee8306348599df9df58a8ede73696226897b9fa4b24?s=96&d=mm&r=g\",\"contentUrl\":\"https:\\\/\\\/secure.gravatar.com\\\/avatar\\\/09a397c22ac58cad6f160ee8306348599df9df58a8ede73696226897b9fa4b24?s=96&d=mm&r=g\",\"caption\":\"Adelisa Kalajdzini\"},\"url\":\"https:\\\/\\\/www.organisator.ch\\\/de\\\/author\\\/adelisa-kalajdzini\\\/\"}]}<\/script>\n<!-- \/ Yoast SEO plugin. -->","yoast_head_json":{"title":"Xebia: Bobby Leu zum neuen Managing Director Schweiz - Organisator","description":"Bobby Leu wird neuer Managing Director Schweiz bei Xebia. F\u00fchrt die digitale Transformation und st\u00e4rkt Schweizer Pr\u00e4senz.","robots":{"index":"index","follow":"follow","max-snippet":"max-snippet:-1","max-image-preview":"max-image-preview:large","max-video-preview":"max-video-preview:-1"},"canonical":"https:\/\/www.organisator.ch\/de\/operational-excellence\/2023-10-16\/xebia-bobby-leu-zum-neuen-managing-director-schweiz\/","og_locale":"de_DE","og_type":"article","og_title":"Xebia: Bobby Leu zum neuen Managing Director Schweiz - Organisator","og_description":"Bobby Leu wird neuer Managing Director Schweiz bei Xebia. F\u00fchrt die digitale Transformation und st\u00e4rkt Schweizer Pr\u00e4senz.","og_url":"https:\/\/www.organisator.ch\/de\/operational-excellence\/2023-10-16\/xebia-bobby-leu-zum-neuen-managing-director-schweiz\/","og_site_name":"Organisator","article_publisher":"https:\/\/www.facebook.com\/OrganisatorFachmagazin","article_published_time":"2023-10-16T13:20:02+00:00","article_modified_time":"2024-11-13T12:55:04+00:00","author":"Adelisa Kalajdzini","twitter_card":"summary_large_image","schema":{"@context":"https:\/\/schema.org","@graph":[{"@type":"Article","@id":"https:\/\/www.organisator.ch\/operational-excellence\/2023-10-16\/xebia-bobby-leu-zum-neuen-managing-director-schweiz\/#article","isPartOf":{"@id":"https:\/\/www.organisator.ch\/operational-excellence\/2023-10-16\/xebia-bobby-leu-zum-neuen-managing-director-schweiz\/"},"author":{"name":"Adelisa Kalajdzini","@id":"https:\/\/www.organisator.ch\/#\/schema\/person\/2e1314a2172123f874db408d8911d3f3"},"headline":"Xebia: Bobby Leu zum neuen Managing Director Schweiz","datePublished":"2023-10-16T13:20:02+00:00","dateModified":"2024-11-13T12:55:04+00:00","mainEntityOfPage":{"@id":"https:\/\/www.organisator.ch\/operational-excellence\/2023-10-16\/xebia-bobby-leu-zum-neuen-managing-director-schweiz\/"},"wordCount":338,"publisher":{"@id":"https:\/\/www.organisator.ch\/#organization"},"image":{"@id":"https:\/\/www.organisator.ch\/operational-excellence\/2023-10-16\/xebia-bobby-leu-zum-neuen-managing-director-schweiz\/#primaryimage"},"thumbnailUrl":"https:\/\/www.m-q.ch\/wp-content\/uploads\/2023\/10\/Xebia_Bild1_ps2.jpg","articleSection":["OPERATIONAL EXCELLENCE"],"inLanguage":"de"},{"@type":"WebPage","@id":"https:\/\/www.organisator.ch\/operational-excellence\/2023-10-16\/xebia-bobby-leu-zum-neuen-managing-director-schweiz\/","url":"https:\/\/www.organisator.ch\/operational-excellence\/2023-10-16\/xebia-bobby-leu-zum-neuen-managing-director-schweiz\/","name":"Xebia: Bobby Leu zum neuen Managing Director Schweiz - Organisator","isPartOf":{"@id":"https:\/\/www.organisator.ch\/#website"},"primaryImageOfPage":{"@id":"https:\/\/www.organisator.ch\/operational-excellence\/2023-10-16\/xebia-bobby-leu-zum-neuen-managing-director-schweiz\/#primaryimage"},"image":{"@id":"https:\/\/www.organisator.ch\/operational-excellence\/2023-10-16\/xebia-bobby-leu-zum-neuen-managing-director-schweiz\/#primaryimage"},"thumbnailUrl":"https:\/\/www.m-q.ch\/wp-content\/uploads\/2023\/10\/Xebia_Bild1_ps2.jpg","datePublished":"2023-10-16T13:20:02+00:00","dateModified":"2024-11-13T12:55:04+00:00","description":"Bobby Leu wird neuer Managing Director Schweiz bei Xebia. F\u00fchrt die digitale Transformation und st\u00e4rkt Schweizer Pr\u00e4senz.","breadcrumb":{"@id":"https:\/\/www.organisator.ch\/operational-excellence\/2023-10-16\/xebia-bobby-leu-zum-neuen-managing-director-schweiz\/#breadcrumb"},"inLanguage":"de","potentialAction":[{"@type":"ReadAction","target":["https:\/\/www.organisator.ch\/operational-excellence\/2023-10-16\/xebia-bobby-leu-zum-neuen-managing-director-schweiz\/"]}]},{"@type":"ImageObject","inLanguage":"de","@id":"https:\/\/www.organisator.ch\/operational-excellence\/2023-10-16\/xebia-bobby-leu-zum-neuen-managing-director-schweiz\/#primaryimage","url":"https:\/\/www.m-q.ch\/wp-content\/uploads\/2023\/10\/Xebia_Bild1_ps2.jpg","contentUrl":"https:\/\/www.m-q.ch\/wp-content\/uploads\/2023\/10\/Xebia_Bild1_ps2.jpg"},{"@type":"BreadcrumbList","@id":"https:\/\/www.organisator.ch\/operational-excellence\/2023-10-16\/xebia-bobby-leu-zum-neuen-managing-director-schweiz\/#breadcrumb","itemListElement":[{"@type":"ListItem","position":1,"name":"Home","item":"https:\/\/www.organisator.ch\/"},{"@type":"ListItem","position":2,"name":"Xebia: Bobby Leu zum neuen Managing Director Schweiz"}]},{"@type":"WebSite","@id":"https:\/\/www.organisator.ch\/#website","url":"https:\/\/www.organisator.ch\/","name":"Organisator","description":"Kompetent. Praxisnah. Der ORGANISATOR bereitet in 10 Ausgaben pro Jahr die wesentlichen Themen f\u00fcr F\u00fchrungskr\u00e4fte von KMU auf.","publisher":{"@id":"https:\/\/www.organisator.ch\/#organization"},"potentialAction":[{"@type":"SearchAction","target":{"@type":"EntryPoint","urlTemplate":"https:\/\/www.organisator.ch\/?s={search_term_string}"},"query-input":{"@type":"PropertyValueSpecification","valueRequired":true,"valueName":"search_term_string"}}],"inLanguage":"de"},{"@type":"Organization","@id":"https:\/\/www.organisator.ch\/#organization","name":"Organisator","url":"https:\/\/www.organisator.ch\/","logo":{"@type":"ImageObject","inLanguage":"de","@id":"https:\/\/www.organisator.ch\/#\/schema\/logo\/image\/","url":"https:\/\/www.organisator.ch\/wp-content\/uploads\/2022\/01\/Logo_Organisator_Website.png","contentUrl":"https:\/\/www.organisator.ch\/wp-content\/uploads\/2022\/01\/Logo_Organisator_Website.png","width":800,"height":77,"caption":"Organisator"},"image":{"@id":"https:\/\/www.organisator.ch\/#\/schema\/logo\/image\/"},"sameAs":["https:\/\/www.facebook.com\/OrganisatorFachmagazin","https:\/\/www.linkedin.com\/showcase\/organisator-das-magazin-fr-kmu","https:\/\/www.xing.com\/news\/pages\/organisator-ch-695","https:\/\/www.youtube.com\/channel\/UCGP2Sq0iWaZwT3BdIAQFYpw"]},{"@type":"Person","@id":"https:\/\/www.organisator.ch\/#\/schema\/person\/2e1314a2172123f874db408d8911d3f3","name":"Adelisa Kalajdzini","image":{"@type":"ImageObject","inLanguage":"de","@id":"https:\/\/secure.gravatar.com\/avatar\/09a397c22ac58cad6f160ee8306348599df9df58a8ede73696226897b9fa4b24?s=96&d=mm&r=g","url":"https:\/\/secure.gravatar.com\/avatar\/09a397c22ac58cad6f160ee8306348599df9df58a8ede73696226897b9fa4b24?s=96&d=mm&r=g","contentUrl":"https:\/\/secure.gravatar.com\/avatar\/09a397c22ac58cad6f160ee8306348599df9df58a8ede73696226897b9fa4b24?s=96&d=mm&r=g","caption":"Adelisa Kalajdzini"},"url":"https:\/\/www.organisator.ch\/de\/author\/adelisa-kalajdzini\/"}]}},"_links":{"self":[{"href":"https:\/\/www.organisator.ch\/de\/wp-json\/wp\/v2\/posts\/22363","targetHints":{"allow":["GET"]}}],"collection":[{"href":"https:\/\/www.organisator.ch\/de\/wp-json\/wp\/v2\/posts"}],"about":[{"href":"https:\/\/www.organisator.ch\/de\/wp-json\/wp\/v2\/types\/post"}],"author":[{"embeddable":true,"href":"https:\/\/www.organisator.ch\/de\/wp-json\/wp\/v2\/users\/58"}],"replies":[{"embeddable":true,"href":"https:\/\/www.organisator.ch\/de\/wp-json\/wp\/v2\/comments?post=22363"}],"version-history":[{"count":4,"href":"https:\/\/www.organisator.ch\/de\/wp-json\/wp\/v2\/posts\/22363\/revisions"}],"predecessor-version":[{"id":32787,"href":"https:\/\/www.organisator.ch\/de\/wp-json\/wp\/v2\/posts\/22363\/revisions\/32787"}],"wp:attachment":[{"href":"https:\/\/www.organisator.ch\/de\/wp-json\/wp\/v2\/media?parent=22363"}],"wp:term":[{"taxonomy":"category","embeddable":true,"href":"https:\/\/www.organisator.ch\/de\/wp-json\/wp\/v2\/categories?post=22363"},{"taxonomy":"post_tag","embeddable":true,"href":"https:\/\/www.organisator.ch\/de\/wp-json\/wp\/v2\/tags?post=22363"}],"curies":[{"name":"wp","href":"https:\/\/api.w.org\/{rel}","templated":true}]}}