{"id":22414,"date":"2023-10-18T14:52:34","date_gmt":"2023-10-18T12:52:34","guid":{"rendered":"https:\/\/www.organisator.ch\/?p=22414"},"modified":"2023-10-18T14:56:21","modified_gmt":"2023-10-18T12:56:21","slug":"cybersecurity-report-die-unternehmen-rechnen-mit-cyberangriffen","status":"publish","type":"post","link":"https:\/\/www.organisator.ch\/de\/management\/2023-10-18\/cybersecurity-report-die-unternehmen-rechnen-mit-cyberangriffen\/","title":{"rendered":"Cybersecurity-Report: Die Unternehmen rechnen mit Cyberangriffen"},"content":{"rendered":"<figure id=\"attachment_22415\" aria-describedby=\"caption-attachment-22415\" style=\"width: 680px\" class=\"wp-caption alignnone\"><img loading=\"lazy\" decoding=\"async\" class=\"size-full wp-image-22415\" src=\"https:\/\/www.organisator.ch\/wp-content\/uploads\/2023\/10\/IDC-Cybersecurity_Bild1_ps.jpg\" alt=\"\" width=\"680\" height=\"543\" srcset=\"https:\/\/www.organisator.ch\/wp-content\/uploads\/2023\/10\/IDC-Cybersecurity_Bild1_ps.jpg 680w, https:\/\/www.organisator.ch\/wp-content\/uploads\/2023\/10\/IDC-Cybersecurity_Bild1_ps-15x12.jpg 15w, https:\/\/www.organisator.ch\/wp-content\/uploads\/2023\/10\/IDC-Cybersecurity_Bild1_ps-375x300.jpg 375w, https:\/\/www.organisator.ch\/wp-content\/uploads\/2023\/10\/IDC-Cybersecurity_Bild1_ps-438x350.jpg 438w\" sizes=\"auto, (max-width: 680px) 100vw, 680px\" \/><figcaption id=\"caption-attachment-22415\" class=\"wp-caption-text\">Commvault\/IDC-Bericht mit dem Titel \u201eThe Cyber-Resilient Organization: Maximum Preparedness with Bullet-Proof Recovery Survey\u201c. (Bild: www.pixabay.com)<\/figcaption><\/figure>\n<p>In diesem Bericht hat IDC weltweit mehr als 500 F\u00fchrungskr\u00e4fte aus den Bereichen Sicherheit und IT-Betrieb befragt, um einen aktuellen \u00dcberblick dar\u00fcber zu erhalten, wie Unternehmen moderne Sicherheitsbedrohungen wahrnehmen und wie sie ihre Cyber-Resilienz st\u00e4rken. Die wichtigsten Ergebnisse dieses Berichts lassen sich in drei Bereiche unterteilen: Engagement der F\u00fchrungsebene bei Initiativen zur Cyber-Resilienz, \u00c4ngste vor Datenlecks und anf\u00e4lligen Workloads sowie die Notwendigkeit der Automatisierung.<\/p>\n<h3><strong>Beginnt Cyber-Resilienz in der Chefetage? <\/strong><\/h3>\n<p>Die Studie zeigt, dass in vielen F\u00e4llen die Gesch\u00e4ftsf\u00fchrer kaum in die Initiativen ihres Unternehmens zur Cyber-Resilienz eingebunden sind \u2013 nur ein Drittel (33 Prozent) der CEOs oder Gesch\u00e4ftsf\u00fchrer und weniger als ein Viertel (21 Prozent) der anderen leitenden Angestellten sind stark involviert. Der Studie zufolge ist die Mehrheit (52 Prozent) der leitenden Angestellten nicht in die Cyber-Ereignisse ihres Unternehmens miteinbezogen.<\/p>\n<p>Neben dem mangelnden Engagement der F\u00fchrungskr\u00e4fte ist oft auch zwischen ITOps- und SecOps-Teams unklar, wer wof\u00fcr zust\u00e4ndig ist, um die Cyberabwehr vorzubereiten. Nur 30 Prozent der SecOps-Teams verstehen die Aufgaben und Zust\u00e4ndigkeiten der ITOps in Bezug auf Vorbereitung und Reaktion auf Cyber-Angriffe vollst\u00e4ndig. Lediglich 29 Prozent der ITOps-Teams wissen, welche Aufgaben in den Zust\u00e4ndigkeitsbereich von SecOps fallen.<\/p>\n<p>Laut IDC kommt F\u00fchrungskr\u00e4ften eine Schl\u00fcsselrolle zu, um sicherzustellen, dass Unternehmen der Vorbereitung auf Cyberangriffe Priorit\u00e4t setzen. Dar\u00fcber hinaus m\u00fcssen Organisationen daf\u00fcr sorgen, dass die ITOps- und SecOps-Teams vollst\u00e4ndig aufeinander abgestimmt agieren. Andernfalls sind Unternehmen anf\u00e4lliger f\u00fcr erfolgreiche Angriffe und Wiederherstellungsprozesse gestalten sich langwieriger.<\/p>\n<h3><strong>Datenlecks und Workloads<\/strong><\/h3>\n<p>Der Studie nach sind Datenlecks ein grosses Problem sind und das Workloads unterschiedlich anf\u00e4llig sind. 61 Prozent der Befragten glauben, dass Datenlecks in den n\u00e4chsten 12 Monaten aufgrund immer raffinierterer Angriffe \u201ewahrscheinlich\u201c bis \u201esehr wahrscheinlich\u201c sind. Die Studienteilnehmer hielten lokale Workloads f\u00fcr anf\u00e4lliger als Cloud-Workloads. Auf einer Skala von eins bis f\u00fcnf, wobei f\u00fcnf f\u00fcr eine hohe Gef\u00e4hrdung steht, bewerteten die Befragten lokale Datenspeicher mit 2,8 und physische Workloads mit 2,77 &#8211; h\u00f6her als die von Cloud-Workloads (2,67).<\/p>\n<h3><strong>Datenexfiltration, bevorzugte Taktik<\/strong><\/h3>\n<p>Die Studie zeigt auch, dass Angriffe zur Datenexfiltration \u2013 bei denen Malware oder ein b\u00f6sartiger Akteur einen nicht autorisierten Datentransfer durchf\u00fchrt \u2013 fast 50 Prozent h\u00e4ufiger vorkommen als solche Angriffe, bei denen Hacker versuchen, verschl\u00fcsselte Daten zu dekodieren. Die Befragten stuften Phishing als die gr\u00f6sste Gefahr ein, die es zu bek\u00e4mpfen gilt. Denn die meisten Ransomware-Angriffe beginnen damit, Anmeldedaten f\u00fcr Nutzerkonten erfolgreich zu kompromittieren.<\/p>\n<p>Da Cyber-Angreifer immer kluge Taktiken einsetzen, ist es sehr wahrscheinlich, dass Anomalien und erfolgreiche Angriffe \u00fcbersehen werden, wenn sich die IT-Verantwortlichen auf manuelle Erkennungs- und Meldeverfahren verlassen. Eine m\u00f6gliche L\u00f6sung w\u00e4re die Automatisierung, da k\u00f6nnte man Angriffe und Risiken schneller erkennen, um die Folgen von Attacken zu mindern. Die meisten Unternehmen (57 Prozent) automatisieren ihre Schl\u00fcsselfunktionen aber nur begrenzt. Das erh\u00f6ht die Wahrscheinlichkeit, dass sie eine Bedrohung \u00fcbersehen, bevor sie eintritt. Nur 22 Prozent der Befragten geben an, ihre Abl\u00e4ufe vollst\u00e4ndig automatisiert zu haben.<\/p>\n<p>\u201eCyber-Angreifer ruhen nie und entdecken st\u00e4ndig neue Wege, um Schwachstellen auszunutzen. Eine tats\u00e4chlich wirksame Strategie zur Cyber-Resilienz muss \u00fcber die blosse Sicherung und Wiederherstellung hinausgehen. Es ist wichtig, dass Unternehmen einen neuen Ansatz verfolgen, der die Pr\u00e4vention und das Begrenzen von Schaden sowie die Recovery umfasst&#8220;, so Phil Goodwin, Research Vice President, Infrastructure Systems, Platforms and Technologies Group, IDC. \u201eOb vor Ort, in der Cloud oder in einer hybriden Umgebung, Sicherheitsverantwortliche m\u00fcssen mehrere Verteidigungsebenen integrieren. Da KI nun ein Werkzeug sowohl f\u00fcr die Defensive als auch f\u00fcr die Offensive ist, war die Dringlichkeit einer umfassenden Cyber-Resilienz noch nie so offensichtlich.&#8220;<\/p>\n<p>\u201eDie blosse Reaktion auf Cyber-Bedrohungen geh\u00f6rt der Vergangenheit an. Die F\u00fchrungsebene muss sicherstellen, dass die Teams der proaktiven Abwehr, der Echtzeit-Risikoanalyse und dem robusten Risikomanagement Priorit\u00e4t einr\u00e4umen, um den Weg f\u00fcr eine echte Cyber-Resilienz zu ebnen&#8220;, sagte Javier Dominguez, CISO, Commvault. \u201eEs ist auch entscheidend, dass SecOps- und ITOps-Teams eng zusammenarbeiten, um ihre Sicherheitslage ganzheitlich und durchg\u00e4ngig zu betrachten. Mit Commvault ist Resilienz kein nachtr\u00e4glicher Gedanke \u2013 es ist eine Blaupause.&#8220;<\/p>\n<p><em>Quelle:<\/em> <a href=\"https:\/\/www.commvault.com\/\">www.commvault.com\u00a0<\/a><\/p>\n","protected":false},"excerpt":{"rendered":"<p>Commvault der Anbieter von Datensicherungs- und Cyber-Resilienz-L\u00f6sungen f\u00fcr Hybrid-Cloud-Organisationen, hat einen neuen IDC-Bericht mit dem Titel \u201eThe Cyber-Resilient Organization: Maximum Preparedness with Bullet-Proof Recovery Survey\u201c ver\u00f6ffentlicht, den Commvault in Auftrag gegeben hatte.<\/p>\n","protected":false},"author":58,"featured_media":22415,"comment_status":"closed","ping_status":"closed","sticky":false,"template":"","format":"standard","meta":{"_acf_changed":false,"_yoast_wpseo_focuskw":"Cybersecurity","_yoast_wpseo_metadesc":"Commvault\/IDC haben den \u201eThe Cyber-Resilient Organization: Maximum Preparedness with Bullet-Proof Recovery Survey\u201c Bericht ver\u00f6ffentlicht.","articlekey":"","footnotes":""},"categories":[28],"tags":[142,286,334,459,492],"class_list":["post-22414","post","type-post","status-publish","format-standard","has-post-thumbnail","hentry","category-management","tag-cyber-crime","tag-it","tag-management","tag-studie","tag-unternehmen"],"acf":[],"yoast_head":"<!-- This site is optimized with the Yoast SEO plugin v27.5 - https:\/\/yoast.com\/product\/yoast-seo-wordpress\/ -->\n<title>Cybersecurity-Report: Die Unternehmen rechnen mit Cyberangriffen - Organisator<\/title>\n<meta name=\"description\" content=\"Commvault\/IDC haben den \u201eThe Cyber-Resilient Organization: Maximum Preparedness with Bullet-Proof Recovery Survey\u201c Bericht ver\u00f6ffentlicht.\" \/>\n<meta name=\"robots\" content=\"index, follow, max-snippet:-1, max-image-preview:large, max-video-preview:-1\" \/>\n<link rel=\"canonical\" href=\"https:\/\/www.organisator.ch\/de\/management\/2023-10-18\/cybersecurity-report-die-unternehmen-rechnen-mit-cyberangriffen\/\" \/>\n<meta property=\"og:locale\" content=\"de_DE\" \/>\n<meta property=\"og:type\" content=\"article\" \/>\n<meta property=\"og:title\" content=\"Cybersecurity-Report: Die Unternehmen rechnen mit Cyberangriffen\" \/>\n<meta property=\"og:description\" content=\"Commvault\/IDC haben den \u201eThe Cyber-Resilient Organization: Maximum Preparedness with Bullet-Proof Recovery Survey\u201c Bericht ver\u00f6ffentlicht.\" \/>\n<meta property=\"og:url\" content=\"https:\/\/www.organisator.ch\/de\/management\/2023-10-18\/cybersecurity-report-die-unternehmen-rechnen-mit-cyberangriffen\/\" \/>\n<meta property=\"og:site_name\" content=\"Organisator\" \/>\n<meta property=\"article:publisher\" content=\"https:\/\/www.facebook.com\/OrganisatorFachmagazin\" \/>\n<meta property=\"article:published_time\" content=\"2023-10-18T12:52:34+00:00\" \/>\n<meta property=\"article:modified_time\" content=\"2023-10-18T12:56:21+00:00\" \/>\n<meta property=\"og:image\" content=\"https:\/\/www.organisator.ch\/wp-content\/uploads\/2023\/10\/IDC-Cybersecurity_Bild1_ps.jpg\" \/>\n\t<meta property=\"og:image:width\" content=\"680\" \/>\n\t<meta property=\"og:image:height\" content=\"543\" \/>\n\t<meta property=\"og:image:type\" content=\"image\/jpeg\" \/>\n<meta name=\"author\" content=\"Adelisa Kalajdzini\" \/>\n<meta name=\"twitter:card\" content=\"summary_large_image\" \/>\n<meta name=\"twitter:title\" content=\"Cybersecurity-Report: Die Unternehmen rechnen mit Cyberangriffen\" \/>\n<meta name=\"twitter:description\" content=\"#Commvault\/IDC haben den \u201eThe Cyber-Resilient Organization: Maximum Preparedness with Bullet-Proof Recovery Survey\u201c #Bericht ver\u00f6ffentlicht.\" \/>\n<meta name=\"twitter:image\" content=\"https:\/\/www.organisator.ch\/wp-content\/uploads\/2023\/10\/IDC-Cybersecurity_Bild1_ps.jpg\" \/>\n<script type=\"application\/ld+json\" class=\"yoast-schema-graph\">{\"@context\":\"https:\\\/\\\/schema.org\",\"@graph\":[{\"@type\":\"Article\",\"@id\":\"https:\\\/\\\/www.organisator.ch\\\/management\\\/2023-10-18\\\/cybersecurity-report-die-unternehmen-rechnen-mit-cyberangriffen\\\/#article\",\"isPartOf\":{\"@id\":\"https:\\\/\\\/www.organisator.ch\\\/management\\\/2023-10-18\\\/cybersecurity-report-die-unternehmen-rechnen-mit-cyberangriffen\\\/\"},\"author\":{\"name\":\"Adelisa Kalajdzini\",\"@id\":\"https:\\\/\\\/www.organisator.ch\\\/#\\\/schema\\\/person\\\/2e1314a2172123f874db408d8911d3f3\"},\"headline\":\"Cybersecurity-Report: Die Unternehmen rechnen mit Cyberangriffen\",\"datePublished\":\"2023-10-18T12:52:34+00:00\",\"dateModified\":\"2023-10-18T12:56:21+00:00\",\"mainEntityOfPage\":{\"@id\":\"https:\\\/\\\/www.organisator.ch\\\/management\\\/2023-10-18\\\/cybersecurity-report-die-unternehmen-rechnen-mit-cyberangriffen\\\/\"},\"wordCount\":716,\"publisher\":{\"@id\":\"https:\\\/\\\/www.organisator.ch\\\/#organization\"},\"image\":{\"@id\":\"https:\\\/\\\/www.organisator.ch\\\/management\\\/2023-10-18\\\/cybersecurity-report-die-unternehmen-rechnen-mit-cyberangriffen\\\/#primaryimage\"},\"thumbnailUrl\":\"https:\\\/\\\/www.organisator.ch\\\/wp-content\\\/uploads\\\/2023\\\/10\\\/IDC-Cybersecurity_Bild1_ps.jpg\",\"keywords\":[\"Cyber-Crime\",\"IT\",\"Management\",\"Studie\",\"Unternehmen\"],\"articleSection\":[\"MANAGEMENT\"],\"inLanguage\":\"de\"},{\"@type\":\"WebPage\",\"@id\":\"https:\\\/\\\/www.organisator.ch\\\/management\\\/2023-10-18\\\/cybersecurity-report-die-unternehmen-rechnen-mit-cyberangriffen\\\/\",\"url\":\"https:\\\/\\\/www.organisator.ch\\\/management\\\/2023-10-18\\\/cybersecurity-report-die-unternehmen-rechnen-mit-cyberangriffen\\\/\",\"name\":\"Cybersecurity-Report: Die Unternehmen rechnen mit Cyberangriffen - Organisator\",\"isPartOf\":{\"@id\":\"https:\\\/\\\/www.organisator.ch\\\/#website\"},\"primaryImageOfPage\":{\"@id\":\"https:\\\/\\\/www.organisator.ch\\\/management\\\/2023-10-18\\\/cybersecurity-report-die-unternehmen-rechnen-mit-cyberangriffen\\\/#primaryimage\"},\"image\":{\"@id\":\"https:\\\/\\\/www.organisator.ch\\\/management\\\/2023-10-18\\\/cybersecurity-report-die-unternehmen-rechnen-mit-cyberangriffen\\\/#primaryimage\"},\"thumbnailUrl\":\"https:\\\/\\\/www.organisator.ch\\\/wp-content\\\/uploads\\\/2023\\\/10\\\/IDC-Cybersecurity_Bild1_ps.jpg\",\"datePublished\":\"2023-10-18T12:52:34+00:00\",\"dateModified\":\"2023-10-18T12:56:21+00:00\",\"description\":\"Commvault\\\/IDC haben den \u201eThe Cyber-Resilient Organization: Maximum Preparedness with Bullet-Proof Recovery Survey\u201c Bericht ver\u00f6ffentlicht.\",\"breadcrumb\":{\"@id\":\"https:\\\/\\\/www.organisator.ch\\\/management\\\/2023-10-18\\\/cybersecurity-report-die-unternehmen-rechnen-mit-cyberangriffen\\\/#breadcrumb\"},\"inLanguage\":\"de\",\"potentialAction\":[{\"@type\":\"ReadAction\",\"target\":[\"https:\\\/\\\/www.organisator.ch\\\/management\\\/2023-10-18\\\/cybersecurity-report-die-unternehmen-rechnen-mit-cyberangriffen\\\/\"]}]},{\"@type\":\"ImageObject\",\"inLanguage\":\"de\",\"@id\":\"https:\\\/\\\/www.organisator.ch\\\/management\\\/2023-10-18\\\/cybersecurity-report-die-unternehmen-rechnen-mit-cyberangriffen\\\/#primaryimage\",\"url\":\"https:\\\/\\\/www.organisator.ch\\\/wp-content\\\/uploads\\\/2023\\\/10\\\/IDC-Cybersecurity_Bild1_ps.jpg\",\"contentUrl\":\"https:\\\/\\\/www.organisator.ch\\\/wp-content\\\/uploads\\\/2023\\\/10\\\/IDC-Cybersecurity_Bild1_ps.jpg\",\"width\":680,\"height\":543,\"caption\":\"Commvault\\\/IDC-Bericht mit dem Titel \u201eThe Cyber-Resilient Organization: Maximum Preparedness with Bullet-Proof Recovery Survey\u201c. (Bild: www.pixabay.com)\"},{\"@type\":\"BreadcrumbList\",\"@id\":\"https:\\\/\\\/www.organisator.ch\\\/management\\\/2023-10-18\\\/cybersecurity-report-die-unternehmen-rechnen-mit-cyberangriffen\\\/#breadcrumb\",\"itemListElement\":[{\"@type\":\"ListItem\",\"position\":1,\"name\":\"Home\",\"item\":\"https:\\\/\\\/www.organisator.ch\\\/\"},{\"@type\":\"ListItem\",\"position\":2,\"name\":\"Cybersecurity-Report: Die Unternehmen rechnen mit Cyberangriffen\"}]},{\"@type\":\"WebSite\",\"@id\":\"https:\\\/\\\/www.organisator.ch\\\/#website\",\"url\":\"https:\\\/\\\/www.organisator.ch\\\/\",\"name\":\"Organisator\",\"description\":\"Kompetent. Praxisnah. Der ORGANISATOR bereitet in 10 Ausgaben pro Jahr die wesentlichen Themen f\u00fcr F\u00fchrungskr\u00e4fte von KMU auf.\",\"publisher\":{\"@id\":\"https:\\\/\\\/www.organisator.ch\\\/#organization\"},\"potentialAction\":[{\"@type\":\"SearchAction\",\"target\":{\"@type\":\"EntryPoint\",\"urlTemplate\":\"https:\\\/\\\/www.organisator.ch\\\/?s={search_term_string}\"},\"query-input\":{\"@type\":\"PropertyValueSpecification\",\"valueRequired\":true,\"valueName\":\"search_term_string\"}}],\"inLanguage\":\"de\"},{\"@type\":\"Organization\",\"@id\":\"https:\\\/\\\/www.organisator.ch\\\/#organization\",\"name\":\"Organisator\",\"url\":\"https:\\\/\\\/www.organisator.ch\\\/\",\"logo\":{\"@type\":\"ImageObject\",\"inLanguage\":\"de\",\"@id\":\"https:\\\/\\\/www.organisator.ch\\\/#\\\/schema\\\/logo\\\/image\\\/\",\"url\":\"https:\\\/\\\/www.organisator.ch\\\/wp-content\\\/uploads\\\/2022\\\/01\\\/Logo_Organisator_Website.png\",\"contentUrl\":\"https:\\\/\\\/www.organisator.ch\\\/wp-content\\\/uploads\\\/2022\\\/01\\\/Logo_Organisator_Website.png\",\"width\":800,\"height\":77,\"caption\":\"Organisator\"},\"image\":{\"@id\":\"https:\\\/\\\/www.organisator.ch\\\/#\\\/schema\\\/logo\\\/image\\\/\"},\"sameAs\":[\"https:\\\/\\\/www.facebook.com\\\/OrganisatorFachmagazin\",\"https:\\\/\\\/www.linkedin.com\\\/showcase\\\/organisator-das-magazin-fr-kmu\",\"https:\\\/\\\/www.xing.com\\\/news\\\/pages\\\/organisator-ch-695\",\"https:\\\/\\\/www.youtube.com\\\/channel\\\/UCGP2Sq0iWaZwT3BdIAQFYpw\"]},{\"@type\":\"Person\",\"@id\":\"https:\\\/\\\/www.organisator.ch\\\/#\\\/schema\\\/person\\\/2e1314a2172123f874db408d8911d3f3\",\"name\":\"Adelisa Kalajdzini\",\"image\":{\"@type\":\"ImageObject\",\"inLanguage\":\"de\",\"@id\":\"https:\\\/\\\/secure.gravatar.com\\\/avatar\\\/09a397c22ac58cad6f160ee8306348599df9df58a8ede73696226897b9fa4b24?s=96&d=mm&r=g\",\"url\":\"https:\\\/\\\/secure.gravatar.com\\\/avatar\\\/09a397c22ac58cad6f160ee8306348599df9df58a8ede73696226897b9fa4b24?s=96&d=mm&r=g\",\"contentUrl\":\"https:\\\/\\\/secure.gravatar.com\\\/avatar\\\/09a397c22ac58cad6f160ee8306348599df9df58a8ede73696226897b9fa4b24?s=96&d=mm&r=g\",\"caption\":\"Adelisa Kalajdzini\"},\"url\":\"https:\\\/\\\/www.organisator.ch\\\/de\\\/author\\\/adelisa-kalajdzini\\\/\"}]}<\/script>\n<!-- \/ Yoast SEO plugin. -->","yoast_head_json":{"title":"Cybersecurity-Report: Die Unternehmen rechnen mit Cyberangriffen - Organisator","description":"Commvault\/IDC haben den \u201eThe Cyber-Resilient Organization: Maximum Preparedness with Bullet-Proof Recovery Survey\u201c Bericht ver\u00f6ffentlicht.","robots":{"index":"index","follow":"follow","max-snippet":"max-snippet:-1","max-image-preview":"max-image-preview:large","max-video-preview":"max-video-preview:-1"},"canonical":"https:\/\/www.organisator.ch\/de\/management\/2023-10-18\/cybersecurity-report-die-unternehmen-rechnen-mit-cyberangriffen\/","og_locale":"de_DE","og_type":"article","og_title":"Cybersecurity-Report: Die Unternehmen rechnen mit Cyberangriffen","og_description":"Commvault\/IDC haben den \u201eThe Cyber-Resilient Organization: Maximum Preparedness with Bullet-Proof Recovery Survey\u201c Bericht ver\u00f6ffentlicht.","og_url":"https:\/\/www.organisator.ch\/de\/management\/2023-10-18\/cybersecurity-report-die-unternehmen-rechnen-mit-cyberangriffen\/","og_site_name":"Organisator","article_publisher":"https:\/\/www.facebook.com\/OrganisatorFachmagazin","article_published_time":"2023-10-18T12:52:34+00:00","article_modified_time":"2023-10-18T12:56:21+00:00","og_image":[{"width":680,"height":543,"url":"https:\/\/www.organisator.ch\/wp-content\/uploads\/2023\/10\/IDC-Cybersecurity_Bild1_ps.jpg","type":"image\/jpeg"}],"author":"Adelisa Kalajdzini","twitter_card":"summary_large_image","twitter_title":"Cybersecurity-Report: Die Unternehmen rechnen mit Cyberangriffen","twitter_description":"#Commvault\/IDC haben den \u201eThe Cyber-Resilient Organization: Maximum Preparedness with Bullet-Proof Recovery Survey\u201c #Bericht ver\u00f6ffentlicht.","twitter_image":"https:\/\/www.organisator.ch\/wp-content\/uploads\/2023\/10\/IDC-Cybersecurity_Bild1_ps.jpg","schema":{"@context":"https:\/\/schema.org","@graph":[{"@type":"Article","@id":"https:\/\/www.organisator.ch\/management\/2023-10-18\/cybersecurity-report-die-unternehmen-rechnen-mit-cyberangriffen\/#article","isPartOf":{"@id":"https:\/\/www.organisator.ch\/management\/2023-10-18\/cybersecurity-report-die-unternehmen-rechnen-mit-cyberangriffen\/"},"author":{"name":"Adelisa Kalajdzini","@id":"https:\/\/www.organisator.ch\/#\/schema\/person\/2e1314a2172123f874db408d8911d3f3"},"headline":"Cybersecurity-Report: Die Unternehmen rechnen mit Cyberangriffen","datePublished":"2023-10-18T12:52:34+00:00","dateModified":"2023-10-18T12:56:21+00:00","mainEntityOfPage":{"@id":"https:\/\/www.organisator.ch\/management\/2023-10-18\/cybersecurity-report-die-unternehmen-rechnen-mit-cyberangriffen\/"},"wordCount":716,"publisher":{"@id":"https:\/\/www.organisator.ch\/#organization"},"image":{"@id":"https:\/\/www.organisator.ch\/management\/2023-10-18\/cybersecurity-report-die-unternehmen-rechnen-mit-cyberangriffen\/#primaryimage"},"thumbnailUrl":"https:\/\/www.organisator.ch\/wp-content\/uploads\/2023\/10\/IDC-Cybersecurity_Bild1_ps.jpg","keywords":["Cyber-Crime","IT","Management","Studie","Unternehmen"],"articleSection":["MANAGEMENT"],"inLanguage":"de"},{"@type":"WebPage","@id":"https:\/\/www.organisator.ch\/management\/2023-10-18\/cybersecurity-report-die-unternehmen-rechnen-mit-cyberangriffen\/","url":"https:\/\/www.organisator.ch\/management\/2023-10-18\/cybersecurity-report-die-unternehmen-rechnen-mit-cyberangriffen\/","name":"Cybersecurity-Report: Die Unternehmen rechnen mit Cyberangriffen - Organisator","isPartOf":{"@id":"https:\/\/www.organisator.ch\/#website"},"primaryImageOfPage":{"@id":"https:\/\/www.organisator.ch\/management\/2023-10-18\/cybersecurity-report-die-unternehmen-rechnen-mit-cyberangriffen\/#primaryimage"},"image":{"@id":"https:\/\/www.organisator.ch\/management\/2023-10-18\/cybersecurity-report-die-unternehmen-rechnen-mit-cyberangriffen\/#primaryimage"},"thumbnailUrl":"https:\/\/www.organisator.ch\/wp-content\/uploads\/2023\/10\/IDC-Cybersecurity_Bild1_ps.jpg","datePublished":"2023-10-18T12:52:34+00:00","dateModified":"2023-10-18T12:56:21+00:00","description":"Commvault\/IDC haben den \u201eThe Cyber-Resilient Organization: Maximum Preparedness with Bullet-Proof Recovery Survey\u201c Bericht ver\u00f6ffentlicht.","breadcrumb":{"@id":"https:\/\/www.organisator.ch\/management\/2023-10-18\/cybersecurity-report-die-unternehmen-rechnen-mit-cyberangriffen\/#breadcrumb"},"inLanguage":"de","potentialAction":[{"@type":"ReadAction","target":["https:\/\/www.organisator.ch\/management\/2023-10-18\/cybersecurity-report-die-unternehmen-rechnen-mit-cyberangriffen\/"]}]},{"@type":"ImageObject","inLanguage":"de","@id":"https:\/\/www.organisator.ch\/management\/2023-10-18\/cybersecurity-report-die-unternehmen-rechnen-mit-cyberangriffen\/#primaryimage","url":"https:\/\/www.organisator.ch\/wp-content\/uploads\/2023\/10\/IDC-Cybersecurity_Bild1_ps.jpg","contentUrl":"https:\/\/www.organisator.ch\/wp-content\/uploads\/2023\/10\/IDC-Cybersecurity_Bild1_ps.jpg","width":680,"height":543,"caption":"Commvault\/IDC-Bericht mit dem Titel \u201eThe Cyber-Resilient Organization: Maximum Preparedness with Bullet-Proof Recovery Survey\u201c. (Bild: www.pixabay.com)"},{"@type":"BreadcrumbList","@id":"https:\/\/www.organisator.ch\/management\/2023-10-18\/cybersecurity-report-die-unternehmen-rechnen-mit-cyberangriffen\/#breadcrumb","itemListElement":[{"@type":"ListItem","position":1,"name":"Home","item":"https:\/\/www.organisator.ch\/"},{"@type":"ListItem","position":2,"name":"Cybersecurity-Report: Die Unternehmen rechnen mit Cyberangriffen"}]},{"@type":"WebSite","@id":"https:\/\/www.organisator.ch\/#website","url":"https:\/\/www.organisator.ch\/","name":"Organisator","description":"Kompetent. Praxisnah. Der ORGANISATOR bereitet in 10 Ausgaben pro Jahr die wesentlichen Themen f\u00fcr F\u00fchrungskr\u00e4fte von KMU auf.","publisher":{"@id":"https:\/\/www.organisator.ch\/#organization"},"potentialAction":[{"@type":"SearchAction","target":{"@type":"EntryPoint","urlTemplate":"https:\/\/www.organisator.ch\/?s={search_term_string}"},"query-input":{"@type":"PropertyValueSpecification","valueRequired":true,"valueName":"search_term_string"}}],"inLanguage":"de"},{"@type":"Organization","@id":"https:\/\/www.organisator.ch\/#organization","name":"Organisator","url":"https:\/\/www.organisator.ch\/","logo":{"@type":"ImageObject","inLanguage":"de","@id":"https:\/\/www.organisator.ch\/#\/schema\/logo\/image\/","url":"https:\/\/www.organisator.ch\/wp-content\/uploads\/2022\/01\/Logo_Organisator_Website.png","contentUrl":"https:\/\/www.organisator.ch\/wp-content\/uploads\/2022\/01\/Logo_Organisator_Website.png","width":800,"height":77,"caption":"Organisator"},"image":{"@id":"https:\/\/www.organisator.ch\/#\/schema\/logo\/image\/"},"sameAs":["https:\/\/www.facebook.com\/OrganisatorFachmagazin","https:\/\/www.linkedin.com\/showcase\/organisator-das-magazin-fr-kmu","https:\/\/www.xing.com\/news\/pages\/organisator-ch-695","https:\/\/www.youtube.com\/channel\/UCGP2Sq0iWaZwT3BdIAQFYpw"]},{"@type":"Person","@id":"https:\/\/www.organisator.ch\/#\/schema\/person\/2e1314a2172123f874db408d8911d3f3","name":"Adelisa Kalajdzini","image":{"@type":"ImageObject","inLanguage":"de","@id":"https:\/\/secure.gravatar.com\/avatar\/09a397c22ac58cad6f160ee8306348599df9df58a8ede73696226897b9fa4b24?s=96&d=mm&r=g","url":"https:\/\/secure.gravatar.com\/avatar\/09a397c22ac58cad6f160ee8306348599df9df58a8ede73696226897b9fa4b24?s=96&d=mm&r=g","contentUrl":"https:\/\/secure.gravatar.com\/avatar\/09a397c22ac58cad6f160ee8306348599df9df58a8ede73696226897b9fa4b24?s=96&d=mm&r=g","caption":"Adelisa Kalajdzini"},"url":"https:\/\/www.organisator.ch\/de\/author\/adelisa-kalajdzini\/"}]}},"_links":{"self":[{"href":"https:\/\/www.organisator.ch\/de\/wp-json\/wp\/v2\/posts\/22414","targetHints":{"allow":["GET"]}}],"collection":[{"href":"https:\/\/www.organisator.ch\/de\/wp-json\/wp\/v2\/posts"}],"about":[{"href":"https:\/\/www.organisator.ch\/de\/wp-json\/wp\/v2\/types\/post"}],"author":[{"embeddable":true,"href":"https:\/\/www.organisator.ch\/de\/wp-json\/wp\/v2\/users\/58"}],"replies":[{"embeddable":true,"href":"https:\/\/www.organisator.ch\/de\/wp-json\/wp\/v2\/comments?post=22414"}],"version-history":[{"count":2,"href":"https:\/\/www.organisator.ch\/de\/wp-json\/wp\/v2\/posts\/22414\/revisions"}],"predecessor-version":[{"id":22417,"href":"https:\/\/www.organisator.ch\/de\/wp-json\/wp\/v2\/posts\/22414\/revisions\/22417"}],"wp:featuredmedia":[{"embeddable":true,"href":"https:\/\/www.organisator.ch\/de\/wp-json\/wp\/v2\/media\/22415"}],"wp:attachment":[{"href":"https:\/\/www.organisator.ch\/de\/wp-json\/wp\/v2\/media?parent=22414"}],"wp:term":[{"taxonomy":"category","embeddable":true,"href":"https:\/\/www.organisator.ch\/de\/wp-json\/wp\/v2\/categories?post=22414"},{"taxonomy":"post_tag","embeddable":true,"href":"https:\/\/www.organisator.ch\/de\/wp-json\/wp\/v2\/tags?post=22414"}],"curies":[{"name":"wp","href":"https:\/\/api.w.org\/{rel}","templated":true}]}}