{"id":22451,"date":"2023-10-20T10:20:12","date_gmt":"2023-10-20T08:20:12","guid":{"rendered":"https:\/\/www.organisator.ch\/?p=22451"},"modified":"2023-10-20T09:10:52","modified_gmt":"2023-10-20T07:10:52","slug":"pr-weiterbildungswunsch-bei-data-analytics-und-nachhaltigkeitskommunikation","status":"publish","type":"post","link":"https:\/\/www.organisator.ch\/de\/weiterbildung\/2023-10-20\/pr-weiterbildungswunsch-bei-data-analytics-und-nachhaltigkeitskommunikation\/","title":{"rendered":"PR-Weiterbildungswunsch bei Data Analytics und Nachhaltigkeitskommunikation"},"content":{"rendered":"<figure id=\"attachment_22454\" aria-describedby=\"caption-attachment-22454\" style=\"width: 680px\" class=\"wp-caption alignnone\"><img loading=\"lazy\" decoding=\"async\" class=\"size-full wp-image-22454\" src=\"https:\/\/www.organisator.ch\/wp-content\/uploads\/2023\/10\/newsaktuell_Bild1_ps.jpg\" alt=\"\" width=\"680\" height=\"615\" srcset=\"https:\/\/www.organisator.ch\/wp-content\/uploads\/2023\/10\/newsaktuell_Bild1_ps.jpg 680w, https:\/\/www.organisator.ch\/wp-content\/uploads\/2023\/10\/newsaktuell_Bild1_ps-13x12.jpg 13w, https:\/\/www.organisator.ch\/wp-content\/uploads\/2023\/10\/newsaktuell_Bild1_ps-332x300.jpg 332w, https:\/\/www.organisator.ch\/wp-content\/uploads\/2023\/10\/newsaktuell_Bild1_ps-387x350.jpg 387w\" sizes=\"auto, (max-width: 680px) 100vw, 680px\" \/><figcaption id=\"caption-attachment-22454\" class=\"wp-caption-text\">In den Bereichen Data Analytics und Nachhaltigkeitskommunikation w\u00fcnschen sich PR-Mitarbeitende am h\u00e4ufigsten Weiterbildungen. (Bild: www.newsaktuell.ch)<\/figcaption><\/figure>\n<h3><strong>Weiterbildung bei Daten- und Nachhaltigkeitsthemen<\/strong><\/h3>\n<p>Auf Platz 1 der am dringendsten ben\u00f6tigten F\u00e4higkeiten stehen Skills mit technischem Anspruch: Knapp jeder zweite Befragte w\u00fcnscht sich im Bereich Data Analytics eine Fortbildung (48 Prozent). Auf Platz 2 folgt Nachhaltigkeitskommunikation (37 Prozent). Knapp dahinter steht der Wunsch, sich in der Produktion von Multimedia-Content weiterzubilden (36 Prozent). Knapp jeder dritte Befragte erachtet einen Ausbau seiner Skills in den Bereichen Social-Media-Management (29 Prozent) sowie Strategie und Konzeption (28 Prozent) f\u00fcr sinnvoll.<\/p>\n<p>Eher weniger Weiterbildungsbedarf sehen die Befragten hingegen bei Projektmanagement-Kompetenzen, interner Kommunikation (jeweils 13 Prozent) sowie Paid Media und Marktforschung (jeweils 12 Prozent). Die klassischen Kommunikationsbereiche Textkompetenz (9 Prozent) und Medienarbeit (8 Prozent) werden am wenigsten nachgefragt.<\/p>\n<h3><strong>Aktuelle Weiterbildungsangebote der Unternehmen nicht mehr zeitgem\u00e4ss<\/strong><\/h3>\n<p>Zwar f\u00f6rdert die grosse Mehrheit der Unternehmen die Verbesserung von Skills, nur in gut jedem Zehnten werden bisher keine Weiterbildungsmassnahmen angeboten (13 Prozent). Doch in einigen Bereichen geht die F\u00f6rderung am Bedarf vorbei. Obwohl eine pers\u00f6nliche Weiterbildung in Datenerhebung und Datenauswertung am dringlichsten gebraucht wird, machen bisher nur wenige Unternehmen ihre Kommunikationsabteilungen in Sachen Data Analytics fit. Bei knapp jedem zweiten Befragten gibt es hier eine Nachfrage (48 Prozent), doch nur jedes vierte Unternehmen bietet Trainings in Sachen Daten-Know-how an (24 Prozent). Auch beim Thema Nachhaltigkeitskommunikation gibt es ein grosses Gap zwischen pers\u00f6nlichem Bedarf und F\u00f6rderung durch das Unternehmen: 37 Prozent w\u00fcnschen sich hier Unterst\u00fctzung, nur 26 Prozent erhalten sie aktiv in Form von Weiterbildungen.<\/p>\n<p>In den klassischen Kommunikationsdisziplinen investieren die Unternehmen viel in Fortbildung, obwohl der Bedarf nach Meinung der Befragten eher gering ausf\u00e4llt: So f\u00f6rdert fast jedes dritte Unternehmen Textkompetenz (29 Prozent), obwohl nur jeder zehnte PR-Profi pers\u00f6nlich in diesem Bereich Bedarf sieht (9 Prozent). \u00c4hnlich gross ist der Kontrast bei der Medienarbeit, bei der jedes vierte Unternehmen Weiterbildung anbietet (26 Prozent), aber nur 8 Prozent es f\u00fcr sinnvoll erachten, hier ihre Skills weiter zu verbessern. Auch f\u00fcr Projektmanagement stellt knapp jedes dritte Unternehmen Trainings zur Verf\u00fcgung (28 Prozent), obwohl nur gut jeder Zehnte Bedarf darin hat (13 Prozent).<\/p>\n<h3><strong>Unternehmen noch nicht f\u00fcr die Zukunft ger\u00fcstet<\/strong><\/h3>\n<p>Die Diskrepanz zwischen individuellem Weiterbildungsbedarf und tats\u00e4chlichem Weiterbildungsangebot der Unternehmen spiegelt sich auch in den Antworten der Befragten zu den zuk\u00fcnftigen Top-Kompetenzen der PR-Branche wider. Demnach wird die Kommunikation zu Nachhaltigkeit f\u00fcr 41 Prozent der Befragten in den kommenden zwei Jahren viel wichtiger. Auch technische Skills \u2013 insbesondere Datenerhebung und -auswertung &#8211; werden zuk\u00fcnftig viel an Bedeutung gewinnen, davon geht jeder dritte PR-Profi aus (32 Prozent). Doch ebenso nimmt die Relevanz bestimmter Softskills sehr zu. So r\u00fccken nach Meinung der PR-Profis zuk\u00fcnftig die F\u00e4higkeit kritisch zu denken (36 Prozent) und sich neugierig auf Ver\u00e4nderungen einzulassen (33 Prozent) viel st\u00e4rker in den Fokus. Auch die emotionale Intelligenz wird f\u00fcr jeden vierten befragten Kommunikationsprofi stark an Bedeutung zunehmen (25 Prozent).<\/p>\n<p>Kein grosser Bedeutungszuwachs wird hingegen der klassischen Medienarbeit zugeschrieben. Nur 6 Prozent glauben, dass diese Kompetenz in den kommenden zwei Jahren viel wichtiger wird. Allerdings schreibt ihr die Mehrheit der Befragten auch weiterhin eine gleichbleibende Bedeutung im Skill-Koffer zu (54 Prozent). \u00c4hnlich verh\u00e4lt es sich mit der Textkompetenz. Nur f\u00fcr 12 Prozent wird diese F\u00e4higkeit zuk\u00fcnftig viel wichtiger, 43 Prozent gehen aber davon aus, dass die Arbeit an Texten nicht an Bedeutung verlieren wird.<\/p>\n<p><em>Quelle:<\/em> <a href=\"https:\/\/www.newsaktuell.ch\/\">www.newsaktuell.ch\u00a0<\/a><\/p>\n","protected":false},"excerpt":{"rendered":"<p>In den Bereichen Data Analytics und Nachhaltigkeitskommunikation w\u00fcnschen sich PR-Mitarbeitende am h\u00e4ufigsten Weiterbildungen. Doch bisher gibt es nur wenige Angebote dazu von Unternehmen. Dabei geh\u00f6ren Daten-Know-how und Nachhaltigkeitskommunikation zu den Top-Kompetenzen der Zukunft. Zu diesem Ergebnis kommt der aktuelle PR-Trendmonitor der dpa-Tochter news aktuell und PER. An der Befragung haben 297 PR-Fach- und F\u00fchrungskr\u00e4fte aus der Schweiz und aus Deutschland teilgenommen.<\/p>\n","protected":false},"author":58,"featured_media":22454,"comment_status":"closed","ping_status":"closed","sticky":false,"template":"","format":"standard","meta":{"_acf_changed":false,"_yoast_wpseo_focuskw":"PR-Weiterbildungswunsch","_yoast_wpseo_metadesc":"In den Bereichen Data Analytics und Nachhaltigkeitskommunikation w\u00fcnschen sich PR-Mitarbeitende am h\u00e4ufigsten Weiterbildungen.","articlekey":"","footnotes":""},"categories":[30],"tags":[51,62,156,487,492],"class_list":["post-22451","post","type-post","status-publish","format-standard","has-post-thumbnail","hentry","category-weiterbildung","tag-arbeitsplatzgestaltung","tag-aus-weiterbildung","tag-digitalisierung","tag-umfrage","tag-unternehmen"],"acf":[],"yoast_head":"<!-- This site is optimized with the Yoast SEO plugin v27.5 - https:\/\/yoast.com\/product\/yoast-seo-wordpress\/ -->\n<title>PR-Weiterbildungswunsch bei Data Analytics und Nachhaltigkeitskommunikation - Organisator<\/title>\n<meta name=\"description\" content=\"In den Bereichen Data Analytics und Nachhaltigkeitskommunikation w\u00fcnschen sich PR-Mitarbeitende am h\u00e4ufigsten Weiterbildungen.\" \/>\n<meta name=\"robots\" content=\"index, follow, max-snippet:-1, max-image-preview:large, max-video-preview:-1\" \/>\n<link rel=\"canonical\" href=\"https:\/\/www.organisator.ch\/de\/weiterbildung\/2023-10-20\/pr-weiterbildungswunsch-bei-data-analytics-und-nachhaltigkeitskommunikation\/\" \/>\n<meta property=\"og:locale\" content=\"de_DE\" \/>\n<meta property=\"og:type\" content=\"article\" \/>\n<meta property=\"og:title\" content=\"PR-Weiterbildungswunsch bei Data Analytics und Nachhaltigkeitskommunikation\" \/>\n<meta property=\"og:description\" content=\"In den Bereichen Data Analytics und Nachhaltigkeitskommunikation w\u00fcnschen sich PR-Mitarbeitende am h\u00e4ufigsten Weiterbildungen.\" \/>\n<meta property=\"og:url\" content=\"https:\/\/www.organisator.ch\/de\/weiterbildung\/2023-10-20\/pr-weiterbildungswunsch-bei-data-analytics-und-nachhaltigkeitskommunikation\/\" \/>\n<meta property=\"og:site_name\" content=\"Organisator\" \/>\n<meta property=\"article:publisher\" content=\"https:\/\/www.facebook.com\/OrganisatorFachmagazin\" \/>\n<meta property=\"article:published_time\" content=\"2023-10-20T08:20:12+00:00\" \/>\n<meta property=\"og:image\" content=\"https:\/\/www.organisator.ch\/wp-content\/uploads\/2023\/10\/newsaktuell_Bild1_ps.jpg\" \/>\n\t<meta property=\"og:image:width\" content=\"680\" \/>\n\t<meta property=\"og:image:height\" content=\"615\" \/>\n\t<meta property=\"og:image:type\" content=\"image\/jpeg\" \/>\n<meta name=\"author\" content=\"Adelisa Kalajdzini\" \/>\n<meta name=\"twitter:card\" content=\"summary_large_image\" \/>\n<meta name=\"twitter:title\" content=\"PR-Weiterbildungswunsch bei Data Analytics und Nachhaltigkeitskommunikation\" \/>\n<meta name=\"twitter:description\" content=\"In den Bereichen #Data Analytics und #Nachhaltigkeitskommunikation w\u00fcnschen sich #PR-Mitarbeitende am h\u00e4ufigsten Weiterbildungen.\" \/>\n<meta name=\"twitter:image\" content=\"https:\/\/www.organisator.ch\/wp-content\/uploads\/2023\/10\/newsaktuell_Bild1_ps.jpg\" \/>\n<script type=\"application\/ld+json\" class=\"yoast-schema-graph\">{\"@context\":\"https:\\\/\\\/schema.org\",\"@graph\":[{\"@type\":\"Article\",\"@id\":\"https:\\\/\\\/www.organisator.ch\\\/weiterbildung\\\/2023-10-20\\\/pr-weiterbildungswunsch-bei-data-analytics-und-nachhaltigkeitskommunikation\\\/#article\",\"isPartOf\":{\"@id\":\"https:\\\/\\\/www.organisator.ch\\\/weiterbildung\\\/2023-10-20\\\/pr-weiterbildungswunsch-bei-data-analytics-und-nachhaltigkeitskommunikation\\\/\"},\"author\":{\"name\":\"Adelisa Kalajdzini\",\"@id\":\"https:\\\/\\\/www.organisator.ch\\\/#\\\/schema\\\/person\\\/2e1314a2172123f874db408d8911d3f3\"},\"headline\":\"PR-Weiterbildungswunsch bei Data Analytics und Nachhaltigkeitskommunikation\",\"datePublished\":\"2023-10-20T08:20:12+00:00\",\"mainEntityOfPage\":{\"@id\":\"https:\\\/\\\/www.organisator.ch\\\/weiterbildung\\\/2023-10-20\\\/pr-weiterbildungswunsch-bei-data-analytics-und-nachhaltigkeitskommunikation\\\/\"},\"wordCount\":567,\"publisher\":{\"@id\":\"https:\\\/\\\/www.organisator.ch\\\/#organization\"},\"image\":{\"@id\":\"https:\\\/\\\/www.organisator.ch\\\/weiterbildung\\\/2023-10-20\\\/pr-weiterbildungswunsch-bei-data-analytics-und-nachhaltigkeitskommunikation\\\/#primaryimage\"},\"thumbnailUrl\":\"https:\\\/\\\/www.organisator.ch\\\/wp-content\\\/uploads\\\/2023\\\/10\\\/newsaktuell_Bild1_ps.jpg\",\"keywords\":[\"Arbeitsplatzgestaltung\",\"Aus-\\\/Weiterbildung\",\"Digitalisierung\",\"Umfrage\",\"Unternehmen\"],\"articleSection\":[\"WEITERBILDUNG\"],\"inLanguage\":\"de\"},{\"@type\":\"WebPage\",\"@id\":\"https:\\\/\\\/www.organisator.ch\\\/weiterbildung\\\/2023-10-20\\\/pr-weiterbildungswunsch-bei-data-analytics-und-nachhaltigkeitskommunikation\\\/\",\"url\":\"https:\\\/\\\/www.organisator.ch\\\/weiterbildung\\\/2023-10-20\\\/pr-weiterbildungswunsch-bei-data-analytics-und-nachhaltigkeitskommunikation\\\/\",\"name\":\"PR-Weiterbildungswunsch bei Data Analytics und Nachhaltigkeitskommunikation - Organisator\",\"isPartOf\":{\"@id\":\"https:\\\/\\\/www.organisator.ch\\\/#website\"},\"primaryImageOfPage\":{\"@id\":\"https:\\\/\\\/www.organisator.ch\\\/weiterbildung\\\/2023-10-20\\\/pr-weiterbildungswunsch-bei-data-analytics-und-nachhaltigkeitskommunikation\\\/#primaryimage\"},\"image\":{\"@id\":\"https:\\\/\\\/www.organisator.ch\\\/weiterbildung\\\/2023-10-20\\\/pr-weiterbildungswunsch-bei-data-analytics-und-nachhaltigkeitskommunikation\\\/#primaryimage\"},\"thumbnailUrl\":\"https:\\\/\\\/www.organisator.ch\\\/wp-content\\\/uploads\\\/2023\\\/10\\\/newsaktuell_Bild1_ps.jpg\",\"datePublished\":\"2023-10-20T08:20:12+00:00\",\"description\":\"In den Bereichen Data Analytics und Nachhaltigkeitskommunikation w\u00fcnschen sich PR-Mitarbeitende am h\u00e4ufigsten Weiterbildungen.\",\"breadcrumb\":{\"@id\":\"https:\\\/\\\/www.organisator.ch\\\/weiterbildung\\\/2023-10-20\\\/pr-weiterbildungswunsch-bei-data-analytics-und-nachhaltigkeitskommunikation\\\/#breadcrumb\"},\"inLanguage\":\"de\",\"potentialAction\":[{\"@type\":\"ReadAction\",\"target\":[\"https:\\\/\\\/www.organisator.ch\\\/weiterbildung\\\/2023-10-20\\\/pr-weiterbildungswunsch-bei-data-analytics-und-nachhaltigkeitskommunikation\\\/\"]}]},{\"@type\":\"ImageObject\",\"inLanguage\":\"de\",\"@id\":\"https:\\\/\\\/www.organisator.ch\\\/weiterbildung\\\/2023-10-20\\\/pr-weiterbildungswunsch-bei-data-analytics-und-nachhaltigkeitskommunikation\\\/#primaryimage\",\"url\":\"https:\\\/\\\/www.organisator.ch\\\/wp-content\\\/uploads\\\/2023\\\/10\\\/newsaktuell_Bild1_ps.jpg\",\"contentUrl\":\"https:\\\/\\\/www.organisator.ch\\\/wp-content\\\/uploads\\\/2023\\\/10\\\/newsaktuell_Bild1_ps.jpg\",\"width\":680,\"height\":615,\"caption\":\"In den Bereichen Data Analytics und Nachhaltigkeitskommunikation w\u00fcnschen sich PR-Schaffende am h\u00e4ufigsten Weiterbildungen. (Bild: www.newsaktuell.ch)\"},{\"@type\":\"BreadcrumbList\",\"@id\":\"https:\\\/\\\/www.organisator.ch\\\/weiterbildung\\\/2023-10-20\\\/pr-weiterbildungswunsch-bei-data-analytics-und-nachhaltigkeitskommunikation\\\/#breadcrumb\",\"itemListElement\":[{\"@type\":\"ListItem\",\"position\":1,\"name\":\"Home\",\"item\":\"https:\\\/\\\/www.organisator.ch\\\/\"},{\"@type\":\"ListItem\",\"position\":2,\"name\":\"PR-Weiterbildungswunsch bei Data Analytics und Nachhaltigkeitskommunikation\"}]},{\"@type\":\"WebSite\",\"@id\":\"https:\\\/\\\/www.organisator.ch\\\/#website\",\"url\":\"https:\\\/\\\/www.organisator.ch\\\/\",\"name\":\"Organisator\",\"description\":\"Kompetent. Praxisnah. Der ORGANISATOR bereitet in 10 Ausgaben pro Jahr die wesentlichen Themen f\u00fcr F\u00fchrungskr\u00e4fte von KMU auf.\",\"publisher\":{\"@id\":\"https:\\\/\\\/www.organisator.ch\\\/#organization\"},\"potentialAction\":[{\"@type\":\"SearchAction\",\"target\":{\"@type\":\"EntryPoint\",\"urlTemplate\":\"https:\\\/\\\/www.organisator.ch\\\/?s={search_term_string}\"},\"query-input\":{\"@type\":\"PropertyValueSpecification\",\"valueRequired\":true,\"valueName\":\"search_term_string\"}}],\"inLanguage\":\"de\"},{\"@type\":\"Organization\",\"@id\":\"https:\\\/\\\/www.organisator.ch\\\/#organization\",\"name\":\"Organisator\",\"url\":\"https:\\\/\\\/www.organisator.ch\\\/\",\"logo\":{\"@type\":\"ImageObject\",\"inLanguage\":\"de\",\"@id\":\"https:\\\/\\\/www.organisator.ch\\\/#\\\/schema\\\/logo\\\/image\\\/\",\"url\":\"https:\\\/\\\/www.organisator.ch\\\/wp-content\\\/uploads\\\/2022\\\/01\\\/Logo_Organisator_Website.png\",\"contentUrl\":\"https:\\\/\\\/www.organisator.ch\\\/wp-content\\\/uploads\\\/2022\\\/01\\\/Logo_Organisator_Website.png\",\"width\":800,\"height\":77,\"caption\":\"Organisator\"},\"image\":{\"@id\":\"https:\\\/\\\/www.organisator.ch\\\/#\\\/schema\\\/logo\\\/image\\\/\"},\"sameAs\":[\"https:\\\/\\\/www.facebook.com\\\/OrganisatorFachmagazin\",\"https:\\\/\\\/www.linkedin.com\\\/showcase\\\/organisator-das-magazin-fr-kmu\",\"https:\\\/\\\/www.xing.com\\\/news\\\/pages\\\/organisator-ch-695\",\"https:\\\/\\\/www.youtube.com\\\/channel\\\/UCGP2Sq0iWaZwT3BdIAQFYpw\"]},{\"@type\":\"Person\",\"@id\":\"https:\\\/\\\/www.organisator.ch\\\/#\\\/schema\\\/person\\\/2e1314a2172123f874db408d8911d3f3\",\"name\":\"Adelisa Kalajdzini\",\"image\":{\"@type\":\"ImageObject\",\"inLanguage\":\"de\",\"@id\":\"https:\\\/\\\/secure.gravatar.com\\\/avatar\\\/09a397c22ac58cad6f160ee8306348599df9df58a8ede73696226897b9fa4b24?s=96&d=mm&r=g\",\"url\":\"https:\\\/\\\/secure.gravatar.com\\\/avatar\\\/09a397c22ac58cad6f160ee8306348599df9df58a8ede73696226897b9fa4b24?s=96&d=mm&r=g\",\"contentUrl\":\"https:\\\/\\\/secure.gravatar.com\\\/avatar\\\/09a397c22ac58cad6f160ee8306348599df9df58a8ede73696226897b9fa4b24?s=96&d=mm&r=g\",\"caption\":\"Adelisa Kalajdzini\"},\"url\":\"https:\\\/\\\/www.organisator.ch\\\/de\\\/author\\\/adelisa-kalajdzini\\\/\"}]}<\/script>\n<!-- \/ Yoast SEO plugin. -->","yoast_head_json":{"title":"PR-Weiterbildungswunsch bei Data Analytics und Nachhaltigkeitskommunikation - Organisator","description":"In den Bereichen Data Analytics und Nachhaltigkeitskommunikation w\u00fcnschen sich PR-Mitarbeitende am h\u00e4ufigsten Weiterbildungen.","robots":{"index":"index","follow":"follow","max-snippet":"max-snippet:-1","max-image-preview":"max-image-preview:large","max-video-preview":"max-video-preview:-1"},"canonical":"https:\/\/www.organisator.ch\/de\/weiterbildung\/2023-10-20\/pr-weiterbildungswunsch-bei-data-analytics-und-nachhaltigkeitskommunikation\/","og_locale":"de_DE","og_type":"article","og_title":"PR-Weiterbildungswunsch bei Data Analytics und Nachhaltigkeitskommunikation","og_description":"In den Bereichen Data Analytics und Nachhaltigkeitskommunikation w\u00fcnschen sich PR-Mitarbeitende am h\u00e4ufigsten Weiterbildungen.","og_url":"https:\/\/www.organisator.ch\/de\/weiterbildung\/2023-10-20\/pr-weiterbildungswunsch-bei-data-analytics-und-nachhaltigkeitskommunikation\/","og_site_name":"Organisator","article_publisher":"https:\/\/www.facebook.com\/OrganisatorFachmagazin","article_published_time":"2023-10-20T08:20:12+00:00","og_image":[{"width":680,"height":615,"url":"https:\/\/www.organisator.ch\/wp-content\/uploads\/2023\/10\/newsaktuell_Bild1_ps.jpg","type":"image\/jpeg"}],"author":"Adelisa Kalajdzini","twitter_card":"summary_large_image","twitter_title":"PR-Weiterbildungswunsch bei Data Analytics und Nachhaltigkeitskommunikation","twitter_description":"In den Bereichen #Data Analytics und #Nachhaltigkeitskommunikation w\u00fcnschen sich #PR-Mitarbeitende am h\u00e4ufigsten Weiterbildungen.","twitter_image":"https:\/\/www.organisator.ch\/wp-content\/uploads\/2023\/10\/newsaktuell_Bild1_ps.jpg","schema":{"@context":"https:\/\/schema.org","@graph":[{"@type":"Article","@id":"https:\/\/www.organisator.ch\/weiterbildung\/2023-10-20\/pr-weiterbildungswunsch-bei-data-analytics-und-nachhaltigkeitskommunikation\/#article","isPartOf":{"@id":"https:\/\/www.organisator.ch\/weiterbildung\/2023-10-20\/pr-weiterbildungswunsch-bei-data-analytics-und-nachhaltigkeitskommunikation\/"},"author":{"name":"Adelisa Kalajdzini","@id":"https:\/\/www.organisator.ch\/#\/schema\/person\/2e1314a2172123f874db408d8911d3f3"},"headline":"PR-Weiterbildungswunsch bei Data Analytics und Nachhaltigkeitskommunikation","datePublished":"2023-10-20T08:20:12+00:00","mainEntityOfPage":{"@id":"https:\/\/www.organisator.ch\/weiterbildung\/2023-10-20\/pr-weiterbildungswunsch-bei-data-analytics-und-nachhaltigkeitskommunikation\/"},"wordCount":567,"publisher":{"@id":"https:\/\/www.organisator.ch\/#organization"},"image":{"@id":"https:\/\/www.organisator.ch\/weiterbildung\/2023-10-20\/pr-weiterbildungswunsch-bei-data-analytics-und-nachhaltigkeitskommunikation\/#primaryimage"},"thumbnailUrl":"https:\/\/www.organisator.ch\/wp-content\/uploads\/2023\/10\/newsaktuell_Bild1_ps.jpg","keywords":["Arbeitsplatzgestaltung","Aus-\/Weiterbildung","Digitalisierung","Umfrage","Unternehmen"],"articleSection":["WEITERBILDUNG"],"inLanguage":"de"},{"@type":"WebPage","@id":"https:\/\/www.organisator.ch\/weiterbildung\/2023-10-20\/pr-weiterbildungswunsch-bei-data-analytics-und-nachhaltigkeitskommunikation\/","url":"https:\/\/www.organisator.ch\/weiterbildung\/2023-10-20\/pr-weiterbildungswunsch-bei-data-analytics-und-nachhaltigkeitskommunikation\/","name":"PR-Weiterbildungswunsch bei Data Analytics und Nachhaltigkeitskommunikation - Organisator","isPartOf":{"@id":"https:\/\/www.organisator.ch\/#website"},"primaryImageOfPage":{"@id":"https:\/\/www.organisator.ch\/weiterbildung\/2023-10-20\/pr-weiterbildungswunsch-bei-data-analytics-und-nachhaltigkeitskommunikation\/#primaryimage"},"image":{"@id":"https:\/\/www.organisator.ch\/weiterbildung\/2023-10-20\/pr-weiterbildungswunsch-bei-data-analytics-und-nachhaltigkeitskommunikation\/#primaryimage"},"thumbnailUrl":"https:\/\/www.organisator.ch\/wp-content\/uploads\/2023\/10\/newsaktuell_Bild1_ps.jpg","datePublished":"2023-10-20T08:20:12+00:00","description":"In den Bereichen Data Analytics und Nachhaltigkeitskommunikation w\u00fcnschen sich PR-Mitarbeitende am h\u00e4ufigsten Weiterbildungen.","breadcrumb":{"@id":"https:\/\/www.organisator.ch\/weiterbildung\/2023-10-20\/pr-weiterbildungswunsch-bei-data-analytics-und-nachhaltigkeitskommunikation\/#breadcrumb"},"inLanguage":"de","potentialAction":[{"@type":"ReadAction","target":["https:\/\/www.organisator.ch\/weiterbildung\/2023-10-20\/pr-weiterbildungswunsch-bei-data-analytics-und-nachhaltigkeitskommunikation\/"]}]},{"@type":"ImageObject","inLanguage":"de","@id":"https:\/\/www.organisator.ch\/weiterbildung\/2023-10-20\/pr-weiterbildungswunsch-bei-data-analytics-und-nachhaltigkeitskommunikation\/#primaryimage","url":"https:\/\/www.organisator.ch\/wp-content\/uploads\/2023\/10\/newsaktuell_Bild1_ps.jpg","contentUrl":"https:\/\/www.organisator.ch\/wp-content\/uploads\/2023\/10\/newsaktuell_Bild1_ps.jpg","width":680,"height":615,"caption":"In den Bereichen Data Analytics und Nachhaltigkeitskommunikation w\u00fcnschen sich PR-Schaffende am h\u00e4ufigsten Weiterbildungen. (Bild: www.newsaktuell.ch)"},{"@type":"BreadcrumbList","@id":"https:\/\/www.organisator.ch\/weiterbildung\/2023-10-20\/pr-weiterbildungswunsch-bei-data-analytics-und-nachhaltigkeitskommunikation\/#breadcrumb","itemListElement":[{"@type":"ListItem","position":1,"name":"Home","item":"https:\/\/www.organisator.ch\/"},{"@type":"ListItem","position":2,"name":"PR-Weiterbildungswunsch bei Data Analytics und Nachhaltigkeitskommunikation"}]},{"@type":"WebSite","@id":"https:\/\/www.organisator.ch\/#website","url":"https:\/\/www.organisator.ch\/","name":"Organisator","description":"Kompetent. Praxisnah. Der ORGANISATOR bereitet in 10 Ausgaben pro Jahr die wesentlichen Themen f\u00fcr F\u00fchrungskr\u00e4fte von KMU auf.","publisher":{"@id":"https:\/\/www.organisator.ch\/#organization"},"potentialAction":[{"@type":"SearchAction","target":{"@type":"EntryPoint","urlTemplate":"https:\/\/www.organisator.ch\/?s={search_term_string}"},"query-input":{"@type":"PropertyValueSpecification","valueRequired":true,"valueName":"search_term_string"}}],"inLanguage":"de"},{"@type":"Organization","@id":"https:\/\/www.organisator.ch\/#organization","name":"Organisator","url":"https:\/\/www.organisator.ch\/","logo":{"@type":"ImageObject","inLanguage":"de","@id":"https:\/\/www.organisator.ch\/#\/schema\/logo\/image\/","url":"https:\/\/www.organisator.ch\/wp-content\/uploads\/2022\/01\/Logo_Organisator_Website.png","contentUrl":"https:\/\/www.organisator.ch\/wp-content\/uploads\/2022\/01\/Logo_Organisator_Website.png","width":800,"height":77,"caption":"Organisator"},"image":{"@id":"https:\/\/www.organisator.ch\/#\/schema\/logo\/image\/"},"sameAs":["https:\/\/www.facebook.com\/OrganisatorFachmagazin","https:\/\/www.linkedin.com\/showcase\/organisator-das-magazin-fr-kmu","https:\/\/www.xing.com\/news\/pages\/organisator-ch-695","https:\/\/www.youtube.com\/channel\/UCGP2Sq0iWaZwT3BdIAQFYpw"]},{"@type":"Person","@id":"https:\/\/www.organisator.ch\/#\/schema\/person\/2e1314a2172123f874db408d8911d3f3","name":"Adelisa Kalajdzini","image":{"@type":"ImageObject","inLanguage":"de","@id":"https:\/\/secure.gravatar.com\/avatar\/09a397c22ac58cad6f160ee8306348599df9df58a8ede73696226897b9fa4b24?s=96&d=mm&r=g","url":"https:\/\/secure.gravatar.com\/avatar\/09a397c22ac58cad6f160ee8306348599df9df58a8ede73696226897b9fa4b24?s=96&d=mm&r=g","contentUrl":"https:\/\/secure.gravatar.com\/avatar\/09a397c22ac58cad6f160ee8306348599df9df58a8ede73696226897b9fa4b24?s=96&d=mm&r=g","caption":"Adelisa Kalajdzini"},"url":"https:\/\/www.organisator.ch\/de\/author\/adelisa-kalajdzini\/"}]}},"_links":{"self":[{"href":"https:\/\/www.organisator.ch\/de\/wp-json\/wp\/v2\/posts\/22451","targetHints":{"allow":["GET"]}}],"collection":[{"href":"https:\/\/www.organisator.ch\/de\/wp-json\/wp\/v2\/posts"}],"about":[{"href":"https:\/\/www.organisator.ch\/de\/wp-json\/wp\/v2\/types\/post"}],"author":[{"embeddable":true,"href":"https:\/\/www.organisator.ch\/de\/wp-json\/wp\/v2\/users\/58"}],"replies":[{"embeddable":true,"href":"https:\/\/www.organisator.ch\/de\/wp-json\/wp\/v2\/comments?post=22451"}],"version-history":[{"count":5,"href":"https:\/\/www.organisator.ch\/de\/wp-json\/wp\/v2\/posts\/22451\/revisions"}],"predecessor-version":[{"id":22457,"href":"https:\/\/www.organisator.ch\/de\/wp-json\/wp\/v2\/posts\/22451\/revisions\/22457"}],"wp:featuredmedia":[{"embeddable":true,"href":"https:\/\/www.organisator.ch\/de\/wp-json\/wp\/v2\/media\/22454"}],"wp:attachment":[{"href":"https:\/\/www.organisator.ch\/de\/wp-json\/wp\/v2\/media?parent=22451"}],"wp:term":[{"taxonomy":"category","embeddable":true,"href":"https:\/\/www.organisator.ch\/de\/wp-json\/wp\/v2\/categories?post=22451"},{"taxonomy":"post_tag","embeddable":true,"href":"https:\/\/www.organisator.ch\/de\/wp-json\/wp\/v2\/tags?post=22451"}],"curies":[{"name":"wp","href":"https:\/\/api.w.org\/{rel}","templated":true}]}}